{"id":634525,"date":"2023-05-31T18:09:00","date_gmt":"2023-05-31T15:09:00","guid":{"rendered":"http:\/\/devrri.freshlemon.ro\/aktuell\/nachrichten-31-05-2023-id634525.html"},"modified":"2023-05-31T18:09:00","modified_gmt":"2023-05-31T15:09:00","slug":"nachrichten-31-05-2023","status":"publish","type":"post","link":"https:\/\/www.rri.ro\/de\/aktuell\/newsflash-de\/nachrichten-31-05-2023-id634525.html","title":{"rendered":"Nachrichten 31.05.2023"},"content":{"rendered":"<p>Das neue Angebot der rum\u00e4nischen Regierung an die Lehrkr\u00e4fte wird den Gewerkschaftsmitgliedern vorgelegt, damit sie entscheiden k\u00f6nnen, ob der Streik fortgesetzt oder beendet wird, k\u00fcndigten f\u00fchrende Vertreter der Bildungsgewerkschaft am Mittwoch nach Gespr\u00e4chen mit Vertretern der Exekutive an. Die Regierung hat vorgeschlagen, bis Ende des Jahres einen monatlichen Bruttobetrag von 1.000 Lei (200 Euro) f\u00fcr jede Lehrerkategorie und 400 Lei (80 Euro) f\u00fcr nicht lehrendes Personal zu gew\u00e4hren. Au\u00dferdem soll eine Dringlichkeitsverordnung erlassen werden, um sicherzustellen, dass das Anfangsgehalt eines neuen Lehrers in der neuen Gehaltsskala dem durchschnittlichen Bruttogehalt in der Wirtschaft entspricht.<\/p>\n<p>&#13;<br \/>\n&#13;<\/p>\n<p>&#13;<br \/>\n&#13;<\/p>\n<p>Die Regierung erl\u00e4sst heute eine Dringlichkeitsverordnung \u00fcber die Zahlung von Entsch\u00e4digungen an Landwirte, die von der D\u00fcrre im vergangenen Fr\u00fchjahr betroffen waren. Die staatliche Beihilferegelung gilt f\u00fcr Landwirte, die Mais, Sonnenblumen, Sojabohnen und Erbsen angebaut haben, und wird in Form eines Zuschusses gew\u00e4hrt, der den Landwirten einen Teil ihrer Kosten von der Aussaat bis zur Ernte ersetzt.<\/p>\n<p>&#13;<br \/>\n&#13;<\/p>\n<p>&#13;<br \/>\n&#13;<\/p>\n<p>Die EU-Agrarminister, die sich im AGRIFISH-Rat trafen, haben es nicht geschafft, Hilfen in H\u00f6he von 100 Millionen Euro f\u00fcr Landwirte freizugeben, die von den ukrainischen Billigexporten von Getreide betroffen sind. Rum\u00e4nien ist eines der f\u00fcnf L\u00e4nder, die in den Genuss dieser Hilfe kommen k\u00f6nnten, und wird rund 30 Millionen Euro erhalten. Der EU-Agrarkommissar Ianusz Wojciechowski versicherte, dass die Hilfe freigegeben und die Situation \u00fcberwacht werde. Er sprach sich dagegen aus, den EU-Haushalt f\u00fcr den Kauf ukrainischen Getreides zu verwenden, um es sp\u00e4ter an das Weltern\u00e4hrungsprogramm zu liefern, da die Kosten daf\u00fcr dreimal so hoch w\u00e4ren wie die des Getreides selbst. Er ist der Meinung, dass das Geld langfristig besser f\u00fcr die Verbesserung der Infrastruktur, z.B. in Rum\u00e4nien, verwendet werden sollte und k\u00fcndigte an, dass er diesbez\u00fcglich Gespr\u00e4che mit der EU-Kommissarin f\u00fcr Verkehr und Infrastruktur Adina V\u0103lean f\u00fchren werde.<\/p>\n<p>&#13;<br \/>\n&#13;<\/p>\n<p>&#13;<br \/>\n&#13;<\/p>\n<p>Die Republik Moldau ist morgen Gastgeber des Gipfels der Europ\u00e4ischen Politischen Gemeinschaft, an dem 50 Staats- und Regierungschefs teilnehmen. Die Europ\u00e4ische Kommission ist durch ihre Pr\u00e4sidentin Ursula von der Leyen und den EU-Au\u00dfenbeauftragten Josep Borrell vertreten, die heute mit moldauischen Beamten zusammentreffen werden. Die wichtigsten Themen auf der Tagesordnung des Gipfels sind Sicherheit, Stabilit\u00e4t und Zusammenarbeit in Europa. Gestern beschloss der EU-Rat, die Finanzhilfe f\u00fcr die Republik Moldau von 150 auf 295 Millionen Euro zu verdoppeln.<\/p>\n<p>&#13;<br \/>\n&#13;<\/p>\n<p>&#13;<br \/>\n&#13;<\/p>\n<p>Die NATO hat ein zus\u00e4tzliches Kontingent von rund 700 Soldaten entsandt, nachdem 30 Mitglieder der internationalen Friedenstruppe KFOR bei den j\u00fcngsten Zusammenst\u00f6\u00dfen verwundet worden waren. Die Zahl der KFOR-Truppen im Kosovo bel\u00e4uft sich damit auf 4.500. Der Einsatz sei eine Vorsichtsma\u00dfnahme, um sicherzustellen, dass die KFOR \u00fcber die erforderlichen F\u00e4higkeiten zur Aufrechterhaltung der Sicherheit verf\u00fcge, erkl\u00e4rte das B\u00fcndnis. Der stellvertretende NATO-Generalsekret\u00e4r Mircea Geoana sagte, solche Angriffe seien v\u00f6llig inakzeptabel und betonte, die Gewalt m\u00fcsse sofort aufh\u00f6ren. Die Europ\u00e4ische Union forderte sowohl Serbien als auch die Republik Kosovo, die Rum\u00e4nien noch nicht anerkannt hat, auf, unverz\u00fcglich Ma\u00dfnahmen zum Abbau der Spannungen zu ergreifen. 11 italienische und 19 ungarische Soldaten der internationalen Friedenstruppen wurden bei Zusammenst\u00f6\u00dfen mit serbischen Demonstranten verwundet, die die Absetzung albanischer B\u00fcrgermeister forderten.<\/p>\n<p>&#13;<br \/>\n&#13;<\/p>\n<p>&#13;<br \/>\n&#13;<\/p>\n<p>Die Weltmeisterschaft der Rettungshunde 2023 wird vom 1. bis 4. Juni in Craiova, im S\u00fcden Rum\u00e4niens, stattfinden. Es ist die gr\u00f6\u00dfte Veranstaltung dieser Art des Internationalen Rettungshunde-Verbandes. Mehr als 60 Rettungshunde aus 10 L\u00e4ndern nehmen teil: \u00d6sterreich, Belgien, Estland, Frankreich, Italien, Japan, Rum\u00e4nien, Slowenien, Ukraine und die Niederlande. Die 19 besten Teams der Welt werden in verschiedenen Sektionen gegeneinander antreten: F\u00e4hrtenhunde, Tr\u00fcmmersuchhunde, Fl\u00e4chensuchhunde sowie eine Gehorsams- und Geschicklichkeits-Sektion. Craiova ist die erste Stadt der Welt, die f\u00fcnf Weltmeisterschaften f\u00fcr Rettungshunde organisiert hat (2009, 2016, 2021, 2022, 2023).<\/p>\n<p>&#13;<br \/>\n&#13;<\/p>\n<p>&#13;<br \/>\n&#13;<\/p>\n<p>Tennis. Die einzige rum\u00e4nische Tennisspielerin, die in Roland Garros noch im Wettbewerb steht, Irina Begu, trifft heute in der zweiten Runde auf die Italienerin Sara Errani. Am Dienstag war Sorana Cirstea in der ersten Runde gegen die Italienerin Jasmine Paolini ausgeschieden. Ebenfalls am Dienstag besiegte die kanadische Spielerin rum\u00e4nischer Herkunft Bianca Andreescu die Wei\u00dfrussin Victoria Azarenka in drei S\u00e4tzen.<\/p>\n<p>&#13;<br \/>\n&#13;<\/p>\n<p>&#13;<\/p>\n","protected":false},"excerpt":{"rendered":"<p>Das neue Angebot der rum\u00e4nischen Regierung an die Lehrkr\u00e4fte wird den Gewerkschaftsmitgliedern vorgelegt, damit sie entscheiden k\u00f6nnen, ob der Streik fortgesetzt oder beendet wird, k\u00fcndigten f\u00fchrende Vertreter der Bildungsgewerkschaft am Mittwoch nach Gespr\u00e4chen mit Vertretern der Exekutive an. Die Regierung hat vorgeschlagen, bis Ende des Jahres einen monatlichen Bruttobetrag von 1.000 Lei (200 Euro) f\u00fcr [&hellip;]<\/p>\n","protected":false},"author":113,"featured_media":633915,"comment_status":"closed","ping_status":"closed","sticky":false,"template":"","format":"standard","meta":{"_acf_changed":false,"footnotes":""},"categories":[116753],"tags":[128896,128328,128895,101020,128897,128898,99709,100304,128899,100115,120611,144540,137199],"coauthors":[],"class_list":["post-634525","post","type-post","status-publish","format-standard","has-post-thumbnail","hentry","category-newsflash-de","tag-agrifish-rat","tag-beihilferegelung","tag-bildungsgewerkschaft","tag-dringlichkeitsverordnung","tag-eu-aussenbeauftragten-josep-borrell","tag-friedenstruppe-kfor","tag-landwirte","tag-lehrkraefte","tag-republik-kosovo","tag-republik-moldau","tag-rettungshunde","tag-tennis-de","tag-ursula-von-der-leyen-de"],"acf":[],"yoast_head":"<!-- This site is optimized with the Yoast SEO plugin v27.3 - https:\/\/yoast.com\/product\/yoast-seo-wordpress\/ -->\n<title>Nachrichten 31.05.2023 - Radio Rum\u00e4nien International<\/title>\n<meta name=\"robots\" content=\"index, follow, max-snippet:-1, max-image-preview:large, max-video-preview:-1\" \/>\n<link rel=\"canonical\" href=\"https:\/\/www.rri.ro\/de\/aktuell\/newsflash-de\/nachrichten-31-05-2023-id634525.html\" \/>\n<meta property=\"og:locale\" content=\"de_DE\" \/>\n<meta property=\"og:type\" content=\"article\" \/>\n<meta property=\"og:title\" content=\"Nachrichten 31.05.2023 - Radio Rum\u00e4nien International\" \/>\n<meta property=\"og:description\" content=\"Das neue Angebot der rum\u00e4nischen Regierung an die Lehrkr\u00e4fte wird den Gewerkschaftsmitgliedern vorgelegt, damit sie entscheiden k\u00f6nnen, ob der Streik fortgesetzt oder beendet wird, k\u00fcndigten f\u00fchrende Vertreter der Bildungsgewerkschaft am Mittwoch nach Gespr\u00e4chen mit Vertretern der Exekutive an. Die Regierung hat vorgeschlagen, bis Ende des Jahres einen monatlichen Bruttobetrag von 1.000 Lei (200 Euro) f\u00fcr [&hellip;]\" \/>\n<meta property=\"og:url\" content=\"https:\/\/www.rri.ro\/de\/aktuell\/newsflash-de\/nachrichten-31-05-2023-id634525.html\" \/>\n<meta property=\"og:site_name\" content=\"Radio Rum\u00e4nien International\" \/>\n<meta property=\"article:published_time\" content=\"2023-05-31T15:09:00+00:00\" \/>\n<meta property=\"og:image\" content=\"https:\/\/www.rri.ro\/wp-content\/uploads\/2024\/02\/stiri-germana-alb.png\" \/>\n\t<meta property=\"og:image:width\" content=\"640\" \/>\n\t<meta property=\"og:image:height\" content=\"480\" \/>\n\t<meta property=\"og:image:type\" content=\"image\/png\" \/>\n<meta name=\"author\" content=\"Newsroom\" \/>\n<meta name=\"twitter:card\" content=\"summary_large_image\" \/>\n<meta name=\"twitter:label1\" content=\"Verfasst von\" \/>\n\t<meta name=\"twitter:data1\" content=\"Newsroom\" \/>\n\t<meta name=\"twitter:label2\" content=\"Gesch\u00e4tzte Lesezeit\" \/>\n\t<meta name=\"twitter:data2\" content=\"3\u00a0Minuten\" \/>\n\t<meta name=\"twitter:label3\" content=\"Written by\" \/>\n\t<meta name=\"twitter:data3\" content=\"Newsroom\" \/>\n<script type=\"application\/ld+json\" class=\"yoast-schema-graph\">{\"@context\":\"https:\\\/\\\/schema.org\",\"@graph\":[{\"@type\":\"Article\",\"@id\":\"https:\\\/\\\/www.rri.ro\\\/de\\\/aktuell\\\/newsflash-de\\\/nachrichten-31-05-2023-id634525.html#article\",\"isPartOf\":{\"@id\":\"https:\\\/\\\/www.rri.ro\\\/de\\\/aktuell\\\/newsflash-de\\\/nachrichten-31-05-2023-id634525.html\"},\"author\":{\"name\":\"Newsroom\",\"@id\":\"https:\\\/\\\/www.rri.ro\\\/#\\\/schema\\\/person\\\/4a479940371b9fdefd194f561e8a7f88\"},\"headline\":\"Nachrichten 31.05.2023\",\"datePublished\":\"2023-05-31T15:09:00+00:00\",\"mainEntityOfPage\":{\"@id\":\"https:\\\/\\\/www.rri.ro\\\/de\\\/aktuell\\\/newsflash-de\\\/nachrichten-31-05-2023-id634525.html\"},\"wordCount\":685,\"image\":{\"@id\":\"https:\\\/\\\/www.rri.ro\\\/de\\\/aktuell\\\/newsflash-de\\\/nachrichten-31-05-2023-id634525.html#primaryimage\"},\"thumbnailUrl\":\"https:\\\/\\\/www.rri.ro\\\/wp-content\\\/uploads\\\/2024\\\/02\\\/stiri-germana-alb.png\",\"keywords\":[\"AGRIFISH-Rat\",\"Beihilferegelung\",\"Bildungsgewerkschaft\",\"Dringlichkeitsverordnung\",\"EU-Au\u00dfenbeauftragten Josep Borrell\",\"Friedenstruppe KFOR\",\"Landwirte\",\"Lehrkr\u00e4fte\",\"Republik Kosovo\",\"Republik Moldau\",\"Rettungshunde\",\"tennis\",\"Ursula von der Leyen\"],\"articleSection\":[\"Newsflash\"],\"inLanguage\":\"de\"},{\"@type\":\"WebPage\",\"@id\":\"https:\\\/\\\/www.rri.ro\\\/de\\\/aktuell\\\/newsflash-de\\\/nachrichten-31-05-2023-id634525.html\",\"url\":\"https:\\\/\\\/www.rri.ro\\\/de\\\/aktuell\\\/newsflash-de\\\/nachrichten-31-05-2023-id634525.html\",\"name\":\"Nachrichten 31.05.2023 - Radio Rum\u00e4nien International\",\"isPartOf\":{\"@id\":\"https:\\\/\\\/www.rri.ro\\\/#website\"},\"primaryImageOfPage\":{\"@id\":\"https:\\\/\\\/www.rri.ro\\\/de\\\/aktuell\\\/newsflash-de\\\/nachrichten-31-05-2023-id634525.html#primaryimage\"},\"image\":{\"@id\":\"https:\\\/\\\/www.rri.ro\\\/de\\\/aktuell\\\/newsflash-de\\\/nachrichten-31-05-2023-id634525.html#primaryimage\"},\"thumbnailUrl\":\"https:\\\/\\\/www.rri.ro\\\/wp-content\\\/uploads\\\/2024\\\/02\\\/stiri-germana-alb.png\",\"datePublished\":\"2023-05-31T15:09:00+00:00\",\"author\":{\"@id\":\"https:\\\/\\\/www.rri.ro\\\/#\\\/schema\\\/person\\\/4a479940371b9fdefd194f561e8a7f88\"},\"breadcrumb\":{\"@id\":\"https:\\\/\\\/www.rri.ro\\\/de\\\/aktuell\\\/newsflash-de\\\/nachrichten-31-05-2023-id634525.html#breadcrumb\"},\"inLanguage\":\"de\",\"potentialAction\":[{\"@type\":\"ReadAction\",\"target\":[\"https:\\\/\\\/www.rri.ro\\\/de\\\/aktuell\\\/newsflash-de\\\/nachrichten-31-05-2023-id634525.html\"]}]},{\"@type\":\"ImageObject\",\"inLanguage\":\"de\",\"@id\":\"https:\\\/\\\/www.rri.ro\\\/de\\\/aktuell\\\/newsflash-de\\\/nachrichten-31-05-2023-id634525.html#primaryimage\",\"url\":\"https:\\\/\\\/www.rri.ro\\\/wp-content\\\/uploads\\\/2024\\\/02\\\/stiri-germana-alb.png\",\"contentUrl\":\"https:\\\/\\\/www.rri.ro\\\/wp-content\\\/uploads\\\/2024\\\/02\\\/stiri-germana-alb.png\",\"width\":640,\"height\":480},{\"@type\":\"BreadcrumbList\",\"@id\":\"https:\\\/\\\/www.rri.ro\\\/de\\\/aktuell\\\/newsflash-de\\\/nachrichten-31-05-2023-id634525.html#breadcrumb\",\"itemListElement\":[{\"@type\":\"ListItem\",\"position\":1,\"name\":\"Startseite\",\"item\":\"https:\\\/\\\/www.rri.ro\\\/de\"},{\"@type\":\"ListItem\",\"position\":2,\"name\":\"Aktuell\",\"item\":\"https:\\\/\\\/www.rri.ro\\\/de\\\/aktuell\"},{\"@type\":\"ListItem\",\"position\":3,\"name\":\"Newsflash\",\"item\":\"https:\\\/\\\/www.rri.ro\\\/de\\\/aktuell\\\/newsflash-de\"},{\"@type\":\"ListItem\",\"position\":4,\"name\":\"Nachrichten 31.05.2023\"}]},{\"@type\":\"WebSite\",\"@id\":\"https:\\\/\\\/www.rri.ro\\\/#website\",\"url\":\"https:\\\/\\\/www.rri.ro\\\/\",\"name\":\"Radio Rum\u00e4nien International\",\"description\":\"Totul despre Rom\u00e2nia \u015fi rom\u00e2ni, \u00een 13 limbi\\\/dialecte!\",\"inLanguage\":\"de\"},{\"@type\":\"Person\",\"@id\":\"https:\\\/\\\/www.rri.ro\\\/#\\\/schema\\\/person\\\/4a479940371b9fdefd194f561e8a7f88\",\"name\":\"Newsroom\",\"url\":\"https:\\\/\\\/www.rri.ro\\\/de\\\/author\\\/newsroom\"}]}<\/script>\n<!-- \/ Yoast SEO plugin. -->","yoast_head_json":{"title":"Nachrichten 31.05.2023 - Radio Rum\u00e4nien International","robots":{"index":"index","follow":"follow","max-snippet":"max-snippet:-1","max-image-preview":"max-image-preview:large","max-video-preview":"max-video-preview:-1"},"canonical":"https:\/\/www.rri.ro\/de\/aktuell\/newsflash-de\/nachrichten-31-05-2023-id634525.html","og_locale":"de_DE","og_type":"article","og_title":"Nachrichten 31.05.2023 - Radio Rum\u00e4nien International","og_description":"Das neue Angebot der rum\u00e4nischen Regierung an die Lehrkr\u00e4fte wird den Gewerkschaftsmitgliedern vorgelegt, damit sie entscheiden k\u00f6nnen, ob der Streik fortgesetzt oder beendet wird, k\u00fcndigten f\u00fchrende Vertreter der Bildungsgewerkschaft am Mittwoch nach Gespr\u00e4chen mit Vertretern der Exekutive an. Die Regierung hat vorgeschlagen, bis Ende des Jahres einen monatlichen Bruttobetrag von 1.000 Lei (200 Euro) f\u00fcr [&hellip;]","og_url":"https:\/\/www.rri.ro\/de\/aktuell\/newsflash-de\/nachrichten-31-05-2023-id634525.html","og_site_name":"Radio Rum\u00e4nien International","article_published_time":"2023-05-31T15:09:00+00:00","og_image":[{"width":640,"height":480,"url":"https:\/\/www.rri.ro\/wp-content\/uploads\/2024\/02\/stiri-germana-alb.png","type":"image\/png"}],"author":"Newsroom","twitter_card":"summary_large_image","twitter_misc":{"Verfasst von":"Newsroom","Gesch\u00e4tzte Lesezeit":"3\u00a0Minuten","Written by":"Newsroom"},"schema":{"@context":"https:\/\/schema.org","@graph":[{"@type":"Article","@id":"https:\/\/www.rri.ro\/de\/aktuell\/newsflash-de\/nachrichten-31-05-2023-id634525.html#article","isPartOf":{"@id":"https:\/\/www.rri.ro\/de\/aktuell\/newsflash-de\/nachrichten-31-05-2023-id634525.html"},"author":{"name":"Newsroom","@id":"https:\/\/www.rri.ro\/#\/schema\/person\/4a479940371b9fdefd194f561e8a7f88"},"headline":"Nachrichten 31.05.2023","datePublished":"2023-05-31T15:09:00+00:00","mainEntityOfPage":{"@id":"https:\/\/www.rri.ro\/de\/aktuell\/newsflash-de\/nachrichten-31-05-2023-id634525.html"},"wordCount":685,"image":{"@id":"https:\/\/www.rri.ro\/de\/aktuell\/newsflash-de\/nachrichten-31-05-2023-id634525.html#primaryimage"},"thumbnailUrl":"https:\/\/www.rri.ro\/wp-content\/uploads\/2024\/02\/stiri-germana-alb.png","keywords":["AGRIFISH-Rat","Beihilferegelung","Bildungsgewerkschaft","Dringlichkeitsverordnung","EU-Au\u00dfenbeauftragten Josep Borrell","Friedenstruppe KFOR","Landwirte","Lehrkr\u00e4fte","Republik Kosovo","Republik Moldau","Rettungshunde","tennis","Ursula von der Leyen"],"articleSection":["Newsflash"],"inLanguage":"de"},{"@type":"WebPage","@id":"https:\/\/www.rri.ro\/de\/aktuell\/newsflash-de\/nachrichten-31-05-2023-id634525.html","url":"https:\/\/www.rri.ro\/de\/aktuell\/newsflash-de\/nachrichten-31-05-2023-id634525.html","name":"Nachrichten 31.05.2023 - Radio Rum\u00e4nien International","isPartOf":{"@id":"https:\/\/www.rri.ro\/#website"},"primaryImageOfPage":{"@id":"https:\/\/www.rri.ro\/de\/aktuell\/newsflash-de\/nachrichten-31-05-2023-id634525.html#primaryimage"},"image":{"@id":"https:\/\/www.rri.ro\/de\/aktuell\/newsflash-de\/nachrichten-31-05-2023-id634525.html#primaryimage"},"thumbnailUrl":"https:\/\/www.rri.ro\/wp-content\/uploads\/2024\/02\/stiri-germana-alb.png","datePublished":"2023-05-31T15:09:00+00:00","author":{"@id":"https:\/\/www.rri.ro\/#\/schema\/person\/4a479940371b9fdefd194f561e8a7f88"},"breadcrumb":{"@id":"https:\/\/www.rri.ro\/de\/aktuell\/newsflash-de\/nachrichten-31-05-2023-id634525.html#breadcrumb"},"inLanguage":"de","potentialAction":[{"@type":"ReadAction","target":["https:\/\/www.rri.ro\/de\/aktuell\/newsflash-de\/nachrichten-31-05-2023-id634525.html"]}]},{"@type":"ImageObject","inLanguage":"de","@id":"https:\/\/www.rri.ro\/de\/aktuell\/newsflash-de\/nachrichten-31-05-2023-id634525.html#primaryimage","url":"https:\/\/www.rri.ro\/wp-content\/uploads\/2024\/02\/stiri-germana-alb.png","contentUrl":"https:\/\/www.rri.ro\/wp-content\/uploads\/2024\/02\/stiri-germana-alb.png","width":640,"height":480},{"@type":"BreadcrumbList","@id":"https:\/\/www.rri.ro\/de\/aktuell\/newsflash-de\/nachrichten-31-05-2023-id634525.html#breadcrumb","itemListElement":[{"@type":"ListItem","position":1,"name":"Startseite","item":"https:\/\/www.rri.ro\/de"},{"@type":"ListItem","position":2,"name":"Aktuell","item":"https:\/\/www.rri.ro\/de\/aktuell"},{"@type":"ListItem","position":3,"name":"Newsflash","item":"https:\/\/www.rri.ro\/de\/aktuell\/newsflash-de"},{"@type":"ListItem","position":4,"name":"Nachrichten 31.05.2023"}]},{"@type":"WebSite","@id":"https:\/\/www.rri.ro\/#website","url":"https:\/\/www.rri.ro\/","name":"Radio Rum\u00e4nien International","description":"Totul despre Rom\u00e2nia \u015fi rom\u00e2ni, \u00een 13 limbi\/dialecte!","inLanguage":"de"},{"@type":"Person","@id":"https:\/\/www.rri.ro\/#\/schema\/person\/4a479940371b9fdefd194f561e8a7f88","name":"Newsroom","url":"https:\/\/www.rri.ro\/de\/author\/newsroom"}]}},"_links":{"self":[{"href":"https:\/\/www.rri.ro\/de\/wp-json\/wp\/v2\/posts\/634525","targetHints":{"allow":["GET"]}}],"collection":[{"href":"https:\/\/www.rri.ro\/de\/wp-json\/wp\/v2\/posts"}],"about":[{"href":"https:\/\/www.rri.ro\/de\/wp-json\/wp\/v2\/types\/post"}],"author":[{"embeddable":true,"href":"https:\/\/www.rri.ro\/de\/wp-json\/wp\/v2\/users\/113"}],"replies":[{"embeddable":true,"href":"https:\/\/www.rri.ro\/de\/wp-json\/wp\/v2\/comments?post=634525"}],"version-history":[{"count":0,"href":"https:\/\/www.rri.ro\/de\/wp-json\/wp\/v2\/posts\/634525\/revisions"}],"wp:featuredmedia":[{"embeddable":true,"href":"https:\/\/www.rri.ro\/de\/wp-json\/wp\/v2\/media\/633915"}],"wp:attachment":[{"href":"https:\/\/www.rri.ro\/de\/wp-json\/wp\/v2\/media?parent=634525"}],"wp:term":[{"taxonomy":"category","embeddable":true,"href":"https:\/\/www.rri.ro\/de\/wp-json\/wp\/v2\/categories?post=634525"},{"taxonomy":"post_tag","embeddable":true,"href":"https:\/\/www.rri.ro\/de\/wp-json\/wp\/v2\/tags?post=634525"},{"taxonomy":"author","embeddable":true,"href":"https:\/\/www.rri.ro\/de\/wp-json\/wp\/v2\/coauthors?post=634525"}],"curies":[{"name":"wp","href":"https:\/\/api.w.org\/{rel}","templated":true}]}}