{"id":634552,"date":"2023-06-30T18:13:00","date_gmt":"2023-06-30T15:13:00","guid":{"rendered":"http:\/\/devrri.freshlemon.ro\/aktuell\/nachrichten-30-06-2023-id634552.html"},"modified":"2023-06-30T18:13:00","modified_gmt":"2023-06-30T15:13:00","slug":"nachrichten-30-06-2023","status":"publish","type":"post","link":"https:\/\/www.rri.ro\/de\/aktuell\/newsflash-de\/nachrichten-30-06-2023-id634552.html","title":{"rendered":"Nachrichten 30.06.2023"},"content":{"rendered":"<p>Die Regierung hat am Freitag eine zur Senkung der Preise f\u00fcr Grundnahrungsmittel erlassen, indem sie die von den Herstellern und Einzelh\u00e4ndlern erhobenen Handelsaufschl\u00e4ge senkt. Bei 14 Grundnahrungsmitteln, darunter Brot, Fleisch, Eier, Milchprodukte, Obst und Gem\u00fcse, k\u00f6nnen die Lebensmittelhersteller einen Aufschlag von maximal 20 %, die H\u00e4ndler von 5 % und die Einzelh\u00e4ndler von 20 % erheben. Diese Obergrenze ist f\u00fcr drei Monate g\u00fcltig. Der rum\u00e4nische Premierminister Marcel Ciolacu k\u00fcndigte an, dass die Regierung au\u200e\u00dferdem ein F\u00f6rderprogramm in H\u00f6he von 600 Millionen Euro f\u00fcr rum\u00e4nische Lebensmittelunternehmen genehmigt habe. Die Regierung hat au\u200e\u00dferdem die erste Tranche des 100-Millionen-Euro-Abkommens zwischen Rum\u00e4nien und der Republik Moldau freigegeben. Das Geld wird f\u00fcr den Kauf von Kleinbussen f\u00fcr Schulen und f\u00fcr Investitionen in die Wasserversorgung von Orten am linken Ufer des Flusses Prut verwendet.<\/p>\n<p>&#13;<br \/>\n&#13;<\/p>\n<p>&#13;<br \/>\n&#13;<\/p>\n<p>Der rum\u00e4nische Pr\u00e4sident Klaus Iohannis nahm am Donnerstag und Freitag an der Tagung des Europ\u00e4ischen Rates in Br\u00fcssel teil. Die Staats- und Regierungschefs der EU setzten ihren Dialog \u00fcber die Reaktion der EU auf die Aggression der Russischen F\u00f6deration gegen die Ukraine fort und bekr\u00e4ftigten, dass sie diese so lange wie n\u00f6tig unterst\u00fctzen werden. Der Schwerpunkt lag dabei auf der Nachhaltigkeit dieser Unterst\u00fctzung und der Erf\u00fcllung der dringendsten Bed\u00fcrfnisse Kiews. In seiner Rede hob Herr Iohannis die solide Hilfe hervor, die Rum\u00e4nien der Ukraine bisher geleistet hat, und rief dazu auf, die substantielle Unterst\u00fctzung auf europ\u00e4ischer Ebene &#8211; finanziell, wirtschaftlich, milit\u00e4risch und humanit\u00e4r &#8211; fortzusetzen. Was den Beitritt der Ukraine und der Republik Moldau zur Europ\u00e4ischen Union betrifft, so w\u00fcrdigten die europ\u00e4ischen Staats- und Regierungschefs das Engagement und die erheblichen Anstrengungen der beiden L\u00e4nder, die Beitrittsbedingungen zu erf\u00fcllen, und bekr\u00e4ftigten ihre weitere Unterst\u00fctzung in dieser Hinsicht. Der rum\u00e4nische Pr\u00e4sident begr\u00fc\u200e\u00dfte die Verabschiedung der ersten europ\u00e4ischen Strategie f\u00fcr wirtschaftliche Sicherheit, die er als ein dringend ben\u00f6tigtes Konzept bezeichnete.<\/p>\n<p>&#13;<br \/>\n&#13;<\/p>\n<p>&#13;<br \/>\n&#13;<\/p>\n<p>Die Lehrkr\u00e4fte im rum\u00e4nischen \u00f6ffentlichen Hochschulsektor werden im Rahmen des am Donnerstag unterzeichneten neuen Tarifvertrags mehr Leistungen erhalten. Dies k\u00fcndigte die Bildungsministerin Ligia Deca an. Die Gewerkschaft Sanitas gab ihrerseits bekannt, dass sie Gehaltserh\u00f6hungen f\u00fcr das Personal im \u00f6ffentlichen Gesundheitswesen durchgesetzt hat.<\/p>\n<p>&#13;<br \/>\n&#13;<\/p>\n<p>&#13;<br \/>\n&#13;<\/p>\n<p>Das rum\u00e4nische Verfassungsgericht wird am 26. Juli \u00fcber eine Klage des Obersten Kassations- und Justizgerichtshofs gegen die Abschaffung der Sonderrenten und das Gesetz, das die gleichzeitige Zahlung von Geh\u00e4ltern und Renten im \u00f6ffentlichen Sektor an dieselbe Person verbietet, beraten. Beide Gesetze wurden am Mittwoch im Parlament verabschiedet und werden derzeit auf ihre Vereinbarkeit mit der Verfassung gepr\u00fcft, bevor sie von Pr\u00e4sident Klaus Iohannis zur Verk\u00fcndung freigegeben werden. Die Richter des Obersten Gerichtshofs haben beschlossen, das Verfassungsgericht mit den beiden Gesetzen zu befassen, die ihrer Ansicht nach mehrere ihrer Rechte verletzen.<\/p>\n<p>&#13;<\/p>\n","protected":false},"excerpt":{"rendered":"<p>Die Regierung hat am Freitag eine zur Senkung der Preise f\u00fcr Grundnahrungsmittel erlassen, indem sie die von den Herstellern und Einzelh\u00e4ndlern erhobenen Handelsaufschl\u00e4ge senkt. Bei 14 Grundnahrungsmitteln, darunter Brot, Fleisch, Eier, Milchprodukte, Obst und Gem\u00fcse, k\u00f6nnen die Lebensmittelhersteller einen Aufschlag von maximal 20 %, die H\u00e4ndler von 5 % und die Einzelh\u00e4ndler von 20 % [&hellip;]<\/p>\n","protected":false},"author":113,"featured_media":633915,"comment_status":"closed","ping_status":"closed","sticky":false,"template":"","format":"standard","meta":{"_acf_changed":false,"footnotes":""},"categories":[116753],"tags":[128525,101020,128960,102143,128923,128959,99714],"coauthors":[],"class_list":["post-634552","post","type-post","status-publish","format-standard","has-post-thumbnail","hentry","category-newsflash-de","tag-bildungsministerin-ligia-deca","tag-dringlichkeitsverordnung","tag-hochschulsektor","tag-praesident-klaus-iohannis","tag-premierminister-marcel-ciolacu","tag-senkung-der-preise-fuer-grundnahrungsmittel","tag-verfassungsgericht"],"acf":[],"yoast_head":"<!-- This site is optimized with the Yoast SEO plugin v27.3 - https:\/\/yoast.com\/product\/yoast-seo-wordpress\/ -->\n<title>Nachrichten 30.06.2023 - Radio Rum\u00e4nien International<\/title>\n<meta name=\"robots\" content=\"index, follow, max-snippet:-1, max-image-preview:large, max-video-preview:-1\" \/>\n<link rel=\"canonical\" href=\"https:\/\/www.rri.ro\/de\/aktuell\/newsflash-de\/nachrichten-30-06-2023-id634552.html\" \/>\n<meta property=\"og:locale\" content=\"de_DE\" \/>\n<meta property=\"og:type\" content=\"article\" \/>\n<meta property=\"og:title\" content=\"Nachrichten 30.06.2023 - Radio Rum\u00e4nien International\" \/>\n<meta property=\"og:description\" content=\"Die Regierung hat am Freitag eine zur Senkung der Preise f\u00fcr Grundnahrungsmittel erlassen, indem sie die von den Herstellern und Einzelh\u00e4ndlern erhobenen Handelsaufschl\u00e4ge senkt. Bei 14 Grundnahrungsmitteln, darunter Brot, Fleisch, Eier, Milchprodukte, Obst und Gem\u00fcse, k\u00f6nnen die Lebensmittelhersteller einen Aufschlag von maximal 20 %, die H\u00e4ndler von 5 % und die Einzelh\u00e4ndler von 20 % [&hellip;]\" \/>\n<meta property=\"og:url\" content=\"https:\/\/www.rri.ro\/de\/aktuell\/newsflash-de\/nachrichten-30-06-2023-id634552.html\" \/>\n<meta property=\"og:site_name\" content=\"Radio Rum\u00e4nien International\" \/>\n<meta property=\"article:published_time\" content=\"2023-06-30T15:13:00+00:00\" \/>\n<meta property=\"og:image\" content=\"https:\/\/www.rri.ro\/wp-content\/uploads\/2024\/02\/stiri-germana-alb.png\" \/>\n\t<meta property=\"og:image:width\" content=\"640\" \/>\n\t<meta property=\"og:image:height\" content=\"480\" \/>\n\t<meta property=\"og:image:type\" content=\"image\/png\" \/>\n<meta name=\"author\" content=\"Newsroom\" \/>\n<meta name=\"twitter:card\" content=\"summary_large_image\" \/>\n<meta name=\"twitter:label1\" content=\"Verfasst von\" \/>\n\t<meta name=\"twitter:data1\" content=\"Newsroom\" \/>\n\t<meta name=\"twitter:label2\" content=\"Gesch\u00e4tzte Lesezeit\" \/>\n\t<meta name=\"twitter:data2\" content=\"2\u00a0Minuten\" \/>\n\t<meta name=\"twitter:label3\" content=\"Written by\" \/>\n\t<meta name=\"twitter:data3\" content=\"Newsroom\" \/>\n<script type=\"application\/ld+json\" class=\"yoast-schema-graph\">{\"@context\":\"https:\\\/\\\/schema.org\",\"@graph\":[{\"@type\":\"Article\",\"@id\":\"https:\\\/\\\/www.rri.ro\\\/de\\\/aktuell\\\/newsflash-de\\\/nachrichten-30-06-2023-id634552.html#article\",\"isPartOf\":{\"@id\":\"https:\\\/\\\/www.rri.ro\\\/de\\\/aktuell\\\/newsflash-de\\\/nachrichten-30-06-2023-id634552.html\"},\"author\":{\"name\":\"Newsroom\",\"@id\":\"https:\\\/\\\/www.rri.ro\\\/#\\\/schema\\\/person\\\/4a479940371b9fdefd194f561e8a7f88\"},\"headline\":\"Nachrichten 30.06.2023\",\"datePublished\":\"2023-06-30T15:13:00+00:00\",\"mainEntityOfPage\":{\"@id\":\"https:\\\/\\\/www.rri.ro\\\/de\\\/aktuell\\\/newsflash-de\\\/nachrichten-30-06-2023-id634552.html\"},\"wordCount\":479,\"image\":{\"@id\":\"https:\\\/\\\/www.rri.ro\\\/de\\\/aktuell\\\/newsflash-de\\\/nachrichten-30-06-2023-id634552.html#primaryimage\"},\"thumbnailUrl\":\"https:\\\/\\\/www.rri.ro\\\/wp-content\\\/uploads\\\/2024\\\/02\\\/stiri-germana-alb.png\",\"keywords\":[\"Bildungsministerin Ligia Deca\",\"Dringlichkeitsverordnung\",\"Hochschulsektor\",\"Pr\u00e4sident Klaus Iohannis\",\"Premierminister Marcel Ciolacu\",\"Senkung der Preise f\u00fcr Grundnahrungsmittel\",\"Verfassungsgericht\"],\"articleSection\":[\"Newsflash\"],\"inLanguage\":\"de\"},{\"@type\":\"WebPage\",\"@id\":\"https:\\\/\\\/www.rri.ro\\\/de\\\/aktuell\\\/newsflash-de\\\/nachrichten-30-06-2023-id634552.html\",\"url\":\"https:\\\/\\\/www.rri.ro\\\/de\\\/aktuell\\\/newsflash-de\\\/nachrichten-30-06-2023-id634552.html\",\"name\":\"Nachrichten 30.06.2023 - Radio Rum\u00e4nien International\",\"isPartOf\":{\"@id\":\"https:\\\/\\\/www.rri.ro\\\/#website\"},\"primaryImageOfPage\":{\"@id\":\"https:\\\/\\\/www.rri.ro\\\/de\\\/aktuell\\\/newsflash-de\\\/nachrichten-30-06-2023-id634552.html#primaryimage\"},\"image\":{\"@id\":\"https:\\\/\\\/www.rri.ro\\\/de\\\/aktuell\\\/newsflash-de\\\/nachrichten-30-06-2023-id634552.html#primaryimage\"},\"thumbnailUrl\":\"https:\\\/\\\/www.rri.ro\\\/wp-content\\\/uploads\\\/2024\\\/02\\\/stiri-germana-alb.png\",\"datePublished\":\"2023-06-30T15:13:00+00:00\",\"author\":{\"@id\":\"https:\\\/\\\/www.rri.ro\\\/#\\\/schema\\\/person\\\/4a479940371b9fdefd194f561e8a7f88\"},\"breadcrumb\":{\"@id\":\"https:\\\/\\\/www.rri.ro\\\/de\\\/aktuell\\\/newsflash-de\\\/nachrichten-30-06-2023-id634552.html#breadcrumb\"},\"inLanguage\":\"de\",\"potentialAction\":[{\"@type\":\"ReadAction\",\"target\":[\"https:\\\/\\\/www.rri.ro\\\/de\\\/aktuell\\\/newsflash-de\\\/nachrichten-30-06-2023-id634552.html\"]}]},{\"@type\":\"ImageObject\",\"inLanguage\":\"de\",\"@id\":\"https:\\\/\\\/www.rri.ro\\\/de\\\/aktuell\\\/newsflash-de\\\/nachrichten-30-06-2023-id634552.html#primaryimage\",\"url\":\"https:\\\/\\\/www.rri.ro\\\/wp-content\\\/uploads\\\/2024\\\/02\\\/stiri-germana-alb.png\",\"contentUrl\":\"https:\\\/\\\/www.rri.ro\\\/wp-content\\\/uploads\\\/2024\\\/02\\\/stiri-germana-alb.png\",\"width\":640,\"height\":480},{\"@type\":\"BreadcrumbList\",\"@id\":\"https:\\\/\\\/www.rri.ro\\\/de\\\/aktuell\\\/newsflash-de\\\/nachrichten-30-06-2023-id634552.html#breadcrumb\",\"itemListElement\":[{\"@type\":\"ListItem\",\"position\":1,\"name\":\"Startseite\",\"item\":\"https:\\\/\\\/www.rri.ro\\\/de\"},{\"@type\":\"ListItem\",\"position\":2,\"name\":\"Aktuell\",\"item\":\"https:\\\/\\\/www.rri.ro\\\/de\\\/aktuell\"},{\"@type\":\"ListItem\",\"position\":3,\"name\":\"Newsflash\",\"item\":\"https:\\\/\\\/www.rri.ro\\\/de\\\/aktuell\\\/newsflash-de\"},{\"@type\":\"ListItem\",\"position\":4,\"name\":\"Nachrichten 30.06.2023\"}]},{\"@type\":\"WebSite\",\"@id\":\"https:\\\/\\\/www.rri.ro\\\/#website\",\"url\":\"https:\\\/\\\/www.rri.ro\\\/\",\"name\":\"Radio Rum\u00e4nien International\",\"description\":\"Totul despre Rom\u00e2nia \u015fi rom\u00e2ni, \u00een 13 limbi\\\/dialecte!\",\"inLanguage\":\"de\"},{\"@type\":\"Person\",\"@id\":\"https:\\\/\\\/www.rri.ro\\\/#\\\/schema\\\/person\\\/4a479940371b9fdefd194f561e8a7f88\",\"name\":\"Newsroom\",\"url\":\"https:\\\/\\\/www.rri.ro\\\/de\\\/author\\\/newsroom\"}]}<\/script>\n<!-- \/ Yoast SEO plugin. -->","yoast_head_json":{"title":"Nachrichten 30.06.2023 - Radio Rum\u00e4nien International","robots":{"index":"index","follow":"follow","max-snippet":"max-snippet:-1","max-image-preview":"max-image-preview:large","max-video-preview":"max-video-preview:-1"},"canonical":"https:\/\/www.rri.ro\/de\/aktuell\/newsflash-de\/nachrichten-30-06-2023-id634552.html","og_locale":"de_DE","og_type":"article","og_title":"Nachrichten 30.06.2023 - Radio Rum\u00e4nien International","og_description":"Die Regierung hat am Freitag eine zur Senkung der Preise f\u00fcr Grundnahrungsmittel erlassen, indem sie die von den Herstellern und Einzelh\u00e4ndlern erhobenen Handelsaufschl\u00e4ge senkt. Bei 14 Grundnahrungsmitteln, darunter Brot, Fleisch, Eier, Milchprodukte, Obst und Gem\u00fcse, k\u00f6nnen die Lebensmittelhersteller einen Aufschlag von maximal 20 %, die H\u00e4ndler von 5 % und die Einzelh\u00e4ndler von 20 % [&hellip;]","og_url":"https:\/\/www.rri.ro\/de\/aktuell\/newsflash-de\/nachrichten-30-06-2023-id634552.html","og_site_name":"Radio Rum\u00e4nien International","article_published_time":"2023-06-30T15:13:00+00:00","og_image":[{"width":640,"height":480,"url":"https:\/\/www.rri.ro\/wp-content\/uploads\/2024\/02\/stiri-germana-alb.png","type":"image\/png"}],"author":"Newsroom","twitter_card":"summary_large_image","twitter_misc":{"Verfasst von":"Newsroom","Gesch\u00e4tzte Lesezeit":"2\u00a0Minuten","Written by":"Newsroom"},"schema":{"@context":"https:\/\/schema.org","@graph":[{"@type":"Article","@id":"https:\/\/www.rri.ro\/de\/aktuell\/newsflash-de\/nachrichten-30-06-2023-id634552.html#article","isPartOf":{"@id":"https:\/\/www.rri.ro\/de\/aktuell\/newsflash-de\/nachrichten-30-06-2023-id634552.html"},"author":{"name":"Newsroom","@id":"https:\/\/www.rri.ro\/#\/schema\/person\/4a479940371b9fdefd194f561e8a7f88"},"headline":"Nachrichten 30.06.2023","datePublished":"2023-06-30T15:13:00+00:00","mainEntityOfPage":{"@id":"https:\/\/www.rri.ro\/de\/aktuell\/newsflash-de\/nachrichten-30-06-2023-id634552.html"},"wordCount":479,"image":{"@id":"https:\/\/www.rri.ro\/de\/aktuell\/newsflash-de\/nachrichten-30-06-2023-id634552.html#primaryimage"},"thumbnailUrl":"https:\/\/www.rri.ro\/wp-content\/uploads\/2024\/02\/stiri-germana-alb.png","keywords":["Bildungsministerin Ligia Deca","Dringlichkeitsverordnung","Hochschulsektor","Pr\u00e4sident Klaus Iohannis","Premierminister Marcel Ciolacu","Senkung der Preise f\u00fcr Grundnahrungsmittel","Verfassungsgericht"],"articleSection":["Newsflash"],"inLanguage":"de"},{"@type":"WebPage","@id":"https:\/\/www.rri.ro\/de\/aktuell\/newsflash-de\/nachrichten-30-06-2023-id634552.html","url":"https:\/\/www.rri.ro\/de\/aktuell\/newsflash-de\/nachrichten-30-06-2023-id634552.html","name":"Nachrichten 30.06.2023 - Radio Rum\u00e4nien International","isPartOf":{"@id":"https:\/\/www.rri.ro\/#website"},"primaryImageOfPage":{"@id":"https:\/\/www.rri.ro\/de\/aktuell\/newsflash-de\/nachrichten-30-06-2023-id634552.html#primaryimage"},"image":{"@id":"https:\/\/www.rri.ro\/de\/aktuell\/newsflash-de\/nachrichten-30-06-2023-id634552.html#primaryimage"},"thumbnailUrl":"https:\/\/www.rri.ro\/wp-content\/uploads\/2024\/02\/stiri-germana-alb.png","datePublished":"2023-06-30T15:13:00+00:00","author":{"@id":"https:\/\/www.rri.ro\/#\/schema\/person\/4a479940371b9fdefd194f561e8a7f88"},"breadcrumb":{"@id":"https:\/\/www.rri.ro\/de\/aktuell\/newsflash-de\/nachrichten-30-06-2023-id634552.html#breadcrumb"},"inLanguage":"de","potentialAction":[{"@type":"ReadAction","target":["https:\/\/www.rri.ro\/de\/aktuell\/newsflash-de\/nachrichten-30-06-2023-id634552.html"]}]},{"@type":"ImageObject","inLanguage":"de","@id":"https:\/\/www.rri.ro\/de\/aktuell\/newsflash-de\/nachrichten-30-06-2023-id634552.html#primaryimage","url":"https:\/\/www.rri.ro\/wp-content\/uploads\/2024\/02\/stiri-germana-alb.png","contentUrl":"https:\/\/www.rri.ro\/wp-content\/uploads\/2024\/02\/stiri-germana-alb.png","width":640,"height":480},{"@type":"BreadcrumbList","@id":"https:\/\/www.rri.ro\/de\/aktuell\/newsflash-de\/nachrichten-30-06-2023-id634552.html#breadcrumb","itemListElement":[{"@type":"ListItem","position":1,"name":"Startseite","item":"https:\/\/www.rri.ro\/de"},{"@type":"ListItem","position":2,"name":"Aktuell","item":"https:\/\/www.rri.ro\/de\/aktuell"},{"@type":"ListItem","position":3,"name":"Newsflash","item":"https:\/\/www.rri.ro\/de\/aktuell\/newsflash-de"},{"@type":"ListItem","position":4,"name":"Nachrichten 30.06.2023"}]},{"@type":"WebSite","@id":"https:\/\/www.rri.ro\/#website","url":"https:\/\/www.rri.ro\/","name":"Radio Rum\u00e4nien International","description":"Totul despre Rom\u00e2nia \u015fi rom\u00e2ni, \u00een 13 limbi\/dialecte!","inLanguage":"de"},{"@type":"Person","@id":"https:\/\/www.rri.ro\/#\/schema\/person\/4a479940371b9fdefd194f561e8a7f88","name":"Newsroom","url":"https:\/\/www.rri.ro\/de\/author\/newsroom"}]}},"_links":{"self":[{"href":"https:\/\/www.rri.ro\/de\/wp-json\/wp\/v2\/posts\/634552","targetHints":{"allow":["GET"]}}],"collection":[{"href":"https:\/\/www.rri.ro\/de\/wp-json\/wp\/v2\/posts"}],"about":[{"href":"https:\/\/www.rri.ro\/de\/wp-json\/wp\/v2\/types\/post"}],"author":[{"embeddable":true,"href":"https:\/\/www.rri.ro\/de\/wp-json\/wp\/v2\/users\/113"}],"replies":[{"embeddable":true,"href":"https:\/\/www.rri.ro\/de\/wp-json\/wp\/v2\/comments?post=634552"}],"version-history":[{"count":0,"href":"https:\/\/www.rri.ro\/de\/wp-json\/wp\/v2\/posts\/634552\/revisions"}],"wp:featuredmedia":[{"embeddable":true,"href":"https:\/\/www.rri.ro\/de\/wp-json\/wp\/v2\/media\/633915"}],"wp:attachment":[{"href":"https:\/\/www.rri.ro\/de\/wp-json\/wp\/v2\/media?parent=634552"}],"wp:term":[{"taxonomy":"category","embeddable":true,"href":"https:\/\/www.rri.ro\/de\/wp-json\/wp\/v2\/categories?post=634552"},{"taxonomy":"post_tag","embeddable":true,"href":"https:\/\/www.rri.ro\/de\/wp-json\/wp\/v2\/tags?post=634552"},{"taxonomy":"author","embeddable":true,"href":"https:\/\/www.rri.ro\/de\/wp-json\/wp\/v2\/coauthors?post=634552"}],"curies":[{"name":"wp","href":"https:\/\/api.w.org\/{rel}","templated":true}]}}