{"id":634639,"date":"2023-10-27T18:03:00","date_gmt":"2023-10-27T15:03:00","guid":{"rendered":"http:\/\/devrri.freshlemon.ro\/aktuell\/nachrichten-27-10-2023-id634639.html"},"modified":"2023-10-27T18:03:00","modified_gmt":"2023-10-27T15:03:00","slug":"nachrichten-27-10-2023","status":"publish","type":"post","link":"https:\/\/www.rri.ro\/de\/aktuell\/newsflash-de\/nachrichten-27-10-2023-id634639.html","title":{"rendered":"Nachrichten 27.10.2023"},"content":{"rendered":"<p>Die Regierung in Bukarest hat auf ihrer Sitzung am Freitag eine Dringlichkeitsverordnung verabschiedet, mit der die Begrenzung des Handels\u00fcberschusses f\u00fcr Grundnahrungsmittel um drei Monate verl\u00e4ngert und die Liste der Grundnahrungsmittel erweitert wird. Die Exekutive genehmigte au\u00dferdem ein Projekt zur Reduzierung der Ausgaben der lokalen und zentralen \u00f6ffentlichen Beh\u00f6rden. Finanzminister Marcel Bolos gab bekannt, dass das Haushaltsdefizit jetzt bei 3,55 Prozent des BIP liege und dass das Ziel weiterhin 4,4 Prozent am Ende des Jahres betr\u00e4ge. Er erkl\u00e4rte, dass in fr\u00fcheren Jahren die Haushaltsausgaben f\u00fcr Waren und Dienstleistungen in den letzten beiden Monaten des Jahres drei-, vier- oder f\u00fcnfmal so hoch waren wie in den \u00fcbrigen Monaten. Deshalb wurde beschlossen, dass diese Ausgaben in diesem Jahr nicht h\u00f6her sein d\u00fcrfen als der Durchschnitt der \u00fcbrigen Monate. Au\u00dferdem werden die Haushaltsausgaben haupts\u00e4chlich zur Finanzierung europ\u00e4ischer Projekte get\u00e4tigt. Die am Freitag verabschiedete Dringlichkeitsverordnung regelt auch, wie der der Regierung zur Verf\u00fcgung stehende Reservefonds dotiert werden soll. <br \/>&#13;<br \/>\n<br \/>&#13;<br \/>\nBei ihrem Treffen im Rahmen des Europ\u00e4ischen Rates in Br\u00fcssel haben sich die Staats- und Regierungschefs der EU f\u00fcr humanit\u00e4re Waffenruhen in den K\u00e4mpfen zwischen Israel und der Terrorgruppe Hamas ausgesprochen, um die Verteilung von Hilfsg\u00fctern an pal\u00e4stinensische Zivilisten im Gazastreifen zu erm\u00f6glichen. In den letzten Tagen waren nur geringe Mengen an Lebensmitteln und Medikamenten in der  Enklave angekommen, die nach dem Angriff der Hamas am 7. Oktober auf Israel von der israelischen Armee belagert wird.  Gleichzeitig beschloss der Europ\u00e4ische Rat, alle notwendigen Anstrengungen zu unternehmen, um eine internationale Konferenz zu organisieren, um kurz- und langfristige L\u00f6sungen zu finden. Konkret bestehe das langfristige Ziel darin, zwei Staaten &#8211; Israel und Pal\u00e4stina &#8211; zu haben. Ebenso muss der Hamas ein Ende gesetzt werden, da sie eine Gruppierung ist, die als terroristisch eingestuft wird. Aus diesem Grund werden ihre Vertreter nicht zu der internationalen Konferenz eingeladen. Unterdessen hat sich vor dem Hintergrund der Spannungen im Nahen Osten der Druck der Migration nach Europa erh\u00f6ht. Aus diesem Grund stand auch der Migrationspakt auf der Tagesordnung der Br\u00fcsseler Gespr\u00e4che, wobei der Schwerpunkt auf der Notwendigkeit lag, das EU-Budget zu erh\u00f6hen, um das Problem der Migranten auf der Seite der Herkunftsl\u00e4nder besser bew\u00e4ltigen zu k\u00f6nnen. Es wurde ein Haushaltskollektiv vorgeschlagen, um vier Priorit\u00e4ten zu erreichen: Migration, Hilfe f\u00fcr die Ukraine, Hilfe bei Naturkatastrophen in Europa und wirtschaftliche Wettbewerbsf\u00e4higkeit der Union. Rum\u00e4nien wird beim Europ\u00e4ischen Rat in Br\u00fcssel durch Pr\u00e4sident Klaus Iohannis vertreten.<\/p>\n<p>&#13;<br \/>\n&#13;<\/p>\n<p>Der rum\u00e4nische Pr\u00e4sident Klaus Iohannis hat seinem amerikanischen Amtskollegen Joe Biden nach dem bewaffneten Anschlag in Lewiston im nord\u00f6stlichen US-Bundesstaat Maine eine Beileidsbekundung \u00fcbermittelt: Rum\u00e4nien steht in Solidarit\u00e4t mit den amerikanischen B\u00fcrgern und den Familien der Opfer, denen wir unser Mitgef\u00fchl aussprechen. Wir w\u00fcnschen auch den Verletzten eine schnelle Genesung, hei\u00dft es in der Botschaft. Achtzehn Menschen wurden erschossen und 13 verwundet. Der Hauptverd\u00e4chtige &#8211; ein Milit\u00e4rreservist &#8211; wird immer noch von der Polizei gesucht.<\/p>\n<p>&#13;<br \/>\n&#13;<\/p>\n<p>Die Regierung in Chisinau hat am Freitag den nationalen Aktionsplan bis 2027 f\u00fcr den Beitritt der Republik Moldau zur Europ\u00e4ischen Union angenommen. Das Dokument ist von strategischer Bedeutung und zielt darauf ab, die Gesetzgebung an die EU-Vorschriften anzugleichen. Der Minister f\u00fcr ausw\u00e4rtige Angelegenheiten und europ\u00e4ische Integration, Nicu Popescu, sagte, das Ziel sei, das Land auf den Beitritt zur Union bis 2030 vorzubereiten.<br \/>&#13;<br \/>\n<br \/>&#13;<br \/>\nDie israelische Armee hat einen weiteren Bodeneinfall in den Gazastreifen gegen K\u00e4mpfer der Hamas-Gruppe unternommen. Die Einheiten aus Infanterie und gepanzerten Fahrzeugen wurden von Hubschraubern unterst\u00fctzt. Laut dem Korrespondenten von Radio Rum\u00e4nien in Israel erkl\u00e4rte Premierminister Benjamin Netanjahu, dass sich das Heer noch immer auf eine vollst\u00e4ndige Bodeninvasion vorbereite, die unter anderem auf ausdr\u00fccklichen Wunsch des Pentagons verschoben worden war. Die USA hatten um Zeit gebeten , um Patriot-Raketenbatterien auf mehreren US-St\u00fctzpunkten im Nahen Osten zu stationieren. Der Sprecher des Pentagons gab bekannt, dass rund 900 US-Soldaten in den Nahen Osten verlegt worden waren oder derzeit verlegt werden, um die Schutztruppe der USA in der Region zu verst\u00e4rken.<br \/>&#13;<br \/>\n<br \/>&#13;<br \/>\nDie orthodoxen Christen, die in Rum\u00e4nien die Mehrheit bilden, feiern den Heiligen Demetrius den Neuen, der als Schutzpatron der Hauptstadt Bukarest gilt. Die Pilgerfahrt zu seinen Reliquien ist auf dem Patriarchenh\u00fcgel der Hauptstadt noch immer im Gange. Der Heilige Demetrius war ein M\u00f6nch, der im 13. Jahrhundert s\u00fcdlich der Donau auf dem Gebiet des heutigen Bulgariens lebte. Seine sterblichen \u00dcberreste wurden durch ein Wunder gefunden, als sich der Heilige einem kranken M\u00e4dchen im Traum offenbarte und ihr den genauen Ort nannte, an dem er gefunden werden konnte. Er sagte ihr auch, dass sie geheilt werden w\u00fcrde, wenn sie seinen K\u00f6rper ber\u00fchren w\u00fcrde. Daraufhin gruben die Dorfbewohner den angegebenen Ort aus und fanden den K\u00f6rper des Heiligen unversehrt. W\u00e4hrend des russisch-t\u00fcrkischen Krieges im Jahr 1774 wurden die Reliquien des Heiligen nach Bukarest gebracht. Von diesem Zeitpunkt an wurde der Heilige zum Besch\u00fctzer der Hauptstadt Bukarest sowie der historischen Provinz Walachei.<br \/>&#13;<br \/>\n<br \/>&#13;<br \/>\nIn der Nacht von Samstag auf Sonntag wird in Rum\u00e4nien die Winterzeit eingef\u00fchrt. Folglich wird aus 4 Uhr morgens 3 Uhr morgens und der Samstag wird mit 25 Stunden der l\u00e4ngste Tag in diesem Jahr sein. Das System der unterschiedlichen Sommer- und Winterzeit zielt darauf ab, die offizielle Zeit um eine Stunde anzupassen, um mehr nat\u00fcrliches Licht zu nutze<\/p>\n<p>&#13;<\/p>\n","protected":false},"excerpt":{"rendered":"<p>Die Regierung in Bukarest hat auf ihrer Sitzung am Freitag eine Dringlichkeitsverordnung verabschiedet, mit der die Begrenzung des Handels\u00fcberschusses f\u00fcr Grundnahrungsmittel um drei Monate verl\u00e4ngert und die Liste der Grundnahrungsmittel erweitert wird. Die Exekutive genehmigte au\u00dferdem ein Projekt zur Reduzierung der Ausgaben der lokalen und zentralen \u00f6ffentlichen Beh\u00f6rden. Finanzminister Marcel Bolos gab bekannt, dass das [&hellip;]<\/p>\n","protected":false},"author":113,"featured_media":460330,"comment_status":"closed","ping_status":"closed","sticky":false,"template":"","format":"standard","meta":{"_acf_changed":false,"footnotes":""},"categories":[116753],"tags":[129064,101020,129007,101785,129062,29389,29302,100928,102143,99586,129063],"coauthors":[],"class_list":["post-634639","post","type-post","status-publish","format-standard","has-post-thumbnail","hentry","category-newsflash-de","tag-beitritt-der-republik-moldau-zur-europaeischen-union","tag-dringlichkeitsverordnung","tag-finanzminister-marcel-bolos","tag-gazastreifen","tag-humanitaere-waffenruhen","tag-israel","tag-joe-biden","tag-palaestina","tag-praesident-klaus-iohannis","tag-regierung","tag-treffen-im-rahmen-des-europaeischen-rates"],"acf":[],"yoast_head":"<!-- This site is optimized with the Yoast SEO plugin v27.5 - https:\/\/yoast.com\/product\/yoast-seo-wordpress\/ -->\n<title>Nachrichten 27.10.2023 - Radio Rum\u00e4nien International<\/title>\n<meta name=\"robots\" content=\"index, follow, max-snippet:-1, max-image-preview:large, max-video-preview:-1\" \/>\n<link rel=\"canonical\" href=\"https:\/\/www.rri.ro\/de\/aktuell\/newsflash-de\/nachrichten-27-10-2023-id634639.html\" \/>\n<meta property=\"og:locale\" content=\"de_DE\" \/>\n<meta property=\"og:type\" content=\"article\" \/>\n<meta property=\"og:title\" content=\"Nachrichten 27.10.2023 - Radio Rum\u00e4nien International\" \/>\n<meta property=\"og:description\" content=\"Die Regierung in Bukarest hat auf ihrer Sitzung am Freitag eine Dringlichkeitsverordnung verabschiedet, mit der die Begrenzung des Handels\u00fcberschusses f\u00fcr Grundnahrungsmittel um drei Monate verl\u00e4ngert und die Liste der Grundnahrungsmittel erweitert wird. Die Exekutive genehmigte au\u00dferdem ein Projekt zur Reduzierung der Ausgaben der lokalen und zentralen \u00f6ffentlichen Beh\u00f6rden. Finanzminister Marcel Bolos gab bekannt, dass das [&hellip;]\" \/>\n<meta property=\"og:url\" content=\"https:\/\/www.rri.ro\/de\/aktuell\/newsflash-de\/nachrichten-27-10-2023-id634639.html\" \/>\n<meta property=\"og:site_name\" content=\"Radio Rum\u00e4nien International\" \/>\n<meta property=\"article:published_time\" content=\"2023-10-27T15:03:00+00:00\" \/>\n<meta property=\"og:image\" content=\"https:\/\/www.rri.ro\/wp-content\/uploads\/2023\/10\/stiri-germana-ok2-2.png\" \/>\n\t<meta property=\"og:image:width\" content=\"640\" \/>\n\t<meta property=\"og:image:height\" content=\"427\" \/>\n\t<meta property=\"og:image:type\" content=\"image\/png\" \/>\n<meta name=\"author\" content=\"Newsroom\" \/>\n<meta name=\"twitter:card\" content=\"summary_large_image\" \/>\n<meta name=\"twitter:label1\" content=\"Verfasst von\" \/>\n\t<meta name=\"twitter:data1\" content=\"Newsroom\" \/>\n\t<meta name=\"twitter:label2\" content=\"Gesch\u00e4tzte Lesezeit\" \/>\n\t<meta name=\"twitter:data2\" content=\"5\u00a0Minuten\" \/>\n\t<meta name=\"twitter:label3\" content=\"Written by\" \/>\n\t<meta name=\"twitter:data3\" content=\"Newsroom\" \/>\n<script type=\"application\/ld+json\" class=\"yoast-schema-graph\">{\"@context\":\"https:\\\/\\\/schema.org\",\"@graph\":[{\"@type\":\"Article\",\"@id\":\"https:\\\/\\\/www.rri.ro\\\/de\\\/aktuell\\\/newsflash-de\\\/nachrichten-27-10-2023-id634639.html#article\",\"isPartOf\":{\"@id\":\"https:\\\/\\\/www.rri.ro\\\/de\\\/aktuell\\\/newsflash-de\\\/nachrichten-27-10-2023-id634639.html\"},\"author\":{\"name\":\"Newsroom\",\"@id\":\"https:\\\/\\\/www.rri.ro\\\/#\\\/schema\\\/person\\\/4a479940371b9fdefd194f561e8a7f88\"},\"headline\":\"Nachrichten 27.10.2023\",\"datePublished\":\"2023-10-27T15:03:00+00:00\",\"mainEntityOfPage\":{\"@id\":\"https:\\\/\\\/www.rri.ro\\\/de\\\/aktuell\\\/newsflash-de\\\/nachrichten-27-10-2023-id634639.html\"},\"wordCount\":914,\"image\":{\"@id\":\"https:\\\/\\\/www.rri.ro\\\/de\\\/aktuell\\\/newsflash-de\\\/nachrichten-27-10-2023-id634639.html#primaryimage\"},\"thumbnailUrl\":\"https:\\\/\\\/www.rri.ro\\\/wp-content\\\/uploads\\\/2023\\\/10\\\/stiri-germana-ok2-2.png\",\"keywords\":[\"Beitritt der Republik Moldau zur Europ\u00e4ischen Union\",\"Dringlichkeitsverordnung\",\"Finanzminister Marcel Bolos\",\"Gazastreifen\",\"humanit\u00e4re Waffenruhen\",\"Israel\",\"Joe Biden\",\"Pal\u00e4stina\",\"Pr\u00e4sident Klaus Iohannis\",\"Regierung\",\"Treffen im Rahmen des Europ\u00e4ischen Rates\"],\"articleSection\":[\"Newsflash\"],\"inLanguage\":\"de\"},{\"@type\":\"WebPage\",\"@id\":\"https:\\\/\\\/www.rri.ro\\\/de\\\/aktuell\\\/newsflash-de\\\/nachrichten-27-10-2023-id634639.html\",\"url\":\"https:\\\/\\\/www.rri.ro\\\/de\\\/aktuell\\\/newsflash-de\\\/nachrichten-27-10-2023-id634639.html\",\"name\":\"Nachrichten 27.10.2023 - Radio Rum\u00e4nien International\",\"isPartOf\":{\"@id\":\"https:\\\/\\\/www.rri.ro\\\/#website\"},\"primaryImageOfPage\":{\"@id\":\"https:\\\/\\\/www.rri.ro\\\/de\\\/aktuell\\\/newsflash-de\\\/nachrichten-27-10-2023-id634639.html#primaryimage\"},\"image\":{\"@id\":\"https:\\\/\\\/www.rri.ro\\\/de\\\/aktuell\\\/newsflash-de\\\/nachrichten-27-10-2023-id634639.html#primaryimage\"},\"thumbnailUrl\":\"https:\\\/\\\/www.rri.ro\\\/wp-content\\\/uploads\\\/2023\\\/10\\\/stiri-germana-ok2-2.png\",\"datePublished\":\"2023-10-27T15:03:00+00:00\",\"author\":{\"@id\":\"https:\\\/\\\/www.rri.ro\\\/#\\\/schema\\\/person\\\/4a479940371b9fdefd194f561e8a7f88\"},\"breadcrumb\":{\"@id\":\"https:\\\/\\\/www.rri.ro\\\/de\\\/aktuell\\\/newsflash-de\\\/nachrichten-27-10-2023-id634639.html#breadcrumb\"},\"inLanguage\":\"de\",\"potentialAction\":[{\"@type\":\"ReadAction\",\"target\":[\"https:\\\/\\\/www.rri.ro\\\/de\\\/aktuell\\\/newsflash-de\\\/nachrichten-27-10-2023-id634639.html\"]}]},{\"@type\":\"ImageObject\",\"inLanguage\":\"de\",\"@id\":\"https:\\\/\\\/www.rri.ro\\\/de\\\/aktuell\\\/newsflash-de\\\/nachrichten-27-10-2023-id634639.html#primaryimage\",\"url\":\"https:\\\/\\\/www.rri.ro\\\/wp-content\\\/uploads\\\/2023\\\/10\\\/stiri-germana-ok2-2.png\",\"contentUrl\":\"https:\\\/\\\/www.rri.ro\\\/wp-content\\\/uploads\\\/2023\\\/10\\\/stiri-germana-ok2-2.png\",\"width\":640,\"height\":427},{\"@type\":\"BreadcrumbList\",\"@id\":\"https:\\\/\\\/www.rri.ro\\\/de\\\/aktuell\\\/newsflash-de\\\/nachrichten-27-10-2023-id634639.html#breadcrumb\",\"itemListElement\":[{\"@type\":\"ListItem\",\"position\":1,\"name\":\"Startseite\",\"item\":\"https:\\\/\\\/www.rri.ro\\\/de\"},{\"@type\":\"ListItem\",\"position\":2,\"name\":\"Aktuell\",\"item\":\"https:\\\/\\\/www.rri.ro\\\/de\\\/aktuell\"},{\"@type\":\"ListItem\",\"position\":3,\"name\":\"Newsflash\",\"item\":\"https:\\\/\\\/www.rri.ro\\\/de\\\/aktuell\\\/newsflash-de\"},{\"@type\":\"ListItem\",\"position\":4,\"name\":\"Nachrichten 27.10.2023\"}]},{\"@type\":\"WebSite\",\"@id\":\"https:\\\/\\\/www.rri.ro\\\/#website\",\"url\":\"https:\\\/\\\/www.rri.ro\\\/\",\"name\":\"Radio Rum\u00e4nien International\",\"description\":\"Totul despre Rom\u00e2nia \u015fi rom\u00e2ni, \u00een 13 limbi\\\/dialecte!\",\"inLanguage\":\"de\"},{\"@type\":\"Person\",\"@id\":\"https:\\\/\\\/www.rri.ro\\\/#\\\/schema\\\/person\\\/4a479940371b9fdefd194f561e8a7f88\",\"name\":\"Newsroom\",\"url\":\"https:\\\/\\\/www.rri.ro\\\/de\\\/author\\\/newsroom\"}]}<\/script>\n<!-- \/ Yoast SEO plugin. -->","yoast_head_json":{"title":"Nachrichten 27.10.2023 - Radio Rum\u00e4nien International","robots":{"index":"index","follow":"follow","max-snippet":"max-snippet:-1","max-image-preview":"max-image-preview:large","max-video-preview":"max-video-preview:-1"},"canonical":"https:\/\/www.rri.ro\/de\/aktuell\/newsflash-de\/nachrichten-27-10-2023-id634639.html","og_locale":"de_DE","og_type":"article","og_title":"Nachrichten 27.10.2023 - Radio Rum\u00e4nien International","og_description":"Die Regierung in Bukarest hat auf ihrer Sitzung am Freitag eine Dringlichkeitsverordnung verabschiedet, mit der die Begrenzung des Handels\u00fcberschusses f\u00fcr Grundnahrungsmittel um drei Monate verl\u00e4ngert und die Liste der Grundnahrungsmittel erweitert wird. Die Exekutive genehmigte au\u00dferdem ein Projekt zur Reduzierung der Ausgaben der lokalen und zentralen \u00f6ffentlichen Beh\u00f6rden. Finanzminister Marcel Bolos gab bekannt, dass das [&hellip;]","og_url":"https:\/\/www.rri.ro\/de\/aktuell\/newsflash-de\/nachrichten-27-10-2023-id634639.html","og_site_name":"Radio Rum\u00e4nien International","article_published_time":"2023-10-27T15:03:00+00:00","og_image":[{"width":640,"height":427,"url":"https:\/\/www.rri.ro\/wp-content\/uploads\/2023\/10\/stiri-germana-ok2-2.png","type":"image\/png"}],"author":"Newsroom","twitter_card":"summary_large_image","twitter_misc":{"Verfasst von":"Newsroom","Gesch\u00e4tzte Lesezeit":"5\u00a0Minuten","Written by":"Newsroom"},"schema":{"@context":"https:\/\/schema.org","@graph":[{"@type":"Article","@id":"https:\/\/www.rri.ro\/de\/aktuell\/newsflash-de\/nachrichten-27-10-2023-id634639.html#article","isPartOf":{"@id":"https:\/\/www.rri.ro\/de\/aktuell\/newsflash-de\/nachrichten-27-10-2023-id634639.html"},"author":{"name":"Newsroom","@id":"https:\/\/www.rri.ro\/#\/schema\/person\/4a479940371b9fdefd194f561e8a7f88"},"headline":"Nachrichten 27.10.2023","datePublished":"2023-10-27T15:03:00+00:00","mainEntityOfPage":{"@id":"https:\/\/www.rri.ro\/de\/aktuell\/newsflash-de\/nachrichten-27-10-2023-id634639.html"},"wordCount":914,"image":{"@id":"https:\/\/www.rri.ro\/de\/aktuell\/newsflash-de\/nachrichten-27-10-2023-id634639.html#primaryimage"},"thumbnailUrl":"https:\/\/www.rri.ro\/wp-content\/uploads\/2023\/10\/stiri-germana-ok2-2.png","keywords":["Beitritt der Republik Moldau zur Europ\u00e4ischen Union","Dringlichkeitsverordnung","Finanzminister Marcel Bolos","Gazastreifen","humanit\u00e4re Waffenruhen","Israel","Joe Biden","Pal\u00e4stina","Pr\u00e4sident Klaus Iohannis","Regierung","Treffen im Rahmen des Europ\u00e4ischen Rates"],"articleSection":["Newsflash"],"inLanguage":"de"},{"@type":"WebPage","@id":"https:\/\/www.rri.ro\/de\/aktuell\/newsflash-de\/nachrichten-27-10-2023-id634639.html","url":"https:\/\/www.rri.ro\/de\/aktuell\/newsflash-de\/nachrichten-27-10-2023-id634639.html","name":"Nachrichten 27.10.2023 - Radio Rum\u00e4nien International","isPartOf":{"@id":"https:\/\/www.rri.ro\/#website"},"primaryImageOfPage":{"@id":"https:\/\/www.rri.ro\/de\/aktuell\/newsflash-de\/nachrichten-27-10-2023-id634639.html#primaryimage"},"image":{"@id":"https:\/\/www.rri.ro\/de\/aktuell\/newsflash-de\/nachrichten-27-10-2023-id634639.html#primaryimage"},"thumbnailUrl":"https:\/\/www.rri.ro\/wp-content\/uploads\/2023\/10\/stiri-germana-ok2-2.png","datePublished":"2023-10-27T15:03:00+00:00","author":{"@id":"https:\/\/www.rri.ro\/#\/schema\/person\/4a479940371b9fdefd194f561e8a7f88"},"breadcrumb":{"@id":"https:\/\/www.rri.ro\/de\/aktuell\/newsflash-de\/nachrichten-27-10-2023-id634639.html#breadcrumb"},"inLanguage":"de","potentialAction":[{"@type":"ReadAction","target":["https:\/\/www.rri.ro\/de\/aktuell\/newsflash-de\/nachrichten-27-10-2023-id634639.html"]}]},{"@type":"ImageObject","inLanguage":"de","@id":"https:\/\/www.rri.ro\/de\/aktuell\/newsflash-de\/nachrichten-27-10-2023-id634639.html#primaryimage","url":"https:\/\/www.rri.ro\/wp-content\/uploads\/2023\/10\/stiri-germana-ok2-2.png","contentUrl":"https:\/\/www.rri.ro\/wp-content\/uploads\/2023\/10\/stiri-germana-ok2-2.png","width":640,"height":427},{"@type":"BreadcrumbList","@id":"https:\/\/www.rri.ro\/de\/aktuell\/newsflash-de\/nachrichten-27-10-2023-id634639.html#breadcrumb","itemListElement":[{"@type":"ListItem","position":1,"name":"Startseite","item":"https:\/\/www.rri.ro\/de"},{"@type":"ListItem","position":2,"name":"Aktuell","item":"https:\/\/www.rri.ro\/de\/aktuell"},{"@type":"ListItem","position":3,"name":"Newsflash","item":"https:\/\/www.rri.ro\/de\/aktuell\/newsflash-de"},{"@type":"ListItem","position":4,"name":"Nachrichten 27.10.2023"}]},{"@type":"WebSite","@id":"https:\/\/www.rri.ro\/#website","url":"https:\/\/www.rri.ro\/","name":"Radio Rum\u00e4nien International","description":"Totul despre Rom\u00e2nia \u015fi rom\u00e2ni, \u00een 13 limbi\/dialecte!","inLanguage":"de"},{"@type":"Person","@id":"https:\/\/www.rri.ro\/#\/schema\/person\/4a479940371b9fdefd194f561e8a7f88","name":"Newsroom","url":"https:\/\/www.rri.ro\/de\/author\/newsroom"}]}},"_links":{"self":[{"href":"https:\/\/www.rri.ro\/de\/wp-json\/wp\/v2\/posts\/634639","targetHints":{"allow":["GET"]}}],"collection":[{"href":"https:\/\/www.rri.ro\/de\/wp-json\/wp\/v2\/posts"}],"about":[{"href":"https:\/\/www.rri.ro\/de\/wp-json\/wp\/v2\/types\/post"}],"author":[{"embeddable":true,"href":"https:\/\/www.rri.ro\/de\/wp-json\/wp\/v2\/users\/113"}],"replies":[{"embeddable":true,"href":"https:\/\/www.rri.ro\/de\/wp-json\/wp\/v2\/comments?post=634639"}],"version-history":[{"count":0,"href":"https:\/\/www.rri.ro\/de\/wp-json\/wp\/v2\/posts\/634639\/revisions"}],"wp:featuredmedia":[{"embeddable":true,"href":"https:\/\/www.rri.ro\/de\/wp-json\/wp\/v2\/media\/460330"}],"wp:attachment":[{"href":"https:\/\/www.rri.ro\/de\/wp-json\/wp\/v2\/media?parent=634639"}],"wp:term":[{"taxonomy":"category","embeddable":true,"href":"https:\/\/www.rri.ro\/de\/wp-json\/wp\/v2\/categories?post=634639"},{"taxonomy":"post_tag","embeddable":true,"href":"https:\/\/www.rri.ro\/de\/wp-json\/wp\/v2\/tags?post=634639"},{"taxonomy":"author","embeddable":true,"href":"https:\/\/www.rri.ro\/de\/wp-json\/wp\/v2\/coauthors?post=634639"}],"curies":[{"name":"wp","href":"https:\/\/api.w.org\/{rel}","templated":true}]}}