{"id":634674,"date":"2023-12-07T18:05:00","date_gmt":"2023-12-07T16:05:00","guid":{"rendered":"http:\/\/devrri.freshlemon.ro\/aktuell\/nachrichten-07-12-2023-id634674.html"},"modified":"2023-12-07T18:05:00","modified_gmt":"2023-12-07T16:05:00","slug":"nachrichten-07-12-2023","status":"publish","type":"post","link":"https:\/\/www.rri.ro\/de\/aktuell\/newsflash-de\/nachrichten-07-12-2023-id634674.html","title":{"rendered":"Nachrichten 07.12.2023"},"content":{"rendered":"<p>Weitere 30 rum\u00e4nische Staatsb\u00fcrger sind aus dem Gazastreifen evakuiert worden und mit einem Milit\u00e4rflugzeug in Rum\u00e4nien angekommen \u2013 teilte das Au\u00dfenministerium aus Bukarest mit. Au\u00dferdem wurden 4 B\u00fcrger aus der benachbarten Republik Moldau mitgebracht. Bisher wurden 279 Menschen mit rum\u00e4nischer Staatsb\u00fcrgerschaft und ihre Familienangeh\u00f6rigen mit einer anderen Staatsb\u00fcrgerschaft aus dem Gazastreifen evakuiert. Die rum\u00e4nische Diplomatie setzt den Dialog mit den israelischen und \u00e4gyptischen Beh\u00f6rden \u00fcber die Evakuierung rum\u00e4nischer B\u00fcrger fort, die dies w\u00fcnschen, abh\u00e4ngig von den Entwicklungen vor Ort und den Vereinbarungen der beteiligten Parteien.<\/p>\n<p>&#13;<br \/>\n&#13;<\/p>\n<p>&#13;<br \/>\n&#13;<\/p>\n<p>Am letzten der vier Tage seines Besuchs in den Vereinigten Staaten traf sich der rum\u00e4nische Premierminister Marcel Ciolacu am Mittwoch mit dem Pr\u00e4sidenten des J\u00fcdischen Weltkongresses, Ronald Lauder, und mit Vertretern des American Jewish Joint Distribution Committee. Bei dieser Gelegenheit erkl\u00e4rte der Premierminister aus Bukarest, dass die Pr\u00e4vention und Bek\u00e4mpfung von Antisemitismus zu den Priorit\u00e4ten der von ihm gef\u00fchrten Regierung geh\u00f6re, aber auch, dass auf der Ebene des Premierministers eine neue nationale Strategie zu diesem Thema f\u00fcr 2024-2027 entwickelt werde B\u00fcro des Ministers. Marcel Ciolacu bekr\u00e4ftigte seine Solidarit\u00e4t mit dem israelischen Volk und verurteilte die von der Hamas begangene Gewalt, die gleicherma\u00dfen Folgen f\u00fcr israelische und pal\u00e4stinensische Zivilisten, aber auch f\u00fcr einige B\u00fcrger anderer L\u00e4nder habe.<\/p>\n<p>&#13;<br \/>\n&#13;<\/p>\n<p>&#13;<br \/>\n&#13;<\/p>\n<p>Die rum\u00e4nische Frauen-Handballnationalmannschaft spielt heute Abend in der Hauptgruppe 3 bei der Weltmeisterschaft gegen Deutschland. In dieser Gruppe spielen die rum\u00e4nischen Frauen auch gegen Polen und Japan. Um das Viertelfinale der Weltmeisterschaft und damit auch das vorolympische Turnier zu erreichen, muss die rum\u00e4nische Nationalmannschaft einen der ersten beiden Pl\u00e4tze in der Hauptgruppe 3 belegen. Wir erinnern Sie daran, dass zuvor in Gruppe E Die Tricolors\u201c besiegten Chile mit 44:19 und Serbien mit 37:28. Sie wurden jedoch von D\u00e4nemark mit 23:39 geschlagen.<\/p>\n<p>&#13;<br \/>\n&#13;<\/p>\n<p>&#13;<br \/>\n&#13;<\/p>\n<p>Das Wetter in Rum\u00e4nien ist heute \u00fcberwiegend geschlossen, und vor allem im Osten und S\u00fcdosten liegen die Thermikwerte leicht unter den mehrj\u00e4hrigen Durchschnittswerten dieses Datums. Die Tagesh\u00f6chstwerte liegen in der Regel zwischen minus 1 und plus 5 Grad Celsius, die Tiefstwerte liegen im Nordosten. Vor\u00fcbergehend fallen Niederschl\u00e4ge \u00fcberwiegend in Form von Schnee in den Berggebieten und im gr\u00f6\u00dften Teil des \u00f6stlichen Teils des Landes, wo sich eine neue Schneeschicht ablagert, gemischt im Norden, in der Mitte, im S\u00fcden und S\u00fcdosten sowie im S\u00fcden h\u00fcgeliges Gebiet im Westen und \u00fcberwiegend Regen und Graupel im Rest. Der Wind weht schwach und m\u00e4\u00dfig, mit einer gewissen Verst\u00e4rkung im S\u00fcdosten des Territoriums, der an der Schwarzmeerk\u00fcste Geschwindigkeiten von bis zu 40&#8230;50 km\/h erreichen kann.<\/p>\n<p>&#13;<\/p>\n","protected":false},"excerpt":{"rendered":"<p>Weitere 30 rum\u00e4nische Staatsb\u00fcrger sind aus dem Gazastreifen evakuiert worden und mit einem Milit\u00e4rflugzeug in Rum\u00e4nien angekommen \u2013 teilte das Au\u00dfenministerium aus Bukarest mit. Au\u00dferdem wurden 4 B\u00fcrger aus der benachbarten Republik Moldau mitgebracht. Bisher wurden 279 Menschen mit rum\u00e4nischer Staatsb\u00fcrgerschaft und ihre Familienangeh\u00f6rigen mit einer anderen Staatsb\u00fcrgerschaft aus dem Gazastreifen evakuiert. Die rum\u00e4nische Diplomatie [&hellip;]<\/p>\n","protected":false},"author":113,"featured_media":460330,"comment_status":"closed","ping_status":"closed","sticky":false,"template":"","format":"standard","meta":{"_acf_changed":false,"footnotes":""},"categories":[116753],"tags":[124030,101785,128923],"coauthors":[],"class_list":["post-634674","post","type-post","status-publish","format-standard","has-post-thumbnail","hentry","category-newsflash-de","tag-frauen-handballnationalmannschaft","tag-gazastreifen","tag-premierminister-marcel-ciolacu"],"acf":[],"yoast_head":"<!-- This site is optimized with the Yoast SEO plugin v27.3 - https:\/\/yoast.com\/product\/yoast-seo-wordpress\/ -->\n<title>Nachrichten 07.12.2023 - Radio Rum\u00e4nien International<\/title>\n<meta name=\"robots\" content=\"index, follow, max-snippet:-1, max-image-preview:large, max-video-preview:-1\" \/>\n<link rel=\"canonical\" href=\"https:\/\/www.rri.ro\/de\/aktuell\/newsflash-de\/nachrichten-07-12-2023-id634674.html\" \/>\n<meta property=\"og:locale\" content=\"de_DE\" \/>\n<meta property=\"og:type\" content=\"article\" \/>\n<meta property=\"og:title\" content=\"Nachrichten 07.12.2023 - Radio Rum\u00e4nien International\" \/>\n<meta property=\"og:description\" content=\"Weitere 30 rum\u00e4nische Staatsb\u00fcrger sind aus dem Gazastreifen evakuiert worden und mit einem Milit\u00e4rflugzeug in Rum\u00e4nien angekommen \u2013 teilte das Au\u00dfenministerium aus Bukarest mit. Au\u00dferdem wurden 4 B\u00fcrger aus der benachbarten Republik Moldau mitgebracht. Bisher wurden 279 Menschen mit rum\u00e4nischer Staatsb\u00fcrgerschaft und ihre Familienangeh\u00f6rigen mit einer anderen Staatsb\u00fcrgerschaft aus dem Gazastreifen evakuiert. Die rum\u00e4nische Diplomatie [&hellip;]\" \/>\n<meta property=\"og:url\" content=\"https:\/\/www.rri.ro\/de\/aktuell\/newsflash-de\/nachrichten-07-12-2023-id634674.html\" \/>\n<meta property=\"og:site_name\" content=\"Radio Rum\u00e4nien International\" \/>\n<meta property=\"article:published_time\" content=\"2023-12-07T16:05:00+00:00\" \/>\n<meta property=\"og:image\" content=\"https:\/\/www.rri.ro\/wp-content\/uploads\/2023\/10\/stiri-germana-ok2-2.png\" \/>\n\t<meta property=\"og:image:width\" content=\"640\" \/>\n\t<meta property=\"og:image:height\" content=\"427\" \/>\n\t<meta property=\"og:image:type\" content=\"image\/png\" \/>\n<meta name=\"author\" content=\"Newsroom\" \/>\n<meta name=\"twitter:card\" content=\"summary_large_image\" \/>\n<meta name=\"twitter:label1\" content=\"Verfasst von\" \/>\n\t<meta name=\"twitter:data1\" content=\"Newsroom\" \/>\n\t<meta name=\"twitter:label2\" content=\"Gesch\u00e4tzte Lesezeit\" \/>\n\t<meta name=\"twitter:data2\" content=\"2\u00a0Minuten\" \/>\n\t<meta name=\"twitter:label3\" content=\"Written by\" \/>\n\t<meta name=\"twitter:data3\" content=\"Newsroom\" \/>\n<script type=\"application\/ld+json\" class=\"yoast-schema-graph\">{\"@context\":\"https:\\\/\\\/schema.org\",\"@graph\":[{\"@type\":\"Article\",\"@id\":\"https:\\\/\\\/www.rri.ro\\\/de\\\/aktuell\\\/newsflash-de\\\/nachrichten-07-12-2023-id634674.html#article\",\"isPartOf\":{\"@id\":\"https:\\\/\\\/www.rri.ro\\\/de\\\/aktuell\\\/newsflash-de\\\/nachrichten-07-12-2023-id634674.html\"},\"author\":{\"name\":\"Newsroom\",\"@id\":\"https:\\\/\\\/www.rri.ro\\\/#\\\/schema\\\/person\\\/4a479940371b9fdefd194f561e8a7f88\"},\"headline\":\"Nachrichten 07.12.2023\",\"datePublished\":\"2023-12-07T16:05:00+00:00\",\"mainEntityOfPage\":{\"@id\":\"https:\\\/\\\/www.rri.ro\\\/de\\\/aktuell\\\/newsflash-de\\\/nachrichten-07-12-2023-id634674.html\"},\"wordCount\":448,\"image\":{\"@id\":\"https:\\\/\\\/www.rri.ro\\\/de\\\/aktuell\\\/newsflash-de\\\/nachrichten-07-12-2023-id634674.html#primaryimage\"},\"thumbnailUrl\":\"https:\\\/\\\/www.rri.ro\\\/wp-content\\\/uploads\\\/2023\\\/10\\\/stiri-germana-ok2-2.png\",\"keywords\":[\"Frauen-Handballnationalmannschaft\",\"Gazastreifen\",\"Premierminister Marcel Ciolacu\"],\"articleSection\":[\"Newsflash\"],\"inLanguage\":\"de\"},{\"@type\":\"WebPage\",\"@id\":\"https:\\\/\\\/www.rri.ro\\\/de\\\/aktuell\\\/newsflash-de\\\/nachrichten-07-12-2023-id634674.html\",\"url\":\"https:\\\/\\\/www.rri.ro\\\/de\\\/aktuell\\\/newsflash-de\\\/nachrichten-07-12-2023-id634674.html\",\"name\":\"Nachrichten 07.12.2023 - Radio Rum\u00e4nien International\",\"isPartOf\":{\"@id\":\"https:\\\/\\\/www.rri.ro\\\/#website\"},\"primaryImageOfPage\":{\"@id\":\"https:\\\/\\\/www.rri.ro\\\/de\\\/aktuell\\\/newsflash-de\\\/nachrichten-07-12-2023-id634674.html#primaryimage\"},\"image\":{\"@id\":\"https:\\\/\\\/www.rri.ro\\\/de\\\/aktuell\\\/newsflash-de\\\/nachrichten-07-12-2023-id634674.html#primaryimage\"},\"thumbnailUrl\":\"https:\\\/\\\/www.rri.ro\\\/wp-content\\\/uploads\\\/2023\\\/10\\\/stiri-germana-ok2-2.png\",\"datePublished\":\"2023-12-07T16:05:00+00:00\",\"author\":{\"@id\":\"https:\\\/\\\/www.rri.ro\\\/#\\\/schema\\\/person\\\/4a479940371b9fdefd194f561e8a7f88\"},\"breadcrumb\":{\"@id\":\"https:\\\/\\\/www.rri.ro\\\/de\\\/aktuell\\\/newsflash-de\\\/nachrichten-07-12-2023-id634674.html#breadcrumb\"},\"inLanguage\":\"de\",\"potentialAction\":[{\"@type\":\"ReadAction\",\"target\":[\"https:\\\/\\\/www.rri.ro\\\/de\\\/aktuell\\\/newsflash-de\\\/nachrichten-07-12-2023-id634674.html\"]}]},{\"@type\":\"ImageObject\",\"inLanguage\":\"de\",\"@id\":\"https:\\\/\\\/www.rri.ro\\\/de\\\/aktuell\\\/newsflash-de\\\/nachrichten-07-12-2023-id634674.html#primaryimage\",\"url\":\"https:\\\/\\\/www.rri.ro\\\/wp-content\\\/uploads\\\/2023\\\/10\\\/stiri-germana-ok2-2.png\",\"contentUrl\":\"https:\\\/\\\/www.rri.ro\\\/wp-content\\\/uploads\\\/2023\\\/10\\\/stiri-germana-ok2-2.png\",\"width\":640,\"height\":427},{\"@type\":\"BreadcrumbList\",\"@id\":\"https:\\\/\\\/www.rri.ro\\\/de\\\/aktuell\\\/newsflash-de\\\/nachrichten-07-12-2023-id634674.html#breadcrumb\",\"itemListElement\":[{\"@type\":\"ListItem\",\"position\":1,\"name\":\"Startseite\",\"item\":\"https:\\\/\\\/www.rri.ro\\\/de\"},{\"@type\":\"ListItem\",\"position\":2,\"name\":\"Aktuell\",\"item\":\"https:\\\/\\\/www.rri.ro\\\/de\\\/aktuell\"},{\"@type\":\"ListItem\",\"position\":3,\"name\":\"Newsflash\",\"item\":\"https:\\\/\\\/www.rri.ro\\\/de\\\/aktuell\\\/newsflash-de\"},{\"@type\":\"ListItem\",\"position\":4,\"name\":\"Nachrichten 07.12.2023\"}]},{\"@type\":\"WebSite\",\"@id\":\"https:\\\/\\\/www.rri.ro\\\/#website\",\"url\":\"https:\\\/\\\/www.rri.ro\\\/\",\"name\":\"Radio Rum\u00e4nien International\",\"description\":\"Totul despre Rom\u00e2nia \u015fi rom\u00e2ni, \u00een 13 limbi\\\/dialecte!\",\"inLanguage\":\"de\"},{\"@type\":\"Person\",\"@id\":\"https:\\\/\\\/www.rri.ro\\\/#\\\/schema\\\/person\\\/4a479940371b9fdefd194f561e8a7f88\",\"name\":\"Newsroom\",\"url\":\"https:\\\/\\\/www.rri.ro\\\/de\\\/author\\\/newsroom\"}]}<\/script>\n<!-- \/ Yoast SEO plugin. -->","yoast_head_json":{"title":"Nachrichten 07.12.2023 - Radio Rum\u00e4nien International","robots":{"index":"index","follow":"follow","max-snippet":"max-snippet:-1","max-image-preview":"max-image-preview:large","max-video-preview":"max-video-preview:-1"},"canonical":"https:\/\/www.rri.ro\/de\/aktuell\/newsflash-de\/nachrichten-07-12-2023-id634674.html","og_locale":"de_DE","og_type":"article","og_title":"Nachrichten 07.12.2023 - Radio Rum\u00e4nien International","og_description":"Weitere 30 rum\u00e4nische Staatsb\u00fcrger sind aus dem Gazastreifen evakuiert worden und mit einem Milit\u00e4rflugzeug in Rum\u00e4nien angekommen \u2013 teilte das Au\u00dfenministerium aus Bukarest mit. Au\u00dferdem wurden 4 B\u00fcrger aus der benachbarten Republik Moldau mitgebracht. Bisher wurden 279 Menschen mit rum\u00e4nischer Staatsb\u00fcrgerschaft und ihre Familienangeh\u00f6rigen mit einer anderen Staatsb\u00fcrgerschaft aus dem Gazastreifen evakuiert. Die rum\u00e4nische Diplomatie [&hellip;]","og_url":"https:\/\/www.rri.ro\/de\/aktuell\/newsflash-de\/nachrichten-07-12-2023-id634674.html","og_site_name":"Radio Rum\u00e4nien International","article_published_time":"2023-12-07T16:05:00+00:00","og_image":[{"width":640,"height":427,"url":"https:\/\/www.rri.ro\/wp-content\/uploads\/2023\/10\/stiri-germana-ok2-2.png","type":"image\/png"}],"author":"Newsroom","twitter_card":"summary_large_image","twitter_misc":{"Verfasst von":"Newsroom","Gesch\u00e4tzte Lesezeit":"2\u00a0Minuten","Written by":"Newsroom"},"schema":{"@context":"https:\/\/schema.org","@graph":[{"@type":"Article","@id":"https:\/\/www.rri.ro\/de\/aktuell\/newsflash-de\/nachrichten-07-12-2023-id634674.html#article","isPartOf":{"@id":"https:\/\/www.rri.ro\/de\/aktuell\/newsflash-de\/nachrichten-07-12-2023-id634674.html"},"author":{"name":"Newsroom","@id":"https:\/\/www.rri.ro\/#\/schema\/person\/4a479940371b9fdefd194f561e8a7f88"},"headline":"Nachrichten 07.12.2023","datePublished":"2023-12-07T16:05:00+00:00","mainEntityOfPage":{"@id":"https:\/\/www.rri.ro\/de\/aktuell\/newsflash-de\/nachrichten-07-12-2023-id634674.html"},"wordCount":448,"image":{"@id":"https:\/\/www.rri.ro\/de\/aktuell\/newsflash-de\/nachrichten-07-12-2023-id634674.html#primaryimage"},"thumbnailUrl":"https:\/\/www.rri.ro\/wp-content\/uploads\/2023\/10\/stiri-germana-ok2-2.png","keywords":["Frauen-Handballnationalmannschaft","Gazastreifen","Premierminister Marcel Ciolacu"],"articleSection":["Newsflash"],"inLanguage":"de"},{"@type":"WebPage","@id":"https:\/\/www.rri.ro\/de\/aktuell\/newsflash-de\/nachrichten-07-12-2023-id634674.html","url":"https:\/\/www.rri.ro\/de\/aktuell\/newsflash-de\/nachrichten-07-12-2023-id634674.html","name":"Nachrichten 07.12.2023 - Radio Rum\u00e4nien International","isPartOf":{"@id":"https:\/\/www.rri.ro\/#website"},"primaryImageOfPage":{"@id":"https:\/\/www.rri.ro\/de\/aktuell\/newsflash-de\/nachrichten-07-12-2023-id634674.html#primaryimage"},"image":{"@id":"https:\/\/www.rri.ro\/de\/aktuell\/newsflash-de\/nachrichten-07-12-2023-id634674.html#primaryimage"},"thumbnailUrl":"https:\/\/www.rri.ro\/wp-content\/uploads\/2023\/10\/stiri-germana-ok2-2.png","datePublished":"2023-12-07T16:05:00+00:00","author":{"@id":"https:\/\/www.rri.ro\/#\/schema\/person\/4a479940371b9fdefd194f561e8a7f88"},"breadcrumb":{"@id":"https:\/\/www.rri.ro\/de\/aktuell\/newsflash-de\/nachrichten-07-12-2023-id634674.html#breadcrumb"},"inLanguage":"de","potentialAction":[{"@type":"ReadAction","target":["https:\/\/www.rri.ro\/de\/aktuell\/newsflash-de\/nachrichten-07-12-2023-id634674.html"]}]},{"@type":"ImageObject","inLanguage":"de","@id":"https:\/\/www.rri.ro\/de\/aktuell\/newsflash-de\/nachrichten-07-12-2023-id634674.html#primaryimage","url":"https:\/\/www.rri.ro\/wp-content\/uploads\/2023\/10\/stiri-germana-ok2-2.png","contentUrl":"https:\/\/www.rri.ro\/wp-content\/uploads\/2023\/10\/stiri-germana-ok2-2.png","width":640,"height":427},{"@type":"BreadcrumbList","@id":"https:\/\/www.rri.ro\/de\/aktuell\/newsflash-de\/nachrichten-07-12-2023-id634674.html#breadcrumb","itemListElement":[{"@type":"ListItem","position":1,"name":"Startseite","item":"https:\/\/www.rri.ro\/de"},{"@type":"ListItem","position":2,"name":"Aktuell","item":"https:\/\/www.rri.ro\/de\/aktuell"},{"@type":"ListItem","position":3,"name":"Newsflash","item":"https:\/\/www.rri.ro\/de\/aktuell\/newsflash-de"},{"@type":"ListItem","position":4,"name":"Nachrichten 07.12.2023"}]},{"@type":"WebSite","@id":"https:\/\/www.rri.ro\/#website","url":"https:\/\/www.rri.ro\/","name":"Radio Rum\u00e4nien International","description":"Totul despre Rom\u00e2nia \u015fi rom\u00e2ni, \u00een 13 limbi\/dialecte!","inLanguage":"de"},{"@type":"Person","@id":"https:\/\/www.rri.ro\/#\/schema\/person\/4a479940371b9fdefd194f561e8a7f88","name":"Newsroom","url":"https:\/\/www.rri.ro\/de\/author\/newsroom"}]}},"_links":{"self":[{"href":"https:\/\/www.rri.ro\/de\/wp-json\/wp\/v2\/posts\/634674","targetHints":{"allow":["GET"]}}],"collection":[{"href":"https:\/\/www.rri.ro\/de\/wp-json\/wp\/v2\/posts"}],"about":[{"href":"https:\/\/www.rri.ro\/de\/wp-json\/wp\/v2\/types\/post"}],"author":[{"embeddable":true,"href":"https:\/\/www.rri.ro\/de\/wp-json\/wp\/v2\/users\/113"}],"replies":[{"embeddable":true,"href":"https:\/\/www.rri.ro\/de\/wp-json\/wp\/v2\/comments?post=634674"}],"version-history":[{"count":0,"href":"https:\/\/www.rri.ro\/de\/wp-json\/wp\/v2\/posts\/634674\/revisions"}],"wp:featuredmedia":[{"embeddable":true,"href":"https:\/\/www.rri.ro\/de\/wp-json\/wp\/v2\/media\/460330"}],"wp:attachment":[{"href":"https:\/\/www.rri.ro\/de\/wp-json\/wp\/v2\/media?parent=634674"}],"wp:term":[{"taxonomy":"category","embeddable":true,"href":"https:\/\/www.rri.ro\/de\/wp-json\/wp\/v2\/categories?post=634674"},{"taxonomy":"post_tag","embeddable":true,"href":"https:\/\/www.rri.ro\/de\/wp-json\/wp\/v2\/tags?post=634674"},{"taxonomy":"author","embeddable":true,"href":"https:\/\/www.rri.ro\/de\/wp-json\/wp\/v2\/coauthors?post=634674"}],"curies":[{"name":"wp","href":"https:\/\/api.w.org\/{rel}","templated":true}]}}