{"id":635654,"date":"2013-03-09T20:11:00","date_gmt":"2013-03-09T18:11:00","guid":{"rendered":"http:\/\/devrri.freshlemon.ro\/aktuell\/qsl-3-2013-id635654.html"},"modified":"2013-03-09T20:11:00","modified_gmt":"2013-03-09T18:11:00","slug":"qsl-3-2013","status":"publish","type":"post","link":"https:\/\/www.rri.ro\/de\/hoererecke\/qsl-de\/qsl-3-2013-id635654.html","title":{"rendered":"QSL 3 \/ 2013"},"content":{"rendered":"<p>Das im Jahr 1959 erbaute und 1961 eingeweihte Konzertstudio Mihail Jora\u201c ist der gr\u00f6\u200e\u00dfte Saal f\u00fcr symphonische Konzerte und Ch\u00f6re in Bukarest und der einzige, der die M\u00f6glichkeit digitaler Live-Aufnahmen bietet. Der Radiosaal\u201c, wie er im Volksmund hei\u200e\u00dft, ist vor wenigen Jahren saniert und modernisiert worden und gilt von der Akustik her als der beste Konzertsaal in Bukarest.<\/p>\n<p>&#13;<br \/>\n&#13;<\/p>\n<p>&#13;<br \/>\n&#13;<\/p>\n<p>Die am 5. August 2009 aufgenommenen Sanierungsarbeiten dauerten nur zwei Monate. Dabei wurden Fu\u200e\u00dfboden und Publikumsst\u00fchle erneuert, behindertengerechte St\u00fchle eingesetzt und das Podium renoviert. Dabei galt es zu beachten, dass die Akustik des Saales unver\u00e4ndert bleibt. Der Konzertsaal ist daf\u00fcr ber\u00fchmt, dass er gleichgute Klangbedingungen auf allen nahezu 1000 Sitzpl\u00e4tzen bietet. Die Orgel des Konzertsaales wurde im Jahr 1960 in der ehemaligen Tschechoslowakei gebaut und hat 7600 Pfeifen. Restauriert und modernsiert wurde diese wiederum in Tschechien, bei der Erzeugerfirma.<\/p>\n<p>&#13;<br \/>\n&#13;<\/p>\n<p>&#13;<br \/>\n&#13;<\/p>\n<p>Der Konzertsaal wurde nach dem rum\u00e4nischen Komponisten und Dirigenten Mihail Jora benannt, der auch Mitglied der Rum\u00e4nischen Akademie und Rektor der K\u00f6niglichen Musikakademie in Bukarest war. Er hat in Leipzig und Paris studiert und Komposition am Konservatorium in Bukarest gelehrt. Zu seinem Werk geh\u00f6ren Ballette, Suiten, symphonische Dichtungen, Kammermusik. Er ist einer der wichtigsten Vertreter des Liedes in der rum\u00e4nischen Musik. Das Werk Joras kennzeichnet sich durch die meisterhafte Bearbeitung melodischer und rhythmischer Elemente, wie sie dem Volkslied eigen sind. Der Verein der rum\u00e4nischen Musikkritiker, der j\u00e4hrlich in Bukarest den nationalen Musikinterpretationswettbewerb Mihail Jora\u201c veranstaltet, tr\u00e4gt ebenfalls seinen Namen.<\/p>\n<p>&#13;<br \/>\n&#13;<\/p>\n<p>&#13;<br \/>\n&#13;<\/p>\n<p>Im Laufe der Zeit traten im Konzertsaal des Rum\u00e4nischen Rundfunks prominente Solisten und Orchester der Welt auf. Nach 1990 fanden im Mihail Jora\u201c &#8212; Studio auch Konzerte im Rahmen des Internationalen Festivals George Enescu\u201c und des Radio-Orchester-Festivals RadiRo\u201c statt.<\/p>\n<p>&#13;<br \/>\n&#13;<\/p>\n<p>&#13;<br \/>\n&#13;<\/p>\n<p><b>Foto: Alexandru Dolea <\/b><\/p>\n<p>&#13;<\/p>\n","protected":false},"excerpt":{"rendered":"<p>QSL M\u00e4rz 2013: Eingang zum Konzertsaal des Rum\u00e4nischen Rundfunks<\/p>\n","protected":false},"author":2,"featured_media":635431,"comment_status":"closed","ping_status":"closed","sticky":false,"template":"","format":"standard","meta":{"_acf_changed":false,"footnotes":""},"categories":[116764],"tags":[129962,116921],"coauthors":[],"class_list":["post-635654","post","type-post","status-publish","format-standard","has-post-thumbnail","hentry","category-qsl-de","tag-qsl-serie-2013","tag-radio-rumaenien-international"],"acf":[],"yoast_head":"<!-- This site is optimized with the Yoast SEO plugin v27.3 - https:\/\/yoast.com\/product\/yoast-seo-wordpress\/ -->\n<title>QSL 3 \/ 2013 - Radio Rum\u00e4nien International<\/title>\n<meta name=\"robots\" content=\"index, follow, max-snippet:-1, max-image-preview:large, max-video-preview:-1\" \/>\n<link rel=\"canonical\" href=\"https:\/\/www.rri.ro\/de\/hoererecke\/qsl-de\/qsl-3-2013-id635654.html\" \/>\n<meta property=\"og:locale\" content=\"de_DE\" \/>\n<meta property=\"og:type\" content=\"article\" \/>\n<meta property=\"og:title\" content=\"QSL 3 \/ 2013 - Radio Rum\u00e4nien International\" \/>\n<meta property=\"og:description\" content=\"QSL M\u00e4rz 2013: Eingang zum Konzertsaal des Rum\u00e4nischen Rundfunks\" \/>\n<meta property=\"og:url\" content=\"https:\/\/www.rri.ro\/de\/hoererecke\/qsl-de\/qsl-3-2013-id635654.html\" \/>\n<meta property=\"og:site_name\" content=\"Radio Rum\u00e4nien International\" \/>\n<meta property=\"article:published_time\" content=\"2013-03-09T18:11:00+00:00\" \/>\n<meta property=\"og:image\" content=\"https:\/\/www.rri.ro\/wp-content\/uploads\/2024\/02\/qsl-2013-3-radio-romania-concert-hall-entrance-950.jpg\" \/>\n\t<meta property=\"og:image:width\" content=\"950\" \/>\n\t<meta property=\"og:image:height\" content=\"693\" \/>\n\t<meta property=\"og:image:type\" content=\"image\/jpeg\" \/>\n<meta name=\"author\" content=\"Rom\u00e2nia Interna\u021bional\" \/>\n<meta name=\"twitter:card\" content=\"summary_large_image\" \/>\n<meta name=\"twitter:label1\" content=\"Verfasst von\" \/>\n\t<meta name=\"twitter:data1\" content=\"Rom\u00e2nia Interna\u021bional\" \/>\n\t<meta name=\"twitter:label2\" content=\"Gesch\u00e4tzte Lesezeit\" \/>\n\t<meta name=\"twitter:data2\" content=\"1\u00a0Minute\" \/>\n\t<meta name=\"twitter:label3\" content=\"Written by\" \/>\n\t<meta name=\"twitter:data3\" content=\"Rom\u00e2nia Interna\u021bional\" \/>\n<script type=\"application\/ld+json\" class=\"yoast-schema-graph\">{\"@context\":\"https:\\\/\\\/schema.org\",\"@graph\":[{\"@type\":\"Article\",\"@id\":\"https:\\\/\\\/www.rri.ro\\\/de\\\/hoererecke\\\/qsl-de\\\/qsl-3-2013-id635654.html#article\",\"isPartOf\":{\"@id\":\"https:\\\/\\\/www.rri.ro\\\/de\\\/hoererecke\\\/qsl-de\\\/qsl-3-2013-id635654.html\"},\"author\":{\"name\":\"Rom\u00e2nia Interna\u021bional\",\"@id\":\"https:\\\/\\\/www.rri.ro\\\/#\\\/schema\\\/person\\\/18fac491bccbfe149b92aea77ad60abd\"},\"headline\":\"QSL 3 \\\/ 2013\",\"datePublished\":\"2013-03-09T18:11:00+00:00\",\"mainEntityOfPage\":{\"@id\":\"https:\\\/\\\/www.rri.ro\\\/de\\\/hoererecke\\\/qsl-de\\\/qsl-3-2013-id635654.html\"},\"wordCount\":292,\"image\":{\"@id\":\"https:\\\/\\\/www.rri.ro\\\/de\\\/hoererecke\\\/qsl-de\\\/qsl-3-2013-id635654.html#primaryimage\"},\"thumbnailUrl\":\"https:\\\/\\\/www.rri.ro\\\/wp-content\\\/uploads\\\/2024\\\/02\\\/qsl-2013-3-radio-romania-concert-hall-entrance-950.jpg\",\"keywords\":[\"QSL-Serie 2013\",\"Radio Rum\u00e4nien International\"],\"articleSection\":[\"QSL\"],\"inLanguage\":\"de\"},{\"@type\":\"WebPage\",\"@id\":\"https:\\\/\\\/www.rri.ro\\\/de\\\/hoererecke\\\/qsl-de\\\/qsl-3-2013-id635654.html\",\"url\":\"https:\\\/\\\/www.rri.ro\\\/de\\\/hoererecke\\\/qsl-de\\\/qsl-3-2013-id635654.html\",\"name\":\"QSL 3 \\\/ 2013 - Radio Rum\u00e4nien International\",\"isPartOf\":{\"@id\":\"https:\\\/\\\/www.rri.ro\\\/#website\"},\"primaryImageOfPage\":{\"@id\":\"https:\\\/\\\/www.rri.ro\\\/de\\\/hoererecke\\\/qsl-de\\\/qsl-3-2013-id635654.html#primaryimage\"},\"image\":{\"@id\":\"https:\\\/\\\/www.rri.ro\\\/de\\\/hoererecke\\\/qsl-de\\\/qsl-3-2013-id635654.html#primaryimage\"},\"thumbnailUrl\":\"https:\\\/\\\/www.rri.ro\\\/wp-content\\\/uploads\\\/2024\\\/02\\\/qsl-2013-3-radio-romania-concert-hall-entrance-950.jpg\",\"datePublished\":\"2013-03-09T18:11:00+00:00\",\"author\":{\"@id\":\"https:\\\/\\\/www.rri.ro\\\/#\\\/schema\\\/person\\\/18fac491bccbfe149b92aea77ad60abd\"},\"breadcrumb\":{\"@id\":\"https:\\\/\\\/www.rri.ro\\\/de\\\/hoererecke\\\/qsl-de\\\/qsl-3-2013-id635654.html#breadcrumb\"},\"inLanguage\":\"de\",\"potentialAction\":[{\"@type\":\"ReadAction\",\"target\":[\"https:\\\/\\\/www.rri.ro\\\/de\\\/hoererecke\\\/qsl-de\\\/qsl-3-2013-id635654.html\"]}]},{\"@type\":\"ImageObject\",\"inLanguage\":\"de\",\"@id\":\"https:\\\/\\\/www.rri.ro\\\/de\\\/hoererecke\\\/qsl-de\\\/qsl-3-2013-id635654.html#primaryimage\",\"url\":\"https:\\\/\\\/www.rri.ro\\\/wp-content\\\/uploads\\\/2024\\\/02\\\/qsl-2013-3-radio-romania-concert-hall-entrance-950.jpg\",\"contentUrl\":\"https:\\\/\\\/www.rri.ro\\\/wp-content\\\/uploads\\\/2024\\\/02\\\/qsl-2013-3-radio-romania-concert-hall-entrance-950.jpg\",\"width\":950,\"height\":693},{\"@type\":\"BreadcrumbList\",\"@id\":\"https:\\\/\\\/www.rri.ro\\\/de\\\/hoererecke\\\/qsl-de\\\/qsl-3-2013-id635654.html#breadcrumb\",\"itemListElement\":[{\"@type\":\"ListItem\",\"position\":1,\"name\":\"Startseite\",\"item\":\"https:\\\/\\\/www.rri.ro\\\/de\"},{\"@type\":\"ListItem\",\"position\":2,\"name\":\"H\u00f6rerecke\",\"item\":\"https:\\\/\\\/www.rri.ro\\\/de\\\/hoererecke\"},{\"@type\":\"ListItem\",\"position\":3,\"name\":\"QSL\",\"item\":\"https:\\\/\\\/www.rri.ro\\\/de\\\/hoererecke\\\/qsl-de\"},{\"@type\":\"ListItem\",\"position\":4,\"name\":\"QSL 3 \\\/ 2013\"}]},{\"@type\":\"WebSite\",\"@id\":\"https:\\\/\\\/www.rri.ro\\\/#website\",\"url\":\"https:\\\/\\\/www.rri.ro\\\/\",\"name\":\"Radio Rum\u00e4nien International\",\"description\":\"Totul despre Rom\u00e2nia \u015fi rom\u00e2ni, \u00een 13 limbi\\\/dialecte!\",\"inLanguage\":\"de\"},{\"@type\":\"Person\",\"@id\":\"https:\\\/\\\/www.rri.ro\\\/#\\\/schema\\\/person\\\/18fac491bccbfe149b92aea77ad60abd\",\"name\":\"Rom\u00e2nia Interna\u021bional\",\"url\":\"https:\\\/\\\/www.rri.ro\\\/de\\\/author\\\/redactia\"}]}<\/script>\n<!-- \/ Yoast SEO plugin. -->","yoast_head_json":{"title":"QSL 3 \/ 2013 - Radio Rum\u00e4nien International","robots":{"index":"index","follow":"follow","max-snippet":"max-snippet:-1","max-image-preview":"max-image-preview:large","max-video-preview":"max-video-preview:-1"},"canonical":"https:\/\/www.rri.ro\/de\/hoererecke\/qsl-de\/qsl-3-2013-id635654.html","og_locale":"de_DE","og_type":"article","og_title":"QSL 3 \/ 2013 - Radio Rum\u00e4nien International","og_description":"QSL M\u00e4rz 2013: Eingang zum Konzertsaal des Rum\u00e4nischen Rundfunks","og_url":"https:\/\/www.rri.ro\/de\/hoererecke\/qsl-de\/qsl-3-2013-id635654.html","og_site_name":"Radio Rum\u00e4nien International","article_published_time":"2013-03-09T18:11:00+00:00","og_image":[{"width":950,"height":693,"url":"https:\/\/www.rri.ro\/wp-content\/uploads\/2024\/02\/qsl-2013-3-radio-romania-concert-hall-entrance-950.jpg","type":"image\/jpeg"}],"author":"Rom\u00e2nia Interna\u021bional","twitter_card":"summary_large_image","twitter_misc":{"Verfasst von":"Rom\u00e2nia Interna\u021bional","Gesch\u00e4tzte Lesezeit":"1\u00a0Minute","Written by":"Rom\u00e2nia Interna\u021bional"},"schema":{"@context":"https:\/\/schema.org","@graph":[{"@type":"Article","@id":"https:\/\/www.rri.ro\/de\/hoererecke\/qsl-de\/qsl-3-2013-id635654.html#article","isPartOf":{"@id":"https:\/\/www.rri.ro\/de\/hoererecke\/qsl-de\/qsl-3-2013-id635654.html"},"author":{"name":"Rom\u00e2nia Interna\u021bional","@id":"https:\/\/www.rri.ro\/#\/schema\/person\/18fac491bccbfe149b92aea77ad60abd"},"headline":"QSL 3 \/ 2013","datePublished":"2013-03-09T18:11:00+00:00","mainEntityOfPage":{"@id":"https:\/\/www.rri.ro\/de\/hoererecke\/qsl-de\/qsl-3-2013-id635654.html"},"wordCount":292,"image":{"@id":"https:\/\/www.rri.ro\/de\/hoererecke\/qsl-de\/qsl-3-2013-id635654.html#primaryimage"},"thumbnailUrl":"https:\/\/www.rri.ro\/wp-content\/uploads\/2024\/02\/qsl-2013-3-radio-romania-concert-hall-entrance-950.jpg","keywords":["QSL-Serie 2013","Radio Rum\u00e4nien International"],"articleSection":["QSL"],"inLanguage":"de"},{"@type":"WebPage","@id":"https:\/\/www.rri.ro\/de\/hoererecke\/qsl-de\/qsl-3-2013-id635654.html","url":"https:\/\/www.rri.ro\/de\/hoererecke\/qsl-de\/qsl-3-2013-id635654.html","name":"QSL 3 \/ 2013 - Radio Rum\u00e4nien International","isPartOf":{"@id":"https:\/\/www.rri.ro\/#website"},"primaryImageOfPage":{"@id":"https:\/\/www.rri.ro\/de\/hoererecke\/qsl-de\/qsl-3-2013-id635654.html#primaryimage"},"image":{"@id":"https:\/\/www.rri.ro\/de\/hoererecke\/qsl-de\/qsl-3-2013-id635654.html#primaryimage"},"thumbnailUrl":"https:\/\/www.rri.ro\/wp-content\/uploads\/2024\/02\/qsl-2013-3-radio-romania-concert-hall-entrance-950.jpg","datePublished":"2013-03-09T18:11:00+00:00","author":{"@id":"https:\/\/www.rri.ro\/#\/schema\/person\/18fac491bccbfe149b92aea77ad60abd"},"breadcrumb":{"@id":"https:\/\/www.rri.ro\/de\/hoererecke\/qsl-de\/qsl-3-2013-id635654.html#breadcrumb"},"inLanguage":"de","potentialAction":[{"@type":"ReadAction","target":["https:\/\/www.rri.ro\/de\/hoererecke\/qsl-de\/qsl-3-2013-id635654.html"]}]},{"@type":"ImageObject","inLanguage":"de","@id":"https:\/\/www.rri.ro\/de\/hoererecke\/qsl-de\/qsl-3-2013-id635654.html#primaryimage","url":"https:\/\/www.rri.ro\/wp-content\/uploads\/2024\/02\/qsl-2013-3-radio-romania-concert-hall-entrance-950.jpg","contentUrl":"https:\/\/www.rri.ro\/wp-content\/uploads\/2024\/02\/qsl-2013-3-radio-romania-concert-hall-entrance-950.jpg","width":950,"height":693},{"@type":"BreadcrumbList","@id":"https:\/\/www.rri.ro\/de\/hoererecke\/qsl-de\/qsl-3-2013-id635654.html#breadcrumb","itemListElement":[{"@type":"ListItem","position":1,"name":"Startseite","item":"https:\/\/www.rri.ro\/de"},{"@type":"ListItem","position":2,"name":"H\u00f6rerecke","item":"https:\/\/www.rri.ro\/de\/hoererecke"},{"@type":"ListItem","position":3,"name":"QSL","item":"https:\/\/www.rri.ro\/de\/hoererecke\/qsl-de"},{"@type":"ListItem","position":4,"name":"QSL 3 \/ 2013"}]},{"@type":"WebSite","@id":"https:\/\/www.rri.ro\/#website","url":"https:\/\/www.rri.ro\/","name":"Radio Rum\u00e4nien International","description":"Totul despre Rom\u00e2nia \u015fi rom\u00e2ni, \u00een 13 limbi\/dialecte!","inLanguage":"de"},{"@type":"Person","@id":"https:\/\/www.rri.ro\/#\/schema\/person\/18fac491bccbfe149b92aea77ad60abd","name":"Rom\u00e2nia Interna\u021bional","url":"https:\/\/www.rri.ro\/de\/author\/redactia"}]}},"_links":{"self":[{"href":"https:\/\/www.rri.ro\/de\/wp-json\/wp\/v2\/posts\/635654","targetHints":{"allow":["GET"]}}],"collection":[{"href":"https:\/\/www.rri.ro\/de\/wp-json\/wp\/v2\/posts"}],"about":[{"href":"https:\/\/www.rri.ro\/de\/wp-json\/wp\/v2\/types\/post"}],"author":[{"embeddable":true,"href":"https:\/\/www.rri.ro\/de\/wp-json\/wp\/v2\/users\/2"}],"replies":[{"embeddable":true,"href":"https:\/\/www.rri.ro\/de\/wp-json\/wp\/v2\/comments?post=635654"}],"version-history":[{"count":0,"href":"https:\/\/www.rri.ro\/de\/wp-json\/wp\/v2\/posts\/635654\/revisions"}],"wp:featuredmedia":[{"embeddable":true,"href":"https:\/\/www.rri.ro\/de\/wp-json\/wp\/v2\/media\/635431"}],"wp:attachment":[{"href":"https:\/\/www.rri.ro\/de\/wp-json\/wp\/v2\/media?parent=635654"}],"wp:term":[{"taxonomy":"category","embeddable":true,"href":"https:\/\/www.rri.ro\/de\/wp-json\/wp\/v2\/categories?post=635654"},{"taxonomy":"post_tag","embeddable":true,"href":"https:\/\/www.rri.ro\/de\/wp-json\/wp\/v2\/tags?post=635654"},{"taxonomy":"author","embeddable":true,"href":"https:\/\/www.rri.ro\/de\/wp-json\/wp\/v2\/coauthors?post=635654"}],"curies":[{"name":"wp","href":"https:\/\/api.w.org\/{rel}","templated":true}]}}