{"id":635691,"date":"2013-04-27T16:09:00","date_gmt":"2013-04-27T13:09:00","guid":{"rendered":"http:\/\/devrri.freshlemon.ro\/aktuell\/qsl-4-2013-id635691.html"},"modified":"2013-04-27T16:09:00","modified_gmt":"2013-04-27T13:09:00","slug":"qsl-4-2013","status":"publish","type":"post","link":"https:\/\/www.rri.ro\/de\/hoererecke\/qsl-de\/qsl-4-2013-id635691.html","title":{"rendered":"QSL 4 \/ 2013"},"content":{"rendered":"<p>Auf der QSL f\u00fcr April 2013 aus dem Hause RRI ist die Orgel des Konzertsaals des Rum\u00e4nischen Rundfunks zu sehen. Die Orgel wurde im Jahre 1960 in Tschechien bei der Firma RIEGER &#8211; KLOSS VARHANY hergestellt. Sie hat 7.600 Pfeifen ist damit die gr\u00f6\u200e\u00dfte Orgel in Rum\u00e4nien und einer der komplexesten in ganz Europa.<\/p>\n<p>&#13;<br \/>\n&#13;<\/p>\n<p>&#13;<br \/>\n&#13;<\/p>\n<p>Seit ihrer Herstellung und bis vor wenigen Jahren hatte sie \u00fcberhaupt keine Instandsetzung erfahren, so dass in den Jahren nach der Wende immer seltener auf der Orgel des Rum\u00e4nischen Rundfunks gespielt wurde, da der Klang des Instruments den Anspr\u00fcchen der Musiker und des Publikums nicht mehr gerecht war.<\/p>\n<p>&#13;<br \/>\n&#13;<\/p>\n<p>&#13;<br \/>\n&#13;<\/p>\n<p>Im Jahr 2009 war die Zeit reif f\u00fcr eine General\u00fcberholung. Die Orgel wurde abmontiert, in Komponenten zerlegt und Teil f\u00fcr Teil nach Teschechien zur Herstellerfirma gebracht. Die Instandsetzung dauerte einige Monate, dabei wurden ein guter Teil der alten Pfeifen ersetzt, aber auch Windwerk, Windlade und Spieltisch rekonditioniert. Weitere zwei Monate nahm der Wiedereinbau der einzelnen Teile in den Konzertsaal und das Stimmen des Instruments. In der gleichen Zeit wurde auch der Konzertsaal saniert.<\/p>\n<p>&#13;<br \/>\n&#13;<\/p>\n<p>&#13;<br \/>\n&#13;<\/p>\n<p>Am 16. M\u00e4rz 2010 war es soweit: Die Britin <strong><a href=\"http:\/\/en.wikipedia.org\/wiki\/Jennifer_Bate\" target=\"_blank\" rel=\"noopener\"><span style=color:#00B7F1>Jennifer Bate<\/span><\/a><\/strong>, eine der bekanntesten Orgelvirtuosinnen der Welt, spielte in einem Einweihungskonzert auf der frisch restaurieren Orgel St\u00fccke von Bach, Franz Liszt und Robert Schumann. Am 1. Oktober 2010 stand die Orgel des Konzertsaal des Rum\u00e4nischen Rundfunks erneut im Mittelpunkt des Musiklebens in der Hauptstadt: Anl\u00e4sslich des Internationalen Musiktags veranstaltete Radio Rum\u00e4nien ein Orgelmusikfest unter dem Stichwort Orgelabende\u201c.<\/p>\n<p>&#13;<br \/>\n&#13;<\/p>\n<p>&#13;<br \/>\n&#13;<\/p>\n<p><strong>Foto: Alexandru Dolea<\/strong><\/p>\n<p>&#13;<\/p>\n","protected":false},"excerpt":{"rendered":"<p>QSL April 2013: Orgel im Konzertsaal des Rum\u00e4nischen Rundfunks<\/p>\n","protected":false},"author":2,"featured_media":635435,"comment_status":"closed","ping_status":"closed","sticky":false,"template":"","format":"standard","meta":{"_acf_changed":false,"footnotes":""},"categories":[116764],"tags":[129962,116921],"coauthors":[],"class_list":["post-635691","post","type-post","status-publish","format-standard","has-post-thumbnail","hentry","category-qsl-de","tag-qsl-serie-2013","tag-radio-rumaenien-international"],"acf":[],"yoast_head":"<!-- This site is optimized with the Yoast SEO plugin v27.3 - https:\/\/yoast.com\/product\/yoast-seo-wordpress\/ -->\n<title>QSL 4 \/ 2013 - Radio Rum\u00e4nien International<\/title>\n<meta name=\"robots\" content=\"index, follow, max-snippet:-1, max-image-preview:large, max-video-preview:-1\" \/>\n<link rel=\"canonical\" href=\"https:\/\/www.rri.ro\/de\/hoererecke\/qsl-de\/qsl-4-2013-id635691.html\" \/>\n<meta property=\"og:locale\" content=\"de_DE\" \/>\n<meta property=\"og:type\" content=\"article\" \/>\n<meta property=\"og:title\" content=\"QSL 4 \/ 2013 - Radio Rum\u00e4nien International\" \/>\n<meta property=\"og:description\" content=\"QSL April 2013: Orgel im Konzertsaal des Rum\u00e4nischen Rundfunks\" \/>\n<meta property=\"og:url\" content=\"https:\/\/www.rri.ro\/de\/hoererecke\/qsl-de\/qsl-4-2013-id635691.html\" \/>\n<meta property=\"og:site_name\" content=\"Radio Rum\u00e4nien International\" \/>\n<meta property=\"article:published_time\" content=\"2013-04-27T13:09:00+00:00\" \/>\n<meta property=\"og:image\" content=\"https:\/\/www.rri.ro\/wp-content\/uploads\/2024\/02\/qsl-2013-4-radio-romania-concert-hall-organ-950.jpg\" \/>\n\t<meta property=\"og:image:width\" content=\"950\" \/>\n\t<meta property=\"og:image:height\" content=\"685\" \/>\n\t<meta property=\"og:image:type\" content=\"image\/jpeg\" \/>\n<meta name=\"author\" content=\"Rom\u00e2nia Interna\u021bional\" \/>\n<meta name=\"twitter:card\" content=\"summary_large_image\" \/>\n<meta name=\"twitter:label1\" content=\"Verfasst von\" \/>\n\t<meta name=\"twitter:data1\" content=\"Rom\u00e2nia Interna\u021bional\" \/>\n\t<meta name=\"twitter:label2\" content=\"Gesch\u00e4tzte Lesezeit\" \/>\n\t<meta name=\"twitter:data2\" content=\"1\u00a0Minute\" \/>\n\t<meta name=\"twitter:label3\" content=\"Written by\" \/>\n\t<meta name=\"twitter:data3\" content=\"Rom\u00e2nia Interna\u021bional\" \/>\n<script type=\"application\/ld+json\" class=\"yoast-schema-graph\">{\"@context\":\"https:\\\/\\\/schema.org\",\"@graph\":[{\"@type\":\"Article\",\"@id\":\"https:\\\/\\\/www.rri.ro\\\/de\\\/hoererecke\\\/qsl-de\\\/qsl-4-2013-id635691.html#article\",\"isPartOf\":{\"@id\":\"https:\\\/\\\/www.rri.ro\\\/de\\\/hoererecke\\\/qsl-de\\\/qsl-4-2013-id635691.html\"},\"author\":{\"name\":\"Rom\u00e2nia Interna\u021bional\",\"@id\":\"https:\\\/\\\/www.rri.ro\\\/#\\\/schema\\\/person\\\/18fac491bccbfe149b92aea77ad60abd\"},\"headline\":\"QSL 4 \\\/ 2013\",\"datePublished\":\"2013-04-27T13:09:00+00:00\",\"mainEntityOfPage\":{\"@id\":\"https:\\\/\\\/www.rri.ro\\\/de\\\/hoererecke\\\/qsl-de\\\/qsl-4-2013-id635691.html\"},\"wordCount\":252,\"image\":{\"@id\":\"https:\\\/\\\/www.rri.ro\\\/de\\\/hoererecke\\\/qsl-de\\\/qsl-4-2013-id635691.html#primaryimage\"},\"thumbnailUrl\":\"https:\\\/\\\/www.rri.ro\\\/wp-content\\\/uploads\\\/2024\\\/02\\\/qsl-2013-4-radio-romania-concert-hall-organ-950.jpg\",\"keywords\":[\"QSL-Serie 2013\",\"Radio Rum\u00e4nien International\"],\"articleSection\":[\"QSL\"],\"inLanguage\":\"de\"},{\"@type\":\"WebPage\",\"@id\":\"https:\\\/\\\/www.rri.ro\\\/de\\\/hoererecke\\\/qsl-de\\\/qsl-4-2013-id635691.html\",\"url\":\"https:\\\/\\\/www.rri.ro\\\/de\\\/hoererecke\\\/qsl-de\\\/qsl-4-2013-id635691.html\",\"name\":\"QSL 4 \\\/ 2013 - Radio Rum\u00e4nien International\",\"isPartOf\":{\"@id\":\"https:\\\/\\\/www.rri.ro\\\/#website\"},\"primaryImageOfPage\":{\"@id\":\"https:\\\/\\\/www.rri.ro\\\/de\\\/hoererecke\\\/qsl-de\\\/qsl-4-2013-id635691.html#primaryimage\"},\"image\":{\"@id\":\"https:\\\/\\\/www.rri.ro\\\/de\\\/hoererecke\\\/qsl-de\\\/qsl-4-2013-id635691.html#primaryimage\"},\"thumbnailUrl\":\"https:\\\/\\\/www.rri.ro\\\/wp-content\\\/uploads\\\/2024\\\/02\\\/qsl-2013-4-radio-romania-concert-hall-organ-950.jpg\",\"datePublished\":\"2013-04-27T13:09:00+00:00\",\"author\":{\"@id\":\"https:\\\/\\\/www.rri.ro\\\/#\\\/schema\\\/person\\\/18fac491bccbfe149b92aea77ad60abd\"},\"breadcrumb\":{\"@id\":\"https:\\\/\\\/www.rri.ro\\\/de\\\/hoererecke\\\/qsl-de\\\/qsl-4-2013-id635691.html#breadcrumb\"},\"inLanguage\":\"de\",\"potentialAction\":[{\"@type\":\"ReadAction\",\"target\":[\"https:\\\/\\\/www.rri.ro\\\/de\\\/hoererecke\\\/qsl-de\\\/qsl-4-2013-id635691.html\"]}]},{\"@type\":\"ImageObject\",\"inLanguage\":\"de\",\"@id\":\"https:\\\/\\\/www.rri.ro\\\/de\\\/hoererecke\\\/qsl-de\\\/qsl-4-2013-id635691.html#primaryimage\",\"url\":\"https:\\\/\\\/www.rri.ro\\\/wp-content\\\/uploads\\\/2024\\\/02\\\/qsl-2013-4-radio-romania-concert-hall-organ-950.jpg\",\"contentUrl\":\"https:\\\/\\\/www.rri.ro\\\/wp-content\\\/uploads\\\/2024\\\/02\\\/qsl-2013-4-radio-romania-concert-hall-organ-950.jpg\",\"width\":950,\"height\":685},{\"@type\":\"BreadcrumbList\",\"@id\":\"https:\\\/\\\/www.rri.ro\\\/de\\\/hoererecke\\\/qsl-de\\\/qsl-4-2013-id635691.html#breadcrumb\",\"itemListElement\":[{\"@type\":\"ListItem\",\"position\":1,\"name\":\"Startseite\",\"item\":\"https:\\\/\\\/www.rri.ro\\\/de\"},{\"@type\":\"ListItem\",\"position\":2,\"name\":\"H\u00f6rerecke\",\"item\":\"https:\\\/\\\/www.rri.ro\\\/de\\\/hoererecke\"},{\"@type\":\"ListItem\",\"position\":3,\"name\":\"QSL\",\"item\":\"https:\\\/\\\/www.rri.ro\\\/de\\\/hoererecke\\\/qsl-de\"},{\"@type\":\"ListItem\",\"position\":4,\"name\":\"QSL 4 \\\/ 2013\"}]},{\"@type\":\"WebSite\",\"@id\":\"https:\\\/\\\/www.rri.ro\\\/#website\",\"url\":\"https:\\\/\\\/www.rri.ro\\\/\",\"name\":\"Radio Rum\u00e4nien International\",\"description\":\"Totul despre Rom\u00e2nia \u015fi rom\u00e2ni, \u00een 13 limbi\\\/dialecte!\",\"inLanguage\":\"de\"},{\"@type\":\"Person\",\"@id\":\"https:\\\/\\\/www.rri.ro\\\/#\\\/schema\\\/person\\\/18fac491bccbfe149b92aea77ad60abd\",\"name\":\"Rom\u00e2nia Interna\u021bional\",\"url\":\"https:\\\/\\\/www.rri.ro\\\/de\\\/author\\\/redactia\"}]}<\/script>\n<!-- \/ Yoast SEO plugin. -->","yoast_head_json":{"title":"QSL 4 \/ 2013 - Radio Rum\u00e4nien International","robots":{"index":"index","follow":"follow","max-snippet":"max-snippet:-1","max-image-preview":"max-image-preview:large","max-video-preview":"max-video-preview:-1"},"canonical":"https:\/\/www.rri.ro\/de\/hoererecke\/qsl-de\/qsl-4-2013-id635691.html","og_locale":"de_DE","og_type":"article","og_title":"QSL 4 \/ 2013 - Radio Rum\u00e4nien International","og_description":"QSL April 2013: Orgel im Konzertsaal des Rum\u00e4nischen Rundfunks","og_url":"https:\/\/www.rri.ro\/de\/hoererecke\/qsl-de\/qsl-4-2013-id635691.html","og_site_name":"Radio Rum\u00e4nien International","article_published_time":"2013-04-27T13:09:00+00:00","og_image":[{"width":950,"height":685,"url":"https:\/\/www.rri.ro\/wp-content\/uploads\/2024\/02\/qsl-2013-4-radio-romania-concert-hall-organ-950.jpg","type":"image\/jpeg"}],"author":"Rom\u00e2nia Interna\u021bional","twitter_card":"summary_large_image","twitter_misc":{"Verfasst von":"Rom\u00e2nia Interna\u021bional","Gesch\u00e4tzte Lesezeit":"1\u00a0Minute","Written by":"Rom\u00e2nia Interna\u021bional"},"schema":{"@context":"https:\/\/schema.org","@graph":[{"@type":"Article","@id":"https:\/\/www.rri.ro\/de\/hoererecke\/qsl-de\/qsl-4-2013-id635691.html#article","isPartOf":{"@id":"https:\/\/www.rri.ro\/de\/hoererecke\/qsl-de\/qsl-4-2013-id635691.html"},"author":{"name":"Rom\u00e2nia Interna\u021bional","@id":"https:\/\/www.rri.ro\/#\/schema\/person\/18fac491bccbfe149b92aea77ad60abd"},"headline":"QSL 4 \/ 2013","datePublished":"2013-04-27T13:09:00+00:00","mainEntityOfPage":{"@id":"https:\/\/www.rri.ro\/de\/hoererecke\/qsl-de\/qsl-4-2013-id635691.html"},"wordCount":252,"image":{"@id":"https:\/\/www.rri.ro\/de\/hoererecke\/qsl-de\/qsl-4-2013-id635691.html#primaryimage"},"thumbnailUrl":"https:\/\/www.rri.ro\/wp-content\/uploads\/2024\/02\/qsl-2013-4-radio-romania-concert-hall-organ-950.jpg","keywords":["QSL-Serie 2013","Radio Rum\u00e4nien International"],"articleSection":["QSL"],"inLanguage":"de"},{"@type":"WebPage","@id":"https:\/\/www.rri.ro\/de\/hoererecke\/qsl-de\/qsl-4-2013-id635691.html","url":"https:\/\/www.rri.ro\/de\/hoererecke\/qsl-de\/qsl-4-2013-id635691.html","name":"QSL 4 \/ 2013 - Radio Rum\u00e4nien International","isPartOf":{"@id":"https:\/\/www.rri.ro\/#website"},"primaryImageOfPage":{"@id":"https:\/\/www.rri.ro\/de\/hoererecke\/qsl-de\/qsl-4-2013-id635691.html#primaryimage"},"image":{"@id":"https:\/\/www.rri.ro\/de\/hoererecke\/qsl-de\/qsl-4-2013-id635691.html#primaryimage"},"thumbnailUrl":"https:\/\/www.rri.ro\/wp-content\/uploads\/2024\/02\/qsl-2013-4-radio-romania-concert-hall-organ-950.jpg","datePublished":"2013-04-27T13:09:00+00:00","author":{"@id":"https:\/\/www.rri.ro\/#\/schema\/person\/18fac491bccbfe149b92aea77ad60abd"},"breadcrumb":{"@id":"https:\/\/www.rri.ro\/de\/hoererecke\/qsl-de\/qsl-4-2013-id635691.html#breadcrumb"},"inLanguage":"de","potentialAction":[{"@type":"ReadAction","target":["https:\/\/www.rri.ro\/de\/hoererecke\/qsl-de\/qsl-4-2013-id635691.html"]}]},{"@type":"ImageObject","inLanguage":"de","@id":"https:\/\/www.rri.ro\/de\/hoererecke\/qsl-de\/qsl-4-2013-id635691.html#primaryimage","url":"https:\/\/www.rri.ro\/wp-content\/uploads\/2024\/02\/qsl-2013-4-radio-romania-concert-hall-organ-950.jpg","contentUrl":"https:\/\/www.rri.ro\/wp-content\/uploads\/2024\/02\/qsl-2013-4-radio-romania-concert-hall-organ-950.jpg","width":950,"height":685},{"@type":"BreadcrumbList","@id":"https:\/\/www.rri.ro\/de\/hoererecke\/qsl-de\/qsl-4-2013-id635691.html#breadcrumb","itemListElement":[{"@type":"ListItem","position":1,"name":"Startseite","item":"https:\/\/www.rri.ro\/de"},{"@type":"ListItem","position":2,"name":"H\u00f6rerecke","item":"https:\/\/www.rri.ro\/de\/hoererecke"},{"@type":"ListItem","position":3,"name":"QSL","item":"https:\/\/www.rri.ro\/de\/hoererecke\/qsl-de"},{"@type":"ListItem","position":4,"name":"QSL 4 \/ 2013"}]},{"@type":"WebSite","@id":"https:\/\/www.rri.ro\/#website","url":"https:\/\/www.rri.ro\/","name":"Radio Rum\u00e4nien International","description":"Totul despre Rom\u00e2nia \u015fi rom\u00e2ni, \u00een 13 limbi\/dialecte!","inLanguage":"de"},{"@type":"Person","@id":"https:\/\/www.rri.ro\/#\/schema\/person\/18fac491bccbfe149b92aea77ad60abd","name":"Rom\u00e2nia Interna\u021bional","url":"https:\/\/www.rri.ro\/de\/author\/redactia"}]}},"_links":{"self":[{"href":"https:\/\/www.rri.ro\/de\/wp-json\/wp\/v2\/posts\/635691","targetHints":{"allow":["GET"]}}],"collection":[{"href":"https:\/\/www.rri.ro\/de\/wp-json\/wp\/v2\/posts"}],"about":[{"href":"https:\/\/www.rri.ro\/de\/wp-json\/wp\/v2\/types\/post"}],"author":[{"embeddable":true,"href":"https:\/\/www.rri.ro\/de\/wp-json\/wp\/v2\/users\/2"}],"replies":[{"embeddable":true,"href":"https:\/\/www.rri.ro\/de\/wp-json\/wp\/v2\/comments?post=635691"}],"version-history":[{"count":0,"href":"https:\/\/www.rri.ro\/de\/wp-json\/wp\/v2\/posts\/635691\/revisions"}],"wp:featuredmedia":[{"embeddable":true,"href":"https:\/\/www.rri.ro\/de\/wp-json\/wp\/v2\/media\/635435"}],"wp:attachment":[{"href":"https:\/\/www.rri.ro\/de\/wp-json\/wp\/v2\/media?parent=635691"}],"wp:term":[{"taxonomy":"category","embeddable":true,"href":"https:\/\/www.rri.ro\/de\/wp-json\/wp\/v2\/categories?post=635691"},{"taxonomy":"post_tag","embeddable":true,"href":"https:\/\/www.rri.ro\/de\/wp-json\/wp\/v2\/tags?post=635691"},{"taxonomy":"author","embeddable":true,"href":"https:\/\/www.rri.ro\/de\/wp-json\/wp\/v2\/coauthors?post=635691"}],"curies":[{"name":"wp","href":"https:\/\/api.w.org\/{rel}","templated":true}]}}