{"id":636650,"date":"2013-12-22T16:00:00","date_gmt":"2013-12-22T14:00:00","guid":{"rendered":"http:\/\/devrri.freshlemon.ro\/aktuell\/herstellung-von-radioempfaengern-in-rumaenien-1925-1998-id636650.html"},"modified":"2024-02-20T21:06:41","modified_gmt":"2024-02-20T19:06:41","slug":"herstellung-von-radioempfaengern-in-rumaenien-1925-1998","status":"publish","type":"post","link":"https:\/\/www.rri.ro\/de\/nostalgieecke\/alte-radiogeraete\/herstellung-von-radioempfaengern-in-rumaenien-1925-1998-id636650.html","title":{"rendered":"Herstellung von Radioempf\u00e4ngern in Rum\u00e4nien (1925-1998)"},"content":{"rendered":"<p>In diesem Artikel wird die Herstellung von Radioger\u00e4ten in Rum\u00e4nien dokumentiert. Der historische \u00dcberblick spannt einen Bogen, der von den Anf\u00e4ngen in den 1920er Jahren bis zu den ersten Jahren nach der Wende von 1989 reicht.<\/p>\n<p>&#13;<br \/>\n&#13;<\/p>\n<p>&#13;<br \/>\n&#13;<\/p>\n<p>Die Quellenangaben sind am Ende dieses Artikels zu finden. <span style=color: rgb(0, 0, 0); font-family: Verdana, Geneva, sans-serif; font-size: 13px; line-height: 18px; text-align: justify;>Sofern wir Fotos \u00fcber die erw\u00e4hnten Modelle von Radioger\u00e4ten aus Urheberrechtsgr\u00fcnden hier nicht abbilden d\u00fcrfen, f\u00fchren die mit Blau verlinkten Bezeichnungen zu anderen Webseiten, wo die besprochenen Ger\u00e4te betrachtet werden k\u00f6nnen. <\/span><\/p>\n<p>&#13;<br \/>\n&#13;<\/p>\n<p>&#13;<br \/>\n&#13;<\/p>\n<p>Die Fotostrecke &#8222;Radiomuseum&#8220; besteht aus Bildern von alten Radioger\u00e4ten, die im Foyer des Konzertsaals des Rum\u00e4nischen Rundfunks als Dauerausstellung zu sehen sind. Sie bildeten auch die sehr begehrte und schnell vergriffene QSL-Serie 2009.<\/p>\n<p>&#13;<br \/>\n&#13;<\/p>\n<p>&#13;<br \/>\n&#13;<\/p>\n<p>&#13;<br \/>\n&#13;<\/p>\n<p>&#13;<br \/>\n&#13;<\/p>\n<h3><span style=line-height: 1.6em;>DIE ANF\u00c4NGE (1925 &#8211; 1928)<\/span><\/h3>\n<p>&#13;<br \/>\n&#13;<\/p>\n<p>&#13;<br \/>\n&#13;<\/p>\n<p>&#13;<br \/>\n&#13;<\/p>\n<table border=0 cellpadding=1 cellspacing=5 style=width: 650px;>&#13;<\/p>\n<tbody>&#13;<\/p>\n<tr>&#13;<\/p>\n<td style=width: 400px;>Den ersten experimentellen Radioempf\u00e4nger baute das vom Physiker Dragomir Hurmuzescu geleitete Bukarester Elektrotechnische Institut im Jahr 1925. Dem folgten \u00f6ffentliche Empfangs-Events, das hie\u200e\u00df, auf Senderjagd mit Publikum gehen. Die Ereignisse fanden zweimal w\u00f6chentlich statt, donnerstags und freitags um 21.30 Uhr. Damals gab es nicht viele Sender, genutzt wurde meistens die Frequenz von Radio Wien, da dieser Sender am st\u00e4rksten hereinkam.<\/td>\n<p>&#13;<\/p>\n<td><a href=http:\/\/devrri.freshlemon.ro\/wp-content\/uploads\/2023\/10\/foto.jpg Germana\/RADIO VECHI\/RRInstElect1925.jpg onclick=window.open(this.href, '', 'resizable=no,status=no,location=no,toolbar=no,menubar=no,fullscreen=yes,scrollbars=no,dependent=no'); return false;><img alt= src=http:\/\/devrri.freshlemon.ro\/wp-content\/uploads\/2023\/10\/foto.jpg Germana\/RADIO VECHI\/RRInstElect1925-m.jpg style=width: 200px; height: 141px; \/><\/a><\/td>\n<p>&#13;<br \/>\n\t\t<\/tr>\n<p>&#13;<\/p>\n<tr>&#13;<\/p>\n<td> <\/td>\n<p>&#13;<\/p>\n<td>&#13;<\/p>\n<p><small>Foto: www.srr.ro<\/small><\/p>\n<p>&#13;<br \/>\n&#13;<\/p>\n<p><small>(Zum Vergr\u00f6\u200e\u00dfern anklicken.)<\/small><\/p>\n<p>&#13;\n\t\t\t<\/td>\n<p>&#13;<br \/>\n\t\t<\/tr>\n<p>&#13;<br \/>\n\t<\/tbody>\n<p>&#13;<br \/>\n<\/table>\n<p>&#13;<br \/>\n&#13;<\/p>\n<p>&#13;<br \/>\n&#13;<\/p>\n<p>&#13;<br \/>\n&#13;<\/p>\n<table border=0 cellpadding=1 cellspacing=5 style=width: 650px;>&#13;<\/p>\n<tbody>&#13;<\/p>\n<tr>&#13;<\/p>\n<td><a href=http:\/\/devrri.freshlemon.ro\/wp-content\/uploads\/2023\/10\/foto.jpg Germana\/RADIO VECHI\/radiofonia-500x750.jpg onclick=window.open(this.href, '', 'resizable=no,status=no,location=no,toolbar=no,menubar=no,fullscreen=yes,scrollbars=no,dependent=no'); return false;><img alt= src=http:\/\/devrri.freshlemon.ro\/wp-content\/uploads\/2023\/10\/foto.jpg Germana\/RADIO VECHI\/radiofonia200x280.jpg style=width: 200px; height: 280px; \/><\/a><\/td>\n<p>&#13;<\/p>\n<td style=width: 400px;>Die n\u00e4chsten rum\u00e4nischen Radioger\u00e4te f\u00fcr den zivilen Bereich bauten in den Jahren 1926 bis 1928 diverse Radioamateure aus jener Zeit, die Zeitgeschichte h\u00e4lt die Namen Paul Popescu-M\u0103l\u0103e\u015fti, Nicolae Lupa\u015f, Cezar Br\u0103tescu, Theodor Iorganda, S. Simionescu, Cezar Br\u0103tescu, Dan Constantin und Ion B\u0103jenescu fest. Die beiden Fachmagazine der Epoche, Radio Rom\u00e2n\u201c und Radiofonia\u201c, druckten ferner das Bauschema diverser Empf\u00e4nger ab und ermunterten ihre Leser, sich zuhause des Bastelns anzunehmen. <\/td>\n<p>&#13;<br \/>\n\t\t<\/tr>\n<p>&#13;<\/p>\n<tr>&#13;<\/p>\n<td>&#13;<\/p>\n<p><small>Zeitschrift &#8222;Radiofonia&#8220; (1928)<br \/>&#13;<br \/>\n\t\t\t<span style=line-height: 1.6em;>Foto: www.rri.ro<\/span><\/small><\/p>\n<p>&#13;\n\t\t\t<\/td>\n<p>&#13;<\/p>\n<td> <\/td>\n<p>&#13;<br \/>\n\t\t<\/tr>\n<p>&#13;<br \/>\n\t<\/tbody>\n<p>&#13;<br \/>\n<\/table>\n<p>&#13;<br \/>\n&#13;<\/p>\n<p>&#13;<br \/>\n&#13;<\/p>\n<table border=0 cellpadding=1 cellspacing=1 style=width: 650px;>&#13;<\/p>\n<tbody>&#13;<\/p>\n<tr>&#13;<\/p>\n<td style=width: 400px;>In der Zwischenkriegszeit waren generell Kristallradios am verbreitetsten, verwendet wurde \u00fcblicherweise Bleiglanzkristall (auch Galenit genannt), die Bauteile waren preisg\u00fcnstig und der Bau erforderte keinen besonderen technischen Aufwand.<\/td>\n<p>&#13;<\/p>\n<td><a href=http:\/\/devrri.freshlemon.ro\/wp-content\/uploads\/2023\/10\/foto.jpg Germana\/RADIO VECHI\/galena-crystal-receiver-1927-750px.jpg onclick=window.open(this.href, '', 'resizable=no,status=no,location=no,toolbar=no,menubar=no,fullscreen=yes,scrollbars=no,dependent=no'); return false;><img alt= src=http:\/\/devrri.freshlemon.ro\/wp-content\/uploads\/2023\/10\/foto.jpg Germana\/RADIO VECHI\/galena-crystal-receiver-1927-200px.jpg style=width: 200px; height: 138px; \/><\/a><a href=\"http:\/\/devrri.freshlemon.ro\/wp-content\/uploads\/2023\/10\/foto.jpg\" target=\"_top\" rel=\"noopener\"><img alt= src=http:\/\/devrri.freshlemon.ro\/wp-content\/uploads\/2023\/10\/foto.jpg Germana\/RADIO VECHI\/galena-crystal-receiver-1927-750px.jpg style=width: 200px; height: 139px; \/><\/a><\/td>\n<p>&#13;<br \/>\n\t\t<\/tr>\n<p>&#13;<\/p>\n<tr>&#13;<\/p>\n<td> <\/td>\n<p>&#13;<\/p>\n<td>&#13;<\/p>\n<p><small>Kristallradio &#8222;Ace of Hearts&#8220;<br \/>&#13;<br \/>\n\t\t\tSchweden, 1928<br \/>&#13;<br \/>\n\t\t\tFoto: Mirel Toma, Radio Romania<\/small><\/p>\n<p>&#13;\n\t\t\t<\/td>\n<p>&#13;<br \/>\n\t\t<\/tr>\n<p>&#13;<br \/>\n\t<\/tbody>\n<p>&#13;<br \/>\n<\/table>\n<p>&#13;<br \/>\n&#13;<\/p>\n<p>&#13;<br \/>\n&#13;<\/p>\n<p>&#13;<br \/>\n&#13;<\/p>\n<p>&#13;<br \/>\n&#13;<\/p>\n<p>&#13;<br \/>\n&#13;<\/p>\n<h3>AUFSCHWUNG IN DER ZWISCHENKRIEGSZEIT (1928 &#8211; 1938)<\/h3>\n<p>&#13;<br \/>\n&#13;<\/p>\n<p>&#13;<br \/>\n&#13;<\/p>\n<p>&#13;<br \/>\n&#13;<\/p>\n<table border=0 cellpadding=1 cellspacing=1 style=width: 650px;>&#13;<\/p>\n<tbody>&#13;<\/p>\n<tr>&#13;<\/p>\n<td style=width: 400px;>Im Jahr 1927 gr\u00fcndete die niederl\u00e4ndische Firma Philips\u201c eine Vertretung in Bukarest und vertrieb zun\u00e4chst Gl\u00fchbirnen der Marke Argenta\u201c. Ein Jahr sp\u00e4ter wurde die Rum\u00e4nische Rundfunkgesellschaft gegr\u00fcndet, im November 1928 begann der Rum\u00e4nische Rundfunk mit der Ausstrahlung seiner Sendungen. Die niederl\u00e4ndische Vertretung von Philips nannte sich ab Ende 1928 Anonyme Gesellschaft Philips\u201c und erweiterte ihr Angebot um Radioempf\u00e4nger, R\u00f6hren, Lautsprecher u.a.m. <\/td>\n<p>&#13;<\/p>\n<td><a href=http:\/\/devrri.freshlemon.ro\/wp-content\/uploads\/2023\/10\/foto.jpg Germana\/RADIO VECHI\/Philips930A-759px.jpg onclick=window.open(this.href, '', 'resizable=no,status=no,location=no,toolbar=no,menubar=no,fullscreen=yes,scrollbars=no,dependent=no'); return false;><img alt= src=http:\/\/devrri.freshlemon.ro\/wp-content\/uploads\/2023\/10\/foto.jpg Germana\/RADIO VECHI\/Philips930A-200px.jpg style=width: 200px; height: 140px; \/><\/a><\/td>\n<p>&#13;<br \/>\n\t\t<\/tr>\n<p>&#13;<\/p>\n<tr>&#13;<\/p>\n<td>&#13;<\/p>\n<p>&#13;\n\t\t\t<\/td>\n<p>&#13;<\/p>\n<td style=width: 250px;>&#13;<\/p>\n<p><small>Philips 930-A, Baujahr 1930<br \/>&#13;<br \/>\n\t\t\t<span style=line-height: 1.6em;>Foto: Mirel Toma, Radio Romania<\/span><\/small><\/p>\n<p>&#13;\n\t\t\t<\/td>\n<p>&#13;<br \/>\n\t\t<\/tr>\n<p>&#13;<br \/>\n\t<\/tbody>\n<p>&#13;<br \/>\n<\/table>\n<p>&#13;<br \/>\n&#13;<\/p>\n<p>&#13;<br \/>\n&#13;<\/p>\n<p>&#13;<br \/>\n&#13;<\/p>\n<table border=0 cellpadding=1 cellspacing=5 style=width: 650px;>&#13;<\/p>\n<tbody>&#13;<\/p>\n<tr>&#13;<\/p>\n<td><a href=http:\/\/devrri.freshlemon.ro\/wp-content\/uploads\/2023\/10\/foto.jpg Germana\/RADIO VECHI\/evolutie-ascultatori-500x700.jpg onclick=window.open(this.href, '', 'resizable=no,status=no,location=no,toolbar=no,menubar=no,fullscreen=yes,scrollbars=no,dependent=no'); return false;><img alt= src=http:\/\/devrri.freshlemon.ro\/wp-content\/uploads\/2023\/10\/foto.jpg Germana\/RADIO VECHI\/evolutie-ascultatori-200x300.jpg style=width: 200px; height: 297px; \/><\/a><\/td>\n<p>&#13;<\/p>\n<td>Die Entwicklung der H\u00f6rerzahlen und damit auch der Nachfrage f\u00fcr Radioger\u00e4te war rasant, so dass Philips 1933 eine weitere Montage-Werkstatt mit rund 70 Arbeitnehmern in der nordwestrum\u00e4nischen Stadt Oradea (Gro\u200e\u00dfwardein) er\u00f6ffnete. Ein Jahr sp\u00e4ter wurde die Werkstatt nach Bukarest verlegt. Zur Veranschaulichung ein paar Zahlen: Hatten im Jahr 1927 nur knapp 7900 Rum\u00e4nen einen Radioempf\u00e4nger, so waren es 1928 schon 14.000, 1929 verdoppelte sich die Zahl erneut und im Jahr 1933 gab es \u00fcber 100.000 Geb\u00fchren zahlende Radioh\u00f6rer, bis 1939 erreichte die Zahl der Besitzer eines Radioapparats knapp 320.000 .<\/td>\n<p>&#13;<br \/>\n\t\t<\/tr>\n<p>&#13;<\/p>\n<tr>&#13;<\/p>\n<td style=width: 200px;>&#13;<\/p>\n<p><small>Rasante H\u00f6rerzahlentwicklung<\/small><br \/>&#13;<br \/>\n\t\t\t<small>(1927-1939)<\/small><br \/>&#13;<br \/>\n\t\t\t<small><span style=line-height: 1.6em;>Quelle: www.srr.ro<\/span><\/small><\/p>\n<p>&#13;\n\t\t\t<\/td>\n<p>&#13;<\/p>\n<td> <\/td>\n<p>&#13;<br \/>\n\t\t<\/tr>\n<p>&#13;<br \/>\n\t<\/tbody>\n<p>&#13;<br \/>\n<\/table>\n<p>&#13;<br \/>\n&#13;<\/p>\n<p>&#13;<br \/>\n&#13;<\/p>\n<p>&#13;<br \/>\n&#13;<\/p>\n<p>Die Ums\u00e4tze von Philips nahmen in dieser Zeit kontinuierlich zu, die in Rum\u00e4nien zusammengebauten Radioempf\u00e4nger wurden auch in die Balkanl\u00e4nder und nach Mitteleuropa geliefert. Zwei weitere Werkst\u00e4tten wurden 1934-1936 er\u00f6ffnet, die insgesamt 200 Angestellte hatten. 1939 war ein Spitzenjahr, etwa 10.000 Radioger\u00e4te wurden in diesem Jahr bei Philips in Rum\u00e4nien hergestellt. Allerdings wurden die Bauteile nicht in Rum\u00e4nien hergestellt, sondern samt technischer Dokumentation aus Holland her\u00fcbergebracht, die Produktion \u00fcberwachten ebenfalls holl\u00e4ndische Ingenieure.<\/p>\n<p>&#13;<br \/>\n&#13;<\/p>\n<p>&#13;<br \/>\n&#13;<\/p>\n<p>&#13;<br \/>\n&#13;<\/p>\n<p>&#13;<br \/>\n&#13;<\/p>\n<h3>AFA Arad (1935 &#8211; 1945)<\/h3>\n<p>&#13;<br \/>\n&#13;<\/p>\n<p>&#13;<br \/>\n&#13;<\/p>\n<p>In der Zeit 1935-1945 funktionierte auch in der westrum\u00e4nischen Stadt Arad eine Radiowerkstatt namens AFA (Atelier Flesch Arad). Die hier gebauten Ger\u00e4te kamen unter dem Namen <strong><a href=\"http:\/\/www.proradioantic.ro\/index.php?x=item&#038;id_p=8631\" target=\"_blank\" rel=\"noopener\"><span style=color: rgb(0, 183, 241);>Admira<\/span><\/a><\/strong>\u201c auf den Markt und konnten sowohl mit Wechselstrom aus der Steckdose als auch mit Batterien betrieben werden. Etwa 500 Ger\u00e4te im Jahr wurden hergestellt, bis Kriegsanfang waren es rund 2.000. Von 1940 bis 1945 waren die Importe von Bauteilen eingestellt, so dass sich die Werkstatt mit der Herstellung von elektrotechnischen Teilen wie Widerst\u00e4nde, Spulen und Kondensatoren \u00fcber Wasser halten musste.<\/p>\n<p>&#13;<br \/>\n&#13;<\/p>\n<p>&#13;<br \/>\n&#13;<\/p>\n<p>&#13;<br \/>\n&#13;<\/p>\n<p>&#13;<br \/>\n&#13;<\/p>\n<h3>KRIEG UND PRODUKTIONSR\u00dcCKGANG (1939 &#8211; 1945)<\/h3>\n<p>&#13;<br \/>\n&#13;<\/p>\n<p>&#13;<br \/>\n&#13;<\/p>\n<table border=0 cellpadding=1 cellspacing=1 style=width: 650px;>&#13;<\/p>\n<tbody>&#13;<\/p>\n<tr>&#13;<\/p>\n<td style=width: 400px;>Der Zweite Weltkrieg brachte eine Krise f\u00fcr die Philips-Werkst\u00e4tte in Bukarest, die Produktion wurde auf Spielzeug, B\u00fcchsen f\u00fcr Schuhcreme und andere Gegenst\u00e4nde aus Holz oder Metall umgestellt. Nach Kriegsende und bis 1948 wurde die Montage von Radioger\u00e4ten wiederaufgenommen, die Produktionszahlen aus der Zwischenkriegszeit wurden aber nie mehr erreicht.<\/td>\n<p>&#13;<\/p>\n<td><a href=http:\/\/devrri.freshlemon.ro\/wp-content\/uploads\/2023\/10\/foto.jpg Germana\/RADIO VECHI\/Philips204-U-1941-750px.jpg onclick=window.open(this.href, '', 'resizable=no,status=no,location=no,toolbar=no,menubar=no,fullscreen=yes,scrollbars=no,dependent=no'); return false;><img alt= src=http:\/\/devrri.freshlemon.ro\/wp-content\/uploads\/2023\/10\/foto.jpg Germana\/RADIO VECHI\/Philips204-U-1941-200px.jpg style=width: 200px; height: 139px; \/><\/a><\/td>\n<p>&#13;<br \/>\n\t\t<\/tr>\n<p>&#13;<\/p>\n<tr>&#13;<\/p>\n<td> <\/td>\n<p>&#13;<\/p>\n<td style=width: 250px;><small>Philips 204-U, Baujahr 1941<\/small><br \/>&#13;<br \/>\n\t\t\t<small>Foto: Mirel Toma, Radio Romania<\/small><\/td>\n<p>&#13;<br \/>\n\t\t<\/tr>\n<p>&#13;<br \/>\n\t<\/tbody>\n<p>&#13;<br \/>\n<\/table>\n<p>&#13;<br \/>\n&#13;<\/p>\n<p>&#13;<br \/>\n&#13;<\/p>\n<p>&#13;<br \/>\n&#13;<\/p>\n<p>&#13;<br \/>\n&#13;<\/p>\n<p>&#13;<br \/>\n&#13;<\/p>\n<h3>FR\u00dcHE NACHKRIEGSZEIT UND ERSTE ORIGINAL RUM\u00c4NISCHE GER\u00c4TE<br \/>&#13;<br \/>\n(1948 &#8211; 1955)<\/h3>\n<p>&#13;<br \/>\n&#13;<\/p>\n<p>&#13;<br \/>\n&#13;<\/p>\n<p>Am 11. Juni 1948 wurden s\u00e4mtliche Fabriken, Unternehmen und Handelsgesellschaften verstaatlicht, darunter auch Philips, Radiomet, Starck und Tehnica Medical\u0103 (das technische Ausr\u00fcstungen f\u00fcr den medizinischen Bereich herstellte). Diese vier Werke wurden zum staatlichen Betrieb Radio Popular\u201c vereint, der im Jahr darauf die Produktion von Radioger\u00e4ten aufnahm. Die meisten Volksempf\u00e4nger\u201c, die die Werkstatt bis ca. 1960 verlie\u200e\u00dfen, waren aus Bauteilen hergestellt, die man aus der Sowjetunion, der \u010cSSR, der Volksrepublik Ungarn oder der DDR importierte.<\/p>\n<p>&#13;<br \/>\n&#13;<\/p>\n<p>&#13;<br \/>\n&#13;<\/p>\n<table border=0 cellpadding=1 cellspacing=1 style=width: 650px;>&#13;<\/p>\n<tbody>&#13;<\/p>\n<tr>&#13;<\/p>\n<td style=width: 400px;>Das erste Ger\u00e4t dieser Art war der 1949 hergestellte Empf\u00e4nger <a href=\"http:\/\/www.proradioantic.ro\/index.php?x=item&#038;id_p=4374\" target=\"_blank\" rel=\"noopener\"><strong><span style=color:#00B7F1>S 49 U Record<\/span><\/strong><\/a>, Bauteile und Bauanleitung stammten aus der UdSSR. Das Geh\u00e4use war recht einfach und hatte drei runde Regler an der vorderen Front, zusammen mit dem Lautsprecher und der ebenfalls runden Skala-Anzeige. <\/td>\n<p>&#13;<\/p>\n<td><a href=http:\/\/devrri.freshlemon.ro\/wp-content\/uploads\/2023\/10\/foto.jpg Germana\/RADIO VECHI\/S-49-U-Record.jpg onclick=window.open(this.href, '', 'resizable=no,status=no,location=no,toolbar=no,menubar=no,fullscreen=yes,scrollbars=no,dependent=no'); return false;><img alt= src=http:\/\/devrri.freshlemon.ro\/wp-content\/uploads\/2023\/10\/foto.jpg Germana\/RADIO VECHI\/S-49-U-Record-200px.jpg style=width: 200px; height: 138px; \/><\/a><\/td>\n<p>&#13;<br \/>\n\t\t<\/tr>\n<p>&#13;<\/p>\n<tr>&#13;<\/p>\n<td> <\/td>\n<p>&#13;<\/p>\n<td style=width: 250px;>&#13;<\/p>\n<p><small>S 49 U Record (1949)<\/small><br \/>&#13;<br \/>\n\t\t\t<small>Foto: Mirel Toma, Radio Romania<\/small><\/p>\n<p>&#13;\n\t\t\t<\/td>\n<p>&#13;<br \/>\n\t\t<\/tr>\n<p>&#13;<br \/>\n\t<\/tbody>\n<p>&#13;<br \/>\n<\/table>\n<p>&#13;<br \/>\n&#13;<\/p>\n<p>&#13;<br \/>\n&#13;<\/p>\n<p>&#13;<br \/>\n&#13;<\/p>\n<table border=0 cellpadding=1 cellspacing=1 style=width: 600px;>&#13;<\/p>\n<tbody>&#13;<\/p>\n<tr>&#13;<\/p>\n<td><a href=http:\/\/devrri.freshlemon.ro\/wp-content\/uploads\/2023\/10\/foto.jpg Germana\/RADIO VECHI\/S-503-A-Pionier-950px.jpg onclick=window.open(this.href, '', 'resizable=no,status=no,location=no,toolbar=no,menubar=no,fullscreen=yes,scrollbars=no,dependent=no'); return false;><img alt= src=http:\/\/devrri.freshlemon.ro\/wp-content\/uploads\/2023\/10\/foto.jpg Germana\/RADIO VECHI\/S-503-A-Pionier-200px.jpg style=width: 200px; height: 127px; \/><\/a><\/td>\n<p>&#13;<\/p>\n<td>Ein Jahr sp\u00e4ter entstand eine weiteres Modell namens <a href=\"http:\/\/www.proradioantic.ro\/index.php?x=item&#038;id_p=5590\" target=\"_blank\" rel=\"noopener\"><strong><span style=color:#00B7F1>S 503 A Pionier<\/span><\/strong><\/a>, das sich nur wenig von seinem Vorg\u00e4nger unterschied &#8212; der runde Knopf f\u00fcr die Wellenl\u00e4nge wurde durch einen Schalthebel ersetzt und die Senderskala war quadratisch.<\/td>\n<p>&#13;<br \/>\n\t\t<\/tr>\n<p>&#13;<\/p>\n<tr>&#13;<\/p>\n<td>&#13;<\/p>\n<p><small>S 503 A Pionier (1950)<\/small><br \/>&#13;<br \/>\n\t\t\t<span style=line-height: 1.6em;><small>Foto: Mihai Neam\u0163u<\/small><\/span><br \/>&#13;<br \/>\n\t\t\t<small style=line-height: 1.6em;>(<\/small><a href=\"http:\/\/www.enciclopediaromaniei.ro\/\" style=\"line-height:\" target=\"_blank\" rel=\"noopener\"><span style=color:#00B7F1>www.enciclopediaromaniei.ro<\/span><\/a><span style=line-height: 1.6em;>)<\/span><\/p>\n<p>&#13;\n\t\t\t<\/td>\n<p>&#13;<\/p>\n<td> <\/td>\n<p>&#13;<br \/>\n\t\t<\/tr>\n<p>&#13;<br \/>\n\t<\/tbody>\n<p>&#13;<br \/>\n<\/table>\n<p>&#13;<br \/>\n&#13;<\/p>\n<p>&#13;<br \/>\n&#13;<\/p>\n<p>&#13;<br \/>\n&#13;<\/p>\n<p>Im Jahr 1951 wurde der erste Radioapparat hergestellt, dessen <strong><a href=\"http:\/\/www.radiomuseum.org\/r\/radiopopul_dunarea_s_513a.html\" target=\"_blank\" rel=\"noopener\"><span style=color: rgb(0, 183, 241);>Bauschema<\/span><\/a><\/strong> zur G\u00e4nze in Rum\u00e4nien konzipiert war &#8212; die Bauteile des <strong>S 513 A Dun\u0103rea<\/strong> stammten allerdings immer noch aus dem Import. Die Senderskala war diesmal auf dem Deckel zu finden, die Bedienungskn\u00f6pfe sowohl an der Vorderfront als auch an den Seiten. Aus demselben Jahr stammen auch die Modelle <strong><a href=\"http:\/\/www.proradioantic.ro\/index.php?x=item&#038;id_p=9404\" target=\"_blank\" rel=\"noopener\"><span style=color: rgb(0, 183, 241);>S 511 A Partizan<\/span><\/a><\/strong> und <strong><a href=\"http:\/\/www.proradioantic.ro\/index.php?x=item&#038;id_p=5653\" target=\"_blank\" rel=\"noopener\"><span style=color: rgb(0, 183, 241);>S 512 U Orion<\/span><\/a><\/strong>. Im Jahr 1953 kam der erste batteriebetriebene Empf\u00e4nger auf den Markt, es handelte sich dabei um das Modell <strong><a href=\"http:\/\/www.proradioantic.ro\/index.php?x=item&#038;id_p=8649\" target=\"_blank\" rel=\"noopener\"><span style=color: rgb(0, 183, 241);>S 531 B Alian\u0163a<\/span><\/a><\/strong>.<\/p>\n<p>&#13;<br \/>\n&#13;<\/p>\n<p>&#13;<br \/>\n&#13;<\/p>\n<p>&#13;<br \/>\n&#13;<\/p>\n<table border=0 cellpadding=1 cellspacing=5 style=width: 650px;>&#13;<\/p>\n<tbody>&#13;<\/p>\n<tr>&#13;<\/p>\n<td>Beginnend mit 1954 stellten die Werke von Radio Popular auch 100%-ig in Rum\u00e4nien konzipierte Bauteile her: Lautsprecher mit Metallmagnet, Trafos f\u00fcr Netzteile, Audiob\u00fcchsen, Chassis, Magnete, Potentiometer, Spulen, Kondensatoren, Sockel f\u00fcr R\u00f6hren u.a.m. <span style=line-height: 20.7999992370605px;>1957 wurde eine neue Produktionshalle mit zwei 70 m langen Flie\u200e\u00dfb\u00e4ndern eingerichtet. <\/span><\/td>\n<p>&#13;<\/p>\n<td><a href=http:\/\/devrri.freshlemon.ro\/wp-content\/uploads\/2023\/10\/foto.jpg Germana\/RADIO VECHI\/asamblarea-aparatelor-800.jpg onclick=window.open(this.href, '', 'resizable=no,status=no,location=no,toolbar=no,menubar=no,fullscreen=no,scrollbars=no,dependent=no'); return false;><img alt= src=http:\/\/devrri.freshlemon.ro\/wp-content\/uploads\/2023\/10\/foto.jpg Germana\/RADIO VECHI\/asamblarea-aparatelor-280.jpg style=width: 280px; height: 192px; \/><\/a><\/td>\n<p>&#13;<br \/>\n\t\t<\/tr>\n<p>&#13;<\/p>\n<tr>&#13;<\/p>\n<td> <\/td>\n<p>&#13;<\/p>\n<td style=width: 250px;>&#13;<\/p>\n<p><small>Radiowerkstatt in Rum\u00e4nien<br \/>&#13;<br \/>\n\t\t\t<span style=line-height: 1.6em;>Foto: www.srr.ro<\/span><\/small><\/p>\n<p>&#13;\n\t\t\t<\/td>\n<p>&#13;<br \/>\n\t\t<\/tr>\n<p>&#13;<br \/>\n\t<\/tbody>\n<p>&#13;<br \/>\n<\/table>\n<p>&#13;<br \/>\n&#13;<\/p>\n<p>&#13;<br \/>\n&#13;<\/p>\n<p><span style=line-height: 20.7999992370605px;>Die Flie\u200e\u00dfbandproduktion schlug sich sofort in den Produktionszahlen nieder. Waren im Jahr 1956 noch knapp 65.000 Ger\u00e4te hergestellt worden, verlie\u200e\u00dfen im Folgejahr 1957 fast doppelt soviel die Produktionsst\u00e4tte &#8212; knapp 112.000 St\u00fcck.<\/span><\/p>\n<p>&#13;<br \/>\n&#13;<\/p>\n<p>&#13;<br \/>\n&#13;<\/p>\n<p>Weitere erw\u00e4hnenswerte Modelle aus den 1950er-60er Jahren von Radio Popular\u201c waren: <strong><a href=\"http:\/\/www.radiomuseum.org\/r\/radiopopul_acord_a3_s581.html\" target=\"_blank\" rel=\"noopener\"><span style=color: rgb(0, 183, 241);>Acord<\/span><\/a><\/strong> (1958-59), <strong><a href=\"http:\/\/www.radiomuseum.org\/r\/radiopopul_armonia_s561as_561.html\" target=\"_blank\" rel=\"noopener\"><span style=color: rgb(0, 183, 241);>Armonia<\/span><\/a> <\/strong>(1950-1956), <strong><a href=\"http:\/\/www.radiomuseum.org\/r\/radiopopul_balada_s582a.html\" target=\"_blank\" rel=\"noopener\"><span style=color: rgb(0, 183, 241);>Balada<\/span><\/a> <\/strong>(1958-59), <strong><a href=\"http:\/\/www.radiomuseum.org\/r\/radiopopul_bicaz_s573a.html\" target=\"_blank\" rel=\"noopener\"><span style=color: rgb(0, 183, 241);>Bicaz<\/span><\/a> <\/strong>(1957-58), <strong><a href=\"http:\/\/www.radiomuseum.org\/r\/radiopopul_bucuresti_s543u.html\" target=\"_blank\" rel=\"noopener\"><span style=color: rgb(0, 183, 241);>Bucure\u015fti<\/span><\/a> <\/strong>(1954-55), <strong><a href=\"http:\/\/www.radiomuseum.org\/r\/radiopopul_carpati_s545us_545.html\" target=\"_blank\" rel=\"noopener\"><span style=color: rgb(0, 183, 241);>Carpa\u0163i<\/span><\/a> <\/strong>(1954),  <strong><a href=\"http:\/\/www.radiomuseum.org\/r\/radiopopul_ciocarlia_s553b3.html\" target=\"_blank\" rel=\"noopener\"><span style=color: rgb(0, 183, 241);>Cioc\u00e2rlia<\/span><\/a> <\/strong>(1955), <strong><a href=\"http:\/\/www.radiomuseum.org\/r\/radiopopul_concert_s_591a.html\" target=\"_blank\" rel=\"noopener\"><span style=color: rgb(0, 183, 241);>Concert<\/span><\/a> <\/strong>(1959), <strong><a href=\"http:\/\/www.radiomuseum.org\/r\/radiopopul_concert_60_s591a2.html\" target=\"_blank\" rel=\"noopener\"><span style=color: rgb(0, 183, 241);>Concert 60<\/span><\/a> <\/strong>(1959-60), <strong><a href=\"http:\/\/www.radiomuseum.org\/r\/radiopopul_doina_s553b.html\" target=\"_blank\" rel=\"noopener\"><span style=color: rgb(0, 183, 241);>Doina<\/span><\/a> <\/strong>(1955), <strong><a href=\"http:\/\/www.radiomuseum.org\/r\/radiopopul_hora_s_603b.html\" target=\"_blank\" rel=\"noopener\"><span style=color: rgb(0, 183, 241);>Hora<\/span><\/a> <\/strong>(1960), <strong><a href=\"http:\/\/www.radiomuseum.org\/r\/radiopopul_lux_s574a.html\" target=\"_blank\" rel=\"noopener\"><span style=color: rgb(0, 183, 241);>Lux<\/span><\/a> <\/strong>(1957-58), <strong><a href=\"http:\/\/www.radiomuseum.org\/r\/radiopopul_opereta_s_572_as572.html\" target=\"_blank\" rel=\"noopener\"><span style=color: rgb(0, 183, 241);>Opereta<\/span><\/a> <\/strong>(1957), <strong><span style=color: rgb(0, 183, 241);><a href=\"http:\/\/www.radiomuseum.org\/r\/radiopopul_pionier_52_s521a2s_521_a.html\" target=\"_blank\" rel=\"noopener\"><span style=color: rgb(0, 183, 241);>Pionier 52<\/span><\/a> <\/span><\/strong>(1952), <strong><a href=\"http:\/\/www.radiomuseum.org\/r\/radiopopul_romanta_s581a.html\" target=\"_blank\" rel=\"noopener\"><span style=color: rgb(0, 183, 241);>Roman\u0163a<\/span><\/a> <\/strong>(1958), <strong><a href=\"http:\/\/www.radiomuseum.org\/r\/radiopopul_serenada_s552u.html\" target=\"_blank\" rel=\"noopener\"><span style=color: rgb(0, 183, 241);>Serenada<\/span><\/a> <\/strong>(1955-56), <strong><a href=\"http:\/\/www.radiomuseum.org\/r\/radiopopul_simfonia_s541as_541.html\" target=\"_blank\" rel=\"noopener\"><span style=color: rgb(0, 183, 241);>Simfonia<\/span><\/a> <\/strong>(1954), <strong><a href=\"http:\/\/www.radiomuseum.org\/r\/radiopopul_unirea_s592b.html\" target=\"_blank\" rel=\"noopener\"><span style=color: rgb(0, 183, 241);>Unirea<\/span><\/a> <\/strong>(1959-60), <strong><a href=\"http:\/\/www.radiomuseum.org\/r\/radiopopul_victoria_s571as_571.html\" target=\"_blank\" rel=\"noopener\"><span style=color: rgb(0, 183, 241);>Victoria<\/span><\/a> <\/strong>(1957).<\/p>\n<p>&#13;<br \/>\n&#13;<\/p>\n<p>&#13;<br \/>\n&#13;<\/p>\n<p>&#13;<br \/>\n&#13;<\/p>\n<table border=0 cellpadding=1 cellspacing=1 style=width: 600px;>&#13;<\/p>\n<tbody>&#13;<\/p>\n<tr>&#13;<\/p>\n<td>Bis 1960, als insgesamt etwa 170.000 Ger\u00e4te das Werk verlie\u200e\u00dfen, wurden rund 30 Modelle auf den Markt gebracht, darunter auch sogen. Musiktruhen mit Plattenspieler und Radio wie z.B. das 1959 hergestellte <strong><a href=\"http:\/\/www.proradioantic.ro\/index.php?x=item&#038;id_p=8299\" target=\"_blank\" rel=\"noopener\"><span style=color: rgb(0, 183, 241);>Bucure\u015fti 500<\/span><\/a><\/strong>.<\/td>\n<p>&#13;<\/p>\n<td><a href=http:\/\/devrri.freshlemon.ro\/wp-content\/uploads\/2023\/10\/foto.jpg Germana\/RADIO VECHI\/Radio-Pick-up-Electronica-750.jpg onclick=window.open(this.href, '', 'resizable=no,status=no,location=no,toolbar=no,menubar=no,fullscreen=no,scrollbars=no,dependent=no'); return false;><img alt= src=http:\/\/devrri.freshlemon.ro\/wp-content\/uploads\/2023\/10\/foto.jpg Germana\/RADIO VECHI\/Radio-Pick-up-Electronica-200.jpg style=width: 200px; height: 153px; \/><\/a><\/td>\n<p>&#13;<br \/>\n\t\t<\/tr>\n<p>&#13;<\/p>\n<tr>&#13;<\/p>\n<td> <\/td>\n<p>&#13;<\/p>\n<td>&#13;<\/p>\n<p><small>Radio mit Plattenspieler <\/small><\/p>\n<p>&#13;<br \/>\n&#13;<\/p>\n<p><small>von &#8222;Electronica&#8220;<\/small><\/p>\n<p>&#13;<br \/>\n&#13;<\/p>\n<p><small>Foto: <\/small><span style=font-size: 10.909090995788574px;>Mihai Neam\u0163u<\/span><br \/>&#13;<br \/>\n\t\t\t<small style=line-height: 1.6em;>(<\/small><a href=\"http:\/\/www.enciclopediaromaniei.ro\/\" style=\"line-height:\" target=\"_blank\" rel=\"noopener\"><span style=color: rgb(0, 183, 241);>www.enciclopediaromaniei.ro<\/span><\/a><span style=line-height: 1.6em;>)<\/span><br \/>&#13;\n\t\t\t <\/p>\n<p>&#13;<br \/>\n&#13;<\/p>\n<p>&#13;\n\t\t\t<\/td>\n<p>&#13;<br \/>\n\t\t<\/tr>\n<p>&#13;<br \/>\n\t<\/tbody>\n<p>&#13;<br \/>\n<\/table>\n<p>&#13;<br \/>\n&#13;<\/p>\n<p>Auch die Bukarester Fabrik Electromagnetica\u201c (auch Grigore Preoteasa\u201c genannt, nach dem rum\u00e4nischen Parteiaktivisten, Journalisten und kommunistischen Politker), die haupts\u00e4chlich elektrotechnische Teile f\u00fcr die Schwerindustrie und die Eisenbahn, aber auch <strong><a href=\"http:\/\/www.proradioantic.ro\/index.php?x=item&#038;id_p=391\" target=\"_blank\" rel=\"noopener\"><span style=color:#00B7F1>Telefonapparate<\/span><\/a><\/strong> und andere Ger\u00e4te f\u00fcr die Telekommunikation (darunter <strong><a href=\"http:\/\/www.proradioantic.ro\/index.php?x=item&#038;id_p=8475\" target=\"_blank\" rel=\"noopener\"><span style=color:#00B7F1>Milit\u00e4rradios<\/span><\/a><\/strong>) herstellte, brachte in den 1950er Jahren einige Radioempf\u00e4nger mit R\u00f6hren auf den Markt wie die <strong><a href=\"http:\/\/www.proradioantic.ro\/index.php?x=item&#038;id_p=8491\" target=\"_blank\" rel=\"noopener\"><span style=color:#00B7F1>EM 541 Pionier<\/span><\/a> <\/strong>(1954) und <strong><a href=\"http:\/\/www.proradioantic.ro\/index.php?x=item&#038;id_p=219\" target=\"_blank\" rel=\"noopener\"><span style=color:#00B7F1>EM 552 A<\/span><\/a> <\/strong>(1955).<\/p>\n<p>&#13;<br \/>\n&#13;<\/p>\n<p>&#13;<br \/>\n&#13;<\/p>\n<p>&#13;<br \/>\n&#13;<\/p>\n<p>Grafik zur Herstellung von Radioger\u00e4ten in Rum\u00e4nien (1948-1960):<\/p>\n<p>&#13;<br \/>\n&#13;<\/p>\n<p>&#13;<br \/>\n&#13;<\/p>\n<table border=0 cellpadding=1 cellspacing=1 style=width: 600px;>&#13;<\/p>\n<tbody>&#13;<\/p>\n<tr>&#13;<\/p>\n<td><img alt= src=http:\/\/devrri.freshlemon.ro\/wp-content\/uploads\/2023\/10\/foto.jpg Germana\/RADIO VECHI\/chart1948-1960.png style=width: 600px; height: 150px; \/><\/td>\n<p>&#13;<br \/>\n\t\t<\/tr>\n<p>&#13;<\/p>\n<tr>&#13;<\/p>\n<td>&#13;<\/p>\n<p><strong><small>Quelle: <span style=color: rgb(0, 183, 241);><a href=\"http:\/\/www.enciclopediaromaniei.ro\/wiki\/Radioreceptoare_rom%C3%A2ne%C5%9Fti\" target=\"_blank\" rel=\"noopener\"><span style=color:#00B7F1> http:\/\/www.enciclopediaromaniei.ro\/wiki\/Radioreceptoare_rom\u00e2ne\u015fti<\/span><\/a><\/span><\/small><\/strong><\/p>\n<p>&#13;\n\t\t\t<\/td>\n<p>&#13;<br \/>\n\t\t<\/tr>\n<p>&#13;<br \/>\n\t<\/tbody>\n<p>&#13;<br \/>\n<\/table>\n<p>&#13;<br \/>\n&#13;<\/p>\n<p>&#13;<br \/>\n&#13;<\/p>\n<p>&#13;<br \/>\n&#13;<\/p>\n<p>&#13;<br \/>\n&#13;<\/p>\n<p>&#13;<br \/>\n&#13;<\/p>\n<h3>ELECTRONICA-WERKE IN BUKAREST (1960 &#8211; 1980)<\/h3>\n<p>&#13;<br \/>\n&#13;<\/p>\n<p>&#13;<br \/>\n&#13;<\/p>\n<table border=0 cellpadding=1 cellspacing=1 style=width: 600px;>&#13;<\/p>\n<tbody>&#13;<\/p>\n<tr>&#13;<\/p>\n<td>Das Jahr 1960 brachte einen wichtigen Einschnitt in die Herstellung von Radioger\u00e4ten in Rum\u00e4nien. Die Fabrik Radio Popular\u201c \u00e4nderte ihren Namen zu Electronica\u201c, neue Produktionslinien f\u00fcr Transistoren, Halbleiterdioden, elektrolytische und Kunststoff-Folienkondensatoren wurden eingerichtet. Ein Jahr zuvor war der erste rum\u00e4nische Radioempf\u00e4nger auf den Markt gekommen, der vollst\u00e4ndig mit Transistoren ausger\u00fcstet war &#8212; der <strong><a href=\"http:\/\/www.proradioantic.ro\/index.php?x=item&#038;id_p=9789\" target=\"_blank\" rel=\"noopener\"><span style=color: rgb(0, 183, 241);>S 595 T Solistor<\/span><\/a><\/strong>.<\/td>\n<p>&#13;<\/p>\n<td><a href=http:\/\/devrri.freshlemon.ro\/wp-content\/uploads\/2023\/10\/foto.jpg Germana\/RADIO VECHI\/S-593-T-Solistor.jpg onclick=window.open(this.href, '', 'resizable=no,status=no,location=no,toolbar=no,menubar=no,fullscreen=no,scrollbars=no,dependent=no'); return false;><img alt= src=http:\/\/devrri.freshlemon.ro\/wp-content\/uploads\/2023\/10\/foto.jpg Germana\/RADIO VECHI\/S-593-T-Solistor-200px.jpg style=width: 200px; height: 186px; \/><\/a><\/td>\n<p>&#13;<br \/>\n\t\t<\/tr>\n<p>&#13;<\/p>\n<tr>&#13;<\/p>\n<td>&#13;<\/p>\n<p>&#13;<br \/>\n&#13;<\/p>\n<p>&#13;\n\t\t\t<\/td>\n<p>&#13;<\/p>\n<td>&#13;<\/p>\n<p><small>S 595 T Solistor (1959)<br \/>&#13;<br \/>\n\t\t\tFoto: Jean-Luc Fournier<\/small><br \/>&#13;<br \/>\n\t\t\t<small style=line-height: 1.6em;>(<\/small><a href=\"http:\/\/www.enciclopediaromaniei.ro\/\" style=\"font-size:\" line-height: target=\"_blank\" rel=\"noopener\"><span style=color: rgb(0, 183, 241);>www.enciclopediaromaniei.ro<\/span><\/a><span style=font-size: 13px; line-height: 1.6em;>)<\/span><\/p>\n<p>&#13;\n\t\t\t<\/td>\n<p>&#13;<br \/>\n\t\t<\/tr>\n<p>&#13;<br \/>\n\t<\/tbody>\n<p>&#13;<br \/>\n<\/table>\n<p>&#13;<br \/>\n&#13;<\/p>\n<p>&#13;<br \/>\n&#13;<\/p>\n<p>&#13;<br \/>\n&#13;<\/p>\n<table border=0 cellpadding=1 cellspacing=1 style=width: 600px;>&#13;<\/p>\n<tbody>&#13;<\/p>\n<tr>&#13;<\/p>\n<td><a href=http:\/\/devrri.freshlemon.ro\/wp-content\/uploads\/2023\/10\/foto.jpg Germana\/RADIO VECHI\/Traviata-Combina-750.jpg onclick=window.open(this.href, '', 'resizable=no,status=no,location=no,toolbar=no,menubar=no,fullscreen=no,scrollbars=no,dependent=no'); return false;><img alt= src=http:\/\/devrri.freshlemon.ro\/wp-content\/uploads\/2023\/10\/foto.jpg Germana\/RADIO VECHI\/Traviata-Combina-200.jpg style=width: 200px; height: 159px; \/><\/a><\/td>\n<p>&#13;<\/p>\n<td><span style=font-size: 13px; line-height: 1.6em;>Die elektronischen Bauteile waren noch aus Frankreich importiert, doch im selben Jahr wurde auch das erste Modell hergestellt, dessen Bauteile zu 96% aus der heimischen Produktion stammten:<\/span><br \/>&#13;<br \/>\n\t\t\t<strong style=font-size: 13px; line-height: 1.6em;><a href=\"http:\/\/www.proradioantic.ro\/index.php?x=item&#038;id_p=5985\" target=\"_blank\" rel=\"noopener\"><span style=color: rgb(0, 183, 241);>S 594 T Litoral<\/span><\/a><\/strong><span style=font-size: 13px; line-height: 1.6em;>. Weitere Modelle tragbarer Transistorempf\u00e4nger kamen in den 1960er Jahren hinzu, parallel wurde auch die Herstellung von R\u00f6hrenradios sowie von Musikschr\u00e4nken und Plattenspielerradios bis ca. 1976 fortgef\u00fchrt. Eines der letzten Modelle von Musiktruhen mit R\u00f6hren war z.B. die 1969 hergestellte <\/span><strong style=font-size: 13px; line-height: 1.6em;><a href=\"http:\/\/www.proradioantic.ro\/index.php?x=item&#038;id_p=8316\" target=\"_blank\" rel=\"noopener\"><span style=color: rgb(0, 183, 241);>Traviata 3<\/span><\/a><\/strong><span style=font-size: 13px; line-height: 1.6em;>.<\/span><\/td>\n<p>&#13;<br \/>\n\t\t<\/tr>\n<p>&#13;<\/p>\n<tr>&#13;<\/p>\n<td><small>Musiktruhe &#8222;Traviata&#8220;<\/small><br \/>&#13;<br \/>\n\t\t\t<span style=line-height: 1.6em;><small>Foto: Mihai Neam\u0163u<\/small><\/span><br \/>&#13;<br \/>\n\t\t\t<small style=line-height: 1.6em;>(<\/small><a href=\"http:\/\/www.enciclopediaromaniei.ro\/\" style=\"line-height:\" target=\"_blank\" rel=\"noopener\"><span style=color: rgb(0, 183, 241);>www.enciclopediaromaniei.ro<\/span><\/a><span style=line-height: 1.6em;>)<\/span><\/td>\n<p>&#13;<\/p>\n<td> <\/td>\n<p>&#13;<br \/>\n\t\t<\/tr>\n<p>&#13;<br \/>\n\t<\/tbody>\n<p>&#13;<br \/>\n<\/table>\n<p>&#13;<br \/>\n&#13;<\/p>\n<p>&#13;<br \/>\n&#13;<\/p>\n<p>&#13;<br \/>\n&#13;<\/p>\n<p>In den 1970er Jahren nahm man die Produktion von Stereoempf\u00e4ngern mit externen Boxen auf, ein Meilenstein, auf dem Sammler schw\u00f6ren, dass er heute noch funktionieren w\u00fcrde, ist z.B. der <strong><a href=\"http:\/\/www.proradioantic.ro\/index.php?x=item&#038;id_p=5598\" target=\"_blank\" rel=\"noopener\"><span style=color: rgb(0, 183, 241);>S 702 TS Maestro<\/span><\/a><\/strong> mit 2 x 6W-Boxen. Erw\u00e4hnenswert f\u00fcr den UKW-Stereo-Empfang ist aus jener Zeit auch der ab 1974 hergestellte <strong><a href=\"http:\/\/www.proradioantic.ro\/index.php?x=item&#038;id_p=5730\" target=\"_blank\" rel=\"noopener\"><span style=color: rgb(0, 183, 241);>S 749 TS Bucur<\/span><\/a> <\/strong>in unterschiedlichen Ausfertigungen, darunter auch mit Stilm\u00f6bel nachempfundenem teurem Holzgeh\u00e4use (<strong><a href=\"http:\/\/www.proradioantic.ro\/index.php?x=item&#038;id_p=8989\" target=\"_blank\" rel=\"noopener\"><span style=color: rgb(0, 183, 241);>Bucur 2<\/span><\/a><\/strong>).  Ebenfalls in den 1970er Jahren wurden weitere tragbare Batterienempf\u00e4nger hergestellt, die auch als Autoradios angeschlossen werden konnten, beispielsweise das Modell <strong><a href=\"http:\/\/www.proradioantic.ro\/index.php?x=item&#038;id_p=5649\" target=\"_blank\" rel=\"noopener\"><span style=color: rgb(0, 183, 241);>S 720 T Gloria<\/span><\/a><\/strong>, oder ausschlie\u200e\u00dflich Autoradios der Handelsmarken <strong><a href=\"http:\/\/www.proradioantic.ro\/index.php?x=item&#038;id_p=10656\" target=\"_blank\" rel=\"noopener\"><span style=color: rgb(0, 183, 241);>Sinaia<\/span><\/a> <\/strong>(Lang- und Mittelwelle) und <strong><a href=\"http:\/\/www.proradioantic.ro\/index.php?x=item&#038;id_p=5665\" target=\"_blank\" rel=\"noopener\"><span style=color: rgb(0, 183, 241);>Predeal<\/span><\/a> <\/strong>(Lang-, Mittel- und Kurzwelle).<\/p>\n<p>&#13;<br \/>\n&#13;<\/p>\n<p>&#13;<br \/>\n&#13;<\/p>\n<p>Ende der 1970er Jahre begannen die Electronica-Werke Radios mit Accessoires herzustellen. Renner waren die Modelle <strong><a href=\"http:\/\/www.proradioantic.ro\/index.php?x=item&#038;id_p=5569\" target=\"_blank\" rel=\"noopener\"><span style=color: rgb(0, 183, 241);>Cronos<\/span><\/a><\/strong> (mit elektronischer Uhr und Wecker), <strong><a href=\"http:\/\/www.proradioantic.ro\/index.php?x=item&#038;id_p=5872\" target=\"_blank\" rel=\"noopener\"><span style=color: rgb(0, 183, 241);>Expres<\/span><\/a><\/strong>, <strong><a href=\"http:\/\/www.proradioantic.ro\/index.php?x=item&#038;id_p=10527\" target=\"_blank\" rel=\"noopener\"><span style=color: rgb(0, 183, 241);>Interson<\/span><\/a><\/strong>, <\/p>\n<p>&#13;<br \/>\n&#13;<\/p>\n<p><strong><a href=\"http:\/\/www.proradioantic.ro\/index.php?x=item&#038;id_p=5659\" target=\"_blank\" rel=\"noopener\"><span style=color: rgb(0, 183, 241);>Superson<\/span><\/a><\/strong> (mit eingebauter Lichtorgel) und <strong><a href=\"http:\/\/www.proradioantic.ro\/index.php?x=item&#038;id_p=5661\" target=\"_blank\" rel=\"noopener\"><span style=color: rgb(0, 183, 241);>Ultrason<\/span><\/a><\/strong> (mit 5 Wellenl\u00e4ngen, darunter 3 Kurzwellenmeterb\u00e4nder). Insgesamt stellte Electronica\u201c von 1960 bis 1980 ca. 75 Modelle in \u00fcber 200 Varianten her, in St\u00fcckzahlen waren das mehr als 6,7 Mio. Ger\u00e4te.<\/p>\n<p>&#13;<br \/>\n&#13;<\/p>\n<p>&#13;<br \/>\n&#13;<\/p>\n<p>&#13;<br \/>\n&#13;<\/p>\n<p>Grafik zur Herstellung von Radioger\u00e4ten bei Electronica\u201c Bukarest (1960-1979):<\/p>\n<p>&#13;<br \/>\n&#13;<\/p>\n<p>&#13;<br \/>\n&#13;<\/p>\n<table border=0 cellpadding=1 cellspacing=1 style=width: 600px;>&#13;<\/p>\n<tbody>&#13;<\/p>\n<tr>&#13;<\/p>\n<td><img alt= src=http:\/\/devrri.freshlemon.ro\/wp-content\/uploads\/2023\/10\/foto.jpg Germana\/RADIO VECHI\/chart1960-1979.png style=width: 700px; height: 150px; \/><\/td>\n<p>&#13;<br \/>\n\t\t<\/tr>\n<p>&#13;<\/p>\n<tr>&#13;<\/p>\n<td><small><strong>Quelle: <a href=\"http:\/\/www.enciclopediaromaniei.ro\/wiki\/Radioreceptoare_rom%C3%A2ne%C5%9Fti\" target=\"_blank\" rel=\"noopener\"><span style=color: rgb(0, 183, 241);> http:\/\/www.enciclopediaromaniei.ro\/wiki\/Radioreceptoare_rom\u00e2ne\u015fti<\/span><\/a><\/strong><\/small><\/td>\n<p>&#13;<br \/>\n\t\t<\/tr>\n<p>&#13;<br \/>\n\t<\/tbody>\n<p>&#13;<br \/>\n<\/table>\n<p>&#13;<br \/>\n&#13;<\/p>\n<p>&#13;<br \/>\n&#13;<\/p>\n<p>&#13;<br \/>\n&#13;<\/p>\n<p>Zu den in den 1980er bis fr\u00fchen 1990er Jahren hergestellten Ger\u00e4ten von Electronica z\u00e4hlten Modelle wie die Taschenradios <strong><a href=\"http:\/\/www.proradioantic.ro\/index.php?x=item&#038;id_p=8759\" target=\"_blank\" rel=\"noopener\"><span style=color: rgb(0, 183, 241);>Ric<\/span><\/a><\/strong> und <strong><a href=\"http:\/\/www.proradioantic.ro\/index.php?x=item&#038;id_p=8492\" target=\"_blank\" rel=\"noopener\"><span style=color: rgb(0, 183, 241);>MiniRic<\/span><\/a><\/strong>, das Tischradio im Retro-Geh\u00e4use <strong><a href=\"http:\/\/www.proradioantic.ro\/index.php?x=item&#038;id_p=10580\" target=\"_blank\" rel=\"noopener\"><span style=color: rgb(0, 183, 241);>Nostalgic<\/span><\/a> <\/strong>(1989), sowie tragbare Kassettenradios wie <strong>RCS<\/strong> (1984-1986), <strong><a href=\"http:\/\/www.proradioantic.ro\/index.php?x=item&#038;id_p=5588\" target=\"_blank\" rel=\"noopener\"><span style=color: rgb(0, 183, 241);>Total<\/span><\/a><\/strong> (1993-94) und <strong><a href=\"http:\/\/www.proradioantic.ro\/index.php?x=item&#038;id_p=5702\" target=\"_blank\" rel=\"noopener\"><span style=color: rgb(0, 183, 241);>Thomas<\/span><\/a><\/strong> (1994-98), wobei die letzten Modelle auch integrierte Schaltkreise hatten.<\/p>\n<p>&#13;<br \/>\n&#13;<\/p>\n<p>&#13;<br \/>\n&#13;<\/p>\n<p>&#13;<br \/>\n&#13;<\/p>\n<p>&#13;<br \/>\n&#13;<\/p>\n<h3>TEHNOTON IN JASSY (1974 &#8211; 1990)<\/h3>\n<p>&#13;<br \/>\n&#13;<\/p>\n<p>&#13;<br \/>\n&#13;<\/p>\n<p>1972 bis 1974 wurde eine neue Fabrik f\u00fcr die Herstellung von Radioempf\u00e4ngern im nordostrum\u00e4nischen Ia\u0219i (Jassy) errichtet. Tehnoton\u201c nannten sich die neuen Werke und waren am Anfang nur ein Ableger der Bukarester Fabrik Electronica\u201c, die ihre Dokumentation, technische Ausr\u00fcstung und das Werkzeug den Kollegen in Jassy zur Verf\u00fcgung stellte. Die Produktion wurde 1974 aufgenommen, hergestellt wurden Transistorradios unter Eigenmarken wie <a href=\"http:\/\/www.proradioantic.ro\/index.php?x=item&#038;id_p=9573\" target=\"_blank\" rel=\"noopener\"><strong><span style=color: rgb(0, 183, 241);>Albatros<\/span><\/strong><\/a>, <strong><a href=\"http:\/\/www.proradioantic.ro\/index.php?x=item&#038;id_p=5703\" target=\"_blank\" rel=\"noopener\"><span style=color: rgb(0, 183, 241);>Alfa<\/span><\/a><\/strong>, <strong><a href=\"http:\/\/www.proradioantic.ro\/index.php?x=item&#038;id_p=5664\" target=\"_blank\" rel=\"noopener\"><span style=color: rgb(0, 183, 241);>Apollo<\/span><\/a><\/strong>, <a href=\"http:\/\/www.proradioantic.ro\/index.php?x=item&#038;id_p=10185\" target=\"_blank\" rel=\"noopener\"><strong><span style=color: rgb(0, 183, 241);>Atlantic<\/span><\/strong><\/a>, <strong><a href=\"http:\/\/www.proradioantic.ro\/index.php?x=item&#038;id_p=6763\" target=\"_blank\" rel=\"noopener\"><span style=color: rgb(0, 183, 241);>Brahms<\/span><\/a><\/strong>, <a href=\"http:\/\/www.proradioantic.ro\/index.php?x=item&#038;id_p=5733\" target=\"_blank\" rel=\"noopener\"><strong><span style=color: rgb(0, 183, 241);>Bucium<\/span><\/strong><\/a>, <a href=\"http:\/\/www.proradioantic.ro\/index.php?x=item&#038;id_p=7960\" target=\"_blank\" rel=\"noopener\"><strong><span style=color: rgb(0, 183, 241);>Concorde<\/span><\/strong><\/a>, <strong><a href=\"http:\/\/www.proradioantic.ro\/index.php?x=item&#038;id_p=8914\" target=\"_blank\" rel=\"noopener\"><span style=color: rgb(0, 183, 241);>Cosmos<\/span><\/a><\/strong>, <strong><a href=\"http:\/\/www.proradioantic.ro\/index.php?x=item&#038;id_p=5725\" target=\"_blank\" rel=\"noopener\"><span style=color: rgb(0, 183, 241);>Gamma<\/span><\/a><\/strong>, <strong><a href=\"http:\/\/www.proradioantic.ro\/index.php?x=item&#038;id_p=5669\" target=\"_blank\" rel=\"noopener\"><span style=color: rgb(0, 183, 241);>Gloria 3<\/span><\/a><\/strong>, <strong><a href=\"http:\/\/www.proradioantic.ro\/index.php?x=item&#038;id_p=5548\" target=\"_blank\" rel=\"noopener\"><span style=color: rgb(0, 183, 241);>Inter<\/span><\/a><\/strong>, <a href=\"http:\/\/www.proradioantic.ro\/index.php?x=item&#038;id_p=5722\" target=\"_blank\" rel=\"noopener\"><strong><span style=color: rgb(0, 183, 241);>Jupiter<\/span><\/strong><\/a>, <strong><a href=\"http:\/\/www.proradioantic.ro\/index.php?x=item&#038;id_p=7893\" target=\"_blank\" rel=\"noopener\"><span style=color: rgb(0, 183, 241);>Madrigal 1<\/span><\/a><\/strong> und <strong><a href=\"http:\/\/www.proradioantic.ro\/index.php?x=item&#038;id_p=5713\" target=\"_blank\" rel=\"noopener\"><span style=color: rgb(0, 183, 241);>Madrigal 2<\/span><\/a><\/strong>, <a href=\"http:\/\/www.proradioantic.ro\/index.php?x=item&#038;id_p=6380\" target=\"_blank\" rel=\"noopener\"><strong><span style=color: rgb(0, 183, 241);>Magic<\/span><\/strong><\/a>, <strong><a href=\"http:\/\/www.proradioantic.ro\/index.php?x=item&#038;id_p=5563\" target=\"_blank\" rel=\"noopener\"><span style=color: rgb(0, 183, 241);>Mangalia 2<\/span><\/a><\/strong>, <strong><a href=\"http:\/\/www.proradioantic.ro\/index.php?x=item&#038;id_p=9151\" target=\"_blank\" rel=\"noopener\"><span style=color: rgb(0, 183, 241);>Milcov<\/span><\/a><\/strong>, <a href=\"http:\/\/www.proradioantic.ro\/index.php?x=item&#038;id_p=10657\" target=\"_blank\" rel=\"noopener\"><font color=#00b7f1><b>Monaco<\/b><\/font><\/a>, <strong><a href=\"http:\/\/www.proradioantic.ro\/index.php?x=item&#038;id_p=2033\" target=\"_blank\" rel=\"noopener\"><span style=color: rgb(0, 183, 241);>Neptun<\/span><\/a><\/strong>, <a href=\"http:\/\/www.proradioantic.ro\/index.php?x=item&#038;id_p=6294\" target=\"_blank\" rel=\"noopener\"><strong><span style=color: rgb(0, 183, 241);>Omega<\/span><\/strong><\/a>, <strong><span style=color: rgb(0, 183, 241);><a href=\"http:\/\/www.proradioantic.ro\/index.php?x=item&#038;id_p=5654\" target=\"_blank\" rel=\"noopener\"><span style=color: rgb(0, 183, 241);>Pacific 4<\/span><\/a><\/span><\/strong>,<strong><span style=color: rgb(0, 183, 241);> <a href=\"http:\/\/www.proradioantic.ro\/index.php?x=item&#038;id_p=10644\" target=\"_blank\" rel=\"noopener\"><span style=color: rgb(0, 183, 241);>Pesc\u0103ru\u015f<\/span><\/a><\/span><\/strong>,<strong><span style=color: rgb(0, 183, 241);> <\/span><\/strong><strong><span style=color: rgb(0, 183, 241);><a href=\"http:\/\/www.proradioantic.ro\/index.php?x=item&#038;id_p=5665\" target=\"_blank\" rel=\"noopener\"><span style=color: rgb(0, 183, 241);>Predeal 2<\/span><\/a><\/span><\/strong>, <strong><a href=\"http:\/\/www.proradioantic.ro\/index.php?x=item&#038;id_p=10246\" target=\"_blank\" rel=\"noopener\"><span style=color: rgb(0, 183, 241);>Tempo<\/span><\/a><\/strong>, <strong><a href=\"http:\/\/www.proradioantic.ro\/index.php?x=item&#038;id_p=5678\" target=\"_blank\" rel=\"noopener\"><span style=color: rgb(0, 183, 241);>Zefir<\/span><\/a><\/strong>.<\/p>\n<p>&#13;<br \/>\n&#13;<\/p>\n<p>&#13;<br \/>\n&#13;<\/p>\n<p>&#13;<br \/>\n&#13;<\/p>\n<p>Produktions- und Exportgrafik 1974 &#8211; 1979 bei TEHNOTON Jassy:<\/p>\n<p>&#13;<br \/>\n&#13;<\/p>\n<p>&#13;<br \/>\n&#13;<\/p>\n<table border=0 cellpadding=1 cellspacing=1 style=width: 600px;>&#13;<\/p>\n<tbody>&#13;<\/p>\n<tr>&#13;<\/p>\n<td><img alt= src=http:\/\/devrri.freshlemon.ro\/wp-content\/uploads\/2023\/10\/foto.jpg Germana\/RADIO VECHI\/chart1974-1979.png style=width: 500px; height: 150px; \/><\/td>\n<p>&#13;<br \/>\n\t\t<\/tr>\n<p>&#13;<\/p>\n<tr>&#13;<\/p>\n<td><small><strong>Quelle: <a href=\"http:\/\/www.enciclopediaromaniei.ro\/wiki\/Radioreceptoare_rom%C3%A2ne%C5%9Fti\" target=\"_blank\" rel=\"noopener\"><span style=color: rgb(0, 183, 241);> http:\/\/www.enciclopediaromaniei.ro\/wiki\/Radioreceptoare_rom\u00e2ne\u015fti<\/span><\/a><\/strong><\/small><\/td>\n<p>&#13;<br \/>\n\t\t<\/tr>\n<p>&#13;<br \/>\n\t<\/tbody>\n<p>&#13;<br \/>\n<\/table>\n<p>&#13;<br \/>\n&#13;<\/p>\n<p>&#13;<br \/>\n&#13;<\/p>\n<p>&#13;<br \/>\n&#13;<\/p>\n<p>Nach 1980 stellte Tehnoton weitere Modelle her: <a href=\"http:\/\/www.proradioantic.ro\/index.php?x=item&#038;id_p=8298\" target=\"_blank\" rel=\"noopener\"><strong><span style=color: rgb(0, 183, 241);>Lira<\/span><\/strong><\/a> (1980), <a href=\"http:\/\/www.proradioantic.ro\/index.php?x=item&#038;id_p=5547\" target=\"_blank\" rel=\"noopener\"><strong><span style=color: rgb(0, 183, 241);>Samba<\/span><\/strong><\/a> (1980), <a href=\"http:\/\/www.proradioantic.ro\/index.php?x=item&#038;id_p=5735\" target=\"_blank\" rel=\"noopener\"><strong><span style=color: rgb(0, 183, 241);>Terra<\/span><\/strong><\/a> (1980), <strong><a href=\"http:\/\/www.proradioantic.ro\/index.php?x=item&#038;id_p=292\" target=\"_blank\" rel=\"noopener\"><span style=color: rgb(0, 183, 241);>Alfa 2<\/span><\/a><\/strong> und <strong><a href=\"http:\/\/www.proradioantic.ro\/index.php?x=item&#038;id_p=9344\" target=\"_blank\" rel=\"noopener\"><span style=color: rgb(0, 183, 241);>Alfa 3<\/span><\/a><\/strong> (1981), <strong><a href=\"http:\/\/www.proradioantic.ro\/index.php?x=item&#038;id_p=5726\" target=\"_blank\" rel=\"noopener\"><span style=color: rgb(0, 183, 241);>Solo 100<\/span><\/a><\/strong>, <strong><a href=\"http:\/\/www.proradioantic.ro\/index.php?x=item&#038;id_p=5675\" target=\"_blank\" rel=\"noopener\"><span style=color: rgb(0, 183, 241);>Solo 300<\/span><\/a><\/strong>, <strong><a href=\"http:\/\/www.proradioantic.ro\/index.php?x=item&#038;id_p=8853\" target=\"_blank\" rel=\"noopener\"><span style=color: rgb(0, 183, 241);>Solo 500<\/span><\/a> <\/strong>(alle 1981-83), <strong><a href=\"http:\/\/www.proradioantic.ro\/index.php?x=item&#038;id_p=7371\" target=\"_blank\" rel=\"noopener\"><span style=color: rgb(0, 183, 241);>Gamma<\/span><\/a><\/strong> (1978-1984), <strong><a href=\"http:\/\/www.proradioantic.ro\/index.php?x=item&#038;id_p=1727\" target=\"_blank\" rel=\"noopener\"><span style=color: rgb(0, 183, 241);>Gloria 3<\/span><\/a><\/strong> (1984), <strong><a href=\"http:\/\/www.proradioantic.ro\/index.php?x=item&#038;id_p=10156\" target=\"_blank\" rel=\"noopener\"><span style=color: rgb(0, 183, 241);>Song<\/span><\/a><\/strong> (1985), <strong><a href=\"http:\/\/www.proradioantic.ro\/index.php?x=item&#038;id_p=5670\" target=\"_blank\" rel=\"noopener\"><span style=color: rgb(0, 183, 241);>Gloria 4<\/span><\/a><\/strong> (1987-1990), <a href=\"http:\/\/www.proradioantic.ro\/index.php?x=item&#038;id_p=9485\" target=\"_blank\" rel=\"noopener\"><strong>Gloria Super<\/strong><\/a> (1991) und <a href=\"http:\/\/www.proradioantic.ro\/index.php?x=item&#038;id_p=10453\" target=\"_blank\" rel=\"noopener\"><strong>Gloria Plus <\/strong><\/a>(1993), <strong><a href=\"http:\/\/www.proradioantic.ro\/index.php?x=item&#038;id_p=9113\" target=\"_blank\" rel=\"noopener\"><span style=color: rgb(0, 183, 241);>Iris<\/span><\/a><\/strong> (1980-1992), die letzten Modelle hatten bereits integrierte Schaltkreise. Als Kuriosit\u00e4t sei noch das Modell <strong><a href=\"http:\/\/www.proradioantic.ro\/index.php?x=item&#038;id_p=5694\" target=\"_blank\" rel=\"noopener\"><span style=color: rgb(0, 183, 241);>Junior 234<\/span><\/a><\/strong> aus den 1980er Jahren erw\u00e4hnt, mit dem Kunststoffgeh\u00e4use in Form eines Fu\u200e\u00dfballs.<\/p>\n<p>&#13;<br \/>\n&#13;<\/p>\n<p>&#13;<br \/>\n&#13;<\/p>\n<p>&#13;<br \/>\n&#13;<\/p>\n<p>&#13;<br \/>\n&#13;<\/p>\n<h3>ELECTROMURE\u015e<\/h3>\n<p>&#13;<br \/>\n&#13;<\/p>\n<p>&#13;<br \/>\n&#13;<\/p>\n<table border=0 cellpadding=1 cellspacing=1 style=width: 650px;>&#13;<\/p>\n<tbody>&#13;<\/p>\n<tr>&#13;<\/p>\n<td>&#13;<\/p>\n<p>Auch die bereits 1949 gegr\u00fcndete Fabrik f\u00fcr elektrotechnische Teile und Haushaltsger\u00e4te ElectroMure\u015f\u201c in der siebenb\u00fcrgischen Stadt T\u00e2rgu Mure\u015f (dt. Neumarkt am Mieresch, ung. Marasv\u00e1s\u00e1rhely) brachte einige Modelle auf den sozialistischen Markt, darunter die Kassettenradios f\u00fcr das Auto <strong><a href=\"http:\/\/www.proradioantic.ro\/index.php?x=item&#038;id_p=11213\" target=\"_blank\" rel=\"noopener\"><span style=color: rgb(0, 183, 241);>Corina<\/span><\/a><\/strong> (1984) und <strong><a href=\"http:\/\/www.proradioantic.ro\/index.php?x=item&#038;id_p=9017\" target=\"_blank\" rel=\"noopener\"><span style=color: rgb(0, 183, 241);>Stela<\/span><\/a><\/strong> (1988).<\/p>\n<p>&#13;\n\t\t\t<\/td>\n<p>&#13;<\/p>\n<td><a href=http:\/\/devrri.freshlemon.ro\/wp-content\/uploads\/2023\/10\/foto.jpg Germana\/RADIO VECHI\/amplituner-delia-electromures-950.jpg onclick=window.open(this.href, '', 'resizable=no,status=no,location=no,toolbar=no,menubar=no,fullscreen=no,scrollbars=no,dependent=no'); return false;><img alt= src=http:\/\/devrri.freshlemon.ro\/wp-content\/uploads\/2023\/10\/foto.jpg Germana\/RADIO VECHI\/amplituner-delia-electromures-200.jpg style=width: 200px; height: 149px; \/><\/a><a href=\"http:\/\/devrri.freshlemon.ro\/wp-content\/uploads\/2023\/10\/foto.jpg\" target=\"_top\" rel=\"noopener\"><img alt= src=http:\/\/devrri.freshlemon.ro\/wp-content\/uploads\/2023\/10\/foto.jpg Germana\/RADIO VECHI\/amplituner-delia-electromures-950-foto-sorin-georgescu-rri.jpg style=width: 250px; height: 187px; \/><\/a><\/td>\n<p>&#13;<br \/>\n\t\t<\/tr>\n<p>&#13;<\/p>\n<tr>&#13;<\/p>\n<td> <\/td>\n<p>&#13;<\/p>\n<td style=width: 250px;>&#13;<\/p>\n<p><small>Stereo-Verst\u00e4rker &#8222;Delia&#8220; mit Radio<br \/>&#13;<br \/>\n\t\t\t<span style=line-height: 1.6em;>von Electromure\u015f (1988)<\/span><\/small><\/p>\n<p>&#13;<br \/>\n&#13;<\/p>\n<p><small>Foto: Sorin Georgescu<\/small><\/p>\n<p>&#13;\n\t\t\t<\/td>\n<p>&#13;<br \/>\n\t\t<\/tr>\n<p>&#13;<br \/>\n\t<\/tbody>\n<p>&#13;<br \/>\n<\/table>\n<p>&#13;<br \/>\n&#13;<\/p>\n<p>&#13;<br \/>\n&#13;<\/p>\n<p>&#13;<br \/>\n&#13;<\/p>\n<p>&#13;<br \/>\n&#13;<\/p>\n<h3>EXPORTSCHLAGER (1967 &#8211; 1990)<\/h3>\n<p>&#13;<br \/>\n&#13;<\/p>\n<p>&#13;<br \/>\n&#13;<\/p>\n<p>&#13;<br \/>\n&#13;<\/p>\n<p>&#13;<br \/>\n&#13;<\/p>\n<table border=0 cellpadding=1 cellspacing=1 style=width: 650px;>&#13;<\/p>\n<tbody>&#13;<\/p>\n<tr>&#13;<\/p>\n<td>W\u00e4hrend es in Rum\u00e4nien lange Zeit nur Empfangsger\u00e4te aus der heimischen Produktion zu kaufen gab, wurden Radioapparate made in Romania\u201c ab den Sp\u00e4tsechzigern auch exportiert; 1967 gingen 6100 Radios ins Ausland, 1973 waren es schon knapp 226.000 St\u00fcck. &#13;<\/p>\n<p>&#13;\n\t\t\t<\/td>\n<p>&#13;<\/p>\n<td><a href=http:\/\/devrri.freshlemon.ro\/wp-content\/uploads\/2023\/10\/foto.jpg Germana\/RADIO VECHI\/cora2-950.jpg onclick=window.open(this.href, '', 'resizable=no,status=no,location=no,toolbar=no,menubar=no,fullscreen=no,scrollbars=no,dependent=no'); return false;><img alt= src=http:\/\/devrri.freshlemon.ro\/wp-content\/uploads\/2023\/10\/foto.jpg Germana\/RADIO VECHI\/cora2-200.jpg style=width: 200px; height: 149px; \/><\/a><\/td>\n<p>&#13;<br \/>\n\t\t<\/tr>\n<p>&#13;<\/p>\n<tr>&#13;<\/p>\n<td> <\/td>\n<p>&#13;<\/p>\n<td style=width: 250px;>&#13;<\/p>\n<p><small>Tragbares Transistorger\u00e4t Cora<\/small><\/p>\n<p>&#13;<br \/>\n&#13;<\/p>\n<p><small>\u200bFoto: Ralf Urbanczyk<\/small><\/p>\n<p>&#13;\n\t\t\t<\/td>\n<p>&#13;<br \/>\n\t\t<\/tr>\n<p>&#13;<br \/>\n\t<\/tbody>\n<p>&#13;<br \/>\n<\/table>\n<p>&#13;<br \/>\n&#13;<\/p>\n<p>&#13;<br \/>\n&#13;<\/p>\n<p>Die am meisten exportierten Modelle waren: <\/p>\n<p>&#13;<br \/>\n&#13;<\/p>\n<p><a href=\"http:\/\/www.proradioantic.ro\/index.php?x=item&#038;id_p=5561\" style=\"line-height:\" target=\"_blank\" rel=\"noopener\"><strong><span style=color: rgb(0, 183, 241);>Carmen<\/span><\/strong><\/a><span style=line-height: 1.6em;>, <a href=\"https:\/\/www.radiomuseum.org\/r\/unknown_electronica_goldstar_s_63.html\" target=\"_blank\" rel=\"noopener\"><strong><span style=color:#00B7F1>Goldstar<\/span><\/strong><\/a>, <\/span><a href=\"http:\/\/www.proradioantic.ro\/index.php?x=item&#038;id_p=8797\" style=\"line-height:\" target=\"_blank\" rel=\"noopener\"><strong><span style=color: rgb(0, 183, 241);>Cora<\/span><\/strong><\/a><span style=line-height: 1.6em;>, <\/span><a href=\"http:\/\/www.proradioantic.ro\/index.php?x=item&#038;id_p=5719\" style=\"line-height:\" target=\"_blank\" rel=\"noopener\"><strong><span style=color: rgb(0, 183, 241);>Overseas<\/span><\/strong><\/a><span style=line-height: 1.6em;>, <\/span><a href=\"https:\/\/www.radiomuseum.org\/r\/electronic_neptun.html\" style=\"line-height:\" target=\"_blank\" rel=\"noopener\"><strong><span style=color: rgb(0, 183, 241);>Neptun<\/span><\/strong><\/a><span style=line-height: 1.6em;>, <\/span><a href=\"http:\/\/www.proradioantic.ro\/index.php?x=item&#038;id_p=5709\" style=\"line-height:\" target=\"_blank\" rel=\"noopener\"><strong><span style=color: rgb(0, 183, 241);>Milcov<\/span><\/strong><\/a><span style=line-height: 1.6em;>, <\/span><a href=\"http:\/\/www.proradioantic.ro\/index.php?x=item&#038;id_p=8111\" style=\"line-height:\" target=\"_blank\" rel=\"noopener\"><strong><span style=color: rgb(0, 183, 241);>Alfa<\/span><\/strong><\/a><span style=line-height: 1.6em;>, <\/span><a href=\"http:\/\/www.proradioantic.ro\/index.php?x=item&#038;id_p=5567\" style=\"line-height:\" target=\"_blank\" rel=\"noopener\"><strong><span style=color: rgb(0, 183, 241);>Select<\/span><\/strong><\/a><span style=line-height: 1.6em;>, <\/span><a href=\"http:\/\/www.proradioantic.ro\/index.php?x=item&#038;id_p=8065\" style=\"line-height:\" target=\"_blank\" rel=\"noopener\"><strong><span style=color: rgb(0, 183, 241);>Gloria<\/span><\/strong><\/a><span style=line-height: 1.6em;>, <\/span><a href=\"http:\/\/www.proradioantic.ro\/index.php?x=item&#038;id_p=5607\" style=\"line-height:\" target=\"_blank\" rel=\"noopener\"><strong><span style=color: rgb(0, 183, 241);>Royal<\/span><\/strong><\/a><span style=line-height: 1.6em;> und <\/span><a href=\"http:\/\/www.proradioantic.ro\/index.php?x=item&#038;id_p=10714\" style=\"line-height:\" target=\"_blank\" rel=\"noopener\"><strong><span style=color: rgb(0, 183, 241);>Junior<\/span><\/strong><\/a><span style=line-height: 1.6em;>. Die Ger\u00e4te mussten dabei stets den technischen Anforderungen der Kunden im Ausland entsprechen. Exportiert wurde vor der Wende nach \u00c4gypten, Albanien, Chile, in die \u010cSSR und die DDR, nach Frankreich, Gro\u200e\u00dfbritannien, Jugoslawien, Sudan, Ungarn und in die USA. <\/span><span style=line-height: 1.6em;>Alles in allem lie\u200e\u00dfen sich die Produkte der rum\u00e4nischen Elektronik und Elektrotechnik, darunter Radioempf\u00e4nger und Haushaltsger\u00e4te, durchaus zeigen, nicht nur im sozialistischen Lager.<\/span><\/p>\n<p>&#13;<br \/>\n&#13;<\/p>\n<p>&#13;<br \/>\n&#13;<\/p>\n<p>&#13;<br \/>\n&#13;<\/p>\n<p><span style=font-size: 13px; line-height: 1.6em;>Ab Ende der 1970er Jahre kam es<\/span><span style=font-size: 13px; line-height: 1.6em;> zur Versorgungskrise und zu von oben angeordneten Sparma\u200e\u00dfnahmen. Dies hatte auch in der Herstellung von Radioapparaten Folgen. Zwar waren die elektronischen Teile nach wie vor von guter Qualit\u00e4t, zumindest f\u00fcr Standards des Ostblocks, doch wurde bei der Anfertigung immer mehr schlechtes Material eingesetzt, so dass die Erzeugnisse letzten Endes mangelhaft in der Verarbeitung waren. Das hie\u200e\u00df z.B. billiges Geh\u00e4use, wackelnde Kn\u00f6pfe und Schalter, schlechte Farbe in der Beschriftung. Aus diesen Jahren stammt wohl auch der Ausdruck beim Export abgelehnt\u201c. Landeten solche Ger\u00e4te dann im heimischen Handel, waren sie sehr begehrt, denn sie waren immer noch besser als die herk\u00f6mmlichen.<\/span><\/p>\n<p>&#13;<br \/>\n&#13;<\/p>\n<p>&#13;<br \/>\n&#13;<\/p>\n<p>&#13;<br \/>\n&#13;<\/p>\n<p>&#13;<br \/>\n&#13;<\/p>\n<h3 style=font-size: 13px; line-height: 20.796875px;>WENDE VON 1989 UND EINSTELLUNG DER PRODUKTION VON RADIOGER\u00c4TEN<br \/>&#13;<br \/>\n(1990 &#8211; 1998)<\/h3>\n<p>&#13;<br \/>\n&#13;<\/p>\n<p style=font-size: 13px; line-height: 20.796875px;>\n<p>&#13;<br \/>\n&#13;<\/p>\n<p>Die Wende von 1989 brachte den Sturz des kommunistischen Regimes und die viel ersehnte Freiheit und Demokratisierung des Landes, aber auch den Zusammenbruch der sozialistischen Planwirtschaft. Mit den wettbewerbsf\u00e4higeren Produkten aus entwickelten Industriestaaten konnten es heimische Erzeugnisse nicht aufnehmen, die Einstellung des Handels unter den ehemals sozialistischen L\u00e4ndern im Rahmen des Rats f\u00fcr gegenseitige Wirtschaftshilfe (RGW, auch COMECON genannt) hatte weitere negative Folgen in der heimischen Wirtschaft. Sicherlich haben aber auch dubiose Privatisierungsgeschichten mit korrupten Politikern und Managern auch dazu beigetragen, dass viele staatliche Betriebe einfach verscherbelt wurden. Die Produktion von heimischen Radioempf\u00e4ngern wurde bis Mitte oder sp\u00e4testens Ende der 1990er Jahre nach und nach eingestellt. Die Electronica-Werke in Bukarest und das Unternehmen Tehnoton in Jassy gibt es unter diesem Namen zwar noch, ihr T\u00e4tigkeitsbereich hat sich aber zum Teil ge\u00e4ndert.<\/p>\n<p>&#13;<br \/>\n&#13;<\/p>\n<p>&#13;<br \/>\n&#13;<\/p>\n<p>Zu den letzten, in den 1990er Jahren von Electronica\u201c hergestellten Modellen geh\u00f6rten batteriebetriebene Transistorradios und Radiocasettenspieler wie <strong><a href=\"http:\/\/www.proradioantic.ro\/index.php?x=item&#038;id_p=5588\" target=\"_blank\" rel=\"noopener\"><span style=color:#00B7F1>Total<\/span><\/a><\/strong> und <strong><a href=\"http:\/\/www.proradioantic.ro\/index.php?x=item&#038;id_p=5702\" target=\"_blank\" rel=\"noopener\"><span style=color:#00B7F1>Thomas<\/span><\/a><\/strong> sowie das Autoradio <strong><a href=\"http:\/\/www.proradioantic.ro\/index.php?x=item&#038;id_p=6864\" target=\"_blank\" rel=\"noopener\"><span style=color:#00B7F1>SR 3003<\/span><\/a><\/strong>. Tehnoton\u201c brachte seinerseits in den 1990ern noch einige Transistorger\u00e4te auf den Markt wie die Modelle <strong><a href=\"http:\/\/www.proradioantic.ro\/index.php?x=item&#038;id_p=5711\" target=\"_blank\" rel=\"noopener\"><span style=color:#00B7F1>Duo<\/span><\/a><\/strong>, <strong><a href=\"http:\/\/www.proradioantic.ro\/index.php?x=item&#038;id_p=5670\" target=\"_blank\" rel=\"noopener\"><span style=color:#00B7F1>Gloria 4<\/span><\/a><\/strong>, <strong><a href=\"http:\/\/www.proradioantic.ro\/index.php?x=item&#038;id_p=13212\" target=\"_blank\" rel=\"noopener\"><span style=color:#00B7F1>Gloria Nova<\/span><\/a><\/strong>, <strong><a href=\"http:\/\/www.proradioantic.ro\/index.php?x=item&#038;id_p=10453\" target=\"_blank\" rel=\"noopener\"><span style=color:#00B7F1>Gloria Plus<\/span><\/a><\/strong> und <strong><a href=\"http:\/\/www.proradioantic.ro\/index.php?x=item&#038;id_p=5546\" target=\"_blank\" rel=\"noopener\"><span style=color: rgb(0, 183, 241);>Gloria Super<\/span><\/a><\/strong>, <strong><a href=\"http:\/\/www.proradioantic.ro\/index.php?x=item&#038;id_p=6306\" target=\"_blank\" rel=\"noopener\"><span style=color:#00B7F1>Golf<\/span><\/a><\/strong>, <strong><a href=\"http:\/\/www.proradioantic.ro\/index.php?x=item&#038;id_p=9581\" target=\"_blank\" rel=\"noopener\"><span style=color:#00B7F1>Iris<\/span><\/a><\/strong>, <strong><a href=\"http:\/\/www.proradioantic.ro\/index.php?x=item&#038;id_p=10822\" target=\"_blank\" rel=\"noopener\"><span style=color:#00B7F1>Jazz<\/span><\/a><\/strong>, <strong><a href=\"http:\/\/www.proradioantic.ro\/index.php?x=item&#038;id_p=9375\" target=\"_blank\" rel=\"noopener\"><span style=color:#00B7F1>Milcov 8<\/span><\/a><\/strong>, <strong><a href=\"http:\/\/www.proradioantic.ro\/index.php?x=item&#038;id_p=9476\" target=\"_blank\" rel=\"noopener\"><span style=color:#00B7F1>Nova<\/span><\/a><\/strong>, <strong><a href=\"http:\/\/www.proradioantic.ro\/index.php?x=item&#038;id_p=10320\" target=\"_blank\" rel=\"noopener\"><span style=color:#00B7F1>Onix<\/span><\/a><\/strong>, <strong><a href=\"http:\/\/www.proradioantic.ro\/index.php?x=item&#038;id_p=5657\" target=\"_blank\" rel=\"noopener\"><span style=color:#00B7F1>Song<\/span><\/a><\/strong>, <strong><a href=\"http:\/\/www.proradioantic.ro\/index.php?x=item&#038;id_p=9262\" target=\"_blank\" rel=\"noopener\"><span style=color:#00B7F1>Tempo<\/span><\/a><\/strong>.<\/p>\n<p>&#13;<br \/>\n&#13;<\/p>\n<p>&#13;<br \/>\n&#13;<\/p>\n<p><span style=font-size: 13px; line-height: 1.6em;>Electronica wurde im Februar 2004 privatisiert und stellt heute nur noch Fernsehger\u00e4te her. Verlie\u200e\u00dfen im Jahr 1989 die Electronica-Werke etwa 434.000 Schwarz-Wei\u200e\u00df-Ger\u00e4te und 75.000 Farbfernseher, so waren es im Jahr 2003 nur noch 137 St\u00fcck. Ein erneuter Anstieg der Produktion erfolgte im Jahr 2005, als etwa 27.000 Fernseher hergestellt wurden. Ab 2006 befasste sich Electronica mit der Montage von Farbfernsehern und DVD-Playern fremder Marken wie Hyundai, Toshiba und Vortex. 2006 wurden etwa 40.000 Farbfernseher und 20.000 DVD-Player auf den Markt gebracht. Arbeiteten im Jahr 1989 etwas mehr als 5.500 Menschen bei Electronica, so hatte das Unternehmen im Jahr 2006 nur noch 60 Arbeitnehmer.<\/span><\/p>\n<p>&#13;<br \/>\n&#13;<\/p>\n<p>&#13;<br \/>\n&#13;<\/p>\n<p>Tehnoton wurde im Jahr 2000 privatisiert und befasst sich seitdem mit der Verarbeitung von Metall und Kunststoff, aber auch mit der Herstellung von Haushaltsger\u00e4ten wie Gasherde und Waschmaschinen.<\/p>\n<p>&#13;<br \/>\n&#13;<\/p>\n<p>&#13;<br \/>\n&#13;<\/p>\n<p>&#13;<br \/>\n&#13;<\/p>\n<p><strong>QUELLEN:<\/strong><\/p>\n<p>&#13;<br \/>\n&#13;<\/p>\n<p>&#13;<br \/>\n&#13;<\/p>\n<p>&#8211; Rum\u00e4nische Online-Enzyklop\u00e4die: <strong><a href=\"http:\/\/enciclopediaromaniei.ro\/\" target=\"_blank\" rel=\"noopener\"><span style=color: rgb(0, 183, 241);>http:\/\/enciclopediaromaniei.ro\/<\/span><\/a><\/strong><\/p>\n<p>&#13;<br \/>\n&#13;<\/p>\n<p>&#8211; Webseite der rum\u00e4nischen Radioger\u00e4te-Sammler: <strong><a href=\"http:\/\/www.proradioantic.ro\/index.php?\" target=\"_blank\" rel=\"noopener\"><span style=color: rgb(0, 183, 241);>www.proradioantic.ro<\/span><\/a><\/strong><\/p>\n<p>&#13;<br \/>\n&#13;<\/p>\n<p>&#8211; Webseite des Rum\u00e4nischen Rundfunks:<strong> <a href=\"http:\/\/www.srr.ro\/\" target=\"_blank\" rel=\"noopener\"><span style=color: rgb(0, 183, 241);>www.srr.ro<\/span><\/a><\/strong><\/p>\n<p>&#13;<br \/>\n&#13;<\/p>\n<p>&#8211; Webseite von Radio Rum\u00e4nien International:<strong> <a href=\"http:\/\/rri.ro\/de_de\/pages\/home\/\" target=\"_blank\" rel=\"noopener\"><span style=color: rgb(0, 183, 241);>www.rri.ro<\/span><\/a><\/strong><\/p>\n<p>&#13;<br \/>\n&#13;<\/p>\n<p>&#8211; Internationaler Radiokatalog f\u00fcr antike Radios: <strong><a href=\"http:\/\/www.radiomuseum.org\/\" target=\"_blank\" rel=\"noopener\"><span style=color:#00B7F1>www.radiomuseum.org<\/span><\/a><\/strong><\/p>\n<p>&#13;<br \/>\n&#13;<\/p>\n<p>&#8211; Wikipedia<\/p>\n<p>&#13;<\/p>\n","protected":false},"excerpt":{"rendered":"<p>Hier k\u00f6nnen Sie sich einen historischen \u00dcberblick \u00fcber die Produktion von Radioger\u00e4ten in Rum\u00e4nien verschaffen.<\/p>\n","protected":false},"author":31,"featured_media":636652,"comment_status":"closed","ping_status":"closed","sticky":false,"template":"","format":"standard","meta":{"_acf_changed":false,"footnotes":""},"categories":[116773],"tags":[129288,129289,129309,129308,129283,102542,130159,129333,34948,130158,129282,129284,129299,129298,129377,129286,116921,129281,129279,129280,129287,129305,130160,129304],"coauthors":[],"class_list":["post-636650","post","type-post","status-publish","format-standard","has-post-thumbnail","hentry","category-alte-radiogeraete","tag-afa","tag-atelier-flesch-arad","tag-autoradio","tag-batterienradio","tag-bleiglanzkristall","tag-boxen","tag-electromagnetica","tag-electromures","tag-electronica","tag-elektrotechnisches-institut-bukarest","tag-galenit","tag-kristallradio","tag-musikschrank","tag-musiktruhe","tag-nostalgieecke","tag-philips","tag-radio-rumaenien-international","tag-radioapparate","tag-radioempfanger","tag-radiogerate","tag-rohrenradio","tag-stereoempfanger","tag-transistorradios","tag-traviata-3"],"acf":[],"yoast_head":"<!-- This site is optimized with the Yoast SEO plugin v27.3 - https:\/\/yoast.com\/product\/yoast-seo-wordpress\/ -->\n<title>Herstellung von Radioempf\u00e4ngern in Rum\u00e4nien (1925-1998) - Radio Rum\u00e4nien International<\/title>\n<meta name=\"robots\" content=\"index, follow, max-snippet:-1, max-image-preview:large, max-video-preview:-1\" \/>\n<link rel=\"canonical\" href=\"https:\/\/www.rri.ro\/de\/nostalgieecke\/alte-radiogeraete\/herstellung-von-radioempfaengern-in-rumaenien-1925-1998-id636650.html\" \/>\n<meta property=\"og:locale\" content=\"de_DE\" \/>\n<meta property=\"og:type\" content=\"article\" \/>\n<meta property=\"og:title\" content=\"Herstellung von Radioempf\u00e4ngern in Rum\u00e4nien (1925-1998) - Radio Rum\u00e4nien International\" \/>\n<meta property=\"og:description\" content=\"Hier k\u00f6nnen Sie sich einen historischen \u00dcberblick \u00fcber die Produktion von Radioger\u00e4ten in Rum\u00e4nien verschaffen.\" \/>\n<meta property=\"og:url\" content=\"https:\/\/www.rri.ro\/de\/nostalgieecke\/alte-radiogeraete\/herstellung-von-radioempfaengern-in-rumaenien-1925-1998-id636650.html\" \/>\n<meta property=\"og:site_name\" content=\"Radio Rum\u00e4nien International\" \/>\n<meta property=\"article:published_time\" content=\"2013-12-22T14:00:00+00:00\" \/>\n<meta property=\"article:modified_time\" content=\"2024-02-20T19:06:41+00:00\" \/>\n<meta property=\"og:image\" content=\"https:\/\/www.rri.ro\/wp-content\/uploads\/2024\/02\/trenzistoare-electronica-1960-63-950px.jpg\" \/>\n\t<meta property=\"og:image:width\" content=\"640\" \/>\n\t<meta property=\"og:image:height\" content=\"443\" \/>\n\t<meta property=\"og:image:type\" content=\"image\/jpeg\" \/>\n<meta name=\"author\" content=\"Sorin Georgescu\" \/>\n<meta name=\"twitter:card\" content=\"summary_large_image\" \/>\n<meta name=\"twitter:label1\" content=\"Verfasst von\" \/>\n\t<meta name=\"twitter:data1\" content=\"Sorin Georgescu\" \/>\n\t<meta name=\"twitter:label2\" content=\"Gesch\u00e4tzte Lesezeit\" \/>\n\t<meta name=\"twitter:data2\" content=\"13\u00a0Minuten\" \/>\n\t<meta name=\"twitter:label3\" content=\"Written by\" \/>\n\t<meta name=\"twitter:data3\" content=\"Sorin Georgescu\" \/>\n<script type=\"application\/ld+json\" class=\"yoast-schema-graph\">{\"@context\":\"https:\\\/\\\/schema.org\",\"@graph\":[{\"@type\":\"Article\",\"@id\":\"https:\\\/\\\/www.rri.ro\\\/de\\\/nostalgieecke\\\/alte-radiogeraete\\\/herstellung-von-radioempfaengern-in-rumaenien-1925-1998-id636650.html#article\",\"isPartOf\":{\"@id\":\"https:\\\/\\\/www.rri.ro\\\/de\\\/nostalgieecke\\\/alte-radiogeraete\\\/herstellung-von-radioempfaengern-in-rumaenien-1925-1998-id636650.html\"},\"author\":{\"name\":\"Sorin Georgescu\",\"@id\":\"https:\\\/\\\/www.rri.ro\\\/#\\\/schema\\\/person\\\/287ea75cbf4fd7ade0f962cad31078df\"},\"headline\":\"Herstellung von Radioempf\u00e4ngern in Rum\u00e4nien (1925-1998)\",\"datePublished\":\"2013-12-22T14:00:00+00:00\",\"dateModified\":\"2024-02-20T19:06:41+00:00\",\"mainEntityOfPage\":{\"@id\":\"https:\\\/\\\/www.rri.ro\\\/de\\\/nostalgieecke\\\/alte-radiogeraete\\\/herstellung-von-radioempfaengern-in-rumaenien-1925-1998-id636650.html\"},\"wordCount\":2528,\"image\":{\"@id\":\"https:\\\/\\\/www.rri.ro\\\/de\\\/nostalgieecke\\\/alte-radiogeraete\\\/herstellung-von-radioempfaengern-in-rumaenien-1925-1998-id636650.html#primaryimage\"},\"thumbnailUrl\":\"https:\\\/\\\/www.rri.ro\\\/wp-content\\\/uploads\\\/2024\\\/02\\\/trenzistoare-electronica-1960-63-950px.jpg\",\"keywords\":[\"AFA\",\"Atelier Flesch Arad\",\"Autoradio\",\"Batterienradio\",\"Bleiglanzkristall\",\"Boxen\",\"Electromagnetica\",\"Electromure\u015f\",\"electronica\",\"Elektrotechnisches Institut Bukarest\",\"Galenit\",\"Kristallradio\",\"Musikschrank\",\"Musiktruhe\",\"Nostalgieecke\",\"Philips\",\"Radio Rum\u00e4nien International\",\"Radioapparate\",\"Radioempf\u00e4nger\",\"Radioger\u00e4te\",\"R\u00f6hrenradio\",\"Stereoempf\u00e4nger\",\"Transistorradios\",\"Traviata 3\"],\"articleSection\":[\"Alte Radioger\u00e4te\"],\"inLanguage\":\"de\"},{\"@type\":\"WebPage\",\"@id\":\"https:\\\/\\\/www.rri.ro\\\/de\\\/nostalgieecke\\\/alte-radiogeraete\\\/herstellung-von-radioempfaengern-in-rumaenien-1925-1998-id636650.html\",\"url\":\"https:\\\/\\\/www.rri.ro\\\/de\\\/nostalgieecke\\\/alte-radiogeraete\\\/herstellung-von-radioempfaengern-in-rumaenien-1925-1998-id636650.html\",\"name\":\"Herstellung von Radioempf\u00e4ngern in Rum\u00e4nien (1925-1998) - Radio Rum\u00e4nien International\",\"isPartOf\":{\"@id\":\"https:\\\/\\\/www.rri.ro\\\/#website\"},\"primaryImageOfPage\":{\"@id\":\"https:\\\/\\\/www.rri.ro\\\/de\\\/nostalgieecke\\\/alte-radiogeraete\\\/herstellung-von-radioempfaengern-in-rumaenien-1925-1998-id636650.html#primaryimage\"},\"image\":{\"@id\":\"https:\\\/\\\/www.rri.ro\\\/de\\\/nostalgieecke\\\/alte-radiogeraete\\\/herstellung-von-radioempfaengern-in-rumaenien-1925-1998-id636650.html#primaryimage\"},\"thumbnailUrl\":\"https:\\\/\\\/www.rri.ro\\\/wp-content\\\/uploads\\\/2024\\\/02\\\/trenzistoare-electronica-1960-63-950px.jpg\",\"datePublished\":\"2013-12-22T14:00:00+00:00\",\"dateModified\":\"2024-02-20T19:06:41+00:00\",\"author\":{\"@id\":\"https:\\\/\\\/www.rri.ro\\\/#\\\/schema\\\/person\\\/287ea75cbf4fd7ade0f962cad31078df\"},\"breadcrumb\":{\"@id\":\"https:\\\/\\\/www.rri.ro\\\/de\\\/nostalgieecke\\\/alte-radiogeraete\\\/herstellung-von-radioempfaengern-in-rumaenien-1925-1998-id636650.html#breadcrumb\"},\"inLanguage\":\"de\",\"potentialAction\":[{\"@type\":\"ReadAction\",\"target\":[\"https:\\\/\\\/www.rri.ro\\\/de\\\/nostalgieecke\\\/alte-radiogeraete\\\/herstellung-von-radioempfaengern-in-rumaenien-1925-1998-id636650.html\"]}]},{\"@type\":\"ImageObject\",\"inLanguage\":\"de\",\"@id\":\"https:\\\/\\\/www.rri.ro\\\/de\\\/nostalgieecke\\\/alte-radiogeraete\\\/herstellung-von-radioempfaengern-in-rumaenien-1925-1998-id636650.html#primaryimage\",\"url\":\"https:\\\/\\\/www.rri.ro\\\/wp-content\\\/uploads\\\/2024\\\/02\\\/trenzistoare-electronica-1960-63-950px.jpg\",\"contentUrl\":\"https:\\\/\\\/www.rri.ro\\\/wp-content\\\/uploads\\\/2024\\\/02\\\/trenzistoare-electronica-1960-63-950px.jpg\",\"width\":640,\"height\":443},{\"@type\":\"BreadcrumbList\",\"@id\":\"https:\\\/\\\/www.rri.ro\\\/de\\\/nostalgieecke\\\/alte-radiogeraete\\\/herstellung-von-radioempfaengern-in-rumaenien-1925-1998-id636650.html#breadcrumb\",\"itemListElement\":[{\"@type\":\"ListItem\",\"position\":1,\"name\":\"Startseite\",\"item\":\"https:\\\/\\\/www.rri.ro\\\/de\"},{\"@type\":\"ListItem\",\"position\":2,\"name\":\"Nostalgieecke\",\"item\":\"https:\\\/\\\/www.rri.ro\\\/de\\\/nostalgieecke\"},{\"@type\":\"ListItem\",\"position\":3,\"name\":\"Alte Radioger\u00e4te\",\"item\":\"https:\\\/\\\/www.rri.ro\\\/de\\\/nostalgieecke\\\/alte-radiogeraete\"},{\"@type\":\"ListItem\",\"position\":4,\"name\":\"Herstellung von Radioempf\u00e4ngern in Rum\u00e4nien (1925-1998)\"}]},{\"@type\":\"WebSite\",\"@id\":\"https:\\\/\\\/www.rri.ro\\\/#website\",\"url\":\"https:\\\/\\\/www.rri.ro\\\/\",\"name\":\"Radio Rum\u00e4nien International\",\"description\":\"Totul despre Rom\u00e2nia \u015fi rom\u00e2ni, \u00een 13 limbi\\\/dialecte!\",\"inLanguage\":\"de\"},{\"@type\":\"Person\",\"@id\":\"https:\\\/\\\/www.rri.ro\\\/#\\\/schema\\\/person\\\/287ea75cbf4fd7ade0f962cad31078df\",\"name\":\"Sorin Georgescu\",\"url\":\"https:\\\/\\\/www.rri.ro\\\/de\\\/author\\\/sorin-georgescu\"}]}<\/script>\n<!-- \/ Yoast SEO plugin. -->","yoast_head_json":{"title":"Herstellung von Radioempf\u00e4ngern in Rum\u00e4nien (1925-1998) - Radio Rum\u00e4nien International","robots":{"index":"index","follow":"follow","max-snippet":"max-snippet:-1","max-image-preview":"max-image-preview:large","max-video-preview":"max-video-preview:-1"},"canonical":"https:\/\/www.rri.ro\/de\/nostalgieecke\/alte-radiogeraete\/herstellung-von-radioempfaengern-in-rumaenien-1925-1998-id636650.html","og_locale":"de_DE","og_type":"article","og_title":"Herstellung von Radioempf\u00e4ngern in Rum\u00e4nien (1925-1998) - Radio Rum\u00e4nien International","og_description":"Hier k\u00f6nnen Sie sich einen historischen \u00dcberblick \u00fcber die Produktion von Radioger\u00e4ten in Rum\u00e4nien verschaffen.","og_url":"https:\/\/www.rri.ro\/de\/nostalgieecke\/alte-radiogeraete\/herstellung-von-radioempfaengern-in-rumaenien-1925-1998-id636650.html","og_site_name":"Radio Rum\u00e4nien International","article_published_time":"2013-12-22T14:00:00+00:00","article_modified_time":"2024-02-20T19:06:41+00:00","og_image":[{"width":640,"height":443,"url":"https:\/\/www.rri.ro\/wp-content\/uploads\/2024\/02\/trenzistoare-electronica-1960-63-950px.jpg","type":"image\/jpeg"}],"author":"Sorin Georgescu","twitter_card":"summary_large_image","twitter_misc":{"Verfasst von":"Sorin Georgescu","Gesch\u00e4tzte Lesezeit":"13\u00a0Minuten","Written by":"Sorin Georgescu"},"schema":{"@context":"https:\/\/schema.org","@graph":[{"@type":"Article","@id":"https:\/\/www.rri.ro\/de\/nostalgieecke\/alte-radiogeraete\/herstellung-von-radioempfaengern-in-rumaenien-1925-1998-id636650.html#article","isPartOf":{"@id":"https:\/\/www.rri.ro\/de\/nostalgieecke\/alte-radiogeraete\/herstellung-von-radioempfaengern-in-rumaenien-1925-1998-id636650.html"},"author":{"name":"Sorin Georgescu","@id":"https:\/\/www.rri.ro\/#\/schema\/person\/287ea75cbf4fd7ade0f962cad31078df"},"headline":"Herstellung von Radioempf\u00e4ngern in Rum\u00e4nien (1925-1998)","datePublished":"2013-12-22T14:00:00+00:00","dateModified":"2024-02-20T19:06:41+00:00","mainEntityOfPage":{"@id":"https:\/\/www.rri.ro\/de\/nostalgieecke\/alte-radiogeraete\/herstellung-von-radioempfaengern-in-rumaenien-1925-1998-id636650.html"},"wordCount":2528,"image":{"@id":"https:\/\/www.rri.ro\/de\/nostalgieecke\/alte-radiogeraete\/herstellung-von-radioempfaengern-in-rumaenien-1925-1998-id636650.html#primaryimage"},"thumbnailUrl":"https:\/\/www.rri.ro\/wp-content\/uploads\/2024\/02\/trenzistoare-electronica-1960-63-950px.jpg","keywords":["AFA","Atelier Flesch Arad","Autoradio","Batterienradio","Bleiglanzkristall","Boxen","Electromagnetica","Electromure\u015f","electronica","Elektrotechnisches Institut Bukarest","Galenit","Kristallradio","Musikschrank","Musiktruhe","Nostalgieecke","Philips","Radio Rum\u00e4nien International","Radioapparate","Radioempf\u00e4nger","Radioger\u00e4te","R\u00f6hrenradio","Stereoempf\u00e4nger","Transistorradios","Traviata 3"],"articleSection":["Alte Radioger\u00e4te"],"inLanguage":"de"},{"@type":"WebPage","@id":"https:\/\/www.rri.ro\/de\/nostalgieecke\/alte-radiogeraete\/herstellung-von-radioempfaengern-in-rumaenien-1925-1998-id636650.html","url":"https:\/\/www.rri.ro\/de\/nostalgieecke\/alte-radiogeraete\/herstellung-von-radioempfaengern-in-rumaenien-1925-1998-id636650.html","name":"Herstellung von Radioempf\u00e4ngern in Rum\u00e4nien (1925-1998) - Radio Rum\u00e4nien International","isPartOf":{"@id":"https:\/\/www.rri.ro\/#website"},"primaryImageOfPage":{"@id":"https:\/\/www.rri.ro\/de\/nostalgieecke\/alte-radiogeraete\/herstellung-von-radioempfaengern-in-rumaenien-1925-1998-id636650.html#primaryimage"},"image":{"@id":"https:\/\/www.rri.ro\/de\/nostalgieecke\/alte-radiogeraete\/herstellung-von-radioempfaengern-in-rumaenien-1925-1998-id636650.html#primaryimage"},"thumbnailUrl":"https:\/\/www.rri.ro\/wp-content\/uploads\/2024\/02\/trenzistoare-electronica-1960-63-950px.jpg","datePublished":"2013-12-22T14:00:00+00:00","dateModified":"2024-02-20T19:06:41+00:00","author":{"@id":"https:\/\/www.rri.ro\/#\/schema\/person\/287ea75cbf4fd7ade0f962cad31078df"},"breadcrumb":{"@id":"https:\/\/www.rri.ro\/de\/nostalgieecke\/alte-radiogeraete\/herstellung-von-radioempfaengern-in-rumaenien-1925-1998-id636650.html#breadcrumb"},"inLanguage":"de","potentialAction":[{"@type":"ReadAction","target":["https:\/\/www.rri.ro\/de\/nostalgieecke\/alte-radiogeraete\/herstellung-von-radioempfaengern-in-rumaenien-1925-1998-id636650.html"]}]},{"@type":"ImageObject","inLanguage":"de","@id":"https:\/\/www.rri.ro\/de\/nostalgieecke\/alte-radiogeraete\/herstellung-von-radioempfaengern-in-rumaenien-1925-1998-id636650.html#primaryimage","url":"https:\/\/www.rri.ro\/wp-content\/uploads\/2024\/02\/trenzistoare-electronica-1960-63-950px.jpg","contentUrl":"https:\/\/www.rri.ro\/wp-content\/uploads\/2024\/02\/trenzistoare-electronica-1960-63-950px.jpg","width":640,"height":443},{"@type":"BreadcrumbList","@id":"https:\/\/www.rri.ro\/de\/nostalgieecke\/alte-radiogeraete\/herstellung-von-radioempfaengern-in-rumaenien-1925-1998-id636650.html#breadcrumb","itemListElement":[{"@type":"ListItem","position":1,"name":"Startseite","item":"https:\/\/www.rri.ro\/de"},{"@type":"ListItem","position":2,"name":"Nostalgieecke","item":"https:\/\/www.rri.ro\/de\/nostalgieecke"},{"@type":"ListItem","position":3,"name":"Alte Radioger\u00e4te","item":"https:\/\/www.rri.ro\/de\/nostalgieecke\/alte-radiogeraete"},{"@type":"ListItem","position":4,"name":"Herstellung von Radioempf\u00e4ngern in Rum\u00e4nien (1925-1998)"}]},{"@type":"WebSite","@id":"https:\/\/www.rri.ro\/#website","url":"https:\/\/www.rri.ro\/","name":"Radio Rum\u00e4nien International","description":"Totul despre Rom\u00e2nia \u015fi rom\u00e2ni, \u00een 13 limbi\/dialecte!","inLanguage":"de"},{"@type":"Person","@id":"https:\/\/www.rri.ro\/#\/schema\/person\/287ea75cbf4fd7ade0f962cad31078df","name":"Sorin Georgescu","url":"https:\/\/www.rri.ro\/de\/author\/sorin-georgescu"}]}},"_links":{"self":[{"href":"https:\/\/www.rri.ro\/de\/wp-json\/wp\/v2\/posts\/636650","targetHints":{"allow":["GET"]}}],"collection":[{"href":"https:\/\/www.rri.ro\/de\/wp-json\/wp\/v2\/posts"}],"about":[{"href":"https:\/\/www.rri.ro\/de\/wp-json\/wp\/v2\/types\/post"}],"author":[{"embeddable":true,"href":"https:\/\/www.rri.ro\/de\/wp-json\/wp\/v2\/users\/31"}],"replies":[{"embeddable":true,"href":"https:\/\/www.rri.ro\/de\/wp-json\/wp\/v2\/comments?post=636650"}],"version-history":[{"count":0,"href":"https:\/\/www.rri.ro\/de\/wp-json\/wp\/v2\/posts\/636650\/revisions"}],"wp:featuredmedia":[{"embeddable":true,"href":"https:\/\/www.rri.ro\/de\/wp-json\/wp\/v2\/media\/636652"}],"wp:attachment":[{"href":"https:\/\/www.rri.ro\/de\/wp-json\/wp\/v2\/media?parent=636650"}],"wp:term":[{"taxonomy":"category","embeddable":true,"href":"https:\/\/www.rri.ro\/de\/wp-json\/wp\/v2\/categories?post=636650"},{"taxonomy":"post_tag","embeddable":true,"href":"https:\/\/www.rri.ro\/de\/wp-json\/wp\/v2\/tags?post=636650"},{"taxonomy":"author","embeddable":true,"href":"https:\/\/www.rri.ro\/de\/wp-json\/wp\/v2\/coauthors?post=636650"}],"curies":[{"name":"wp","href":"https:\/\/api.w.org\/{rel}","templated":true}]}}