{"id":636711,"date":"2014-12-15T18:41:00","date_gmt":"2014-12-15T16:41:00","guid":{"rendered":"http:\/\/devrri.freshlemon.ro\/aktuell\/recicleta-das-cargo-fahrrad-zum-altpapiereinsammeln-id636711.html"},"modified":"2014-12-15T18:41:00","modified_gmt":"2014-12-15T16:41:00","slug":"recicleta-das-cargo-fahrrad-zum-altpapiereinsammeln","status":"publish","type":"post","link":"https:\/\/www.rri.ro\/de\/rubriken\/es-gruent-so-gruen-drei-minuten-fuer-die-umwelt\/recicleta-das-cargo-fahrrad-zum-altpapiereinsammeln-id636711.html","title":{"rendered":"Recicleta \u2013 das Cargo-Fahrrad zum Altpapiereinsammeln"},"content":{"rendered":"<p>Papier und Pappe sind wertvolle Rohstoffe, und deshalb sollten wir alle uns darum k\u00fcmmern, dass diese Wertstoffe eingesammelt und dem Rohstoffkreislauf zur\u00fcckgef\u00fchrt werden. Das spart Energie und schont die Natur.<\/p>\n<p>&#13;<br \/>\n&#13;<\/p>\n<p>&#13;<br \/>\n&#13;<\/p>\n<p>Als Papierrecycling werden das Sammeln und die Aufbereitung von Altpapier oder Kartonagen zur Wiederverwertung bezeichnet, die entweder als eine verkaufsf\u00e4hige Produktklasse oder als Bestandteil normaler Papiere oder Kartonagen in den Handel zur\u00fcckflie\u200e\u00dfen. Altpapierrecycling ist auch in Rum\u00e4nien eine Priorit\u00e4t, die im Abkommen zwischen dem Land und der Europ\u00e4ischen Union verankert ist. Das gr\u00f6\u200e\u00dfte Problem ist aber, dass in Rum\u00e4nien noch kein landesweites, gut funktionierendes System f\u00fcr das getrennte Sammeln von Altpapier existiert. Laut dem Statistischen Amt der Europ\u00e4ischen Union EUROSTAT wird in Rum\u00e4nien nur 1% der Haushaltsabf\u00e4lle wiederverwertet; das Ziel f\u00fcr 2020 liegt bei 50%. In den letzten Jahren haben rum\u00e4nische Nichtregierungsorganisationen und Sammelvereine mehrere Projekte im Bereich Sammeln und Recycling durchgef\u00fchrt, aber die Vertreter dieser Organisationen sagen, sie werden mit betr\u00e4chtlichen Problemen konfrontiert, vor allem wegen der unzureichenden Erziehung der Bev\u00f6lkerung zu diesem Thema, wegen der schlechten Infrastruktur und der mangelhaften Gesetzgebung.<\/p>\n<p>&#13;<br \/>\n&#13;<\/p>\n<p>&#13;<br \/>\n&#13;<\/p>\n<p>Die Nichtregierungsorganisation Viitor Plus\u201c (dt. Zukunft Plus\u201c) f\u00fchrt seit 8 Jahren Umweltprojekte durch &#8212; es geht dabei um Bewaldung, Recycling sowie Erziehung und Sensibilisierung der Bev\u00f6lkerung zum Thema Umweltschutz. Das Bukarester Projekt mit dem Namen Recicleta\u201c (eine Kombination von Fahrrad\u201c, auf Rum\u00e4nisch biciclet\u0103\u201c, und Recycling\u201c) geh\u00f6rt zu den vielen Projekten der letzten Jahre in puncto Recycling von Altpapier. In Rum\u00e4nien ist es das erste 100%-ig umweltgerechte Projekt zum Altpapiersammeln, denn bei dem Transport des Altpapiers von mehreren Bukarester Unternehmen zu den Recyclingstellen entsteht kein Abgas. Das Altpapier wird mit den sog. Cargo-Fahrr\u00e4dern (rum. cargo-biciclete) transportiert; die Fahrer dieser in Rum\u00e4nien einmaligen Cargo-Fahrr\u00e4der sind sozial benachteiligte Mitb\u00fcrger, die dadurch einen Arbeitsplatz bekommen. Mehr dazu von Teia Gavrilescu, Gr\u00fcnderin und Leiterin der NGO Viitor Plus\u201c:<\/p>\n<p>&#13;<br \/>\n&#13;<\/p>\n<p>&#13;<br \/>\n&#13;<\/p>\n<p><em>Das Einsetzen von Cargo-Fahrr\u00e4dern war unsere Idee, und es war zum ersten Mal, dass in Rum\u00e4nien solche Transportmittel verwendet wurden. Am Anfang benutzten wir gebrauchte Cargo-Fahrr\u00e4der aus Frankreich &#8212; in Rum\u00e4nien werden solche Nutzfahrr\u00e4der nicht hergestellt. Wir verwenden Lastfahrr\u00e4der mit einer Ladefl\u00e4che von etwa einem Kubikmeter, gro\u200e\u00df genug, um verschiedene Arten von G\u00fctern zu transportieren. Wir haben uns f\u00fcr den Transport von Altpapier entschlossen: Wir haben eine Pilot-Zone in Bukarest bestimmt, so dass unsere Fahrradfahrer bei mehreren Firmen anhalten, kleine Mengen Altpapier aufladen und die gesamte Ladung dann an einem Zwischensammelpunkt abladen. Alle unsere Fahrradfahrer sind Leute, die arbeitslos waren und durch dieses Projekt Arbeitsstellen bekommen haben. Alex ist unser \u00e4ltester Fahrradfahrer, er hat 5 Kinder und muss die gesamte Familie allein unterst\u00fctzen. Das ist seine erste geregelte Arbeitsstelle, und er hat jetzt ein sicheres Einkommen. Damit hat unser Umweltprojekt auch eine soziale Komponente. Beim Transport entsteht kein Abgas, das Altpapiersammeln ist eine gute L\u00f6sung in Richtung getrenntes Abfallsammeln, und wir schaffen auch neue Arbeitspl\u00e4tze. Zurzeit sammeln wir nur Altpapier, weil Papier am empfindlichsten ist. Durch Recycling werden Naturressourcen gespart, es geht um den Waldschutz. In Rum\u00e4nien haben wir ein gro\u200e\u00dfes Problem damit, es werden zu viele B\u00e4ume gef\u00e4llt, um den Bedarf an Papier zu decken &#8212; wir k\u00f6nnten das getrennt gesammelte Altpapier wiederverwenden und von Altpapier neues Papier herstellen. Eine Tonne Altpapier bedeutet 15 gerettete B\u00e4ume. Mit unserem Projekt \u00bbRecicleta\u00ab haben wir bis jetzt \u00fcber 230 Tonnen Altpapier gesammelt.\u201c<\/em><\/p>\n<p>&#13;<br \/>\n&#13;<\/p>\n<p>&#13;<br \/>\n&#13;<\/p>\n<p>Letztes Jahr wurde das Projekt Recicleta\u201c bei einem Wettbewerb der Europ\u00e4ischen Investitionsbank zum besten europ\u00e4ischen Umweltprojekt 2013 erkl\u00e4rt. <\/p>\n<p>&#13;<\/p>\n","protected":false},"excerpt":{"rendered":"<p>Papier und Pappe sind wertvolle Rohstoffe, und deshalb sollten wir alle uns darum k\u00fcmmern, dass diese Wertstoffe eingesammelt und dem Rohstoffkreislauf zur\u00fcckgef\u00fchrt werden.<\/p>\n","protected":false},"author":2,"featured_media":636712,"comment_status":"closed","ping_status":"closed","sticky":false,"template":"","format":"standard","meta":{"_acf_changed":false,"footnotes":""},"categories":[116782],"tags":[130207,130211,130210,130209,130208,67465,143907,99589,86772],"coauthors":[],"class_list":["post-636711","post","type-post","status-publish","format-standard","has-post-thumbnail","hentry","category-es-gruent-so-gruen-drei-minuten-fuer-die-umwelt","tag-altpapier","tag-cargo-fahrrad","tag-einsammeln","tag-kartonage","tag-pappe","tag-recicleta","tag-recycling-de","tag-rumaenien","tag-viitor-plus"],"acf":[],"yoast_head":"<!-- This site is optimized with the Yoast SEO plugin v27.3 - https:\/\/yoast.com\/product\/yoast-seo-wordpress\/ -->\n<title>Recicleta \u2013 das Cargo-Fahrrad zum Altpapiereinsammeln - Radio Rum\u00e4nien International<\/title>\n<meta name=\"robots\" content=\"index, follow, max-snippet:-1, max-image-preview:large, max-video-preview:-1\" \/>\n<link rel=\"canonical\" href=\"https:\/\/www.rri.ro\/de\/rubriken\/es-gruent-so-gruen-drei-minuten-fuer-die-umwelt\/recicleta-das-cargo-fahrrad-zum-altpapiereinsammeln-id636711.html\" \/>\n<meta property=\"og:locale\" content=\"de_DE\" \/>\n<meta property=\"og:type\" content=\"article\" \/>\n<meta property=\"og:title\" content=\"Recicleta \u2013 das Cargo-Fahrrad zum Altpapiereinsammeln - Radio Rum\u00e4nien International\" \/>\n<meta property=\"og:description\" content=\"Papier und Pappe sind wertvolle Rohstoffe, und deshalb sollten wir alle uns darum k\u00fcmmern, dass diese Wertstoffe eingesammelt und dem Rohstoffkreislauf zur\u00fcckgef\u00fchrt werden.\" \/>\n<meta property=\"og:url\" content=\"https:\/\/www.rri.ro\/de\/rubriken\/es-gruent-so-gruen-drei-minuten-fuer-die-umwelt\/recicleta-das-cargo-fahrrad-zum-altpapiereinsammeln-id636711.html\" \/>\n<meta property=\"og:site_name\" content=\"Radio Rum\u00e4nien International\" \/>\n<meta property=\"article:published_time\" content=\"2014-12-15T16:41:00+00:00\" \/>\n<meta property=\"og:image\" content=\"https:\/\/www.rri.ro\/wp-content\/uploads\/2024\/02\/recicleta-bucuresti-FB.jpg\" \/>\n\t<meta property=\"og:image:width\" content=\"640\" \/>\n\t<meta property=\"og:image:height\" content=\"480\" \/>\n\t<meta property=\"og:image:type\" content=\"image\/jpeg\" \/>\n<meta name=\"author\" content=\"Rom\u00e2nia Interna\u021bional\" \/>\n<meta name=\"twitter:card\" content=\"summary_large_image\" \/>\n<meta name=\"twitter:label1\" content=\"Verfasst von\" \/>\n\t<meta name=\"twitter:data1\" content=\"Rom\u00e2nia Interna\u021bional\" \/>\n\t<meta name=\"twitter:label2\" content=\"Gesch\u00e4tzte Lesezeit\" \/>\n\t<meta name=\"twitter:data2\" content=\"3\u00a0Minuten\" \/>\n\t<meta name=\"twitter:label3\" content=\"Written by\" \/>\n\t<meta name=\"twitter:data3\" content=\"Rom\u00e2nia Interna\u021bional\" \/>\n<script type=\"application\/ld+json\" class=\"yoast-schema-graph\">{\"@context\":\"https:\\\/\\\/schema.org\",\"@graph\":[{\"@type\":\"Article\",\"@id\":\"https:\\\/\\\/www.rri.ro\\\/de\\\/rubriken\\\/es-gruent-so-gruen-drei-minuten-fuer-die-umwelt\\\/recicleta-das-cargo-fahrrad-zum-altpapiereinsammeln-id636711.html#article\",\"isPartOf\":{\"@id\":\"https:\\\/\\\/www.rri.ro\\\/de\\\/rubriken\\\/es-gruent-so-gruen-drei-minuten-fuer-die-umwelt\\\/recicleta-das-cargo-fahrrad-zum-altpapiereinsammeln-id636711.html\"},\"author\":{\"name\":\"Rom\u00e2nia Interna\u021bional\",\"@id\":\"https:\\\/\\\/www.rri.ro\\\/#\\\/schema\\\/person\\\/18fac491bccbfe149b92aea77ad60abd\"},\"headline\":\"Recicleta \u2013 das Cargo-Fahrrad zum Altpapiereinsammeln\",\"datePublished\":\"2014-12-15T16:41:00+00:00\",\"mainEntityOfPage\":{\"@id\":\"https:\\\/\\\/www.rri.ro\\\/de\\\/rubriken\\\/es-gruent-so-gruen-drei-minuten-fuer-die-umwelt\\\/recicleta-das-cargo-fahrrad-zum-altpapiereinsammeln-id636711.html\"},\"wordCount\":602,\"image\":{\"@id\":\"https:\\\/\\\/www.rri.ro\\\/de\\\/rubriken\\\/es-gruent-so-gruen-drei-minuten-fuer-die-umwelt\\\/recicleta-das-cargo-fahrrad-zum-altpapiereinsammeln-id636711.html#primaryimage\"},\"thumbnailUrl\":\"https:\\\/\\\/www.rri.ro\\\/wp-content\\\/uploads\\\/2024\\\/02\\\/recicleta-bucuresti-FB.jpg\",\"keywords\":[\"Altpapier\",\"Cargo-Fahrrad\",\"Einsammeln\",\"Kartonage\",\"Pappe\",\"Recicleta\",\"recycling\",\"Rum\u00e4nien\",\"Viitor Plus\"],\"articleSection\":[\"Es gr\u00fcnt so gr\u00fcn \u2013 drei Minuten f\u00fcr die Umwelt\"],\"inLanguage\":\"de\"},{\"@type\":\"WebPage\",\"@id\":\"https:\\\/\\\/www.rri.ro\\\/de\\\/rubriken\\\/es-gruent-so-gruen-drei-minuten-fuer-die-umwelt\\\/recicleta-das-cargo-fahrrad-zum-altpapiereinsammeln-id636711.html\",\"url\":\"https:\\\/\\\/www.rri.ro\\\/de\\\/rubriken\\\/es-gruent-so-gruen-drei-minuten-fuer-die-umwelt\\\/recicleta-das-cargo-fahrrad-zum-altpapiereinsammeln-id636711.html\",\"name\":\"Recicleta \u2013 das Cargo-Fahrrad zum Altpapiereinsammeln - Radio Rum\u00e4nien International\",\"isPartOf\":{\"@id\":\"https:\\\/\\\/www.rri.ro\\\/#website\"},\"primaryImageOfPage\":{\"@id\":\"https:\\\/\\\/www.rri.ro\\\/de\\\/rubriken\\\/es-gruent-so-gruen-drei-minuten-fuer-die-umwelt\\\/recicleta-das-cargo-fahrrad-zum-altpapiereinsammeln-id636711.html#primaryimage\"},\"image\":{\"@id\":\"https:\\\/\\\/www.rri.ro\\\/de\\\/rubriken\\\/es-gruent-so-gruen-drei-minuten-fuer-die-umwelt\\\/recicleta-das-cargo-fahrrad-zum-altpapiereinsammeln-id636711.html#primaryimage\"},\"thumbnailUrl\":\"https:\\\/\\\/www.rri.ro\\\/wp-content\\\/uploads\\\/2024\\\/02\\\/recicleta-bucuresti-FB.jpg\",\"datePublished\":\"2014-12-15T16:41:00+00:00\",\"author\":{\"@id\":\"https:\\\/\\\/www.rri.ro\\\/#\\\/schema\\\/person\\\/18fac491bccbfe149b92aea77ad60abd\"},\"breadcrumb\":{\"@id\":\"https:\\\/\\\/www.rri.ro\\\/de\\\/rubriken\\\/es-gruent-so-gruen-drei-minuten-fuer-die-umwelt\\\/recicleta-das-cargo-fahrrad-zum-altpapiereinsammeln-id636711.html#breadcrumb\"},\"inLanguage\":\"de\",\"potentialAction\":[{\"@type\":\"ReadAction\",\"target\":[\"https:\\\/\\\/www.rri.ro\\\/de\\\/rubriken\\\/es-gruent-so-gruen-drei-minuten-fuer-die-umwelt\\\/recicleta-das-cargo-fahrrad-zum-altpapiereinsammeln-id636711.html\"]}]},{\"@type\":\"ImageObject\",\"inLanguage\":\"de\",\"@id\":\"https:\\\/\\\/www.rri.ro\\\/de\\\/rubriken\\\/es-gruent-so-gruen-drei-minuten-fuer-die-umwelt\\\/recicleta-das-cargo-fahrrad-zum-altpapiereinsammeln-id636711.html#primaryimage\",\"url\":\"https:\\\/\\\/www.rri.ro\\\/wp-content\\\/uploads\\\/2024\\\/02\\\/recicleta-bucuresti-FB.jpg\",\"contentUrl\":\"https:\\\/\\\/www.rri.ro\\\/wp-content\\\/uploads\\\/2024\\\/02\\\/recicleta-bucuresti-FB.jpg\",\"width\":640,\"height\":480},{\"@type\":\"BreadcrumbList\",\"@id\":\"https:\\\/\\\/www.rri.ro\\\/de\\\/rubriken\\\/es-gruent-so-gruen-drei-minuten-fuer-die-umwelt\\\/recicleta-das-cargo-fahrrad-zum-altpapiereinsammeln-id636711.html#breadcrumb\",\"itemListElement\":[{\"@type\":\"ListItem\",\"position\":1,\"name\":\"Startseite\",\"item\":\"https:\\\/\\\/www.rri.ro\\\/de\"},{\"@type\":\"ListItem\",\"position\":2,\"name\":\"Rubriken\",\"item\":\"https:\\\/\\\/www.rri.ro\\\/de\\\/rubriken\"},{\"@type\":\"ListItem\",\"position\":3,\"name\":\"Es gr\u00fcnt so gr\u00fcn \u2013 drei Minuten f\u00fcr die Umwelt\",\"item\":\"https:\\\/\\\/www.rri.ro\\\/de\\\/rubriken\\\/es-gruent-so-gruen-drei-minuten-fuer-die-umwelt\"},{\"@type\":\"ListItem\",\"position\":4,\"name\":\"Recicleta \u2013 das Cargo-Fahrrad zum Altpapiereinsammeln\"}]},{\"@type\":\"WebSite\",\"@id\":\"https:\\\/\\\/www.rri.ro\\\/#website\",\"url\":\"https:\\\/\\\/www.rri.ro\\\/\",\"name\":\"Radio Rum\u00e4nien International\",\"description\":\"Totul despre Rom\u00e2nia \u015fi rom\u00e2ni, \u00een 13 limbi\\\/dialecte!\",\"inLanguage\":\"de\"},{\"@type\":\"Person\",\"@id\":\"https:\\\/\\\/www.rri.ro\\\/#\\\/schema\\\/person\\\/18fac491bccbfe149b92aea77ad60abd\",\"name\":\"Rom\u00e2nia Interna\u021bional\",\"url\":\"https:\\\/\\\/www.rri.ro\\\/de\\\/author\\\/redactia\"}]}<\/script>\n<!-- \/ Yoast SEO plugin. -->","yoast_head_json":{"title":"Recicleta \u2013 das Cargo-Fahrrad zum Altpapiereinsammeln - Radio Rum\u00e4nien International","robots":{"index":"index","follow":"follow","max-snippet":"max-snippet:-1","max-image-preview":"max-image-preview:large","max-video-preview":"max-video-preview:-1"},"canonical":"https:\/\/www.rri.ro\/de\/rubriken\/es-gruent-so-gruen-drei-minuten-fuer-die-umwelt\/recicleta-das-cargo-fahrrad-zum-altpapiereinsammeln-id636711.html","og_locale":"de_DE","og_type":"article","og_title":"Recicleta \u2013 das Cargo-Fahrrad zum Altpapiereinsammeln - Radio Rum\u00e4nien International","og_description":"Papier und Pappe sind wertvolle Rohstoffe, und deshalb sollten wir alle uns darum k\u00fcmmern, dass diese Wertstoffe eingesammelt und dem Rohstoffkreislauf zur\u00fcckgef\u00fchrt werden.","og_url":"https:\/\/www.rri.ro\/de\/rubriken\/es-gruent-so-gruen-drei-minuten-fuer-die-umwelt\/recicleta-das-cargo-fahrrad-zum-altpapiereinsammeln-id636711.html","og_site_name":"Radio Rum\u00e4nien International","article_published_time":"2014-12-15T16:41:00+00:00","og_image":[{"width":640,"height":480,"url":"https:\/\/www.rri.ro\/wp-content\/uploads\/2024\/02\/recicleta-bucuresti-FB.jpg","type":"image\/jpeg"}],"author":"Rom\u00e2nia Interna\u021bional","twitter_card":"summary_large_image","twitter_misc":{"Verfasst von":"Rom\u00e2nia Interna\u021bional","Gesch\u00e4tzte Lesezeit":"3\u00a0Minuten","Written by":"Rom\u00e2nia Interna\u021bional"},"schema":{"@context":"https:\/\/schema.org","@graph":[{"@type":"Article","@id":"https:\/\/www.rri.ro\/de\/rubriken\/es-gruent-so-gruen-drei-minuten-fuer-die-umwelt\/recicleta-das-cargo-fahrrad-zum-altpapiereinsammeln-id636711.html#article","isPartOf":{"@id":"https:\/\/www.rri.ro\/de\/rubriken\/es-gruent-so-gruen-drei-minuten-fuer-die-umwelt\/recicleta-das-cargo-fahrrad-zum-altpapiereinsammeln-id636711.html"},"author":{"name":"Rom\u00e2nia Interna\u021bional","@id":"https:\/\/www.rri.ro\/#\/schema\/person\/18fac491bccbfe149b92aea77ad60abd"},"headline":"Recicleta \u2013 das Cargo-Fahrrad zum Altpapiereinsammeln","datePublished":"2014-12-15T16:41:00+00:00","mainEntityOfPage":{"@id":"https:\/\/www.rri.ro\/de\/rubriken\/es-gruent-so-gruen-drei-minuten-fuer-die-umwelt\/recicleta-das-cargo-fahrrad-zum-altpapiereinsammeln-id636711.html"},"wordCount":602,"image":{"@id":"https:\/\/www.rri.ro\/de\/rubriken\/es-gruent-so-gruen-drei-minuten-fuer-die-umwelt\/recicleta-das-cargo-fahrrad-zum-altpapiereinsammeln-id636711.html#primaryimage"},"thumbnailUrl":"https:\/\/www.rri.ro\/wp-content\/uploads\/2024\/02\/recicleta-bucuresti-FB.jpg","keywords":["Altpapier","Cargo-Fahrrad","Einsammeln","Kartonage","Pappe","Recicleta","recycling","Rum\u00e4nien","Viitor Plus"],"articleSection":["Es gr\u00fcnt so gr\u00fcn \u2013 drei Minuten f\u00fcr die Umwelt"],"inLanguage":"de"},{"@type":"WebPage","@id":"https:\/\/www.rri.ro\/de\/rubriken\/es-gruent-so-gruen-drei-minuten-fuer-die-umwelt\/recicleta-das-cargo-fahrrad-zum-altpapiereinsammeln-id636711.html","url":"https:\/\/www.rri.ro\/de\/rubriken\/es-gruent-so-gruen-drei-minuten-fuer-die-umwelt\/recicleta-das-cargo-fahrrad-zum-altpapiereinsammeln-id636711.html","name":"Recicleta \u2013 das Cargo-Fahrrad zum Altpapiereinsammeln - Radio Rum\u00e4nien International","isPartOf":{"@id":"https:\/\/www.rri.ro\/#website"},"primaryImageOfPage":{"@id":"https:\/\/www.rri.ro\/de\/rubriken\/es-gruent-so-gruen-drei-minuten-fuer-die-umwelt\/recicleta-das-cargo-fahrrad-zum-altpapiereinsammeln-id636711.html#primaryimage"},"image":{"@id":"https:\/\/www.rri.ro\/de\/rubriken\/es-gruent-so-gruen-drei-minuten-fuer-die-umwelt\/recicleta-das-cargo-fahrrad-zum-altpapiereinsammeln-id636711.html#primaryimage"},"thumbnailUrl":"https:\/\/www.rri.ro\/wp-content\/uploads\/2024\/02\/recicleta-bucuresti-FB.jpg","datePublished":"2014-12-15T16:41:00+00:00","author":{"@id":"https:\/\/www.rri.ro\/#\/schema\/person\/18fac491bccbfe149b92aea77ad60abd"},"breadcrumb":{"@id":"https:\/\/www.rri.ro\/de\/rubriken\/es-gruent-so-gruen-drei-minuten-fuer-die-umwelt\/recicleta-das-cargo-fahrrad-zum-altpapiereinsammeln-id636711.html#breadcrumb"},"inLanguage":"de","potentialAction":[{"@type":"ReadAction","target":["https:\/\/www.rri.ro\/de\/rubriken\/es-gruent-so-gruen-drei-minuten-fuer-die-umwelt\/recicleta-das-cargo-fahrrad-zum-altpapiereinsammeln-id636711.html"]}]},{"@type":"ImageObject","inLanguage":"de","@id":"https:\/\/www.rri.ro\/de\/rubriken\/es-gruent-so-gruen-drei-minuten-fuer-die-umwelt\/recicleta-das-cargo-fahrrad-zum-altpapiereinsammeln-id636711.html#primaryimage","url":"https:\/\/www.rri.ro\/wp-content\/uploads\/2024\/02\/recicleta-bucuresti-FB.jpg","contentUrl":"https:\/\/www.rri.ro\/wp-content\/uploads\/2024\/02\/recicleta-bucuresti-FB.jpg","width":640,"height":480},{"@type":"BreadcrumbList","@id":"https:\/\/www.rri.ro\/de\/rubriken\/es-gruent-so-gruen-drei-minuten-fuer-die-umwelt\/recicleta-das-cargo-fahrrad-zum-altpapiereinsammeln-id636711.html#breadcrumb","itemListElement":[{"@type":"ListItem","position":1,"name":"Startseite","item":"https:\/\/www.rri.ro\/de"},{"@type":"ListItem","position":2,"name":"Rubriken","item":"https:\/\/www.rri.ro\/de\/rubriken"},{"@type":"ListItem","position":3,"name":"Es gr\u00fcnt so gr\u00fcn \u2013 drei Minuten f\u00fcr die Umwelt","item":"https:\/\/www.rri.ro\/de\/rubriken\/es-gruent-so-gruen-drei-minuten-fuer-die-umwelt"},{"@type":"ListItem","position":4,"name":"Recicleta \u2013 das Cargo-Fahrrad zum Altpapiereinsammeln"}]},{"@type":"WebSite","@id":"https:\/\/www.rri.ro\/#website","url":"https:\/\/www.rri.ro\/","name":"Radio Rum\u00e4nien International","description":"Totul despre Rom\u00e2nia \u015fi rom\u00e2ni, \u00een 13 limbi\/dialecte!","inLanguage":"de"},{"@type":"Person","@id":"https:\/\/www.rri.ro\/#\/schema\/person\/18fac491bccbfe149b92aea77ad60abd","name":"Rom\u00e2nia Interna\u021bional","url":"https:\/\/www.rri.ro\/de\/author\/redactia"}]}},"_links":{"self":[{"href":"https:\/\/www.rri.ro\/de\/wp-json\/wp\/v2\/posts\/636711","targetHints":{"allow":["GET"]}}],"collection":[{"href":"https:\/\/www.rri.ro\/de\/wp-json\/wp\/v2\/posts"}],"about":[{"href":"https:\/\/www.rri.ro\/de\/wp-json\/wp\/v2\/types\/post"}],"author":[{"embeddable":true,"href":"https:\/\/www.rri.ro\/de\/wp-json\/wp\/v2\/users\/2"}],"replies":[{"embeddable":true,"href":"https:\/\/www.rri.ro\/de\/wp-json\/wp\/v2\/comments?post=636711"}],"version-history":[{"count":0,"href":"https:\/\/www.rri.ro\/de\/wp-json\/wp\/v2\/posts\/636711\/revisions"}],"wp:featuredmedia":[{"embeddable":true,"href":"https:\/\/www.rri.ro\/de\/wp-json\/wp\/v2\/media\/636712"}],"wp:attachment":[{"href":"https:\/\/www.rri.ro\/de\/wp-json\/wp\/v2\/media?parent=636711"}],"wp:term":[{"taxonomy":"category","embeddable":true,"href":"https:\/\/www.rri.ro\/de\/wp-json\/wp\/v2\/categories?post=636711"},{"taxonomy":"post_tag","embeddable":true,"href":"https:\/\/www.rri.ro\/de\/wp-json\/wp\/v2\/tags?post=636711"},{"taxonomy":"author","embeddable":true,"href":"https:\/\/www.rri.ro\/de\/wp-json\/wp\/v2\/coauthors?post=636711"}],"curies":[{"name":"wp","href":"https:\/\/api.w.org\/{rel}","templated":true}]}}