{"id":636733,"date":"2015-01-26T17:30:00","date_gmt":"2015-01-26T15:30:00","guid":{"rendered":"http:\/\/devrri.freshlemon.ro\/aktuell\/verpackungsabfaelle-recycling-traegt-zur-reduzierung-der-treibhausgase-bei-id636733.html"},"modified":"2015-01-26T17:30:00","modified_gmt":"2015-01-26T15:30:00","slug":"verpackungsabfaelle-recycling-traegt-zur-reduzierung-der-treibhausgase-bei","status":"publish","type":"post","link":"https:\/\/www.rri.ro\/de\/rubriken\/es-gruent-so-gruen-drei-minuten-fuer-die-umwelt\/verpackungsabfaelle-recycling-traegt-zur-reduzierung-der-treibhausgase-bei-id636733.html","title":{"rendered":"Verpackungsabf\u00e4lle: Recycling tr\u00e4gt zur Reduzierung der Treibhausgase bei"},"content":{"rendered":"<p>Treibhausgase sind Gase in der Atmosph\u00e4re, die die W\u00e4rmer\u00fcckstrahlung von der Erdoberfl\u00e4che in das All verhindern. Die nat\u00fcrliche Treibhausgaskonzentration in der Atmosph\u00e4re sorgt daf\u00fcr, dass auf unserem Planeten statt eisiger Weltraumk\u00e4lte eine durchschnittliche Temperatur von 15\u00b0C herrscht. Der zus\u00e4tzliche Aussto\u200e\u00df von Treibhausgasen durch menschliche Aktivit\u00e4ten heizt das Klima jedoch weiter auf und hat einen Klimawandel zur Folge, der schwerwiegende Folgen mit sich bringen kann (u.a. Anstieg des Meeresspiegels, Verschiebung der Klimazonen, Zunahme von St\u00fcrmen).<\/p>\n<p>&#13;<br \/>\n&#13;<\/p>\n<p>&#13;<br \/>\n&#13;<\/p>\n<p>Ab 2015 verf\u00fcgen die rum\u00e4nischen Unternehmen, die verpackte Produkte herstellen und importieren, \u00fcber eine neue Dienstleistung, n\u00e4mlich ein System zur Berechnung der Treibhausgasemissionen, die durch das Recycling der Verpackungsabf\u00e4lle reduziert werden k\u00f6nnen. Die Initiative f\u00fcr dieses Berechnungssystem, eine Premiere in Rum\u00e4nien, hatte die Organisation EcoRom Ambalaje (dt. \u00d6ko-Rom Verpackungen). 2013 wurden in Rum\u00e4nien 353.521 Tonnen Verpackungsabf\u00e4lle mit Hilfe von 2.849 Herstellern und Importeuren im System EcoRom rezykliert; dadurch wurden die Treibhausgasemissionen um 209.405 Tonnen reduziert. Mehr dazu von Marius Br\u00e2nzea, Marketingdirektor bei EcoRom Ambalaje:<\/p>\n<p>&#13;<br \/>\n&#13;<\/p>\n<p>&#13;<br \/>\n&#13;<\/p>\n<p><em>Diese Dienstleistung ist eine neue, qualitativ h\u00f6here Etappe in der Aktivit\u00e4t von EcoRom Ambalaje und erg\u00e4nzt das Dienstleistungspaket, das EcoRom Ambalaje den Herstellern von verpackten Produkten zur Verf\u00fcgung stellt. Unser Dienstleistungspaket deckt die gesamte Verpackungskette, von der Herstellung der Verpackungen bis zum Sammeln und Recycling der Verpackungsabf\u00e4lle nach dem Verbrauch. Neben den Programmen zur Vorbeugung der Abfallentstehung und der Fachberatung stellt EcoRom Ambalaje ihren Kunden auch einen Bericht \u00fcber die Reduzierung der CO2-Emissionen durch das Recycling der entstandenen Verpackungsabf\u00e4lle zu Verf\u00fcgung. Die von EcoRom Ambalaje ausgearbeitetete und implementierte Dienstleistung basiert auf dem Begriff Impaktvorbeugung &#8212; das bedeutet die Berechnung der Treibhausgasemissionen die nicht mehr entstehen, weil die Prim\u00e4rrohstoffe durch Sekund\u00e4rrohstoffe von rezyklierten Materialien ersetzt wurden. Zum Beispiel: Beim Produzieren eines Aluminium-Gegenstands aus Sekund\u00e4rrohstoff werden 95% der Energie gespart, die f\u00fcr das Herstellen desselben Aluminium-Gegensands aus Prim\u00e4rrohstoff ben\u00f6tigt wird. Daher auch die Reduzierung der Treibhausgasemissionen. Dieses Berechnungssystem ber\u00fccksichtigt alle Etappen des Recycling-Prozesses, vom getrennten Sammeln der Verpackungsabf\u00e4lle, \u00fcber deren Sortierung und Behandlung bis zum Gewinnen von Sekund\u00e4rrohstoffen. Durch unser Berechnungssystem werden alle m\u00f6glichen Treibhausgasemissionen deutlich. Treibhausgase entstehen n\u00e4mlich beim Transport, beim Treibstoff- und Stromverbrauch, bei der Behandlung der gesammelten Abf\u00e4lle, bei der Energieherstellung oder bei der Herstellung von rezyklierten Stoffen, die als Sekund\u00e4rrohstoffe die Prim\u00e4rrohstoffe ersetzen. Alles wird genau berechnet.\u201c<\/em><\/p>\n<p>&#13;<br \/>\n&#13;<\/p>\n<p>&#13;<br \/>\n&#13;<\/p>\n<p>&#13;<br \/>\n&#13;<\/p>\n<p>Im Abfallbereich, wo 5% der Treibhausgasemissionen in unserem Land entstehen, m\u00fcssen die rum\u00e4nischen Beh\u00f6rden Ma\u200e\u00dfnahmen zur Reduzierung der Treibhausgasemissionen treffen. Bis 2020 ist Rum\u00e4nien verpflichtet, die Treibhausgasemissionen um 20% zu reduzieren.<\/p>\n<p>&#13;<\/p>\n","protected":false},"excerpt":{"rendered":"<p>Die Umweltorganisationen EcoRom Ambalaje bietet ein System zur Berechnung der Treibhausgasemissionen, die durch das Recycling der Verpackungsabf\u00e4lle reduziert werden k\u00f6nnen.<\/p>\n","protected":false},"author":2,"featured_media":636734,"comment_status":"closed","ping_status":"closed","sticky":false,"template":"","format":"standard","meta":{"_acf_changed":false,"footnotes":""},"categories":[116782],"tags":[130226,143907,99589,130225,100122,130224],"coauthors":[],"class_list":["post-636733","post","type-post","status-publish","format-standard","has-post-thumbnail","hentry","category-es-gruent-so-gruen-drei-minuten-fuer-die-umwelt","tag-ecorom-ambalaje","tag-recycling-de","tag-rumaenien","tag-treibhausgasemissionen","tag-umwelt","tag-verpackungsabfaelle"],"acf":[],"yoast_head":"<!-- This site is optimized with the Yoast SEO plugin v27.3 - https:\/\/yoast.com\/product\/yoast-seo-wordpress\/ -->\n<title>Verpackungsabf\u00e4lle: Recycling tr\u00e4gt zur Reduzierung der Treibhausgase bei - Radio Rum\u00e4nien International<\/title>\n<meta name=\"robots\" content=\"index, follow, max-snippet:-1, max-image-preview:large, max-video-preview:-1\" \/>\n<link rel=\"canonical\" href=\"https:\/\/www.rri.ro\/de\/rubriken\/es-gruent-so-gruen-drei-minuten-fuer-die-umwelt\/verpackungsabfaelle-recycling-traegt-zur-reduzierung-der-treibhausgase-bei-id636733.html\" \/>\n<meta property=\"og:locale\" content=\"de_DE\" \/>\n<meta property=\"og:type\" content=\"article\" \/>\n<meta property=\"og:title\" content=\"Verpackungsabf\u00e4lle: Recycling tr\u00e4gt zur Reduzierung der Treibhausgase bei - Radio Rum\u00e4nien International\" \/>\n<meta property=\"og:description\" content=\"Die Umweltorganisationen EcoRom Ambalaje bietet ein System zur Berechnung der Treibhausgasemissionen, die durch das Recycling der Verpackungsabf\u00e4lle reduziert werden k\u00f6nnen.\" \/>\n<meta property=\"og:url\" content=\"https:\/\/www.rri.ro\/de\/rubriken\/es-gruent-so-gruen-drei-minuten-fuer-die-umwelt\/verpackungsabfaelle-recycling-traegt-zur-reduzierung-der-treibhausgase-bei-id636733.html\" \/>\n<meta property=\"og:site_name\" content=\"Radio Rum\u00e4nien International\" \/>\n<meta property=\"article:published_time\" content=\"2015-01-26T15:30:00+00:00\" \/>\n<meta property=\"og:image\" content=\"https:\/\/www.rri.ro\/wp-content\/uploads\/2024\/02\/ambalaj-ecorom.jpg\" \/>\n\t<meta property=\"og:image:width\" content=\"640\" \/>\n\t<meta property=\"og:image:height\" content=\"480\" \/>\n\t<meta property=\"og:image:type\" content=\"image\/png\" \/>\n<meta name=\"author\" content=\"Rom\u00e2nia Interna\u021bional\" \/>\n<meta name=\"twitter:card\" content=\"summary_large_image\" \/>\n<meta name=\"twitter:label1\" content=\"Verfasst von\" \/>\n\t<meta name=\"twitter:data1\" content=\"Rom\u00e2nia Interna\u021bional\" \/>\n\t<meta name=\"twitter:label2\" content=\"Gesch\u00e4tzte Lesezeit\" \/>\n\t<meta name=\"twitter:data2\" content=\"2\u00a0Minuten\" \/>\n\t<meta name=\"twitter:label3\" content=\"Written by\" \/>\n\t<meta name=\"twitter:data3\" content=\"Rom\u00e2nia Interna\u021bional\" \/>\n<script type=\"application\/ld+json\" class=\"yoast-schema-graph\">{\"@context\":\"https:\\\/\\\/schema.org\",\"@graph\":[{\"@type\":\"Article\",\"@id\":\"https:\\\/\\\/www.rri.ro\\\/de\\\/rubriken\\\/es-gruent-so-gruen-drei-minuten-fuer-die-umwelt\\\/verpackungsabfaelle-recycling-traegt-zur-reduzierung-der-treibhausgase-bei-id636733.html#article\",\"isPartOf\":{\"@id\":\"https:\\\/\\\/www.rri.ro\\\/de\\\/rubriken\\\/es-gruent-so-gruen-drei-minuten-fuer-die-umwelt\\\/verpackungsabfaelle-recycling-traegt-zur-reduzierung-der-treibhausgase-bei-id636733.html\"},\"author\":{\"name\":\"Rom\u00e2nia Interna\u021bional\",\"@id\":\"https:\\\/\\\/www.rri.ro\\\/#\\\/schema\\\/person\\\/18fac491bccbfe149b92aea77ad60abd\"},\"headline\":\"Verpackungsabf\u00e4lle: Recycling tr\u00e4gt zur Reduzierung der Treibhausgase bei\",\"datePublished\":\"2015-01-26T15:30:00+00:00\",\"mainEntityOfPage\":{\"@id\":\"https:\\\/\\\/www.rri.ro\\\/de\\\/rubriken\\\/es-gruent-so-gruen-drei-minuten-fuer-die-umwelt\\\/verpackungsabfaelle-recycling-traegt-zur-reduzierung-der-treibhausgase-bei-id636733.html\"},\"wordCount\":448,\"image\":{\"@id\":\"https:\\\/\\\/www.rri.ro\\\/de\\\/rubriken\\\/es-gruent-so-gruen-drei-minuten-fuer-die-umwelt\\\/verpackungsabfaelle-recycling-traegt-zur-reduzierung-der-treibhausgase-bei-id636733.html#primaryimage\"},\"thumbnailUrl\":\"https:\\\/\\\/www.rri.ro\\\/wp-content\\\/uploads\\\/2024\\\/02\\\/ambalaj-ecorom.jpg\",\"keywords\":[\"EcoRom Ambalaje\",\"recycling\",\"Rum\u00e4nien\",\"Treibhausgasemissionen\",\"Umwelt\",\"Verpackungsabf\u00e4lle\"],\"articleSection\":[\"Es gr\u00fcnt so gr\u00fcn \u2013 drei Minuten f\u00fcr die Umwelt\"],\"inLanguage\":\"de\"},{\"@type\":\"WebPage\",\"@id\":\"https:\\\/\\\/www.rri.ro\\\/de\\\/rubriken\\\/es-gruent-so-gruen-drei-minuten-fuer-die-umwelt\\\/verpackungsabfaelle-recycling-traegt-zur-reduzierung-der-treibhausgase-bei-id636733.html\",\"url\":\"https:\\\/\\\/www.rri.ro\\\/de\\\/rubriken\\\/es-gruent-so-gruen-drei-minuten-fuer-die-umwelt\\\/verpackungsabfaelle-recycling-traegt-zur-reduzierung-der-treibhausgase-bei-id636733.html\",\"name\":\"Verpackungsabf\u00e4lle: Recycling tr\u00e4gt zur Reduzierung der Treibhausgase bei - Radio Rum\u00e4nien International\",\"isPartOf\":{\"@id\":\"https:\\\/\\\/www.rri.ro\\\/#website\"},\"primaryImageOfPage\":{\"@id\":\"https:\\\/\\\/www.rri.ro\\\/de\\\/rubriken\\\/es-gruent-so-gruen-drei-minuten-fuer-die-umwelt\\\/verpackungsabfaelle-recycling-traegt-zur-reduzierung-der-treibhausgase-bei-id636733.html#primaryimage\"},\"image\":{\"@id\":\"https:\\\/\\\/www.rri.ro\\\/de\\\/rubriken\\\/es-gruent-so-gruen-drei-minuten-fuer-die-umwelt\\\/verpackungsabfaelle-recycling-traegt-zur-reduzierung-der-treibhausgase-bei-id636733.html#primaryimage\"},\"thumbnailUrl\":\"https:\\\/\\\/www.rri.ro\\\/wp-content\\\/uploads\\\/2024\\\/02\\\/ambalaj-ecorom.jpg\",\"datePublished\":\"2015-01-26T15:30:00+00:00\",\"author\":{\"@id\":\"https:\\\/\\\/www.rri.ro\\\/#\\\/schema\\\/person\\\/18fac491bccbfe149b92aea77ad60abd\"},\"breadcrumb\":{\"@id\":\"https:\\\/\\\/www.rri.ro\\\/de\\\/rubriken\\\/es-gruent-so-gruen-drei-minuten-fuer-die-umwelt\\\/verpackungsabfaelle-recycling-traegt-zur-reduzierung-der-treibhausgase-bei-id636733.html#breadcrumb\"},\"inLanguage\":\"de\",\"potentialAction\":[{\"@type\":\"ReadAction\",\"target\":[\"https:\\\/\\\/www.rri.ro\\\/de\\\/rubriken\\\/es-gruent-so-gruen-drei-minuten-fuer-die-umwelt\\\/verpackungsabfaelle-recycling-traegt-zur-reduzierung-der-treibhausgase-bei-id636733.html\"]}]},{\"@type\":\"ImageObject\",\"inLanguage\":\"de\",\"@id\":\"https:\\\/\\\/www.rri.ro\\\/de\\\/rubriken\\\/es-gruent-so-gruen-drei-minuten-fuer-die-umwelt\\\/verpackungsabfaelle-recycling-traegt-zur-reduzierung-der-treibhausgase-bei-id636733.html#primaryimage\",\"url\":\"https:\\\/\\\/www.rri.ro\\\/wp-content\\\/uploads\\\/2024\\\/02\\\/ambalaj-ecorom.jpg\",\"contentUrl\":\"https:\\\/\\\/www.rri.ro\\\/wp-content\\\/uploads\\\/2024\\\/02\\\/ambalaj-ecorom.jpg\",\"width\":640,\"height\":480},{\"@type\":\"BreadcrumbList\",\"@id\":\"https:\\\/\\\/www.rri.ro\\\/de\\\/rubriken\\\/es-gruent-so-gruen-drei-minuten-fuer-die-umwelt\\\/verpackungsabfaelle-recycling-traegt-zur-reduzierung-der-treibhausgase-bei-id636733.html#breadcrumb\",\"itemListElement\":[{\"@type\":\"ListItem\",\"position\":1,\"name\":\"Startseite\",\"item\":\"https:\\\/\\\/www.rri.ro\\\/de\"},{\"@type\":\"ListItem\",\"position\":2,\"name\":\"Rubriken\",\"item\":\"https:\\\/\\\/www.rri.ro\\\/de\\\/rubriken\"},{\"@type\":\"ListItem\",\"position\":3,\"name\":\"Es gr\u00fcnt so gr\u00fcn \u2013 drei Minuten f\u00fcr die Umwelt\",\"item\":\"https:\\\/\\\/www.rri.ro\\\/de\\\/rubriken\\\/es-gruent-so-gruen-drei-minuten-fuer-die-umwelt\"},{\"@type\":\"ListItem\",\"position\":4,\"name\":\"Verpackungsabf\u00e4lle: Recycling tr\u00e4gt zur Reduzierung der Treibhausgase bei\"}]},{\"@type\":\"WebSite\",\"@id\":\"https:\\\/\\\/www.rri.ro\\\/#website\",\"url\":\"https:\\\/\\\/www.rri.ro\\\/\",\"name\":\"Radio Rum\u00e4nien International\",\"description\":\"Totul despre Rom\u00e2nia \u015fi rom\u00e2ni, \u00een 13 limbi\\\/dialecte!\",\"inLanguage\":\"de\"},{\"@type\":\"Person\",\"@id\":\"https:\\\/\\\/www.rri.ro\\\/#\\\/schema\\\/person\\\/18fac491bccbfe149b92aea77ad60abd\",\"name\":\"Rom\u00e2nia Interna\u021bional\",\"url\":\"https:\\\/\\\/www.rri.ro\\\/de\\\/author\\\/redactia\"}]}<\/script>\n<!-- \/ Yoast SEO plugin. -->","yoast_head_json":{"title":"Verpackungsabf\u00e4lle: Recycling tr\u00e4gt zur Reduzierung der Treibhausgase bei - Radio Rum\u00e4nien International","robots":{"index":"index","follow":"follow","max-snippet":"max-snippet:-1","max-image-preview":"max-image-preview:large","max-video-preview":"max-video-preview:-1"},"canonical":"https:\/\/www.rri.ro\/de\/rubriken\/es-gruent-so-gruen-drei-minuten-fuer-die-umwelt\/verpackungsabfaelle-recycling-traegt-zur-reduzierung-der-treibhausgase-bei-id636733.html","og_locale":"de_DE","og_type":"article","og_title":"Verpackungsabf\u00e4lle: Recycling tr\u00e4gt zur Reduzierung der Treibhausgase bei - Radio Rum\u00e4nien International","og_description":"Die Umweltorganisationen EcoRom Ambalaje bietet ein System zur Berechnung der Treibhausgasemissionen, die durch das Recycling der Verpackungsabf\u00e4lle reduziert werden k\u00f6nnen.","og_url":"https:\/\/www.rri.ro\/de\/rubriken\/es-gruent-so-gruen-drei-minuten-fuer-die-umwelt\/verpackungsabfaelle-recycling-traegt-zur-reduzierung-der-treibhausgase-bei-id636733.html","og_site_name":"Radio Rum\u00e4nien International","article_published_time":"2015-01-26T15:30:00+00:00","og_image":[{"width":640,"height":480,"url":"https:\/\/www.rri.ro\/wp-content\/uploads\/2024\/02\/ambalaj-ecorom.jpg","type":"image\/png"}],"author":"Rom\u00e2nia Interna\u021bional","twitter_card":"summary_large_image","twitter_misc":{"Verfasst von":"Rom\u00e2nia Interna\u021bional","Gesch\u00e4tzte Lesezeit":"2\u00a0Minuten","Written by":"Rom\u00e2nia Interna\u021bional"},"schema":{"@context":"https:\/\/schema.org","@graph":[{"@type":"Article","@id":"https:\/\/www.rri.ro\/de\/rubriken\/es-gruent-so-gruen-drei-minuten-fuer-die-umwelt\/verpackungsabfaelle-recycling-traegt-zur-reduzierung-der-treibhausgase-bei-id636733.html#article","isPartOf":{"@id":"https:\/\/www.rri.ro\/de\/rubriken\/es-gruent-so-gruen-drei-minuten-fuer-die-umwelt\/verpackungsabfaelle-recycling-traegt-zur-reduzierung-der-treibhausgase-bei-id636733.html"},"author":{"name":"Rom\u00e2nia Interna\u021bional","@id":"https:\/\/www.rri.ro\/#\/schema\/person\/18fac491bccbfe149b92aea77ad60abd"},"headline":"Verpackungsabf\u00e4lle: Recycling tr\u00e4gt zur Reduzierung der Treibhausgase bei","datePublished":"2015-01-26T15:30:00+00:00","mainEntityOfPage":{"@id":"https:\/\/www.rri.ro\/de\/rubriken\/es-gruent-so-gruen-drei-minuten-fuer-die-umwelt\/verpackungsabfaelle-recycling-traegt-zur-reduzierung-der-treibhausgase-bei-id636733.html"},"wordCount":448,"image":{"@id":"https:\/\/www.rri.ro\/de\/rubriken\/es-gruent-so-gruen-drei-minuten-fuer-die-umwelt\/verpackungsabfaelle-recycling-traegt-zur-reduzierung-der-treibhausgase-bei-id636733.html#primaryimage"},"thumbnailUrl":"https:\/\/www.rri.ro\/wp-content\/uploads\/2024\/02\/ambalaj-ecorom.jpg","keywords":["EcoRom Ambalaje","recycling","Rum\u00e4nien","Treibhausgasemissionen","Umwelt","Verpackungsabf\u00e4lle"],"articleSection":["Es gr\u00fcnt so gr\u00fcn \u2013 drei Minuten f\u00fcr die Umwelt"],"inLanguage":"de"},{"@type":"WebPage","@id":"https:\/\/www.rri.ro\/de\/rubriken\/es-gruent-so-gruen-drei-minuten-fuer-die-umwelt\/verpackungsabfaelle-recycling-traegt-zur-reduzierung-der-treibhausgase-bei-id636733.html","url":"https:\/\/www.rri.ro\/de\/rubriken\/es-gruent-so-gruen-drei-minuten-fuer-die-umwelt\/verpackungsabfaelle-recycling-traegt-zur-reduzierung-der-treibhausgase-bei-id636733.html","name":"Verpackungsabf\u00e4lle: Recycling tr\u00e4gt zur Reduzierung der Treibhausgase bei - Radio Rum\u00e4nien International","isPartOf":{"@id":"https:\/\/www.rri.ro\/#website"},"primaryImageOfPage":{"@id":"https:\/\/www.rri.ro\/de\/rubriken\/es-gruent-so-gruen-drei-minuten-fuer-die-umwelt\/verpackungsabfaelle-recycling-traegt-zur-reduzierung-der-treibhausgase-bei-id636733.html#primaryimage"},"image":{"@id":"https:\/\/www.rri.ro\/de\/rubriken\/es-gruent-so-gruen-drei-minuten-fuer-die-umwelt\/verpackungsabfaelle-recycling-traegt-zur-reduzierung-der-treibhausgase-bei-id636733.html#primaryimage"},"thumbnailUrl":"https:\/\/www.rri.ro\/wp-content\/uploads\/2024\/02\/ambalaj-ecorom.jpg","datePublished":"2015-01-26T15:30:00+00:00","author":{"@id":"https:\/\/www.rri.ro\/#\/schema\/person\/18fac491bccbfe149b92aea77ad60abd"},"breadcrumb":{"@id":"https:\/\/www.rri.ro\/de\/rubriken\/es-gruent-so-gruen-drei-minuten-fuer-die-umwelt\/verpackungsabfaelle-recycling-traegt-zur-reduzierung-der-treibhausgase-bei-id636733.html#breadcrumb"},"inLanguage":"de","potentialAction":[{"@type":"ReadAction","target":["https:\/\/www.rri.ro\/de\/rubriken\/es-gruent-so-gruen-drei-minuten-fuer-die-umwelt\/verpackungsabfaelle-recycling-traegt-zur-reduzierung-der-treibhausgase-bei-id636733.html"]}]},{"@type":"ImageObject","inLanguage":"de","@id":"https:\/\/www.rri.ro\/de\/rubriken\/es-gruent-so-gruen-drei-minuten-fuer-die-umwelt\/verpackungsabfaelle-recycling-traegt-zur-reduzierung-der-treibhausgase-bei-id636733.html#primaryimage","url":"https:\/\/www.rri.ro\/wp-content\/uploads\/2024\/02\/ambalaj-ecorom.jpg","contentUrl":"https:\/\/www.rri.ro\/wp-content\/uploads\/2024\/02\/ambalaj-ecorom.jpg","width":640,"height":480},{"@type":"BreadcrumbList","@id":"https:\/\/www.rri.ro\/de\/rubriken\/es-gruent-so-gruen-drei-minuten-fuer-die-umwelt\/verpackungsabfaelle-recycling-traegt-zur-reduzierung-der-treibhausgase-bei-id636733.html#breadcrumb","itemListElement":[{"@type":"ListItem","position":1,"name":"Startseite","item":"https:\/\/www.rri.ro\/de"},{"@type":"ListItem","position":2,"name":"Rubriken","item":"https:\/\/www.rri.ro\/de\/rubriken"},{"@type":"ListItem","position":3,"name":"Es gr\u00fcnt so gr\u00fcn \u2013 drei Minuten f\u00fcr die Umwelt","item":"https:\/\/www.rri.ro\/de\/rubriken\/es-gruent-so-gruen-drei-minuten-fuer-die-umwelt"},{"@type":"ListItem","position":4,"name":"Verpackungsabf\u00e4lle: Recycling tr\u00e4gt zur Reduzierung der Treibhausgase bei"}]},{"@type":"WebSite","@id":"https:\/\/www.rri.ro\/#website","url":"https:\/\/www.rri.ro\/","name":"Radio Rum\u00e4nien International","description":"Totul despre Rom\u00e2nia \u015fi rom\u00e2ni, \u00een 13 limbi\/dialecte!","inLanguage":"de"},{"@type":"Person","@id":"https:\/\/www.rri.ro\/#\/schema\/person\/18fac491bccbfe149b92aea77ad60abd","name":"Rom\u00e2nia Interna\u021bional","url":"https:\/\/www.rri.ro\/de\/author\/redactia"}]}},"_links":{"self":[{"href":"https:\/\/www.rri.ro\/de\/wp-json\/wp\/v2\/posts\/636733","targetHints":{"allow":["GET"]}}],"collection":[{"href":"https:\/\/www.rri.ro\/de\/wp-json\/wp\/v2\/posts"}],"about":[{"href":"https:\/\/www.rri.ro\/de\/wp-json\/wp\/v2\/types\/post"}],"author":[{"embeddable":true,"href":"https:\/\/www.rri.ro\/de\/wp-json\/wp\/v2\/users\/2"}],"replies":[{"embeddable":true,"href":"https:\/\/www.rri.ro\/de\/wp-json\/wp\/v2\/comments?post=636733"}],"version-history":[{"count":0,"href":"https:\/\/www.rri.ro\/de\/wp-json\/wp\/v2\/posts\/636733\/revisions"}],"wp:featuredmedia":[{"embeddable":true,"href":"https:\/\/www.rri.ro\/de\/wp-json\/wp\/v2\/media\/636734"}],"wp:attachment":[{"href":"https:\/\/www.rri.ro\/de\/wp-json\/wp\/v2\/media?parent=636733"}],"wp:term":[{"taxonomy":"category","embeddable":true,"href":"https:\/\/www.rri.ro\/de\/wp-json\/wp\/v2\/categories?post=636733"},{"taxonomy":"post_tag","embeddable":true,"href":"https:\/\/www.rri.ro\/de\/wp-json\/wp\/v2\/tags?post=636733"},{"taxonomy":"author","embeddable":true,"href":"https:\/\/www.rri.ro\/de\/wp-json\/wp\/v2\/coauthors?post=636733"}],"curies":[{"name":"wp","href":"https:\/\/api.w.org\/{rel}","templated":true}]}}