{"id":636814,"date":"2015-07-20T17:44:00","date_gmt":"2015-07-20T14:44:00","guid":{"rendered":"http:\/\/devrri.freshlemon.ro\/aktuell\/tropenwald-im-donaudelta-id636814.html"},"modified":"2015-07-20T17:44:00","modified_gmt":"2015-07-20T14:44:00","slug":"tropenwald-im-donaudelta","status":"publish","type":"post","link":"https:\/\/www.rri.ro\/de\/rubriken\/es-gruent-so-gruen-drei-minuten-fuer-die-umwelt\/tropenwald-im-donaudelta-id636814.html","title":{"rendered":"Tropenwald im Donaudelta"},"content":{"rendered":"<p>Auf einen ersten Blick sieht der Wald, der auch unter UNESCO-Schutz steht, eher seltsam aus &#8212; die Kletterpflanzen, die sich um die uralten B\u00e4ume ranken, verleihen ihm eher das Bild eines tropischen Regenwalds. Im Naturschutzgebiet voller Sandd\u00fcnen sind mehrere Hundert Arten von Pflanzen, Tieren und Insekten zuhause &#8212; sogar Wildpferde, die eher selten in Europa anzutreffen sind, laufen hier frei herum, begeistert sich Gri\u015fa Ivanov vom Danubiu-Verein, der im Naturschutzgebiet ein Artenschutzprojekt betreut: <\/p>\n<p>&#13;<br \/>\n&#13;<\/p>\n<p>&#13;<br \/>\n&#13;<\/p>\n<p><em>Der Letea-Wald hat eine au\u200e\u00dferordentliche Artenvielfalt und weist auch viele sehr komplexe \u00d6kosysteme auf. Wir treffen hier fast alle Baumarten an, die f\u00fcr die Tiefebene pr\u00e4gend sind, wie Eichen oder Eschen, aber auch bestimmte Pappelarten, die ausschlie\u200e\u00dflich hier wachsen. Die Fauna wird sehr sch\u00f6n erg\u00e4nzt durch die Sandweide, wir finden hier aber auch Hagebuttenstr\u00e4ucher, Meertr\u00e4ubel, Holunder, Liguster, oder Wei\u200e\u00dfdorn&#8230; Wirklich interessant und sch\u00f6n ist auch die Vielfalt der Lianen. Fast alle Lianen aus der rum\u00e4nischen Tiefebene wachsen hier auch &#8212; Hopfen oder Wildreben, zum Beispiel. Aber es ist die griechische Liane, die dem Wald diesen exotischen Anstrich verleiht. Sehr seltsam muten die jahrhundertealten B\u00e4ume an &#8212; die St\u00e4mme, insbesondere bei den Eichen ist das zu sehen, h\u00e4ngen tief und sind mehrfach verrenkt, das Ge\u00e4st \u00e4hnelt Kronleuchtern. Das ist besonders sch\u00f6n anzusehen. Der Seeadler ist die wichtigste Vogelart im Letea-Wald, mehrere Seeadlerfamilien nesten hier. Auch andere V\u00f6gel sind hier anzutreffen: Kolkraben, Kaiseradler, Rotfu\u200e\u00dffalken, kleinere und gr\u00f6\u200e\u00dfere Eulen und Uhus, aber nat\u00fcrlich auch verschiedene Entenarten, die in den Baumst\u00e4mmen nesten.\u201c<\/em><\/p>\n<p>&#13;<br \/>\n&#13;<\/p>\n<p>&#13;<br \/>\n&#13;<\/p>\n<p>&#13;<br \/>\n&#13;<\/p>\n<p>Der Letea-Wald, so Gri\u015fa Ivanov weiter, ist insbesondere f\u00fcr die vielen Wildpferde bekannt, die hier und auf der gesamten, etwa 10.000 Hektar gro\u200e\u00dfen gleichnamigen Sandbank leben. Rund 500 Pferde tragen heute zur Artenvielfalt dieses Habitats bei. Pferde sind aber problematisch; um andere Arten nicht zu gef\u00e4hrden, muss ihre Zahl unter Kontrolle gehalten werden. Die Stiftung Vier Pfoten und die Verwaltung der Biosph\u00e4re im Doaudelta haben deshalb vereinbart, in den n\u00e4chsten zehn Jahren ein Projekt zur Betreuung der Wildpferde auf der Letea-Sandbank durchzuf\u00fchren. Das Projekt hat aber auch das \u00fcbergeordnete Ziel, die Tiere und Umweltsysteme im Letea-Wald insgesamt zu sch\u00fctzen.<\/p>\n<p>&#13;<br \/>\n&#13;<\/p>\n<p><\/p>\n<div align=center>&#13;<br \/>\n<iframe allowfullscreen= frameborder=0 height=315 src=https:\/\/www.youtube.com\/embed\/x_imyo8g2-Q width=560><\/iframe><\/div>\n<\/p>\n<p>&#13;<br \/>\n&#13;<\/p>\n<p>&#13;<\/p>\n","protected":false},"excerpt":{"rendered":"<p>Das Donaudelta ist nicht nur eine endlos gr\u00fcne Landschaft, die von Wasserwegen und S\u00fcmpfen durchsetzt ist \u2013 im Norden liegt der eigenartige Leteawald.<\/p>\n","protected":false},"author":2,"featured_media":421553,"comment_status":"closed","ping_status":"closed","sticky":false,"template":"","format":"standard","meta":{"_acf_changed":false,"footnotes":""},"categories":[116782],"tags":[99974,44192,130275,99589,130274,100122,100208,130276],"coauthors":[],"class_list":["post-636814","post","type-post","status-publish","format-standard","has-post-thumbnail","hentry","category-es-gruent-so-gruen-drei-minuten-fuer-die-umwelt","tag-donaudelta","tag-letea","tag-lianen","tag-rumaenien","tag-tropen","tag-umwelt","tag-wald","tag-wildpferde"],"acf":[],"yoast_head":"<!-- This site is optimized with the Yoast SEO plugin v27.5 - https:\/\/yoast.com\/product\/yoast-seo-wordpress\/ -->\n<title>Tropenwald im Donaudelta - Radio Rum\u00e4nien International<\/title>\n<meta name=\"robots\" content=\"index, follow, max-snippet:-1, max-image-preview:large, max-video-preview:-1\" \/>\n<link rel=\"canonical\" href=\"https:\/\/www.rri.ro\/de\/rubriken\/es-gruent-so-gruen-drei-minuten-fuer-die-umwelt\/tropenwald-im-donaudelta-id636814.html\" \/>\n<meta property=\"og:locale\" content=\"de_DE\" \/>\n<meta property=\"og:type\" content=\"article\" \/>\n<meta property=\"og:title\" content=\"Tropenwald im Donaudelta - Radio Rum\u00e4nien International\" \/>\n<meta property=\"og:description\" content=\"Das Donaudelta ist nicht nur eine endlos gr\u00fcne Landschaft, die von Wasserwegen und S\u00fcmpfen durchsetzt ist \u2013 im Norden liegt der eigenartige Leteawald.\" \/>\n<meta property=\"og:url\" content=\"https:\/\/www.rri.ro\/de\/rubriken\/es-gruent-so-gruen-drei-minuten-fuer-die-umwelt\/tropenwald-im-donaudelta-id636814.html\" \/>\n<meta property=\"og:site_name\" content=\"Radio Rum\u00e4nien International\" \/>\n<meta property=\"article:published_time\" content=\"2015-07-20T14:44:00+00:00\" \/>\n<meta property=\"og:image\" content=\"https:\/\/www.rri.ro\/wp-content\/uploads\/2023\/10\/letea.jpg\" \/>\n\t<meta property=\"og:image:width\" content=\"640\" \/>\n\t<meta property=\"og:image:height\" content=\"480\" \/>\n\t<meta property=\"og:image:type\" content=\"image\/png\" \/>\n<meta name=\"author\" content=\"Rom\u00e2nia Interna\u021bional\" \/>\n<meta name=\"twitter:card\" content=\"summary_large_image\" \/>\n<meta name=\"twitter:label1\" content=\"Verfasst von\" \/>\n\t<meta name=\"twitter:data1\" content=\"Rom\u00e2nia Interna\u021bional\" \/>\n\t<meta name=\"twitter:label2\" content=\"Gesch\u00e4tzte Lesezeit\" \/>\n\t<meta name=\"twitter:data2\" content=\"2\u00a0Minuten\" \/>\n\t<meta name=\"twitter:label3\" content=\"Written by\" \/>\n\t<meta name=\"twitter:data3\" content=\"Rom\u00e2nia Interna\u021bional\" \/>\n<script type=\"application\/ld+json\" class=\"yoast-schema-graph\">{\"@context\":\"https:\\\/\\\/schema.org\",\"@graph\":[{\"@type\":\"Article\",\"@id\":\"https:\\\/\\\/www.rri.ro\\\/de\\\/rubriken\\\/es-gruent-so-gruen-drei-minuten-fuer-die-umwelt\\\/tropenwald-im-donaudelta-id636814.html#article\",\"isPartOf\":{\"@id\":\"https:\\\/\\\/www.rri.ro\\\/de\\\/rubriken\\\/es-gruent-so-gruen-drei-minuten-fuer-die-umwelt\\\/tropenwald-im-donaudelta-id636814.html\"},\"author\":{\"name\":\"Rom\u00e2nia Interna\u021bional\",\"@id\":\"https:\\\/\\\/www.rri.ro\\\/#\\\/schema\\\/person\\\/18fac491bccbfe149b92aea77ad60abd\"},\"headline\":\"Tropenwald im Donaudelta\",\"datePublished\":\"2015-07-20T14:44:00+00:00\",\"mainEntityOfPage\":{\"@id\":\"https:\\\/\\\/www.rri.ro\\\/de\\\/rubriken\\\/es-gruent-so-gruen-drei-minuten-fuer-die-umwelt\\\/tropenwald-im-donaudelta-id636814.html\"},\"wordCount\":373,\"image\":{\"@id\":\"https:\\\/\\\/www.rri.ro\\\/de\\\/rubriken\\\/es-gruent-so-gruen-drei-minuten-fuer-die-umwelt\\\/tropenwald-im-donaudelta-id636814.html#primaryimage\"},\"thumbnailUrl\":\"https:\\\/\\\/www.rri.ro\\\/wp-content\\\/uploads\\\/2023\\\/10\\\/letea.jpg\",\"keywords\":[\"Donaudelta\",\"Letea\",\"Lianen\",\"Rum\u00e4nien\",\"Tropen\",\"Umwelt\",\"Wald\",\"Wildpferde\"],\"articleSection\":[\"Es gr\u00fcnt so gr\u00fcn \u2013 drei Minuten f\u00fcr die Umwelt\"],\"inLanguage\":\"de\"},{\"@type\":\"WebPage\",\"@id\":\"https:\\\/\\\/www.rri.ro\\\/de\\\/rubriken\\\/es-gruent-so-gruen-drei-minuten-fuer-die-umwelt\\\/tropenwald-im-donaudelta-id636814.html\",\"url\":\"https:\\\/\\\/www.rri.ro\\\/de\\\/rubriken\\\/es-gruent-so-gruen-drei-minuten-fuer-die-umwelt\\\/tropenwald-im-donaudelta-id636814.html\",\"name\":\"Tropenwald im Donaudelta - Radio Rum\u00e4nien International\",\"isPartOf\":{\"@id\":\"https:\\\/\\\/www.rri.ro\\\/#website\"},\"primaryImageOfPage\":{\"@id\":\"https:\\\/\\\/www.rri.ro\\\/de\\\/rubriken\\\/es-gruent-so-gruen-drei-minuten-fuer-die-umwelt\\\/tropenwald-im-donaudelta-id636814.html#primaryimage\"},\"image\":{\"@id\":\"https:\\\/\\\/www.rri.ro\\\/de\\\/rubriken\\\/es-gruent-so-gruen-drei-minuten-fuer-die-umwelt\\\/tropenwald-im-donaudelta-id636814.html#primaryimage\"},\"thumbnailUrl\":\"https:\\\/\\\/www.rri.ro\\\/wp-content\\\/uploads\\\/2023\\\/10\\\/letea.jpg\",\"datePublished\":\"2015-07-20T14:44:00+00:00\",\"author\":{\"@id\":\"https:\\\/\\\/www.rri.ro\\\/#\\\/schema\\\/person\\\/18fac491bccbfe149b92aea77ad60abd\"},\"breadcrumb\":{\"@id\":\"https:\\\/\\\/www.rri.ro\\\/de\\\/rubriken\\\/es-gruent-so-gruen-drei-minuten-fuer-die-umwelt\\\/tropenwald-im-donaudelta-id636814.html#breadcrumb\"},\"inLanguage\":\"de\",\"potentialAction\":[{\"@type\":\"ReadAction\",\"target\":[\"https:\\\/\\\/www.rri.ro\\\/de\\\/rubriken\\\/es-gruent-so-gruen-drei-minuten-fuer-die-umwelt\\\/tropenwald-im-donaudelta-id636814.html\"]}]},{\"@type\":\"ImageObject\",\"inLanguage\":\"de\",\"@id\":\"https:\\\/\\\/www.rri.ro\\\/de\\\/rubriken\\\/es-gruent-so-gruen-drei-minuten-fuer-die-umwelt\\\/tropenwald-im-donaudelta-id636814.html#primaryimage\",\"url\":\"https:\\\/\\\/www.rri.ro\\\/wp-content\\\/uploads\\\/2023\\\/10\\\/letea.jpg\",\"contentUrl\":\"https:\\\/\\\/www.rri.ro\\\/wp-content\\\/uploads\\\/2023\\\/10\\\/letea.jpg\",\"width\":640,\"height\":480},{\"@type\":\"BreadcrumbList\",\"@id\":\"https:\\\/\\\/www.rri.ro\\\/de\\\/rubriken\\\/es-gruent-so-gruen-drei-minuten-fuer-die-umwelt\\\/tropenwald-im-donaudelta-id636814.html#breadcrumb\",\"itemListElement\":[{\"@type\":\"ListItem\",\"position\":1,\"name\":\"Startseite\",\"item\":\"https:\\\/\\\/www.rri.ro\\\/de\"},{\"@type\":\"ListItem\",\"position\":2,\"name\":\"Rubriken\",\"item\":\"https:\\\/\\\/www.rri.ro\\\/de\\\/rubriken\"},{\"@type\":\"ListItem\",\"position\":3,\"name\":\"Es gr\u00fcnt so gr\u00fcn \u2013 drei Minuten f\u00fcr die Umwelt\",\"item\":\"https:\\\/\\\/www.rri.ro\\\/de\\\/rubriken\\\/es-gruent-so-gruen-drei-minuten-fuer-die-umwelt\"},{\"@type\":\"ListItem\",\"position\":4,\"name\":\"Tropenwald im Donaudelta\"}]},{\"@type\":\"WebSite\",\"@id\":\"https:\\\/\\\/www.rri.ro\\\/#website\",\"url\":\"https:\\\/\\\/www.rri.ro\\\/\",\"name\":\"Radio Rum\u00e4nien International\",\"description\":\"Totul despre Rom\u00e2nia \u015fi rom\u00e2ni, \u00een 13 limbi\\\/dialecte!\",\"inLanguage\":\"de\"},{\"@type\":\"Person\",\"@id\":\"https:\\\/\\\/www.rri.ro\\\/#\\\/schema\\\/person\\\/18fac491bccbfe149b92aea77ad60abd\",\"name\":\"Rom\u00e2nia Interna\u021bional\",\"url\":\"https:\\\/\\\/www.rri.ro\\\/de\\\/author\\\/redactia\"}]}<\/script>\n<!-- \/ Yoast SEO plugin. -->","yoast_head_json":{"title":"Tropenwald im Donaudelta - Radio Rum\u00e4nien International","robots":{"index":"index","follow":"follow","max-snippet":"max-snippet:-1","max-image-preview":"max-image-preview:large","max-video-preview":"max-video-preview:-1"},"canonical":"https:\/\/www.rri.ro\/de\/rubriken\/es-gruent-so-gruen-drei-minuten-fuer-die-umwelt\/tropenwald-im-donaudelta-id636814.html","og_locale":"de_DE","og_type":"article","og_title":"Tropenwald im Donaudelta - Radio Rum\u00e4nien International","og_description":"Das Donaudelta ist nicht nur eine endlos gr\u00fcne Landschaft, die von Wasserwegen und S\u00fcmpfen durchsetzt ist \u2013 im Norden liegt der eigenartige Leteawald.","og_url":"https:\/\/www.rri.ro\/de\/rubriken\/es-gruent-so-gruen-drei-minuten-fuer-die-umwelt\/tropenwald-im-donaudelta-id636814.html","og_site_name":"Radio Rum\u00e4nien International","article_published_time":"2015-07-20T14:44:00+00:00","og_image":[{"width":640,"height":480,"url":"https:\/\/www.rri.ro\/wp-content\/uploads\/2023\/10\/letea.jpg","type":"image\/png"}],"author":"Rom\u00e2nia Interna\u021bional","twitter_card":"summary_large_image","twitter_misc":{"Verfasst von":"Rom\u00e2nia Interna\u021bional","Gesch\u00e4tzte Lesezeit":"2\u00a0Minuten","Written by":"Rom\u00e2nia Interna\u021bional"},"schema":{"@context":"https:\/\/schema.org","@graph":[{"@type":"Article","@id":"https:\/\/www.rri.ro\/de\/rubriken\/es-gruent-so-gruen-drei-minuten-fuer-die-umwelt\/tropenwald-im-donaudelta-id636814.html#article","isPartOf":{"@id":"https:\/\/www.rri.ro\/de\/rubriken\/es-gruent-so-gruen-drei-minuten-fuer-die-umwelt\/tropenwald-im-donaudelta-id636814.html"},"author":{"name":"Rom\u00e2nia Interna\u021bional","@id":"https:\/\/www.rri.ro\/#\/schema\/person\/18fac491bccbfe149b92aea77ad60abd"},"headline":"Tropenwald im Donaudelta","datePublished":"2015-07-20T14:44:00+00:00","mainEntityOfPage":{"@id":"https:\/\/www.rri.ro\/de\/rubriken\/es-gruent-so-gruen-drei-minuten-fuer-die-umwelt\/tropenwald-im-donaudelta-id636814.html"},"wordCount":373,"image":{"@id":"https:\/\/www.rri.ro\/de\/rubriken\/es-gruent-so-gruen-drei-minuten-fuer-die-umwelt\/tropenwald-im-donaudelta-id636814.html#primaryimage"},"thumbnailUrl":"https:\/\/www.rri.ro\/wp-content\/uploads\/2023\/10\/letea.jpg","keywords":["Donaudelta","Letea","Lianen","Rum\u00e4nien","Tropen","Umwelt","Wald","Wildpferde"],"articleSection":["Es gr\u00fcnt so gr\u00fcn \u2013 drei Minuten f\u00fcr die Umwelt"],"inLanguage":"de"},{"@type":"WebPage","@id":"https:\/\/www.rri.ro\/de\/rubriken\/es-gruent-so-gruen-drei-minuten-fuer-die-umwelt\/tropenwald-im-donaudelta-id636814.html","url":"https:\/\/www.rri.ro\/de\/rubriken\/es-gruent-so-gruen-drei-minuten-fuer-die-umwelt\/tropenwald-im-donaudelta-id636814.html","name":"Tropenwald im Donaudelta - Radio Rum\u00e4nien International","isPartOf":{"@id":"https:\/\/www.rri.ro\/#website"},"primaryImageOfPage":{"@id":"https:\/\/www.rri.ro\/de\/rubriken\/es-gruent-so-gruen-drei-minuten-fuer-die-umwelt\/tropenwald-im-donaudelta-id636814.html#primaryimage"},"image":{"@id":"https:\/\/www.rri.ro\/de\/rubriken\/es-gruent-so-gruen-drei-minuten-fuer-die-umwelt\/tropenwald-im-donaudelta-id636814.html#primaryimage"},"thumbnailUrl":"https:\/\/www.rri.ro\/wp-content\/uploads\/2023\/10\/letea.jpg","datePublished":"2015-07-20T14:44:00+00:00","author":{"@id":"https:\/\/www.rri.ro\/#\/schema\/person\/18fac491bccbfe149b92aea77ad60abd"},"breadcrumb":{"@id":"https:\/\/www.rri.ro\/de\/rubriken\/es-gruent-so-gruen-drei-minuten-fuer-die-umwelt\/tropenwald-im-donaudelta-id636814.html#breadcrumb"},"inLanguage":"de","potentialAction":[{"@type":"ReadAction","target":["https:\/\/www.rri.ro\/de\/rubriken\/es-gruent-so-gruen-drei-minuten-fuer-die-umwelt\/tropenwald-im-donaudelta-id636814.html"]}]},{"@type":"ImageObject","inLanguage":"de","@id":"https:\/\/www.rri.ro\/de\/rubriken\/es-gruent-so-gruen-drei-minuten-fuer-die-umwelt\/tropenwald-im-donaudelta-id636814.html#primaryimage","url":"https:\/\/www.rri.ro\/wp-content\/uploads\/2023\/10\/letea.jpg","contentUrl":"https:\/\/www.rri.ro\/wp-content\/uploads\/2023\/10\/letea.jpg","width":640,"height":480},{"@type":"BreadcrumbList","@id":"https:\/\/www.rri.ro\/de\/rubriken\/es-gruent-so-gruen-drei-minuten-fuer-die-umwelt\/tropenwald-im-donaudelta-id636814.html#breadcrumb","itemListElement":[{"@type":"ListItem","position":1,"name":"Startseite","item":"https:\/\/www.rri.ro\/de"},{"@type":"ListItem","position":2,"name":"Rubriken","item":"https:\/\/www.rri.ro\/de\/rubriken"},{"@type":"ListItem","position":3,"name":"Es gr\u00fcnt so gr\u00fcn \u2013 drei Minuten f\u00fcr die Umwelt","item":"https:\/\/www.rri.ro\/de\/rubriken\/es-gruent-so-gruen-drei-minuten-fuer-die-umwelt"},{"@type":"ListItem","position":4,"name":"Tropenwald im Donaudelta"}]},{"@type":"WebSite","@id":"https:\/\/www.rri.ro\/#website","url":"https:\/\/www.rri.ro\/","name":"Radio Rum\u00e4nien International","description":"Totul despre Rom\u00e2nia \u015fi rom\u00e2ni, \u00een 13 limbi\/dialecte!","inLanguage":"de"},{"@type":"Person","@id":"https:\/\/www.rri.ro\/#\/schema\/person\/18fac491bccbfe149b92aea77ad60abd","name":"Rom\u00e2nia Interna\u021bional","url":"https:\/\/www.rri.ro\/de\/author\/redactia"}]}},"_links":{"self":[{"href":"https:\/\/www.rri.ro\/de\/wp-json\/wp\/v2\/posts\/636814","targetHints":{"allow":["GET"]}}],"collection":[{"href":"https:\/\/www.rri.ro\/de\/wp-json\/wp\/v2\/posts"}],"about":[{"href":"https:\/\/www.rri.ro\/de\/wp-json\/wp\/v2\/types\/post"}],"author":[{"embeddable":true,"href":"https:\/\/www.rri.ro\/de\/wp-json\/wp\/v2\/users\/2"}],"replies":[{"embeddable":true,"href":"https:\/\/www.rri.ro\/de\/wp-json\/wp\/v2\/comments?post=636814"}],"version-history":[{"count":0,"href":"https:\/\/www.rri.ro\/de\/wp-json\/wp\/v2\/posts\/636814\/revisions"}],"wp:featuredmedia":[{"embeddable":true,"href":"https:\/\/www.rri.ro\/de\/wp-json\/wp\/v2\/media\/421553"}],"wp:attachment":[{"href":"https:\/\/www.rri.ro\/de\/wp-json\/wp\/v2\/media?parent=636814"}],"wp:term":[{"taxonomy":"category","embeddable":true,"href":"https:\/\/www.rri.ro\/de\/wp-json\/wp\/v2\/categories?post=636814"},{"taxonomy":"post_tag","embeddable":true,"href":"https:\/\/www.rri.ro\/de\/wp-json\/wp\/v2\/tags?post=636814"},{"taxonomy":"author","embeddable":true,"href":"https:\/\/www.rri.ro\/de\/wp-json\/wp\/v2\/coauthors?post=636814"}],"curies":[{"name":"wp","href":"https:\/\/api.w.org\/{rel}","templated":true}]}}