{"id":636836,"date":"2015-12-14T17:45:00","date_gmt":"2015-12-14T15:45:00","guid":{"rendered":"http:\/\/devrri.freshlemon.ro\/aktuell\/oekologische-umgestaltung-wwf-rumaenien-setzt-renaturierungsprojekt-im-donaudelta-um-id636836.html"},"modified":"2015-12-14T17:45:00","modified_gmt":"2015-12-14T15:45:00","slug":"oekologische-umgestaltung-wwf-rumaenien-setzt-renaturierungsprojekt-im-donaudelta-um","status":"publish","type":"post","link":"https:\/\/www.rri.ro\/de\/rubriken\/es-gruent-so-gruen-drei-minuten-fuer-die-umwelt\/oekologische-umgestaltung-wwf-rumaenien-setzt-renaturierungsprojekt-im-donaudelta-um-id636836.html","title":{"rendered":"\u00d6kologische Umgestaltung: WWF Rum\u00e4nien setzt Renaturierungsprojekt im Donaudelta um"},"content":{"rendered":"<p>Die Ortschaft Mahmudia im Donaudelta liegt am Donauarm Sf\u00e2ntu Gheorghe und ist f\u00fcr ihre reiche Tier- und Pflanzenwelt bekannt. Die Donau schafft im Gebiet die Bedingungen f\u00fcr eine reiche Vegetation, insbesondere Schilf und Weide sind hier zu finden, und bietet zahlreichen Fisch- und Vogelarten einen Lebensraum. In den Achtzigern deichte das kommunistische Regime das Gebiet ein und somit wurden weite Teile von Mahmudia in landwirtschaftliche Nutzfl\u00e4chen umgewandelt. Die mit der Zeit verlassenen Anbaufl\u00e4chen konnten aber nicht mehr landwirtschaftlich produktiv genutzt werden und wurden somit zur Viehweide. Die \u00f6kologische Umgestaltung des Gebietes schien also die einzige L\u00f6sung f\u00fcr die Natur und die Einwohner der Region zu sein. Der Lokalrat Mahmudia hat neulich in Partnerschaft mit der Umweltorganisation World Wide Fund for Nature (WWF) und der Verwaltungsbeh\u00f6rde Donaudelta: Biosph\u00e4renreservat\u201c ein Projekt zur Renaturierung des Gebietes Carasuhat in Mahmudia erfolgreich zu Ende gebracht. Die Koordinatorin der S\u00fc\u200e\u00dfwasser-Projekte bei WWF Rum\u00e4nien, Camelia Ionescu, kommt zu Wort mit Einzelheiten:<\/p>\n<p>&#13;<br \/>\n&#13;<\/p>\n<p>&#13;<br \/>\n&#13;<\/p>\n<p><em>2014 haben wir die Arbeiten bei der \u00f6kologischen Umgestaltung des Gebiets <\/em><em>Carasuhat in Mahmudia begonnen, gestartet wurde aber das Projekt einige Jahre zuvor, als wir diese Arbeiten geplant und dabei identifiziert hatten, was f\u00fcr eine Vegetation f\u00fcr das jeweilige Areal \u00fcberhaupt geeignet w\u00e4re. Wir wollten in diesem Donaudelta-Gebiet die Donaudelta-Pflanzen- und &#8211;Tierwelt mit allem, was sie mitbringen, wiederherstellen und versuchten zudem, das Gebiet f\u00fcr die Lokalgemeinde zug\u00e4nglich zu machen. Nicht zuletzt schenkten wir dem Beitrag dieses Gebietes zur Naturbewahrung, zum Schutz der Spezies und der naturnahen Lebensr\u00e4ume im Donaudelta eine besondere Aufmerksamkeit, damit alle Bedingungen f\u00fcr einen Reichtum an Arten bei Tieren und Pflanzen in diesem Areal geschaffen werden, wo vor den achtziger Jahren zahlreiche Spezies existiert hatten. Diese Feuchtgebiete mit einer reichen Biodiversit\u00e4t wurden nicht nur hier in Mahmudia, sondern auch in weiteren Gebieten der Donau entlang und im Donaudelta in Anbaufl\u00e4chen umgewandelt. Das Einzigartige bei diesem Projekt besteht darin, dass es die Lokalgemeinde sehr w\u00fcnschte und bei seiner Umsetzung mitmachte. Die Einwohner dieser Gebiete haben verstanden, welche Vorteile die Umwandlung einer Anbaufl\u00e4che in eine naturnahe Fl\u00e4che mit sich bringt. Es handelt sich um mehrere Touristen, mehr Fisch neben einer intensiv betriebenen Landwirtschaft.\u201c<\/em><\/p>\n<p>&#13;<br \/>\n&#13;<\/p>\n<p>&#13;<br \/>\n&#13;<\/p>\n<p>&#13;<br \/>\n&#13;<\/p>\n<p>Durch dieses Projekt wurde das hydrologische System wiederhergestellt, das allen dem Donaudelta spezifischen Pflanzen-, Vogel- und Fischarten einen naturnahen Lebensraum anbietet. 18 Arten von nat\u00fcrlichen Lebensr\u00e4umen wie Teiche, B\u00e4che und Wasserkan\u00e4le wurden wiederhergestellt und diese bieten zahlreichen Pflanzen-, Vogel- und Tierarten einen lebensnotwendigen Raum zur Ern\u00e4hrung und Reproduktion. 10 Hektar Weide und Pappel wurden bereits gepflanzt, das Areal wurde umz\u00e4unt, 20 Plakate eingebaut, die \u00fcber das richtige Umsetzen der Konservierungsma\u200e\u00dfnahmen informieren und auf die zul\u00e4ssige H\u00f6chstgeschwindigkeit im Gebiet aufmerksam machen. Die \u00f6kologische Umgestaltung soll laut Initiatoren des Projektes zu einer Wohlstandssteigerung im Donaudelta f\u00fchren, denn es wird in der Region vielf\u00e4ltige M\u00f6glichkeiten f\u00fcr wirtschaftliche T\u00e4tigkeiten und insbesondere f\u00fcr Tourismus geben.<\/p>\n<p>&#13;<br \/>\n&#13;<\/p>\n<p>&#13;<br \/>\n&#13;<\/p>\n<p>Das Projekt der Renaturierung des ehemaligen Landwirtschaftsgebiets Carasuhat beziffert sich auf 2,5 Millionen Euro und wird durch Europ\u00e4ische Fonds f\u00fcr Regionalentwicklung mitfinanziert.<\/p>\n<p>&#13;<\/p>\n","protected":false},"excerpt":{"rendered":"<p>Neulich brachte die Umweltorganisation WWF die \u00f6kologische Umgestaltung des Gebiets Carasuhat im Donaudelta zu Ende. Die somit wiederhergestellten naturnahen Lebensr\u00e4ume schaffen die perfekten Lebensbedingungen f\u00fcr zahlreiche Tier- und Pflanzenarten.<\/p>\n","protected":false},"author":2,"featured_media":636837,"comment_status":"closed","ping_status":"closed","sticky":false,"template":"","format":"standard","meta":{"_acf_changed":false,"footnotes":""},"categories":[116782],"tags":[88493,130309,99974,88492,130263,99589,100122,173479],"coauthors":[],"class_list":["post-636836","post","type-post","status-publish","format-standard","has-post-thumbnail","hentry","category-es-gruent-so-gruen-drei-minuten-fuer-die-umwelt","tag-camelia-ionescu","tag-carasuhat","tag-donaudelta","tag-mahmudia","tag-renaturierung","tag-rumaenien","tag-umwelt","tag-wwf-de"],"acf":[],"yoast_head":"<!-- This site is optimized with the Yoast SEO plugin v27.5 - https:\/\/yoast.com\/product\/yoast-seo-wordpress\/ -->\n<title>\u00d6kologische Umgestaltung: WWF Rum\u00e4nien setzt Renaturierungsprojekt im Donaudelta um - Radio Rum\u00e4nien International<\/title>\n<meta name=\"robots\" content=\"index, follow, max-snippet:-1, max-image-preview:large, max-video-preview:-1\" \/>\n<link rel=\"canonical\" href=\"https:\/\/www.rri.ro\/de\/rubriken\/es-gruent-so-gruen-drei-minuten-fuer-die-umwelt\/oekologische-umgestaltung-wwf-rumaenien-setzt-renaturierungsprojekt-im-donaudelta-um-id636836.html\" \/>\n<meta property=\"og:locale\" content=\"de_DE\" \/>\n<meta property=\"og:type\" content=\"article\" \/>\n<meta property=\"og:title\" content=\"\u00d6kologische Umgestaltung: WWF Rum\u00e4nien setzt Renaturierungsprojekt im Donaudelta um - Radio Rum\u00e4nien International\" \/>\n<meta property=\"og:description\" content=\"Neulich brachte die Umweltorganisation WWF die \u00f6kologische Umgestaltung des Gebiets Carasuhat im Donaudelta zu Ende. Die somit wiederhergestellten naturnahen Lebensr\u00e4ume schaffen die perfekten Lebensbedingungen f\u00fcr zahlreiche Tier- und Pflanzenarten.\" \/>\n<meta property=\"og:url\" content=\"https:\/\/www.rri.ro\/de\/rubriken\/es-gruent-so-gruen-drei-minuten-fuer-die-umwelt\/oekologische-umgestaltung-wwf-rumaenien-setzt-renaturierungsprojekt-im-donaudelta-um-id636836.html\" \/>\n<meta property=\"og:site_name\" content=\"Radio Rum\u00e4nien International\" \/>\n<meta property=\"article:published_time\" content=\"2015-12-14T15:45:00+00:00\" \/>\n<meta property=\"og:image\" content=\"https:\/\/www.rri.ro\/wp-content\/uploads\/2024\/02\/wwf-mahmudia-renaturare.jpg\" \/>\n\t<meta property=\"og:image:width\" content=\"640\" \/>\n\t<meta property=\"og:image:height\" content=\"480\" \/>\n\t<meta property=\"og:image:type\" content=\"image\/png\" \/>\n<meta name=\"author\" content=\"Rom\u00e2nia Interna\u021bional\" \/>\n<meta name=\"twitter:card\" content=\"summary_large_image\" \/>\n<meta name=\"twitter:label1\" content=\"Verfasst von\" \/>\n\t<meta name=\"twitter:data1\" content=\"Rom\u00e2nia Interna\u021bional\" \/>\n\t<meta name=\"twitter:label2\" content=\"Gesch\u00e4tzte Lesezeit\" \/>\n\t<meta name=\"twitter:data2\" content=\"3\u00a0Minuten\" \/>\n\t<meta name=\"twitter:label3\" content=\"Written by\" \/>\n\t<meta name=\"twitter:data3\" content=\"Rom\u00e2nia Interna\u021bional\" \/>\n<script type=\"application\/ld+json\" class=\"yoast-schema-graph\">{\"@context\":\"https:\\\/\\\/schema.org\",\"@graph\":[{\"@type\":\"Article\",\"@id\":\"https:\\\/\\\/www.rri.ro\\\/de\\\/rubriken\\\/es-gruent-so-gruen-drei-minuten-fuer-die-umwelt\\\/oekologische-umgestaltung-wwf-rumaenien-setzt-renaturierungsprojekt-im-donaudelta-um-id636836.html#article\",\"isPartOf\":{\"@id\":\"https:\\\/\\\/www.rri.ro\\\/de\\\/rubriken\\\/es-gruent-so-gruen-drei-minuten-fuer-die-umwelt\\\/oekologische-umgestaltung-wwf-rumaenien-setzt-renaturierungsprojekt-im-donaudelta-um-id636836.html\"},\"author\":{\"name\":\"Rom\u00e2nia Interna\u021bional\",\"@id\":\"https:\\\/\\\/www.rri.ro\\\/#\\\/schema\\\/person\\\/18fac491bccbfe149b92aea77ad60abd\"},\"headline\":\"\u00d6kologische Umgestaltung: WWF Rum\u00e4nien setzt Renaturierungsprojekt im Donaudelta um\",\"datePublished\":\"2015-12-14T15:45:00+00:00\",\"mainEntityOfPage\":{\"@id\":\"https:\\\/\\\/www.rri.ro\\\/de\\\/rubriken\\\/es-gruent-so-gruen-drei-minuten-fuer-die-umwelt\\\/oekologische-umgestaltung-wwf-rumaenien-setzt-renaturierungsprojekt-im-donaudelta-um-id636836.html\"},\"wordCount\":525,\"image\":{\"@id\":\"https:\\\/\\\/www.rri.ro\\\/de\\\/rubriken\\\/es-gruent-so-gruen-drei-minuten-fuer-die-umwelt\\\/oekologische-umgestaltung-wwf-rumaenien-setzt-renaturierungsprojekt-im-donaudelta-um-id636836.html#primaryimage\"},\"thumbnailUrl\":\"https:\\\/\\\/www.rri.ro\\\/wp-content\\\/uploads\\\/2024\\\/02\\\/wwf-mahmudia-renaturare.jpg\",\"keywords\":[\"Camelia Ionescu\",\"Carasuhat\",\"Donaudelta\",\"Mahmudia\",\"Renaturierung\",\"Rum\u00e4nien\",\"Umwelt\",\"WWF\"],\"articleSection\":[\"Es gr\u00fcnt so gr\u00fcn \u2013 drei Minuten f\u00fcr die Umwelt\"],\"inLanguage\":\"de\"},{\"@type\":\"WebPage\",\"@id\":\"https:\\\/\\\/www.rri.ro\\\/de\\\/rubriken\\\/es-gruent-so-gruen-drei-minuten-fuer-die-umwelt\\\/oekologische-umgestaltung-wwf-rumaenien-setzt-renaturierungsprojekt-im-donaudelta-um-id636836.html\",\"url\":\"https:\\\/\\\/www.rri.ro\\\/de\\\/rubriken\\\/es-gruent-so-gruen-drei-minuten-fuer-die-umwelt\\\/oekologische-umgestaltung-wwf-rumaenien-setzt-renaturierungsprojekt-im-donaudelta-um-id636836.html\",\"name\":\"\u00d6kologische Umgestaltung: WWF Rum\u00e4nien setzt Renaturierungsprojekt im Donaudelta um - Radio Rum\u00e4nien International\",\"isPartOf\":{\"@id\":\"https:\\\/\\\/www.rri.ro\\\/#website\"},\"primaryImageOfPage\":{\"@id\":\"https:\\\/\\\/www.rri.ro\\\/de\\\/rubriken\\\/es-gruent-so-gruen-drei-minuten-fuer-die-umwelt\\\/oekologische-umgestaltung-wwf-rumaenien-setzt-renaturierungsprojekt-im-donaudelta-um-id636836.html#primaryimage\"},\"image\":{\"@id\":\"https:\\\/\\\/www.rri.ro\\\/de\\\/rubriken\\\/es-gruent-so-gruen-drei-minuten-fuer-die-umwelt\\\/oekologische-umgestaltung-wwf-rumaenien-setzt-renaturierungsprojekt-im-donaudelta-um-id636836.html#primaryimage\"},\"thumbnailUrl\":\"https:\\\/\\\/www.rri.ro\\\/wp-content\\\/uploads\\\/2024\\\/02\\\/wwf-mahmudia-renaturare.jpg\",\"datePublished\":\"2015-12-14T15:45:00+00:00\",\"author\":{\"@id\":\"https:\\\/\\\/www.rri.ro\\\/#\\\/schema\\\/person\\\/18fac491bccbfe149b92aea77ad60abd\"},\"breadcrumb\":{\"@id\":\"https:\\\/\\\/www.rri.ro\\\/de\\\/rubriken\\\/es-gruent-so-gruen-drei-minuten-fuer-die-umwelt\\\/oekologische-umgestaltung-wwf-rumaenien-setzt-renaturierungsprojekt-im-donaudelta-um-id636836.html#breadcrumb\"},\"inLanguage\":\"de\",\"potentialAction\":[{\"@type\":\"ReadAction\",\"target\":[\"https:\\\/\\\/www.rri.ro\\\/de\\\/rubriken\\\/es-gruent-so-gruen-drei-minuten-fuer-die-umwelt\\\/oekologische-umgestaltung-wwf-rumaenien-setzt-renaturierungsprojekt-im-donaudelta-um-id636836.html\"]}]},{\"@type\":\"ImageObject\",\"inLanguage\":\"de\",\"@id\":\"https:\\\/\\\/www.rri.ro\\\/de\\\/rubriken\\\/es-gruent-so-gruen-drei-minuten-fuer-die-umwelt\\\/oekologische-umgestaltung-wwf-rumaenien-setzt-renaturierungsprojekt-im-donaudelta-um-id636836.html#primaryimage\",\"url\":\"https:\\\/\\\/www.rri.ro\\\/wp-content\\\/uploads\\\/2024\\\/02\\\/wwf-mahmudia-renaturare.jpg\",\"contentUrl\":\"https:\\\/\\\/www.rri.ro\\\/wp-content\\\/uploads\\\/2024\\\/02\\\/wwf-mahmudia-renaturare.jpg\",\"width\":640,\"height\":480},{\"@type\":\"BreadcrumbList\",\"@id\":\"https:\\\/\\\/www.rri.ro\\\/de\\\/rubriken\\\/es-gruent-so-gruen-drei-minuten-fuer-die-umwelt\\\/oekologische-umgestaltung-wwf-rumaenien-setzt-renaturierungsprojekt-im-donaudelta-um-id636836.html#breadcrumb\",\"itemListElement\":[{\"@type\":\"ListItem\",\"position\":1,\"name\":\"Startseite\",\"item\":\"https:\\\/\\\/www.rri.ro\\\/de\"},{\"@type\":\"ListItem\",\"position\":2,\"name\":\"Rubriken\",\"item\":\"https:\\\/\\\/www.rri.ro\\\/de\\\/rubriken\"},{\"@type\":\"ListItem\",\"position\":3,\"name\":\"Es gr\u00fcnt so gr\u00fcn \u2013 drei Minuten f\u00fcr die Umwelt\",\"item\":\"https:\\\/\\\/www.rri.ro\\\/de\\\/rubriken\\\/es-gruent-so-gruen-drei-minuten-fuer-die-umwelt\"},{\"@type\":\"ListItem\",\"position\":4,\"name\":\"\u00d6kologische Umgestaltung: WWF Rum\u00e4nien setzt Renaturierungsprojekt im Donaudelta um\"}]},{\"@type\":\"WebSite\",\"@id\":\"https:\\\/\\\/www.rri.ro\\\/#website\",\"url\":\"https:\\\/\\\/www.rri.ro\\\/\",\"name\":\"Radio Rum\u00e4nien International\",\"description\":\"Totul despre Rom\u00e2nia \u015fi rom\u00e2ni, \u00een 13 limbi\\\/dialecte!\",\"inLanguage\":\"de\"},{\"@type\":\"Person\",\"@id\":\"https:\\\/\\\/www.rri.ro\\\/#\\\/schema\\\/person\\\/18fac491bccbfe149b92aea77ad60abd\",\"name\":\"Rom\u00e2nia Interna\u021bional\",\"url\":\"https:\\\/\\\/www.rri.ro\\\/de\\\/author\\\/redactia\"}]}<\/script>\n<!-- \/ Yoast SEO plugin. -->","yoast_head_json":{"title":"\u00d6kologische Umgestaltung: WWF Rum\u00e4nien setzt Renaturierungsprojekt im Donaudelta um - Radio Rum\u00e4nien International","robots":{"index":"index","follow":"follow","max-snippet":"max-snippet:-1","max-image-preview":"max-image-preview:large","max-video-preview":"max-video-preview:-1"},"canonical":"https:\/\/www.rri.ro\/de\/rubriken\/es-gruent-so-gruen-drei-minuten-fuer-die-umwelt\/oekologische-umgestaltung-wwf-rumaenien-setzt-renaturierungsprojekt-im-donaudelta-um-id636836.html","og_locale":"de_DE","og_type":"article","og_title":"\u00d6kologische Umgestaltung: WWF Rum\u00e4nien setzt Renaturierungsprojekt im Donaudelta um - Radio Rum\u00e4nien International","og_description":"Neulich brachte die Umweltorganisation WWF die \u00f6kologische Umgestaltung des Gebiets Carasuhat im Donaudelta zu Ende. Die somit wiederhergestellten naturnahen Lebensr\u00e4ume schaffen die perfekten Lebensbedingungen f\u00fcr zahlreiche Tier- und Pflanzenarten.","og_url":"https:\/\/www.rri.ro\/de\/rubriken\/es-gruent-so-gruen-drei-minuten-fuer-die-umwelt\/oekologische-umgestaltung-wwf-rumaenien-setzt-renaturierungsprojekt-im-donaudelta-um-id636836.html","og_site_name":"Radio Rum\u00e4nien International","article_published_time":"2015-12-14T15:45:00+00:00","og_image":[{"width":640,"height":480,"url":"https:\/\/www.rri.ro\/wp-content\/uploads\/2024\/02\/wwf-mahmudia-renaturare.jpg","type":"image\/png"}],"author":"Rom\u00e2nia Interna\u021bional","twitter_card":"summary_large_image","twitter_misc":{"Verfasst von":"Rom\u00e2nia Interna\u021bional","Gesch\u00e4tzte Lesezeit":"3\u00a0Minuten","Written by":"Rom\u00e2nia Interna\u021bional"},"schema":{"@context":"https:\/\/schema.org","@graph":[{"@type":"Article","@id":"https:\/\/www.rri.ro\/de\/rubriken\/es-gruent-so-gruen-drei-minuten-fuer-die-umwelt\/oekologische-umgestaltung-wwf-rumaenien-setzt-renaturierungsprojekt-im-donaudelta-um-id636836.html#article","isPartOf":{"@id":"https:\/\/www.rri.ro\/de\/rubriken\/es-gruent-so-gruen-drei-minuten-fuer-die-umwelt\/oekologische-umgestaltung-wwf-rumaenien-setzt-renaturierungsprojekt-im-donaudelta-um-id636836.html"},"author":{"name":"Rom\u00e2nia Interna\u021bional","@id":"https:\/\/www.rri.ro\/#\/schema\/person\/18fac491bccbfe149b92aea77ad60abd"},"headline":"\u00d6kologische Umgestaltung: WWF Rum\u00e4nien setzt Renaturierungsprojekt im Donaudelta um","datePublished":"2015-12-14T15:45:00+00:00","mainEntityOfPage":{"@id":"https:\/\/www.rri.ro\/de\/rubriken\/es-gruent-so-gruen-drei-minuten-fuer-die-umwelt\/oekologische-umgestaltung-wwf-rumaenien-setzt-renaturierungsprojekt-im-donaudelta-um-id636836.html"},"wordCount":525,"image":{"@id":"https:\/\/www.rri.ro\/de\/rubriken\/es-gruent-so-gruen-drei-minuten-fuer-die-umwelt\/oekologische-umgestaltung-wwf-rumaenien-setzt-renaturierungsprojekt-im-donaudelta-um-id636836.html#primaryimage"},"thumbnailUrl":"https:\/\/www.rri.ro\/wp-content\/uploads\/2024\/02\/wwf-mahmudia-renaturare.jpg","keywords":["Camelia Ionescu","Carasuhat","Donaudelta","Mahmudia","Renaturierung","Rum\u00e4nien","Umwelt","WWF"],"articleSection":["Es gr\u00fcnt so gr\u00fcn \u2013 drei Minuten f\u00fcr die Umwelt"],"inLanguage":"de"},{"@type":"WebPage","@id":"https:\/\/www.rri.ro\/de\/rubriken\/es-gruent-so-gruen-drei-minuten-fuer-die-umwelt\/oekologische-umgestaltung-wwf-rumaenien-setzt-renaturierungsprojekt-im-donaudelta-um-id636836.html","url":"https:\/\/www.rri.ro\/de\/rubriken\/es-gruent-so-gruen-drei-minuten-fuer-die-umwelt\/oekologische-umgestaltung-wwf-rumaenien-setzt-renaturierungsprojekt-im-donaudelta-um-id636836.html","name":"\u00d6kologische Umgestaltung: WWF Rum\u00e4nien setzt Renaturierungsprojekt im Donaudelta um - Radio Rum\u00e4nien International","isPartOf":{"@id":"https:\/\/www.rri.ro\/#website"},"primaryImageOfPage":{"@id":"https:\/\/www.rri.ro\/de\/rubriken\/es-gruent-so-gruen-drei-minuten-fuer-die-umwelt\/oekologische-umgestaltung-wwf-rumaenien-setzt-renaturierungsprojekt-im-donaudelta-um-id636836.html#primaryimage"},"image":{"@id":"https:\/\/www.rri.ro\/de\/rubriken\/es-gruent-so-gruen-drei-minuten-fuer-die-umwelt\/oekologische-umgestaltung-wwf-rumaenien-setzt-renaturierungsprojekt-im-donaudelta-um-id636836.html#primaryimage"},"thumbnailUrl":"https:\/\/www.rri.ro\/wp-content\/uploads\/2024\/02\/wwf-mahmudia-renaturare.jpg","datePublished":"2015-12-14T15:45:00+00:00","author":{"@id":"https:\/\/www.rri.ro\/#\/schema\/person\/18fac491bccbfe149b92aea77ad60abd"},"breadcrumb":{"@id":"https:\/\/www.rri.ro\/de\/rubriken\/es-gruent-so-gruen-drei-minuten-fuer-die-umwelt\/oekologische-umgestaltung-wwf-rumaenien-setzt-renaturierungsprojekt-im-donaudelta-um-id636836.html#breadcrumb"},"inLanguage":"de","potentialAction":[{"@type":"ReadAction","target":["https:\/\/www.rri.ro\/de\/rubriken\/es-gruent-so-gruen-drei-minuten-fuer-die-umwelt\/oekologische-umgestaltung-wwf-rumaenien-setzt-renaturierungsprojekt-im-donaudelta-um-id636836.html"]}]},{"@type":"ImageObject","inLanguage":"de","@id":"https:\/\/www.rri.ro\/de\/rubriken\/es-gruent-so-gruen-drei-minuten-fuer-die-umwelt\/oekologische-umgestaltung-wwf-rumaenien-setzt-renaturierungsprojekt-im-donaudelta-um-id636836.html#primaryimage","url":"https:\/\/www.rri.ro\/wp-content\/uploads\/2024\/02\/wwf-mahmudia-renaturare.jpg","contentUrl":"https:\/\/www.rri.ro\/wp-content\/uploads\/2024\/02\/wwf-mahmudia-renaturare.jpg","width":640,"height":480},{"@type":"BreadcrumbList","@id":"https:\/\/www.rri.ro\/de\/rubriken\/es-gruent-so-gruen-drei-minuten-fuer-die-umwelt\/oekologische-umgestaltung-wwf-rumaenien-setzt-renaturierungsprojekt-im-donaudelta-um-id636836.html#breadcrumb","itemListElement":[{"@type":"ListItem","position":1,"name":"Startseite","item":"https:\/\/www.rri.ro\/de"},{"@type":"ListItem","position":2,"name":"Rubriken","item":"https:\/\/www.rri.ro\/de\/rubriken"},{"@type":"ListItem","position":3,"name":"Es gr\u00fcnt so gr\u00fcn \u2013 drei Minuten f\u00fcr die Umwelt","item":"https:\/\/www.rri.ro\/de\/rubriken\/es-gruent-so-gruen-drei-minuten-fuer-die-umwelt"},{"@type":"ListItem","position":4,"name":"\u00d6kologische Umgestaltung: WWF Rum\u00e4nien setzt Renaturierungsprojekt im Donaudelta um"}]},{"@type":"WebSite","@id":"https:\/\/www.rri.ro\/#website","url":"https:\/\/www.rri.ro\/","name":"Radio Rum\u00e4nien International","description":"Totul despre Rom\u00e2nia \u015fi rom\u00e2ni, \u00een 13 limbi\/dialecte!","inLanguage":"de"},{"@type":"Person","@id":"https:\/\/www.rri.ro\/#\/schema\/person\/18fac491bccbfe149b92aea77ad60abd","name":"Rom\u00e2nia Interna\u021bional","url":"https:\/\/www.rri.ro\/de\/author\/redactia"}]}},"_links":{"self":[{"href":"https:\/\/www.rri.ro\/de\/wp-json\/wp\/v2\/posts\/636836","targetHints":{"allow":["GET"]}}],"collection":[{"href":"https:\/\/www.rri.ro\/de\/wp-json\/wp\/v2\/posts"}],"about":[{"href":"https:\/\/www.rri.ro\/de\/wp-json\/wp\/v2\/types\/post"}],"author":[{"embeddable":true,"href":"https:\/\/www.rri.ro\/de\/wp-json\/wp\/v2\/users\/2"}],"replies":[{"embeddable":true,"href":"https:\/\/www.rri.ro\/de\/wp-json\/wp\/v2\/comments?post=636836"}],"version-history":[{"count":0,"href":"https:\/\/www.rri.ro\/de\/wp-json\/wp\/v2\/posts\/636836\/revisions"}],"wp:featuredmedia":[{"embeddable":true,"href":"https:\/\/www.rri.ro\/de\/wp-json\/wp\/v2\/media\/636837"}],"wp:attachment":[{"href":"https:\/\/www.rri.ro\/de\/wp-json\/wp\/v2\/media?parent=636836"}],"wp:term":[{"taxonomy":"category","embeddable":true,"href":"https:\/\/www.rri.ro\/de\/wp-json\/wp\/v2\/categories?post=636836"},{"taxonomy":"post_tag","embeddable":true,"href":"https:\/\/www.rri.ro\/de\/wp-json\/wp\/v2\/tags?post=636836"},{"taxonomy":"author","embeddable":true,"href":"https:\/\/www.rri.ro\/de\/wp-json\/wp\/v2\/coauthors?post=636836"}],"curies":[{"name":"wp","href":"https:\/\/api.w.org\/{rel}","templated":true}]}}