{"id":636957,"date":"2017-10-30T17:45:00","date_gmt":"2017-10-30T15:45:00","guid":{"rendered":"http:\/\/devrri.freshlemon.ro\/aktuell\/artenzaehlung-pelikane-finden-zuflucht-in-osteuropa-id636957.html"},"modified":"2017-10-30T17:45:00","modified_gmt":"2017-10-30T15:45:00","slug":"artenzaehlung-pelikane-finden-zuflucht-in-osteuropa","status":"publish","type":"post","link":"https:\/\/www.rri.ro\/de\/rubriken\/es-gruent-so-gruen-drei-minuten-fuer-die-umwelt\/artenzaehlung-pelikane-finden-zuflucht-in-osteuropa-id636957.html","title":{"rendered":"Artenz\u00e4hlung: Pelikane finden Zuflucht in Osteuropa"},"content":{"rendered":"<p>Anfang Mai hat sich die Ornithologische Gesellschaft Rum\u00e4niens an einem internationalen Projekt zur Z\u00e4hlung der Pelikane in S\u00fcdosteuropa beteiligt. Es ist zum zweiten Mal, dass eine Z\u00e4hlung der Pelikane auf dem Balkan und in Rum\u00e4nien gleichzeitig stattfindet. Die Pelikane sind Zugv\u00f6gel &#8212; sie ziehen nach Rum\u00e4nien um den Fr\u00fchlingsanfang herum und wandern zur\u00fcck in Richtung tropisches Afrika zu Herbstbeginn. Das Projekt wurde in der Brutzeit der Wasserv\u00f6gel durchgef\u00fchrt, um eine genaue Z\u00e4hlung der in diesem Teil Europas lebenden Pelikane zu erm\u00f6glichen. Beobachtet wurden etwa 118 Brutzonen der Pelikane. Der Pressesprecher der Ornithologischen Gesellschaft, Ovidiu Bufnil\u0103, bringt weitere Details:<\/p>\n<p>&#13;<br \/>\n&#13;<\/p>\n<p>&#13;<br \/>\n&#13;<\/p>\n<p><em>In Rum\u00e4nien nisten zwei Pelikanarten: der Krauskopfpelikan (Pelecanus crispus) und der gew\u00f6hnliche Pelikan (Pelecanus onocrotalus). Das sind die gr\u00f6\u200e\u00dften flugf\u00e4higen Wasserv\u00f6gel, die in Rum\u00e4nien leben, und gelten als gefiedertes Wahrzeichen des Donaudeltas. Die Biologen von der Ornithologischen Gesellschaft Rum\u00e4niens beobachteten das Donaubecken und die angrenzenden Seen, den Razelm-Sinoe-See und einen Teil des Donaudeltas. Ein weiterer Teil des Donaudeltas und des lagunenartigen Areals wurde vom Personal der Verwaltung des Biosph\u00e4re-Reservats Donaudelta beobachtet. Und wir haben gute Nachrichten, vor allem \u00fcber die gew\u00f6hnlichen Pelikane. In Rum\u00e4nien befindet sich die gr\u00f6\u200e\u00dfte Kolonie der gew\u00f6hnlichen Pelikane, und die Zahl der V\u00f6gel hat sich erh\u00f6ht: 2016 z\u00e4hlten unsere Biologen 18.633 Individuen, und 2017 wurden in der Kolonie 28.799 gew\u00f6hnliche Pelikane gesichtet. Der gro\u200e\u00dfe Unterschied zwischen den zwei Jahren kann dadurch erkl\u00e4rt werden, dass Anfang Mai die Pelikane ihre Migration noch nicht abgeschlossen hatten, sie waren noch nicht zu ihren Brutorten in der Ukraine geflogen. Das Resultat zeigt aber, dass in Rum\u00e4nien, in der \u00e4ltesten Kolonie, die von Ornithologen best\u00e4tigt wurde, die gew\u00f6hnlichen Pelikane eine  Rekordzahl erreicht haben.\u201c<\/em><\/p>\n<p>&#13;<br \/>\n&#13;<\/p>\n<p>&#13;<br \/>\n&#13;<\/p>\n<p>&#13;<br \/>\n&#13;<\/p>\n<p>Die Anzahl der Krauskopfpelikane ist in Rum\u00e4nien relativ stabil geblieben. Gelegentlich gibt es auch mehr Paare, die im Donaudelta nisten. Ovidiu Bufnil\u0103 dazu:<\/p>\n<p>&#13;<br \/>\n&#13;<\/p>\n<p>&#13;<br \/>\n&#13;<\/p>\n<p><em>Vor zwei Jahren starben leider 121 Krauskopfpelikane an Vogelgrippe in den Kolonien Ceaplace und Lejai, im Biosph\u00e4renreservat Donaudelta. Dieses Jahr z\u00e4hlten die Biologen von der Ornithologischen Gesellschaft Rum\u00e4niens und der Verwaltung des Biosph\u00e4re-Reservats Donaudelta 563 Krauskopfpelikane, im Vergleich zu 534 im letzten Jahr. Die gute Nachricht ist, dass im Jahr 2017 eine neue Kolonie mit mehreren Dutzend Krauskopfpelikanen-Paaren im n\u00f6rdlichen Teil des Donaudeltas gesichtet wurde, auf einem See im inneren Teil des Schutzgebietes Ro\u015fca Buhaiova.\u201c<\/em><\/p>\n<p>&#13;<br \/>\n&#13;<\/p>\n<p>&#13;<br \/>\n&#13;<\/p>\n<p>&#13;<br \/>\n&#13;<\/p>\n<p>Die Pelikane stehen in ganz Europa unter dem strikten Artenschutz der Berner Konvention. In West- und Mitteleuropa hat sich aber die Zahl der Pelikane drastisch verringert; einen letzten Zufluchtsort fanden sie in Osteuropa, vor allem im Donaudelta. <\/p>\n<p>&#13;<\/p>\n","protected":false},"excerpt":{"rendered":"<p>Im Monat Mai haben die Ornithologischen Gesellschaften der Balkan-Staaten eine Z\u00e4hlung der Pelikane durchgef\u00fchrt. Rum\u00e4nien hat sich, mit der gr\u00f6\u00dften Kolonie dieser Wasserv\u00f6gel europaweit, dem Projekt angeschlossen.<\/p>\n","protected":false},"author":2,"featured_media":636958,"comment_status":"closed","ping_status":"closed","sticky":false,"template":"","format":"standard","meta":{"_acf_changed":false,"footnotes":""},"categories":[116782],"tags":[118042,117993,99974,130377,130449,118225,130448],"coauthors":[],"class_list":["post-636957","post","type-post","status-publish","format-standard","has-post-thumbnail","hentry","category-es-gruent-so-gruen-drei-minuten-fuer-die-umwelt","tag-artenschutz","tag-biosphaerenreservat","tag-donaudelta","tag-nistplaetze","tag-orhnithologische-gesellschaft","tag-pelikane","tag-zuflucht"],"acf":[],"yoast_head":"<!-- This site is optimized with the Yoast SEO plugin v27.5 - https:\/\/yoast.com\/product\/yoast-seo-wordpress\/ -->\n<title>Artenz\u00e4hlung: Pelikane finden Zuflucht in Osteuropa - Radio Rum\u00e4nien International<\/title>\n<meta name=\"robots\" content=\"index, follow, max-snippet:-1, max-image-preview:large, max-video-preview:-1\" \/>\n<link rel=\"canonical\" href=\"https:\/\/www.rri.ro\/de\/rubriken\/es-gruent-so-gruen-drei-minuten-fuer-die-umwelt\/artenzaehlung-pelikane-finden-zuflucht-in-osteuropa-id636957.html\" \/>\n<meta property=\"og:locale\" content=\"de_DE\" \/>\n<meta property=\"og:type\" content=\"article\" \/>\n<meta property=\"og:title\" content=\"Artenz\u00e4hlung: Pelikane finden Zuflucht in Osteuropa - Radio Rum\u00e4nien International\" \/>\n<meta property=\"og:description\" content=\"Im Monat Mai haben die Ornithologischen Gesellschaften der Balkan-Staaten eine Z\u00e4hlung der Pelikane durchgef\u00fchrt. Rum\u00e4nien hat sich, mit der gr\u00f6\u00dften Kolonie dieser Wasserv\u00f6gel europaweit, dem Projekt angeschlossen.\" \/>\n<meta property=\"og:url\" content=\"https:\/\/www.rri.ro\/de\/rubriken\/es-gruent-so-gruen-drei-minuten-fuer-die-umwelt\/artenzaehlung-pelikane-finden-zuflucht-in-osteuropa-id636957.html\" \/>\n<meta property=\"og:site_name\" content=\"Radio Rum\u00e4nien International\" \/>\n<meta property=\"article:published_time\" content=\"2017-10-30T15:45:00+00:00\" \/>\n<meta property=\"og:image\" content=\"https:\/\/www.rri.ro\/wp-content\/uploads\/2024\/02\/pelicani-sor-mihai-baciu.jpg\" \/>\n\t<meta property=\"og:image:width\" content=\"640\" \/>\n\t<meta property=\"og:image:height\" content=\"480\" \/>\n\t<meta property=\"og:image:type\" content=\"image\/png\" \/>\n<meta name=\"author\" content=\"Rom\u00e2nia Interna\u021bional\" \/>\n<meta name=\"twitter:card\" content=\"summary_large_image\" \/>\n<meta name=\"twitter:label1\" content=\"Verfasst von\" \/>\n\t<meta name=\"twitter:data1\" content=\"Rom\u00e2nia Interna\u021bional\" \/>\n\t<meta name=\"twitter:label2\" content=\"Gesch\u00e4tzte Lesezeit\" \/>\n\t<meta name=\"twitter:data2\" content=\"2\u00a0Minuten\" \/>\n\t<meta name=\"twitter:label3\" content=\"Written by\" \/>\n\t<meta name=\"twitter:data3\" content=\"Rom\u00e2nia Interna\u021bional\" \/>\n<script type=\"application\/ld+json\" class=\"yoast-schema-graph\">{\"@context\":\"https:\\\/\\\/schema.org\",\"@graph\":[{\"@type\":\"Article\",\"@id\":\"https:\\\/\\\/www.rri.ro\\\/de\\\/rubriken\\\/es-gruent-so-gruen-drei-minuten-fuer-die-umwelt\\\/artenzaehlung-pelikane-finden-zuflucht-in-osteuropa-id636957.html#article\",\"isPartOf\":{\"@id\":\"https:\\\/\\\/www.rri.ro\\\/de\\\/rubriken\\\/es-gruent-so-gruen-drei-minuten-fuer-die-umwelt\\\/artenzaehlung-pelikane-finden-zuflucht-in-osteuropa-id636957.html\"},\"author\":{\"name\":\"Rom\u00e2nia Interna\u021bional\",\"@id\":\"https:\\\/\\\/www.rri.ro\\\/#\\\/schema\\\/person\\\/18fac491bccbfe149b92aea77ad60abd\"},\"headline\":\"Artenz\u00e4hlung: Pelikane finden Zuflucht in Osteuropa\",\"datePublished\":\"2017-10-30T15:45:00+00:00\",\"mainEntityOfPage\":{\"@id\":\"https:\\\/\\\/www.rri.ro\\\/de\\\/rubriken\\\/es-gruent-so-gruen-drei-minuten-fuer-die-umwelt\\\/artenzaehlung-pelikane-finden-zuflucht-in-osteuropa-id636957.html\"},\"wordCount\":444,\"image\":{\"@id\":\"https:\\\/\\\/www.rri.ro\\\/de\\\/rubriken\\\/es-gruent-so-gruen-drei-minuten-fuer-die-umwelt\\\/artenzaehlung-pelikane-finden-zuflucht-in-osteuropa-id636957.html#primaryimage\"},\"thumbnailUrl\":\"https:\\\/\\\/www.rri.ro\\\/wp-content\\\/uploads\\\/2024\\\/02\\\/pelicani-sor-mihai-baciu.jpg\",\"keywords\":[\"Artenschutz\",\"Biosph\u00e4renreservat\",\"Donaudelta\",\"Nistpl\u00e4tze\",\"Orhnithologische Gesellschaft\",\"Pelikane\",\"Zuflucht\"],\"articleSection\":[\"Es gr\u00fcnt so gr\u00fcn \u2013 drei Minuten f\u00fcr die Umwelt\"],\"inLanguage\":\"de\"},{\"@type\":\"WebPage\",\"@id\":\"https:\\\/\\\/www.rri.ro\\\/de\\\/rubriken\\\/es-gruent-so-gruen-drei-minuten-fuer-die-umwelt\\\/artenzaehlung-pelikane-finden-zuflucht-in-osteuropa-id636957.html\",\"url\":\"https:\\\/\\\/www.rri.ro\\\/de\\\/rubriken\\\/es-gruent-so-gruen-drei-minuten-fuer-die-umwelt\\\/artenzaehlung-pelikane-finden-zuflucht-in-osteuropa-id636957.html\",\"name\":\"Artenz\u00e4hlung: Pelikane finden Zuflucht in Osteuropa - Radio Rum\u00e4nien International\",\"isPartOf\":{\"@id\":\"https:\\\/\\\/www.rri.ro\\\/#website\"},\"primaryImageOfPage\":{\"@id\":\"https:\\\/\\\/www.rri.ro\\\/de\\\/rubriken\\\/es-gruent-so-gruen-drei-minuten-fuer-die-umwelt\\\/artenzaehlung-pelikane-finden-zuflucht-in-osteuropa-id636957.html#primaryimage\"},\"image\":{\"@id\":\"https:\\\/\\\/www.rri.ro\\\/de\\\/rubriken\\\/es-gruent-so-gruen-drei-minuten-fuer-die-umwelt\\\/artenzaehlung-pelikane-finden-zuflucht-in-osteuropa-id636957.html#primaryimage\"},\"thumbnailUrl\":\"https:\\\/\\\/www.rri.ro\\\/wp-content\\\/uploads\\\/2024\\\/02\\\/pelicani-sor-mihai-baciu.jpg\",\"datePublished\":\"2017-10-30T15:45:00+00:00\",\"author\":{\"@id\":\"https:\\\/\\\/www.rri.ro\\\/#\\\/schema\\\/person\\\/18fac491bccbfe149b92aea77ad60abd\"},\"breadcrumb\":{\"@id\":\"https:\\\/\\\/www.rri.ro\\\/de\\\/rubriken\\\/es-gruent-so-gruen-drei-minuten-fuer-die-umwelt\\\/artenzaehlung-pelikane-finden-zuflucht-in-osteuropa-id636957.html#breadcrumb\"},\"inLanguage\":\"de\",\"potentialAction\":[{\"@type\":\"ReadAction\",\"target\":[\"https:\\\/\\\/www.rri.ro\\\/de\\\/rubriken\\\/es-gruent-so-gruen-drei-minuten-fuer-die-umwelt\\\/artenzaehlung-pelikane-finden-zuflucht-in-osteuropa-id636957.html\"]}]},{\"@type\":\"ImageObject\",\"inLanguage\":\"de\",\"@id\":\"https:\\\/\\\/www.rri.ro\\\/de\\\/rubriken\\\/es-gruent-so-gruen-drei-minuten-fuer-die-umwelt\\\/artenzaehlung-pelikane-finden-zuflucht-in-osteuropa-id636957.html#primaryimage\",\"url\":\"https:\\\/\\\/www.rri.ro\\\/wp-content\\\/uploads\\\/2024\\\/02\\\/pelicani-sor-mihai-baciu.jpg\",\"contentUrl\":\"https:\\\/\\\/www.rri.ro\\\/wp-content\\\/uploads\\\/2024\\\/02\\\/pelicani-sor-mihai-baciu.jpg\",\"width\":640,\"height\":480},{\"@type\":\"BreadcrumbList\",\"@id\":\"https:\\\/\\\/www.rri.ro\\\/de\\\/rubriken\\\/es-gruent-so-gruen-drei-minuten-fuer-die-umwelt\\\/artenzaehlung-pelikane-finden-zuflucht-in-osteuropa-id636957.html#breadcrumb\",\"itemListElement\":[{\"@type\":\"ListItem\",\"position\":1,\"name\":\"Startseite\",\"item\":\"https:\\\/\\\/www.rri.ro\\\/de\"},{\"@type\":\"ListItem\",\"position\":2,\"name\":\"Rubriken\",\"item\":\"https:\\\/\\\/www.rri.ro\\\/de\\\/rubriken\"},{\"@type\":\"ListItem\",\"position\":3,\"name\":\"Es gr\u00fcnt so gr\u00fcn \u2013 drei Minuten f\u00fcr die Umwelt\",\"item\":\"https:\\\/\\\/www.rri.ro\\\/de\\\/rubriken\\\/es-gruent-so-gruen-drei-minuten-fuer-die-umwelt\"},{\"@type\":\"ListItem\",\"position\":4,\"name\":\"Artenz\u00e4hlung: Pelikane finden Zuflucht in Osteuropa\"}]},{\"@type\":\"WebSite\",\"@id\":\"https:\\\/\\\/www.rri.ro\\\/#website\",\"url\":\"https:\\\/\\\/www.rri.ro\\\/\",\"name\":\"Radio Rum\u00e4nien International\",\"description\":\"Totul despre Rom\u00e2nia \u015fi rom\u00e2ni, \u00een 13 limbi\\\/dialecte!\",\"inLanguage\":\"de\"},{\"@type\":\"Person\",\"@id\":\"https:\\\/\\\/www.rri.ro\\\/#\\\/schema\\\/person\\\/18fac491bccbfe149b92aea77ad60abd\",\"name\":\"Rom\u00e2nia Interna\u021bional\",\"url\":\"https:\\\/\\\/www.rri.ro\\\/de\\\/author\\\/redactia\"}]}<\/script>\n<!-- \/ Yoast SEO plugin. -->","yoast_head_json":{"title":"Artenz\u00e4hlung: Pelikane finden Zuflucht in Osteuropa - Radio Rum\u00e4nien International","robots":{"index":"index","follow":"follow","max-snippet":"max-snippet:-1","max-image-preview":"max-image-preview:large","max-video-preview":"max-video-preview:-1"},"canonical":"https:\/\/www.rri.ro\/de\/rubriken\/es-gruent-so-gruen-drei-minuten-fuer-die-umwelt\/artenzaehlung-pelikane-finden-zuflucht-in-osteuropa-id636957.html","og_locale":"de_DE","og_type":"article","og_title":"Artenz\u00e4hlung: Pelikane finden Zuflucht in Osteuropa - Radio Rum\u00e4nien International","og_description":"Im Monat Mai haben die Ornithologischen Gesellschaften der Balkan-Staaten eine Z\u00e4hlung der Pelikane durchgef\u00fchrt. Rum\u00e4nien hat sich, mit der gr\u00f6\u00dften Kolonie dieser Wasserv\u00f6gel europaweit, dem Projekt angeschlossen.","og_url":"https:\/\/www.rri.ro\/de\/rubriken\/es-gruent-so-gruen-drei-minuten-fuer-die-umwelt\/artenzaehlung-pelikane-finden-zuflucht-in-osteuropa-id636957.html","og_site_name":"Radio Rum\u00e4nien International","article_published_time":"2017-10-30T15:45:00+00:00","og_image":[{"width":640,"height":480,"url":"https:\/\/www.rri.ro\/wp-content\/uploads\/2024\/02\/pelicani-sor-mihai-baciu.jpg","type":"image\/png"}],"author":"Rom\u00e2nia Interna\u021bional","twitter_card":"summary_large_image","twitter_misc":{"Verfasst von":"Rom\u00e2nia Interna\u021bional","Gesch\u00e4tzte Lesezeit":"2\u00a0Minuten","Written by":"Rom\u00e2nia Interna\u021bional"},"schema":{"@context":"https:\/\/schema.org","@graph":[{"@type":"Article","@id":"https:\/\/www.rri.ro\/de\/rubriken\/es-gruent-so-gruen-drei-minuten-fuer-die-umwelt\/artenzaehlung-pelikane-finden-zuflucht-in-osteuropa-id636957.html#article","isPartOf":{"@id":"https:\/\/www.rri.ro\/de\/rubriken\/es-gruent-so-gruen-drei-minuten-fuer-die-umwelt\/artenzaehlung-pelikane-finden-zuflucht-in-osteuropa-id636957.html"},"author":{"name":"Rom\u00e2nia Interna\u021bional","@id":"https:\/\/www.rri.ro\/#\/schema\/person\/18fac491bccbfe149b92aea77ad60abd"},"headline":"Artenz\u00e4hlung: Pelikane finden Zuflucht in Osteuropa","datePublished":"2017-10-30T15:45:00+00:00","mainEntityOfPage":{"@id":"https:\/\/www.rri.ro\/de\/rubriken\/es-gruent-so-gruen-drei-minuten-fuer-die-umwelt\/artenzaehlung-pelikane-finden-zuflucht-in-osteuropa-id636957.html"},"wordCount":444,"image":{"@id":"https:\/\/www.rri.ro\/de\/rubriken\/es-gruent-so-gruen-drei-minuten-fuer-die-umwelt\/artenzaehlung-pelikane-finden-zuflucht-in-osteuropa-id636957.html#primaryimage"},"thumbnailUrl":"https:\/\/www.rri.ro\/wp-content\/uploads\/2024\/02\/pelicani-sor-mihai-baciu.jpg","keywords":["Artenschutz","Biosph\u00e4renreservat","Donaudelta","Nistpl\u00e4tze","Orhnithologische Gesellschaft","Pelikane","Zuflucht"],"articleSection":["Es gr\u00fcnt so gr\u00fcn \u2013 drei Minuten f\u00fcr die Umwelt"],"inLanguage":"de"},{"@type":"WebPage","@id":"https:\/\/www.rri.ro\/de\/rubriken\/es-gruent-so-gruen-drei-minuten-fuer-die-umwelt\/artenzaehlung-pelikane-finden-zuflucht-in-osteuropa-id636957.html","url":"https:\/\/www.rri.ro\/de\/rubriken\/es-gruent-so-gruen-drei-minuten-fuer-die-umwelt\/artenzaehlung-pelikane-finden-zuflucht-in-osteuropa-id636957.html","name":"Artenz\u00e4hlung: Pelikane finden Zuflucht in Osteuropa - Radio Rum\u00e4nien International","isPartOf":{"@id":"https:\/\/www.rri.ro\/#website"},"primaryImageOfPage":{"@id":"https:\/\/www.rri.ro\/de\/rubriken\/es-gruent-so-gruen-drei-minuten-fuer-die-umwelt\/artenzaehlung-pelikane-finden-zuflucht-in-osteuropa-id636957.html#primaryimage"},"image":{"@id":"https:\/\/www.rri.ro\/de\/rubriken\/es-gruent-so-gruen-drei-minuten-fuer-die-umwelt\/artenzaehlung-pelikane-finden-zuflucht-in-osteuropa-id636957.html#primaryimage"},"thumbnailUrl":"https:\/\/www.rri.ro\/wp-content\/uploads\/2024\/02\/pelicani-sor-mihai-baciu.jpg","datePublished":"2017-10-30T15:45:00+00:00","author":{"@id":"https:\/\/www.rri.ro\/#\/schema\/person\/18fac491bccbfe149b92aea77ad60abd"},"breadcrumb":{"@id":"https:\/\/www.rri.ro\/de\/rubriken\/es-gruent-so-gruen-drei-minuten-fuer-die-umwelt\/artenzaehlung-pelikane-finden-zuflucht-in-osteuropa-id636957.html#breadcrumb"},"inLanguage":"de","potentialAction":[{"@type":"ReadAction","target":["https:\/\/www.rri.ro\/de\/rubriken\/es-gruent-so-gruen-drei-minuten-fuer-die-umwelt\/artenzaehlung-pelikane-finden-zuflucht-in-osteuropa-id636957.html"]}]},{"@type":"ImageObject","inLanguage":"de","@id":"https:\/\/www.rri.ro\/de\/rubriken\/es-gruent-so-gruen-drei-minuten-fuer-die-umwelt\/artenzaehlung-pelikane-finden-zuflucht-in-osteuropa-id636957.html#primaryimage","url":"https:\/\/www.rri.ro\/wp-content\/uploads\/2024\/02\/pelicani-sor-mihai-baciu.jpg","contentUrl":"https:\/\/www.rri.ro\/wp-content\/uploads\/2024\/02\/pelicani-sor-mihai-baciu.jpg","width":640,"height":480},{"@type":"BreadcrumbList","@id":"https:\/\/www.rri.ro\/de\/rubriken\/es-gruent-so-gruen-drei-minuten-fuer-die-umwelt\/artenzaehlung-pelikane-finden-zuflucht-in-osteuropa-id636957.html#breadcrumb","itemListElement":[{"@type":"ListItem","position":1,"name":"Startseite","item":"https:\/\/www.rri.ro\/de"},{"@type":"ListItem","position":2,"name":"Rubriken","item":"https:\/\/www.rri.ro\/de\/rubriken"},{"@type":"ListItem","position":3,"name":"Es gr\u00fcnt so gr\u00fcn \u2013 drei Minuten f\u00fcr die Umwelt","item":"https:\/\/www.rri.ro\/de\/rubriken\/es-gruent-so-gruen-drei-minuten-fuer-die-umwelt"},{"@type":"ListItem","position":4,"name":"Artenz\u00e4hlung: Pelikane finden Zuflucht in Osteuropa"}]},{"@type":"WebSite","@id":"https:\/\/www.rri.ro\/#website","url":"https:\/\/www.rri.ro\/","name":"Radio Rum\u00e4nien International","description":"Totul despre Rom\u00e2nia \u015fi rom\u00e2ni, \u00een 13 limbi\/dialecte!","inLanguage":"de"},{"@type":"Person","@id":"https:\/\/www.rri.ro\/#\/schema\/person\/18fac491bccbfe149b92aea77ad60abd","name":"Rom\u00e2nia Interna\u021bional","url":"https:\/\/www.rri.ro\/de\/author\/redactia"}]}},"_links":{"self":[{"href":"https:\/\/www.rri.ro\/de\/wp-json\/wp\/v2\/posts\/636957","targetHints":{"allow":["GET"]}}],"collection":[{"href":"https:\/\/www.rri.ro\/de\/wp-json\/wp\/v2\/posts"}],"about":[{"href":"https:\/\/www.rri.ro\/de\/wp-json\/wp\/v2\/types\/post"}],"author":[{"embeddable":true,"href":"https:\/\/www.rri.ro\/de\/wp-json\/wp\/v2\/users\/2"}],"replies":[{"embeddable":true,"href":"https:\/\/www.rri.ro\/de\/wp-json\/wp\/v2\/comments?post=636957"}],"version-history":[{"count":0,"href":"https:\/\/www.rri.ro\/de\/wp-json\/wp\/v2\/posts\/636957\/revisions"}],"wp:featuredmedia":[{"embeddable":true,"href":"https:\/\/www.rri.ro\/de\/wp-json\/wp\/v2\/media\/636958"}],"wp:attachment":[{"href":"https:\/\/www.rri.ro\/de\/wp-json\/wp\/v2\/media?parent=636957"}],"wp:term":[{"taxonomy":"category","embeddable":true,"href":"https:\/\/www.rri.ro\/de\/wp-json\/wp\/v2\/categories?post=636957"},{"taxonomy":"post_tag","embeddable":true,"href":"https:\/\/www.rri.ro\/de\/wp-json\/wp\/v2\/tags?post=636957"},{"taxonomy":"author","embeddable":true,"href":"https:\/\/www.rri.ro\/de\/wp-json\/wp\/v2\/coauthors?post=636957"}],"curies":[{"name":"wp","href":"https:\/\/api.w.org\/{rel}","templated":true}]}}