{"id":637033,"date":"2019-06-17T18:00:00","date_gmt":"2019-06-17T15:00:00","guid":{"rendered":"http:\/\/devrri.freshlemon.ro\/aktuell\/verein-lets-do-it-romania-stellt-buch-zum-10-jaehrigen-jubilaeum-vor-id637033.html"},"modified":"2019-06-17T18:00:00","modified_gmt":"2019-06-17T15:00:00","slug":"verein-lets-do-it-romania-stellt-buch-zum-10-jaehrigen-jubilaeum-vor","status":"publish","type":"post","link":"https:\/\/www.rri.ro\/de\/rubriken\/es-gruent-so-gruen-drei-minuten-fuer-die-umwelt\/verein-lets-do-it-romania-stellt-buch-zum-10-jaehrigen-jubilaeum-vor-id637033.html","title":{"rendered":"Verein \u201eLet\u2019s do it, Romania\u201c stellt Buch zum 10-j\u00e4hrigen Jubil\u00e4um vor"},"content":{"rendered":"<p>Dabei geht es nicht  nur um das gr\u00f6\u200e\u00dfte Abfallsammlungsprojekt Rum\u00e4niens, sondern auch um die gr\u00f6\u200e\u00dfte Freiwilligenkampagne \u00fcberhaupt.<\/p>\n<p>&#13;<br \/>\n&#13;<\/p>\n<p>&#13;<br \/>\n&#13;<\/p>\n<p>Zu diesem Anlass haben die Leute hinter dem Projekt unl\u00e4ngst auch ein Buch herausgegeben, das eine Bilanz der letzten zehn Jahre zieht &#8212; wie viele Menschen haben daran gewirkt, wie haben sie sich organisiert, welche Ergebnisse hatten sie? Seit 2009 und bis heute wurden \u00fcberall im Land Abf\u00e4lle aller Art gesammelt &#8212; Plastik, Altglas, Textilien, Metall und Haushaltsabf\u00e4lle. Wurden am Anfang davon nur 17% recycelt, stieg der Anteil bei der j\u00fcngsten Auflage von 2018 auf 45%, sagt die PR-Managerin der Kampagne, Anamaria H\u00e2ncu:<\/p>\n<p>&#13;<br \/>\n&#13;<\/p>\n<p>&#13;<br \/>\n&#13;<\/p>\n<p><em>Aus diesem Buch k\u00f6nnen Unterst\u00fctzer oder einfach nur interessierte B\u00fcrger \u00fcber die verschiedenen Etappen des Projekts erfahren &#8212; von den Anf\u00e4ngen, als wir nicht wussten, ob und wie die Idee umsetzbar ist, und bis letztes Jahr. Als wir loslegten, wussten und vertrauten viele nicht, dass so etwas machbar ist in Rum\u00e4nien. Und im Buch haben wir au\u200e\u00dferdem die Geschichten der Menschen in den vielen Teams in Bukarest und im Land erz\u00e4hlt, was sie motiviert hat, weiterzumachen.\u201c<\/em><\/p>\n<p>&#13;<br \/>\n&#13;<\/p>\n<p>&#13;<br \/>\n&#13;<\/p>\n<p>&#13;<br \/>\n&#13;<\/p>\n<p>50 Firmen unterst\u00fctzen die Initiative, die jeden September viele Tausende &#8212; Kinder, Jugendliche, Erwachsene jeden Alters &#8212; am Tag der Reinigungsaktion zusammenbringt, sagt Anamaria H\u00e2ncu weiter:<\/p>\n<p>&#13;<br \/>\n&#13;<\/p>\n<p>&#13;<br \/>\n&#13;<\/p>\n<p><em>Am Anfang waren 200.000 Freiwillige beteiligt, \u00fcber die Jahre hinweg waren es 1,8 Millionen insgesamt &#8212; und ich meine dabei nur diejenigen, die konkret Abf\u00e4lle gesammelt haben. Denn viele weitere tausende Leute haben an der Organisationsarbeit mitgemacht. Das Projekt entstand, als einige Leute sich entschieden, es nicht bei ihrer Unzufriedenheit bleiben zu lassen und Hand anzulegen, um etwas zu ver\u00e4ndern. Uns st\u00f6rten die Abf\u00e4lle in der Natur und wollten helfen. Auf Youtube sahen wir einen Film aus Estland, wo 50.000 Freiwillige an einem Tag sauber machten, und haben uns gedacht, das machen wir jetzt auch bei uns.\u201c<\/em><\/p>\n<p>&#13;<br \/>\n&#13;<\/p>\n<p>&#13;<br \/>\n&#13;<\/p>\n<p>&#13;<br \/>\n&#13;<\/p>\n<p>Rum\u00e4nien ist Teil des internationalen Netzes Let\u2018s do it World\u201c, an dem heute Millionen Freiwillige in 150 L\u00e4ndern Abf\u00e4lle in der Natur sammeln.<\/p>\n<p>&#13;<\/p>\n","protected":false},"excerpt":{"rendered":"<p>In Rum\u00e4nien feiert  ein einzigartiges Projekt sein 10-j\u00e4hriges Jubil\u00e4um: Lets do it, Romania!\u201c, zu Deutsch in etwa Lasst uns die Sache anpacken!\u201c.<\/p>\n","protected":false},"author":2,"featured_media":415328,"comment_status":"closed","ping_status":"closed","sticky":false,"template":"","format":"standard","meta":{"_acf_changed":false,"footnotes":""},"categories":[116782],"tags":[130511,130512,105159,101388,33970,19347,99589,100040],"coauthors":[],"class_list":["post-637033","post","type-post","status-publish","format-standard","has-post-thumbnail","hentry","category-es-gruent-so-gruen-drei-minuten-fuer-die-umwelt","tag-abfallsammlung","tag-anamaria-hancu","tag-freiwillige","tag-jubilaeum","tag-lets-do-it","tag-romania","tag-rumaenien","tag-umweltschutz"],"acf":[],"yoast_head":"<!-- This site is optimized with the Yoast SEO plugin v27.5 - https:\/\/yoast.com\/product\/yoast-seo-wordpress\/ -->\n<title>Verein \u201eLet\u2019s do it, Romania\u201c stellt Buch zum 10-j\u00e4hrigen Jubil\u00e4um vor - Radio Rum\u00e4nien International<\/title>\n<meta name=\"robots\" content=\"index, follow, max-snippet:-1, max-image-preview:large, max-video-preview:-1\" \/>\n<link rel=\"canonical\" href=\"https:\/\/www.rri.ro\/de\/rubriken\/es-gruent-so-gruen-drei-minuten-fuer-die-umwelt\/verein-lets-do-it-romania-stellt-buch-zum-10-jaehrigen-jubilaeum-vor-id637033.html\" \/>\n<meta property=\"og:locale\" content=\"de_DE\" \/>\n<meta property=\"og:type\" content=\"article\" \/>\n<meta property=\"og:title\" content=\"Verein \u201eLet\u2019s do it, Romania\u201c stellt Buch zum 10-j\u00e4hrigen Jubil\u00e4um vor - Radio Rum\u00e4nien International\" \/>\n<meta property=\"og:description\" content=\"In Rum\u00e4nien feiert ein einzigartiges Projekt sein 10-j\u00e4hriges Jubil\u00e4um: Lets do it, Romania!\u201c, zu Deutsch in etwa Lasst uns die Sache anpacken!\u201c.\" \/>\n<meta property=\"og:url\" content=\"https:\/\/www.rri.ro\/de\/rubriken\/es-gruent-so-gruen-drei-minuten-fuer-die-umwelt\/verein-lets-do-it-romania-stellt-buch-zum-10-jaehrigen-jubilaeum-vor-id637033.html\" \/>\n<meta property=\"og:site_name\" content=\"Radio Rum\u00e4nien International\" \/>\n<meta property=\"article:published_time\" content=\"2019-06-17T15:00:00+00:00\" \/>\n<meta property=\"og:image\" content=\"https:\/\/www.rri.ro\/wp-content\/uploads\/2023\/10\/lansare-carte-lets-do-it-ro-sursa-fb-letsdoitro.jpg\" \/>\n\t<meta property=\"og:image:width\" content=\"640\" \/>\n\t<meta property=\"og:image:height\" content=\"514\" \/>\n\t<meta property=\"og:image:type\" content=\"image\/jpeg\" \/>\n<meta name=\"author\" content=\"Rom\u00e2nia Interna\u021bional\" \/>\n<meta name=\"twitter:card\" content=\"summary_large_image\" \/>\n<meta name=\"twitter:label1\" content=\"Verfasst von\" \/>\n\t<meta name=\"twitter:data1\" content=\"Rom\u00e2nia Interna\u021bional\" \/>\n\t<meta name=\"twitter:label2\" content=\"Gesch\u00e4tzte Lesezeit\" \/>\n\t<meta name=\"twitter:data2\" content=\"2\u00a0Minuten\" \/>\n\t<meta name=\"twitter:label3\" content=\"Written by\" \/>\n\t<meta name=\"twitter:data3\" content=\"Rom\u00e2nia Interna\u021bional\" \/>\n<script type=\"application\/ld+json\" class=\"yoast-schema-graph\">{\"@context\":\"https:\\\/\\\/schema.org\",\"@graph\":[{\"@type\":\"Article\",\"@id\":\"https:\\\/\\\/www.rri.ro\\\/de\\\/rubriken\\\/es-gruent-so-gruen-drei-minuten-fuer-die-umwelt\\\/verein-lets-do-it-romania-stellt-buch-zum-10-jaehrigen-jubilaeum-vor-id637033.html#article\",\"isPartOf\":{\"@id\":\"https:\\\/\\\/www.rri.ro\\\/de\\\/rubriken\\\/es-gruent-so-gruen-drei-minuten-fuer-die-umwelt\\\/verein-lets-do-it-romania-stellt-buch-zum-10-jaehrigen-jubilaeum-vor-id637033.html\"},\"author\":{\"name\":\"Rom\u00e2nia Interna\u021bional\",\"@id\":\"https:\\\/\\\/www.rri.ro\\\/#\\\/schema\\\/person\\\/18fac491bccbfe149b92aea77ad60abd\"},\"headline\":\"Verein \u201eLet\u2019s do it, Romania\u201c stellt Buch zum 10-j\u00e4hrigen Jubil\u00e4um vor\",\"datePublished\":\"2019-06-17T15:00:00+00:00\",\"mainEntityOfPage\":{\"@id\":\"https:\\\/\\\/www.rri.ro\\\/de\\\/rubriken\\\/es-gruent-so-gruen-drei-minuten-fuer-die-umwelt\\\/verein-lets-do-it-romania-stellt-buch-zum-10-jaehrigen-jubilaeum-vor-id637033.html\"},\"wordCount\":352,\"image\":{\"@id\":\"https:\\\/\\\/www.rri.ro\\\/de\\\/rubriken\\\/es-gruent-so-gruen-drei-minuten-fuer-die-umwelt\\\/verein-lets-do-it-romania-stellt-buch-zum-10-jaehrigen-jubilaeum-vor-id637033.html#primaryimage\"},\"thumbnailUrl\":\"https:\\\/\\\/www.rri.ro\\\/wp-content\\\/uploads\\\/2023\\\/10\\\/lansare-carte-lets-do-it-ro-sursa-fb-letsdoitro.jpg\",\"keywords\":[\"Abfallsammlung\",\"Anamaria Hancu\",\"Freiwillige\",\"Jubil\u00e4um\",\"Let's Do it\",\"Romania\",\"Rum\u00e4nien\",\"Umweltschutz\"],\"articleSection\":[\"Es gr\u00fcnt so gr\u00fcn \u2013 drei Minuten f\u00fcr die Umwelt\"],\"inLanguage\":\"de\"},{\"@type\":\"WebPage\",\"@id\":\"https:\\\/\\\/www.rri.ro\\\/de\\\/rubriken\\\/es-gruent-so-gruen-drei-minuten-fuer-die-umwelt\\\/verein-lets-do-it-romania-stellt-buch-zum-10-jaehrigen-jubilaeum-vor-id637033.html\",\"url\":\"https:\\\/\\\/www.rri.ro\\\/de\\\/rubriken\\\/es-gruent-so-gruen-drei-minuten-fuer-die-umwelt\\\/verein-lets-do-it-romania-stellt-buch-zum-10-jaehrigen-jubilaeum-vor-id637033.html\",\"name\":\"Verein \u201eLet\u2019s do it, Romania\u201c stellt Buch zum 10-j\u00e4hrigen Jubil\u00e4um vor - Radio Rum\u00e4nien International\",\"isPartOf\":{\"@id\":\"https:\\\/\\\/www.rri.ro\\\/#website\"},\"primaryImageOfPage\":{\"@id\":\"https:\\\/\\\/www.rri.ro\\\/de\\\/rubriken\\\/es-gruent-so-gruen-drei-minuten-fuer-die-umwelt\\\/verein-lets-do-it-romania-stellt-buch-zum-10-jaehrigen-jubilaeum-vor-id637033.html#primaryimage\"},\"image\":{\"@id\":\"https:\\\/\\\/www.rri.ro\\\/de\\\/rubriken\\\/es-gruent-so-gruen-drei-minuten-fuer-die-umwelt\\\/verein-lets-do-it-romania-stellt-buch-zum-10-jaehrigen-jubilaeum-vor-id637033.html#primaryimage\"},\"thumbnailUrl\":\"https:\\\/\\\/www.rri.ro\\\/wp-content\\\/uploads\\\/2023\\\/10\\\/lansare-carte-lets-do-it-ro-sursa-fb-letsdoitro.jpg\",\"datePublished\":\"2019-06-17T15:00:00+00:00\",\"author\":{\"@id\":\"https:\\\/\\\/www.rri.ro\\\/#\\\/schema\\\/person\\\/18fac491bccbfe149b92aea77ad60abd\"},\"breadcrumb\":{\"@id\":\"https:\\\/\\\/www.rri.ro\\\/de\\\/rubriken\\\/es-gruent-so-gruen-drei-minuten-fuer-die-umwelt\\\/verein-lets-do-it-romania-stellt-buch-zum-10-jaehrigen-jubilaeum-vor-id637033.html#breadcrumb\"},\"inLanguage\":\"de\",\"potentialAction\":[{\"@type\":\"ReadAction\",\"target\":[\"https:\\\/\\\/www.rri.ro\\\/de\\\/rubriken\\\/es-gruent-so-gruen-drei-minuten-fuer-die-umwelt\\\/verein-lets-do-it-romania-stellt-buch-zum-10-jaehrigen-jubilaeum-vor-id637033.html\"]}]},{\"@type\":\"ImageObject\",\"inLanguage\":\"de\",\"@id\":\"https:\\\/\\\/www.rri.ro\\\/de\\\/rubriken\\\/es-gruent-so-gruen-drei-minuten-fuer-die-umwelt\\\/verein-lets-do-it-romania-stellt-buch-zum-10-jaehrigen-jubilaeum-vor-id637033.html#primaryimage\",\"url\":\"https:\\\/\\\/www.rri.ro\\\/wp-content\\\/uploads\\\/2023\\\/10\\\/lansare-carte-lets-do-it-ro-sursa-fb-letsdoitro.jpg\",\"contentUrl\":\"https:\\\/\\\/www.rri.ro\\\/wp-content\\\/uploads\\\/2023\\\/10\\\/lansare-carte-lets-do-it-ro-sursa-fb-letsdoitro.jpg\",\"width\":640,\"height\":514},{\"@type\":\"BreadcrumbList\",\"@id\":\"https:\\\/\\\/www.rri.ro\\\/de\\\/rubriken\\\/es-gruent-so-gruen-drei-minuten-fuer-die-umwelt\\\/verein-lets-do-it-romania-stellt-buch-zum-10-jaehrigen-jubilaeum-vor-id637033.html#breadcrumb\",\"itemListElement\":[{\"@type\":\"ListItem\",\"position\":1,\"name\":\"Startseite\",\"item\":\"https:\\\/\\\/www.rri.ro\\\/de\"},{\"@type\":\"ListItem\",\"position\":2,\"name\":\"Rubriken\",\"item\":\"https:\\\/\\\/www.rri.ro\\\/de\\\/rubriken\"},{\"@type\":\"ListItem\",\"position\":3,\"name\":\"Es gr\u00fcnt so gr\u00fcn \u2013 drei Minuten f\u00fcr die Umwelt\",\"item\":\"https:\\\/\\\/www.rri.ro\\\/de\\\/rubriken\\\/es-gruent-so-gruen-drei-minuten-fuer-die-umwelt\"},{\"@type\":\"ListItem\",\"position\":4,\"name\":\"Verein \u201eLet\u2019s do it, Romania\u201c stellt Buch zum 10-j\u00e4hrigen Jubil\u00e4um vor\"}]},{\"@type\":\"WebSite\",\"@id\":\"https:\\\/\\\/www.rri.ro\\\/#website\",\"url\":\"https:\\\/\\\/www.rri.ro\\\/\",\"name\":\"Radio Rum\u00e4nien International\",\"description\":\"Totul despre Rom\u00e2nia \u015fi rom\u00e2ni, \u00een 13 limbi\\\/dialecte!\",\"inLanguage\":\"de\"},{\"@type\":\"Person\",\"@id\":\"https:\\\/\\\/www.rri.ro\\\/#\\\/schema\\\/person\\\/18fac491bccbfe149b92aea77ad60abd\",\"name\":\"Rom\u00e2nia Interna\u021bional\",\"url\":\"https:\\\/\\\/www.rri.ro\\\/de\\\/author\\\/redactia\"}]}<\/script>\n<!-- \/ Yoast SEO plugin. -->","yoast_head_json":{"title":"Verein \u201eLet\u2019s do it, Romania\u201c stellt Buch zum 10-j\u00e4hrigen Jubil\u00e4um vor - Radio Rum\u00e4nien International","robots":{"index":"index","follow":"follow","max-snippet":"max-snippet:-1","max-image-preview":"max-image-preview:large","max-video-preview":"max-video-preview:-1"},"canonical":"https:\/\/www.rri.ro\/de\/rubriken\/es-gruent-so-gruen-drei-minuten-fuer-die-umwelt\/verein-lets-do-it-romania-stellt-buch-zum-10-jaehrigen-jubilaeum-vor-id637033.html","og_locale":"de_DE","og_type":"article","og_title":"Verein \u201eLet\u2019s do it, Romania\u201c stellt Buch zum 10-j\u00e4hrigen Jubil\u00e4um vor - Radio Rum\u00e4nien International","og_description":"In Rum\u00e4nien feiert ein einzigartiges Projekt sein 10-j\u00e4hriges Jubil\u00e4um: Lets do it, Romania!\u201c, zu Deutsch in etwa Lasst uns die Sache anpacken!\u201c.","og_url":"https:\/\/www.rri.ro\/de\/rubriken\/es-gruent-so-gruen-drei-minuten-fuer-die-umwelt\/verein-lets-do-it-romania-stellt-buch-zum-10-jaehrigen-jubilaeum-vor-id637033.html","og_site_name":"Radio Rum\u00e4nien International","article_published_time":"2019-06-17T15:00:00+00:00","og_image":[{"width":640,"height":514,"url":"https:\/\/www.rri.ro\/wp-content\/uploads\/2023\/10\/lansare-carte-lets-do-it-ro-sursa-fb-letsdoitro.jpg","type":"image\/jpeg"}],"author":"Rom\u00e2nia Interna\u021bional","twitter_card":"summary_large_image","twitter_misc":{"Verfasst von":"Rom\u00e2nia Interna\u021bional","Gesch\u00e4tzte Lesezeit":"2\u00a0Minuten","Written by":"Rom\u00e2nia Interna\u021bional"},"schema":{"@context":"https:\/\/schema.org","@graph":[{"@type":"Article","@id":"https:\/\/www.rri.ro\/de\/rubriken\/es-gruent-so-gruen-drei-minuten-fuer-die-umwelt\/verein-lets-do-it-romania-stellt-buch-zum-10-jaehrigen-jubilaeum-vor-id637033.html#article","isPartOf":{"@id":"https:\/\/www.rri.ro\/de\/rubriken\/es-gruent-so-gruen-drei-minuten-fuer-die-umwelt\/verein-lets-do-it-romania-stellt-buch-zum-10-jaehrigen-jubilaeum-vor-id637033.html"},"author":{"name":"Rom\u00e2nia Interna\u021bional","@id":"https:\/\/www.rri.ro\/#\/schema\/person\/18fac491bccbfe149b92aea77ad60abd"},"headline":"Verein \u201eLet\u2019s do it, Romania\u201c stellt Buch zum 10-j\u00e4hrigen Jubil\u00e4um vor","datePublished":"2019-06-17T15:00:00+00:00","mainEntityOfPage":{"@id":"https:\/\/www.rri.ro\/de\/rubriken\/es-gruent-so-gruen-drei-minuten-fuer-die-umwelt\/verein-lets-do-it-romania-stellt-buch-zum-10-jaehrigen-jubilaeum-vor-id637033.html"},"wordCount":352,"image":{"@id":"https:\/\/www.rri.ro\/de\/rubriken\/es-gruent-so-gruen-drei-minuten-fuer-die-umwelt\/verein-lets-do-it-romania-stellt-buch-zum-10-jaehrigen-jubilaeum-vor-id637033.html#primaryimage"},"thumbnailUrl":"https:\/\/www.rri.ro\/wp-content\/uploads\/2023\/10\/lansare-carte-lets-do-it-ro-sursa-fb-letsdoitro.jpg","keywords":["Abfallsammlung","Anamaria Hancu","Freiwillige","Jubil\u00e4um","Let's Do it","Romania","Rum\u00e4nien","Umweltschutz"],"articleSection":["Es gr\u00fcnt so gr\u00fcn \u2013 drei Minuten f\u00fcr die Umwelt"],"inLanguage":"de"},{"@type":"WebPage","@id":"https:\/\/www.rri.ro\/de\/rubriken\/es-gruent-so-gruen-drei-minuten-fuer-die-umwelt\/verein-lets-do-it-romania-stellt-buch-zum-10-jaehrigen-jubilaeum-vor-id637033.html","url":"https:\/\/www.rri.ro\/de\/rubriken\/es-gruent-so-gruen-drei-minuten-fuer-die-umwelt\/verein-lets-do-it-romania-stellt-buch-zum-10-jaehrigen-jubilaeum-vor-id637033.html","name":"Verein \u201eLet\u2019s do it, Romania\u201c stellt Buch zum 10-j\u00e4hrigen Jubil\u00e4um vor - Radio Rum\u00e4nien International","isPartOf":{"@id":"https:\/\/www.rri.ro\/#website"},"primaryImageOfPage":{"@id":"https:\/\/www.rri.ro\/de\/rubriken\/es-gruent-so-gruen-drei-minuten-fuer-die-umwelt\/verein-lets-do-it-romania-stellt-buch-zum-10-jaehrigen-jubilaeum-vor-id637033.html#primaryimage"},"image":{"@id":"https:\/\/www.rri.ro\/de\/rubriken\/es-gruent-so-gruen-drei-minuten-fuer-die-umwelt\/verein-lets-do-it-romania-stellt-buch-zum-10-jaehrigen-jubilaeum-vor-id637033.html#primaryimage"},"thumbnailUrl":"https:\/\/www.rri.ro\/wp-content\/uploads\/2023\/10\/lansare-carte-lets-do-it-ro-sursa-fb-letsdoitro.jpg","datePublished":"2019-06-17T15:00:00+00:00","author":{"@id":"https:\/\/www.rri.ro\/#\/schema\/person\/18fac491bccbfe149b92aea77ad60abd"},"breadcrumb":{"@id":"https:\/\/www.rri.ro\/de\/rubriken\/es-gruent-so-gruen-drei-minuten-fuer-die-umwelt\/verein-lets-do-it-romania-stellt-buch-zum-10-jaehrigen-jubilaeum-vor-id637033.html#breadcrumb"},"inLanguage":"de","potentialAction":[{"@type":"ReadAction","target":["https:\/\/www.rri.ro\/de\/rubriken\/es-gruent-so-gruen-drei-minuten-fuer-die-umwelt\/verein-lets-do-it-romania-stellt-buch-zum-10-jaehrigen-jubilaeum-vor-id637033.html"]}]},{"@type":"ImageObject","inLanguage":"de","@id":"https:\/\/www.rri.ro\/de\/rubriken\/es-gruent-so-gruen-drei-minuten-fuer-die-umwelt\/verein-lets-do-it-romania-stellt-buch-zum-10-jaehrigen-jubilaeum-vor-id637033.html#primaryimage","url":"https:\/\/www.rri.ro\/wp-content\/uploads\/2023\/10\/lansare-carte-lets-do-it-ro-sursa-fb-letsdoitro.jpg","contentUrl":"https:\/\/www.rri.ro\/wp-content\/uploads\/2023\/10\/lansare-carte-lets-do-it-ro-sursa-fb-letsdoitro.jpg","width":640,"height":514},{"@type":"BreadcrumbList","@id":"https:\/\/www.rri.ro\/de\/rubriken\/es-gruent-so-gruen-drei-minuten-fuer-die-umwelt\/verein-lets-do-it-romania-stellt-buch-zum-10-jaehrigen-jubilaeum-vor-id637033.html#breadcrumb","itemListElement":[{"@type":"ListItem","position":1,"name":"Startseite","item":"https:\/\/www.rri.ro\/de"},{"@type":"ListItem","position":2,"name":"Rubriken","item":"https:\/\/www.rri.ro\/de\/rubriken"},{"@type":"ListItem","position":3,"name":"Es gr\u00fcnt so gr\u00fcn \u2013 drei Minuten f\u00fcr die Umwelt","item":"https:\/\/www.rri.ro\/de\/rubriken\/es-gruent-so-gruen-drei-minuten-fuer-die-umwelt"},{"@type":"ListItem","position":4,"name":"Verein \u201eLet\u2019s do it, Romania\u201c stellt Buch zum 10-j\u00e4hrigen Jubil\u00e4um vor"}]},{"@type":"WebSite","@id":"https:\/\/www.rri.ro\/#website","url":"https:\/\/www.rri.ro\/","name":"Radio Rum\u00e4nien International","description":"Totul despre Rom\u00e2nia \u015fi rom\u00e2ni, \u00een 13 limbi\/dialecte!","inLanguage":"de"},{"@type":"Person","@id":"https:\/\/www.rri.ro\/#\/schema\/person\/18fac491bccbfe149b92aea77ad60abd","name":"Rom\u00e2nia Interna\u021bional","url":"https:\/\/www.rri.ro\/de\/author\/redactia"}]}},"_links":{"self":[{"href":"https:\/\/www.rri.ro\/de\/wp-json\/wp\/v2\/posts\/637033","targetHints":{"allow":["GET"]}}],"collection":[{"href":"https:\/\/www.rri.ro\/de\/wp-json\/wp\/v2\/posts"}],"about":[{"href":"https:\/\/www.rri.ro\/de\/wp-json\/wp\/v2\/types\/post"}],"author":[{"embeddable":true,"href":"https:\/\/www.rri.ro\/de\/wp-json\/wp\/v2\/users\/2"}],"replies":[{"embeddable":true,"href":"https:\/\/www.rri.ro\/de\/wp-json\/wp\/v2\/comments?post=637033"}],"version-history":[{"count":0,"href":"https:\/\/www.rri.ro\/de\/wp-json\/wp\/v2\/posts\/637033\/revisions"}],"wp:featuredmedia":[{"embeddable":true,"href":"https:\/\/www.rri.ro\/de\/wp-json\/wp\/v2\/media\/415328"}],"wp:attachment":[{"href":"https:\/\/www.rri.ro\/de\/wp-json\/wp\/v2\/media?parent=637033"}],"wp:term":[{"taxonomy":"category","embeddable":true,"href":"https:\/\/www.rri.ro\/de\/wp-json\/wp\/v2\/categories?post=637033"},{"taxonomy":"post_tag","embeddable":true,"href":"https:\/\/www.rri.ro\/de\/wp-json\/wp\/v2\/tags?post=637033"},{"taxonomy":"author","embeddable":true,"href":"https:\/\/www.rri.ro\/de\/wp-json\/wp\/v2\/coauthors?post=637033"}],"curies":[{"name":"wp","href":"https:\/\/api.w.org\/{rel}","templated":true}]}}