{"id":637091,"date":"2020-07-20T18:00:00","date_gmt":"2020-07-20T15:00:00","guid":{"rendered":"http:\/\/devrri.freshlemon.ro\/aktuell\/tarcu-gebirge-wisente-in-freier-laufbahn-id637091.html"},"modified":"2020-07-20T18:00:00","modified_gmt":"2020-07-20T15:00:00","slug":"tarcu-gebirge-wisente-in-freier-laufbahn","status":"publish","type":"post","link":"https:\/\/www.rri.ro\/de\/rubriken\/es-gruent-so-gruen-drei-minuten-fuer-die-umwelt\/tarcu-gebirge-wisente-in-freier-laufbahn-id637091.html","title":{"rendered":"\u0162arcu-Gebirge: Wisente in freier Laufbahn"},"content":{"rendered":"<p>Der fast ausgestorbene europ\u00e4ische Bison, der Wisent, fand vor ein paar Jahren den Weg zur\u00fcck in die Wildnis. Die in der Region M\u0103gura Zimbrilor, in der N\u00e4he der Gemeinde Armeni\u015f (im S\u00fcdwesten Rum\u00e4niens) ausgewilderten Wisente passten sich gut den gegebenen Bedingungen an. Davon zeugt die j\u00fcngste Mitteilung der \u00f6rtlichen Ranger: Die gr\u00f6\u200e\u00dfte in Rum\u00e4nien frei lebende Population von Wisenten nimmt derzeit zu. Derzeit leben dort 57 Wisente, davon kamen 12 in freier Wildbahn zur Welt. Marina Drug\u0103 leitet das von WWF-Rum\u00e4nien koordinierte Projekt LIFE-Bison. Sie lieferte uns mehr Einzelheiten \u00fcber die \u00dcberwachung der Wisente in der Region Mun\u0163ii \u0162arcului:<\/p>\n<p>&#13;<br \/>\n&#13;<\/p>\n<p>&#13;<br \/>\n&#13;<\/p>\n<p><em>Die Wisente, die hier in freier Wildbahn leben, werden st\u00e4ndig \u00fcberwacht. Mehrere Ranger-Teams gehen zwei&#8211;dreimal pro Woche hinaus, um die Wisente oder die von ihnen hinterlassenen Spuren zu \u00fcberpr\u00fcfen. Die Wisente sind mit GPS-Ger\u00e4ten ausgestattet. Also k\u00f6nnen wir sie leicht orten. Wir wissen, wo sie sich aufhalten, in welche Richtung sie gehen, durch welche W\u00e4lder sie ziehen. Dieses Jahr vermehrte sich die Herde um mindestens zwei K\u00e4lber. Wahrscheinlich sind es mehr, doch die \u00dcberwachung war heuer sehr schwierig, wegen der vielen Niederschl\u00e4ge. Allerdings sind diese K\u00e4lber nicht die ersten, die nach der Auswilderung hier im Wald zur Welt gebracht wurden. Bislang gebaren die Wisent-K\u00fche schon 12&#8211;13 K\u00e4lber hier in der Wildnis.\u201c<\/em><\/p>\n<p>&#13;<br \/>\n&#13;<\/p>\n<p>&#13;<br \/>\n&#13;<\/p>\n<p>&#13;<br \/>\n&#13;<\/p>\n<p>Die Jungtiere geh\u00f6ren zur gr\u00f6\u200e\u00dften Wisent-Herde, die in den letzten 200 Jahren in Rum\u00e4nien in freier Wildbahn gesichtet wurde. Die Herde besteht aus 24 Tieren. Bei der Geburt wiegen die K\u00e4lber zwischen 24 und 27 Kilo.  In den ersten drei Lebensmonaten verdoppelt sich das Gewicht und betr\u00e4gt am Ende des ersten Lebensjahres durchschnittlich 175 Kilo bei K\u00fchen und 190 Kilo bei Bullen. Die Bullen k\u00f6nnen ein K\u00f6rpergewicht von bis zu 920 Kilogramm erreichen. Wisent-K\u00fche bringen die K\u00e4lber in der Regel im Sommer zur Welt. Somit bleibt den Jungtieren genug Zeit, um sich an die Umweltbedingungen anzupassen und den n\u00e4chsten Winter zu \u00fcberleben. K\u00e4lber sind unmittelbar nach der Geburt rotbraun. Erst wenn sie im dritten oder vierten Lebensmonat erstmals das Haarkleid wechseln, weisen sie eine \u00e4hnliche Fellfarbe wie ausgewachsene Tiere auf. Die heute angesprochene Herde lebt in freier Wildbahn im Gebirge Mun\u0163ii \u0162arcului. Das Gebirge ist Teil eines Natura-2000-Schutzgebietes, das sich auf Tausende Hektar erstreckt. Die hiesigen Herden wandern durch die W\u00e4lder. Sie legen k\u00fcrzere oder l\u00e4ngere Strecken zur\u00fcck, je nach Jahreszeit und Wetterbedingungen. Mehr dazu erz\u00e4hlte uns Marina Drug\u0103, die Leiterin des Projekts LIFE-Bison<\/p>\n<p>&#13;<br \/>\n&#13;<\/p>\n<p>&#13;<br \/>\n&#13;<\/p>\n<p><em>Wie viel die Herden wandern, h\u00e4ngt von der Jahreszeit ab. W\u00e4hrend der vegetationsreichen Saison bewegen sich die Wisente relativ wenig &#8212; 1 Km, 2&#8211;3 Km, je nachdem, wie viel und wo sie Nahrung finden. Au\u200e\u00dferdem wollen Wisente ihre Ruhe haben, also halten sie sich fern von den Gegenden, wo sich Menschen herumtreiben. Im Winter m\u00fcssen sie sich mehr fortbewegen, sie suchen l\u00e4nger nach Futter. Wir stellten fest, dass Wisente gerne die in der Natur aufgesp\u00fcrte Nahrung verzehren. Lieber als das, was wir ihnen an bestimmten Orten lassen. Deshalb kann es sein, dass sie im Winter manchmal sogar 10 Km am Tag zur\u00fccklegen.\u201c<\/em><\/p>\n<p>&#13;<br \/>\n&#13;<\/p>\n<p>&#13;<br \/>\n&#13;<\/p>\n<p>&#13;<br \/>\n&#13;<\/p>\n<p>Vor vielen Jahren war der Wisent europaweit verbreitet. Das \u00e4nderte sich mit der Zeit und im 20. Jahrhundert war der Europ\u00e4ische Wisent vom Aussterben bedroht. Vor wenigen Jahren wurde ein Auswilderungs-Programm gestartet &#8212; ein Versuch, die Wisente zu retten. 2018 wurden 23 Wisente im \u0162arcu-Gebirge ausgewildert. Letztes Jahr wurden weitere 11 Tiere in die Region gebracht. Hauptziel des Projekts LIFE-Bison ist, eine wilde, gut entwickelte und definierte Wisent-Population in den S\u00fcdkarpaten zu erreichen. Ende des laufenden Monats sollen weitere Wisente aus Deutschland nach Rum\u00e4nien \u00fcbersiedelt werden. Im Zusammenhang mit dem Auswilderungsprogramm entstanden auch touristische \u00d6koprojekte. Demnach wird den Touristen ein Programm zur Beobachtung der Wisente in freier Wildbahn im \u0162arcu-Gebirge angeboten.<\/p>\n<p>&#13;<\/p>\n","protected":false},"excerpt":{"rendered":"<p>Europ\u00e4ische Bisons waren bis vor einigen in Jahren in Rum\u00e4nien ausgestorben. Nun zieht eine Herde frei durch die W\u00e4lder des \u0162arcu-Gebirges. WWF Rum\u00e4nien brachte die Wildrinder zur\u00fcck in ihre alte Heimat.<\/p>\n","protected":false},"author":125,"featured_media":50395,"comment_status":"closed","ping_status":"closed","sticky":false,"template":"","format":"standard","meta":{"_acf_changed":false,"footnotes":""},"categories":[116782],"tags":[118113,87805,68688,103906,99589,100122,118056,170718,173479],"coauthors":[],"class_list":["post-637091","post","type-post","status-publish","format-standard","has-post-thumbnail","hentry","category-es-gruent-so-gruen-drei-minuten-fuer-die-umwelt","tag-auswilderung","tag-bison","tag-muntii-tarcului","tag-natur","tag-rumaenien","tag-umwelt","tag-wildtiere","tag-wisente-de","tag-wwf-de"],"acf":[],"yoast_head":"<!-- This site is optimized with the Yoast SEO plugin v27.3 - https:\/\/yoast.com\/product\/yoast-seo-wordpress\/ -->\n<title>\u0162arcu-Gebirge: Wisente in freier Laufbahn - Radio Rum\u00e4nien International<\/title>\n<meta name=\"robots\" content=\"index, follow, max-snippet:-1, max-image-preview:large, max-video-preview:-1\" \/>\n<link rel=\"canonical\" href=\"https:\/\/www.rri.ro\/de\/rubriken\/es-gruent-so-gruen-drei-minuten-fuer-die-umwelt\/tarcu-gebirge-wisente-in-freier-laufbahn-id637091.html\" \/>\n<meta property=\"og:locale\" content=\"de_DE\" \/>\n<meta property=\"og:type\" content=\"article\" \/>\n<meta property=\"og:title\" content=\"\u0162arcu-Gebirge: Wisente in freier Laufbahn - Radio Rum\u00e4nien International\" \/>\n<meta property=\"og:description\" content=\"Europ\u00e4ische Bisons waren bis vor einigen in Jahren in Rum\u00e4nien ausgestorben. Nun zieht eine Herde frei durch die W\u00e4lder des \u0162arcu-Gebirges. WWF Rum\u00e4nien brachte die Wildrinder zur\u00fcck in ihre alte Heimat.\" \/>\n<meta property=\"og:url\" content=\"https:\/\/www.rri.ro\/de\/rubriken\/es-gruent-so-gruen-drei-minuten-fuer-die-umwelt\/tarcu-gebirge-wisente-in-freier-laufbahn-id637091.html\" \/>\n<meta property=\"og:site_name\" content=\"Radio Rum\u00e4nien International\" \/>\n<meta property=\"article:published_time\" content=\"2020-07-20T15:00:00+00:00\" \/>\n<meta property=\"og:image\" content=\"https:\/\/www.rri.ro\/wp-content\/uploads\/2023\/10\/LOGO-RRI-FUNDALALB-640.png\" \/>\n\t<meta property=\"og:image:width\" content=\"640\" \/>\n\t<meta property=\"og:image:height\" content=\"480\" \/>\n\t<meta property=\"og:image:type\" content=\"image\/png\" \/>\n<meta name=\"author\" content=\"\u0218tefan Baciu\" \/>\n<meta name=\"twitter:card\" content=\"summary_large_image\" \/>\n<meta name=\"twitter:label1\" content=\"Verfasst von\" \/>\n\t<meta name=\"twitter:data1\" content=\"\u0218tefan Baciu\" \/>\n\t<meta name=\"twitter:label2\" content=\"Gesch\u00e4tzte Lesezeit\" \/>\n\t<meta name=\"twitter:data2\" content=\"3\u00a0Minuten\" \/>\n\t<meta name=\"twitter:label3\" content=\"Written by\" \/>\n\t<meta name=\"twitter:data3\" content=\"\u0218tefan Baciu\" \/>\n<script type=\"application\/ld+json\" class=\"yoast-schema-graph\">{\"@context\":\"https:\\\/\\\/schema.org\",\"@graph\":[{\"@type\":\"Article\",\"@id\":\"https:\\\/\\\/www.rri.ro\\\/de\\\/rubriken\\\/es-gruent-so-gruen-drei-minuten-fuer-die-umwelt\\\/tarcu-gebirge-wisente-in-freier-laufbahn-id637091.html#article\",\"isPartOf\":{\"@id\":\"https:\\\/\\\/www.rri.ro\\\/de\\\/rubriken\\\/es-gruent-so-gruen-drei-minuten-fuer-die-umwelt\\\/tarcu-gebirge-wisente-in-freier-laufbahn-id637091.html\"},\"author\":{\"name\":\"\u0218tefan Baciu\",\"@id\":\"https:\\\/\\\/www.rri.ro\\\/#\\\/schema\\\/person\\\/fbb3638d6b8cdc5f110e10b1e6f1b7b5\"},\"headline\":\"\u0162arcu-Gebirge: Wisente in freier Laufbahn\",\"datePublished\":\"2020-07-20T15:00:00+00:00\",\"mainEntityOfPage\":{\"@id\":\"https:\\\/\\\/www.rri.ro\\\/de\\\/rubriken\\\/es-gruent-so-gruen-drei-minuten-fuer-die-umwelt\\\/tarcu-gebirge-wisente-in-freier-laufbahn-id637091.html\"},\"wordCount\":647,\"image\":{\"@id\":\"https:\\\/\\\/www.rri.ro\\\/de\\\/rubriken\\\/es-gruent-so-gruen-drei-minuten-fuer-die-umwelt\\\/tarcu-gebirge-wisente-in-freier-laufbahn-id637091.html#primaryimage\"},\"thumbnailUrl\":\"https:\\\/\\\/www.rri.ro\\\/wp-content\\\/uploads\\\/2023\\\/10\\\/LOGO-RRI-FUNDALALB-640.png\",\"keywords\":[\"Auswilderung\",\"bison\",\"muntii Tarcului\",\"Natur\",\"Rum\u00e4nien\",\"Umwelt\",\"Wildtiere\",\"Wisente\",\"WWF\"],\"articleSection\":[\"Es gr\u00fcnt so gr\u00fcn \u2013 drei Minuten f\u00fcr die Umwelt\"],\"inLanguage\":\"de\"},{\"@type\":\"WebPage\",\"@id\":\"https:\\\/\\\/www.rri.ro\\\/de\\\/rubriken\\\/es-gruent-so-gruen-drei-minuten-fuer-die-umwelt\\\/tarcu-gebirge-wisente-in-freier-laufbahn-id637091.html\",\"url\":\"https:\\\/\\\/www.rri.ro\\\/de\\\/rubriken\\\/es-gruent-so-gruen-drei-minuten-fuer-die-umwelt\\\/tarcu-gebirge-wisente-in-freier-laufbahn-id637091.html\",\"name\":\"\u0162arcu-Gebirge: Wisente in freier Laufbahn - Radio Rum\u00e4nien International\",\"isPartOf\":{\"@id\":\"https:\\\/\\\/www.rri.ro\\\/#website\"},\"primaryImageOfPage\":{\"@id\":\"https:\\\/\\\/www.rri.ro\\\/de\\\/rubriken\\\/es-gruent-so-gruen-drei-minuten-fuer-die-umwelt\\\/tarcu-gebirge-wisente-in-freier-laufbahn-id637091.html#primaryimage\"},\"image\":{\"@id\":\"https:\\\/\\\/www.rri.ro\\\/de\\\/rubriken\\\/es-gruent-so-gruen-drei-minuten-fuer-die-umwelt\\\/tarcu-gebirge-wisente-in-freier-laufbahn-id637091.html#primaryimage\"},\"thumbnailUrl\":\"https:\\\/\\\/www.rri.ro\\\/wp-content\\\/uploads\\\/2023\\\/10\\\/LOGO-RRI-FUNDALALB-640.png\",\"datePublished\":\"2020-07-20T15:00:00+00:00\",\"author\":{\"@id\":\"https:\\\/\\\/www.rri.ro\\\/#\\\/schema\\\/person\\\/fbb3638d6b8cdc5f110e10b1e6f1b7b5\"},\"breadcrumb\":{\"@id\":\"https:\\\/\\\/www.rri.ro\\\/de\\\/rubriken\\\/es-gruent-so-gruen-drei-minuten-fuer-die-umwelt\\\/tarcu-gebirge-wisente-in-freier-laufbahn-id637091.html#breadcrumb\"},\"inLanguage\":\"de\",\"potentialAction\":[{\"@type\":\"ReadAction\",\"target\":[\"https:\\\/\\\/www.rri.ro\\\/de\\\/rubriken\\\/es-gruent-so-gruen-drei-minuten-fuer-die-umwelt\\\/tarcu-gebirge-wisente-in-freier-laufbahn-id637091.html\"]}]},{\"@type\":\"ImageObject\",\"inLanguage\":\"de\",\"@id\":\"https:\\\/\\\/www.rri.ro\\\/de\\\/rubriken\\\/es-gruent-so-gruen-drei-minuten-fuer-die-umwelt\\\/tarcu-gebirge-wisente-in-freier-laufbahn-id637091.html#primaryimage\",\"url\":\"https:\\\/\\\/www.rri.ro\\\/wp-content\\\/uploads\\\/2023\\\/10\\\/LOGO-RRI-FUNDALALB-640.png\",\"contentUrl\":\"https:\\\/\\\/www.rri.ro\\\/wp-content\\\/uploads\\\/2023\\\/10\\\/LOGO-RRI-FUNDALALB-640.png\",\"width\":640,\"height\":480},{\"@type\":\"BreadcrumbList\",\"@id\":\"https:\\\/\\\/www.rri.ro\\\/de\\\/rubriken\\\/es-gruent-so-gruen-drei-minuten-fuer-die-umwelt\\\/tarcu-gebirge-wisente-in-freier-laufbahn-id637091.html#breadcrumb\",\"itemListElement\":[{\"@type\":\"ListItem\",\"position\":1,\"name\":\"Startseite\",\"item\":\"https:\\\/\\\/www.rri.ro\\\/de\"},{\"@type\":\"ListItem\",\"position\":2,\"name\":\"Rubriken\",\"item\":\"https:\\\/\\\/www.rri.ro\\\/de\\\/rubriken\"},{\"@type\":\"ListItem\",\"position\":3,\"name\":\"Es gr\u00fcnt so gr\u00fcn \u2013 drei Minuten f\u00fcr die Umwelt\",\"item\":\"https:\\\/\\\/www.rri.ro\\\/de\\\/rubriken\\\/es-gruent-so-gruen-drei-minuten-fuer-die-umwelt\"},{\"@type\":\"ListItem\",\"position\":4,\"name\":\"\u0162arcu-Gebirge: Wisente in freier Laufbahn\"}]},{\"@type\":\"WebSite\",\"@id\":\"https:\\\/\\\/www.rri.ro\\\/#website\",\"url\":\"https:\\\/\\\/www.rri.ro\\\/\",\"name\":\"Radio Rum\u00e4nien International\",\"description\":\"Totul despre Rom\u00e2nia \u015fi rom\u00e2ni, \u00een 13 limbi\\\/dialecte!\",\"inLanguage\":\"de\"},{\"@type\":\"Person\",\"@id\":\"https:\\\/\\\/www.rri.ro\\\/#\\\/schema\\\/person\\\/fbb3638d6b8cdc5f110e10b1e6f1b7b5\",\"name\":\"\u0218tefan Baciu\",\"url\":\"https:\\\/\\\/www.rri.ro\\\/de\\\/author\\\/stefan-baciu\"}]}<\/script>\n<!-- \/ Yoast SEO plugin. -->","yoast_head_json":{"title":"\u0162arcu-Gebirge: Wisente in freier Laufbahn - Radio Rum\u00e4nien International","robots":{"index":"index","follow":"follow","max-snippet":"max-snippet:-1","max-image-preview":"max-image-preview:large","max-video-preview":"max-video-preview:-1"},"canonical":"https:\/\/www.rri.ro\/de\/rubriken\/es-gruent-so-gruen-drei-minuten-fuer-die-umwelt\/tarcu-gebirge-wisente-in-freier-laufbahn-id637091.html","og_locale":"de_DE","og_type":"article","og_title":"\u0162arcu-Gebirge: Wisente in freier Laufbahn - Radio Rum\u00e4nien International","og_description":"Europ\u00e4ische Bisons waren bis vor einigen in Jahren in Rum\u00e4nien ausgestorben. Nun zieht eine Herde frei durch die W\u00e4lder des \u0162arcu-Gebirges. WWF Rum\u00e4nien brachte die Wildrinder zur\u00fcck in ihre alte Heimat.","og_url":"https:\/\/www.rri.ro\/de\/rubriken\/es-gruent-so-gruen-drei-minuten-fuer-die-umwelt\/tarcu-gebirge-wisente-in-freier-laufbahn-id637091.html","og_site_name":"Radio Rum\u00e4nien International","article_published_time":"2020-07-20T15:00:00+00:00","og_image":[{"width":640,"height":480,"url":"https:\/\/www.rri.ro\/wp-content\/uploads\/2023\/10\/LOGO-RRI-FUNDALALB-640.png","type":"image\/png"}],"author":"\u0218tefan Baciu","twitter_card":"summary_large_image","twitter_misc":{"Verfasst von":"\u0218tefan Baciu","Gesch\u00e4tzte Lesezeit":"3\u00a0Minuten","Written by":"\u0218tefan Baciu"},"schema":{"@context":"https:\/\/schema.org","@graph":[{"@type":"Article","@id":"https:\/\/www.rri.ro\/de\/rubriken\/es-gruent-so-gruen-drei-minuten-fuer-die-umwelt\/tarcu-gebirge-wisente-in-freier-laufbahn-id637091.html#article","isPartOf":{"@id":"https:\/\/www.rri.ro\/de\/rubriken\/es-gruent-so-gruen-drei-minuten-fuer-die-umwelt\/tarcu-gebirge-wisente-in-freier-laufbahn-id637091.html"},"author":{"name":"\u0218tefan Baciu","@id":"https:\/\/www.rri.ro\/#\/schema\/person\/fbb3638d6b8cdc5f110e10b1e6f1b7b5"},"headline":"\u0162arcu-Gebirge: Wisente in freier Laufbahn","datePublished":"2020-07-20T15:00:00+00:00","mainEntityOfPage":{"@id":"https:\/\/www.rri.ro\/de\/rubriken\/es-gruent-so-gruen-drei-minuten-fuer-die-umwelt\/tarcu-gebirge-wisente-in-freier-laufbahn-id637091.html"},"wordCount":647,"image":{"@id":"https:\/\/www.rri.ro\/de\/rubriken\/es-gruent-so-gruen-drei-minuten-fuer-die-umwelt\/tarcu-gebirge-wisente-in-freier-laufbahn-id637091.html#primaryimage"},"thumbnailUrl":"https:\/\/www.rri.ro\/wp-content\/uploads\/2023\/10\/LOGO-RRI-FUNDALALB-640.png","keywords":["Auswilderung","bison","muntii Tarcului","Natur","Rum\u00e4nien","Umwelt","Wildtiere","Wisente","WWF"],"articleSection":["Es gr\u00fcnt so gr\u00fcn \u2013 drei Minuten f\u00fcr die Umwelt"],"inLanguage":"de"},{"@type":"WebPage","@id":"https:\/\/www.rri.ro\/de\/rubriken\/es-gruent-so-gruen-drei-minuten-fuer-die-umwelt\/tarcu-gebirge-wisente-in-freier-laufbahn-id637091.html","url":"https:\/\/www.rri.ro\/de\/rubriken\/es-gruent-so-gruen-drei-minuten-fuer-die-umwelt\/tarcu-gebirge-wisente-in-freier-laufbahn-id637091.html","name":"\u0162arcu-Gebirge: Wisente in freier Laufbahn - Radio Rum\u00e4nien International","isPartOf":{"@id":"https:\/\/www.rri.ro\/#website"},"primaryImageOfPage":{"@id":"https:\/\/www.rri.ro\/de\/rubriken\/es-gruent-so-gruen-drei-minuten-fuer-die-umwelt\/tarcu-gebirge-wisente-in-freier-laufbahn-id637091.html#primaryimage"},"image":{"@id":"https:\/\/www.rri.ro\/de\/rubriken\/es-gruent-so-gruen-drei-minuten-fuer-die-umwelt\/tarcu-gebirge-wisente-in-freier-laufbahn-id637091.html#primaryimage"},"thumbnailUrl":"https:\/\/www.rri.ro\/wp-content\/uploads\/2023\/10\/LOGO-RRI-FUNDALALB-640.png","datePublished":"2020-07-20T15:00:00+00:00","author":{"@id":"https:\/\/www.rri.ro\/#\/schema\/person\/fbb3638d6b8cdc5f110e10b1e6f1b7b5"},"breadcrumb":{"@id":"https:\/\/www.rri.ro\/de\/rubriken\/es-gruent-so-gruen-drei-minuten-fuer-die-umwelt\/tarcu-gebirge-wisente-in-freier-laufbahn-id637091.html#breadcrumb"},"inLanguage":"de","potentialAction":[{"@type":"ReadAction","target":["https:\/\/www.rri.ro\/de\/rubriken\/es-gruent-so-gruen-drei-minuten-fuer-die-umwelt\/tarcu-gebirge-wisente-in-freier-laufbahn-id637091.html"]}]},{"@type":"ImageObject","inLanguage":"de","@id":"https:\/\/www.rri.ro\/de\/rubriken\/es-gruent-so-gruen-drei-minuten-fuer-die-umwelt\/tarcu-gebirge-wisente-in-freier-laufbahn-id637091.html#primaryimage","url":"https:\/\/www.rri.ro\/wp-content\/uploads\/2023\/10\/LOGO-RRI-FUNDALALB-640.png","contentUrl":"https:\/\/www.rri.ro\/wp-content\/uploads\/2023\/10\/LOGO-RRI-FUNDALALB-640.png","width":640,"height":480},{"@type":"BreadcrumbList","@id":"https:\/\/www.rri.ro\/de\/rubriken\/es-gruent-so-gruen-drei-minuten-fuer-die-umwelt\/tarcu-gebirge-wisente-in-freier-laufbahn-id637091.html#breadcrumb","itemListElement":[{"@type":"ListItem","position":1,"name":"Startseite","item":"https:\/\/www.rri.ro\/de"},{"@type":"ListItem","position":2,"name":"Rubriken","item":"https:\/\/www.rri.ro\/de\/rubriken"},{"@type":"ListItem","position":3,"name":"Es gr\u00fcnt so gr\u00fcn \u2013 drei Minuten f\u00fcr die Umwelt","item":"https:\/\/www.rri.ro\/de\/rubriken\/es-gruent-so-gruen-drei-minuten-fuer-die-umwelt"},{"@type":"ListItem","position":4,"name":"\u0162arcu-Gebirge: Wisente in freier Laufbahn"}]},{"@type":"WebSite","@id":"https:\/\/www.rri.ro\/#website","url":"https:\/\/www.rri.ro\/","name":"Radio Rum\u00e4nien International","description":"Totul despre Rom\u00e2nia \u015fi rom\u00e2ni, \u00een 13 limbi\/dialecte!","inLanguage":"de"},{"@type":"Person","@id":"https:\/\/www.rri.ro\/#\/schema\/person\/fbb3638d6b8cdc5f110e10b1e6f1b7b5","name":"\u0218tefan Baciu","url":"https:\/\/www.rri.ro\/de\/author\/stefan-baciu"}]}},"_links":{"self":[{"href":"https:\/\/www.rri.ro\/de\/wp-json\/wp\/v2\/posts\/637091","targetHints":{"allow":["GET"]}}],"collection":[{"href":"https:\/\/www.rri.ro\/de\/wp-json\/wp\/v2\/posts"}],"about":[{"href":"https:\/\/www.rri.ro\/de\/wp-json\/wp\/v2\/types\/post"}],"author":[{"embeddable":true,"href":"https:\/\/www.rri.ro\/de\/wp-json\/wp\/v2\/users\/125"}],"replies":[{"embeddable":true,"href":"https:\/\/www.rri.ro\/de\/wp-json\/wp\/v2\/comments?post=637091"}],"version-history":[{"count":0,"href":"https:\/\/www.rri.ro\/de\/wp-json\/wp\/v2\/posts\/637091\/revisions"}],"wp:featuredmedia":[{"embeddable":true,"href":"https:\/\/www.rri.ro\/de\/wp-json\/wp\/v2\/media\/50395"}],"wp:attachment":[{"href":"https:\/\/www.rri.ro\/de\/wp-json\/wp\/v2\/media?parent=637091"}],"wp:term":[{"taxonomy":"category","embeddable":true,"href":"https:\/\/www.rri.ro\/de\/wp-json\/wp\/v2\/categories?post=637091"},{"taxonomy":"post_tag","embeddable":true,"href":"https:\/\/www.rri.ro\/de\/wp-json\/wp\/v2\/tags?post=637091"},{"taxonomy":"author","embeddable":true,"href":"https:\/\/www.rri.ro\/de\/wp-json\/wp\/v2\/coauthors?post=637091"}],"curies":[{"name":"wp","href":"https:\/\/api.w.org\/{rel}","templated":true}]}}