{"id":637094,"date":"2020-08-10T18:00:00","date_gmt":"2020-08-10T15:00:00","guid":{"rendered":"http:\/\/devrri.freshlemon.ro\/aktuell\/patrouille-null-plastik-wwf-fuehrt-erneut-kampagne-gegen-plastikmuell-im-donaudelta-durch-id637094.html"},"modified":"2020-08-10T18:00:00","modified_gmt":"2020-08-10T15:00:00","slug":"patrouille-null-plastik-wwf-fuehrt-erneut-kampagne-gegen-plastikmuell-im-donaudelta-durch","status":"publish","type":"post","link":"https:\/\/www.rri.ro\/de\/rubriken\/es-gruent-so-gruen-drei-minuten-fuer-die-umwelt\/patrouille-null-plastik-wwf-fuehrt-erneut-kampagne-gegen-plastikmuell-im-donaudelta-durch-id637094.html","title":{"rendered":"Patrouille Null Plastik: WWF f\u00fchrt erneut Kampagne gegen Plastikm\u00fcll im Donaudelta durch"},"content":{"rendered":"<p>Die Umweltschutzorganisation World Wide Fund Rum\u00e4nien startete auch dieses Jahr eine Initiative zur Bek\u00e4mpfung und Vorbeugung der Verschmutzung durch Kunststoffabf\u00e4lle im Donaudelta. Ab Ende Juli bis September streifen Freiwillige der gemeinn\u00fctzigen Organisation WWF Rum\u00e4nien durch die Donaukan\u00e4le und sammeln Plastikabf\u00e4lle von der Wasseroberfl\u00e4che. Die Patrouille Null Plastik\u201c wird die gesammelten Plastikabf\u00e4lle in speziell eingerichtete Sammelstellen in den Ortschaften Mahmudia, Sulina, Cri\u015fan und Sf\u00e2ntu Gheorghe deponieren. Die Freiwilligen streifen in einem personalisierten Boot, getrieben von einem Elektromotor. Im Boot k\u00f6nnen bis zu 7 Personen mitfahren. <\/p>\n<p>&#13;<br \/>\n&#13;<\/p>\n<p>&#13;<br \/>\n&#13;<\/p>\n<p>Alexandra Damian, Kommunikationszust\u00e4ndige bei WWF Rum\u00e4nien, erkl\u00e4rte uns, warum ein derartiges Projekt dringend notwendig war:<\/p>\n<p>&#13;<br \/>\n&#13;<\/p>\n<p>&#13;<br \/>\n&#13;<\/p>\n<p><em>Wir stellen selbst im Alltag fest, wie bedr\u00fcckend Plastikm\u00fcll ist. Egal, wo man sich aufh\u00e4lt, ob im Wald, in den Bergen, am Meer oder unterwegs, Plastikabf\u00e4lle sind allgegenw\u00e4rtig. Plastikm\u00fcll ist ein gro\u200e\u00dfes Problem vor allem im Donaudelta, wo wir unsere Kampagne durchf\u00fchren. Denn alle Plastikabf\u00e4lle werden von der Donau ins Donaudelta mitgetragen. Von dort gelangen sie ins Schwarze Meer. Leider konnten wir nur eine Studie diesbez\u00fcglich erarbeiten. Es fehlen genaue Daten, doch eins steht fest: Immer mehr Plastikm\u00fcll wird von der Donau flussabw\u00e4rts mitgetragen. Eine Studie zeigt, dass die Donau j\u00e4hrlich zwischen Wien und Bratislava \u00fcber 4,2 Tonnen Plastikabf\u00e4lle mitschleppt.\u201c<\/em><\/p>\n<p>&#13;<br \/>\n&#13;<\/p>\n<p style=margin-left:-2.85pt;>\n<p>&#13;<br \/>\n&#13;<\/p>\n<p style=margin-left:-2.85pt;>\n<p>&#13;<br \/>\n&#13;<\/p>\n<p style=margin-left:-2.85pt;>Frei schwimmende Plastikabf\u00e4lle sind ein heikles Problem und gleichzeitig eine Herausforderung f\u00fcr die Verwaltung des Biosph\u00e4renreservats Donaudelta. Die Abfallsammelbetriebe im Donaudelta beklagen die unzureichenden verf\u00fcgbaren Ressourcen. Die Sammlung und der Transport von Plastikabf\u00e4llen seien nur m\u00fchsam und mit gro\u200e\u00dfem Aufwand durchzuf\u00fchren. Derzeit werden nur 3% der Plastikabf\u00e4lle recycelt, obwohl sich die Verwaltung des Kreises Tulcea &#8212; um die nachhaltige Entwicklung im Donaudelta anzuregen &#8212; zu einer Recycling-Quote von 50% verpflichtet hatte.<\/p>\n<p>&#13;<br \/>\n&#13;<\/p>\n<p style=margin-left:-2.85pt;>\n<p>&#13;<br \/>\n&#13;<\/p>\n<p style=margin-left:-2.85pt;>Um die Sammlung von Plastikabf\u00e4llen im Donaudelta entsprechend zu verwalten, wird die Drohne WasteShark\u201c eingesetzt &#8212; eine fortgeschrittene L\u00f6sung f\u00fcr das Management von frei schwimmenden Abf\u00e4llen. Die Drohne f\u00e4hrt \u00fcber die Wasseroberfl\u00e4che und sammelt bis zu 500 Kg Abf\u00e4lle am Tag. An der Kampagne zur Sammlung von Plastikabf\u00e4llen im Donaudelta beteiligen sich sowohl die lokalen Beh\u00f6rden wie auch die \u00f6rtliche Gemeinschaft. Alexandra Damian, Kommunikationszust\u00e4ndige bei WWF Rum\u00e4nien erz\u00e4hlte uns Folgendes dazu:<\/p>\n<p>&#13;<br \/>\n&#13;<\/p>\n<p style=margin-left:-2.85pt;>\n<p>&#13;<br \/>\n&#13;<\/p>\n<p style=margin-left:-2.85pt;><em>Es ist viel Arbeit, doch wir leisten sie gerne. Wir sammeln jetzt die Plastikabf\u00e4lle in der Gegend von Mahmudia. Bis September wollen wir allerdings auch den Plastikm\u00fcll bei Sulina, Cri\u015fan und Sf\u00e2ntu Gheorghe sammeln. Wir werden \u00fcber alle Donaukan\u00e4le fahren und versuchen, diese zu reinigen. Die \u00f6rtlichen Beh\u00f6rden waren von Anfang an sehr entgegenkommend. Sie unterst\u00fctzen und bei der Einrichtung der Sammelstellen. Auch von der \u00f6rtlichen Gemeinschaft haben wir ein tolles Feedback. Viele machen gerne mit, helfen uns, den Plastikm\u00fcll zu sammeln. Das Projekt sieht auch eine Aufkl\u00e4rungskampagne im Hinblick auf die negativen Auswirkungen von Plastikm\u00fcll auf die Umwelt vor. Demnach versuchen wir sowohl die \u00f6rtliche Gemeinschaft wie auch die Touristen \u00fcber die Folgen der Umweltverschmutzung durch Kunststoffabf\u00e4lle aufzukl\u00e4ren.\u201c<\/em><\/p>\n<p>&#13;<br \/>\n&#13;<\/p>\n<p style=margin-left:-2.85pt;>\n<p>&#13;<br \/>\n&#13;<\/p>\n<p style=margin-left:-2.85pt;>\n<p>&#13;<br \/>\n&#13;<\/p>\n<p style=margin-left:-2.85pt;>Die Aufkl\u00e4rungskampagne wird in allen am Projekt beteiligten Ortschaften durchgef\u00fchrt. Sie zielt darauf ab, die Menschen \u00fcber die negativen Auswirkungen der Plastikabf\u00e4lle f\u00fcr die Umwelt aufzukl\u00e4ren. Au\u200e\u00dferdem startet die Umweltorganisation auch eine Kampagne zur Mobilisierung der Reiseveranstalter im Hinblick auf einen umweltbewussten Fremdenverkehr &#8212; sie regt sie zu einer sogenannten Partnerschaft f\u00fcr mehr Nachhaltigkeit\u201c an.<\/p>\n<p>&#13;<\/p>\n","protected":false},"excerpt":{"rendered":"<p>Die Donau wird allm\u00e4hlich durch Unmengen an Plastikabf\u00e4llen erstickt. Dadurch wird nicht nur die Qualit\u00e4t der Gew\u00e4sser gef\u00e4hrdet, sondern auch die Artenvielfalt und die Natur.<\/p>\n","protected":false},"author":125,"featured_media":637095,"comment_status":"closed","ping_status":"closed","sticky":false,"template":"","format":"standard","meta":{"_acf_changed":false,"footnotes":""},"categories":[116782],"tags":[155197,99974,130562,130615,130287,99589,173479],"coauthors":[],"class_list":["post-637094","post","type-post","status-publish","format-standard","has-post-thumbnail","hentry","category-es-gruent-so-gruen-drei-minuten-fuer-die-umwelt","tag-donau-de","tag-donaudelta","tag-patrouille-null-plastik","tag-plastikabfaelle","tag-plastikmuell","tag-rumaenien","tag-wwf-de"],"acf":[],"yoast_head":"<!-- This site is optimized with the Yoast SEO plugin v27.5 - https:\/\/yoast.com\/product\/yoast-seo-wordpress\/ -->\n<title>Patrouille Null Plastik: WWF f\u00fchrt erneut Kampagne gegen Plastikm\u00fcll im Donaudelta durch - Radio Rum\u00e4nien International<\/title>\n<meta name=\"robots\" content=\"index, follow, max-snippet:-1, max-image-preview:large, max-video-preview:-1\" \/>\n<link rel=\"canonical\" href=\"https:\/\/www.rri.ro\/de\/rubriken\/es-gruent-so-gruen-drei-minuten-fuer-die-umwelt\/patrouille-null-plastik-wwf-fuehrt-erneut-kampagne-gegen-plastikmuell-im-donaudelta-durch-id637094.html\" \/>\n<meta property=\"og:locale\" content=\"de_DE\" \/>\n<meta property=\"og:type\" content=\"article\" \/>\n<meta property=\"og:title\" content=\"Patrouille Null Plastik: WWF f\u00fchrt erneut Kampagne gegen Plastikm\u00fcll im Donaudelta durch - Radio Rum\u00e4nien International\" \/>\n<meta property=\"og:description\" content=\"Die Donau wird allm\u00e4hlich durch Unmengen an Plastikabf\u00e4llen erstickt. Dadurch wird nicht nur die Qualit\u00e4t der Gew\u00e4sser gef\u00e4hrdet, sondern auch die Artenvielfalt und die Natur.\" \/>\n<meta property=\"og:url\" content=\"https:\/\/www.rri.ro\/de\/rubriken\/es-gruent-so-gruen-drei-minuten-fuer-die-umwelt\/patrouille-null-plastik-wwf-fuehrt-erneut-kampagne-gegen-plastikmuell-im-donaudelta-durch-id637094.html\" \/>\n<meta property=\"og:site_name\" content=\"Radio Rum\u00e4nien International\" \/>\n<meta property=\"article:published_time\" content=\"2020-08-10T15:00:00+00:00\" \/>\n<meta property=\"og:image\" content=\"https:\/\/www.rri.ro\/wp-content\/uploads\/2024\/02\/patrula-zerso-plastic-fb-wwf-romania.jpg\" \/>\n\t<meta property=\"og:image:width\" content=\"800\" \/>\n\t<meta property=\"og:image:height\" content=\"600\" \/>\n\t<meta property=\"og:image:type\" content=\"image\/jpeg\" \/>\n<meta name=\"author\" content=\"\u0218tefan Baciu\" \/>\n<meta name=\"twitter:card\" content=\"summary_large_image\" \/>\n<meta name=\"twitter:label1\" content=\"Verfasst von\" \/>\n\t<meta name=\"twitter:data1\" content=\"\u0218tefan Baciu\" \/>\n\t<meta name=\"twitter:label2\" content=\"Gesch\u00e4tzte Lesezeit\" \/>\n\t<meta name=\"twitter:data2\" content=\"3\u00a0Minuten\" \/>\n\t<meta name=\"twitter:label3\" content=\"Written by\" \/>\n\t<meta name=\"twitter:data3\" content=\"\u0218tefan Baciu\" \/>\n<script type=\"application\/ld+json\" class=\"yoast-schema-graph\">{\"@context\":\"https:\\\/\\\/schema.org\",\"@graph\":[{\"@type\":\"Article\",\"@id\":\"https:\\\/\\\/www.rri.ro\\\/de\\\/rubriken\\\/es-gruent-so-gruen-drei-minuten-fuer-die-umwelt\\\/patrouille-null-plastik-wwf-fuehrt-erneut-kampagne-gegen-plastikmuell-im-donaudelta-durch-id637094.html#article\",\"isPartOf\":{\"@id\":\"https:\\\/\\\/www.rri.ro\\\/de\\\/rubriken\\\/es-gruent-so-gruen-drei-minuten-fuer-die-umwelt\\\/patrouille-null-plastik-wwf-fuehrt-erneut-kampagne-gegen-plastikmuell-im-donaudelta-durch-id637094.html\"},\"author\":{\"name\":\"\u0218tefan Baciu\",\"@id\":\"https:\\\/\\\/www.rri.ro\\\/#\\\/schema\\\/person\\\/fbb3638d6b8cdc5f110e10b1e6f1b7b5\"},\"headline\":\"Patrouille Null Plastik: WWF f\u00fchrt erneut Kampagne gegen Plastikm\u00fcll im Donaudelta durch\",\"datePublished\":\"2020-08-10T15:00:00+00:00\",\"mainEntityOfPage\":{\"@id\":\"https:\\\/\\\/www.rri.ro\\\/de\\\/rubriken\\\/es-gruent-so-gruen-drei-minuten-fuer-die-umwelt\\\/patrouille-null-plastik-wwf-fuehrt-erneut-kampagne-gegen-plastikmuell-im-donaudelta-durch-id637094.html\"},\"wordCount\":593,\"image\":{\"@id\":\"https:\\\/\\\/www.rri.ro\\\/de\\\/rubriken\\\/es-gruent-so-gruen-drei-minuten-fuer-die-umwelt\\\/patrouille-null-plastik-wwf-fuehrt-erneut-kampagne-gegen-plastikmuell-im-donaudelta-durch-id637094.html#primaryimage\"},\"thumbnailUrl\":\"https:\\\/\\\/www.rri.ro\\\/wp-content\\\/uploads\\\/2024\\\/02\\\/patrula-zerso-plastic-fb-wwf-romania.jpg\",\"keywords\":[\"Donau\",\"Donaudelta\",\"Patrouille Null Plastik\",\"Plastikabf\u00e4lle\",\"Plastikm\u00fcll\",\"Rum\u00e4nien\",\"WWF\"],\"articleSection\":[\"Es gr\u00fcnt so gr\u00fcn \u2013 drei Minuten f\u00fcr die Umwelt\"],\"inLanguage\":\"de\"},{\"@type\":\"WebPage\",\"@id\":\"https:\\\/\\\/www.rri.ro\\\/de\\\/rubriken\\\/es-gruent-so-gruen-drei-minuten-fuer-die-umwelt\\\/patrouille-null-plastik-wwf-fuehrt-erneut-kampagne-gegen-plastikmuell-im-donaudelta-durch-id637094.html\",\"url\":\"https:\\\/\\\/www.rri.ro\\\/de\\\/rubriken\\\/es-gruent-so-gruen-drei-minuten-fuer-die-umwelt\\\/patrouille-null-plastik-wwf-fuehrt-erneut-kampagne-gegen-plastikmuell-im-donaudelta-durch-id637094.html\",\"name\":\"Patrouille Null Plastik: WWF f\u00fchrt erneut Kampagne gegen Plastikm\u00fcll im Donaudelta durch - Radio Rum\u00e4nien International\",\"isPartOf\":{\"@id\":\"https:\\\/\\\/www.rri.ro\\\/#website\"},\"primaryImageOfPage\":{\"@id\":\"https:\\\/\\\/www.rri.ro\\\/de\\\/rubriken\\\/es-gruent-so-gruen-drei-minuten-fuer-die-umwelt\\\/patrouille-null-plastik-wwf-fuehrt-erneut-kampagne-gegen-plastikmuell-im-donaudelta-durch-id637094.html#primaryimage\"},\"image\":{\"@id\":\"https:\\\/\\\/www.rri.ro\\\/de\\\/rubriken\\\/es-gruent-so-gruen-drei-minuten-fuer-die-umwelt\\\/patrouille-null-plastik-wwf-fuehrt-erneut-kampagne-gegen-plastikmuell-im-donaudelta-durch-id637094.html#primaryimage\"},\"thumbnailUrl\":\"https:\\\/\\\/www.rri.ro\\\/wp-content\\\/uploads\\\/2024\\\/02\\\/patrula-zerso-plastic-fb-wwf-romania.jpg\",\"datePublished\":\"2020-08-10T15:00:00+00:00\",\"author\":{\"@id\":\"https:\\\/\\\/www.rri.ro\\\/#\\\/schema\\\/person\\\/fbb3638d6b8cdc5f110e10b1e6f1b7b5\"},\"breadcrumb\":{\"@id\":\"https:\\\/\\\/www.rri.ro\\\/de\\\/rubriken\\\/es-gruent-so-gruen-drei-minuten-fuer-die-umwelt\\\/patrouille-null-plastik-wwf-fuehrt-erneut-kampagne-gegen-plastikmuell-im-donaudelta-durch-id637094.html#breadcrumb\"},\"inLanguage\":\"de\",\"potentialAction\":[{\"@type\":\"ReadAction\",\"target\":[\"https:\\\/\\\/www.rri.ro\\\/de\\\/rubriken\\\/es-gruent-so-gruen-drei-minuten-fuer-die-umwelt\\\/patrouille-null-plastik-wwf-fuehrt-erneut-kampagne-gegen-plastikmuell-im-donaudelta-durch-id637094.html\"]}]},{\"@type\":\"ImageObject\",\"inLanguage\":\"de\",\"@id\":\"https:\\\/\\\/www.rri.ro\\\/de\\\/rubriken\\\/es-gruent-so-gruen-drei-minuten-fuer-die-umwelt\\\/patrouille-null-plastik-wwf-fuehrt-erneut-kampagne-gegen-plastikmuell-im-donaudelta-durch-id637094.html#primaryimage\",\"url\":\"https:\\\/\\\/www.rri.ro\\\/wp-content\\\/uploads\\\/2024\\\/02\\\/patrula-zerso-plastic-fb-wwf-romania.jpg\",\"contentUrl\":\"https:\\\/\\\/www.rri.ro\\\/wp-content\\\/uploads\\\/2024\\\/02\\\/patrula-zerso-plastic-fb-wwf-romania.jpg\",\"width\":800,\"height\":600},{\"@type\":\"BreadcrumbList\",\"@id\":\"https:\\\/\\\/www.rri.ro\\\/de\\\/rubriken\\\/es-gruent-so-gruen-drei-minuten-fuer-die-umwelt\\\/patrouille-null-plastik-wwf-fuehrt-erneut-kampagne-gegen-plastikmuell-im-donaudelta-durch-id637094.html#breadcrumb\",\"itemListElement\":[{\"@type\":\"ListItem\",\"position\":1,\"name\":\"Startseite\",\"item\":\"https:\\\/\\\/www.rri.ro\\\/de\"},{\"@type\":\"ListItem\",\"position\":2,\"name\":\"Rubriken\",\"item\":\"https:\\\/\\\/www.rri.ro\\\/de\\\/rubriken\"},{\"@type\":\"ListItem\",\"position\":3,\"name\":\"Es gr\u00fcnt so gr\u00fcn \u2013 drei Minuten f\u00fcr die Umwelt\",\"item\":\"https:\\\/\\\/www.rri.ro\\\/de\\\/rubriken\\\/es-gruent-so-gruen-drei-minuten-fuer-die-umwelt\"},{\"@type\":\"ListItem\",\"position\":4,\"name\":\"Patrouille Null Plastik: WWF f\u00fchrt erneut Kampagne gegen Plastikm\u00fcll im Donaudelta durch\"}]},{\"@type\":\"WebSite\",\"@id\":\"https:\\\/\\\/www.rri.ro\\\/#website\",\"url\":\"https:\\\/\\\/www.rri.ro\\\/\",\"name\":\"Radio Rum\u00e4nien International\",\"description\":\"Totul despre Rom\u00e2nia \u015fi rom\u00e2ni, \u00een 13 limbi\\\/dialecte!\",\"inLanguage\":\"de\"},{\"@type\":\"Person\",\"@id\":\"https:\\\/\\\/www.rri.ro\\\/#\\\/schema\\\/person\\\/fbb3638d6b8cdc5f110e10b1e6f1b7b5\",\"name\":\"\u0218tefan Baciu\",\"url\":\"https:\\\/\\\/www.rri.ro\\\/de\\\/author\\\/stefan-baciu\"}]}<\/script>\n<!-- \/ Yoast SEO plugin. -->","yoast_head_json":{"title":"Patrouille Null Plastik: WWF f\u00fchrt erneut Kampagne gegen Plastikm\u00fcll im Donaudelta durch - Radio Rum\u00e4nien International","robots":{"index":"index","follow":"follow","max-snippet":"max-snippet:-1","max-image-preview":"max-image-preview:large","max-video-preview":"max-video-preview:-1"},"canonical":"https:\/\/www.rri.ro\/de\/rubriken\/es-gruent-so-gruen-drei-minuten-fuer-die-umwelt\/patrouille-null-plastik-wwf-fuehrt-erneut-kampagne-gegen-plastikmuell-im-donaudelta-durch-id637094.html","og_locale":"de_DE","og_type":"article","og_title":"Patrouille Null Plastik: WWF f\u00fchrt erneut Kampagne gegen Plastikm\u00fcll im Donaudelta durch - Radio Rum\u00e4nien International","og_description":"Die Donau wird allm\u00e4hlich durch Unmengen an Plastikabf\u00e4llen erstickt. Dadurch wird nicht nur die Qualit\u00e4t der Gew\u00e4sser gef\u00e4hrdet, sondern auch die Artenvielfalt und die Natur.","og_url":"https:\/\/www.rri.ro\/de\/rubriken\/es-gruent-so-gruen-drei-minuten-fuer-die-umwelt\/patrouille-null-plastik-wwf-fuehrt-erneut-kampagne-gegen-plastikmuell-im-donaudelta-durch-id637094.html","og_site_name":"Radio Rum\u00e4nien International","article_published_time":"2020-08-10T15:00:00+00:00","og_image":[{"width":800,"height":600,"url":"https:\/\/www.rri.ro\/wp-content\/uploads\/2024\/02\/patrula-zerso-plastic-fb-wwf-romania.jpg","type":"image\/jpeg"}],"author":"\u0218tefan Baciu","twitter_card":"summary_large_image","twitter_misc":{"Verfasst von":"\u0218tefan Baciu","Gesch\u00e4tzte Lesezeit":"3\u00a0Minuten","Written by":"\u0218tefan Baciu"},"schema":{"@context":"https:\/\/schema.org","@graph":[{"@type":"Article","@id":"https:\/\/www.rri.ro\/de\/rubriken\/es-gruent-so-gruen-drei-minuten-fuer-die-umwelt\/patrouille-null-plastik-wwf-fuehrt-erneut-kampagne-gegen-plastikmuell-im-donaudelta-durch-id637094.html#article","isPartOf":{"@id":"https:\/\/www.rri.ro\/de\/rubriken\/es-gruent-so-gruen-drei-minuten-fuer-die-umwelt\/patrouille-null-plastik-wwf-fuehrt-erneut-kampagne-gegen-plastikmuell-im-donaudelta-durch-id637094.html"},"author":{"name":"\u0218tefan Baciu","@id":"https:\/\/www.rri.ro\/#\/schema\/person\/fbb3638d6b8cdc5f110e10b1e6f1b7b5"},"headline":"Patrouille Null Plastik: WWF f\u00fchrt erneut Kampagne gegen Plastikm\u00fcll im Donaudelta durch","datePublished":"2020-08-10T15:00:00+00:00","mainEntityOfPage":{"@id":"https:\/\/www.rri.ro\/de\/rubriken\/es-gruent-so-gruen-drei-minuten-fuer-die-umwelt\/patrouille-null-plastik-wwf-fuehrt-erneut-kampagne-gegen-plastikmuell-im-donaudelta-durch-id637094.html"},"wordCount":593,"image":{"@id":"https:\/\/www.rri.ro\/de\/rubriken\/es-gruent-so-gruen-drei-minuten-fuer-die-umwelt\/patrouille-null-plastik-wwf-fuehrt-erneut-kampagne-gegen-plastikmuell-im-donaudelta-durch-id637094.html#primaryimage"},"thumbnailUrl":"https:\/\/www.rri.ro\/wp-content\/uploads\/2024\/02\/patrula-zerso-plastic-fb-wwf-romania.jpg","keywords":["Donau","Donaudelta","Patrouille Null Plastik","Plastikabf\u00e4lle","Plastikm\u00fcll","Rum\u00e4nien","WWF"],"articleSection":["Es gr\u00fcnt so gr\u00fcn \u2013 drei Minuten f\u00fcr die Umwelt"],"inLanguage":"de"},{"@type":"WebPage","@id":"https:\/\/www.rri.ro\/de\/rubriken\/es-gruent-so-gruen-drei-minuten-fuer-die-umwelt\/patrouille-null-plastik-wwf-fuehrt-erneut-kampagne-gegen-plastikmuell-im-donaudelta-durch-id637094.html","url":"https:\/\/www.rri.ro\/de\/rubriken\/es-gruent-so-gruen-drei-minuten-fuer-die-umwelt\/patrouille-null-plastik-wwf-fuehrt-erneut-kampagne-gegen-plastikmuell-im-donaudelta-durch-id637094.html","name":"Patrouille Null Plastik: WWF f\u00fchrt erneut Kampagne gegen Plastikm\u00fcll im Donaudelta durch - Radio Rum\u00e4nien International","isPartOf":{"@id":"https:\/\/www.rri.ro\/#website"},"primaryImageOfPage":{"@id":"https:\/\/www.rri.ro\/de\/rubriken\/es-gruent-so-gruen-drei-minuten-fuer-die-umwelt\/patrouille-null-plastik-wwf-fuehrt-erneut-kampagne-gegen-plastikmuell-im-donaudelta-durch-id637094.html#primaryimage"},"image":{"@id":"https:\/\/www.rri.ro\/de\/rubriken\/es-gruent-so-gruen-drei-minuten-fuer-die-umwelt\/patrouille-null-plastik-wwf-fuehrt-erneut-kampagne-gegen-plastikmuell-im-donaudelta-durch-id637094.html#primaryimage"},"thumbnailUrl":"https:\/\/www.rri.ro\/wp-content\/uploads\/2024\/02\/patrula-zerso-plastic-fb-wwf-romania.jpg","datePublished":"2020-08-10T15:00:00+00:00","author":{"@id":"https:\/\/www.rri.ro\/#\/schema\/person\/fbb3638d6b8cdc5f110e10b1e6f1b7b5"},"breadcrumb":{"@id":"https:\/\/www.rri.ro\/de\/rubriken\/es-gruent-so-gruen-drei-minuten-fuer-die-umwelt\/patrouille-null-plastik-wwf-fuehrt-erneut-kampagne-gegen-plastikmuell-im-donaudelta-durch-id637094.html#breadcrumb"},"inLanguage":"de","potentialAction":[{"@type":"ReadAction","target":["https:\/\/www.rri.ro\/de\/rubriken\/es-gruent-so-gruen-drei-minuten-fuer-die-umwelt\/patrouille-null-plastik-wwf-fuehrt-erneut-kampagne-gegen-plastikmuell-im-donaudelta-durch-id637094.html"]}]},{"@type":"ImageObject","inLanguage":"de","@id":"https:\/\/www.rri.ro\/de\/rubriken\/es-gruent-so-gruen-drei-minuten-fuer-die-umwelt\/patrouille-null-plastik-wwf-fuehrt-erneut-kampagne-gegen-plastikmuell-im-donaudelta-durch-id637094.html#primaryimage","url":"https:\/\/www.rri.ro\/wp-content\/uploads\/2024\/02\/patrula-zerso-plastic-fb-wwf-romania.jpg","contentUrl":"https:\/\/www.rri.ro\/wp-content\/uploads\/2024\/02\/patrula-zerso-plastic-fb-wwf-romania.jpg","width":800,"height":600},{"@type":"BreadcrumbList","@id":"https:\/\/www.rri.ro\/de\/rubriken\/es-gruent-so-gruen-drei-minuten-fuer-die-umwelt\/patrouille-null-plastik-wwf-fuehrt-erneut-kampagne-gegen-plastikmuell-im-donaudelta-durch-id637094.html#breadcrumb","itemListElement":[{"@type":"ListItem","position":1,"name":"Startseite","item":"https:\/\/www.rri.ro\/de"},{"@type":"ListItem","position":2,"name":"Rubriken","item":"https:\/\/www.rri.ro\/de\/rubriken"},{"@type":"ListItem","position":3,"name":"Es gr\u00fcnt so gr\u00fcn \u2013 drei Minuten f\u00fcr die Umwelt","item":"https:\/\/www.rri.ro\/de\/rubriken\/es-gruent-so-gruen-drei-minuten-fuer-die-umwelt"},{"@type":"ListItem","position":4,"name":"Patrouille Null Plastik: WWF f\u00fchrt erneut Kampagne gegen Plastikm\u00fcll im Donaudelta durch"}]},{"@type":"WebSite","@id":"https:\/\/www.rri.ro\/#website","url":"https:\/\/www.rri.ro\/","name":"Radio Rum\u00e4nien International","description":"Totul despre Rom\u00e2nia \u015fi rom\u00e2ni, \u00een 13 limbi\/dialecte!","inLanguage":"de"},{"@type":"Person","@id":"https:\/\/www.rri.ro\/#\/schema\/person\/fbb3638d6b8cdc5f110e10b1e6f1b7b5","name":"\u0218tefan Baciu","url":"https:\/\/www.rri.ro\/de\/author\/stefan-baciu"}]}},"_links":{"self":[{"href":"https:\/\/www.rri.ro\/de\/wp-json\/wp\/v2\/posts\/637094","targetHints":{"allow":["GET"]}}],"collection":[{"href":"https:\/\/www.rri.ro\/de\/wp-json\/wp\/v2\/posts"}],"about":[{"href":"https:\/\/www.rri.ro\/de\/wp-json\/wp\/v2\/types\/post"}],"author":[{"embeddable":true,"href":"https:\/\/www.rri.ro\/de\/wp-json\/wp\/v2\/users\/125"}],"replies":[{"embeddable":true,"href":"https:\/\/www.rri.ro\/de\/wp-json\/wp\/v2\/comments?post=637094"}],"version-history":[{"count":0,"href":"https:\/\/www.rri.ro\/de\/wp-json\/wp\/v2\/posts\/637094\/revisions"}],"wp:featuredmedia":[{"embeddable":true,"href":"https:\/\/www.rri.ro\/de\/wp-json\/wp\/v2\/media\/637095"}],"wp:attachment":[{"href":"https:\/\/www.rri.ro\/de\/wp-json\/wp\/v2\/media?parent=637094"}],"wp:term":[{"taxonomy":"category","embeddable":true,"href":"https:\/\/www.rri.ro\/de\/wp-json\/wp\/v2\/categories?post=637094"},{"taxonomy":"post_tag","embeddable":true,"href":"https:\/\/www.rri.ro\/de\/wp-json\/wp\/v2\/tags?post=637094"},{"taxonomy":"author","embeddable":true,"href":"https:\/\/www.rri.ro\/de\/wp-json\/wp\/v2\/coauthors?post=637094"}],"curies":[{"name":"wp","href":"https:\/\/api.w.org\/{rel}","templated":true}]}}