{"id":637143,"date":"2021-09-20T00:52:00","date_gmt":"2021-09-19T21:52:00","guid":{"rendered":"http:\/\/devrri.freshlemon.ro\/aktuell\/der-nationale-tag-der-sauberkeit-id637143.html"},"modified":"2021-09-20T00:52:00","modified_gmt":"2021-09-19T21:52:00","slug":"der-nationale-tag-der-sauberkeit","status":"publish","type":"post","link":"https:\/\/www.rri.ro\/de\/rubriken\/es-gruent-so-gruen-drei-minuten-fuer-die-umwelt\/der-nationale-tag-der-sauberkeit-id637143.html","title":{"rendered":"Der nationale Tag der Sauberkeit"},"content":{"rendered":"<p align=center>\n<p>&#13;<br \/>\n&#13;<\/p>\n<p>Der nationale Tag der Sauberkeit ist Teil einer gro\u200e\u00df angelegten Aktion, die zeitgleich von Lets Do It, World\u201c in 175 L\u00e4ndern mit demselben Ziel organisiert wird: eine Welt ohne Abfall.<\/p>\n<p>&#13;<br \/>\n&#13;<\/p>\n<p>&#13;<br \/>\n&#13;<\/p>\n<p>&#13;<br \/>\n&#13;<\/p>\n<p>Der erste National nationale Tag der Sauberkeit, auch Clean Up Day genannt, fand 2010 statt, und seither ist die Zahl der Freiwilligen stetig gestiegen. Wir sprachen im Vorfeld des Tages mit Valentin Krancevik, Umweltbeauftragter von Lets Do It, Rum\u00e4nien. &#8222;Dieses Jahr findet Clean Up zum siebten Mal statt. Man kann die Auswirkungen in der Natur sehen, denn jedes Jahr, wenn wir diese Aktion durchf\u00fchren, gehen wir ins Gr\u00fcne und suchen nach Arealen mit M\u00fcll, wobei es f\u00fcr die Freiwilligen immer schwerer wird viel M\u00fcll zu finden. Dar\u00fcber freuen wir uns jedes Mal ungemein. Wir rechnen im Zug der Pandemie diesmal mit 80 000 bis 100 000 Freiwilligen, aber f\u00fcr dieses Jahr haben wir uns nicht auf eine bestimmte Zahl von Freiwilligen festgesetzt. Ich denke, es wird mehr darum gehen, verantwortungsbewusster zu werden, Dinge verantwortungsvoller anzugehen und die Natur so weit wie m\u00f6glich sauber zu halten. Seit 2010, als wir mit der Aktion begannen, ist die Zahl der Anfragen von Menschen, die helfen wollten, stetig gestiegen. In diesem Jahr haben wir im Kontext der Pandemie Aktionen in nur 28 Landkreisen geplant, aber mithilfe einiger Partner und Gemeinden erreichen wir auch diesmal eine landesweite Abdeckung. Es gingen Anrufe aus Gemeinden ein, in denen wir keinen Koordinator hatten.\u201c<\/p>\n<p>&#13;<br \/>\n&#13;<\/p>\n<p>&#13;<br \/>\n&#13;<\/p>\n<p>&#13;<br \/>\n&#13;<\/p>\n<p>Im Jahr 2020 leitete der Verband Pandemie-bedingt wichtige Schritt Richtung Digitalisierung ein, sagte Vladimir Krancevik. Im Jahr 2020 haben wir es geschafft, eine Erneuerung einzuf\u00fchren. Jeder B\u00fcrger kann \u00fcber die TrashOut-App den M\u00fcll auf seinen Stra\u200e\u00dfen an Lets do it Romania melden. Es handelt sich um eine Anwendung, die von unseren Partnern in der Lets do it World&#8220;-Gemeinschaft entwickelt wurde. Nachdem wir die Meldungen von Freiwilligen erhalten, k\u00fcmmern wir uns darum, sie den Beh\u00f6rden weiterzuleiten. Nach so vielen Jahren haben wir gelernt, dass es eigentlich nicht in der Verantwortung der Menschen liegt, den M\u00fcll zu entfernen. Ja, es ist eine b\u00fcrgerliche Aufgabe und eine sch\u00f6ne Art, seine Freizeit zu verbringen und der Natur zu helfen! Aber letztlich sind die Beh\u00f6rden daf\u00fcr verantwortlich, die Natur sauber zu halten, und zwar mithilfe der B\u00fcrgerinnen und B\u00fcrger, in dem sie Ma\u200e\u00dfnahmen ergreifen oder Bildungs- und Sensibilisierungsprojekte durchf\u00fchren.\u201c<\/p>\n<p>&#13;<br \/>\n&#13;<\/p>\n<p>&#13;<br \/>\n&#13;<\/p>\n<p>&#13;<br \/>\n&#13;<\/p>\n<p>Nach dem Herunterladen der App auf dem Handy und der Erstellung eines Kontos kann jeder B\u00fcrger melden, wo er M\u00fcll im \u00f6ffentlichen Raum sieht, Fotos machen und diese zusammen mit einigen Informationen \u00fcber den Fundort versendet. Valentin Krancevik, Umweltbeauftragter bei Lets Do It, Romania&#8220;, sagt, diese Methode sei sehr effizient. In einem Jahr hatten wir etwa 10.000 Meldungen, von denen 20 % von den Beh\u00f6rden erledigt wurden, wodurch viele zehn Tonnen M\u00fcll aus der Natur entfernt wurden. Das ist es, wor\u00fcber wir uns am meisten freuen! Die meisten roten Bereiche sind nicht die, in denen die B\u00fcrger M\u00fcll entsorgen, sondern die Unternehmen oder Betriebe, die nicht f\u00fcr die Entsorgung bezahlen wollen. Und genau da liegen die gr\u00f6\u200e\u00dften Probleme. Eines dieser Gebiete befindet sich im S\u00fcden Bukarests, in der N\u00e4he des Arge\u0219- Flusses. Die \u00f6rtlichen Verwaltungen haben versprochen, dass sie dieses riesige Gebiet bis Ende September s\u00e4ubern werden\u201c.<\/p>\n<p>&#13;<br \/>\n&#13;<\/p>\n<p>&#13;<br \/>\n&#13;<\/p>\n<p>&#13;<br \/>\n&#13;<\/p>\n<p>Lets Do It, Romania!\u201c ist das gr\u00f6\u200e\u00dfte Projekt f\u00fcr soziales Engagement in Rum\u00e4nien. Von 2010 bis heute hat Lets Do It, Romania!\u201c rund zwei Millionen Freiwillige in nationale S\u00e4uberungsaktionen und \u00fcber 50.000 Sch\u00fcler und Eltern in Umweltbildungsprojekte eingebunden.<\/p>\n<p>&#13;<\/p>\n","protected":false},"excerpt":{"rendered":"<p>Am Sonnabend, dem 18. September war der nationale Tag der Sauberkeit. Freiwillige Helfer, vom Verband Let&#8217;s Do It, Romania\u201c mobilisiert und koordiniert, sammelten den in der Natur zur\u00fcckgelassenen M\u00fcll ein und s\u00e4uberten bestimmte Areale.<\/p>\n","protected":false},"author":125,"featured_media":90486,"comment_status":"closed","ping_status":"closed","sticky":false,"template":"","format":"standard","meta":{"_acf_changed":false,"footnotes":""},"categories":[116782],"tags":[104414,130718,103906,130720],"coauthors":[],"class_list":["post-637143","post","type-post","status-publish","format-standard","has-post-thumbnail","hentry","category-es-gruent-so-gruen-drei-minuten-fuer-die-umwelt","tag-abfall","tag-muell","tag-natur","tag-trashout-app"],"acf":[],"yoast_head":"<!-- This site is optimized with the Yoast SEO plugin v27.3 - https:\/\/yoast.com\/product\/yoast-seo-wordpress\/ -->\n<title>Der nationale Tag der Sauberkeit - Radio Rum\u00e4nien International<\/title>\n<meta name=\"robots\" content=\"index, follow, max-snippet:-1, max-image-preview:large, max-video-preview:-1\" \/>\n<link rel=\"canonical\" href=\"https:\/\/www.rri.ro\/de\/rubriken\/es-gruent-so-gruen-drei-minuten-fuer-die-umwelt\/der-nationale-tag-der-sauberkeit-id637143.html\" \/>\n<meta property=\"og:locale\" content=\"de_DE\" \/>\n<meta property=\"og:type\" content=\"article\" \/>\n<meta property=\"og:title\" content=\"Der nationale Tag der Sauberkeit - Radio Rum\u00e4nien International\" \/>\n<meta property=\"og:description\" content=\"Am Sonnabend, dem 18. September war der nationale Tag der Sauberkeit. Freiwillige Helfer, vom Verband Let&#039;s Do It, Romania\u201c mobilisiert und koordiniert, sammelten den in der Natur zur\u00fcckgelassenen M\u00fcll ein und s\u00e4uberten bestimmte Areale.\" \/>\n<meta property=\"og:url\" content=\"https:\/\/www.rri.ro\/de\/rubriken\/es-gruent-so-gruen-drei-minuten-fuer-die-umwelt\/der-nationale-tag-der-sauberkeit-id637143.html\" \/>\n<meta property=\"og:site_name\" content=\"Radio Rum\u00e4nien International\" \/>\n<meta property=\"article:published_time\" content=\"2021-09-19T21:52:00+00:00\" \/>\n<meta property=\"og:image\" content=\"https:\/\/www.rri.ro\/wp-content\/uploads\/2023\/10\/logo-rri-fundal-bleu-dungi-albe.png\" \/>\n\t<meta property=\"og:image:width\" content=\"640\" \/>\n\t<meta property=\"og:image:height\" content=\"480\" \/>\n\t<meta property=\"og:image:type\" content=\"image\/png\" \/>\n<meta name=\"author\" content=\"\u0218tefan Baciu\" \/>\n<meta name=\"twitter:card\" content=\"summary_large_image\" \/>\n<meta name=\"twitter:label1\" content=\"Verfasst von\" \/>\n\t<meta name=\"twitter:data1\" content=\"\u0218tefan Baciu\" \/>\n\t<meta name=\"twitter:label2\" content=\"Gesch\u00e4tzte Lesezeit\" \/>\n\t<meta name=\"twitter:data2\" content=\"3\u00a0Minuten\" \/>\n\t<meta name=\"twitter:label3\" content=\"Written by\" \/>\n\t<meta name=\"twitter:data3\" content=\"\u0218tefan Baciu\" \/>\n<script type=\"application\/ld+json\" class=\"yoast-schema-graph\">{\"@context\":\"https:\\\/\\\/schema.org\",\"@graph\":[{\"@type\":\"Article\",\"@id\":\"https:\\\/\\\/www.rri.ro\\\/de\\\/rubriken\\\/es-gruent-so-gruen-drei-minuten-fuer-die-umwelt\\\/der-nationale-tag-der-sauberkeit-id637143.html#article\",\"isPartOf\":{\"@id\":\"https:\\\/\\\/www.rri.ro\\\/de\\\/rubriken\\\/es-gruent-so-gruen-drei-minuten-fuer-die-umwelt\\\/der-nationale-tag-der-sauberkeit-id637143.html\"},\"author\":{\"name\":\"\u0218tefan Baciu\",\"@id\":\"https:\\\/\\\/www.rri.ro\\\/#\\\/schema\\\/person\\\/fbb3638d6b8cdc5f110e10b1e6f1b7b5\"},\"headline\":\"Der nationale Tag der Sauberkeit\",\"datePublished\":\"2021-09-19T21:52:00+00:00\",\"mainEntityOfPage\":{\"@id\":\"https:\\\/\\\/www.rri.ro\\\/de\\\/rubriken\\\/es-gruent-so-gruen-drei-minuten-fuer-die-umwelt\\\/der-nationale-tag-der-sauberkeit-id637143.html\"},\"wordCount\":598,\"image\":{\"@id\":\"https:\\\/\\\/www.rri.ro\\\/de\\\/rubriken\\\/es-gruent-so-gruen-drei-minuten-fuer-die-umwelt\\\/der-nationale-tag-der-sauberkeit-id637143.html#primaryimage\"},\"thumbnailUrl\":\"https:\\\/\\\/www.rri.ro\\\/wp-content\\\/uploads\\\/2023\\\/10\\\/logo-rri-fundal-bleu-dungi-albe.png\",\"keywords\":[\"Abfall\",\"M\u00fcll\",\"Natur\",\"TrashOut-App\"],\"articleSection\":[\"Es gr\u00fcnt so gr\u00fcn \u2013 drei Minuten f\u00fcr die Umwelt\"],\"inLanguage\":\"de\"},{\"@type\":\"WebPage\",\"@id\":\"https:\\\/\\\/www.rri.ro\\\/de\\\/rubriken\\\/es-gruent-so-gruen-drei-minuten-fuer-die-umwelt\\\/der-nationale-tag-der-sauberkeit-id637143.html\",\"url\":\"https:\\\/\\\/www.rri.ro\\\/de\\\/rubriken\\\/es-gruent-so-gruen-drei-minuten-fuer-die-umwelt\\\/der-nationale-tag-der-sauberkeit-id637143.html\",\"name\":\"Der nationale Tag der Sauberkeit - Radio Rum\u00e4nien International\",\"isPartOf\":{\"@id\":\"https:\\\/\\\/www.rri.ro\\\/#website\"},\"primaryImageOfPage\":{\"@id\":\"https:\\\/\\\/www.rri.ro\\\/de\\\/rubriken\\\/es-gruent-so-gruen-drei-minuten-fuer-die-umwelt\\\/der-nationale-tag-der-sauberkeit-id637143.html#primaryimage\"},\"image\":{\"@id\":\"https:\\\/\\\/www.rri.ro\\\/de\\\/rubriken\\\/es-gruent-so-gruen-drei-minuten-fuer-die-umwelt\\\/der-nationale-tag-der-sauberkeit-id637143.html#primaryimage\"},\"thumbnailUrl\":\"https:\\\/\\\/www.rri.ro\\\/wp-content\\\/uploads\\\/2023\\\/10\\\/logo-rri-fundal-bleu-dungi-albe.png\",\"datePublished\":\"2021-09-19T21:52:00+00:00\",\"author\":{\"@id\":\"https:\\\/\\\/www.rri.ro\\\/#\\\/schema\\\/person\\\/fbb3638d6b8cdc5f110e10b1e6f1b7b5\"},\"breadcrumb\":{\"@id\":\"https:\\\/\\\/www.rri.ro\\\/de\\\/rubriken\\\/es-gruent-so-gruen-drei-minuten-fuer-die-umwelt\\\/der-nationale-tag-der-sauberkeit-id637143.html#breadcrumb\"},\"inLanguage\":\"de\",\"potentialAction\":[{\"@type\":\"ReadAction\",\"target\":[\"https:\\\/\\\/www.rri.ro\\\/de\\\/rubriken\\\/es-gruent-so-gruen-drei-minuten-fuer-die-umwelt\\\/der-nationale-tag-der-sauberkeit-id637143.html\"]}]},{\"@type\":\"ImageObject\",\"inLanguage\":\"de\",\"@id\":\"https:\\\/\\\/www.rri.ro\\\/de\\\/rubriken\\\/es-gruent-so-gruen-drei-minuten-fuer-die-umwelt\\\/der-nationale-tag-der-sauberkeit-id637143.html#primaryimage\",\"url\":\"https:\\\/\\\/www.rri.ro\\\/wp-content\\\/uploads\\\/2023\\\/10\\\/logo-rri-fundal-bleu-dungi-albe.png\",\"contentUrl\":\"https:\\\/\\\/www.rri.ro\\\/wp-content\\\/uploads\\\/2023\\\/10\\\/logo-rri-fundal-bleu-dungi-albe.png\",\"width\":640,\"height\":480},{\"@type\":\"BreadcrumbList\",\"@id\":\"https:\\\/\\\/www.rri.ro\\\/de\\\/rubriken\\\/es-gruent-so-gruen-drei-minuten-fuer-die-umwelt\\\/der-nationale-tag-der-sauberkeit-id637143.html#breadcrumb\",\"itemListElement\":[{\"@type\":\"ListItem\",\"position\":1,\"name\":\"Startseite\",\"item\":\"https:\\\/\\\/www.rri.ro\\\/de\"},{\"@type\":\"ListItem\",\"position\":2,\"name\":\"Rubriken\",\"item\":\"https:\\\/\\\/www.rri.ro\\\/de\\\/rubriken\"},{\"@type\":\"ListItem\",\"position\":3,\"name\":\"Es gr\u00fcnt so gr\u00fcn \u2013 drei Minuten f\u00fcr die Umwelt\",\"item\":\"https:\\\/\\\/www.rri.ro\\\/de\\\/rubriken\\\/es-gruent-so-gruen-drei-minuten-fuer-die-umwelt\"},{\"@type\":\"ListItem\",\"position\":4,\"name\":\"Der nationale Tag der Sauberkeit\"}]},{\"@type\":\"WebSite\",\"@id\":\"https:\\\/\\\/www.rri.ro\\\/#website\",\"url\":\"https:\\\/\\\/www.rri.ro\\\/\",\"name\":\"Radio Rum\u00e4nien International\",\"description\":\"Totul despre Rom\u00e2nia \u015fi rom\u00e2ni, \u00een 13 limbi\\\/dialecte!\",\"inLanguage\":\"de\"},{\"@type\":\"Person\",\"@id\":\"https:\\\/\\\/www.rri.ro\\\/#\\\/schema\\\/person\\\/fbb3638d6b8cdc5f110e10b1e6f1b7b5\",\"name\":\"\u0218tefan Baciu\",\"url\":\"https:\\\/\\\/www.rri.ro\\\/de\\\/author\\\/stefan-baciu\"}]}<\/script>\n<!-- \/ Yoast SEO plugin. -->","yoast_head_json":{"title":"Der nationale Tag der Sauberkeit - Radio Rum\u00e4nien International","robots":{"index":"index","follow":"follow","max-snippet":"max-snippet:-1","max-image-preview":"max-image-preview:large","max-video-preview":"max-video-preview:-1"},"canonical":"https:\/\/www.rri.ro\/de\/rubriken\/es-gruent-so-gruen-drei-minuten-fuer-die-umwelt\/der-nationale-tag-der-sauberkeit-id637143.html","og_locale":"de_DE","og_type":"article","og_title":"Der nationale Tag der Sauberkeit - Radio Rum\u00e4nien International","og_description":"Am Sonnabend, dem 18. September war der nationale Tag der Sauberkeit. Freiwillige Helfer, vom Verband Let's Do It, Romania\u201c mobilisiert und koordiniert, sammelten den in der Natur zur\u00fcckgelassenen M\u00fcll ein und s\u00e4uberten bestimmte Areale.","og_url":"https:\/\/www.rri.ro\/de\/rubriken\/es-gruent-so-gruen-drei-minuten-fuer-die-umwelt\/der-nationale-tag-der-sauberkeit-id637143.html","og_site_name":"Radio Rum\u00e4nien International","article_published_time":"2021-09-19T21:52:00+00:00","og_image":[{"width":640,"height":480,"url":"https:\/\/www.rri.ro\/wp-content\/uploads\/2023\/10\/logo-rri-fundal-bleu-dungi-albe.png","type":"image\/png"}],"author":"\u0218tefan Baciu","twitter_card":"summary_large_image","twitter_misc":{"Verfasst von":"\u0218tefan Baciu","Gesch\u00e4tzte Lesezeit":"3\u00a0Minuten","Written by":"\u0218tefan Baciu"},"schema":{"@context":"https:\/\/schema.org","@graph":[{"@type":"Article","@id":"https:\/\/www.rri.ro\/de\/rubriken\/es-gruent-so-gruen-drei-minuten-fuer-die-umwelt\/der-nationale-tag-der-sauberkeit-id637143.html#article","isPartOf":{"@id":"https:\/\/www.rri.ro\/de\/rubriken\/es-gruent-so-gruen-drei-minuten-fuer-die-umwelt\/der-nationale-tag-der-sauberkeit-id637143.html"},"author":{"name":"\u0218tefan Baciu","@id":"https:\/\/www.rri.ro\/#\/schema\/person\/fbb3638d6b8cdc5f110e10b1e6f1b7b5"},"headline":"Der nationale Tag der Sauberkeit","datePublished":"2021-09-19T21:52:00+00:00","mainEntityOfPage":{"@id":"https:\/\/www.rri.ro\/de\/rubriken\/es-gruent-so-gruen-drei-minuten-fuer-die-umwelt\/der-nationale-tag-der-sauberkeit-id637143.html"},"wordCount":598,"image":{"@id":"https:\/\/www.rri.ro\/de\/rubriken\/es-gruent-so-gruen-drei-minuten-fuer-die-umwelt\/der-nationale-tag-der-sauberkeit-id637143.html#primaryimage"},"thumbnailUrl":"https:\/\/www.rri.ro\/wp-content\/uploads\/2023\/10\/logo-rri-fundal-bleu-dungi-albe.png","keywords":["Abfall","M\u00fcll","Natur","TrashOut-App"],"articleSection":["Es gr\u00fcnt so gr\u00fcn \u2013 drei Minuten f\u00fcr die Umwelt"],"inLanguage":"de"},{"@type":"WebPage","@id":"https:\/\/www.rri.ro\/de\/rubriken\/es-gruent-so-gruen-drei-minuten-fuer-die-umwelt\/der-nationale-tag-der-sauberkeit-id637143.html","url":"https:\/\/www.rri.ro\/de\/rubriken\/es-gruent-so-gruen-drei-minuten-fuer-die-umwelt\/der-nationale-tag-der-sauberkeit-id637143.html","name":"Der nationale Tag der Sauberkeit - Radio Rum\u00e4nien International","isPartOf":{"@id":"https:\/\/www.rri.ro\/#website"},"primaryImageOfPage":{"@id":"https:\/\/www.rri.ro\/de\/rubriken\/es-gruent-so-gruen-drei-minuten-fuer-die-umwelt\/der-nationale-tag-der-sauberkeit-id637143.html#primaryimage"},"image":{"@id":"https:\/\/www.rri.ro\/de\/rubriken\/es-gruent-so-gruen-drei-minuten-fuer-die-umwelt\/der-nationale-tag-der-sauberkeit-id637143.html#primaryimage"},"thumbnailUrl":"https:\/\/www.rri.ro\/wp-content\/uploads\/2023\/10\/logo-rri-fundal-bleu-dungi-albe.png","datePublished":"2021-09-19T21:52:00+00:00","author":{"@id":"https:\/\/www.rri.ro\/#\/schema\/person\/fbb3638d6b8cdc5f110e10b1e6f1b7b5"},"breadcrumb":{"@id":"https:\/\/www.rri.ro\/de\/rubriken\/es-gruent-so-gruen-drei-minuten-fuer-die-umwelt\/der-nationale-tag-der-sauberkeit-id637143.html#breadcrumb"},"inLanguage":"de","potentialAction":[{"@type":"ReadAction","target":["https:\/\/www.rri.ro\/de\/rubriken\/es-gruent-so-gruen-drei-minuten-fuer-die-umwelt\/der-nationale-tag-der-sauberkeit-id637143.html"]}]},{"@type":"ImageObject","inLanguage":"de","@id":"https:\/\/www.rri.ro\/de\/rubriken\/es-gruent-so-gruen-drei-minuten-fuer-die-umwelt\/der-nationale-tag-der-sauberkeit-id637143.html#primaryimage","url":"https:\/\/www.rri.ro\/wp-content\/uploads\/2023\/10\/logo-rri-fundal-bleu-dungi-albe.png","contentUrl":"https:\/\/www.rri.ro\/wp-content\/uploads\/2023\/10\/logo-rri-fundal-bleu-dungi-albe.png","width":640,"height":480},{"@type":"BreadcrumbList","@id":"https:\/\/www.rri.ro\/de\/rubriken\/es-gruent-so-gruen-drei-minuten-fuer-die-umwelt\/der-nationale-tag-der-sauberkeit-id637143.html#breadcrumb","itemListElement":[{"@type":"ListItem","position":1,"name":"Startseite","item":"https:\/\/www.rri.ro\/de"},{"@type":"ListItem","position":2,"name":"Rubriken","item":"https:\/\/www.rri.ro\/de\/rubriken"},{"@type":"ListItem","position":3,"name":"Es gr\u00fcnt so gr\u00fcn \u2013 drei Minuten f\u00fcr die Umwelt","item":"https:\/\/www.rri.ro\/de\/rubriken\/es-gruent-so-gruen-drei-minuten-fuer-die-umwelt"},{"@type":"ListItem","position":4,"name":"Der nationale Tag der Sauberkeit"}]},{"@type":"WebSite","@id":"https:\/\/www.rri.ro\/#website","url":"https:\/\/www.rri.ro\/","name":"Radio Rum\u00e4nien International","description":"Totul despre Rom\u00e2nia \u015fi rom\u00e2ni, \u00een 13 limbi\/dialecte!","inLanguage":"de"},{"@type":"Person","@id":"https:\/\/www.rri.ro\/#\/schema\/person\/fbb3638d6b8cdc5f110e10b1e6f1b7b5","name":"\u0218tefan Baciu","url":"https:\/\/www.rri.ro\/de\/author\/stefan-baciu"}]}},"_links":{"self":[{"href":"https:\/\/www.rri.ro\/de\/wp-json\/wp\/v2\/posts\/637143","targetHints":{"allow":["GET"]}}],"collection":[{"href":"https:\/\/www.rri.ro\/de\/wp-json\/wp\/v2\/posts"}],"about":[{"href":"https:\/\/www.rri.ro\/de\/wp-json\/wp\/v2\/types\/post"}],"author":[{"embeddable":true,"href":"https:\/\/www.rri.ro\/de\/wp-json\/wp\/v2\/users\/125"}],"replies":[{"embeddable":true,"href":"https:\/\/www.rri.ro\/de\/wp-json\/wp\/v2\/comments?post=637143"}],"version-history":[{"count":0,"href":"https:\/\/www.rri.ro\/de\/wp-json\/wp\/v2\/posts\/637143\/revisions"}],"wp:featuredmedia":[{"embeddable":true,"href":"https:\/\/www.rri.ro\/de\/wp-json\/wp\/v2\/media\/90486"}],"wp:attachment":[{"href":"https:\/\/www.rri.ro\/de\/wp-json\/wp\/v2\/media?parent=637143"}],"wp:term":[{"taxonomy":"category","embeddable":true,"href":"https:\/\/www.rri.ro\/de\/wp-json\/wp\/v2\/categories?post=637143"},{"taxonomy":"post_tag","embeddable":true,"href":"https:\/\/www.rri.ro\/de\/wp-json\/wp\/v2\/tags?post=637143"},{"taxonomy":"author","embeddable":true,"href":"https:\/\/www.rri.ro\/de\/wp-json\/wp\/v2\/coauthors?post=637143"}],"curies":[{"name":"wp","href":"https:\/\/api.w.org\/{rel}","templated":true}]}}