{"id":637742,"date":"2014-11-04T14:15:00","date_gmt":"2014-11-04T12:15:00","guid":{"rendered":"http:\/\/devrri.freshlemon.ro\/aktuell\/neustart-fuer-bukarester-literaturgespraeche-id637742.html"},"modified":"2014-11-04T14:15:00","modified_gmt":"2014-11-04T12:15:00","slug":"neustart-fuer-bukarester-literaturgespraeche","status":"publish","type":"post","link":"https:\/\/www.rri.ro\/de\/rubriken\/blickpunkt-kultur\/neustart-fuer-bukarester-literaturgespraeche-id637742.html","title":{"rendered":"Neustart f\u00fcr Bukarester Literaturgespr\u00e4che"},"content":{"rendered":"<p>Letzte Woche ist im Bukarester Literaturcaf\u00e9 C\u0103rture\u015fti Verona eine Dialogreihe mit bekannten rum\u00e4nischen Autoren neu angelaufen &#8212; diesmal unter dem Titel Wie gehts denn so, Herr Schriftsteller bzw. nat\u00fcrlich Frau Schriftstellerin? (im Original: Ce mai faci, scriitorule?). <\/p>\n<p>&#13;<br \/>\n&#13;<\/p>\n<p>&#13;<br \/>\n&#13;<\/p>\n<p>Als erster Gast der Literaturdialoge durfte Iulian T\u0103nase \u00fcber sich erz\u00e4hlen: Ich bin 41 geworden, die Jahre habe ich m\u00fchsam einzeln angeh\u00e4uft. Ich habe zwei H\u00e4nde (links und rechts), zwei F\u00fc\u200e\u00dfe (links und rechts), zwei Augen (mal blau, mal rot unterlaufen), zwei Kinder (Adora und Sascha), eine Katze (namens Gogo), zwei Eltern (Mutter und Vater), eine Schwester (Simona), eine Frau (Ioana), ein Ged\u00e4chtnis (das ziemlich schlecht ist), eine Phantasie (die ziemlich \u00fcberbordend ist), zwei Uniabschl\u00fcsse (BWL und Philosophie), 13 B\u00fccher (zu viele), zwei Preise (einen deutschen f\u00fcr Dichtkunst, einen \u00f6sterreichischen f\u00fcr Prosa), 15 Jahre Arbeit bei Satirezeitschriften am Buckel (13 davon bei der Academia Ca\u0163avencu, zwei bei der Kamikaze), fast zehn Jahre Radio (nur bei Radio Guerrilla) plus ein St\u00fcckchen Hoffnung &#8212; das Gute siegt immer und \u00fcberall. <\/p>\n<p>&#13;<br \/>\n&#13;<\/p>\n<p>&#13;<br \/>\n&#13;<\/p>\n<p>&#13;<br \/>\n&#13;<\/p>\n<p>Zu den B\u00fcchern von Iulian T\u0103nase geh\u00f6ren: Iubitafizica\u201d (erschienen 2002 im Vinea-Verlag); Inainte \/ dup\u0103 &#8212; 52 de apari\u0163ii transvizuale generate de hazard\u201d (herausgegeben mit Gheorghe Rasovszky, Dan Stanciu und Sasha Vlad) im ICARE-Verlag im Jahr 2003); Adora\u201d (ver\u00f6ffentlicht 2009 im ART-Verlag); Cucamonga\u201d &#8211;  Herg Benet Verlag (2011), Oase migratoare\u201d (Nemira, 2012) und \u201dManualul \u00cembl\u00e2nzitorului de cafele\u201d (Herg Benet Verlag, 2013). <\/p>\n<p>&#13;<br \/>\n&#13;<\/p>\n<p>&#13;<br \/>\n&#13;<\/p>\n<p>Wie der Autor seine Begegnung mit dem Publikum im Literatucaf\u00e9 C\u0103rture\u015fti empfunden hat, erz\u00e4hlt er selbst: <em>Das war ein sehr nettes Treffen im C\u0103rture\u015fti; ich habe normalerweise vor solchen Begegnungen enormes Lampenfieber &#8212; als Radiomensch bin ich ja alleine vor dem Mikro und keiner sieht mich. Aber das Publikum war super und ich konnte mich schnell entspannen. Au\u200e\u00dferdem waren die Gastgeber von C\u0103rture\u015fti absolute Spitze. Zudem kamen viele Leute, die mich aus dem Radio kennen. Es war ganz nett, wir haben \u00fcber B\u00fccher geplaudert, \u00fcber das Leben, \u00fcber Gott und die Welt. Und wir haben sehr viel gelacht &#8211;  ich mag das n\u00e4mlich: Leute zum Lachen zu bringen.\u201d<\/em><\/p>\n<p>&#13;<br \/>\n&#13;<\/p>\n<p>&#13;<br \/>\n&#13;<\/p>\n<p>&#13;<br \/>\n&#13;<\/p>\n<p>Iulian T\u0103nase hat 2002 auch den Sammelband Pentru Gellu Naum \/ For Gellu Naum\u201d koordiniert, ein Kooperationsprojekt der Verlage Vinea und ICARE und sich auch um die Athanor-Hefte der Gellu Naum Stiftung zusammen mit seinem Kollegen Dan Stanciu gek\u00fcmmert. Er beteiligte sich 2008 am International Writers Workshop in Hong Kongund im selben Jahr wie auch im Vorjahr am London International Festival of Surrealism. Er ver\u00f6ffentlicht Texte in Zeitschriften und Antologien in Rum\u00e4nien, Deutschland, \u00d6sterreich, Gro\u200e\u00dfbritannien, den USA,  Hong Kong, Slowenien, Tschechien. In vielen dieser L\u00e4nder war er auch Gastlektor. <\/p>\n<p>&#13;<br \/>\n&#13;<\/p>\n<p>&#13;<br \/>\n&#13;<\/p>\n<p>Im Moment arbeitet er an einem neuen Buch: <em>Ich schreibe an einem Buch \u00fcber das Schweigen. Das Buch hat eine komplizierte Vorgeschichte &#8212; ich habe damit schon 2008 angefangen, als ich noch Philosophie an der Uni studierte. Am Anfang standen kurze \u00c4u\u200e\u00dferungen, ausgehend von der Frage Auf wie viele Arten kann man schweigen?\u201d. Ich war selbst neugierig, wie meine Antworten ausfallen werden. Nachdem ich auf etwa 300 mehr oder weniger durchgedrehte Methoden des Schweigens gekommen war, st\u00fcrzte mein Rechner ab und war im Eimer. Alles war weg, mit Ausnahme einiger Spickzettel in einem Heft. Ich habe also von vorne angefangen, und auch die Gliederung des Buches abge\u00e4ndert &#8212; so ist daraus eine Collage von Essays, Gedichten, Erz\u00e4hlungen zu jeder dieser vielen Definitionen des Schweigens geworden\u201d.<\/em><\/p>\n<p>&#13;<br \/>\n&#13;<\/p>\n<p>&#13;<br \/>\n&#13;<\/p>\n<p>Iulian T\u0103nase ist Tr\u00e4ger des Hubert Burda Preises f\u00fcr junge osteurop\u00e4ische Dichter, der ihm in Offenburg im Jahr 2009 verliehen wurde. In Graz gewann er 2011 den ersten Preis des Literaturwettbewerbs 1+1+1=1 Trinitate\u201c f\u00fcr einen Auszug aus seinem Roman Wandernde Knochen (im Original: Oase migratoare\u201d. <\/p>\n<p>&#13;<\/p>\n","protected":false},"excerpt":{"rendered":"<p>Erster Gast der Dialogreihe im Bukarester Literaturcaf\u00e9 C\u0103rture\u015fti Verona war Burda-Preistr\u00e4ger Iulian T\u0103nase<\/p>\n","protected":false},"author":135,"featured_media":637163,"comment_status":"closed","ping_status":"closed","sticky":false,"template":"","format":"standard","meta":{"_acf_changed":false,"footnotes":""},"categories":[116783],"tags":[130746,130747,130745,100877,102128,99589],"coauthors":[],"class_list":["post-637742","post","type-post","status-publish","format-standard","has-post-thumbnail","hentry","category-blickpunkt-kultur","tag-cafe-carturesti-verona","tag-dialogreihe","tag-iulian-tanase","tag-kultur","tag-literatur","tag-rumaenien"],"acf":[],"yoast_head":"<!-- This site is optimized with the Yoast SEO plugin v27.3 - https:\/\/yoast.com\/product\/yoast-seo-wordpress\/ -->\n<title>Neustart f\u00fcr Bukarester Literaturgespr\u00e4che - Radio Rum\u00e4nien International<\/title>\n<meta name=\"robots\" content=\"index, follow, max-snippet:-1, max-image-preview:large, max-video-preview:-1\" \/>\n<link rel=\"canonical\" href=\"https:\/\/www.rri.ro\/de\/rubriken\/blickpunkt-kultur\/neustart-fuer-bukarester-literaturgespraeche-id637742.html\" \/>\n<meta property=\"og:locale\" content=\"de_DE\" \/>\n<meta property=\"og:type\" content=\"article\" \/>\n<meta property=\"og:title\" content=\"Neustart f\u00fcr Bukarester Literaturgespr\u00e4che - Radio Rum\u00e4nien International\" \/>\n<meta property=\"og:description\" content=\"Erster Gast der Dialogreihe im Bukarester Literaturcaf\u00e9 C\u0103rture\u015fti Verona war Burda-Preistr\u00e4ger Iulian T\u0103nase\" \/>\n<meta property=\"og:url\" content=\"https:\/\/www.rri.ro\/de\/rubriken\/blickpunkt-kultur\/neustart-fuer-bukarester-literaturgespraeche-id637742.html\" \/>\n<meta property=\"og:site_name\" content=\"Radio Rum\u00e4nien International\" \/>\n<meta property=\"article:published_time\" content=\"2014-11-04T12:15:00+00:00\" \/>\n<meta property=\"og:image\" content=\"https:\/\/www.rri.ro\/wp-content\/uploads\/2024\/02\/iuliantanase.jpg\" \/>\n\t<meta property=\"og:image:width\" content=\"640\" \/>\n\t<meta property=\"og:image:height\" content=\"864\" \/>\n\t<meta property=\"og:image:type\" content=\"image\/jpeg\" \/>\n<meta name=\"author\" content=\"Corina Sab\u0103u\" \/>\n<meta name=\"twitter:card\" content=\"summary_large_image\" \/>\n<meta name=\"twitter:label1\" content=\"Verfasst von\" \/>\n\t<meta name=\"twitter:data1\" content=\"Corina Sab\u0103u\" \/>\n\t<meta name=\"twitter:label2\" content=\"Gesch\u00e4tzte Lesezeit\" \/>\n\t<meta name=\"twitter:data2\" content=\"3\u00a0Minuten\" \/>\n\t<meta name=\"twitter:label3\" content=\"Written by\" \/>\n\t<meta name=\"twitter:data3\" content=\"Corina Sab\u0103u\" \/>\n<script type=\"application\/ld+json\" class=\"yoast-schema-graph\">{\"@context\":\"https:\\\/\\\/schema.org\",\"@graph\":[{\"@type\":\"Article\",\"@id\":\"https:\\\/\\\/www.rri.ro\\\/de\\\/rubriken\\\/blickpunkt-kultur\\\/neustart-fuer-bukarester-literaturgespraeche-id637742.html#article\",\"isPartOf\":{\"@id\":\"https:\\\/\\\/www.rri.ro\\\/de\\\/rubriken\\\/blickpunkt-kultur\\\/neustart-fuer-bukarester-literaturgespraeche-id637742.html\"},\"author\":{\"name\":\"Corina Sab\u0103u\",\"@id\":\"https:\\\/\\\/www.rri.ro\\\/#\\\/schema\\\/person\\\/f422c4ce48593b32beccebb63f9ceb1e\"},\"headline\":\"Neustart f\u00fcr Bukarester Literaturgespr\u00e4che\",\"datePublished\":\"2014-11-04T12:15:00+00:00\",\"mainEntityOfPage\":{\"@id\":\"https:\\\/\\\/www.rri.ro\\\/de\\\/rubriken\\\/blickpunkt-kultur\\\/neustart-fuer-bukarester-literaturgespraeche-id637742.html\"},\"wordCount\":627,\"image\":{\"@id\":\"https:\\\/\\\/www.rri.ro\\\/de\\\/rubriken\\\/blickpunkt-kultur\\\/neustart-fuer-bukarester-literaturgespraeche-id637742.html#primaryimage\"},\"thumbnailUrl\":\"https:\\\/\\\/www.rri.ro\\\/wp-content\\\/uploads\\\/2024\\\/02\\\/iuliantanase.jpg\",\"keywords\":[\"Cafe C\u0103rture\u015fti Verona\",\"Dialogreihe\",\"Iulian T\u0103nase\",\"Kultur\",\"Literatur\",\"Rum\u00e4nien\"],\"articleSection\":[\"Blickpunkt Kultur\"],\"inLanguage\":\"de\"},{\"@type\":\"WebPage\",\"@id\":\"https:\\\/\\\/www.rri.ro\\\/de\\\/rubriken\\\/blickpunkt-kultur\\\/neustart-fuer-bukarester-literaturgespraeche-id637742.html\",\"url\":\"https:\\\/\\\/www.rri.ro\\\/de\\\/rubriken\\\/blickpunkt-kultur\\\/neustart-fuer-bukarester-literaturgespraeche-id637742.html\",\"name\":\"Neustart f\u00fcr Bukarester Literaturgespr\u00e4che - Radio Rum\u00e4nien International\",\"isPartOf\":{\"@id\":\"https:\\\/\\\/www.rri.ro\\\/#website\"},\"primaryImageOfPage\":{\"@id\":\"https:\\\/\\\/www.rri.ro\\\/de\\\/rubriken\\\/blickpunkt-kultur\\\/neustart-fuer-bukarester-literaturgespraeche-id637742.html#primaryimage\"},\"image\":{\"@id\":\"https:\\\/\\\/www.rri.ro\\\/de\\\/rubriken\\\/blickpunkt-kultur\\\/neustart-fuer-bukarester-literaturgespraeche-id637742.html#primaryimage\"},\"thumbnailUrl\":\"https:\\\/\\\/www.rri.ro\\\/wp-content\\\/uploads\\\/2024\\\/02\\\/iuliantanase.jpg\",\"datePublished\":\"2014-11-04T12:15:00+00:00\",\"author\":{\"@id\":\"https:\\\/\\\/www.rri.ro\\\/#\\\/schema\\\/person\\\/f422c4ce48593b32beccebb63f9ceb1e\"},\"breadcrumb\":{\"@id\":\"https:\\\/\\\/www.rri.ro\\\/de\\\/rubriken\\\/blickpunkt-kultur\\\/neustart-fuer-bukarester-literaturgespraeche-id637742.html#breadcrumb\"},\"inLanguage\":\"de\",\"potentialAction\":[{\"@type\":\"ReadAction\",\"target\":[\"https:\\\/\\\/www.rri.ro\\\/de\\\/rubriken\\\/blickpunkt-kultur\\\/neustart-fuer-bukarester-literaturgespraeche-id637742.html\"]}]},{\"@type\":\"ImageObject\",\"inLanguage\":\"de\",\"@id\":\"https:\\\/\\\/www.rri.ro\\\/de\\\/rubriken\\\/blickpunkt-kultur\\\/neustart-fuer-bukarester-literaturgespraeche-id637742.html#primaryimage\",\"url\":\"https:\\\/\\\/www.rri.ro\\\/wp-content\\\/uploads\\\/2024\\\/02\\\/iuliantanase.jpg\",\"contentUrl\":\"https:\\\/\\\/www.rri.ro\\\/wp-content\\\/uploads\\\/2024\\\/02\\\/iuliantanase.jpg\",\"width\":640,\"height\":864},{\"@type\":\"BreadcrumbList\",\"@id\":\"https:\\\/\\\/www.rri.ro\\\/de\\\/rubriken\\\/blickpunkt-kultur\\\/neustart-fuer-bukarester-literaturgespraeche-id637742.html#breadcrumb\",\"itemListElement\":[{\"@type\":\"ListItem\",\"position\":1,\"name\":\"Startseite\",\"item\":\"https:\\\/\\\/www.rri.ro\\\/de\"},{\"@type\":\"ListItem\",\"position\":2,\"name\":\"Rubriken\",\"item\":\"https:\\\/\\\/www.rri.ro\\\/de\\\/rubriken\"},{\"@type\":\"ListItem\",\"position\":3,\"name\":\"Blickpunkt Kultur\",\"item\":\"https:\\\/\\\/www.rri.ro\\\/de\\\/rubriken\\\/blickpunkt-kultur\"},{\"@type\":\"ListItem\",\"position\":4,\"name\":\"Neustart f\u00fcr Bukarester Literaturgespr\u00e4che\"}]},{\"@type\":\"WebSite\",\"@id\":\"https:\\\/\\\/www.rri.ro\\\/#website\",\"url\":\"https:\\\/\\\/www.rri.ro\\\/\",\"name\":\"Radio Rum\u00e4nien International\",\"description\":\"Totul despre Rom\u00e2nia \u015fi rom\u00e2ni, \u00een 13 limbi\\\/dialecte!\",\"inLanguage\":\"de\"},{\"@type\":\"Person\",\"@id\":\"https:\\\/\\\/www.rri.ro\\\/#\\\/schema\\\/person\\\/f422c4ce48593b32beccebb63f9ceb1e\",\"name\":\"Corina Sab\u0103u\",\"url\":\"https:\\\/\\\/www.rri.ro\\\/de\\\/author\\\/corina-sabau\"}]}<\/script>\n<!-- \/ Yoast SEO plugin. -->","yoast_head_json":{"title":"Neustart f\u00fcr Bukarester Literaturgespr\u00e4che - Radio Rum\u00e4nien International","robots":{"index":"index","follow":"follow","max-snippet":"max-snippet:-1","max-image-preview":"max-image-preview:large","max-video-preview":"max-video-preview:-1"},"canonical":"https:\/\/www.rri.ro\/de\/rubriken\/blickpunkt-kultur\/neustart-fuer-bukarester-literaturgespraeche-id637742.html","og_locale":"de_DE","og_type":"article","og_title":"Neustart f\u00fcr Bukarester Literaturgespr\u00e4che - Radio Rum\u00e4nien International","og_description":"Erster Gast der Dialogreihe im Bukarester Literaturcaf\u00e9 C\u0103rture\u015fti Verona war Burda-Preistr\u00e4ger Iulian T\u0103nase","og_url":"https:\/\/www.rri.ro\/de\/rubriken\/blickpunkt-kultur\/neustart-fuer-bukarester-literaturgespraeche-id637742.html","og_site_name":"Radio Rum\u00e4nien International","article_published_time":"2014-11-04T12:15:00+00:00","og_image":[{"width":640,"height":864,"url":"https:\/\/www.rri.ro\/wp-content\/uploads\/2024\/02\/iuliantanase.jpg","type":"image\/jpeg"}],"author":"Corina Sab\u0103u","twitter_card":"summary_large_image","twitter_misc":{"Verfasst von":"Corina Sab\u0103u","Gesch\u00e4tzte Lesezeit":"3\u00a0Minuten","Written by":"Corina Sab\u0103u"},"schema":{"@context":"https:\/\/schema.org","@graph":[{"@type":"Article","@id":"https:\/\/www.rri.ro\/de\/rubriken\/blickpunkt-kultur\/neustart-fuer-bukarester-literaturgespraeche-id637742.html#article","isPartOf":{"@id":"https:\/\/www.rri.ro\/de\/rubriken\/blickpunkt-kultur\/neustart-fuer-bukarester-literaturgespraeche-id637742.html"},"author":{"name":"Corina Sab\u0103u","@id":"https:\/\/www.rri.ro\/#\/schema\/person\/f422c4ce48593b32beccebb63f9ceb1e"},"headline":"Neustart f\u00fcr Bukarester Literaturgespr\u00e4che","datePublished":"2014-11-04T12:15:00+00:00","mainEntityOfPage":{"@id":"https:\/\/www.rri.ro\/de\/rubriken\/blickpunkt-kultur\/neustart-fuer-bukarester-literaturgespraeche-id637742.html"},"wordCount":627,"image":{"@id":"https:\/\/www.rri.ro\/de\/rubriken\/blickpunkt-kultur\/neustart-fuer-bukarester-literaturgespraeche-id637742.html#primaryimage"},"thumbnailUrl":"https:\/\/www.rri.ro\/wp-content\/uploads\/2024\/02\/iuliantanase.jpg","keywords":["Cafe C\u0103rture\u015fti Verona","Dialogreihe","Iulian T\u0103nase","Kultur","Literatur","Rum\u00e4nien"],"articleSection":["Blickpunkt Kultur"],"inLanguage":"de"},{"@type":"WebPage","@id":"https:\/\/www.rri.ro\/de\/rubriken\/blickpunkt-kultur\/neustart-fuer-bukarester-literaturgespraeche-id637742.html","url":"https:\/\/www.rri.ro\/de\/rubriken\/blickpunkt-kultur\/neustart-fuer-bukarester-literaturgespraeche-id637742.html","name":"Neustart f\u00fcr Bukarester Literaturgespr\u00e4che - Radio Rum\u00e4nien International","isPartOf":{"@id":"https:\/\/www.rri.ro\/#website"},"primaryImageOfPage":{"@id":"https:\/\/www.rri.ro\/de\/rubriken\/blickpunkt-kultur\/neustart-fuer-bukarester-literaturgespraeche-id637742.html#primaryimage"},"image":{"@id":"https:\/\/www.rri.ro\/de\/rubriken\/blickpunkt-kultur\/neustart-fuer-bukarester-literaturgespraeche-id637742.html#primaryimage"},"thumbnailUrl":"https:\/\/www.rri.ro\/wp-content\/uploads\/2024\/02\/iuliantanase.jpg","datePublished":"2014-11-04T12:15:00+00:00","author":{"@id":"https:\/\/www.rri.ro\/#\/schema\/person\/f422c4ce48593b32beccebb63f9ceb1e"},"breadcrumb":{"@id":"https:\/\/www.rri.ro\/de\/rubriken\/blickpunkt-kultur\/neustart-fuer-bukarester-literaturgespraeche-id637742.html#breadcrumb"},"inLanguage":"de","potentialAction":[{"@type":"ReadAction","target":["https:\/\/www.rri.ro\/de\/rubriken\/blickpunkt-kultur\/neustart-fuer-bukarester-literaturgespraeche-id637742.html"]}]},{"@type":"ImageObject","inLanguage":"de","@id":"https:\/\/www.rri.ro\/de\/rubriken\/blickpunkt-kultur\/neustart-fuer-bukarester-literaturgespraeche-id637742.html#primaryimage","url":"https:\/\/www.rri.ro\/wp-content\/uploads\/2024\/02\/iuliantanase.jpg","contentUrl":"https:\/\/www.rri.ro\/wp-content\/uploads\/2024\/02\/iuliantanase.jpg","width":640,"height":864},{"@type":"BreadcrumbList","@id":"https:\/\/www.rri.ro\/de\/rubriken\/blickpunkt-kultur\/neustart-fuer-bukarester-literaturgespraeche-id637742.html#breadcrumb","itemListElement":[{"@type":"ListItem","position":1,"name":"Startseite","item":"https:\/\/www.rri.ro\/de"},{"@type":"ListItem","position":2,"name":"Rubriken","item":"https:\/\/www.rri.ro\/de\/rubriken"},{"@type":"ListItem","position":3,"name":"Blickpunkt Kultur","item":"https:\/\/www.rri.ro\/de\/rubriken\/blickpunkt-kultur"},{"@type":"ListItem","position":4,"name":"Neustart f\u00fcr Bukarester Literaturgespr\u00e4che"}]},{"@type":"WebSite","@id":"https:\/\/www.rri.ro\/#website","url":"https:\/\/www.rri.ro\/","name":"Radio Rum\u00e4nien International","description":"Totul despre Rom\u00e2nia \u015fi rom\u00e2ni, \u00een 13 limbi\/dialecte!","inLanguage":"de"},{"@type":"Person","@id":"https:\/\/www.rri.ro\/#\/schema\/person\/f422c4ce48593b32beccebb63f9ceb1e","name":"Corina Sab\u0103u","url":"https:\/\/www.rri.ro\/de\/author\/corina-sabau"}]}},"_links":{"self":[{"href":"https:\/\/www.rri.ro\/de\/wp-json\/wp\/v2\/posts\/637742","targetHints":{"allow":["GET"]}}],"collection":[{"href":"https:\/\/www.rri.ro\/de\/wp-json\/wp\/v2\/posts"}],"about":[{"href":"https:\/\/www.rri.ro\/de\/wp-json\/wp\/v2\/types\/post"}],"author":[{"embeddable":true,"href":"https:\/\/www.rri.ro\/de\/wp-json\/wp\/v2\/users\/135"}],"replies":[{"embeddable":true,"href":"https:\/\/www.rri.ro\/de\/wp-json\/wp\/v2\/comments?post=637742"}],"version-history":[{"count":0,"href":"https:\/\/www.rri.ro\/de\/wp-json\/wp\/v2\/posts\/637742\/revisions"}],"wp:featuredmedia":[{"embeddable":true,"href":"https:\/\/www.rri.ro\/de\/wp-json\/wp\/v2\/media\/637163"}],"wp:attachment":[{"href":"https:\/\/www.rri.ro\/de\/wp-json\/wp\/v2\/media?parent=637742"}],"wp:term":[{"taxonomy":"category","embeddable":true,"href":"https:\/\/www.rri.ro\/de\/wp-json\/wp\/v2\/categories?post=637742"},{"taxonomy":"post_tag","embeddable":true,"href":"https:\/\/www.rri.ro\/de\/wp-json\/wp\/v2\/tags?post=637742"},{"taxonomy":"author","embeddable":true,"href":"https:\/\/www.rri.ro\/de\/wp-json\/wp\/v2\/coauthors?post=637742"}],"curies":[{"name":"wp","href":"https:\/\/api.w.org\/{rel}","templated":true}]}}