{"id":638960,"date":"2017-08-10T17:45:00","date_gmt":"2017-08-10T14:45:00","guid":{"rendered":"http:\/\/devrri.freshlemon.ro\/aktuell\/die-audiothek-der-scheherazade-literatur-im-gefaengnis-id638960.html"},"modified":"2017-08-10T17:45:00","modified_gmt":"2017-08-10T14:45:00","slug":"die-audiothek-der-scheherazade-literatur-im-gefaengnis","status":"publish","type":"post","link":"https:\/\/www.rri.ro\/de\/rubriken\/blickpunkt-kultur\/die-audiothek-der-scheherazade-literatur-im-gefaengnis-id638960.html","title":{"rendered":"Die Audiothek der Scheherazade \u2013 Literatur im Gef\u00e4ngnis"},"content":{"rendered":"<p>Das Projekt Die Audiothek der Scheherazade\u201c hat sich zum Ziel gesetzt, H\u00e4ftlingen den Zugang zur Kultur zu erm\u00f6glichen. Das von der Kulturstiftung Vis-\u00e0-vis\u201c gestartete Projekt wendet sich an 5.000 Insassen aus 10 rum\u00e4nischen Justizvollzugsanstalten, die somit Ausz\u00fcge literarischer Werke in der Lekt\u00fcre der Initiatorin Adriana Moca im Gef\u00e4ngnisradio h\u00f6ren k\u00f6nnen. Die Darstellerin erz\u00e4hlt, wie die Initiative entstanden ist:<\/p>\n<p>&#13;<br \/>\n&#13;<\/p>\n<p>&#13;<br \/>\n&#13;<\/p>\n<p><em>Das Projekt ist auf eine Idee zur\u00fcckzuf\u00fchren, die ich vor vier oder f\u00fcnf Jahren als Produzentin der Sendung \u00bbDie B\u00fccher der Scheherazade\u00ab hatte. Diese Sendung lief im Kultursender des \u00f6ffentlich-rechtlichen Rundfunks, Radio Rom\u00e2nia Cultural. Ich bin folglich auf den Gedanken gekommen, dass ich sie auch f\u00fcr ein Publikum gestalten k\u00f6nnte, das sonst keine Kultursendung verfolgt.  Ich hatte vor, die Sendung auch in den \u00f6ffentlichen Verkehrsmitteln in Bukarest ausstrahlen zu lassen, damit die Passagiere w\u00e4hrend der Bus-, oder U-Bahnreise eine Kultursendung h\u00f6ren k\u00f6nnen, es war aber leider nicht m\u00f6glich. Dieses Jahr habe ich erneut probiert, das Projekt habe ich diesmal aus einer Doppelperspektive geplant: Einerseits wollte ich es an ein Zielpublikum richten, das einen eingeschr\u00e4nkten Zugang zu Kultur hatte, so zum Beispiel die Insassen einer Haftanstalt, und zweitens an Kinder in voruniversit\u00e4ren Bildungseinrichtungen. Nach Diskussionen mit Lehrern konnte ich feststellen, dass die Kinder eher zur\u00fcckhaltend gegen\u00fcber Literatur sind. Das ist dadurch zu erkl\u00e4ren, dass Literatur nach dem Schulplan unterrichtet wird und die Kinder folglich keinen Zugang zu den wichtigsten B\u00fcchern der Weltliteratur haben, weil ihnen keine Zeit daf\u00fcr \u00fcbrig bleibt.\u201c<\/em><\/p>\n<p>&#13;<br \/>\n&#13;<\/p>\n<p>&#13;<br \/>\n&#13;<\/p>\n<p>&#13;<br \/>\n&#13;<\/p>\n<p>Die Scheherazade steht f\u00fcr die B\u00e4ndigung durch Literatur. Die Legende besagt, sie habe die Wut des K\u00f6nigs Schahray\u00e2r bes\u00e4nftigt, der tausende Jungfrauen zum Tod verurteilen wollte. Ich hoffe, dass dieses Projekt vielen Gefangenen dazu verhelfen wird, Kulturkenntnisse und Ausdruckskompetenzen zu erwerben, weil sie sich k\u00fcnftig auf ihr Leben in Freiheit positiv auswirken lassen k\u00f6nnen\u201c, f\u00fcgt Adriana Moca hinzu.<\/p>\n<p>&#13;<br \/>\n&#13;<\/p>\n<p>&#13;<br \/>\n&#13;<\/p>\n<p>Das Tagebuch der Gl\u00fcckseligkeit\u201c von Nicolae Steinhardt, De profundis\u201c von Oscar Wilde, Bei den Zigeunerinnen\u201c von Mircea Eliade oder Romeo und Julia\u201c von Shakespeare sind nur einige Titel, die das Projekt den Menschen hinter Gittern innerhalb der n\u00e4chsten sechs Monate n\u00e4her bringen wird. Wir haben die Initiatorin des Projektes um weitere Einzelheiten gebeten. Adriana Moca:<\/p>\n<p>&#13;<br \/>\n&#13;<\/p>\n<p>&#13;<br \/>\n&#13;<\/p>\n<p><em>Wir haben eine Liste von 30 Sendungen, also 30 Ausz\u00fcgen aus, meiner Ansicht nach, ausgezeichneten B\u00fcchern der Weltliteratur zusammengestellt, die wir zu diesem Zweck ausgew\u00e4hlt haben. Meine Motivation war der Wunsch, diese Menschen und ihre schlechten Taten ins Gute umzuwandeln. Etwas Gutes steckt in jedem von uns, und hinter Gittern stehen auch Menschen, die einfach ein ungl\u00fcckliches Schicksal haben.\u201c<\/em><\/p>\n<p>&#13;<br \/>\n&#13;<\/p>\n<p>&#13;<br \/>\n&#13;<\/p>\n<p>&#13;<br \/>\n&#13;<\/p>\n<p>Zusammen mit der Nationalen Verwaltung der Haftanstalten hat Adriana Moca vor, das Projekt auch nach seinem offiziellen Ablauf Ende Dezember fortzusetzen. Demn\u00e4chst m\u00f6chte die Darstellerin eine Liste von literarischen Werken zusammenstellen, die sich an Analphabeten und psychisch Kranken richtet. Im Herbst starten die Stiftung Vis-\u00e0-vis\u201c und die Darstellerin den zweiten Teil des Kulturprojektes Die Audiothek der Scheherazade\u201c in den Schulen landesweit, mit dem Ziel, Jugendliche auf den Geschmack f\u00fcr Literatur zu bringen.<\/p>\n<p>&#13;<\/p>\n","protected":false},"excerpt":{"rendered":"<p>Eine rum\u00e4nische Kulturstiftung setzt sich zum Ziel, wichtige B\u00fccher der Weltliteratur auch den Insassen in Justizvollzugsanstalten n\u00e4her zu bringen.<\/p>\n","protected":false},"author":129,"featured_media":637390,"comment_status":"closed","ping_status":"closed","sticky":false,"template":"","format":"standard","meta":{"_acf_changed":false,"footnotes":""},"categories":[116783],"tags":[130934,130931,130932,130933,102128,99589,130935],"coauthors":[],"class_list":["post-638960","post","type-post","status-publish","format-standard","has-post-thumbnail","hentry","category-blickpunkt-kultur","tag-adriana-moca","tag-audiothek","tag-gefaengnisinsassen","tag-justizvollzugsanstalten","tag-literatur","tag-rumaenien","tag-scheherazade"],"acf":[],"yoast_head":"<!-- This site is optimized with the Yoast SEO plugin v27.5 - https:\/\/yoast.com\/product\/yoast-seo-wordpress\/ -->\n<title>Die Audiothek der Scheherazade \u2013 Literatur im Gef\u00e4ngnis - Radio Rum\u00e4nien International<\/title>\n<meta name=\"robots\" content=\"index, follow, max-snippet:-1, max-image-preview:large, max-video-preview:-1\" \/>\n<link rel=\"canonical\" href=\"https:\/\/www.rri.ro\/de\/rubriken\/blickpunkt-kultur\/die-audiothek-der-scheherazade-literatur-im-gefaengnis-id638960.html\" \/>\n<meta property=\"og:locale\" content=\"de_DE\" \/>\n<meta property=\"og:type\" content=\"article\" \/>\n<meta property=\"og:title\" content=\"Die Audiothek der Scheherazade \u2013 Literatur im Gef\u00e4ngnis - Radio Rum\u00e4nien International\" \/>\n<meta property=\"og:description\" content=\"Eine rum\u00e4nische Kulturstiftung setzt sich zum Ziel, wichtige B\u00fccher der Weltliteratur auch den Insassen in Justizvollzugsanstalten n\u00e4her zu bringen.\" \/>\n<meta property=\"og:url\" content=\"https:\/\/www.rri.ro\/de\/rubriken\/blickpunkt-kultur\/die-audiothek-der-scheherazade-literatur-im-gefaengnis-id638960.html\" \/>\n<meta property=\"og:site_name\" content=\"Radio Rum\u00e4nien International\" \/>\n<meta property=\"article:published_time\" content=\"2017-08-10T14:45:00+00:00\" \/>\n<meta property=\"og:image\" content=\"https:\/\/www.rri.ro\/wp-content\/uploads\/2024\/02\/adriana-moca-andrei-dobrin-audiotecaseherezadei-fb.jpg\" \/>\n\t<meta property=\"og:image:width\" content=\"640\" \/>\n\t<meta property=\"og:image:height\" content=\"480\" \/>\n\t<meta property=\"og:image:type\" content=\"image\/png\" \/>\n<meta name=\"author\" content=\"Luana Ple\u015fea\" \/>\n<meta name=\"twitter:card\" content=\"summary_large_image\" \/>\n<meta name=\"twitter:label1\" content=\"Verfasst von\" \/>\n\t<meta name=\"twitter:data1\" content=\"Luana Ple\u015fea\" \/>\n\t<meta name=\"twitter:label2\" content=\"Gesch\u00e4tzte Lesezeit\" \/>\n\t<meta name=\"twitter:data2\" content=\"3\u00a0Minuten\" \/>\n\t<meta name=\"twitter:label3\" content=\"Written by\" \/>\n\t<meta name=\"twitter:data3\" content=\"Luana Ple\u015fea\" \/>\n<script type=\"application\/ld+json\" class=\"yoast-schema-graph\">{\"@context\":\"https:\\\/\\\/schema.org\",\"@graph\":[{\"@type\":\"Article\",\"@id\":\"https:\\\/\\\/www.rri.ro\\\/de\\\/rubriken\\\/blickpunkt-kultur\\\/die-audiothek-der-scheherazade-literatur-im-gefaengnis-id638960.html#article\",\"isPartOf\":{\"@id\":\"https:\\\/\\\/www.rri.ro\\\/de\\\/rubriken\\\/blickpunkt-kultur\\\/die-audiothek-der-scheherazade-literatur-im-gefaengnis-id638960.html\"},\"author\":{\"name\":\"Luana Ple\u015fea\",\"@id\":\"https:\\\/\\\/www.rri.ro\\\/#\\\/schema\\\/person\\\/892d2accbfc1d124f535aac69eed17af\"},\"headline\":\"Die Audiothek der Scheherazade \u2013 Literatur im Gef\u00e4ngnis\",\"datePublished\":\"2017-08-10T14:45:00+00:00\",\"mainEntityOfPage\":{\"@id\":\"https:\\\/\\\/www.rri.ro\\\/de\\\/rubriken\\\/blickpunkt-kultur\\\/die-audiothek-der-scheherazade-literatur-im-gefaengnis-id638960.html\"},\"wordCount\":532,\"image\":{\"@id\":\"https:\\\/\\\/www.rri.ro\\\/de\\\/rubriken\\\/blickpunkt-kultur\\\/die-audiothek-der-scheherazade-literatur-im-gefaengnis-id638960.html#primaryimage\"},\"thumbnailUrl\":\"https:\\\/\\\/www.rri.ro\\\/wp-content\\\/uploads\\\/2024\\\/02\\\/adriana-moca-andrei-dobrin-audiotecaseherezadei-fb.jpg\",\"keywords\":[\"Adriana Moca\",\"Audiothek\",\"Gef\u00e4ngnisinsassen\",\"Justizvollzugsanstalten\",\"Literatur\",\"Rum\u00e4nien\",\"Scheherazade\"],\"articleSection\":[\"Blickpunkt Kultur\"],\"inLanguage\":\"de\"},{\"@type\":\"WebPage\",\"@id\":\"https:\\\/\\\/www.rri.ro\\\/de\\\/rubriken\\\/blickpunkt-kultur\\\/die-audiothek-der-scheherazade-literatur-im-gefaengnis-id638960.html\",\"url\":\"https:\\\/\\\/www.rri.ro\\\/de\\\/rubriken\\\/blickpunkt-kultur\\\/die-audiothek-der-scheherazade-literatur-im-gefaengnis-id638960.html\",\"name\":\"Die Audiothek der Scheherazade \u2013 Literatur im Gef\u00e4ngnis - Radio Rum\u00e4nien International\",\"isPartOf\":{\"@id\":\"https:\\\/\\\/www.rri.ro\\\/#website\"},\"primaryImageOfPage\":{\"@id\":\"https:\\\/\\\/www.rri.ro\\\/de\\\/rubriken\\\/blickpunkt-kultur\\\/die-audiothek-der-scheherazade-literatur-im-gefaengnis-id638960.html#primaryimage\"},\"image\":{\"@id\":\"https:\\\/\\\/www.rri.ro\\\/de\\\/rubriken\\\/blickpunkt-kultur\\\/die-audiothek-der-scheherazade-literatur-im-gefaengnis-id638960.html#primaryimage\"},\"thumbnailUrl\":\"https:\\\/\\\/www.rri.ro\\\/wp-content\\\/uploads\\\/2024\\\/02\\\/adriana-moca-andrei-dobrin-audiotecaseherezadei-fb.jpg\",\"datePublished\":\"2017-08-10T14:45:00+00:00\",\"author\":{\"@id\":\"https:\\\/\\\/www.rri.ro\\\/#\\\/schema\\\/person\\\/892d2accbfc1d124f535aac69eed17af\"},\"breadcrumb\":{\"@id\":\"https:\\\/\\\/www.rri.ro\\\/de\\\/rubriken\\\/blickpunkt-kultur\\\/die-audiothek-der-scheherazade-literatur-im-gefaengnis-id638960.html#breadcrumb\"},\"inLanguage\":\"de\",\"potentialAction\":[{\"@type\":\"ReadAction\",\"target\":[\"https:\\\/\\\/www.rri.ro\\\/de\\\/rubriken\\\/blickpunkt-kultur\\\/die-audiothek-der-scheherazade-literatur-im-gefaengnis-id638960.html\"]}]},{\"@type\":\"ImageObject\",\"inLanguage\":\"de\",\"@id\":\"https:\\\/\\\/www.rri.ro\\\/de\\\/rubriken\\\/blickpunkt-kultur\\\/die-audiothek-der-scheherazade-literatur-im-gefaengnis-id638960.html#primaryimage\",\"url\":\"https:\\\/\\\/www.rri.ro\\\/wp-content\\\/uploads\\\/2024\\\/02\\\/adriana-moca-andrei-dobrin-audiotecaseherezadei-fb.jpg\",\"contentUrl\":\"https:\\\/\\\/www.rri.ro\\\/wp-content\\\/uploads\\\/2024\\\/02\\\/adriana-moca-andrei-dobrin-audiotecaseherezadei-fb.jpg\",\"width\":640,\"height\":480},{\"@type\":\"BreadcrumbList\",\"@id\":\"https:\\\/\\\/www.rri.ro\\\/de\\\/rubriken\\\/blickpunkt-kultur\\\/die-audiothek-der-scheherazade-literatur-im-gefaengnis-id638960.html#breadcrumb\",\"itemListElement\":[{\"@type\":\"ListItem\",\"position\":1,\"name\":\"Startseite\",\"item\":\"https:\\\/\\\/www.rri.ro\\\/de\"},{\"@type\":\"ListItem\",\"position\":2,\"name\":\"Rubriken\",\"item\":\"https:\\\/\\\/www.rri.ro\\\/de\\\/rubriken\"},{\"@type\":\"ListItem\",\"position\":3,\"name\":\"Blickpunkt Kultur\",\"item\":\"https:\\\/\\\/www.rri.ro\\\/de\\\/rubriken\\\/blickpunkt-kultur\"},{\"@type\":\"ListItem\",\"position\":4,\"name\":\"Die Audiothek der Scheherazade \u2013 Literatur im Gef\u00e4ngnis\"}]},{\"@type\":\"WebSite\",\"@id\":\"https:\\\/\\\/www.rri.ro\\\/#website\",\"url\":\"https:\\\/\\\/www.rri.ro\\\/\",\"name\":\"Radio Rum\u00e4nien International\",\"description\":\"Totul despre Rom\u00e2nia \u015fi rom\u00e2ni, \u00een 13 limbi\\\/dialecte!\",\"inLanguage\":\"de\"},{\"@type\":\"Person\",\"@id\":\"https:\\\/\\\/www.rri.ro\\\/#\\\/schema\\\/person\\\/892d2accbfc1d124f535aac69eed17af\",\"name\":\"Luana Ple\u015fea\",\"url\":\"https:\\\/\\\/www.rri.ro\\\/de\\\/author\\\/luana-plesea\"}]}<\/script>\n<!-- \/ Yoast SEO plugin. -->","yoast_head_json":{"title":"Die Audiothek der Scheherazade \u2013 Literatur im Gef\u00e4ngnis - Radio Rum\u00e4nien International","robots":{"index":"index","follow":"follow","max-snippet":"max-snippet:-1","max-image-preview":"max-image-preview:large","max-video-preview":"max-video-preview:-1"},"canonical":"https:\/\/www.rri.ro\/de\/rubriken\/blickpunkt-kultur\/die-audiothek-der-scheherazade-literatur-im-gefaengnis-id638960.html","og_locale":"de_DE","og_type":"article","og_title":"Die Audiothek der Scheherazade \u2013 Literatur im Gef\u00e4ngnis - Radio Rum\u00e4nien International","og_description":"Eine rum\u00e4nische Kulturstiftung setzt sich zum Ziel, wichtige B\u00fccher der Weltliteratur auch den Insassen in Justizvollzugsanstalten n\u00e4her zu bringen.","og_url":"https:\/\/www.rri.ro\/de\/rubriken\/blickpunkt-kultur\/die-audiothek-der-scheherazade-literatur-im-gefaengnis-id638960.html","og_site_name":"Radio Rum\u00e4nien International","article_published_time":"2017-08-10T14:45:00+00:00","og_image":[{"width":640,"height":480,"url":"https:\/\/www.rri.ro\/wp-content\/uploads\/2024\/02\/adriana-moca-andrei-dobrin-audiotecaseherezadei-fb.jpg","type":"image\/png"}],"author":"Luana Ple\u015fea","twitter_card":"summary_large_image","twitter_misc":{"Verfasst von":"Luana Ple\u015fea","Gesch\u00e4tzte Lesezeit":"3\u00a0Minuten","Written by":"Luana Ple\u015fea"},"schema":{"@context":"https:\/\/schema.org","@graph":[{"@type":"Article","@id":"https:\/\/www.rri.ro\/de\/rubriken\/blickpunkt-kultur\/die-audiothek-der-scheherazade-literatur-im-gefaengnis-id638960.html#article","isPartOf":{"@id":"https:\/\/www.rri.ro\/de\/rubriken\/blickpunkt-kultur\/die-audiothek-der-scheherazade-literatur-im-gefaengnis-id638960.html"},"author":{"name":"Luana Ple\u015fea","@id":"https:\/\/www.rri.ro\/#\/schema\/person\/892d2accbfc1d124f535aac69eed17af"},"headline":"Die Audiothek der Scheherazade \u2013 Literatur im Gef\u00e4ngnis","datePublished":"2017-08-10T14:45:00+00:00","mainEntityOfPage":{"@id":"https:\/\/www.rri.ro\/de\/rubriken\/blickpunkt-kultur\/die-audiothek-der-scheherazade-literatur-im-gefaengnis-id638960.html"},"wordCount":532,"image":{"@id":"https:\/\/www.rri.ro\/de\/rubriken\/blickpunkt-kultur\/die-audiothek-der-scheherazade-literatur-im-gefaengnis-id638960.html#primaryimage"},"thumbnailUrl":"https:\/\/www.rri.ro\/wp-content\/uploads\/2024\/02\/adriana-moca-andrei-dobrin-audiotecaseherezadei-fb.jpg","keywords":["Adriana Moca","Audiothek","Gef\u00e4ngnisinsassen","Justizvollzugsanstalten","Literatur","Rum\u00e4nien","Scheherazade"],"articleSection":["Blickpunkt Kultur"],"inLanguage":"de"},{"@type":"WebPage","@id":"https:\/\/www.rri.ro\/de\/rubriken\/blickpunkt-kultur\/die-audiothek-der-scheherazade-literatur-im-gefaengnis-id638960.html","url":"https:\/\/www.rri.ro\/de\/rubriken\/blickpunkt-kultur\/die-audiothek-der-scheherazade-literatur-im-gefaengnis-id638960.html","name":"Die Audiothek der Scheherazade \u2013 Literatur im Gef\u00e4ngnis - Radio Rum\u00e4nien International","isPartOf":{"@id":"https:\/\/www.rri.ro\/#website"},"primaryImageOfPage":{"@id":"https:\/\/www.rri.ro\/de\/rubriken\/blickpunkt-kultur\/die-audiothek-der-scheherazade-literatur-im-gefaengnis-id638960.html#primaryimage"},"image":{"@id":"https:\/\/www.rri.ro\/de\/rubriken\/blickpunkt-kultur\/die-audiothek-der-scheherazade-literatur-im-gefaengnis-id638960.html#primaryimage"},"thumbnailUrl":"https:\/\/www.rri.ro\/wp-content\/uploads\/2024\/02\/adriana-moca-andrei-dobrin-audiotecaseherezadei-fb.jpg","datePublished":"2017-08-10T14:45:00+00:00","author":{"@id":"https:\/\/www.rri.ro\/#\/schema\/person\/892d2accbfc1d124f535aac69eed17af"},"breadcrumb":{"@id":"https:\/\/www.rri.ro\/de\/rubriken\/blickpunkt-kultur\/die-audiothek-der-scheherazade-literatur-im-gefaengnis-id638960.html#breadcrumb"},"inLanguage":"de","potentialAction":[{"@type":"ReadAction","target":["https:\/\/www.rri.ro\/de\/rubriken\/blickpunkt-kultur\/die-audiothek-der-scheherazade-literatur-im-gefaengnis-id638960.html"]}]},{"@type":"ImageObject","inLanguage":"de","@id":"https:\/\/www.rri.ro\/de\/rubriken\/blickpunkt-kultur\/die-audiothek-der-scheherazade-literatur-im-gefaengnis-id638960.html#primaryimage","url":"https:\/\/www.rri.ro\/wp-content\/uploads\/2024\/02\/adriana-moca-andrei-dobrin-audiotecaseherezadei-fb.jpg","contentUrl":"https:\/\/www.rri.ro\/wp-content\/uploads\/2024\/02\/adriana-moca-andrei-dobrin-audiotecaseherezadei-fb.jpg","width":640,"height":480},{"@type":"BreadcrumbList","@id":"https:\/\/www.rri.ro\/de\/rubriken\/blickpunkt-kultur\/die-audiothek-der-scheherazade-literatur-im-gefaengnis-id638960.html#breadcrumb","itemListElement":[{"@type":"ListItem","position":1,"name":"Startseite","item":"https:\/\/www.rri.ro\/de"},{"@type":"ListItem","position":2,"name":"Rubriken","item":"https:\/\/www.rri.ro\/de\/rubriken"},{"@type":"ListItem","position":3,"name":"Blickpunkt Kultur","item":"https:\/\/www.rri.ro\/de\/rubriken\/blickpunkt-kultur"},{"@type":"ListItem","position":4,"name":"Die Audiothek der Scheherazade \u2013 Literatur im Gef\u00e4ngnis"}]},{"@type":"WebSite","@id":"https:\/\/www.rri.ro\/#website","url":"https:\/\/www.rri.ro\/","name":"Radio Rum\u00e4nien International","description":"Totul despre Rom\u00e2nia \u015fi rom\u00e2ni, \u00een 13 limbi\/dialecte!","inLanguage":"de"},{"@type":"Person","@id":"https:\/\/www.rri.ro\/#\/schema\/person\/892d2accbfc1d124f535aac69eed17af","name":"Luana Ple\u015fea","url":"https:\/\/www.rri.ro\/de\/author\/luana-plesea"}]}},"_links":{"self":[{"href":"https:\/\/www.rri.ro\/de\/wp-json\/wp\/v2\/posts\/638960","targetHints":{"allow":["GET"]}}],"collection":[{"href":"https:\/\/www.rri.ro\/de\/wp-json\/wp\/v2\/posts"}],"about":[{"href":"https:\/\/www.rri.ro\/de\/wp-json\/wp\/v2\/types\/post"}],"author":[{"embeddable":true,"href":"https:\/\/www.rri.ro\/de\/wp-json\/wp\/v2\/users\/129"}],"replies":[{"embeddable":true,"href":"https:\/\/www.rri.ro\/de\/wp-json\/wp\/v2\/comments?post=638960"}],"version-history":[{"count":0,"href":"https:\/\/www.rri.ro\/de\/wp-json\/wp\/v2\/posts\/638960\/revisions"}],"wp:featuredmedia":[{"embeddable":true,"href":"https:\/\/www.rri.ro\/de\/wp-json\/wp\/v2\/media\/637390"}],"wp:attachment":[{"href":"https:\/\/www.rri.ro\/de\/wp-json\/wp\/v2\/media?parent=638960"}],"wp:term":[{"taxonomy":"category","embeddable":true,"href":"https:\/\/www.rri.ro\/de\/wp-json\/wp\/v2\/categories?post=638960"},{"taxonomy":"post_tag","embeddable":true,"href":"https:\/\/www.rri.ro\/de\/wp-json\/wp\/v2\/tags?post=638960"},{"taxonomy":"author","embeddable":true,"href":"https:\/\/www.rri.ro\/de\/wp-json\/wp\/v2\/coauthors?post=638960"}],"curies":[{"name":"wp","href":"https:\/\/api.w.org\/{rel}","templated":true}]}}