{"id":639012,"date":"2017-12-13T21:06:00","date_gmt":"2017-12-13T19:06:00","guid":{"rendered":"http:\/\/devrri.freshlemon.ro\/aktuell\/neuer-roman-von-florin-chirculescu-als-sensation-gefeiert-id639012.html"},"modified":"2017-12-13T21:06:00","modified_gmt":"2017-12-13T19:06:00","slug":"neuer-roman-von-florin-chirculescu-als-sensation-gefeiert","status":"publish","type":"post","link":"https:\/\/www.rri.ro\/de\/rubriken\/blickpunkt-kultur\/neuer-roman-von-florin-chirculescu-als-sensation-gefeiert-id639012.html","title":{"rendered":"Neuer Roman von Florin Chirculescu als Sensation gefeiert"},"content":{"rendered":"<p>F\u00fcr viele Literaturkritiker gilt der Roman Der Streik der S\u00fcnder\u201c als einzigartig in der rum\u00e4nischen Literaturlandschaft. Das 1000-seitige Werk dreht sich um die Geschichte zweier \u00c4rzte, der eine lebt im derzeitigen Bukarest, der andere im Jahr 632. Also das marode Gesundheitswesen Rum\u00e4niens gegen\u00fcber den orientalischen D\u00fcften.<\/p>\n<p>&#13;<br \/>\n&#13;<\/p>\n<p>&#13;<br \/>\n&#13;<\/p>\n<p>Einzigartig ist hierbei auch, dass der Autor zum ersten Mal das Buch mit seinem b\u00fcrgerlichen Namen unterzeichnet, w\u00e4hrend seine bisherigen Werke unter dem Pseudonym Sebastian A. Corn erschienen sind. Florin Chirculescu unterschreibt allerdings seinen neuesten Roman nicht nur als Schriftsteller, sondern auch als Thorakalchirurg des Universit\u00e4tskrankenhauses Bukarest. Der Arzt habe laut eigener Angaben den Band als journalistischen Bericht schreiben wollen, nach der drei Jahre langen Arbeit, sei aber ein Roman entstanden:<\/p>\n<p>&#13;<br \/>\n&#13;<\/p>\n<p>&#13;<br \/>\n&#13;<\/p>\n<p><em>Am Anfang wollte ich einen informationsreichen journalistischen Bericht schreiben, dessen Ausgangspunkt die ungl\u00fccklichen Ereignisse in unserem maroden Gesundheitsbereich darstellen sollten. Das Ganze hat sich aber in eine andere Richtung entwickelt, weil die Figuren, die ich trocken und mit einer gewissen Distanz beschreiben wollte, mit dem Ablauf der Handlung ihr eigenes Leben bekommen haben. So habe ich auch verstanden, dass das soziale Problem, mit dem ich mich befassen wollte nur den Ausgangspunkt f\u00fcr die Beschreibung der gesamten Situation im heutigen Rum\u00e4nien darstellen k\u00f6nnte. Ich habe nicht lange \u00fcberlegt, bevor ich mich entschied, ein Bild Rum\u00e4niens zu malen, eines Balkanlandes, dessen Schicksal von seiner geographischen Lage stark beeinflusst wurde. Ich habe meine Ruhelosigkeit in Bezug auf die Zukunft meines Landes zum Ausdruck gebracht. Der Roman enth\u00e4lt also eine starke soziale Komponente, die vom Leben als Ganzes nicht getrennt werden kann. Es handelt sich um das politische Leben und um den kulturellen Hintergrund meiner Gestalten. Aus dieser Sicht kann ich jetzt behaupten, dass sich mein Werk von einem journalistischen Bericht  in einen Roman \u00fcber Rum\u00e4nien umgewandelt hat und im Anschluss sogar dar\u00fcber hinaus gegangen ist, denn es befasst sich mit aktuellen Themen in Bezug auf Toleranz und die F\u00e4higkeit, Andersdenkende zu akzeptieren.<\/em><em>\u201c<\/em><\/p>\n<p>&#13;<br \/>\n&#13;<\/p>\n<p>&#13;<br \/>\n&#13;<\/p>\n<p>&#13;<br \/>\n&#13;<\/p>\n<p>In Buchrezensionen wird Der Streik der S\u00fcnder\u201c als mehrstimmiger Roman beschrieben, in dem die Gegenwart als Synonym der Krise und der Korruption vorkommt und in dem der Autor die Vergangenheit des Orients und die Anf\u00e4nge der modernen Medizin miteinander verschmilzt. Laut dem Autor sei das Buch auch durch das Bedauern nach dem Verlust einer Mentalit\u00e4t entstanden. Florin Chirculescu: <\/p>\n<p>&#13;<br \/>\n&#13;<\/p>\n<p>&#13;<br \/>\n&#13;<\/p>\n<p><em>Ich bin im kommunistischen Rum\u00e4nien aufgewachsen. Als ich vor der Wende ein Jugendlicher war, bedeutete mir die Hippie-Bewegung Flower Power sehr viel und ich kann sagen, dass sie auch heute meinen Lebensstil pr\u00e4gt. Diese Bewegung bedeutet nicht, sich st\u00e4ndig querzusetzen und sich stets beweisen wollen, dass man besser als die anderen ist und dass man immer Recht hat. Ganz im Gegenteil, die Vertreter dieser Bewegung wollen die anderen und ihre Standpunkte akzeptieren, was leider in der heutigen Gesellschaft ziemlich selten vorkommt. Das trifft nicht nur auf die rum\u00e4nische Gesellschaft zu und ich sp\u00fcre eine gro\u200e\u00dfe Angst vor mangelnder Toleranz. Wegen erbitterter Menschen, die andere Meinungen nicht gelten lassen, entstehen folgenschwere Ereignisse. Es reicht, einen Blick zur\u00fcck in die moderne Geschichte Rum\u00e4niens und Europas zu werfen.\u201c<\/em><\/p>\n<p>&#13;<br \/>\n&#13;<\/p>\n<p>&#13;<br \/>\n&#13;<\/p>\n<p>&#13;<br \/>\n&#13;<\/p>\n<p>Sein Prosadeb\u00fct gab Florin Chirculescu 1993 in einer in den neunziger Jahren popul\u00e4ren Science-Fiction-Zeitschrift: JSF. Als junger Schriftsteller wurde er mehrmals ausgezeichnet: Rund 40 Preise erhielt der Prosaautor, darunter  den europ\u00e4ischen Preis f\u00fcr Deb\u00fct bei der SciFi Convention Eurocon in Glasgow im Jahr 1995 und zwei Jahre sp\u00e4ter den gro\u200e\u00dfen Preis des Verlags Nemira.<\/p>\n<p>&#13;<\/p>\n","protected":false},"excerpt":{"rendered":"<p>Der Streik der S\u00fcnder\u201c von Florin Chirculescu ist neulich im Verlag Nemira erschienen. In seinem Roman l\u00e4sst der Autor zwei Welten ineinanderflie\u00dfen: das heutige Bukarest und die Anf\u00e4nge der modernen Medizin.<\/p>\n","protected":false},"author":135,"featured_media":637399,"comment_status":"closed","ping_status":"closed","sticky":false,"template":"","format":"standard","meta":{"_acf_changed":false,"footnotes":""},"categories":[116783],"tags":[58335,130940,102128,70124,45398,99589,130939],"coauthors":[],"class_list":["post-639012","post","type-post","status-publish","format-standard","has-post-thumbnail","hentry","category-blickpunkt-kultur","tag-florin-chirculescu","tag-greva-pacatosilor","tag-literatur","tag-nemira","tag-roman","tag-rumaenien","tag-sebastian-a-corn"],"acf":[],"yoast_head":"<!-- This site is optimized with the Yoast SEO plugin v27.3 - https:\/\/yoast.com\/product\/yoast-seo-wordpress\/ -->\n<title>Neuer Roman von Florin Chirculescu als Sensation gefeiert - Radio Rum\u00e4nien International<\/title>\n<meta name=\"robots\" content=\"index, follow, max-snippet:-1, max-image-preview:large, max-video-preview:-1\" \/>\n<link rel=\"canonical\" href=\"https:\/\/www.rri.ro\/de\/rubriken\/blickpunkt-kultur\/neuer-roman-von-florin-chirculescu-als-sensation-gefeiert-id639012.html\" \/>\n<meta property=\"og:locale\" content=\"de_DE\" \/>\n<meta property=\"og:type\" content=\"article\" \/>\n<meta property=\"og:title\" content=\"Neuer Roman von Florin Chirculescu als Sensation gefeiert - Radio Rum\u00e4nien International\" \/>\n<meta property=\"og:description\" content=\"Der Streik der S\u00fcnder\u201c von Florin Chirculescu ist neulich im Verlag Nemira erschienen. In seinem Roman l\u00e4sst der Autor zwei Welten ineinanderflie\u00dfen: das heutige Bukarest und die Anf\u00e4nge der modernen Medizin.\" \/>\n<meta property=\"og:url\" content=\"https:\/\/www.rri.ro\/de\/rubriken\/blickpunkt-kultur\/neuer-roman-von-florin-chirculescu-als-sensation-gefeiert-id639012.html\" \/>\n<meta property=\"og:site_name\" content=\"Radio Rum\u00e4nien International\" \/>\n<meta property=\"article:published_time\" content=\"2017-12-13T19:06:00+00:00\" \/>\n<meta property=\"og:image\" content=\"https:\/\/www.rri.ro\/wp-content\/uploads\/2024\/02\/florin-chirculescu-greva-pacatosilor-fb.jpg\" \/>\n\t<meta property=\"og:image:width\" content=\"640\" \/>\n\t<meta property=\"og:image:height\" content=\"542\" \/>\n\t<meta property=\"og:image:type\" content=\"image\/jpeg\" \/>\n<meta name=\"author\" content=\"Corina Sab\u0103u\" \/>\n<meta name=\"twitter:card\" content=\"summary_large_image\" \/>\n<meta name=\"twitter:label1\" content=\"Verfasst von\" \/>\n\t<meta name=\"twitter:data1\" content=\"Corina Sab\u0103u\" \/>\n\t<meta name=\"twitter:label2\" content=\"Gesch\u00e4tzte Lesezeit\" \/>\n\t<meta name=\"twitter:data2\" content=\"3\u00a0Minuten\" \/>\n\t<meta name=\"twitter:label3\" content=\"Written by\" \/>\n\t<meta name=\"twitter:data3\" content=\"Corina Sab\u0103u\" \/>\n<script type=\"application\/ld+json\" class=\"yoast-schema-graph\">{\"@context\":\"https:\\\/\\\/schema.org\",\"@graph\":[{\"@type\":\"Article\",\"@id\":\"https:\\\/\\\/www.rri.ro\\\/de\\\/rubriken\\\/blickpunkt-kultur\\\/neuer-roman-von-florin-chirculescu-als-sensation-gefeiert-id639012.html#article\",\"isPartOf\":{\"@id\":\"https:\\\/\\\/www.rri.ro\\\/de\\\/rubriken\\\/blickpunkt-kultur\\\/neuer-roman-von-florin-chirculescu-als-sensation-gefeiert-id639012.html\"},\"author\":{\"name\":\"Corina Sab\u0103u\",\"@id\":\"https:\\\/\\\/www.rri.ro\\\/#\\\/schema\\\/person\\\/f422c4ce48593b32beccebb63f9ceb1e\"},\"headline\":\"Neuer Roman von Florin Chirculescu als Sensation gefeiert\",\"datePublished\":\"2017-12-13T19:06:00+00:00\",\"mainEntityOfPage\":{\"@id\":\"https:\\\/\\\/www.rri.ro\\\/de\\\/rubriken\\\/blickpunkt-kultur\\\/neuer-roman-von-florin-chirculescu-als-sensation-gefeiert-id639012.html\"},\"wordCount\":593,\"image\":{\"@id\":\"https:\\\/\\\/www.rri.ro\\\/de\\\/rubriken\\\/blickpunkt-kultur\\\/neuer-roman-von-florin-chirculescu-als-sensation-gefeiert-id639012.html#primaryimage\"},\"thumbnailUrl\":\"https:\\\/\\\/www.rri.ro\\\/wp-content\\\/uploads\\\/2024\\\/02\\\/florin-chirculescu-greva-pacatosilor-fb.jpg\",\"keywords\":[\"Florin Chirculescu\",\"Greva pacatosilor\",\"Literatur\",\"Nemira\",\"Roman\",\"Rum\u00e4nien\",\"Sebastian A. Corn\"],\"articleSection\":[\"Blickpunkt Kultur\"],\"inLanguage\":\"de\"},{\"@type\":\"WebPage\",\"@id\":\"https:\\\/\\\/www.rri.ro\\\/de\\\/rubriken\\\/blickpunkt-kultur\\\/neuer-roman-von-florin-chirculescu-als-sensation-gefeiert-id639012.html\",\"url\":\"https:\\\/\\\/www.rri.ro\\\/de\\\/rubriken\\\/blickpunkt-kultur\\\/neuer-roman-von-florin-chirculescu-als-sensation-gefeiert-id639012.html\",\"name\":\"Neuer Roman von Florin Chirculescu als Sensation gefeiert - Radio Rum\u00e4nien International\",\"isPartOf\":{\"@id\":\"https:\\\/\\\/www.rri.ro\\\/#website\"},\"primaryImageOfPage\":{\"@id\":\"https:\\\/\\\/www.rri.ro\\\/de\\\/rubriken\\\/blickpunkt-kultur\\\/neuer-roman-von-florin-chirculescu-als-sensation-gefeiert-id639012.html#primaryimage\"},\"image\":{\"@id\":\"https:\\\/\\\/www.rri.ro\\\/de\\\/rubriken\\\/blickpunkt-kultur\\\/neuer-roman-von-florin-chirculescu-als-sensation-gefeiert-id639012.html#primaryimage\"},\"thumbnailUrl\":\"https:\\\/\\\/www.rri.ro\\\/wp-content\\\/uploads\\\/2024\\\/02\\\/florin-chirculescu-greva-pacatosilor-fb.jpg\",\"datePublished\":\"2017-12-13T19:06:00+00:00\",\"author\":{\"@id\":\"https:\\\/\\\/www.rri.ro\\\/#\\\/schema\\\/person\\\/f422c4ce48593b32beccebb63f9ceb1e\"},\"breadcrumb\":{\"@id\":\"https:\\\/\\\/www.rri.ro\\\/de\\\/rubriken\\\/blickpunkt-kultur\\\/neuer-roman-von-florin-chirculescu-als-sensation-gefeiert-id639012.html#breadcrumb\"},\"inLanguage\":\"de\",\"potentialAction\":[{\"@type\":\"ReadAction\",\"target\":[\"https:\\\/\\\/www.rri.ro\\\/de\\\/rubriken\\\/blickpunkt-kultur\\\/neuer-roman-von-florin-chirculescu-als-sensation-gefeiert-id639012.html\"]}]},{\"@type\":\"ImageObject\",\"inLanguage\":\"de\",\"@id\":\"https:\\\/\\\/www.rri.ro\\\/de\\\/rubriken\\\/blickpunkt-kultur\\\/neuer-roman-von-florin-chirculescu-als-sensation-gefeiert-id639012.html#primaryimage\",\"url\":\"https:\\\/\\\/www.rri.ro\\\/wp-content\\\/uploads\\\/2024\\\/02\\\/florin-chirculescu-greva-pacatosilor-fb.jpg\",\"contentUrl\":\"https:\\\/\\\/www.rri.ro\\\/wp-content\\\/uploads\\\/2024\\\/02\\\/florin-chirculescu-greva-pacatosilor-fb.jpg\",\"width\":640,\"height\":542},{\"@type\":\"BreadcrumbList\",\"@id\":\"https:\\\/\\\/www.rri.ro\\\/de\\\/rubriken\\\/blickpunkt-kultur\\\/neuer-roman-von-florin-chirculescu-als-sensation-gefeiert-id639012.html#breadcrumb\",\"itemListElement\":[{\"@type\":\"ListItem\",\"position\":1,\"name\":\"Startseite\",\"item\":\"https:\\\/\\\/www.rri.ro\\\/de\"},{\"@type\":\"ListItem\",\"position\":2,\"name\":\"Rubriken\",\"item\":\"https:\\\/\\\/www.rri.ro\\\/de\\\/rubriken\"},{\"@type\":\"ListItem\",\"position\":3,\"name\":\"Blickpunkt Kultur\",\"item\":\"https:\\\/\\\/www.rri.ro\\\/de\\\/rubriken\\\/blickpunkt-kultur\"},{\"@type\":\"ListItem\",\"position\":4,\"name\":\"Neuer Roman von Florin Chirculescu als Sensation gefeiert\"}]},{\"@type\":\"WebSite\",\"@id\":\"https:\\\/\\\/www.rri.ro\\\/#website\",\"url\":\"https:\\\/\\\/www.rri.ro\\\/\",\"name\":\"Radio Rum\u00e4nien International\",\"description\":\"Totul despre Rom\u00e2nia \u015fi rom\u00e2ni, \u00een 13 limbi\\\/dialecte!\",\"inLanguage\":\"de\"},{\"@type\":\"Person\",\"@id\":\"https:\\\/\\\/www.rri.ro\\\/#\\\/schema\\\/person\\\/f422c4ce48593b32beccebb63f9ceb1e\",\"name\":\"Corina Sab\u0103u\",\"url\":\"https:\\\/\\\/www.rri.ro\\\/de\\\/author\\\/corina-sabau\"}]}<\/script>\n<!-- \/ Yoast SEO plugin. -->","yoast_head_json":{"title":"Neuer Roman von Florin Chirculescu als Sensation gefeiert - Radio Rum\u00e4nien International","robots":{"index":"index","follow":"follow","max-snippet":"max-snippet:-1","max-image-preview":"max-image-preview:large","max-video-preview":"max-video-preview:-1"},"canonical":"https:\/\/www.rri.ro\/de\/rubriken\/blickpunkt-kultur\/neuer-roman-von-florin-chirculescu-als-sensation-gefeiert-id639012.html","og_locale":"de_DE","og_type":"article","og_title":"Neuer Roman von Florin Chirculescu als Sensation gefeiert - Radio Rum\u00e4nien International","og_description":"Der Streik der S\u00fcnder\u201c von Florin Chirculescu ist neulich im Verlag Nemira erschienen. In seinem Roman l\u00e4sst der Autor zwei Welten ineinanderflie\u00dfen: das heutige Bukarest und die Anf\u00e4nge der modernen Medizin.","og_url":"https:\/\/www.rri.ro\/de\/rubriken\/blickpunkt-kultur\/neuer-roman-von-florin-chirculescu-als-sensation-gefeiert-id639012.html","og_site_name":"Radio Rum\u00e4nien International","article_published_time":"2017-12-13T19:06:00+00:00","og_image":[{"width":640,"height":542,"url":"https:\/\/www.rri.ro\/wp-content\/uploads\/2024\/02\/florin-chirculescu-greva-pacatosilor-fb.jpg","type":"image\/jpeg"}],"author":"Corina Sab\u0103u","twitter_card":"summary_large_image","twitter_misc":{"Verfasst von":"Corina Sab\u0103u","Gesch\u00e4tzte Lesezeit":"3\u00a0Minuten","Written by":"Corina Sab\u0103u"},"schema":{"@context":"https:\/\/schema.org","@graph":[{"@type":"Article","@id":"https:\/\/www.rri.ro\/de\/rubriken\/blickpunkt-kultur\/neuer-roman-von-florin-chirculescu-als-sensation-gefeiert-id639012.html#article","isPartOf":{"@id":"https:\/\/www.rri.ro\/de\/rubriken\/blickpunkt-kultur\/neuer-roman-von-florin-chirculescu-als-sensation-gefeiert-id639012.html"},"author":{"name":"Corina Sab\u0103u","@id":"https:\/\/www.rri.ro\/#\/schema\/person\/f422c4ce48593b32beccebb63f9ceb1e"},"headline":"Neuer Roman von Florin Chirculescu als Sensation gefeiert","datePublished":"2017-12-13T19:06:00+00:00","mainEntityOfPage":{"@id":"https:\/\/www.rri.ro\/de\/rubriken\/blickpunkt-kultur\/neuer-roman-von-florin-chirculescu-als-sensation-gefeiert-id639012.html"},"wordCount":593,"image":{"@id":"https:\/\/www.rri.ro\/de\/rubriken\/blickpunkt-kultur\/neuer-roman-von-florin-chirculescu-als-sensation-gefeiert-id639012.html#primaryimage"},"thumbnailUrl":"https:\/\/www.rri.ro\/wp-content\/uploads\/2024\/02\/florin-chirculescu-greva-pacatosilor-fb.jpg","keywords":["Florin Chirculescu","Greva pacatosilor","Literatur","Nemira","Roman","Rum\u00e4nien","Sebastian A. Corn"],"articleSection":["Blickpunkt Kultur"],"inLanguage":"de"},{"@type":"WebPage","@id":"https:\/\/www.rri.ro\/de\/rubriken\/blickpunkt-kultur\/neuer-roman-von-florin-chirculescu-als-sensation-gefeiert-id639012.html","url":"https:\/\/www.rri.ro\/de\/rubriken\/blickpunkt-kultur\/neuer-roman-von-florin-chirculescu-als-sensation-gefeiert-id639012.html","name":"Neuer Roman von Florin Chirculescu als Sensation gefeiert - Radio Rum\u00e4nien International","isPartOf":{"@id":"https:\/\/www.rri.ro\/#website"},"primaryImageOfPage":{"@id":"https:\/\/www.rri.ro\/de\/rubriken\/blickpunkt-kultur\/neuer-roman-von-florin-chirculescu-als-sensation-gefeiert-id639012.html#primaryimage"},"image":{"@id":"https:\/\/www.rri.ro\/de\/rubriken\/blickpunkt-kultur\/neuer-roman-von-florin-chirculescu-als-sensation-gefeiert-id639012.html#primaryimage"},"thumbnailUrl":"https:\/\/www.rri.ro\/wp-content\/uploads\/2024\/02\/florin-chirculescu-greva-pacatosilor-fb.jpg","datePublished":"2017-12-13T19:06:00+00:00","author":{"@id":"https:\/\/www.rri.ro\/#\/schema\/person\/f422c4ce48593b32beccebb63f9ceb1e"},"breadcrumb":{"@id":"https:\/\/www.rri.ro\/de\/rubriken\/blickpunkt-kultur\/neuer-roman-von-florin-chirculescu-als-sensation-gefeiert-id639012.html#breadcrumb"},"inLanguage":"de","potentialAction":[{"@type":"ReadAction","target":["https:\/\/www.rri.ro\/de\/rubriken\/blickpunkt-kultur\/neuer-roman-von-florin-chirculescu-als-sensation-gefeiert-id639012.html"]}]},{"@type":"ImageObject","inLanguage":"de","@id":"https:\/\/www.rri.ro\/de\/rubriken\/blickpunkt-kultur\/neuer-roman-von-florin-chirculescu-als-sensation-gefeiert-id639012.html#primaryimage","url":"https:\/\/www.rri.ro\/wp-content\/uploads\/2024\/02\/florin-chirculescu-greva-pacatosilor-fb.jpg","contentUrl":"https:\/\/www.rri.ro\/wp-content\/uploads\/2024\/02\/florin-chirculescu-greva-pacatosilor-fb.jpg","width":640,"height":542},{"@type":"BreadcrumbList","@id":"https:\/\/www.rri.ro\/de\/rubriken\/blickpunkt-kultur\/neuer-roman-von-florin-chirculescu-als-sensation-gefeiert-id639012.html#breadcrumb","itemListElement":[{"@type":"ListItem","position":1,"name":"Startseite","item":"https:\/\/www.rri.ro\/de"},{"@type":"ListItem","position":2,"name":"Rubriken","item":"https:\/\/www.rri.ro\/de\/rubriken"},{"@type":"ListItem","position":3,"name":"Blickpunkt Kultur","item":"https:\/\/www.rri.ro\/de\/rubriken\/blickpunkt-kultur"},{"@type":"ListItem","position":4,"name":"Neuer Roman von Florin Chirculescu als Sensation gefeiert"}]},{"@type":"WebSite","@id":"https:\/\/www.rri.ro\/#website","url":"https:\/\/www.rri.ro\/","name":"Radio Rum\u00e4nien International","description":"Totul despre Rom\u00e2nia \u015fi rom\u00e2ni, \u00een 13 limbi\/dialecte!","inLanguage":"de"},{"@type":"Person","@id":"https:\/\/www.rri.ro\/#\/schema\/person\/f422c4ce48593b32beccebb63f9ceb1e","name":"Corina Sab\u0103u","url":"https:\/\/www.rri.ro\/de\/author\/corina-sabau"}]}},"_links":{"self":[{"href":"https:\/\/www.rri.ro\/de\/wp-json\/wp\/v2\/posts\/639012","targetHints":{"allow":["GET"]}}],"collection":[{"href":"https:\/\/www.rri.ro\/de\/wp-json\/wp\/v2\/posts"}],"about":[{"href":"https:\/\/www.rri.ro\/de\/wp-json\/wp\/v2\/types\/post"}],"author":[{"embeddable":true,"href":"https:\/\/www.rri.ro\/de\/wp-json\/wp\/v2\/users\/135"}],"replies":[{"embeddable":true,"href":"https:\/\/www.rri.ro\/de\/wp-json\/wp\/v2\/comments?post=639012"}],"version-history":[{"count":0,"href":"https:\/\/www.rri.ro\/de\/wp-json\/wp\/v2\/posts\/639012\/revisions"}],"wp:featuredmedia":[{"embeddable":true,"href":"https:\/\/www.rri.ro\/de\/wp-json\/wp\/v2\/media\/637399"}],"wp:attachment":[{"href":"https:\/\/www.rri.ro\/de\/wp-json\/wp\/v2\/media?parent=639012"}],"wp:term":[{"taxonomy":"category","embeddable":true,"href":"https:\/\/www.rri.ro\/de\/wp-json\/wp\/v2\/categories?post=639012"},{"taxonomy":"post_tag","embeddable":true,"href":"https:\/\/www.rri.ro\/de\/wp-json\/wp\/v2\/tags?post=639012"},{"taxonomy":"author","embeddable":true,"href":"https:\/\/www.rri.ro\/de\/wp-json\/wp\/v2\/coauthors?post=639012"}],"curies":[{"name":"wp","href":"https:\/\/api.w.org\/{rel}","templated":true}]}}