{"id":639051,"date":"2018-02-07T18:00:00","date_gmt":"2018-02-07T16:00:00","guid":{"rendered":"http:\/\/devrri.freshlemon.ro\/aktuell\/dichterin-nora-iuga-mit-spiegelungen-preis-in-muenchen-geehrt-id639051.html"},"modified":"2018-02-07T18:00:00","modified_gmt":"2018-02-07T16:00:00","slug":"dichterin-nora-iuga-mit-spiegelungen-preis-in-muenchen-geehrt","status":"publish","type":"post","link":"https:\/\/www.rri.ro\/de\/rubriken\/blickpunkt-kultur\/dichterin-nora-iuga-mit-spiegelungen-preis-in-muenchen-geehrt-id639051.html","title":{"rendered":"Dichterin Nora Iuga mit Spiegelungen-Preis in M\u00fcnchen geehrt"},"content":{"rendered":"<p>Ende 2017 hat die Dichterin und Literatur\u00fcbersetzerin Nora Iuga den deutschen Spiegelungen-Preis f\u00fcr Lyrik erhalten. Die Auszeichnung wurde der rum\u00e4nischen Literatin vom Institut f\u00fcr deutsche Kultur und Geschichte S\u00fcdosteuropas verliehen. Die Dichterin nahm den Preis bei der Universit\u00e4t Ludwig Maximilian in M\u00fcnchen im Beisein eines ausgew\u00e4hlten Publikums in Empfang. Es war nicht zum ersten Mal, dass sich Nora Iuga der Anerkennung des deutschen Publikums erfreute. 2007 erhielt sie den Friedrich-Gundolf-Preis der Deutschen Akademie f\u00fcr Sprache und Dichtung. Damit wurde ihren Beitrag zur Vermittlung der deutschen Kultur im Ausland anerkannt. 2015 wurde Nora Iuga mit dem deutschen Verdienstorden im Rang eines Kavaliers geehrt.<\/p>\n<p>&#13;<br \/>\n&#13;<\/p>\n<p>&#13;<br \/>\n&#13;<\/p>\n<p>Die Lyrik Nora Iugas steht sowohl vor als auch nach den siebziger Jahren unter dem Zeichen der Neoavantgarde und ihrer wichtigen Erfahrung in der Lekt\u00fcre, die es f\u00fcr sie m\u00f6glich machte, die universelle Lyrik in sich aufzunehmen. Dieser Aspekt ist in ihren \u00e4lteren Werken leicht erkennbar, die in einem umfassenden Band zusammengefasst werden: \u00bbDas Herz wie die Faust eines Boxers\u00ab, der Teil der Anthologie \u00bbGef\u00e4hrliche Launen\u00ab in der \u00dcbersetzung von Ernest Wichner ist. Auch in ihren sp\u00e4teren Werken, \u00bbDer nasse Hund ist eine Weide\u00ab, \u00bbFeier in Montrouge\u00ab, \u00bbH\u00f6r, wie die Klammern weinen\u00ab geht sie entschlossen ihren eigenen lyrischen Weg. Sie l\u00e4sst in unkonventionellen lyrischen Elementen ihre Laune in einem gewissen Moment und gro\u200e\u00dfe Begebenheiten der Welt ineinander verschmelzen; morgens, wenn sie aufsteht, schreibt sie komische Ausdr\u00fccke auf, die ihr einfallen, sie wird regelm\u00e4\u200e\u00dfig von frappanten Syntagmen und sinnlosen Lautkombinationen \u00fcberrascht, sie kann aber sehr gut zwischen Meinung und Realit\u00e4t, zwischen dem Alltag und dem strahlenden Sinn des Symbols unterscheiden\u201c, sagte der Schriftsteller, Literaturhistoriker und \u00dcbersetzer Joachim Wittstock in der Laudatio bei der Preisverleihung in M\u00fcnchen.<\/p>\n<p>&#13;<br \/>\n&#13;<\/p>\n<p>&#13;<br \/>\n&#13;<\/p>\n<p>Der neueste Gedichtband von Nora Iuga, netter als dostojewski\u201c, erschien voriges Jahr im Verlag Polirom und wurde von der Dichterin zusammen mit  Angela Baciu geschrieben. Wie die Autorinnen sagen, handele es sich weder um Lyrik noch um Tagebuch und Essay, sondern um ein Kaffeekr\u00e4nzchen zwischen zwei Freundinnen. Der Band weist starke Dada-Merkmale auf und kann als ambitioniertes Projekt betrachtet werden, die Avantgarde wiederzubeleben. Nora Iuga:<\/p>\n<p>&#13;<br \/>\n&#13;<\/p>\n<p>&#13;<br \/>\n&#13;<\/p>\n<p><em>Das Wort schafft eigentlich den Gedanken. Das ist, was ich bei der Zusammenarbeit mit Angela Baciu entdeckt habe. Was mich bewog, diesen Band zu schreiben, war die Liebe f\u00fcr Avantgarde. Da ich die Avantgarde erw\u00e4hnte, m\u00f6chte ich noch sagen, dass ich einmal in Deutschland zu einer Sendung von Radio Kultur Berlin eingeladen wurde. Der Journalist ging das Thema an, inwieweit sind die rum\u00e4nischen Schriftstellerinnen und Schriftsteller sowie die rum\u00e4nische Literatur in Deutschland bekannt. Ich habe ihn meinerseits gefragt, ob er von Mihai Eminescu geh\u00f6rt habe; er antwortete, Eminescu sei \u00fcberhaupt nicht bekannt in Deutschland. Genau dasselbe kann man \u00fcber rum\u00e4nische Dichter der Zwischenkriegszeit sagen. Wie ich herausgefunden habe, sind in Westeuropa Dichter wie Tristan Tzara, Gherasim Luca und Gellu Naum hingegen bekannt. Dann wurde mir klar, wieviel die rum\u00e4nische Literatur der Avantgarde verdankt. Zusammengefasst ist das die Geschichte dieses Bandes: Zugrunde liegt meine Liebe und mein Appetit f\u00fcr die Avantgarde. Diesen Band verdanke ich auch dem Treffen mit Angela, die mich dazu ermutigte, mitzumachen.\u201c<\/em><\/p>\n<p>&#13;<br \/>\n&#13;<\/p>\n<p>&#13;<br \/>\n&#13;<\/p>\n<p>&#13;<br \/>\n&#13;<\/p>\n<p>Der zweisprachige Band (rum\u00e4nisch-englisch erschienen) wird von Ion Barbu illustriert. netter als dostojewski\u201c besteht aus einem umgangssprachlichen Dialog im schnellen Tempo, in dem die Wortspiele, die politische Satire und die Bemerkungen \u00fcber den Alltag nicht fehlen.<\/p>\n<p>&#13;<\/p>\n","protected":false},"excerpt":{"rendered":"<p>Die Dichterin und Literatur\u00fcbersetzerin Nora Iuga erfreut sich einer gro\u00dfen Beliebtheit beim deutschen Publikum. Sie wurde unter anderen mit dem Friedrich-Gundolf-Preis und dem deutschen Spiegelungen-Preis f\u00fcr Lyrik ausgezeichnet.<\/p>\n","protected":false},"author":135,"featured_media":160729,"comment_status":"closed","ping_status":"closed","sticky":false,"template":"","format":"standard","meta":{"_acf_changed":false,"footnotes":""},"categories":[116783],"tags":[102128,130947,121552,38034,130948],"coauthors":[],"class_list":["post-639051","post","type-post","status-publish","format-standard","has-post-thumbnail","hentry","category-blickpunkt-kultur","tag-literatur","tag-literaturuebersetzerin","tag-lyrik","tag-nora-iuga","tag-spiegelungen-preis"],"acf":[],"yoast_head":"<!-- This site is optimized with the Yoast SEO plugin v27.5 - https:\/\/yoast.com\/product\/yoast-seo-wordpress\/ -->\n<title>Dichterin Nora Iuga mit Spiegelungen-Preis in M\u00fcnchen geehrt - Radio Rum\u00e4nien International<\/title>\n<meta name=\"robots\" content=\"index, follow, max-snippet:-1, max-image-preview:large, max-video-preview:-1\" \/>\n<link rel=\"canonical\" href=\"https:\/\/www.rri.ro\/de\/rubriken\/blickpunkt-kultur\/dichterin-nora-iuga-mit-spiegelungen-preis-in-muenchen-geehrt-id639051.html\" \/>\n<meta property=\"og:locale\" content=\"de_DE\" \/>\n<meta property=\"og:type\" content=\"article\" \/>\n<meta property=\"og:title\" content=\"Dichterin Nora Iuga mit Spiegelungen-Preis in M\u00fcnchen geehrt - Radio Rum\u00e4nien International\" \/>\n<meta property=\"og:description\" content=\"Die Dichterin und Literatur\u00fcbersetzerin Nora Iuga erfreut sich einer gro\u00dfen Beliebtheit beim deutschen Publikum. Sie wurde unter anderen mit dem Friedrich-Gundolf-Preis und dem deutschen Spiegelungen-Preis f\u00fcr Lyrik ausgezeichnet.\" \/>\n<meta property=\"og:url\" content=\"https:\/\/www.rri.ro\/de\/rubriken\/blickpunkt-kultur\/dichterin-nora-iuga-mit-spiegelungen-preis-in-muenchen-geehrt-id639051.html\" \/>\n<meta property=\"og:site_name\" content=\"Radio Rum\u00e4nien International\" \/>\n<meta property=\"article:published_time\" content=\"2018-02-07T16:00:00+00:00\" \/>\n<meta property=\"og:image\" content=\"https:\/\/www.rri.ro\/wp-content\/uploads\/2023\/10\/Nora-Iuga-2010-wiki.jpg\" \/>\n\t<meta property=\"og:image:width\" content=\"640\" \/>\n\t<meta property=\"og:image:height\" content=\"480\" \/>\n\t<meta property=\"og:image:type\" content=\"image\/png\" \/>\n<meta name=\"author\" content=\"Corina Sab\u0103u\" \/>\n<meta name=\"twitter:card\" content=\"summary_large_image\" \/>\n<meta name=\"twitter:label1\" content=\"Verfasst von\" \/>\n\t<meta name=\"twitter:data1\" content=\"Corina Sab\u0103u\" \/>\n\t<meta name=\"twitter:label2\" content=\"Gesch\u00e4tzte Lesezeit\" \/>\n\t<meta name=\"twitter:data2\" content=\"3\u00a0Minuten\" \/>\n\t<meta name=\"twitter:label3\" content=\"Written by\" \/>\n\t<meta name=\"twitter:data3\" content=\"Corina Sab\u0103u\" \/>\n<script type=\"application\/ld+json\" class=\"yoast-schema-graph\">{\"@context\":\"https:\\\/\\\/schema.org\",\"@graph\":[{\"@type\":\"Article\",\"@id\":\"https:\\\/\\\/www.rri.ro\\\/de\\\/rubriken\\\/blickpunkt-kultur\\\/dichterin-nora-iuga-mit-spiegelungen-preis-in-muenchen-geehrt-id639051.html#article\",\"isPartOf\":{\"@id\":\"https:\\\/\\\/www.rri.ro\\\/de\\\/rubriken\\\/blickpunkt-kultur\\\/dichterin-nora-iuga-mit-spiegelungen-preis-in-muenchen-geehrt-id639051.html\"},\"author\":{\"name\":\"Corina Sab\u0103u\",\"@id\":\"https:\\\/\\\/www.rri.ro\\\/#\\\/schema\\\/person\\\/f422c4ce48593b32beccebb63f9ceb1e\"},\"headline\":\"Dichterin Nora Iuga mit Spiegelungen-Preis in M\u00fcnchen geehrt\",\"datePublished\":\"2018-02-07T16:00:00+00:00\",\"mainEntityOfPage\":{\"@id\":\"https:\\\/\\\/www.rri.ro\\\/de\\\/rubriken\\\/blickpunkt-kultur\\\/dichterin-nora-iuga-mit-spiegelungen-preis-in-muenchen-geehrt-id639051.html\"},\"wordCount\":580,\"image\":{\"@id\":\"https:\\\/\\\/www.rri.ro\\\/de\\\/rubriken\\\/blickpunkt-kultur\\\/dichterin-nora-iuga-mit-spiegelungen-preis-in-muenchen-geehrt-id639051.html#primaryimage\"},\"thumbnailUrl\":\"https:\\\/\\\/www.rri.ro\\\/wp-content\\\/uploads\\\/2023\\\/10\\\/Nora-Iuga-2010-wiki.jpg\",\"keywords\":[\"Literatur\",\"Literatur\u00fcbersetzerin\",\"Lyrik\",\"Nora Iuga\",\"Spiegelungen-Preis\"],\"articleSection\":[\"Blickpunkt Kultur\"],\"inLanguage\":\"de\"},{\"@type\":\"WebPage\",\"@id\":\"https:\\\/\\\/www.rri.ro\\\/de\\\/rubriken\\\/blickpunkt-kultur\\\/dichterin-nora-iuga-mit-spiegelungen-preis-in-muenchen-geehrt-id639051.html\",\"url\":\"https:\\\/\\\/www.rri.ro\\\/de\\\/rubriken\\\/blickpunkt-kultur\\\/dichterin-nora-iuga-mit-spiegelungen-preis-in-muenchen-geehrt-id639051.html\",\"name\":\"Dichterin Nora Iuga mit Spiegelungen-Preis in M\u00fcnchen geehrt - Radio Rum\u00e4nien International\",\"isPartOf\":{\"@id\":\"https:\\\/\\\/www.rri.ro\\\/#website\"},\"primaryImageOfPage\":{\"@id\":\"https:\\\/\\\/www.rri.ro\\\/de\\\/rubriken\\\/blickpunkt-kultur\\\/dichterin-nora-iuga-mit-spiegelungen-preis-in-muenchen-geehrt-id639051.html#primaryimage\"},\"image\":{\"@id\":\"https:\\\/\\\/www.rri.ro\\\/de\\\/rubriken\\\/blickpunkt-kultur\\\/dichterin-nora-iuga-mit-spiegelungen-preis-in-muenchen-geehrt-id639051.html#primaryimage\"},\"thumbnailUrl\":\"https:\\\/\\\/www.rri.ro\\\/wp-content\\\/uploads\\\/2023\\\/10\\\/Nora-Iuga-2010-wiki.jpg\",\"datePublished\":\"2018-02-07T16:00:00+00:00\",\"author\":{\"@id\":\"https:\\\/\\\/www.rri.ro\\\/#\\\/schema\\\/person\\\/f422c4ce48593b32beccebb63f9ceb1e\"},\"breadcrumb\":{\"@id\":\"https:\\\/\\\/www.rri.ro\\\/de\\\/rubriken\\\/blickpunkt-kultur\\\/dichterin-nora-iuga-mit-spiegelungen-preis-in-muenchen-geehrt-id639051.html#breadcrumb\"},\"inLanguage\":\"de\",\"potentialAction\":[{\"@type\":\"ReadAction\",\"target\":[\"https:\\\/\\\/www.rri.ro\\\/de\\\/rubriken\\\/blickpunkt-kultur\\\/dichterin-nora-iuga-mit-spiegelungen-preis-in-muenchen-geehrt-id639051.html\"]}]},{\"@type\":\"ImageObject\",\"inLanguage\":\"de\",\"@id\":\"https:\\\/\\\/www.rri.ro\\\/de\\\/rubriken\\\/blickpunkt-kultur\\\/dichterin-nora-iuga-mit-spiegelungen-preis-in-muenchen-geehrt-id639051.html#primaryimage\",\"url\":\"https:\\\/\\\/www.rri.ro\\\/wp-content\\\/uploads\\\/2023\\\/10\\\/Nora-Iuga-2010-wiki.jpg\",\"contentUrl\":\"https:\\\/\\\/www.rri.ro\\\/wp-content\\\/uploads\\\/2023\\\/10\\\/Nora-Iuga-2010-wiki.jpg\",\"width\":640,\"height\":480},{\"@type\":\"BreadcrumbList\",\"@id\":\"https:\\\/\\\/www.rri.ro\\\/de\\\/rubriken\\\/blickpunkt-kultur\\\/dichterin-nora-iuga-mit-spiegelungen-preis-in-muenchen-geehrt-id639051.html#breadcrumb\",\"itemListElement\":[{\"@type\":\"ListItem\",\"position\":1,\"name\":\"Startseite\",\"item\":\"https:\\\/\\\/www.rri.ro\\\/de\"},{\"@type\":\"ListItem\",\"position\":2,\"name\":\"Rubriken\",\"item\":\"https:\\\/\\\/www.rri.ro\\\/de\\\/rubriken\"},{\"@type\":\"ListItem\",\"position\":3,\"name\":\"Blickpunkt Kultur\",\"item\":\"https:\\\/\\\/www.rri.ro\\\/de\\\/rubriken\\\/blickpunkt-kultur\"},{\"@type\":\"ListItem\",\"position\":4,\"name\":\"Dichterin Nora Iuga mit Spiegelungen-Preis in M\u00fcnchen geehrt\"}]},{\"@type\":\"WebSite\",\"@id\":\"https:\\\/\\\/www.rri.ro\\\/#website\",\"url\":\"https:\\\/\\\/www.rri.ro\\\/\",\"name\":\"Radio Rum\u00e4nien International\",\"description\":\"Totul despre Rom\u00e2nia \u015fi rom\u00e2ni, \u00een 13 limbi\\\/dialecte!\",\"inLanguage\":\"de\"},{\"@type\":\"Person\",\"@id\":\"https:\\\/\\\/www.rri.ro\\\/#\\\/schema\\\/person\\\/f422c4ce48593b32beccebb63f9ceb1e\",\"name\":\"Corina Sab\u0103u\",\"url\":\"https:\\\/\\\/www.rri.ro\\\/de\\\/author\\\/corina-sabau\"}]}<\/script>\n<!-- \/ Yoast SEO plugin. -->","yoast_head_json":{"title":"Dichterin Nora Iuga mit Spiegelungen-Preis in M\u00fcnchen geehrt - Radio Rum\u00e4nien International","robots":{"index":"index","follow":"follow","max-snippet":"max-snippet:-1","max-image-preview":"max-image-preview:large","max-video-preview":"max-video-preview:-1"},"canonical":"https:\/\/www.rri.ro\/de\/rubriken\/blickpunkt-kultur\/dichterin-nora-iuga-mit-spiegelungen-preis-in-muenchen-geehrt-id639051.html","og_locale":"de_DE","og_type":"article","og_title":"Dichterin Nora Iuga mit Spiegelungen-Preis in M\u00fcnchen geehrt - Radio Rum\u00e4nien International","og_description":"Die Dichterin und Literatur\u00fcbersetzerin Nora Iuga erfreut sich einer gro\u00dfen Beliebtheit beim deutschen Publikum. Sie wurde unter anderen mit dem Friedrich-Gundolf-Preis und dem deutschen Spiegelungen-Preis f\u00fcr Lyrik ausgezeichnet.","og_url":"https:\/\/www.rri.ro\/de\/rubriken\/blickpunkt-kultur\/dichterin-nora-iuga-mit-spiegelungen-preis-in-muenchen-geehrt-id639051.html","og_site_name":"Radio Rum\u00e4nien International","article_published_time":"2018-02-07T16:00:00+00:00","og_image":[{"width":640,"height":480,"url":"https:\/\/www.rri.ro\/wp-content\/uploads\/2023\/10\/Nora-Iuga-2010-wiki.jpg","type":"image\/png"}],"author":"Corina Sab\u0103u","twitter_card":"summary_large_image","twitter_misc":{"Verfasst von":"Corina Sab\u0103u","Gesch\u00e4tzte Lesezeit":"3\u00a0Minuten","Written by":"Corina Sab\u0103u"},"schema":{"@context":"https:\/\/schema.org","@graph":[{"@type":"Article","@id":"https:\/\/www.rri.ro\/de\/rubriken\/blickpunkt-kultur\/dichterin-nora-iuga-mit-spiegelungen-preis-in-muenchen-geehrt-id639051.html#article","isPartOf":{"@id":"https:\/\/www.rri.ro\/de\/rubriken\/blickpunkt-kultur\/dichterin-nora-iuga-mit-spiegelungen-preis-in-muenchen-geehrt-id639051.html"},"author":{"name":"Corina Sab\u0103u","@id":"https:\/\/www.rri.ro\/#\/schema\/person\/f422c4ce48593b32beccebb63f9ceb1e"},"headline":"Dichterin Nora Iuga mit Spiegelungen-Preis in M\u00fcnchen geehrt","datePublished":"2018-02-07T16:00:00+00:00","mainEntityOfPage":{"@id":"https:\/\/www.rri.ro\/de\/rubriken\/blickpunkt-kultur\/dichterin-nora-iuga-mit-spiegelungen-preis-in-muenchen-geehrt-id639051.html"},"wordCount":580,"image":{"@id":"https:\/\/www.rri.ro\/de\/rubriken\/blickpunkt-kultur\/dichterin-nora-iuga-mit-spiegelungen-preis-in-muenchen-geehrt-id639051.html#primaryimage"},"thumbnailUrl":"https:\/\/www.rri.ro\/wp-content\/uploads\/2023\/10\/Nora-Iuga-2010-wiki.jpg","keywords":["Literatur","Literatur\u00fcbersetzerin","Lyrik","Nora Iuga","Spiegelungen-Preis"],"articleSection":["Blickpunkt Kultur"],"inLanguage":"de"},{"@type":"WebPage","@id":"https:\/\/www.rri.ro\/de\/rubriken\/blickpunkt-kultur\/dichterin-nora-iuga-mit-spiegelungen-preis-in-muenchen-geehrt-id639051.html","url":"https:\/\/www.rri.ro\/de\/rubriken\/blickpunkt-kultur\/dichterin-nora-iuga-mit-spiegelungen-preis-in-muenchen-geehrt-id639051.html","name":"Dichterin Nora Iuga mit Spiegelungen-Preis in M\u00fcnchen geehrt - Radio Rum\u00e4nien International","isPartOf":{"@id":"https:\/\/www.rri.ro\/#website"},"primaryImageOfPage":{"@id":"https:\/\/www.rri.ro\/de\/rubriken\/blickpunkt-kultur\/dichterin-nora-iuga-mit-spiegelungen-preis-in-muenchen-geehrt-id639051.html#primaryimage"},"image":{"@id":"https:\/\/www.rri.ro\/de\/rubriken\/blickpunkt-kultur\/dichterin-nora-iuga-mit-spiegelungen-preis-in-muenchen-geehrt-id639051.html#primaryimage"},"thumbnailUrl":"https:\/\/www.rri.ro\/wp-content\/uploads\/2023\/10\/Nora-Iuga-2010-wiki.jpg","datePublished":"2018-02-07T16:00:00+00:00","author":{"@id":"https:\/\/www.rri.ro\/#\/schema\/person\/f422c4ce48593b32beccebb63f9ceb1e"},"breadcrumb":{"@id":"https:\/\/www.rri.ro\/de\/rubriken\/blickpunkt-kultur\/dichterin-nora-iuga-mit-spiegelungen-preis-in-muenchen-geehrt-id639051.html#breadcrumb"},"inLanguage":"de","potentialAction":[{"@type":"ReadAction","target":["https:\/\/www.rri.ro\/de\/rubriken\/blickpunkt-kultur\/dichterin-nora-iuga-mit-spiegelungen-preis-in-muenchen-geehrt-id639051.html"]}]},{"@type":"ImageObject","inLanguage":"de","@id":"https:\/\/www.rri.ro\/de\/rubriken\/blickpunkt-kultur\/dichterin-nora-iuga-mit-spiegelungen-preis-in-muenchen-geehrt-id639051.html#primaryimage","url":"https:\/\/www.rri.ro\/wp-content\/uploads\/2023\/10\/Nora-Iuga-2010-wiki.jpg","contentUrl":"https:\/\/www.rri.ro\/wp-content\/uploads\/2023\/10\/Nora-Iuga-2010-wiki.jpg","width":640,"height":480},{"@type":"BreadcrumbList","@id":"https:\/\/www.rri.ro\/de\/rubriken\/blickpunkt-kultur\/dichterin-nora-iuga-mit-spiegelungen-preis-in-muenchen-geehrt-id639051.html#breadcrumb","itemListElement":[{"@type":"ListItem","position":1,"name":"Startseite","item":"https:\/\/www.rri.ro\/de"},{"@type":"ListItem","position":2,"name":"Rubriken","item":"https:\/\/www.rri.ro\/de\/rubriken"},{"@type":"ListItem","position":3,"name":"Blickpunkt Kultur","item":"https:\/\/www.rri.ro\/de\/rubriken\/blickpunkt-kultur"},{"@type":"ListItem","position":4,"name":"Dichterin Nora Iuga mit Spiegelungen-Preis in M\u00fcnchen geehrt"}]},{"@type":"WebSite","@id":"https:\/\/www.rri.ro\/#website","url":"https:\/\/www.rri.ro\/","name":"Radio Rum\u00e4nien International","description":"Totul despre Rom\u00e2nia \u015fi rom\u00e2ni, \u00een 13 limbi\/dialecte!","inLanguage":"de"},{"@type":"Person","@id":"https:\/\/www.rri.ro\/#\/schema\/person\/f422c4ce48593b32beccebb63f9ceb1e","name":"Corina Sab\u0103u","url":"https:\/\/www.rri.ro\/de\/author\/corina-sabau"}]}},"_links":{"self":[{"href":"https:\/\/www.rri.ro\/de\/wp-json\/wp\/v2\/posts\/639051","targetHints":{"allow":["GET"]}}],"collection":[{"href":"https:\/\/www.rri.ro\/de\/wp-json\/wp\/v2\/posts"}],"about":[{"href":"https:\/\/www.rri.ro\/de\/wp-json\/wp\/v2\/types\/post"}],"author":[{"embeddable":true,"href":"https:\/\/www.rri.ro\/de\/wp-json\/wp\/v2\/users\/135"}],"replies":[{"embeddable":true,"href":"https:\/\/www.rri.ro\/de\/wp-json\/wp\/v2\/comments?post=639051"}],"version-history":[{"count":0,"href":"https:\/\/www.rri.ro\/de\/wp-json\/wp\/v2\/posts\/639051\/revisions"}],"wp:featuredmedia":[{"embeddable":true,"href":"https:\/\/www.rri.ro\/de\/wp-json\/wp\/v2\/media\/160729"}],"wp:attachment":[{"href":"https:\/\/www.rri.ro\/de\/wp-json\/wp\/v2\/media?parent=639051"}],"wp:term":[{"taxonomy":"category","embeddable":true,"href":"https:\/\/www.rri.ro\/de\/wp-json\/wp\/v2\/categories?post=639051"},{"taxonomy":"post_tag","embeddable":true,"href":"https:\/\/www.rri.ro\/de\/wp-json\/wp\/v2\/tags?post=639051"},{"taxonomy":"author","embeddable":true,"href":"https:\/\/www.rri.ro\/de\/wp-json\/wp\/v2\/coauthors?post=639051"}],"curies":[{"name":"wp","href":"https:\/\/api.w.org\/{rel}","templated":true}]}}