{"id":639117,"date":"2018-03-21T18:30:00","date_gmt":"2018-03-21T16:30:00","guid":{"rendered":"http:\/\/devrri.freshlemon.ro\/aktuell\/rumaenien-auf-dem-pariser-buchsalon-ueber-50-neue-titel-vorgestellt-id639117.html"},"modified":"2018-03-21T18:30:00","modified_gmt":"2018-03-21T16:30:00","slug":"rumaenien-auf-dem-pariser-buchsalon-ueber-50-neue-titel-vorgestellt","status":"publish","type":"post","link":"https:\/\/www.rri.ro\/de\/rubriken\/blickpunkt-kultur\/rumaenien-auf-dem-pariser-buchsalon-ueber-50-neue-titel-vorgestellt-id639117.html","title":{"rendered":"Rum\u00e4nien auf dem Pariser Buchsalon: \u00dcber 50 neue Titel vorgestellt"},"content":{"rendered":"<p>Rum\u00e4nien, so wie Sie es nie gelesen haben\u201c\/La Roumanie, comme vous ne l\u2019avez jamais lue\u201c &#8212; unter diesem Motto stand zwischen dem 16. und dem 19. M\u00e4rz die rum\u00e4nische Pr\u00e4senz auf dem Pariser Buchsalon. Auf dem Messestand des Rum\u00e4nischen Kulturinstituts wurden \u00fcber 50 aktuelle Titel ausgestellt. Die lebendige Literaturszene Rum\u00e4niens pr\u00e4sentierte sich auf der internationalen Buchmesse mit \u00fcber 20 Veranstaltungen. Der Schriftsteller Basarab Nicolescu und Louis Monier, einer der Erfinder der Alta-Vista-Suchmaschine, pr\u00e4sentierten das Album Les Roumains de Paris\u201c \/ Die Rum\u00e4nen in Paris\u201c, erschienen im Verlag  \u00c9ditions Michel de Maule. Doina Lemny stellte ihre neusten Titel vor: den Briefwechsel zwischen dem rum\u00e4nischen Bildhauer Constantin Br\u00e2ncu\u015fi und dem franz\u00f6sischen Maler Marcel Duchamp, erschienen im Verlag \u00c9ditions Diletca, sowie Br\u00e2ncusi et Marthe &#8212; ou l\u2019histoire d\u2019amour entre Tantan et Tonton\u201c (den Briefweschel zwischen dem rum\u00e4nischen Bildhauer und der schweizerischen T\u00e4nzerin Marthe Lebherz, erschienen im Verlag Fage \u00c9diteur). <\/p>\n<p>&#13;<br \/>\n&#13;<\/p>\n<p>&#13;<br \/>\n&#13;<\/p>\n<p>Auf dem internationalen Buchsalon pr\u00e4sentierte das Rum\u00e4nische Kulturinstitut auch den j\u00fcngsten Roman der moldauischen Schriftstellerin Tatiana \u0162\u00eebuleac, der in franz\u00f6sischer \u00dcbersetzung im Verlag \u00c9ditions des Syrte erschien:  L\u2019\u00c9t\u00e9 o\u00f9 maman a eu les yeux verts\u201c \/ Der Sommer, in dem meine Mutter gr\u00fcne Augen hatte\u201c. Der kleine, aber aussagekr\u00e4ftige Roman setzt eine Prosaautorin in der europ\u00e4ischen Literaturszene durch, von der ich die gr\u00f6\u200e\u00dften Erwartungen habe\u201c, schreibt der Literaturkritiker Radu Vancu \u00fcber den Roman, der im Verlag Cartier erschien. \u00dcber die franz\u00f6sische \u00dcbersetzung ihres Romans, sagte die Autorin: <\/p>\n<p>&#13;<br \/>\n&#13;<\/p>\n<p>&#13;<br \/>\n&#13;<\/p>\n<p><em>Die franz\u00f6sische \u00dcbersetzung meines Werkes habe ich nicht nur aus Stolz erwartet. Ich m\u00f6chte sehen, wie diese osteurop\u00e4ische Geschichte vom franz\u00f6sischen Publikum wahrgenommen wird. Auch die Wahrnehmung durch das brasilianische Publikum weckt meine Neugier, denn bald soll der Roman auch ins Portugiesische \u00fcbersetzt werden. Weitere ausl\u00e4ndische Verlage haben sich ebenfalls bereit gezeigt, den Roman zu ver\u00f6ffentlichen. Jede \u00dcbersetzung verleiht meinem Werk ein neues Leben und das bewegt mich sehr. Als ich diese Geschichte zu schreiben begann, wusste ich, dass sie die Form eines Romans annehmen wird. Es handelt sich um die Geschichte einer Frau, die ich vorigen Sommer kennenlernte. Sie hat mich stark beeindruckt. Beim Schreiben stellte ich fest, dass ich nicht mehr aufh\u00f6ren konnte und dass verborgene Ideen, die ich im Kopf hatte, in dieser Geschichte eine Stimme bekommen k\u00f6nnen. Dann habe ich mir gesagt: Ich muss weitermachen. So viele Sachen wollte ich schon lange zum Ausdruck bringen, hatte aber nie die Gelegenheit. Dieses Buch hat mir die Chance gegeben. Nachdem ich das Buch fertigschrieb, f\u00fchlte ich, dass dieses Buch zu schreiben und all diese Sachen zum Ausdruck zu bringen, mir gut getan hat.\u201c<\/em><\/p>\n<p>&#13;<br \/>\n&#13;<\/p>\n<p>&#13;<br \/>\n&#13;<\/p>\n<p>&#13;<br \/>\n&#13;<\/p>\n<p>Die ausgebildete Journalistin lebt seit 2008 in Frankreich. Der Roman Der Sommer, in dem meine Mutter gr\u00fcne Augen hatte\u201c, der in Paris spielt, habe ihr die Chance gegeben, ein neues Leben zu beginnen. Wir haben die Autorin gefragt, wie sie ihr Verh\u00e4ltnis zu ihrer Muttersprache beurteilt:<\/p>\n<p>&#13;<br \/>\n&#13;<\/p>\n<p>&#13;<br \/>\n&#13;<\/p>\n<p><em>Die rum\u00e4nische Sprache habe ich, im Gegenteil zu meinem Heimatland, nie verlassen. Selbst wenn ich auf Rum\u00e4nisch geschrieben habe und das Rum\u00e4nische als meine Muttersprache betrachte, kann ich sagen, dass ich es erst jetzt besser verstanden und vertieft habe. Jetzt, zehn Jahre seitdem ich mein Heimatland verlassen habe, kann ich sagen, dass ich meine Muttersprache mehr liebe. Mein Heimatland Republik Moldau habe ich eigentlich nie hinter mir gelassen, ich wollte aber, dass meine Romane nicht dort spielen und nicht mehr um moldau-bezogene Themen kreisen. Uns steht als Schriftsteller eine Vielfalt an Themen zur Verf\u00fcgung.\u201c<\/em><\/p>\n<p>&#13;<br \/>\n&#13;<\/p>\n<p>&#13;<br \/>\n&#13;<\/p>\n<p>&#13;<br \/>\n&#13;<\/p>\n<p>Der Theaterkritiker George Banu hat auf der internationalen Buchmesse mit Marie-No\u00eblle Semet \u00fcber seinen Roman Les Portes au coeur de l\u2019intime\u201c gesprochen. Die rum\u00e4nische Version des Bandes ist voriges Jahr im Verlag Nemira erschienen. 2015  j\u00e4hrte sich der Geburtstag des Dichters Gellu Naum zum 100. Mal. Das Rum\u00e4nische Kulturinstitut widmete dem Dichter auch eine Lesung: Gellu Naum 100.<\/p>\n<p>&#13;<\/p>\n","protected":false},"excerpt":{"rendered":"<p>Starke rum\u00e4nische Pr\u00e4senz auf dem Pariser Buchsalon: Die lebendige Literaturszene Rum\u00e4niens pr\u00e4sentierte sich zwischen dem 16. und dem 19. M\u00e4rz in Paris mit mehr als 50 neuen Titeln und 20 Buchpr\u00e4sentationen.<\/p>\n","protected":false},"author":135,"featured_media":637416,"comment_status":"closed","ping_status":"closed","sticky":false,"template":"","format":"standard","meta":{"_acf_changed":false,"footnotes":""},"categories":[116783],"tags":[130966,121613,55839,150741,102128,130967,130968,144362,45398,99589,44883],"coauthors":[],"class_list":["post-639117","post","type-post","status-publish","format-standard","has-post-thumbnail","hentry","category-blickpunkt-kultur","tag-basarab-nicolescu","tag-buchsalon","tag-doina-lemny","tag-george-banu-de","tag-literatur","tag-louis-monier","tag-marie-noelle-semet","tag-paris-de","tag-roman","tag-rumaenien","tag-tatiana-tibuleac"],"acf":[],"yoast_head":"<!-- This site is optimized with the Yoast SEO plugin v27.5 - https:\/\/yoast.com\/product\/yoast-seo-wordpress\/ -->\n<title>Rum\u00e4nien auf dem Pariser Buchsalon: \u00dcber 50 neue Titel vorgestellt - Radio Rum\u00e4nien International<\/title>\n<meta name=\"robots\" content=\"index, follow, max-snippet:-1, max-image-preview:large, max-video-preview:-1\" \/>\n<link rel=\"canonical\" href=\"https:\/\/www.rri.ro\/de\/rubriken\/blickpunkt-kultur\/rumaenien-auf-dem-pariser-buchsalon-ueber-50-neue-titel-vorgestellt-id639117.html\" \/>\n<meta property=\"og:locale\" content=\"de_DE\" \/>\n<meta property=\"og:type\" content=\"article\" \/>\n<meta property=\"og:title\" content=\"Rum\u00e4nien auf dem Pariser Buchsalon: \u00dcber 50 neue Titel vorgestellt - Radio Rum\u00e4nien International\" \/>\n<meta property=\"og:description\" content=\"Starke rum\u00e4nische Pr\u00e4senz auf dem Pariser Buchsalon: Die lebendige Literaturszene Rum\u00e4niens pr\u00e4sentierte sich zwischen dem 16. und dem 19. M\u00e4rz in Paris mit mehr als 50 neuen Titeln und 20 Buchpr\u00e4sentationen.\" \/>\n<meta property=\"og:url\" content=\"https:\/\/www.rri.ro\/de\/rubriken\/blickpunkt-kultur\/rumaenien-auf-dem-pariser-buchsalon-ueber-50-neue-titel-vorgestellt-id639117.html\" \/>\n<meta property=\"og:site_name\" content=\"Radio Rum\u00e4nien International\" \/>\n<meta property=\"article:published_time\" content=\"2018-03-21T16:30:00+00:00\" \/>\n<meta property=\"og:image\" content=\"https:\/\/www.rri.ro\/wp-content\/uploads\/2024\/02\/tatiana-tibuleac-salon-carte-paris-fb.jpg\" \/>\n\t<meta property=\"og:image:width\" content=\"640\" \/>\n\t<meta property=\"og:image:height\" content=\"853\" \/>\n\t<meta property=\"og:image:type\" content=\"image\/jpeg\" \/>\n<meta name=\"author\" content=\"Corina Sab\u0103u\" \/>\n<meta name=\"twitter:card\" content=\"summary_large_image\" \/>\n<meta name=\"twitter:label1\" content=\"Verfasst von\" \/>\n\t<meta name=\"twitter:data1\" content=\"Corina Sab\u0103u\" \/>\n\t<meta name=\"twitter:label2\" content=\"Gesch\u00e4tzte Lesezeit\" \/>\n\t<meta name=\"twitter:data2\" content=\"3\u00a0Minuten\" \/>\n\t<meta name=\"twitter:label3\" content=\"Written by\" \/>\n\t<meta name=\"twitter:data3\" content=\"Corina Sab\u0103u\" \/>\n<script type=\"application\/ld+json\" class=\"yoast-schema-graph\">{\"@context\":\"https:\\\/\\\/schema.org\",\"@graph\":[{\"@type\":\"Article\",\"@id\":\"https:\\\/\\\/www.rri.ro\\\/de\\\/rubriken\\\/blickpunkt-kultur\\\/rumaenien-auf-dem-pariser-buchsalon-ueber-50-neue-titel-vorgestellt-id639117.html#article\",\"isPartOf\":{\"@id\":\"https:\\\/\\\/www.rri.ro\\\/de\\\/rubriken\\\/blickpunkt-kultur\\\/rumaenien-auf-dem-pariser-buchsalon-ueber-50-neue-titel-vorgestellt-id639117.html\"},\"author\":{\"name\":\"Corina Sab\u0103u\",\"@id\":\"https:\\\/\\\/www.rri.ro\\\/#\\\/schema\\\/person\\\/f422c4ce48593b32beccebb63f9ceb1e\"},\"headline\":\"Rum\u00e4nien auf dem Pariser Buchsalon: \u00dcber 50 neue Titel vorgestellt\",\"datePublished\":\"2018-03-21T16:30:00+00:00\",\"mainEntityOfPage\":{\"@id\":\"https:\\\/\\\/www.rri.ro\\\/de\\\/rubriken\\\/blickpunkt-kultur\\\/rumaenien-auf-dem-pariser-buchsalon-ueber-50-neue-titel-vorgestellt-id639117.html\"},\"wordCount\":666,\"image\":{\"@id\":\"https:\\\/\\\/www.rri.ro\\\/de\\\/rubriken\\\/blickpunkt-kultur\\\/rumaenien-auf-dem-pariser-buchsalon-ueber-50-neue-titel-vorgestellt-id639117.html#primaryimage\"},\"thumbnailUrl\":\"https:\\\/\\\/www.rri.ro\\\/wp-content\\\/uploads\\\/2024\\\/02\\\/tatiana-tibuleac-salon-carte-paris-fb.jpg\",\"keywords\":[\"Basarab Nicolescu\",\"Buchsalon\",\"Doina Lemny\",\"George Banu\",\"Literatur\",\"Louis Monier\",\"Marie-No\u00eblle Semet\",\"Paris\",\"Roman\",\"Rum\u00e4nien\",\"Tatiana Tibuleac\"],\"articleSection\":[\"Blickpunkt Kultur\"],\"inLanguage\":\"de\"},{\"@type\":\"WebPage\",\"@id\":\"https:\\\/\\\/www.rri.ro\\\/de\\\/rubriken\\\/blickpunkt-kultur\\\/rumaenien-auf-dem-pariser-buchsalon-ueber-50-neue-titel-vorgestellt-id639117.html\",\"url\":\"https:\\\/\\\/www.rri.ro\\\/de\\\/rubriken\\\/blickpunkt-kultur\\\/rumaenien-auf-dem-pariser-buchsalon-ueber-50-neue-titel-vorgestellt-id639117.html\",\"name\":\"Rum\u00e4nien auf dem Pariser Buchsalon: \u00dcber 50 neue Titel vorgestellt - Radio Rum\u00e4nien International\",\"isPartOf\":{\"@id\":\"https:\\\/\\\/www.rri.ro\\\/#website\"},\"primaryImageOfPage\":{\"@id\":\"https:\\\/\\\/www.rri.ro\\\/de\\\/rubriken\\\/blickpunkt-kultur\\\/rumaenien-auf-dem-pariser-buchsalon-ueber-50-neue-titel-vorgestellt-id639117.html#primaryimage\"},\"image\":{\"@id\":\"https:\\\/\\\/www.rri.ro\\\/de\\\/rubriken\\\/blickpunkt-kultur\\\/rumaenien-auf-dem-pariser-buchsalon-ueber-50-neue-titel-vorgestellt-id639117.html#primaryimage\"},\"thumbnailUrl\":\"https:\\\/\\\/www.rri.ro\\\/wp-content\\\/uploads\\\/2024\\\/02\\\/tatiana-tibuleac-salon-carte-paris-fb.jpg\",\"datePublished\":\"2018-03-21T16:30:00+00:00\",\"author\":{\"@id\":\"https:\\\/\\\/www.rri.ro\\\/#\\\/schema\\\/person\\\/f422c4ce48593b32beccebb63f9ceb1e\"},\"breadcrumb\":{\"@id\":\"https:\\\/\\\/www.rri.ro\\\/de\\\/rubriken\\\/blickpunkt-kultur\\\/rumaenien-auf-dem-pariser-buchsalon-ueber-50-neue-titel-vorgestellt-id639117.html#breadcrumb\"},\"inLanguage\":\"de\",\"potentialAction\":[{\"@type\":\"ReadAction\",\"target\":[\"https:\\\/\\\/www.rri.ro\\\/de\\\/rubriken\\\/blickpunkt-kultur\\\/rumaenien-auf-dem-pariser-buchsalon-ueber-50-neue-titel-vorgestellt-id639117.html\"]}]},{\"@type\":\"ImageObject\",\"inLanguage\":\"de\",\"@id\":\"https:\\\/\\\/www.rri.ro\\\/de\\\/rubriken\\\/blickpunkt-kultur\\\/rumaenien-auf-dem-pariser-buchsalon-ueber-50-neue-titel-vorgestellt-id639117.html#primaryimage\",\"url\":\"https:\\\/\\\/www.rri.ro\\\/wp-content\\\/uploads\\\/2024\\\/02\\\/tatiana-tibuleac-salon-carte-paris-fb.jpg\",\"contentUrl\":\"https:\\\/\\\/www.rri.ro\\\/wp-content\\\/uploads\\\/2024\\\/02\\\/tatiana-tibuleac-salon-carte-paris-fb.jpg\",\"width\":640,\"height\":853},{\"@type\":\"BreadcrumbList\",\"@id\":\"https:\\\/\\\/www.rri.ro\\\/de\\\/rubriken\\\/blickpunkt-kultur\\\/rumaenien-auf-dem-pariser-buchsalon-ueber-50-neue-titel-vorgestellt-id639117.html#breadcrumb\",\"itemListElement\":[{\"@type\":\"ListItem\",\"position\":1,\"name\":\"Startseite\",\"item\":\"https:\\\/\\\/www.rri.ro\\\/de\"},{\"@type\":\"ListItem\",\"position\":2,\"name\":\"Rubriken\",\"item\":\"https:\\\/\\\/www.rri.ro\\\/de\\\/rubriken\"},{\"@type\":\"ListItem\",\"position\":3,\"name\":\"Blickpunkt Kultur\",\"item\":\"https:\\\/\\\/www.rri.ro\\\/de\\\/rubriken\\\/blickpunkt-kultur\"},{\"@type\":\"ListItem\",\"position\":4,\"name\":\"Rum\u00e4nien auf dem Pariser Buchsalon: \u00dcber 50 neue Titel vorgestellt\"}]},{\"@type\":\"WebSite\",\"@id\":\"https:\\\/\\\/www.rri.ro\\\/#website\",\"url\":\"https:\\\/\\\/www.rri.ro\\\/\",\"name\":\"Radio Rum\u00e4nien International\",\"description\":\"Totul despre Rom\u00e2nia \u015fi rom\u00e2ni, \u00een 13 limbi\\\/dialecte!\",\"inLanguage\":\"de\"},{\"@type\":\"Person\",\"@id\":\"https:\\\/\\\/www.rri.ro\\\/#\\\/schema\\\/person\\\/f422c4ce48593b32beccebb63f9ceb1e\",\"name\":\"Corina Sab\u0103u\",\"url\":\"https:\\\/\\\/www.rri.ro\\\/de\\\/author\\\/corina-sabau\"}]}<\/script>\n<!-- \/ Yoast SEO plugin. -->","yoast_head_json":{"title":"Rum\u00e4nien auf dem Pariser Buchsalon: \u00dcber 50 neue Titel vorgestellt - Radio Rum\u00e4nien International","robots":{"index":"index","follow":"follow","max-snippet":"max-snippet:-1","max-image-preview":"max-image-preview:large","max-video-preview":"max-video-preview:-1"},"canonical":"https:\/\/www.rri.ro\/de\/rubriken\/blickpunkt-kultur\/rumaenien-auf-dem-pariser-buchsalon-ueber-50-neue-titel-vorgestellt-id639117.html","og_locale":"de_DE","og_type":"article","og_title":"Rum\u00e4nien auf dem Pariser Buchsalon: \u00dcber 50 neue Titel vorgestellt - Radio Rum\u00e4nien International","og_description":"Starke rum\u00e4nische Pr\u00e4senz auf dem Pariser Buchsalon: Die lebendige Literaturszene Rum\u00e4niens pr\u00e4sentierte sich zwischen dem 16. und dem 19. M\u00e4rz in Paris mit mehr als 50 neuen Titeln und 20 Buchpr\u00e4sentationen.","og_url":"https:\/\/www.rri.ro\/de\/rubriken\/blickpunkt-kultur\/rumaenien-auf-dem-pariser-buchsalon-ueber-50-neue-titel-vorgestellt-id639117.html","og_site_name":"Radio Rum\u00e4nien International","article_published_time":"2018-03-21T16:30:00+00:00","og_image":[{"width":640,"height":853,"url":"https:\/\/www.rri.ro\/wp-content\/uploads\/2024\/02\/tatiana-tibuleac-salon-carte-paris-fb.jpg","type":"image\/jpeg"}],"author":"Corina Sab\u0103u","twitter_card":"summary_large_image","twitter_misc":{"Verfasst von":"Corina Sab\u0103u","Gesch\u00e4tzte Lesezeit":"3\u00a0Minuten","Written by":"Corina Sab\u0103u"},"schema":{"@context":"https:\/\/schema.org","@graph":[{"@type":"Article","@id":"https:\/\/www.rri.ro\/de\/rubriken\/blickpunkt-kultur\/rumaenien-auf-dem-pariser-buchsalon-ueber-50-neue-titel-vorgestellt-id639117.html#article","isPartOf":{"@id":"https:\/\/www.rri.ro\/de\/rubriken\/blickpunkt-kultur\/rumaenien-auf-dem-pariser-buchsalon-ueber-50-neue-titel-vorgestellt-id639117.html"},"author":{"name":"Corina Sab\u0103u","@id":"https:\/\/www.rri.ro\/#\/schema\/person\/f422c4ce48593b32beccebb63f9ceb1e"},"headline":"Rum\u00e4nien auf dem Pariser Buchsalon: \u00dcber 50 neue Titel vorgestellt","datePublished":"2018-03-21T16:30:00+00:00","mainEntityOfPage":{"@id":"https:\/\/www.rri.ro\/de\/rubriken\/blickpunkt-kultur\/rumaenien-auf-dem-pariser-buchsalon-ueber-50-neue-titel-vorgestellt-id639117.html"},"wordCount":666,"image":{"@id":"https:\/\/www.rri.ro\/de\/rubriken\/blickpunkt-kultur\/rumaenien-auf-dem-pariser-buchsalon-ueber-50-neue-titel-vorgestellt-id639117.html#primaryimage"},"thumbnailUrl":"https:\/\/www.rri.ro\/wp-content\/uploads\/2024\/02\/tatiana-tibuleac-salon-carte-paris-fb.jpg","keywords":["Basarab Nicolescu","Buchsalon","Doina Lemny","George Banu","Literatur","Louis Monier","Marie-No\u00eblle Semet","Paris","Roman","Rum\u00e4nien","Tatiana Tibuleac"],"articleSection":["Blickpunkt Kultur"],"inLanguage":"de"},{"@type":"WebPage","@id":"https:\/\/www.rri.ro\/de\/rubriken\/blickpunkt-kultur\/rumaenien-auf-dem-pariser-buchsalon-ueber-50-neue-titel-vorgestellt-id639117.html","url":"https:\/\/www.rri.ro\/de\/rubriken\/blickpunkt-kultur\/rumaenien-auf-dem-pariser-buchsalon-ueber-50-neue-titel-vorgestellt-id639117.html","name":"Rum\u00e4nien auf dem Pariser Buchsalon: \u00dcber 50 neue Titel vorgestellt - Radio Rum\u00e4nien International","isPartOf":{"@id":"https:\/\/www.rri.ro\/#website"},"primaryImageOfPage":{"@id":"https:\/\/www.rri.ro\/de\/rubriken\/blickpunkt-kultur\/rumaenien-auf-dem-pariser-buchsalon-ueber-50-neue-titel-vorgestellt-id639117.html#primaryimage"},"image":{"@id":"https:\/\/www.rri.ro\/de\/rubriken\/blickpunkt-kultur\/rumaenien-auf-dem-pariser-buchsalon-ueber-50-neue-titel-vorgestellt-id639117.html#primaryimage"},"thumbnailUrl":"https:\/\/www.rri.ro\/wp-content\/uploads\/2024\/02\/tatiana-tibuleac-salon-carte-paris-fb.jpg","datePublished":"2018-03-21T16:30:00+00:00","author":{"@id":"https:\/\/www.rri.ro\/#\/schema\/person\/f422c4ce48593b32beccebb63f9ceb1e"},"breadcrumb":{"@id":"https:\/\/www.rri.ro\/de\/rubriken\/blickpunkt-kultur\/rumaenien-auf-dem-pariser-buchsalon-ueber-50-neue-titel-vorgestellt-id639117.html#breadcrumb"},"inLanguage":"de","potentialAction":[{"@type":"ReadAction","target":["https:\/\/www.rri.ro\/de\/rubriken\/blickpunkt-kultur\/rumaenien-auf-dem-pariser-buchsalon-ueber-50-neue-titel-vorgestellt-id639117.html"]}]},{"@type":"ImageObject","inLanguage":"de","@id":"https:\/\/www.rri.ro\/de\/rubriken\/blickpunkt-kultur\/rumaenien-auf-dem-pariser-buchsalon-ueber-50-neue-titel-vorgestellt-id639117.html#primaryimage","url":"https:\/\/www.rri.ro\/wp-content\/uploads\/2024\/02\/tatiana-tibuleac-salon-carte-paris-fb.jpg","contentUrl":"https:\/\/www.rri.ro\/wp-content\/uploads\/2024\/02\/tatiana-tibuleac-salon-carte-paris-fb.jpg","width":640,"height":853},{"@type":"BreadcrumbList","@id":"https:\/\/www.rri.ro\/de\/rubriken\/blickpunkt-kultur\/rumaenien-auf-dem-pariser-buchsalon-ueber-50-neue-titel-vorgestellt-id639117.html#breadcrumb","itemListElement":[{"@type":"ListItem","position":1,"name":"Startseite","item":"https:\/\/www.rri.ro\/de"},{"@type":"ListItem","position":2,"name":"Rubriken","item":"https:\/\/www.rri.ro\/de\/rubriken"},{"@type":"ListItem","position":3,"name":"Blickpunkt Kultur","item":"https:\/\/www.rri.ro\/de\/rubriken\/blickpunkt-kultur"},{"@type":"ListItem","position":4,"name":"Rum\u00e4nien auf dem Pariser Buchsalon: \u00dcber 50 neue Titel vorgestellt"}]},{"@type":"WebSite","@id":"https:\/\/www.rri.ro\/#website","url":"https:\/\/www.rri.ro\/","name":"Radio Rum\u00e4nien International","description":"Totul despre Rom\u00e2nia \u015fi rom\u00e2ni, \u00een 13 limbi\/dialecte!","inLanguage":"de"},{"@type":"Person","@id":"https:\/\/www.rri.ro\/#\/schema\/person\/f422c4ce48593b32beccebb63f9ceb1e","name":"Corina Sab\u0103u","url":"https:\/\/www.rri.ro\/de\/author\/corina-sabau"}]}},"_links":{"self":[{"href":"https:\/\/www.rri.ro\/de\/wp-json\/wp\/v2\/posts\/639117","targetHints":{"allow":["GET"]}}],"collection":[{"href":"https:\/\/www.rri.ro\/de\/wp-json\/wp\/v2\/posts"}],"about":[{"href":"https:\/\/www.rri.ro\/de\/wp-json\/wp\/v2\/types\/post"}],"author":[{"embeddable":true,"href":"https:\/\/www.rri.ro\/de\/wp-json\/wp\/v2\/users\/135"}],"replies":[{"embeddable":true,"href":"https:\/\/www.rri.ro\/de\/wp-json\/wp\/v2\/comments?post=639117"}],"version-history":[{"count":0,"href":"https:\/\/www.rri.ro\/de\/wp-json\/wp\/v2\/posts\/639117\/revisions"}],"wp:featuredmedia":[{"embeddable":true,"href":"https:\/\/www.rri.ro\/de\/wp-json\/wp\/v2\/media\/637416"}],"wp:attachment":[{"href":"https:\/\/www.rri.ro\/de\/wp-json\/wp\/v2\/media?parent=639117"}],"wp:term":[{"taxonomy":"category","embeddable":true,"href":"https:\/\/www.rri.ro\/de\/wp-json\/wp\/v2\/categories?post=639117"},{"taxonomy":"post_tag","embeddable":true,"href":"https:\/\/www.rri.ro\/de\/wp-json\/wp\/v2\/tags?post=639117"},{"taxonomy":"author","embeddable":true,"href":"https:\/\/www.rri.ro\/de\/wp-json\/wp\/v2\/coauthors?post=639117"}],"curies":[{"name":"wp","href":"https:\/\/api.w.org\/{rel}","templated":true}]}}