{"id":639130,"date":"2018-03-28T18:00:00","date_gmt":"2018-03-28T15:00:00","guid":{"rendered":"http:\/\/devrri.freshlemon.ro\/aktuell\/buchmesse-leipzig-2018-zoom-in-romania-id639130.html"},"modified":"2018-03-28T18:00:00","modified_gmt":"2018-03-28T15:00:00","slug":"buchmesse-leipzig-2018-zoom-in-romania","status":"publish","type":"post","link":"https:\/\/www.rri.ro\/de\/rubriken\/blickpunkt-kultur\/buchmesse-leipzig-2018-zoom-in-romania-id639130.html","title":{"rendered":"Buchmesse Leipzig 2018: Zoom In Romania"},"content":{"rendered":"<p>Unter dem Motto Zoom In Romania\u201c fanden in Leipzig rund 60 Veranstaltungen statt, an denen knapp 50 rum\u00e4nische Autoren und K\u00fcnstler ihre Neuerscheinungen pr\u00e4sentierten und  \u00fcber Sichtweisen auf ihr Land, seine Geschichte und die aktuelle gesellschaftspolitische Situation diskutierten. Das Rum\u00e4nische Kulturinstitut in Berlin, das seit 2015 einen Workshop f\u00fcr Literatur\u00fcbersetzer organisiert, stellte dabei die Anthologie rum\u00e4nischer Prosa  Das Leben wie ein Tortenboden\u201c vor. Diese erschien Februar 2018 im deutschen Verlag Transit. <\/p>\n<p>&#13;<br \/>\n&#13;<\/p>\n<p>&#13;<br \/>\n&#13;<\/p>\n<p>Laut der Kuratorin des rum\u00e4nischen Programms auf der Leipziger Buchmesse, Ioana Gruenwald, standen die jungen Autoren im Mittelpunkt des besonderen Auftritts Rum\u00e4niens in Leipzig. \u00dcber die rum\u00e4nische Pr\u00e4senz auf der internationalen Buchmesse haben wir mit  Bogdan-Alexandru St\u0103nescu, gesprochen.  Der Schriftsteller und Literatur\u00fcbersetzer  hat dabei zwei Buchpr\u00e4sentationen rum\u00e4nischer Schriftsteller moderiert:  <\/p>\n<p>&#13;<br \/>\n&#13;<\/p>\n<p>&#13;<br \/>\n&#13;<\/p>\n<p><em>Meiner Ansicht nach sollten die Ergebnisse unserer Anstrengungen, die junge rum\u00e4nische Literatur in den Vordergrund zu bringen, in einigen Jahren sichtbar werden. Was ich als Gast leicht feststellen konnte, war, dass das deutsche Publikum ein gro\u200e\u00dfes Interesse f\u00fcr den Stand Rum\u00e4niens gezeigt hat. Unsere Veranstaltungen waren ebenfalls sehr gut besucht. Als ich die Diskussion \u00fcber die rum\u00e4nische Ausgabe der Lyrik von Paul Celan am rum\u00e4nischen Messestand moderierte und die Veranstaltung zum Schluss ging, schien es mir, dass die Besucher den Stand nicht mehr verlassen wollten. So ein gro\u200e\u00dfes Interesse f\u00fcr eine Veranstaltung auf einer Buchmesse habe ich seit langem nicht mehr gesehen. Das fand ich wunderbar, dass der rum\u00e4nische Stand so gut besucht war. Zur\u00fcck zum Werk von Paul Celan: Ich habe viel \u00fcber die \u00dcbersetzung von George State gesprochen, ihm verdanken wir eigentlich diese zwei B\u00e4nde, die das ganze Werk von Celan umfassen. Der \u00dcbersetzer besch\u00e4ftigt sich mit der Lyrik von Celan wie mit einer hermeneutischen \u00dcbung. Auch die Literatur\u00fcbersetzer Hora\u0163iu Decuble und Ernest Wichner haben an der Diskussion teilgenommen. Es war eher eine Fachdiskussion im Bereich der Literaturwissenschaft, und man konnte im Publikum 30 Menschen z\u00e4hlen, die ganz interessiert zuh\u00f6rten und sich Notizen machten.\u201c<\/em><\/p>\n<p>&#13;<br \/>\n&#13;<\/p>\n<p>&#13;<br \/>\n&#13;<\/p>\n<p>&#13;<br \/>\n&#13;<\/p>\n<p>Was die Perspektiven der rum\u00e4nischen Literaturszene angeht, glaubt Bogdan-Alexandru St\u0103nescu, dass sie dem Status eines Ehrengastlandes gewachsen sei:<\/p>\n<p>&#13;<br \/>\n&#13;<\/p>\n<p>&#13;<br \/>\n&#13;<\/p>\n<p><em><\/em><em>Die lebendige rum\u00e4nische Literaturszene der Gegenwart hat so viel anzubieten, und vom Status des Schwerpunktlandes auf einer internationalen Buchmesse muss man nat\u00fcrlich profitieren. Man soll Autoren einladen, die das verdienen, dort pr\u00e4sent zu sein, und \u00dcbersetzungen vorstellen, um den Appetit des Publikums f\u00fcr \u00dcbersetzungen aus der rum\u00e4nischen Literatur zu wecken. Wenn der deutschsprachige Raum der rum\u00e4nischen Kultur so eine gro\u200e\u00dfe Aufmerksamkeit schenkt, dann soll man auch Autoren f\u00f6rdern, die bislang nicht das Gl\u00fcck hatten, in eine fremde Sprache \u00fcbersetzt zu werden. Das kommt leider nur selten vor, dass Rum\u00e4nien den Status eines Schwerpunktlandes genie\u200e\u00dft, das letzte Mal passierte es vor zwanzig Jahren. Wir m\u00fcssen daf\u00fcr dankbar sein, auch f\u00fcr die gro\u200e\u00dfen Kulturen der Welt stellt das eine riesengro\u200e\u00dfe Chance dar.\u201c<\/em><\/p>\n<p>&#13;<br \/>\n&#13;<\/p>\n<p>&#13;<br \/>\n&#13;<\/p>\n<p>&#13;<br \/>\n&#13;<\/p>\n<p>Die rum\u00e4nischen Schriftstellerinnen und Schriftsteller Dana Grigorcea, C\u0103t\u0103lin Dorian Florescu und Norman Manea, die im Ausland leben und mit zahlreichen Auszeichnungen geehrt wurden, haben auch ihre neuesten Werke in Leipzig pr\u00e4sentiert. Auf dem Programm standen neben spannenden Lesungen auch Ausstellungen sowie die Veranstaltung Grani\u0163\u0103 \u00een rani\u0163\u0103\u201c (Grenze in der Tasche\u201c): die S\u00e4ngerin und Komponistin Ada Milea stellte im Konzert ihre Lieder vor, und die Literatur-Nobelpreistr\u00e4gerin Herta M\u00fcller sprach \u00fcber die <a href=\"http:\/\/www.zeit.de\/2018\/13\/herta-mueller-ada-milea-rumaenien\/komplettansicht\" target=\"_blank\" rel=\"noopener\">poetische und politische Kraft<\/a> ihrer Texte.<\/p>\n<p>&#13;<\/p>\n","protected":false},"excerpt":{"rendered":"<p>Vom 15. bis 18. M\u00e4rz hat sich Rum\u00e4nien auf der Internationalen Buchmesse Leipzig als Schwerpunktland pr\u00e4sentiert.<\/p>\n","protected":false},"author":135,"featured_media":637418,"comment_status":"closed","ping_status":"closed","sticky":false,"template":"","format":"standard","meta":{"_acf_changed":false,"footnotes":""},"categories":[116783],"tags":[100487,33285,102128,99589,104275,121475,2018,49784],"coauthors":[],"class_list":["post-639130","post","type-post","status-publish","format-standard","has-post-thumbnail","hentry","category-blickpunkt-kultur","tag-buchmesse","tag-leipzig","tag-literatur","tag-rumaenien","tag-schwerpunktland","tag-uebersetzungen","tag-vaccinare-romania-covid19-efecte-adverse","tag-zoom-in-romania"],"acf":[],"yoast_head":"<!-- This site is optimized with the Yoast SEO plugin v27.5 - https:\/\/yoast.com\/product\/yoast-seo-wordpress\/ -->\n<title>Buchmesse Leipzig 2018: Zoom In Romania - Radio Rum\u00e4nien International<\/title>\n<meta name=\"robots\" content=\"index, follow, max-snippet:-1, max-image-preview:large, max-video-preview:-1\" \/>\n<link rel=\"canonical\" href=\"https:\/\/www.rri.ro\/de\/rubriken\/blickpunkt-kultur\/buchmesse-leipzig-2018-zoom-in-romania-id639130.html\" \/>\n<meta property=\"og:locale\" content=\"de_DE\" \/>\n<meta property=\"og:type\" content=\"article\" \/>\n<meta property=\"og:title\" content=\"Buchmesse Leipzig 2018: Zoom In Romania - Radio Rum\u00e4nien International\" \/>\n<meta property=\"og:description\" content=\"Vom 15. bis 18. M\u00e4rz hat sich Rum\u00e4nien auf der Internationalen Buchmesse Leipzig als Schwerpunktland pr\u00e4sentiert.\" \/>\n<meta property=\"og:url\" content=\"https:\/\/www.rri.ro\/de\/rubriken\/blickpunkt-kultur\/buchmesse-leipzig-2018-zoom-in-romania-id639130.html\" \/>\n<meta property=\"og:site_name\" content=\"Radio Rum\u00e4nien International\" \/>\n<meta property=\"article:published_time\" content=\"2018-03-28T15:00:00+00:00\" \/>\n<meta property=\"og:image\" content=\"https:\/\/www.rri.ro\/wp-content\/uploads\/2024\/02\/bogdan-al-stanescu-ernest-wichner-horatiu-decuble-fb-zoominromania-c-mircea-struteanu.jpg\" \/>\n\t<meta property=\"og:image:width\" content=\"640\" \/>\n\t<meta property=\"og:image:height\" content=\"426\" \/>\n\t<meta property=\"og:image:type\" content=\"image\/jpeg\" \/>\n<meta name=\"author\" content=\"Corina Sab\u0103u\" \/>\n<meta name=\"twitter:card\" content=\"summary_large_image\" \/>\n<meta name=\"twitter:label1\" content=\"Verfasst von\" \/>\n\t<meta name=\"twitter:data1\" content=\"Corina Sab\u0103u\" \/>\n\t<meta name=\"twitter:label2\" content=\"Gesch\u00e4tzte Lesezeit\" \/>\n\t<meta name=\"twitter:data2\" content=\"3\u00a0Minuten\" \/>\n\t<meta name=\"twitter:label3\" content=\"Written by\" \/>\n\t<meta name=\"twitter:data3\" content=\"Corina Sab\u0103u\" \/>\n<script type=\"application\/ld+json\" class=\"yoast-schema-graph\">{\"@context\":\"https:\\\/\\\/schema.org\",\"@graph\":[{\"@type\":\"Article\",\"@id\":\"https:\\\/\\\/www.rri.ro\\\/de\\\/rubriken\\\/blickpunkt-kultur\\\/buchmesse-leipzig-2018-zoom-in-romania-id639130.html#article\",\"isPartOf\":{\"@id\":\"https:\\\/\\\/www.rri.ro\\\/de\\\/rubriken\\\/blickpunkt-kultur\\\/buchmesse-leipzig-2018-zoom-in-romania-id639130.html\"},\"author\":{\"name\":\"Corina Sab\u0103u\",\"@id\":\"https:\\\/\\\/www.rri.ro\\\/#\\\/schema\\\/person\\\/f422c4ce48593b32beccebb63f9ceb1e\"},\"headline\":\"Buchmesse Leipzig 2018: Zoom In Romania\",\"datePublished\":\"2018-03-28T15:00:00+00:00\",\"mainEntityOfPage\":{\"@id\":\"https:\\\/\\\/www.rri.ro\\\/de\\\/rubriken\\\/blickpunkt-kultur\\\/buchmesse-leipzig-2018-zoom-in-romania-id639130.html\"},\"wordCount\":586,\"image\":{\"@id\":\"https:\\\/\\\/www.rri.ro\\\/de\\\/rubriken\\\/blickpunkt-kultur\\\/buchmesse-leipzig-2018-zoom-in-romania-id639130.html#primaryimage\"},\"thumbnailUrl\":\"https:\\\/\\\/www.rri.ro\\\/wp-content\\\/uploads\\\/2024\\\/02\\\/bogdan-al-stanescu-ernest-wichner-horatiu-decuble-fb-zoominromania-c-mircea-struteanu.jpg\",\"keywords\":[\"Buchmesse\",\"Leipzig\",\"Literatur\",\"Rum\u00e4nien\",\"Schwerpunktland\",\"\u00dcbersetzungen\",\"vaccinare, Romania, COVID19, efecte adverse\",\"Zoom in Romania\"],\"articleSection\":[\"Blickpunkt Kultur\"],\"inLanguage\":\"de\"},{\"@type\":\"WebPage\",\"@id\":\"https:\\\/\\\/www.rri.ro\\\/de\\\/rubriken\\\/blickpunkt-kultur\\\/buchmesse-leipzig-2018-zoom-in-romania-id639130.html\",\"url\":\"https:\\\/\\\/www.rri.ro\\\/de\\\/rubriken\\\/blickpunkt-kultur\\\/buchmesse-leipzig-2018-zoom-in-romania-id639130.html\",\"name\":\"Buchmesse Leipzig 2018: Zoom In Romania - Radio Rum\u00e4nien International\",\"isPartOf\":{\"@id\":\"https:\\\/\\\/www.rri.ro\\\/#website\"},\"primaryImageOfPage\":{\"@id\":\"https:\\\/\\\/www.rri.ro\\\/de\\\/rubriken\\\/blickpunkt-kultur\\\/buchmesse-leipzig-2018-zoom-in-romania-id639130.html#primaryimage\"},\"image\":{\"@id\":\"https:\\\/\\\/www.rri.ro\\\/de\\\/rubriken\\\/blickpunkt-kultur\\\/buchmesse-leipzig-2018-zoom-in-romania-id639130.html#primaryimage\"},\"thumbnailUrl\":\"https:\\\/\\\/www.rri.ro\\\/wp-content\\\/uploads\\\/2024\\\/02\\\/bogdan-al-stanescu-ernest-wichner-horatiu-decuble-fb-zoominromania-c-mircea-struteanu.jpg\",\"datePublished\":\"2018-03-28T15:00:00+00:00\",\"author\":{\"@id\":\"https:\\\/\\\/www.rri.ro\\\/#\\\/schema\\\/person\\\/f422c4ce48593b32beccebb63f9ceb1e\"},\"breadcrumb\":{\"@id\":\"https:\\\/\\\/www.rri.ro\\\/de\\\/rubriken\\\/blickpunkt-kultur\\\/buchmesse-leipzig-2018-zoom-in-romania-id639130.html#breadcrumb\"},\"inLanguage\":\"de\",\"potentialAction\":[{\"@type\":\"ReadAction\",\"target\":[\"https:\\\/\\\/www.rri.ro\\\/de\\\/rubriken\\\/blickpunkt-kultur\\\/buchmesse-leipzig-2018-zoom-in-romania-id639130.html\"]}]},{\"@type\":\"ImageObject\",\"inLanguage\":\"de\",\"@id\":\"https:\\\/\\\/www.rri.ro\\\/de\\\/rubriken\\\/blickpunkt-kultur\\\/buchmesse-leipzig-2018-zoom-in-romania-id639130.html#primaryimage\",\"url\":\"https:\\\/\\\/www.rri.ro\\\/wp-content\\\/uploads\\\/2024\\\/02\\\/bogdan-al-stanescu-ernest-wichner-horatiu-decuble-fb-zoominromania-c-mircea-struteanu.jpg\",\"contentUrl\":\"https:\\\/\\\/www.rri.ro\\\/wp-content\\\/uploads\\\/2024\\\/02\\\/bogdan-al-stanescu-ernest-wichner-horatiu-decuble-fb-zoominromania-c-mircea-struteanu.jpg\",\"width\":640,\"height\":426},{\"@type\":\"BreadcrumbList\",\"@id\":\"https:\\\/\\\/www.rri.ro\\\/de\\\/rubriken\\\/blickpunkt-kultur\\\/buchmesse-leipzig-2018-zoom-in-romania-id639130.html#breadcrumb\",\"itemListElement\":[{\"@type\":\"ListItem\",\"position\":1,\"name\":\"Startseite\",\"item\":\"https:\\\/\\\/www.rri.ro\\\/de\"},{\"@type\":\"ListItem\",\"position\":2,\"name\":\"Rubriken\",\"item\":\"https:\\\/\\\/www.rri.ro\\\/de\\\/rubriken\"},{\"@type\":\"ListItem\",\"position\":3,\"name\":\"Blickpunkt Kultur\",\"item\":\"https:\\\/\\\/www.rri.ro\\\/de\\\/rubriken\\\/blickpunkt-kultur\"},{\"@type\":\"ListItem\",\"position\":4,\"name\":\"Buchmesse Leipzig 2018: Zoom In Romania\"}]},{\"@type\":\"WebSite\",\"@id\":\"https:\\\/\\\/www.rri.ro\\\/#website\",\"url\":\"https:\\\/\\\/www.rri.ro\\\/\",\"name\":\"Radio Rum\u00e4nien International\",\"description\":\"Totul despre Rom\u00e2nia \u015fi rom\u00e2ni, \u00een 13 limbi\\\/dialecte!\",\"inLanguage\":\"de\"},{\"@type\":\"Person\",\"@id\":\"https:\\\/\\\/www.rri.ro\\\/#\\\/schema\\\/person\\\/f422c4ce48593b32beccebb63f9ceb1e\",\"name\":\"Corina Sab\u0103u\",\"url\":\"https:\\\/\\\/www.rri.ro\\\/de\\\/author\\\/corina-sabau\"}]}<\/script>\n<!-- \/ Yoast SEO plugin. -->","yoast_head_json":{"title":"Buchmesse Leipzig 2018: Zoom In Romania - Radio Rum\u00e4nien International","robots":{"index":"index","follow":"follow","max-snippet":"max-snippet:-1","max-image-preview":"max-image-preview:large","max-video-preview":"max-video-preview:-1"},"canonical":"https:\/\/www.rri.ro\/de\/rubriken\/blickpunkt-kultur\/buchmesse-leipzig-2018-zoom-in-romania-id639130.html","og_locale":"de_DE","og_type":"article","og_title":"Buchmesse Leipzig 2018: Zoom In Romania - Radio Rum\u00e4nien International","og_description":"Vom 15. bis 18. M\u00e4rz hat sich Rum\u00e4nien auf der Internationalen Buchmesse Leipzig als Schwerpunktland pr\u00e4sentiert.","og_url":"https:\/\/www.rri.ro\/de\/rubriken\/blickpunkt-kultur\/buchmesse-leipzig-2018-zoom-in-romania-id639130.html","og_site_name":"Radio Rum\u00e4nien International","article_published_time":"2018-03-28T15:00:00+00:00","og_image":[{"width":640,"height":426,"url":"https:\/\/www.rri.ro\/wp-content\/uploads\/2024\/02\/bogdan-al-stanescu-ernest-wichner-horatiu-decuble-fb-zoominromania-c-mircea-struteanu.jpg","type":"image\/jpeg"}],"author":"Corina Sab\u0103u","twitter_card":"summary_large_image","twitter_misc":{"Verfasst von":"Corina Sab\u0103u","Gesch\u00e4tzte Lesezeit":"3\u00a0Minuten","Written by":"Corina Sab\u0103u"},"schema":{"@context":"https:\/\/schema.org","@graph":[{"@type":"Article","@id":"https:\/\/www.rri.ro\/de\/rubriken\/blickpunkt-kultur\/buchmesse-leipzig-2018-zoom-in-romania-id639130.html#article","isPartOf":{"@id":"https:\/\/www.rri.ro\/de\/rubriken\/blickpunkt-kultur\/buchmesse-leipzig-2018-zoom-in-romania-id639130.html"},"author":{"name":"Corina Sab\u0103u","@id":"https:\/\/www.rri.ro\/#\/schema\/person\/f422c4ce48593b32beccebb63f9ceb1e"},"headline":"Buchmesse Leipzig 2018: Zoom In Romania","datePublished":"2018-03-28T15:00:00+00:00","mainEntityOfPage":{"@id":"https:\/\/www.rri.ro\/de\/rubriken\/blickpunkt-kultur\/buchmesse-leipzig-2018-zoom-in-romania-id639130.html"},"wordCount":586,"image":{"@id":"https:\/\/www.rri.ro\/de\/rubriken\/blickpunkt-kultur\/buchmesse-leipzig-2018-zoom-in-romania-id639130.html#primaryimage"},"thumbnailUrl":"https:\/\/www.rri.ro\/wp-content\/uploads\/2024\/02\/bogdan-al-stanescu-ernest-wichner-horatiu-decuble-fb-zoominromania-c-mircea-struteanu.jpg","keywords":["Buchmesse","Leipzig","Literatur","Rum\u00e4nien","Schwerpunktland","\u00dcbersetzungen","vaccinare, Romania, COVID19, efecte adverse","Zoom in Romania"],"articleSection":["Blickpunkt Kultur"],"inLanguage":"de"},{"@type":"WebPage","@id":"https:\/\/www.rri.ro\/de\/rubriken\/blickpunkt-kultur\/buchmesse-leipzig-2018-zoom-in-romania-id639130.html","url":"https:\/\/www.rri.ro\/de\/rubriken\/blickpunkt-kultur\/buchmesse-leipzig-2018-zoom-in-romania-id639130.html","name":"Buchmesse Leipzig 2018: Zoom In Romania - Radio Rum\u00e4nien International","isPartOf":{"@id":"https:\/\/www.rri.ro\/#website"},"primaryImageOfPage":{"@id":"https:\/\/www.rri.ro\/de\/rubriken\/blickpunkt-kultur\/buchmesse-leipzig-2018-zoom-in-romania-id639130.html#primaryimage"},"image":{"@id":"https:\/\/www.rri.ro\/de\/rubriken\/blickpunkt-kultur\/buchmesse-leipzig-2018-zoom-in-romania-id639130.html#primaryimage"},"thumbnailUrl":"https:\/\/www.rri.ro\/wp-content\/uploads\/2024\/02\/bogdan-al-stanescu-ernest-wichner-horatiu-decuble-fb-zoominromania-c-mircea-struteanu.jpg","datePublished":"2018-03-28T15:00:00+00:00","author":{"@id":"https:\/\/www.rri.ro\/#\/schema\/person\/f422c4ce48593b32beccebb63f9ceb1e"},"breadcrumb":{"@id":"https:\/\/www.rri.ro\/de\/rubriken\/blickpunkt-kultur\/buchmesse-leipzig-2018-zoom-in-romania-id639130.html#breadcrumb"},"inLanguage":"de","potentialAction":[{"@type":"ReadAction","target":["https:\/\/www.rri.ro\/de\/rubriken\/blickpunkt-kultur\/buchmesse-leipzig-2018-zoom-in-romania-id639130.html"]}]},{"@type":"ImageObject","inLanguage":"de","@id":"https:\/\/www.rri.ro\/de\/rubriken\/blickpunkt-kultur\/buchmesse-leipzig-2018-zoom-in-romania-id639130.html#primaryimage","url":"https:\/\/www.rri.ro\/wp-content\/uploads\/2024\/02\/bogdan-al-stanescu-ernest-wichner-horatiu-decuble-fb-zoominromania-c-mircea-struteanu.jpg","contentUrl":"https:\/\/www.rri.ro\/wp-content\/uploads\/2024\/02\/bogdan-al-stanescu-ernest-wichner-horatiu-decuble-fb-zoominromania-c-mircea-struteanu.jpg","width":640,"height":426},{"@type":"BreadcrumbList","@id":"https:\/\/www.rri.ro\/de\/rubriken\/blickpunkt-kultur\/buchmesse-leipzig-2018-zoom-in-romania-id639130.html#breadcrumb","itemListElement":[{"@type":"ListItem","position":1,"name":"Startseite","item":"https:\/\/www.rri.ro\/de"},{"@type":"ListItem","position":2,"name":"Rubriken","item":"https:\/\/www.rri.ro\/de\/rubriken"},{"@type":"ListItem","position":3,"name":"Blickpunkt Kultur","item":"https:\/\/www.rri.ro\/de\/rubriken\/blickpunkt-kultur"},{"@type":"ListItem","position":4,"name":"Buchmesse Leipzig 2018: Zoom In Romania"}]},{"@type":"WebSite","@id":"https:\/\/www.rri.ro\/#website","url":"https:\/\/www.rri.ro\/","name":"Radio Rum\u00e4nien International","description":"Totul despre Rom\u00e2nia \u015fi rom\u00e2ni, \u00een 13 limbi\/dialecte!","inLanguage":"de"},{"@type":"Person","@id":"https:\/\/www.rri.ro\/#\/schema\/person\/f422c4ce48593b32beccebb63f9ceb1e","name":"Corina Sab\u0103u","url":"https:\/\/www.rri.ro\/de\/author\/corina-sabau"}]}},"_links":{"self":[{"href":"https:\/\/www.rri.ro\/de\/wp-json\/wp\/v2\/posts\/639130","targetHints":{"allow":["GET"]}}],"collection":[{"href":"https:\/\/www.rri.ro\/de\/wp-json\/wp\/v2\/posts"}],"about":[{"href":"https:\/\/www.rri.ro\/de\/wp-json\/wp\/v2\/types\/post"}],"author":[{"embeddable":true,"href":"https:\/\/www.rri.ro\/de\/wp-json\/wp\/v2\/users\/135"}],"replies":[{"embeddable":true,"href":"https:\/\/www.rri.ro\/de\/wp-json\/wp\/v2\/comments?post=639130"}],"version-history":[{"count":0,"href":"https:\/\/www.rri.ro\/de\/wp-json\/wp\/v2\/posts\/639130\/revisions"}],"wp:featuredmedia":[{"embeddable":true,"href":"https:\/\/www.rri.ro\/de\/wp-json\/wp\/v2\/media\/637418"}],"wp:attachment":[{"href":"https:\/\/www.rri.ro\/de\/wp-json\/wp\/v2\/media?parent=639130"}],"wp:term":[{"taxonomy":"category","embeddable":true,"href":"https:\/\/www.rri.ro\/de\/wp-json\/wp\/v2\/categories?post=639130"},{"taxonomy":"post_tag","embeddable":true,"href":"https:\/\/www.rri.ro\/de\/wp-json\/wp\/v2\/tags?post=639130"},{"taxonomy":"author","embeddable":true,"href":"https:\/\/www.rri.ro\/de\/wp-json\/wp\/v2\/coauthors?post=639130"}],"curies":[{"name":"wp","href":"https:\/\/api.w.org\/{rel}","templated":true}]}}