{"id":639585,"date":"2021-03-17T18:00:00","date_gmt":"2021-03-17T16:00:00","guid":{"rendered":"http:\/\/devrri.freshlemon.ro\/aktuell\/supergeschichten-aus-bukarest-kulturprojekt-fuer-jugendliche-erforscht-geschichte-der-hauptstadt-id639585.html"},"modified":"2021-03-17T18:00:00","modified_gmt":"2021-03-17T16:00:00","slug":"supergeschichten-aus-bukarest-kulturprojekt-fuer-jugendliche-erforscht-geschichte-der-hauptstadt","status":"publish","type":"post","link":"https:\/\/www.rri.ro\/de\/rubriken\/blickpunkt-kultur\/supergeschichten-aus-bukarest-kulturprojekt-fuer-jugendliche-erforscht-geschichte-der-hauptstadt-id639585.html","title":{"rendered":"\u201eSupergeschichten aus Bukarest\u201c: Kulturprojekt f\u00fcr Jugendliche erforscht Geschichte der Hauptstadt"},"content":{"rendered":"<p>Kinder und Jugendliche aus Bukarest werden im Rahmen dieses Projektes eingeladen, nach den verborgenen Geschichten in der Geschichte der Stadt zu suchen. Mann kann sie in der Familie, in der Gemeinde, in der Schule, im Dialog mit den Lehrern, in Bibliotheken, in Buchl\u00e4den dokumentieren, man kann sie in Dokumenten und Materialien im digitalen Raum finden und sie dann in Geschichten \u00fcbersetzen. Die Idee ist, dazu beizutragen, die Erinnerung an den Ort zu bewahren und diese Legenden weiter zu erz\u00e4hlen. Die Initiatorin und Koordinatorin des Projekts ist Oana Boca St\u0103nescu, Kulturmanagerin und Gr\u00fcnderin des Verbands Headsome Communication\u201c:<\/p>\n<p>&#13;<br \/>\n&#13;<\/p>\n<p>&#13;<br \/>\n&#13;<\/p>\n<p><em>Als ich das Projekt schrieb, kam es mir seltsam vor. Ich meine, ich habe es halb aus der Position der Kulturmanagerin, halb aus der Position der Mutter geschrieben, denn ich habe zwei Kinder und alles, was mit der Leseerziehung zusammenh\u00e4ngt, die Art und Weise, wie Kinder Geschichten verstehen und sich darauf beziehen, ist mir wichtig. Ich mache mich Sorgen \u00fcber das Schicksal meiner beiden Kinder, denn sie leben nicht in einer Glaskugel, deshalb habe ich dieses Projekt gestartet. Auf diese Idee bin ich im letzten Jahr gekommen, als ich mich zusammen mit den Mitarbeitern einer Bukarester Buchhandlung an einem enthusiastischen Projekt beteiligte, bei dem es darum ging, B\u00e4ume im Bukarester Jugendpark (\u00bbParcul Tineretului\u00ab) zu pflanzen. W\u00e4hrend dieser Aktion erz\u00e4hlte uns der Koordinator, dass wir in das Areal kommen w\u00fcrden, das fr\u00fcher als \u00bbValea Pl\u00e2ngerii\u00ab (\u00bbTal der Tr\u00e4nen\u00ab) bekannt war. <\/em>[Vor der Einrichtung des Parks, beginnend mit 1965, war das Areal um das Bukarester Schlachthaus eine M\u00fcllhalde; rundherum lebten mit und von den Abf\u00e4llen der Stadt die ausgesto\u200e\u00dfenen und \u00e4rmsten Stadteinwohner &#8212; zumeist Roma &#8212; Anm. d. Red.]<em> Wir schauten uns an, einige Damen schienen zu wissen, worum es ging, aber die Kinder, die dabei waren, verstanden nicht viel, sie wussten nicht, wo das Gebiet war. So wurde mir klar, dass weder ich noch meine Kinder, die allerdings dort spielten, viel \u00fcber diesen Ort wissen. Beim Nachforschen in alle Richtungen wurde mir klar, dass es viele Geschichten und Legenden \u00fcber Bukarest gibt, die Kinder, die in dieser Stadt aufwachsen, nicht kennen, und so dachte ich, dass es sich lohnt, ein Projekt zu diesem Thema zu machen. Und weil das Kulturministerium einen Wettbewerb f\u00fcr Projekte im Zusammenhang mit dem nationalen Kulturtag am 15. Januar organisiert, wurde mir klar, dass dieses Projekt, SUPERGESCHICHTEN aus Bukarest, auch mit der nationalen Identit\u00e4t zu tun haben w\u00fcrde.\u201c<\/em><\/p>\n<p>&#13;<br \/>\n&#13;<\/p>\n<p>&#13;<br \/>\n&#13;<\/p>\n<p>&#13;<br \/>\n&#13;<\/p>\n<p>Zu Beginn des Herbstes, zwischen dem 1. und 12. September, sollen Kinder zwischen 8 und 18 Jahren, unterteilt in drei Alterskategorien, ihre Geschichten an die Organisatoren schicken. Oana Boca St\u0103nescu kommt erneut zu Wort mit Einzelheiten:<\/p>\n<p>&#13;<br \/>\n&#13;<\/p>\n<p>&#13;<br \/>\n&#13;<\/p>\n<p><em>In erster Linie wollen wir mit diesem Projekt Kinder und Jugendliche dazu anregen, sich ein wenig umzusehen. Ein wenig das Handy aus der Hand zu lassen und zu entdecken, was sie umgibt. Mit Eltern, Gro\u200e\u00dfeltern, Freunden zu sprechen und zu verstehen, dass Bukarest so gro\u200e\u00df, interessant und komplex ist und dass dieses Bukarest aus kleinen St\u00e4dten besteht. Zu versuchen, zu verstehen und herauszufinden, was die Geschichte eines Ortes ist und wenn sie eine interessante Geschichte entdecken, diese aus verschiedenen Quellen zu dokumentieren, B\u00fccher, Bibliotheken, Internet, mit Hilfe von Lehrern, es gibt so viele Quellen, mit denen man heute ein Thema dokumentieren kann. Nach der notwendigen Dokumentation bin ich sicher, dass sie in der Lage sein werden, eine Geschichte zu erstellen. Wir richten uns an alle mutigen Kindern, die solche Geschichten erstellen <\/em><em>k\u00f6nnen<\/em><em>, sie uns bis Anfang September <\/em><em>zu <\/em><em>schicken.\u201c<\/em><\/p>\n<p>&#13;<\/p>\n","protected":false},"excerpt":{"rendered":"<p>Das Projekt zielt darauf ab, die Legenden und Geschichten der rum\u00e4nischen Hauptstadt wieder zum Leben zu bringen.<\/p>\n","protected":false},"author":135,"featured_media":338315,"comment_status":"closed","ping_status":"closed","sticky":false,"template":"","format":"standard","meta":{"_acf_changed":false,"footnotes":""},"categories":[116783],"tags":[99587,100341,130816,117754,101920,100877,84470,99589,131208],"coauthors":[],"class_list":["post-639585","post","type-post","status-publish","format-standard","has-post-thumbnail","hentry","category-blickpunkt-kultur","tag-bukarest","tag-geschichte","tag-headsome-communication","tag-jugendliche","tag-kinder","tag-kultur","tag-oana-boca-stanescu","tag-rumaenien","tag-supergeschichten-superpovesti"],"acf":[],"yoast_head":"<!-- This site is optimized with the Yoast SEO plugin v27.5 - https:\/\/yoast.com\/product\/yoast-seo-wordpress\/ -->\n<title>\u201eSupergeschichten aus Bukarest\u201c: Kulturprojekt f\u00fcr Jugendliche erforscht Geschichte der Hauptstadt - Radio Rum\u00e4nien International<\/title>\n<meta name=\"robots\" content=\"index, follow, max-snippet:-1, max-image-preview:large, max-video-preview:-1\" \/>\n<link rel=\"canonical\" href=\"https:\/\/www.rri.ro\/de\/rubriken\/blickpunkt-kultur\/supergeschichten-aus-bukarest-kulturprojekt-fuer-jugendliche-erforscht-geschichte-der-hauptstadt-id639585.html\" \/>\n<meta property=\"og:locale\" content=\"de_DE\" \/>\n<meta property=\"og:type\" content=\"article\" \/>\n<meta property=\"og:title\" content=\"\u201eSupergeschichten aus Bukarest\u201c: Kulturprojekt f\u00fcr Jugendliche erforscht Geschichte der Hauptstadt - Radio Rum\u00e4nien International\" \/>\n<meta property=\"og:description\" content=\"Das Projekt zielt darauf ab, die Legenden und Geschichten der rum\u00e4nischen Hauptstadt wieder zum Leben zu bringen.\" \/>\n<meta property=\"og:url\" content=\"https:\/\/www.rri.ro\/de\/rubriken\/blickpunkt-kultur\/supergeschichten-aus-bukarest-kulturprojekt-fuer-jugendliche-erforscht-geschichte-der-hauptstadt-id639585.html\" \/>\n<meta property=\"og:site_name\" content=\"Radio Rum\u00e4nien International\" \/>\n<meta property=\"article:published_time\" content=\"2021-03-17T16:00:00+00:00\" \/>\n<meta property=\"og:image\" content=\"https:\/\/www.rri.ro\/wp-content\/uploads\/2023\/10\/superpovesti-din-bucuresti-foto-ok.jpg\" \/>\n\t<meta property=\"og:image:width\" content=\"640\" \/>\n\t<meta property=\"og:image:height\" content=\"640\" \/>\n\t<meta property=\"og:image:type\" content=\"image\/jpeg\" \/>\n<meta name=\"author\" content=\"Corina Sab\u0103u\" \/>\n<meta name=\"twitter:card\" content=\"summary_large_image\" \/>\n<meta name=\"twitter:label1\" content=\"Verfasst von\" \/>\n\t<meta name=\"twitter:data1\" content=\"Corina Sab\u0103u\" \/>\n\t<meta name=\"twitter:label2\" content=\"Gesch\u00e4tzte Lesezeit\" \/>\n\t<meta name=\"twitter:data2\" content=\"3\u00a0Minuten\" \/>\n\t<meta name=\"twitter:label3\" content=\"Written by\" \/>\n\t<meta name=\"twitter:data3\" content=\"Corina Sab\u0103u\" \/>\n<script type=\"application\/ld+json\" class=\"yoast-schema-graph\">{\"@context\":\"https:\\\/\\\/schema.org\",\"@graph\":[{\"@type\":\"Article\",\"@id\":\"https:\\\/\\\/www.rri.ro\\\/de\\\/rubriken\\\/blickpunkt-kultur\\\/supergeschichten-aus-bukarest-kulturprojekt-fuer-jugendliche-erforscht-geschichte-der-hauptstadt-id639585.html#article\",\"isPartOf\":{\"@id\":\"https:\\\/\\\/www.rri.ro\\\/de\\\/rubriken\\\/blickpunkt-kultur\\\/supergeschichten-aus-bukarest-kulturprojekt-fuer-jugendliche-erforscht-geschichte-der-hauptstadt-id639585.html\"},\"author\":{\"name\":\"Corina Sab\u0103u\",\"@id\":\"https:\\\/\\\/www.rri.ro\\\/#\\\/schema\\\/person\\\/f422c4ce48593b32beccebb63f9ceb1e\"},\"headline\":\"\u201eSupergeschichten aus Bukarest\u201c: Kulturprojekt f\u00fcr Jugendliche erforscht Geschichte der Hauptstadt\",\"datePublished\":\"2021-03-17T16:00:00+00:00\",\"mainEntityOfPage\":{\"@id\":\"https:\\\/\\\/www.rri.ro\\\/de\\\/rubriken\\\/blickpunkt-kultur\\\/supergeschichten-aus-bukarest-kulturprojekt-fuer-jugendliche-erforscht-geschichte-der-hauptstadt-id639585.html\"},\"wordCount\":600,\"image\":{\"@id\":\"https:\\\/\\\/www.rri.ro\\\/de\\\/rubriken\\\/blickpunkt-kultur\\\/supergeschichten-aus-bukarest-kulturprojekt-fuer-jugendliche-erforscht-geschichte-der-hauptstadt-id639585.html#primaryimage\"},\"thumbnailUrl\":\"https:\\\/\\\/www.rri.ro\\\/wp-content\\\/uploads\\\/2023\\\/10\\\/superpovesti-din-bucuresti-foto-ok.jpg\",\"keywords\":[\"Bukarest\",\"Geschichte\",\"Headsome Communication\",\"Jugendliche\",\"Kinder\",\"Kultur\",\"Oana Boca St\u0103nescu\",\"Rum\u00e4nien\",\"Supergeschichten Superpovesti\"],\"articleSection\":[\"Blickpunkt Kultur\"],\"inLanguage\":\"de\"},{\"@type\":\"WebPage\",\"@id\":\"https:\\\/\\\/www.rri.ro\\\/de\\\/rubriken\\\/blickpunkt-kultur\\\/supergeschichten-aus-bukarest-kulturprojekt-fuer-jugendliche-erforscht-geschichte-der-hauptstadt-id639585.html\",\"url\":\"https:\\\/\\\/www.rri.ro\\\/de\\\/rubriken\\\/blickpunkt-kultur\\\/supergeschichten-aus-bukarest-kulturprojekt-fuer-jugendliche-erforscht-geschichte-der-hauptstadt-id639585.html\",\"name\":\"\u201eSupergeschichten aus Bukarest\u201c: Kulturprojekt f\u00fcr Jugendliche erforscht Geschichte der Hauptstadt - Radio Rum\u00e4nien International\",\"isPartOf\":{\"@id\":\"https:\\\/\\\/www.rri.ro\\\/#website\"},\"primaryImageOfPage\":{\"@id\":\"https:\\\/\\\/www.rri.ro\\\/de\\\/rubriken\\\/blickpunkt-kultur\\\/supergeschichten-aus-bukarest-kulturprojekt-fuer-jugendliche-erforscht-geschichte-der-hauptstadt-id639585.html#primaryimage\"},\"image\":{\"@id\":\"https:\\\/\\\/www.rri.ro\\\/de\\\/rubriken\\\/blickpunkt-kultur\\\/supergeschichten-aus-bukarest-kulturprojekt-fuer-jugendliche-erforscht-geschichte-der-hauptstadt-id639585.html#primaryimage\"},\"thumbnailUrl\":\"https:\\\/\\\/www.rri.ro\\\/wp-content\\\/uploads\\\/2023\\\/10\\\/superpovesti-din-bucuresti-foto-ok.jpg\",\"datePublished\":\"2021-03-17T16:00:00+00:00\",\"author\":{\"@id\":\"https:\\\/\\\/www.rri.ro\\\/#\\\/schema\\\/person\\\/f422c4ce48593b32beccebb63f9ceb1e\"},\"breadcrumb\":{\"@id\":\"https:\\\/\\\/www.rri.ro\\\/de\\\/rubriken\\\/blickpunkt-kultur\\\/supergeschichten-aus-bukarest-kulturprojekt-fuer-jugendliche-erforscht-geschichte-der-hauptstadt-id639585.html#breadcrumb\"},\"inLanguage\":\"de\",\"potentialAction\":[{\"@type\":\"ReadAction\",\"target\":[\"https:\\\/\\\/www.rri.ro\\\/de\\\/rubriken\\\/blickpunkt-kultur\\\/supergeschichten-aus-bukarest-kulturprojekt-fuer-jugendliche-erforscht-geschichte-der-hauptstadt-id639585.html\"]}]},{\"@type\":\"ImageObject\",\"inLanguage\":\"de\",\"@id\":\"https:\\\/\\\/www.rri.ro\\\/de\\\/rubriken\\\/blickpunkt-kultur\\\/supergeschichten-aus-bukarest-kulturprojekt-fuer-jugendliche-erforscht-geschichte-der-hauptstadt-id639585.html#primaryimage\",\"url\":\"https:\\\/\\\/www.rri.ro\\\/wp-content\\\/uploads\\\/2023\\\/10\\\/superpovesti-din-bucuresti-foto-ok.jpg\",\"contentUrl\":\"https:\\\/\\\/www.rri.ro\\\/wp-content\\\/uploads\\\/2023\\\/10\\\/superpovesti-din-bucuresti-foto-ok.jpg\",\"width\":640,\"height\":640},{\"@type\":\"BreadcrumbList\",\"@id\":\"https:\\\/\\\/www.rri.ro\\\/de\\\/rubriken\\\/blickpunkt-kultur\\\/supergeschichten-aus-bukarest-kulturprojekt-fuer-jugendliche-erforscht-geschichte-der-hauptstadt-id639585.html#breadcrumb\",\"itemListElement\":[{\"@type\":\"ListItem\",\"position\":1,\"name\":\"Startseite\",\"item\":\"https:\\\/\\\/www.rri.ro\\\/de\"},{\"@type\":\"ListItem\",\"position\":2,\"name\":\"Rubriken\",\"item\":\"https:\\\/\\\/www.rri.ro\\\/de\\\/rubriken\"},{\"@type\":\"ListItem\",\"position\":3,\"name\":\"Blickpunkt Kultur\",\"item\":\"https:\\\/\\\/www.rri.ro\\\/de\\\/rubriken\\\/blickpunkt-kultur\"},{\"@type\":\"ListItem\",\"position\":4,\"name\":\"\u201eSupergeschichten aus Bukarest\u201c: Kulturprojekt f\u00fcr Jugendliche erforscht Geschichte der Hauptstadt\"}]},{\"@type\":\"WebSite\",\"@id\":\"https:\\\/\\\/www.rri.ro\\\/#website\",\"url\":\"https:\\\/\\\/www.rri.ro\\\/\",\"name\":\"Radio Rum\u00e4nien International\",\"description\":\"Totul despre Rom\u00e2nia \u015fi rom\u00e2ni, \u00een 13 limbi\\\/dialecte!\",\"inLanguage\":\"de\"},{\"@type\":\"Person\",\"@id\":\"https:\\\/\\\/www.rri.ro\\\/#\\\/schema\\\/person\\\/f422c4ce48593b32beccebb63f9ceb1e\",\"name\":\"Corina Sab\u0103u\",\"url\":\"https:\\\/\\\/www.rri.ro\\\/de\\\/author\\\/corina-sabau\"}]}<\/script>\n<!-- \/ Yoast SEO plugin. -->","yoast_head_json":{"title":"\u201eSupergeschichten aus Bukarest\u201c: Kulturprojekt f\u00fcr Jugendliche erforscht Geschichte der Hauptstadt - Radio Rum\u00e4nien International","robots":{"index":"index","follow":"follow","max-snippet":"max-snippet:-1","max-image-preview":"max-image-preview:large","max-video-preview":"max-video-preview:-1"},"canonical":"https:\/\/www.rri.ro\/de\/rubriken\/blickpunkt-kultur\/supergeschichten-aus-bukarest-kulturprojekt-fuer-jugendliche-erforscht-geschichte-der-hauptstadt-id639585.html","og_locale":"de_DE","og_type":"article","og_title":"\u201eSupergeschichten aus Bukarest\u201c: Kulturprojekt f\u00fcr Jugendliche erforscht Geschichte der Hauptstadt - Radio Rum\u00e4nien International","og_description":"Das Projekt zielt darauf ab, die Legenden und Geschichten der rum\u00e4nischen Hauptstadt wieder zum Leben zu bringen.","og_url":"https:\/\/www.rri.ro\/de\/rubriken\/blickpunkt-kultur\/supergeschichten-aus-bukarest-kulturprojekt-fuer-jugendliche-erforscht-geschichte-der-hauptstadt-id639585.html","og_site_name":"Radio Rum\u00e4nien International","article_published_time":"2021-03-17T16:00:00+00:00","og_image":[{"width":640,"height":640,"url":"https:\/\/www.rri.ro\/wp-content\/uploads\/2023\/10\/superpovesti-din-bucuresti-foto-ok.jpg","type":"image\/jpeg"}],"author":"Corina Sab\u0103u","twitter_card":"summary_large_image","twitter_misc":{"Verfasst von":"Corina Sab\u0103u","Gesch\u00e4tzte Lesezeit":"3\u00a0Minuten","Written by":"Corina Sab\u0103u"},"schema":{"@context":"https:\/\/schema.org","@graph":[{"@type":"Article","@id":"https:\/\/www.rri.ro\/de\/rubriken\/blickpunkt-kultur\/supergeschichten-aus-bukarest-kulturprojekt-fuer-jugendliche-erforscht-geschichte-der-hauptstadt-id639585.html#article","isPartOf":{"@id":"https:\/\/www.rri.ro\/de\/rubriken\/blickpunkt-kultur\/supergeschichten-aus-bukarest-kulturprojekt-fuer-jugendliche-erforscht-geschichte-der-hauptstadt-id639585.html"},"author":{"name":"Corina Sab\u0103u","@id":"https:\/\/www.rri.ro\/#\/schema\/person\/f422c4ce48593b32beccebb63f9ceb1e"},"headline":"\u201eSupergeschichten aus Bukarest\u201c: Kulturprojekt f\u00fcr Jugendliche erforscht Geschichte der Hauptstadt","datePublished":"2021-03-17T16:00:00+00:00","mainEntityOfPage":{"@id":"https:\/\/www.rri.ro\/de\/rubriken\/blickpunkt-kultur\/supergeschichten-aus-bukarest-kulturprojekt-fuer-jugendliche-erforscht-geschichte-der-hauptstadt-id639585.html"},"wordCount":600,"image":{"@id":"https:\/\/www.rri.ro\/de\/rubriken\/blickpunkt-kultur\/supergeschichten-aus-bukarest-kulturprojekt-fuer-jugendliche-erforscht-geschichte-der-hauptstadt-id639585.html#primaryimage"},"thumbnailUrl":"https:\/\/www.rri.ro\/wp-content\/uploads\/2023\/10\/superpovesti-din-bucuresti-foto-ok.jpg","keywords":["Bukarest","Geschichte","Headsome Communication","Jugendliche","Kinder","Kultur","Oana Boca St\u0103nescu","Rum\u00e4nien","Supergeschichten Superpovesti"],"articleSection":["Blickpunkt Kultur"],"inLanguage":"de"},{"@type":"WebPage","@id":"https:\/\/www.rri.ro\/de\/rubriken\/blickpunkt-kultur\/supergeschichten-aus-bukarest-kulturprojekt-fuer-jugendliche-erforscht-geschichte-der-hauptstadt-id639585.html","url":"https:\/\/www.rri.ro\/de\/rubriken\/blickpunkt-kultur\/supergeschichten-aus-bukarest-kulturprojekt-fuer-jugendliche-erforscht-geschichte-der-hauptstadt-id639585.html","name":"\u201eSupergeschichten aus Bukarest\u201c: Kulturprojekt f\u00fcr Jugendliche erforscht Geschichte der Hauptstadt - Radio Rum\u00e4nien International","isPartOf":{"@id":"https:\/\/www.rri.ro\/#website"},"primaryImageOfPage":{"@id":"https:\/\/www.rri.ro\/de\/rubriken\/blickpunkt-kultur\/supergeschichten-aus-bukarest-kulturprojekt-fuer-jugendliche-erforscht-geschichte-der-hauptstadt-id639585.html#primaryimage"},"image":{"@id":"https:\/\/www.rri.ro\/de\/rubriken\/blickpunkt-kultur\/supergeschichten-aus-bukarest-kulturprojekt-fuer-jugendliche-erforscht-geschichte-der-hauptstadt-id639585.html#primaryimage"},"thumbnailUrl":"https:\/\/www.rri.ro\/wp-content\/uploads\/2023\/10\/superpovesti-din-bucuresti-foto-ok.jpg","datePublished":"2021-03-17T16:00:00+00:00","author":{"@id":"https:\/\/www.rri.ro\/#\/schema\/person\/f422c4ce48593b32beccebb63f9ceb1e"},"breadcrumb":{"@id":"https:\/\/www.rri.ro\/de\/rubriken\/blickpunkt-kultur\/supergeschichten-aus-bukarest-kulturprojekt-fuer-jugendliche-erforscht-geschichte-der-hauptstadt-id639585.html#breadcrumb"},"inLanguage":"de","potentialAction":[{"@type":"ReadAction","target":["https:\/\/www.rri.ro\/de\/rubriken\/blickpunkt-kultur\/supergeschichten-aus-bukarest-kulturprojekt-fuer-jugendliche-erforscht-geschichte-der-hauptstadt-id639585.html"]}]},{"@type":"ImageObject","inLanguage":"de","@id":"https:\/\/www.rri.ro\/de\/rubriken\/blickpunkt-kultur\/supergeschichten-aus-bukarest-kulturprojekt-fuer-jugendliche-erforscht-geschichte-der-hauptstadt-id639585.html#primaryimage","url":"https:\/\/www.rri.ro\/wp-content\/uploads\/2023\/10\/superpovesti-din-bucuresti-foto-ok.jpg","contentUrl":"https:\/\/www.rri.ro\/wp-content\/uploads\/2023\/10\/superpovesti-din-bucuresti-foto-ok.jpg","width":640,"height":640},{"@type":"BreadcrumbList","@id":"https:\/\/www.rri.ro\/de\/rubriken\/blickpunkt-kultur\/supergeschichten-aus-bukarest-kulturprojekt-fuer-jugendliche-erforscht-geschichte-der-hauptstadt-id639585.html#breadcrumb","itemListElement":[{"@type":"ListItem","position":1,"name":"Startseite","item":"https:\/\/www.rri.ro\/de"},{"@type":"ListItem","position":2,"name":"Rubriken","item":"https:\/\/www.rri.ro\/de\/rubriken"},{"@type":"ListItem","position":3,"name":"Blickpunkt Kultur","item":"https:\/\/www.rri.ro\/de\/rubriken\/blickpunkt-kultur"},{"@type":"ListItem","position":4,"name":"\u201eSupergeschichten aus Bukarest\u201c: Kulturprojekt f\u00fcr Jugendliche erforscht Geschichte der Hauptstadt"}]},{"@type":"WebSite","@id":"https:\/\/www.rri.ro\/#website","url":"https:\/\/www.rri.ro\/","name":"Radio Rum\u00e4nien International","description":"Totul despre Rom\u00e2nia \u015fi rom\u00e2ni, \u00een 13 limbi\/dialecte!","inLanguage":"de"},{"@type":"Person","@id":"https:\/\/www.rri.ro\/#\/schema\/person\/f422c4ce48593b32beccebb63f9ceb1e","name":"Corina Sab\u0103u","url":"https:\/\/www.rri.ro\/de\/author\/corina-sabau"}]}},"_links":{"self":[{"href":"https:\/\/www.rri.ro\/de\/wp-json\/wp\/v2\/posts\/639585","targetHints":{"allow":["GET"]}}],"collection":[{"href":"https:\/\/www.rri.ro\/de\/wp-json\/wp\/v2\/posts"}],"about":[{"href":"https:\/\/www.rri.ro\/de\/wp-json\/wp\/v2\/types\/post"}],"author":[{"embeddable":true,"href":"https:\/\/www.rri.ro\/de\/wp-json\/wp\/v2\/users\/135"}],"replies":[{"embeddable":true,"href":"https:\/\/www.rri.ro\/de\/wp-json\/wp\/v2\/comments?post=639585"}],"version-history":[{"count":0,"href":"https:\/\/www.rri.ro\/de\/wp-json\/wp\/v2\/posts\/639585\/revisions"}],"wp:featuredmedia":[{"embeddable":true,"href":"https:\/\/www.rri.ro\/de\/wp-json\/wp\/v2\/media\/338315"}],"wp:attachment":[{"href":"https:\/\/www.rri.ro\/de\/wp-json\/wp\/v2\/media?parent=639585"}],"wp:term":[{"taxonomy":"category","embeddable":true,"href":"https:\/\/www.rri.ro\/de\/wp-json\/wp\/v2\/categories?post=639585"},{"taxonomy":"post_tag","embeddable":true,"href":"https:\/\/www.rri.ro\/de\/wp-json\/wp\/v2\/tags?post=639585"},{"taxonomy":"author","embeddable":true,"href":"https:\/\/www.rri.ro\/de\/wp-json\/wp\/v2\/coauthors?post=639585"}],"curies":[{"name":"wp","href":"https:\/\/api.w.org\/{rel}","templated":true}]}}