{"id":639847,"date":"2017-08-02T17:45:00","date_gmt":"2017-08-02T14:45:00","guid":{"rendered":"http:\/\/devrri.freshlemon.ro\/aktuell\/fuerstenburg-neamt-auf-den-spuren-der-mittelalterlichen-moldau-id639847.html"},"modified":"2017-08-02T17:45:00","modified_gmt":"2017-08-02T14:45:00","slug":"fuerstenburg-neamt-auf-den-spuren-der-mittelalterlichen-moldau","status":"publish","type":"post","link":"https:\/\/www.rri.ro\/de\/rubriken\/reiseland-rumaenien\/fuerstenburg-neamt-auf-den-spuren-der-mittelalterlichen-moldau-id639847.html","title":{"rendered":"F\u00fcrstenburg Neam\u0163: Auf den Spuren der mittelalterlichen Moldau"},"content":{"rendered":"<p>Unsere heutige Reise geht wieder einmal in die Moldau. Doch diesmal geht es eher um eine historische Reise &#8212; wir wollen n\u00e4mlich die Burg Neam\u0163 (rum. Cetatea Neam\u0163ului) besuchen. Die Burg wurde im Auftrag des F\u00fcrsten Petru Mu\u015fat I. in unmittelbarer N\u00e4he zur Stadt T\u00e2rgu Neam\u0163 errichtet. Im Zeitraum 2007&#8211;2008 wurde sie im umfangreichen Ausma\u200e\u00df saniert. Ab 2009 d\u00fcrfen Touristen wieder hinein schauen. Der Zugang zur Burg erfolgt \u00fcber eine Pfeilerbr\u00fccke, die auf den Ruinen der alten Br\u00fccke errichtet wurde. Die Besucher k\u00f6nnen derzeit \u00fcber den nord\u00f6stlichen Eingang die Burg betreten. Dieser Eingang wurde im Auftrag des F\u00fcrsten <a href=\"https:\/\/de.wikipedia.org\/wiki\/%C8%98tefan_cel_Mare\" target=\"_blank\" rel=\"noopener\">Stefan der Gro\u200e\u00dfe<\/a> gebaut. Ioan Butnariu ist der Kurator der Burg Neam\u0163. Er lieferte uns mehr Einzelheiten zur Geschichte der Festung:<\/p>\n<p>&#13;<br \/>\n&#13;<\/p>\n<p>&#13;<br \/>\n&#13;<\/p>\n<p><em>Die Burg wurde in Form eines Vierecks mit vier ungleichen Seiten errichtet. An jeder Ecke des Vierecks stand einst je ein Verteidigungsturm. Heute sind nur noch Ruinen zu sehen, doch mit ein bisschen Fantasie k\u00f6nnen Sie sich vorstellen, wie die Burg in der Vergangenheit aussah. <\/em><em><a href=\"https:\/\/de.wikipedia.org\/wiki\/%C8%98tefan_cel_Mare\" target=\"_blank\" rel=\"noopener\"><em>Stefan der Gro\u200e\u00dfe<\/em><\/a><\/em><em> lie\u200e\u00df einen \u00fcber elf gemauerte Pfeiler f\u00fchrenden Br\u00fcckenzugang errichten. Vermutlich waren die elf Pfeiler durch Steinarkaden untereinander verbunden. Der h\u00f6chste Pfeiler war 40 m hoch.\u201c<\/em><\/p>\n<p>&#13;<br \/>\n&#13;<\/p>\n<p>&#13;<br \/>\n&#13;<\/p>\n<p>&#13;<br \/>\n&#13;<\/p>\n<p>Im Mittelalter erfolgte der Zugang in die Burg \u00fcber ein Arkadentor. Ebenfalls am Eingang war eine Falle angebracht &#8212; die sogenannte M\u00e4usefalle\u201c. Sie war ein Hindernis im Wege potentieller Angreifer. Im Laufe der Zeit gab es mehrere  Versuche, die Burg in Brand zu setzen, doch die 3 m dicken Mauern sch\u00fctzten die Burg vor der Vernichtung. Sie blieb stehen und konnte weiterhin als Fluchtst\u00e4tte und Widerstandsnest verwendet werden. An manchen Stellen k\u00f6nnen heute noch die Spuren der damaligen Br\u00e4nde erkannt werden. Ioan Butnariu, der Kurator der Burg, erz\u00e4hlte uns, warum die Burg einen Besuch wert sei:<\/p>\n<p>&#13;<br \/>\n&#13;<\/p>\n<p>&#13;<br \/>\n&#13;<\/p>\n<p><em><em>21 R\u00e4ume k\u00f6nnen derzeit besucht werden. In den R\u00e4umen k\u00f6nnen auch verschiedene Exponate besichtigt werden. Manche sind Originalteile, andere Replikate. Wir haben uns bem\u00fcht, so viel wie m\u00f6glich nachzubauen. Die Burg Neam\u0163 ist immer noch eine Ruine, doch kann man nun die Umrisse einer Kuppel oder eines Raums erkennen. Es wurden n\u00e4mlich mehrere Mauern nachgebaut. Im Saal des Gro\u200e\u00dfen Rates sind mehrere Holzelemente zu sehen, allerdings stammt das Holz nicht aus dem Mittelalter. In den Schaufenstern k\u00f6nnen Speer- und Pfeilspitzen, verschiedene Keramikteile, Replikate alter Kirchenb\u00fccher bewundert werden. An den W\u00e4nden h\u00e4ngen Schilder mit Erl\u00e4uterungen zur Geschichte der Burg sowie zur Entwicklung der Moldau im Mittelalter. Die Besucher k\u00f6nnen Replikate von Waffen sehen, mit denen Stefan der Gro\u200e\u00dfe k\u00e4mpfte. Sein Originalschwert ist im Geschichtsmuseum in Istanbul ausgestellt, er wurde n\u00e4mlich als Kriegsbeute nach einer Schlacht mitgenommen. In einem weiteren Schaufenster ist eine mittelalterliche Ritterr\u00fcstung ausgestellt. Allerdings geh\u00f6rte sie einem polnischen Ritter. Die rum\u00e4nischen Krieger trugen ungerne derartige Panzerungen, denn sie waren sehr schwer, sie wogen um die 40 Kg.\u201c<\/em><\/em><\/p>\n<p>&#13;<br \/>\n&#13;<\/p>\n<p>&#13;<br \/>\n&#13;<\/p>\n<p>&#13;<br \/>\n&#13;<\/p>\n<p>Au\u200e\u00dferdem kann eine f\u00fcrstliche Schlafkammer, eigentlich eine Geheimstube, besichtigt werden. Dazu hatten nur die h\u00f6her gestellten Adligen Zugang, um sich mit dem F\u00fcrsten zu beraten. Wachsfiguren warten hier immer noch auf den moldauischen F\u00fcrsten. Die K\u00fcche steht bereit, als ob ein k\u00f6nigliches Fest zuzubereiten w\u00e4re. Die volle Vorratskammer und der Kerker f\u00fcr Gefangene erg\u00e4nzen die Reise zur\u00fcck in die glorreichen Zeiten der Burg Neam\u0163.<\/p>\n<p>&#13;<br \/>\n&#13;<\/p>\n<p>&#13;<br \/>\n&#13;<\/p>\n<p>Die Burg kann im Winter zwischen 9 und 17 Uhr und im Sommer zwischen 9 und 18 Uhr besichtigt werden. Bei gro\u200e\u00dfer Nachfrage bleibt die Burg w\u00e4hrend der Hauptsaison gelegentlich bis 20 Uhr offen. Erwachsene m\u00fcssen 5 Lei (umgerechnet ca.1,10 Euro) f\u00fcr den Eintritt bezahlen. Studenten und Kinder besuchen die Burg zum erm\u00e4\u200e\u00dfigten Preis.<\/p>\n<p>&#13;<\/p>\n","protected":false},"excerpt":{"rendered":"<p>Unsere heutige Reise geht in die Moldau. Diesmal geht es aber um eine historische Angelegenheit \u2013 wir schlagen Ihnen n\u00e4mlich einen Besuch der mittelalterlichen Burg Neam\u0163 vor.<\/p>\n","protected":false},"author":126,"featured_media":322611,"comment_status":"closed","ping_status":"closed","sticky":false,"template":"","format":"standard","meta":{"_acf_changed":false,"footnotes":""},"categories":[116784],"tags":[131403,131526,118330,100576,171094,99589,130008,100329],"coauthors":[],"class_list":["post-639847","post","type-post","status-publish","format-standard","has-post-thumbnail","hentry","category-reiseland-rumaenien","tag-fuerstenburg","tag-fuerstentum","tag-mittelalter","tag-moldau","tag-neamt-de","tag-rumaenien","tag-stefan-der-grose","tag-tourismus"],"acf":[],"yoast_head":"<!-- This site is optimized with the Yoast SEO plugin v27.3 - https:\/\/yoast.com\/product\/yoast-seo-wordpress\/ -->\n<title>F\u00fcrstenburg Neam\u0163: Auf den Spuren der mittelalterlichen Moldau - Radio Rum\u00e4nien International<\/title>\n<meta name=\"robots\" content=\"index, follow, max-snippet:-1, max-image-preview:large, max-video-preview:-1\" \/>\n<link rel=\"canonical\" href=\"https:\/\/www.rri.ro\/de\/rubriken\/reiseland-rumaenien\/fuerstenburg-neamt-auf-den-spuren-der-mittelalterlichen-moldau-id639847.html\" \/>\n<meta property=\"og:locale\" content=\"de_DE\" \/>\n<meta property=\"og:type\" content=\"article\" \/>\n<meta property=\"og:title\" content=\"F\u00fcrstenburg Neam\u0163: Auf den Spuren der mittelalterlichen Moldau - Radio Rum\u00e4nien International\" \/>\n<meta property=\"og:description\" content=\"Unsere heutige Reise geht in die Moldau. Diesmal geht es aber um eine historische Angelegenheit \u2013 wir schlagen Ihnen n\u00e4mlich einen Besuch der mittelalterlichen Burg Neam\u0163 vor.\" \/>\n<meta property=\"og:url\" content=\"https:\/\/www.rri.ro\/de\/rubriken\/reiseland-rumaenien\/fuerstenburg-neamt-auf-den-spuren-der-mittelalterlichen-moldau-id639847.html\" \/>\n<meta property=\"og:site_name\" content=\"Radio Rum\u00e4nien International\" \/>\n<meta property=\"article:published_time\" content=\"2017-08-02T14:45:00+00:00\" \/>\n<meta property=\"og:image\" content=\"https:\/\/www.rri.ro\/wp-content\/uploads\/2023\/10\/cetatea-neamtului.png\" \/>\n\t<meta property=\"og:image:width\" content=\"640\" \/>\n\t<meta property=\"og:image:height\" content=\"480\" \/>\n\t<meta property=\"og:image:type\" content=\"image\/png\" \/>\n<meta name=\"author\" content=\"Ana-Maria Cononovici\" \/>\n<meta name=\"twitter:card\" content=\"summary_large_image\" \/>\n<meta name=\"twitter:label1\" content=\"Verfasst von\" \/>\n\t<meta name=\"twitter:data1\" content=\"Ana-Maria Cononovici\" \/>\n\t<meta name=\"twitter:label2\" content=\"Gesch\u00e4tzte Lesezeit\" \/>\n\t<meta name=\"twitter:data2\" content=\"3\u00a0Minuten\" \/>\n\t<meta name=\"twitter:label3\" content=\"Written by\" \/>\n\t<meta name=\"twitter:data3\" content=\"Ana-Maria Cononovici\" \/>\n<script type=\"application\/ld+json\" class=\"yoast-schema-graph\">{\"@context\":\"https:\\\/\\\/schema.org\",\"@graph\":[{\"@type\":\"Article\",\"@id\":\"https:\\\/\\\/www.rri.ro\\\/de\\\/rubriken\\\/reiseland-rumaenien\\\/fuerstenburg-neamt-auf-den-spuren-der-mittelalterlichen-moldau-id639847.html#article\",\"isPartOf\":{\"@id\":\"https:\\\/\\\/www.rri.ro\\\/de\\\/rubriken\\\/reiseland-rumaenien\\\/fuerstenburg-neamt-auf-den-spuren-der-mittelalterlichen-moldau-id639847.html\"},\"author\":{\"name\":\"Ana-Maria Cononovici\",\"@id\":\"https:\\\/\\\/www.rri.ro\\\/#\\\/schema\\\/person\\\/70ee98042ca8b95ae29876ed4848670e\"},\"headline\":\"F\u00fcrstenburg Neam\u0163: Auf den Spuren der mittelalterlichen Moldau\",\"datePublished\":\"2017-08-02T14:45:00+00:00\",\"mainEntityOfPage\":{\"@id\":\"https:\\\/\\\/www.rri.ro\\\/de\\\/rubriken\\\/reiseland-rumaenien\\\/fuerstenburg-neamt-auf-den-spuren-der-mittelalterlichen-moldau-id639847.html\"},\"wordCount\":632,\"image\":{\"@id\":\"https:\\\/\\\/www.rri.ro\\\/de\\\/rubriken\\\/reiseland-rumaenien\\\/fuerstenburg-neamt-auf-den-spuren-der-mittelalterlichen-moldau-id639847.html#primaryimage\"},\"thumbnailUrl\":\"https:\\\/\\\/www.rri.ro\\\/wp-content\\\/uploads\\\/2023\\\/10\\\/cetatea-neamtului.png\",\"keywords\":[\"F\u00fcrstenburg\",\"F\u00fcrstentum\",\"Mittelalter\",\"Moldau\",\"Neamt\",\"Rum\u00e4nien\",\"Stefan der Gro\u00dfe\",\"Tourismus\"],\"articleSection\":[\"Reiseland Rum\u00e4nien\"],\"inLanguage\":\"de\"},{\"@type\":\"WebPage\",\"@id\":\"https:\\\/\\\/www.rri.ro\\\/de\\\/rubriken\\\/reiseland-rumaenien\\\/fuerstenburg-neamt-auf-den-spuren-der-mittelalterlichen-moldau-id639847.html\",\"url\":\"https:\\\/\\\/www.rri.ro\\\/de\\\/rubriken\\\/reiseland-rumaenien\\\/fuerstenburg-neamt-auf-den-spuren-der-mittelalterlichen-moldau-id639847.html\",\"name\":\"F\u00fcrstenburg Neam\u0163: Auf den Spuren der mittelalterlichen Moldau - Radio Rum\u00e4nien International\",\"isPartOf\":{\"@id\":\"https:\\\/\\\/www.rri.ro\\\/#website\"},\"primaryImageOfPage\":{\"@id\":\"https:\\\/\\\/www.rri.ro\\\/de\\\/rubriken\\\/reiseland-rumaenien\\\/fuerstenburg-neamt-auf-den-spuren-der-mittelalterlichen-moldau-id639847.html#primaryimage\"},\"image\":{\"@id\":\"https:\\\/\\\/www.rri.ro\\\/de\\\/rubriken\\\/reiseland-rumaenien\\\/fuerstenburg-neamt-auf-den-spuren-der-mittelalterlichen-moldau-id639847.html#primaryimage\"},\"thumbnailUrl\":\"https:\\\/\\\/www.rri.ro\\\/wp-content\\\/uploads\\\/2023\\\/10\\\/cetatea-neamtului.png\",\"datePublished\":\"2017-08-02T14:45:00+00:00\",\"author\":{\"@id\":\"https:\\\/\\\/www.rri.ro\\\/#\\\/schema\\\/person\\\/70ee98042ca8b95ae29876ed4848670e\"},\"breadcrumb\":{\"@id\":\"https:\\\/\\\/www.rri.ro\\\/de\\\/rubriken\\\/reiseland-rumaenien\\\/fuerstenburg-neamt-auf-den-spuren-der-mittelalterlichen-moldau-id639847.html#breadcrumb\"},\"inLanguage\":\"de\",\"potentialAction\":[{\"@type\":\"ReadAction\",\"target\":[\"https:\\\/\\\/www.rri.ro\\\/de\\\/rubriken\\\/reiseland-rumaenien\\\/fuerstenburg-neamt-auf-den-spuren-der-mittelalterlichen-moldau-id639847.html\"]}]},{\"@type\":\"ImageObject\",\"inLanguage\":\"de\",\"@id\":\"https:\\\/\\\/www.rri.ro\\\/de\\\/rubriken\\\/reiseland-rumaenien\\\/fuerstenburg-neamt-auf-den-spuren-der-mittelalterlichen-moldau-id639847.html#primaryimage\",\"url\":\"https:\\\/\\\/www.rri.ro\\\/wp-content\\\/uploads\\\/2023\\\/10\\\/cetatea-neamtului.png\",\"contentUrl\":\"https:\\\/\\\/www.rri.ro\\\/wp-content\\\/uploads\\\/2023\\\/10\\\/cetatea-neamtului.png\",\"width\":640,\"height\":480},{\"@type\":\"BreadcrumbList\",\"@id\":\"https:\\\/\\\/www.rri.ro\\\/de\\\/rubriken\\\/reiseland-rumaenien\\\/fuerstenburg-neamt-auf-den-spuren-der-mittelalterlichen-moldau-id639847.html#breadcrumb\",\"itemListElement\":[{\"@type\":\"ListItem\",\"position\":1,\"name\":\"Startseite\",\"item\":\"https:\\\/\\\/www.rri.ro\\\/de\"},{\"@type\":\"ListItem\",\"position\":2,\"name\":\"Rubriken\",\"item\":\"https:\\\/\\\/www.rri.ro\\\/de\\\/rubriken\"},{\"@type\":\"ListItem\",\"position\":3,\"name\":\"Reiseland Rum\u00e4nien\",\"item\":\"https:\\\/\\\/www.rri.ro\\\/de\\\/rubriken\\\/reiseland-rumaenien\"},{\"@type\":\"ListItem\",\"position\":4,\"name\":\"F\u00fcrstenburg Neam\u0163: Auf den Spuren der mittelalterlichen Moldau\"}]},{\"@type\":\"WebSite\",\"@id\":\"https:\\\/\\\/www.rri.ro\\\/#website\",\"url\":\"https:\\\/\\\/www.rri.ro\\\/\",\"name\":\"Radio Rum\u00e4nien International\",\"description\":\"Totul despre Rom\u00e2nia \u015fi rom\u00e2ni, \u00een 13 limbi\\\/dialecte!\",\"inLanguage\":\"de\"},{\"@type\":\"Person\",\"@id\":\"https:\\\/\\\/www.rri.ro\\\/#\\\/schema\\\/person\\\/70ee98042ca8b95ae29876ed4848670e\",\"name\":\"Ana-Maria Cononovici\",\"url\":\"https:\\\/\\\/www.rri.ro\\\/de\\\/author\\\/ana-maria-cononovici\"}]}<\/script>\n<!-- \/ Yoast SEO plugin. -->","yoast_head_json":{"title":"F\u00fcrstenburg Neam\u0163: Auf den Spuren der mittelalterlichen Moldau - Radio Rum\u00e4nien International","robots":{"index":"index","follow":"follow","max-snippet":"max-snippet:-1","max-image-preview":"max-image-preview:large","max-video-preview":"max-video-preview:-1"},"canonical":"https:\/\/www.rri.ro\/de\/rubriken\/reiseland-rumaenien\/fuerstenburg-neamt-auf-den-spuren-der-mittelalterlichen-moldau-id639847.html","og_locale":"de_DE","og_type":"article","og_title":"F\u00fcrstenburg Neam\u0163: Auf den Spuren der mittelalterlichen Moldau - Radio Rum\u00e4nien International","og_description":"Unsere heutige Reise geht in die Moldau. Diesmal geht es aber um eine historische Angelegenheit \u2013 wir schlagen Ihnen n\u00e4mlich einen Besuch der mittelalterlichen Burg Neam\u0163 vor.","og_url":"https:\/\/www.rri.ro\/de\/rubriken\/reiseland-rumaenien\/fuerstenburg-neamt-auf-den-spuren-der-mittelalterlichen-moldau-id639847.html","og_site_name":"Radio Rum\u00e4nien International","article_published_time":"2017-08-02T14:45:00+00:00","og_image":[{"width":640,"height":480,"url":"https:\/\/www.rri.ro\/wp-content\/uploads\/2023\/10\/cetatea-neamtului.png","type":"image\/png"}],"author":"Ana-Maria Cononovici","twitter_card":"summary_large_image","twitter_misc":{"Verfasst von":"Ana-Maria Cononovici","Gesch\u00e4tzte Lesezeit":"3\u00a0Minuten","Written by":"Ana-Maria Cononovici"},"schema":{"@context":"https:\/\/schema.org","@graph":[{"@type":"Article","@id":"https:\/\/www.rri.ro\/de\/rubriken\/reiseland-rumaenien\/fuerstenburg-neamt-auf-den-spuren-der-mittelalterlichen-moldau-id639847.html#article","isPartOf":{"@id":"https:\/\/www.rri.ro\/de\/rubriken\/reiseland-rumaenien\/fuerstenburg-neamt-auf-den-spuren-der-mittelalterlichen-moldau-id639847.html"},"author":{"name":"Ana-Maria Cononovici","@id":"https:\/\/www.rri.ro\/#\/schema\/person\/70ee98042ca8b95ae29876ed4848670e"},"headline":"F\u00fcrstenburg Neam\u0163: Auf den Spuren der mittelalterlichen Moldau","datePublished":"2017-08-02T14:45:00+00:00","mainEntityOfPage":{"@id":"https:\/\/www.rri.ro\/de\/rubriken\/reiseland-rumaenien\/fuerstenburg-neamt-auf-den-spuren-der-mittelalterlichen-moldau-id639847.html"},"wordCount":632,"image":{"@id":"https:\/\/www.rri.ro\/de\/rubriken\/reiseland-rumaenien\/fuerstenburg-neamt-auf-den-spuren-der-mittelalterlichen-moldau-id639847.html#primaryimage"},"thumbnailUrl":"https:\/\/www.rri.ro\/wp-content\/uploads\/2023\/10\/cetatea-neamtului.png","keywords":["F\u00fcrstenburg","F\u00fcrstentum","Mittelalter","Moldau","Neamt","Rum\u00e4nien","Stefan der Gro\u00dfe","Tourismus"],"articleSection":["Reiseland Rum\u00e4nien"],"inLanguage":"de"},{"@type":"WebPage","@id":"https:\/\/www.rri.ro\/de\/rubriken\/reiseland-rumaenien\/fuerstenburg-neamt-auf-den-spuren-der-mittelalterlichen-moldau-id639847.html","url":"https:\/\/www.rri.ro\/de\/rubriken\/reiseland-rumaenien\/fuerstenburg-neamt-auf-den-spuren-der-mittelalterlichen-moldau-id639847.html","name":"F\u00fcrstenburg Neam\u0163: Auf den Spuren der mittelalterlichen Moldau - Radio Rum\u00e4nien International","isPartOf":{"@id":"https:\/\/www.rri.ro\/#website"},"primaryImageOfPage":{"@id":"https:\/\/www.rri.ro\/de\/rubriken\/reiseland-rumaenien\/fuerstenburg-neamt-auf-den-spuren-der-mittelalterlichen-moldau-id639847.html#primaryimage"},"image":{"@id":"https:\/\/www.rri.ro\/de\/rubriken\/reiseland-rumaenien\/fuerstenburg-neamt-auf-den-spuren-der-mittelalterlichen-moldau-id639847.html#primaryimage"},"thumbnailUrl":"https:\/\/www.rri.ro\/wp-content\/uploads\/2023\/10\/cetatea-neamtului.png","datePublished":"2017-08-02T14:45:00+00:00","author":{"@id":"https:\/\/www.rri.ro\/#\/schema\/person\/70ee98042ca8b95ae29876ed4848670e"},"breadcrumb":{"@id":"https:\/\/www.rri.ro\/de\/rubriken\/reiseland-rumaenien\/fuerstenburg-neamt-auf-den-spuren-der-mittelalterlichen-moldau-id639847.html#breadcrumb"},"inLanguage":"de","potentialAction":[{"@type":"ReadAction","target":["https:\/\/www.rri.ro\/de\/rubriken\/reiseland-rumaenien\/fuerstenburg-neamt-auf-den-spuren-der-mittelalterlichen-moldau-id639847.html"]}]},{"@type":"ImageObject","inLanguage":"de","@id":"https:\/\/www.rri.ro\/de\/rubriken\/reiseland-rumaenien\/fuerstenburg-neamt-auf-den-spuren-der-mittelalterlichen-moldau-id639847.html#primaryimage","url":"https:\/\/www.rri.ro\/wp-content\/uploads\/2023\/10\/cetatea-neamtului.png","contentUrl":"https:\/\/www.rri.ro\/wp-content\/uploads\/2023\/10\/cetatea-neamtului.png","width":640,"height":480},{"@type":"BreadcrumbList","@id":"https:\/\/www.rri.ro\/de\/rubriken\/reiseland-rumaenien\/fuerstenburg-neamt-auf-den-spuren-der-mittelalterlichen-moldau-id639847.html#breadcrumb","itemListElement":[{"@type":"ListItem","position":1,"name":"Startseite","item":"https:\/\/www.rri.ro\/de"},{"@type":"ListItem","position":2,"name":"Rubriken","item":"https:\/\/www.rri.ro\/de\/rubriken"},{"@type":"ListItem","position":3,"name":"Reiseland Rum\u00e4nien","item":"https:\/\/www.rri.ro\/de\/rubriken\/reiseland-rumaenien"},{"@type":"ListItem","position":4,"name":"F\u00fcrstenburg Neam\u0163: Auf den Spuren der mittelalterlichen Moldau"}]},{"@type":"WebSite","@id":"https:\/\/www.rri.ro\/#website","url":"https:\/\/www.rri.ro\/","name":"Radio Rum\u00e4nien International","description":"Totul despre Rom\u00e2nia \u015fi rom\u00e2ni, \u00een 13 limbi\/dialecte!","inLanguage":"de"},{"@type":"Person","@id":"https:\/\/www.rri.ro\/#\/schema\/person\/70ee98042ca8b95ae29876ed4848670e","name":"Ana-Maria Cononovici","url":"https:\/\/www.rri.ro\/de\/author\/ana-maria-cononovici"}]}},"_links":{"self":[{"href":"https:\/\/www.rri.ro\/de\/wp-json\/wp\/v2\/posts\/639847","targetHints":{"allow":["GET"]}}],"collection":[{"href":"https:\/\/www.rri.ro\/de\/wp-json\/wp\/v2\/posts"}],"about":[{"href":"https:\/\/www.rri.ro\/de\/wp-json\/wp\/v2\/types\/post"}],"author":[{"embeddable":true,"href":"https:\/\/www.rri.ro\/de\/wp-json\/wp\/v2\/users\/126"}],"replies":[{"embeddable":true,"href":"https:\/\/www.rri.ro\/de\/wp-json\/wp\/v2\/comments?post=639847"}],"version-history":[{"count":0,"href":"https:\/\/www.rri.ro\/de\/wp-json\/wp\/v2\/posts\/639847\/revisions"}],"wp:featuredmedia":[{"embeddable":true,"href":"https:\/\/www.rri.ro\/de\/wp-json\/wp\/v2\/media\/322611"}],"wp:attachment":[{"href":"https:\/\/www.rri.ro\/de\/wp-json\/wp\/v2\/media?parent=639847"}],"wp:term":[{"taxonomy":"category","embeddable":true,"href":"https:\/\/www.rri.ro\/de\/wp-json\/wp\/v2\/categories?post=639847"},{"taxonomy":"post_tag","embeddable":true,"href":"https:\/\/www.rri.ro\/de\/wp-json\/wp\/v2\/tags?post=639847"},{"taxonomy":"author","embeddable":true,"href":"https:\/\/www.rri.ro\/de\/wp-json\/wp\/v2\/coauthors?post=639847"}],"curies":[{"name":"wp","href":"https:\/\/api.w.org\/{rel}","templated":true}]}}