{"id":639875,"date":"2018-04-18T17:45:00","date_gmt":"2018-04-18T14:45:00","guid":{"rendered":"http:\/\/devrri.freshlemon.ro\/aktuell\/dorna-candrenilor-in-der-bukowina-der-ort-mit-dem-gewissen-etwas-id639875.html"},"modified":"2018-04-18T17:45:00","modified_gmt":"2018-04-18T14:45:00","slug":"dorna-candrenilor-in-der-bukowina-der-ort-mit-dem-gewissen-etwas","status":"publish","type":"post","link":"https:\/\/www.rri.ro\/de\/rubriken\/reiseland-rumaenien\/dorna-candrenilor-in-der-bukowina-der-ort-mit-dem-gewissen-etwas-id639875.html","title":{"rendered":"Dorna Candrenilor in der Bukowina: Der Ort mit dem gewissen etwas"},"content":{"rendered":"<p>Heute laden wir Sie ein, einen legend\u00e4ren Ort zu besuchen: Dorna Candrenilor, eine Gemeinde in der Bukowina. Sie denken vermutlich, wir \u00fcbertreiben, wenn wir diesen Ort als legend\u00e4r bezeichnen. Allerdings stimmt das v\u00f6llig. Denn laut \u00f6rtlichen Legenden wurde der Ortsname Dorna Candrenilor durch den Namen des ersten Bewohners der Ortschaft angeregt, dem Gesetzlosen Candru\u0163. Er war vor mehreren Hundert Jahren aus Siebenb\u00fcrgen gefl\u00fcchtet und hatte hier ein Zuhause gefunden. Derzeit tragen mehrere Familien im Dorf den Familiennamen Candrea. Um sich voneinander zu unterscheiden f\u00fcgen sie dem Familiennamen den Vornamen des Vaters oder des Gro\u200e\u00dfvaters hinzu. Die Gemeinde Dorna Candrenilor liegt in einer H\u00f6he von 800 m im Dorna-Tal, lediglich 8 km vom Ferienort Vatra Dornei entfernt.<\/p>\n<p>&#13;<br \/>\n&#13;<\/p>\n<p>&#13;<br \/>\n&#13;<\/p>\n<p>Das Dorf Dorna Candrenilor ist bekannt f\u00fcr seine Mineralquellen. \u00dcber den Reichtum und die Sch\u00f6nheit dieses Gebietes erz\u00e4hlte uns mehr D\u0103nu\u0163 Candrea, der B\u00fcrgermeister der Gemeinde:<\/p>\n<p>&#13;<br \/>\n&#13;<\/p>\n<p>&#13;<br \/>\n&#13;<\/p>\n<p><em>Dorna Candenilor ist seit 1898 ein Touristenort und seit 1937 ist es ein Kurort. In der Ortschaft Poiana Negri gibt es viele Unterkunftsm\u00f6glichkeiten in Gasth\u00e4usern und Pensionen. Poiana Negri ist f\u00fcr die \u00f6rtliche Mineralwasserquelle bekannt. Da gibt es auch mehrere Berggipfel: 12 Apostoli, Ou\u015foru, Suhard. Wir befinden uns hier im westlichen Teil der Bukowina, an der Grenze zu Siebenb\u00fcrgen. Es ist eine gesegnete, sch\u00f6ne und saubere Gegend, mit W\u00e4ldern, Gew\u00e4ssern, mit einer wundersch\u00f6nen Landschaft. Die f\u00fcr die Bukowina typische Speisekarte ist auch verlockend. Zu Feiertagen werden in den \u00f6rtlichen Restaurants traditionelle Speisen serviert. Zu Ostern gab es zum Beispiel rote Eier, Lammbraten und den typisch rum\u00e4nischen Osterkuchen (rum. cozonac). Die Gastgeber sind besonders freundlich und erwarten die Touristen mit erlesenen Gerichten<\/em>.<em>\u201c<\/em><\/p>\n<p>&#13;<br \/>\n&#13;<\/p>\n<p>&#13;<br \/>\n&#13;<\/p>\n<p>Im Dorf Dorna Candrenilor angekommen, bemerken Sie gleich die f\u00fcr die Region Bukowina spezifische Architektur &#8212; gro\u200e\u00dfe, aus Holz gebaute, meistens zweist\u00f6ckige H\u00e4user mit vielen Zimmern. Die Fassaden der H\u00e4user sind immer sch\u00f6n verziert, mit Blumenmotiven oder geometrischen Mustern. <\/p>\n<p>&#13;<br \/>\n&#13;<\/p>\n<p>&#13;<br \/>\n&#13;<\/p>\n<p>Je mehr man sich der Berge ann\u00e4hert, desto verstreuter sind die H\u00e4user. Hochzeitsreisende k\u00f6nnen den C\u0103limani-Nationalpark leicht erreichen, um die Felsformationen der 12 Apostel (rum. 12 Apostoli) im geologischen Schutzgebiet zu bewundern. Au\u200e\u00dferdem ist die Naturlandschaft im C\u0103limani-Gebirge atemberaubend. Von Dorna Candrenilor aus kann man den Gipfel Ou\u015foru in den 1639 m hohen Suhard-Bergen erklimmen. Von dort oben \u00f6ffnet sich einem eine wundersch\u00f6ne Aussicht \u00fcber die gesamte Dorna-Senke.<\/p>\n<p>&#13;<br \/>\n&#13;<\/p>\n<p>&#13;<br \/>\n&#13;<\/p>\n<p>Im \u00f6rtlichen Dorfmuseum, das zur P\u00e2ndar\u0103u-Familie geh\u00f6rt, k\u00f6nnen Sie die sch\u00f6ne Volkstracht der Dorfbewohner bewundern. Die Farben rot und blau, aber auch gr\u00fcn und lila, werden vorwiegend beim N\u00e4hen der Trachten sowie f\u00fcr die komplizierten Stickmuster verwendet.<\/p>\n<p>&#13;<br \/>\n&#13;<\/p>\n<p>&#13;<br \/>\n&#13;<\/p>\n<p>Dorna Candrenilor wurde vor Kurzem zur Gemeinde von lokalem Interesse erkl\u00e4rt. Dadurch hat die Ortschaft die M\u00f6glichkeit, EU-Mittel zu beantragen und kann sich demzufolge schneller weiterentwickeln.<\/p>\n<p>&#13;<\/p>\n","protected":false},"excerpt":{"rendered":"<p>Die heutige Reise f\u00fchrt wieder einmal in die Bukowina. Diesmal geht in die Ortschaft Dorna Candrenilor, ein g\u00fcnstiger Ausgangspunkt f\u00fcr Wanderungen im C\u0103limani-Gebirge, aber gleichzeitig auch ein angenehmer Ort zum Entspannen.<\/p>\n","protected":false},"author":126,"featured_media":150174,"comment_status":"closed","ping_status":"closed","sticky":false,"template":"","format":"standard","meta":{"_acf_changed":false,"footnotes":""},"categories":[116784],"tags":[100579,131560,74072,131561,99589,100329,41024],"coauthors":[],"class_list":["post-639875","post","type-post","status-publish","format-standard","has-post-thumbnail","hentry","category-reiseland-rumaenien","tag-bukowina","tag-calimani-gebirge","tag-dorna-candrenilor","tag-dorna-senke","tag-rumaenien","tag-tourismus","tag-vatra-dornei"],"acf":[],"yoast_head":"<!-- This site is optimized with the Yoast SEO plugin v27.3 - https:\/\/yoast.com\/product\/yoast-seo-wordpress\/ -->\n<title>Dorna Candrenilor in der Bukowina: Der Ort mit dem gewissen etwas - Radio Rum\u00e4nien International<\/title>\n<meta name=\"robots\" content=\"index, follow, max-snippet:-1, max-image-preview:large, max-video-preview:-1\" \/>\n<link rel=\"canonical\" href=\"https:\/\/www.rri.ro\/de\/rubriken\/reiseland-rumaenien\/dorna-candrenilor-in-der-bukowina-der-ort-mit-dem-gewissen-etwas-id639875.html\" \/>\n<meta property=\"og:locale\" content=\"de_DE\" \/>\n<meta property=\"og:type\" content=\"article\" \/>\n<meta property=\"og:title\" content=\"Dorna Candrenilor in der Bukowina: Der Ort mit dem gewissen etwas - Radio Rum\u00e4nien International\" \/>\n<meta property=\"og:description\" content=\"Die heutige Reise f\u00fchrt wieder einmal in die Bukowina. Diesmal geht in die Ortschaft Dorna Candrenilor, ein g\u00fcnstiger Ausgangspunkt f\u00fcr Wanderungen im C\u0103limani-Gebirge, aber gleichzeitig auch ein angenehmer Ort zum Entspannen.\" \/>\n<meta property=\"og:url\" content=\"https:\/\/www.rri.ro\/de\/rubriken\/reiseland-rumaenien\/dorna-candrenilor-in-der-bukowina-der-ort-mit-dem-gewissen-etwas-id639875.html\" \/>\n<meta property=\"og:site_name\" content=\"Radio Rum\u00e4nien International\" \/>\n<meta property=\"article:published_time\" content=\"2018-04-18T14:45:00+00:00\" \/>\n<meta property=\"og:image\" content=\"https:\/\/www.rri.ro\/wp-content\/uploads\/2023\/10\/casa-dorna-candrenilor-wiki-c-cezar-suceveanu.jpg\" \/>\n\t<meta property=\"og:image:width\" content=\"640\" \/>\n\t<meta property=\"og:image:height\" content=\"480\" \/>\n\t<meta property=\"og:image:type\" content=\"image\/png\" \/>\n<meta name=\"author\" content=\"Ana-Maria Cononovici\" \/>\n<meta name=\"twitter:card\" content=\"summary_large_image\" \/>\n<meta name=\"twitter:label1\" content=\"Verfasst von\" \/>\n\t<meta name=\"twitter:data1\" content=\"Ana-Maria Cononovici\" \/>\n\t<meta name=\"twitter:label2\" content=\"Gesch\u00e4tzte Lesezeit\" \/>\n\t<meta name=\"twitter:data2\" content=\"2\u00a0Minuten\" \/>\n\t<meta name=\"twitter:label3\" content=\"Written by\" \/>\n\t<meta name=\"twitter:data3\" content=\"Ana-Maria Cononovici\" \/>\n<script type=\"application\/ld+json\" class=\"yoast-schema-graph\">{\"@context\":\"https:\\\/\\\/schema.org\",\"@graph\":[{\"@type\":\"Article\",\"@id\":\"https:\\\/\\\/www.rri.ro\\\/de\\\/rubriken\\\/reiseland-rumaenien\\\/dorna-candrenilor-in-der-bukowina-der-ort-mit-dem-gewissen-etwas-id639875.html#article\",\"isPartOf\":{\"@id\":\"https:\\\/\\\/www.rri.ro\\\/de\\\/rubriken\\\/reiseland-rumaenien\\\/dorna-candrenilor-in-der-bukowina-der-ort-mit-dem-gewissen-etwas-id639875.html\"},\"author\":{\"name\":\"Ana-Maria Cononovici\",\"@id\":\"https:\\\/\\\/www.rri.ro\\\/#\\\/schema\\\/person\\\/70ee98042ca8b95ae29876ed4848670e\"},\"headline\":\"Dorna Candrenilor in der Bukowina: Der Ort mit dem gewissen etwas\",\"datePublished\":\"2018-04-18T14:45:00+00:00\",\"mainEntityOfPage\":{\"@id\":\"https:\\\/\\\/www.rri.ro\\\/de\\\/rubriken\\\/reiseland-rumaenien\\\/dorna-candrenilor-in-der-bukowina-der-ort-mit-dem-gewissen-etwas-id639875.html\"},\"wordCount\":484,\"image\":{\"@id\":\"https:\\\/\\\/www.rri.ro\\\/de\\\/rubriken\\\/reiseland-rumaenien\\\/dorna-candrenilor-in-der-bukowina-der-ort-mit-dem-gewissen-etwas-id639875.html#primaryimage\"},\"thumbnailUrl\":\"https:\\\/\\\/www.rri.ro\\\/wp-content\\\/uploads\\\/2023\\\/10\\\/casa-dorna-candrenilor-wiki-c-cezar-suceveanu.jpg\",\"keywords\":[\"Bukowina\",\"C\u0103limani-Gebirge\",\"Dorna Candrenilor\",\"Dorna-Senke\",\"Rum\u00e4nien\",\"Tourismus\",\"Vatra Dornei\"],\"articleSection\":[\"Reiseland Rum\u00e4nien\"],\"inLanguage\":\"de\"},{\"@type\":\"WebPage\",\"@id\":\"https:\\\/\\\/www.rri.ro\\\/de\\\/rubriken\\\/reiseland-rumaenien\\\/dorna-candrenilor-in-der-bukowina-der-ort-mit-dem-gewissen-etwas-id639875.html\",\"url\":\"https:\\\/\\\/www.rri.ro\\\/de\\\/rubriken\\\/reiseland-rumaenien\\\/dorna-candrenilor-in-der-bukowina-der-ort-mit-dem-gewissen-etwas-id639875.html\",\"name\":\"Dorna Candrenilor in der Bukowina: Der Ort mit dem gewissen etwas - Radio Rum\u00e4nien International\",\"isPartOf\":{\"@id\":\"https:\\\/\\\/www.rri.ro\\\/#website\"},\"primaryImageOfPage\":{\"@id\":\"https:\\\/\\\/www.rri.ro\\\/de\\\/rubriken\\\/reiseland-rumaenien\\\/dorna-candrenilor-in-der-bukowina-der-ort-mit-dem-gewissen-etwas-id639875.html#primaryimage\"},\"image\":{\"@id\":\"https:\\\/\\\/www.rri.ro\\\/de\\\/rubriken\\\/reiseland-rumaenien\\\/dorna-candrenilor-in-der-bukowina-der-ort-mit-dem-gewissen-etwas-id639875.html#primaryimage\"},\"thumbnailUrl\":\"https:\\\/\\\/www.rri.ro\\\/wp-content\\\/uploads\\\/2023\\\/10\\\/casa-dorna-candrenilor-wiki-c-cezar-suceveanu.jpg\",\"datePublished\":\"2018-04-18T14:45:00+00:00\",\"author\":{\"@id\":\"https:\\\/\\\/www.rri.ro\\\/#\\\/schema\\\/person\\\/70ee98042ca8b95ae29876ed4848670e\"},\"breadcrumb\":{\"@id\":\"https:\\\/\\\/www.rri.ro\\\/de\\\/rubriken\\\/reiseland-rumaenien\\\/dorna-candrenilor-in-der-bukowina-der-ort-mit-dem-gewissen-etwas-id639875.html#breadcrumb\"},\"inLanguage\":\"de\",\"potentialAction\":[{\"@type\":\"ReadAction\",\"target\":[\"https:\\\/\\\/www.rri.ro\\\/de\\\/rubriken\\\/reiseland-rumaenien\\\/dorna-candrenilor-in-der-bukowina-der-ort-mit-dem-gewissen-etwas-id639875.html\"]}]},{\"@type\":\"ImageObject\",\"inLanguage\":\"de\",\"@id\":\"https:\\\/\\\/www.rri.ro\\\/de\\\/rubriken\\\/reiseland-rumaenien\\\/dorna-candrenilor-in-der-bukowina-der-ort-mit-dem-gewissen-etwas-id639875.html#primaryimage\",\"url\":\"https:\\\/\\\/www.rri.ro\\\/wp-content\\\/uploads\\\/2023\\\/10\\\/casa-dorna-candrenilor-wiki-c-cezar-suceveanu.jpg\",\"contentUrl\":\"https:\\\/\\\/www.rri.ro\\\/wp-content\\\/uploads\\\/2023\\\/10\\\/casa-dorna-candrenilor-wiki-c-cezar-suceveanu.jpg\",\"width\":640,\"height\":480},{\"@type\":\"BreadcrumbList\",\"@id\":\"https:\\\/\\\/www.rri.ro\\\/de\\\/rubriken\\\/reiseland-rumaenien\\\/dorna-candrenilor-in-der-bukowina-der-ort-mit-dem-gewissen-etwas-id639875.html#breadcrumb\",\"itemListElement\":[{\"@type\":\"ListItem\",\"position\":1,\"name\":\"Startseite\",\"item\":\"https:\\\/\\\/www.rri.ro\\\/de\"},{\"@type\":\"ListItem\",\"position\":2,\"name\":\"Rubriken\",\"item\":\"https:\\\/\\\/www.rri.ro\\\/de\\\/rubriken\"},{\"@type\":\"ListItem\",\"position\":3,\"name\":\"Reiseland Rum\u00e4nien\",\"item\":\"https:\\\/\\\/www.rri.ro\\\/de\\\/rubriken\\\/reiseland-rumaenien\"},{\"@type\":\"ListItem\",\"position\":4,\"name\":\"Dorna Candrenilor in der Bukowina: Der Ort mit dem gewissen etwas\"}]},{\"@type\":\"WebSite\",\"@id\":\"https:\\\/\\\/www.rri.ro\\\/#website\",\"url\":\"https:\\\/\\\/www.rri.ro\\\/\",\"name\":\"Radio Rum\u00e4nien International\",\"description\":\"Totul despre Rom\u00e2nia \u015fi rom\u00e2ni, \u00een 13 limbi\\\/dialecte!\",\"inLanguage\":\"de\"},{\"@type\":\"Person\",\"@id\":\"https:\\\/\\\/www.rri.ro\\\/#\\\/schema\\\/person\\\/70ee98042ca8b95ae29876ed4848670e\",\"name\":\"Ana-Maria Cononovici\",\"url\":\"https:\\\/\\\/www.rri.ro\\\/de\\\/author\\\/ana-maria-cononovici\"}]}<\/script>\n<!-- \/ Yoast SEO plugin. -->","yoast_head_json":{"title":"Dorna Candrenilor in der Bukowina: Der Ort mit dem gewissen etwas - Radio Rum\u00e4nien International","robots":{"index":"index","follow":"follow","max-snippet":"max-snippet:-1","max-image-preview":"max-image-preview:large","max-video-preview":"max-video-preview:-1"},"canonical":"https:\/\/www.rri.ro\/de\/rubriken\/reiseland-rumaenien\/dorna-candrenilor-in-der-bukowina-der-ort-mit-dem-gewissen-etwas-id639875.html","og_locale":"de_DE","og_type":"article","og_title":"Dorna Candrenilor in der Bukowina: Der Ort mit dem gewissen etwas - Radio Rum\u00e4nien International","og_description":"Die heutige Reise f\u00fchrt wieder einmal in die Bukowina. Diesmal geht in die Ortschaft Dorna Candrenilor, ein g\u00fcnstiger Ausgangspunkt f\u00fcr Wanderungen im C\u0103limani-Gebirge, aber gleichzeitig auch ein angenehmer Ort zum Entspannen.","og_url":"https:\/\/www.rri.ro\/de\/rubriken\/reiseland-rumaenien\/dorna-candrenilor-in-der-bukowina-der-ort-mit-dem-gewissen-etwas-id639875.html","og_site_name":"Radio Rum\u00e4nien International","article_published_time":"2018-04-18T14:45:00+00:00","og_image":[{"width":640,"height":480,"url":"https:\/\/www.rri.ro\/wp-content\/uploads\/2023\/10\/casa-dorna-candrenilor-wiki-c-cezar-suceveanu.jpg","type":"image\/png"}],"author":"Ana-Maria Cononovici","twitter_card":"summary_large_image","twitter_misc":{"Verfasst von":"Ana-Maria Cononovici","Gesch\u00e4tzte Lesezeit":"2\u00a0Minuten","Written by":"Ana-Maria Cononovici"},"schema":{"@context":"https:\/\/schema.org","@graph":[{"@type":"Article","@id":"https:\/\/www.rri.ro\/de\/rubriken\/reiseland-rumaenien\/dorna-candrenilor-in-der-bukowina-der-ort-mit-dem-gewissen-etwas-id639875.html#article","isPartOf":{"@id":"https:\/\/www.rri.ro\/de\/rubriken\/reiseland-rumaenien\/dorna-candrenilor-in-der-bukowina-der-ort-mit-dem-gewissen-etwas-id639875.html"},"author":{"name":"Ana-Maria Cononovici","@id":"https:\/\/www.rri.ro\/#\/schema\/person\/70ee98042ca8b95ae29876ed4848670e"},"headline":"Dorna Candrenilor in der Bukowina: Der Ort mit dem gewissen etwas","datePublished":"2018-04-18T14:45:00+00:00","mainEntityOfPage":{"@id":"https:\/\/www.rri.ro\/de\/rubriken\/reiseland-rumaenien\/dorna-candrenilor-in-der-bukowina-der-ort-mit-dem-gewissen-etwas-id639875.html"},"wordCount":484,"image":{"@id":"https:\/\/www.rri.ro\/de\/rubriken\/reiseland-rumaenien\/dorna-candrenilor-in-der-bukowina-der-ort-mit-dem-gewissen-etwas-id639875.html#primaryimage"},"thumbnailUrl":"https:\/\/www.rri.ro\/wp-content\/uploads\/2023\/10\/casa-dorna-candrenilor-wiki-c-cezar-suceveanu.jpg","keywords":["Bukowina","C\u0103limani-Gebirge","Dorna Candrenilor","Dorna-Senke","Rum\u00e4nien","Tourismus","Vatra Dornei"],"articleSection":["Reiseland Rum\u00e4nien"],"inLanguage":"de"},{"@type":"WebPage","@id":"https:\/\/www.rri.ro\/de\/rubriken\/reiseland-rumaenien\/dorna-candrenilor-in-der-bukowina-der-ort-mit-dem-gewissen-etwas-id639875.html","url":"https:\/\/www.rri.ro\/de\/rubriken\/reiseland-rumaenien\/dorna-candrenilor-in-der-bukowina-der-ort-mit-dem-gewissen-etwas-id639875.html","name":"Dorna Candrenilor in der Bukowina: Der Ort mit dem gewissen etwas - Radio Rum\u00e4nien International","isPartOf":{"@id":"https:\/\/www.rri.ro\/#website"},"primaryImageOfPage":{"@id":"https:\/\/www.rri.ro\/de\/rubriken\/reiseland-rumaenien\/dorna-candrenilor-in-der-bukowina-der-ort-mit-dem-gewissen-etwas-id639875.html#primaryimage"},"image":{"@id":"https:\/\/www.rri.ro\/de\/rubriken\/reiseland-rumaenien\/dorna-candrenilor-in-der-bukowina-der-ort-mit-dem-gewissen-etwas-id639875.html#primaryimage"},"thumbnailUrl":"https:\/\/www.rri.ro\/wp-content\/uploads\/2023\/10\/casa-dorna-candrenilor-wiki-c-cezar-suceveanu.jpg","datePublished":"2018-04-18T14:45:00+00:00","author":{"@id":"https:\/\/www.rri.ro\/#\/schema\/person\/70ee98042ca8b95ae29876ed4848670e"},"breadcrumb":{"@id":"https:\/\/www.rri.ro\/de\/rubriken\/reiseland-rumaenien\/dorna-candrenilor-in-der-bukowina-der-ort-mit-dem-gewissen-etwas-id639875.html#breadcrumb"},"inLanguage":"de","potentialAction":[{"@type":"ReadAction","target":["https:\/\/www.rri.ro\/de\/rubriken\/reiseland-rumaenien\/dorna-candrenilor-in-der-bukowina-der-ort-mit-dem-gewissen-etwas-id639875.html"]}]},{"@type":"ImageObject","inLanguage":"de","@id":"https:\/\/www.rri.ro\/de\/rubriken\/reiseland-rumaenien\/dorna-candrenilor-in-der-bukowina-der-ort-mit-dem-gewissen-etwas-id639875.html#primaryimage","url":"https:\/\/www.rri.ro\/wp-content\/uploads\/2023\/10\/casa-dorna-candrenilor-wiki-c-cezar-suceveanu.jpg","contentUrl":"https:\/\/www.rri.ro\/wp-content\/uploads\/2023\/10\/casa-dorna-candrenilor-wiki-c-cezar-suceveanu.jpg","width":640,"height":480},{"@type":"BreadcrumbList","@id":"https:\/\/www.rri.ro\/de\/rubriken\/reiseland-rumaenien\/dorna-candrenilor-in-der-bukowina-der-ort-mit-dem-gewissen-etwas-id639875.html#breadcrumb","itemListElement":[{"@type":"ListItem","position":1,"name":"Startseite","item":"https:\/\/www.rri.ro\/de"},{"@type":"ListItem","position":2,"name":"Rubriken","item":"https:\/\/www.rri.ro\/de\/rubriken"},{"@type":"ListItem","position":3,"name":"Reiseland Rum\u00e4nien","item":"https:\/\/www.rri.ro\/de\/rubriken\/reiseland-rumaenien"},{"@type":"ListItem","position":4,"name":"Dorna Candrenilor in der Bukowina: Der Ort mit dem gewissen etwas"}]},{"@type":"WebSite","@id":"https:\/\/www.rri.ro\/#website","url":"https:\/\/www.rri.ro\/","name":"Radio Rum\u00e4nien International","description":"Totul despre Rom\u00e2nia \u015fi rom\u00e2ni, \u00een 13 limbi\/dialecte!","inLanguage":"de"},{"@type":"Person","@id":"https:\/\/www.rri.ro\/#\/schema\/person\/70ee98042ca8b95ae29876ed4848670e","name":"Ana-Maria Cononovici","url":"https:\/\/www.rri.ro\/de\/author\/ana-maria-cononovici"}]}},"_links":{"self":[{"href":"https:\/\/www.rri.ro\/de\/wp-json\/wp\/v2\/posts\/639875","targetHints":{"allow":["GET"]}}],"collection":[{"href":"https:\/\/www.rri.ro\/de\/wp-json\/wp\/v2\/posts"}],"about":[{"href":"https:\/\/www.rri.ro\/de\/wp-json\/wp\/v2\/types\/post"}],"author":[{"embeddable":true,"href":"https:\/\/www.rri.ro\/de\/wp-json\/wp\/v2\/users\/126"}],"replies":[{"embeddable":true,"href":"https:\/\/www.rri.ro\/de\/wp-json\/wp\/v2\/comments?post=639875"}],"version-history":[{"count":0,"href":"https:\/\/www.rri.ro\/de\/wp-json\/wp\/v2\/posts\/639875\/revisions"}],"wp:featuredmedia":[{"embeddable":true,"href":"https:\/\/www.rri.ro\/de\/wp-json\/wp\/v2\/media\/150174"}],"wp:attachment":[{"href":"https:\/\/www.rri.ro\/de\/wp-json\/wp\/v2\/media?parent=639875"}],"wp:term":[{"taxonomy":"category","embeddable":true,"href":"https:\/\/www.rri.ro\/de\/wp-json\/wp\/v2\/categories?post=639875"},{"taxonomy":"post_tag","embeddable":true,"href":"https:\/\/www.rri.ro\/de\/wp-json\/wp\/v2\/tags?post=639875"},{"taxonomy":"author","embeddable":true,"href":"https:\/\/www.rri.ro\/de\/wp-json\/wp\/v2\/coauthors?post=639875"}],"curies":[{"name":"wp","href":"https:\/\/api.w.org\/{rel}","templated":true}]}}