{"id":640057,"date":"2017-11-06T18:00:00","date_gmt":"2017-11-06T16:00:00","guid":{"rendered":"http:\/\/devrri.freshlemon.ro\/aktuell\/spanische-kunstmalerin-clara-duran-rumaenien-hat-viele-kreative-menschen-id640057.html"},"modified":"2017-11-06T18:00:00","modified_gmt":"2017-11-06T16:00:00","slug":"spanische-kunstmalerin-clara-duran-rumaenien-hat-viele-kreative-menschen","status":"publish","type":"post","link":"https:\/\/www.rri.ro\/de\/rubriken\/neue-heimat-neues-leben\/spanische-kunstmalerin-clara-duran-rumaenien-hat-viele-kreative-menschen-id640057.html","title":{"rendered":"Spanische Kunstmalerin Clara Dur\u00e1n: \u201eRum\u00e4nien hat viele kreative Menschen\u201c"},"content":{"rendered":"<p>Clara Dur\u00e1n, geboren in Madrid, studierte Bildende Kunst an zwei Kunstakademien &#8212; der Universidad Complutense und an der Loyola University Chicago. Desgleichen absolvierte sie ein Masterstudium an der University of the Arts in London. Sie lebt derzeit in Bukarest, wo sie ihre k\u00fcnstlerische Laufbahn weiterentwickelt. Clara Dur\u00e1n arbeitet gleichzeitig auch beim Nationalen Museum f\u00fcr Zeitgen\u00f6ssische Kunst (MNAC). Doch wie kam sie nach Rum\u00e4nien?<\/p>\n<p>&#13;<br \/>\n&#13;<\/p>\n<p>&#13;<br \/>\n&#13;<\/p>\n<p><em>Ich reiste vor drei Jahren zum ersten Mal nach Rum\u00e4nien als Mitglied einer Touristengruppe aus Spanien. Ich kam zusammen mit meinem Freund. Das ist eigentlich der Grund, weshalb ich nach Rum\u00e4nien kam. Ich verliebte mich in einen Rum\u00e4nen. Vor drei Jahren reiste ich als Touristin kreuz und quer durch das Land. Und ich verliebte mich auch in Rum\u00e4nien. Ich war damals in Sibiu (dt. Hermannstadt), Sighi\u015foara (dt. Sch\u00e4\u200e\u00dfburg), Turda. Das Salzbergwerk Salina Turda war eine besonders angenehme \u00dcberraschung. Danach fuhren wir nach Vadu, einer Ortschaft, die in der N\u00e4he des Donaudeltas liegt. Nach dem ersten Besuch zogen wir nach London. Nach einem weiteren Jahr beschlossen wir, nach Rum\u00e4nien zu kommen. Vor zwei Jahren lernte ich die rum\u00e4nische Kultur kennen. Im ersten Jahr pendelte ich viel zwischen London und Bukarest, das machte mir aber nichts aus. Nach einem Jahr beschlossen wir, in Rum\u00e4nien zu leben. Im ersten Halbjahr fiel es mir schwer, Rum\u00e4nisch zu sprechen, deshalb war es eine schwierige Zeit f\u00fcr mich. Dann lernte ich allm\u00e4hlich die Sprache und ich passte mich immer besser an der rum\u00e4nischen Gesellschaft an.\u201c<\/em><\/p>\n<p>&#13;<br \/>\n&#13;<\/p>\n<p>&#13;<br \/>\n&#13;<\/p>\n<p>&#13;<br \/>\n&#13;<\/p>\n<p>Als sie in London studierte, dachte Clara Dur\u00e1n, sie werde dort weiterleben. In London hat sie \u00fcbrigens auch ein Masterstudium abgeschlossen:<\/p>\n<p>&#13;<br \/>\n&#13;<\/p>\n<p>&#13;<br \/>\n&#13;<\/p>\n<p><em>Es war ein Durcheinander, zu viel Aufregung. Mein Freund wollte nach Rum\u00e4nien ziehen und, da ich das Land schon kannte, beschlossen wir, nach Bukarest umzuziehen. Ich hatte das Gl\u00fcck, mit dem Cervantes-Institut zusammenzuarbeiten. Ich hatte schon ein Projekt begonnen. Ich wollte n\u00e4mlich entlang der rum\u00e4nischen Fl\u00fcsse reisen, die Donau-Abzweigungen erforschen. Ich schloss das Projekt ab und hatte die Gelegenheit, die von mir gemalten Bilder auszustellen. Ich bin sehr geehrt, dass ich Zugang zu diesem K\u00fcnstlerkreis hatte. Das Wasser sowie die Beziehung des Menschen zum Wasser stehen im Mittelpunkt der Ausstellung. Das Wasser (rum. ap\u0103) ist ein weibliches Wort in Rum\u00e4nisch, deshalb brachte ich die Fl\u00fcsse mit verschiedenen Frauenfiguren in Verbindung. Anhand der Erfahrung dieser Frauen sowie meiner eigenen Erfahrung schrieb ich auch einige Gedichte, die die Bilder begleiten. Die Verse bringen m\u00f6gliche \u00c4hnlichkeiten zwischen unserem Leben und dem Wasserkreislauf in Erfahrung.\u201c<\/em><\/p>\n<p>&#13;<br \/>\n&#13;<\/p>\n<p>&#13;<br \/>\n&#13;<\/p>\n<p>&#13;<br \/>\n&#13;<\/p>\n<p>Die Ausstellung von Clara Dur\u00e1n stellt Momentaufnahmen von Frauen vor, die in irgendeinem Fluss in Rum\u00e4nien fotografiert wurden. Clara Dur\u00e1n erz\u00e4hlte uns au\u200e\u00dferdem, wie die Anpassung an einer verschiedenen Kultur lief:<\/p>\n<p>&#13;<br \/>\n&#13;<\/p>\n<p>&#13;<br \/>\n&#13;<\/p>\n<p><em>Die Dynamik ist verschieden. Madrid, London und Bukarest sind Gro\u200e\u00dfst\u00e4dte, die einen unterschiedlichen Rhythmus haben. Es ist schwierig, zu erl\u00e4utern, worin die Besonderheit besteht. Die Menschen leben anders, arbeiten anders, sp\u00fcren die Musik in einer unterschiedlichen Weise. Bukarest hat ein vielf\u00e4ltiges kulturelles Leben. Meine Zusammenarbeit mit dem Cervantes-Institut kam mit Hilfe von Freunden zustande. Ich bin sehr gl\u00fccklich dar\u00fcber, dass ich die Gelegenheit hatte, so kreative und unternehmerische Menschen kennenzulernen. Das gef\u00e4llt mir an Rum\u00e4nien so sehr. Es gibt viele M\u00f6glichkeiten. Einer kann viele T\u00fcren selber \u00f6ffnen. Es gibt allerdings auch Bereiche, wo noch einiges zu verbessern ist. Die \u00f6ffentliche Verwaltung, der Verkehr, die Wiederverwertung &#8212; da gibt es noch unausgesch\u00f6pftes Potenzial. In Spanien war Recycling etwas Selbstverst\u00e4ndliches. Hier ist es schwierig. Um den M\u00fcll zu trennen, muss ich 15 Minuten zu Fu\u200e\u00df laufen.\u201c<\/em><\/p>\n<p>&#13;<br \/>\n&#13;<\/p>\n<p>&#13;<br \/>\n&#13;<\/p>\n<p>&#13;<br \/>\n&#13;<\/p>\n<p>Die Projekte von Clara Dur\u00e1n, die das Wasser und die Wasserformen in den Mittelpunkt setzen, wurden in Spanien, den Vereinigten Staaten, Gro\u200e\u00dfbritannien, Norwegen und Rum\u00e4nien ausgestellt.<\/p>\n<p>&#13;<\/p>\n","protected":false},"excerpt":{"rendered":"<p>Clara Dur\u00e1n studierte Bildende K\u00fcnste in Spanien, den Vereinigten Staaten und Gro\u00dfbritannien. Mittlerweile lernte sie einen Rum\u00e4nen kennen und verliebte sich ich ihn. Einige Zeit sp\u00e4ter zogen sie nach Rum\u00e4nien.<\/p>\n","protected":false},"author":128,"featured_media":316397,"comment_status":"closed","ping_status":"closed","sticky":false,"template":"","format":"standard","meta":{"_acf_changed":false,"footnotes":""},"categories":[116785],"tags":[111865,131798,99589,99923,101807],"coauthors":[],"class_list":["post-640057","post","type-post","status-publish","format-standard","has-post-thumbnail","hentry","category-neue-heimat-neues-leben","tag-clara-duran","tag-kunstmalerei","tag-rumaenien","tag-spanien","tag-wasser"],"acf":[],"yoast_head":"<!-- This site is optimized with the Yoast SEO plugin v27.5 - https:\/\/yoast.com\/product\/yoast-seo-wordpress\/ -->\n<title>Spanische Kunstmalerin Clara Dur\u00e1n: \u201eRum\u00e4nien hat viele kreative Menschen\u201c - Radio Rum\u00e4nien International<\/title>\n<meta name=\"robots\" content=\"index, follow, max-snippet:-1, max-image-preview:large, max-video-preview:-1\" \/>\n<link rel=\"canonical\" href=\"https:\/\/www.rri.ro\/de\/rubriken\/neue-heimat-neues-leben\/spanische-kunstmalerin-clara-duran-rumaenien-hat-viele-kreative-menschen-id640057.html\" \/>\n<meta property=\"og:locale\" content=\"de_DE\" \/>\n<meta property=\"og:type\" content=\"article\" \/>\n<meta property=\"og:title\" content=\"Spanische Kunstmalerin Clara Dur\u00e1n: \u201eRum\u00e4nien hat viele kreative Menschen\u201c - Radio Rum\u00e4nien International\" \/>\n<meta property=\"og:description\" content=\"Clara Dur\u00e1n studierte Bildende K\u00fcnste in Spanien, den Vereinigten Staaten und Gro\u00dfbritannien. Mittlerweile lernte sie einen Rum\u00e4nen kennen und verliebte sich ich ihn. Einige Zeit sp\u00e4ter zogen sie nach Rum\u00e4nien.\" \/>\n<meta property=\"og:url\" content=\"https:\/\/www.rri.ro\/de\/rubriken\/neue-heimat-neues-leben\/spanische-kunstmalerin-clara-duran-rumaenien-hat-viele-kreative-menschen-id640057.html\" \/>\n<meta property=\"og:site_name\" content=\"Radio Rum\u00e4nien International\" \/>\n<meta property=\"article:published_time\" content=\"2017-11-06T16:00:00+00:00\" \/>\n<meta property=\"og:image\" content=\"https:\/\/www.rri.ro\/wp-content\/uploads\/2023\/10\/clara-duran-atelier.jpg\" \/>\n\t<meta property=\"og:image:width\" content=\"640\" \/>\n\t<meta property=\"og:image:height\" content=\"480\" \/>\n\t<meta property=\"og:image:type\" content=\"image\/png\" \/>\n<meta name=\"author\" content=\"Daniel Onea\" \/>\n<meta name=\"twitter:card\" content=\"summary_large_image\" \/>\n<meta name=\"twitter:label1\" content=\"Verfasst von\" \/>\n\t<meta name=\"twitter:data1\" content=\"Daniel Onea\" \/>\n\t<meta name=\"twitter:label2\" content=\"Gesch\u00e4tzte Lesezeit\" \/>\n\t<meta name=\"twitter:data2\" content=\"3\u00a0Minuten\" \/>\n\t<meta name=\"twitter:label3\" content=\"Written by\" \/>\n\t<meta name=\"twitter:data3\" content=\"Daniel Onea\" \/>\n<script type=\"application\/ld+json\" class=\"yoast-schema-graph\">{\"@context\":\"https:\\\/\\\/schema.org\",\"@graph\":[{\"@type\":\"Article\",\"@id\":\"https:\\\/\\\/www.rri.ro\\\/de\\\/rubriken\\\/neue-heimat-neues-leben\\\/spanische-kunstmalerin-clara-duran-rumaenien-hat-viele-kreative-menschen-id640057.html#article\",\"isPartOf\":{\"@id\":\"https:\\\/\\\/www.rri.ro\\\/de\\\/rubriken\\\/neue-heimat-neues-leben\\\/spanische-kunstmalerin-clara-duran-rumaenien-hat-viele-kreative-menschen-id640057.html\"},\"author\":{\"name\":\"Daniel Onea\",\"@id\":\"https:\\\/\\\/www.rri.ro\\\/#\\\/schema\\\/person\\\/fcce42c208d45f30f5b054b64bc1e0df\"},\"headline\":\"Spanische Kunstmalerin Clara Dur\u00e1n: \u201eRum\u00e4nien hat viele kreative Menschen\u201c\",\"datePublished\":\"2017-11-06T16:00:00+00:00\",\"mainEntityOfPage\":{\"@id\":\"https:\\\/\\\/www.rri.ro\\\/de\\\/rubriken\\\/neue-heimat-neues-leben\\\/spanische-kunstmalerin-clara-duran-rumaenien-hat-viele-kreative-menschen-id640057.html\"},\"wordCount\":657,\"image\":{\"@id\":\"https:\\\/\\\/www.rri.ro\\\/de\\\/rubriken\\\/neue-heimat-neues-leben\\\/spanische-kunstmalerin-clara-duran-rumaenien-hat-viele-kreative-menschen-id640057.html#primaryimage\"},\"thumbnailUrl\":\"https:\\\/\\\/www.rri.ro\\\/wp-content\\\/uploads\\\/2023\\\/10\\\/clara-duran-atelier.jpg\",\"keywords\":[\"Clara Dur\u00e1n\",\"Kunstmalerei\",\"Rum\u00e4nien\",\"Spanien\",\"Wasser\"],\"articleSection\":[\"Neue Heimat, neues Leben\"],\"inLanguage\":\"de\"},{\"@type\":\"WebPage\",\"@id\":\"https:\\\/\\\/www.rri.ro\\\/de\\\/rubriken\\\/neue-heimat-neues-leben\\\/spanische-kunstmalerin-clara-duran-rumaenien-hat-viele-kreative-menschen-id640057.html\",\"url\":\"https:\\\/\\\/www.rri.ro\\\/de\\\/rubriken\\\/neue-heimat-neues-leben\\\/spanische-kunstmalerin-clara-duran-rumaenien-hat-viele-kreative-menschen-id640057.html\",\"name\":\"Spanische Kunstmalerin Clara Dur\u00e1n: \u201eRum\u00e4nien hat viele kreative Menschen\u201c - Radio Rum\u00e4nien International\",\"isPartOf\":{\"@id\":\"https:\\\/\\\/www.rri.ro\\\/#website\"},\"primaryImageOfPage\":{\"@id\":\"https:\\\/\\\/www.rri.ro\\\/de\\\/rubriken\\\/neue-heimat-neues-leben\\\/spanische-kunstmalerin-clara-duran-rumaenien-hat-viele-kreative-menschen-id640057.html#primaryimage\"},\"image\":{\"@id\":\"https:\\\/\\\/www.rri.ro\\\/de\\\/rubriken\\\/neue-heimat-neues-leben\\\/spanische-kunstmalerin-clara-duran-rumaenien-hat-viele-kreative-menschen-id640057.html#primaryimage\"},\"thumbnailUrl\":\"https:\\\/\\\/www.rri.ro\\\/wp-content\\\/uploads\\\/2023\\\/10\\\/clara-duran-atelier.jpg\",\"datePublished\":\"2017-11-06T16:00:00+00:00\",\"author\":{\"@id\":\"https:\\\/\\\/www.rri.ro\\\/#\\\/schema\\\/person\\\/fcce42c208d45f30f5b054b64bc1e0df\"},\"breadcrumb\":{\"@id\":\"https:\\\/\\\/www.rri.ro\\\/de\\\/rubriken\\\/neue-heimat-neues-leben\\\/spanische-kunstmalerin-clara-duran-rumaenien-hat-viele-kreative-menschen-id640057.html#breadcrumb\"},\"inLanguage\":\"de\",\"potentialAction\":[{\"@type\":\"ReadAction\",\"target\":[\"https:\\\/\\\/www.rri.ro\\\/de\\\/rubriken\\\/neue-heimat-neues-leben\\\/spanische-kunstmalerin-clara-duran-rumaenien-hat-viele-kreative-menschen-id640057.html\"]}]},{\"@type\":\"ImageObject\",\"inLanguage\":\"de\",\"@id\":\"https:\\\/\\\/www.rri.ro\\\/de\\\/rubriken\\\/neue-heimat-neues-leben\\\/spanische-kunstmalerin-clara-duran-rumaenien-hat-viele-kreative-menschen-id640057.html#primaryimage\",\"url\":\"https:\\\/\\\/www.rri.ro\\\/wp-content\\\/uploads\\\/2023\\\/10\\\/clara-duran-atelier.jpg\",\"contentUrl\":\"https:\\\/\\\/www.rri.ro\\\/wp-content\\\/uploads\\\/2023\\\/10\\\/clara-duran-atelier.jpg\",\"width\":640,\"height\":480},{\"@type\":\"BreadcrumbList\",\"@id\":\"https:\\\/\\\/www.rri.ro\\\/de\\\/rubriken\\\/neue-heimat-neues-leben\\\/spanische-kunstmalerin-clara-duran-rumaenien-hat-viele-kreative-menschen-id640057.html#breadcrumb\",\"itemListElement\":[{\"@type\":\"ListItem\",\"position\":1,\"name\":\"Startseite\",\"item\":\"https:\\\/\\\/www.rri.ro\\\/de\"},{\"@type\":\"ListItem\",\"position\":2,\"name\":\"Rubriken\",\"item\":\"https:\\\/\\\/www.rri.ro\\\/de\\\/rubriken\"},{\"@type\":\"ListItem\",\"position\":3,\"name\":\"Neue Heimat, neues Leben\",\"item\":\"https:\\\/\\\/www.rri.ro\\\/de\\\/rubriken\\\/neue-heimat-neues-leben\"},{\"@type\":\"ListItem\",\"position\":4,\"name\":\"Spanische Kunstmalerin Clara Dur\u00e1n: \u201eRum\u00e4nien hat viele kreative Menschen\u201c\"}]},{\"@type\":\"WebSite\",\"@id\":\"https:\\\/\\\/www.rri.ro\\\/#website\",\"url\":\"https:\\\/\\\/www.rri.ro\\\/\",\"name\":\"Radio Rum\u00e4nien International\",\"description\":\"Totul despre Rom\u00e2nia \u015fi rom\u00e2ni, \u00een 13 limbi\\\/dialecte!\",\"inLanguage\":\"de\"},{\"@type\":\"Person\",\"@id\":\"https:\\\/\\\/www.rri.ro\\\/#\\\/schema\\\/person\\\/fcce42c208d45f30f5b054b64bc1e0df\",\"name\":\"Daniel Onea\",\"url\":\"https:\\\/\\\/www.rri.ro\\\/de\\\/author\\\/daniel-onea\"}]}<\/script>\n<!-- \/ Yoast SEO plugin. -->","yoast_head_json":{"title":"Spanische Kunstmalerin Clara Dur\u00e1n: \u201eRum\u00e4nien hat viele kreative Menschen\u201c - Radio Rum\u00e4nien International","robots":{"index":"index","follow":"follow","max-snippet":"max-snippet:-1","max-image-preview":"max-image-preview:large","max-video-preview":"max-video-preview:-1"},"canonical":"https:\/\/www.rri.ro\/de\/rubriken\/neue-heimat-neues-leben\/spanische-kunstmalerin-clara-duran-rumaenien-hat-viele-kreative-menschen-id640057.html","og_locale":"de_DE","og_type":"article","og_title":"Spanische Kunstmalerin Clara Dur\u00e1n: \u201eRum\u00e4nien hat viele kreative Menschen\u201c - Radio Rum\u00e4nien International","og_description":"Clara Dur\u00e1n studierte Bildende K\u00fcnste in Spanien, den Vereinigten Staaten und Gro\u00dfbritannien. Mittlerweile lernte sie einen Rum\u00e4nen kennen und verliebte sich ich ihn. Einige Zeit sp\u00e4ter zogen sie nach Rum\u00e4nien.","og_url":"https:\/\/www.rri.ro\/de\/rubriken\/neue-heimat-neues-leben\/spanische-kunstmalerin-clara-duran-rumaenien-hat-viele-kreative-menschen-id640057.html","og_site_name":"Radio Rum\u00e4nien International","article_published_time":"2017-11-06T16:00:00+00:00","og_image":[{"width":640,"height":480,"url":"https:\/\/www.rri.ro\/wp-content\/uploads\/2023\/10\/clara-duran-atelier.jpg","type":"image\/png"}],"author":"Daniel Onea","twitter_card":"summary_large_image","twitter_misc":{"Verfasst von":"Daniel Onea","Gesch\u00e4tzte Lesezeit":"3\u00a0Minuten","Written by":"Daniel Onea"},"schema":{"@context":"https:\/\/schema.org","@graph":[{"@type":"Article","@id":"https:\/\/www.rri.ro\/de\/rubriken\/neue-heimat-neues-leben\/spanische-kunstmalerin-clara-duran-rumaenien-hat-viele-kreative-menschen-id640057.html#article","isPartOf":{"@id":"https:\/\/www.rri.ro\/de\/rubriken\/neue-heimat-neues-leben\/spanische-kunstmalerin-clara-duran-rumaenien-hat-viele-kreative-menschen-id640057.html"},"author":{"name":"Daniel Onea","@id":"https:\/\/www.rri.ro\/#\/schema\/person\/fcce42c208d45f30f5b054b64bc1e0df"},"headline":"Spanische Kunstmalerin Clara Dur\u00e1n: \u201eRum\u00e4nien hat viele kreative Menschen\u201c","datePublished":"2017-11-06T16:00:00+00:00","mainEntityOfPage":{"@id":"https:\/\/www.rri.ro\/de\/rubriken\/neue-heimat-neues-leben\/spanische-kunstmalerin-clara-duran-rumaenien-hat-viele-kreative-menschen-id640057.html"},"wordCount":657,"image":{"@id":"https:\/\/www.rri.ro\/de\/rubriken\/neue-heimat-neues-leben\/spanische-kunstmalerin-clara-duran-rumaenien-hat-viele-kreative-menschen-id640057.html#primaryimage"},"thumbnailUrl":"https:\/\/www.rri.ro\/wp-content\/uploads\/2023\/10\/clara-duran-atelier.jpg","keywords":["Clara Dur\u00e1n","Kunstmalerei","Rum\u00e4nien","Spanien","Wasser"],"articleSection":["Neue Heimat, neues Leben"],"inLanguage":"de"},{"@type":"WebPage","@id":"https:\/\/www.rri.ro\/de\/rubriken\/neue-heimat-neues-leben\/spanische-kunstmalerin-clara-duran-rumaenien-hat-viele-kreative-menschen-id640057.html","url":"https:\/\/www.rri.ro\/de\/rubriken\/neue-heimat-neues-leben\/spanische-kunstmalerin-clara-duran-rumaenien-hat-viele-kreative-menschen-id640057.html","name":"Spanische Kunstmalerin Clara Dur\u00e1n: \u201eRum\u00e4nien hat viele kreative Menschen\u201c - Radio Rum\u00e4nien International","isPartOf":{"@id":"https:\/\/www.rri.ro\/#website"},"primaryImageOfPage":{"@id":"https:\/\/www.rri.ro\/de\/rubriken\/neue-heimat-neues-leben\/spanische-kunstmalerin-clara-duran-rumaenien-hat-viele-kreative-menschen-id640057.html#primaryimage"},"image":{"@id":"https:\/\/www.rri.ro\/de\/rubriken\/neue-heimat-neues-leben\/spanische-kunstmalerin-clara-duran-rumaenien-hat-viele-kreative-menschen-id640057.html#primaryimage"},"thumbnailUrl":"https:\/\/www.rri.ro\/wp-content\/uploads\/2023\/10\/clara-duran-atelier.jpg","datePublished":"2017-11-06T16:00:00+00:00","author":{"@id":"https:\/\/www.rri.ro\/#\/schema\/person\/fcce42c208d45f30f5b054b64bc1e0df"},"breadcrumb":{"@id":"https:\/\/www.rri.ro\/de\/rubriken\/neue-heimat-neues-leben\/spanische-kunstmalerin-clara-duran-rumaenien-hat-viele-kreative-menschen-id640057.html#breadcrumb"},"inLanguage":"de","potentialAction":[{"@type":"ReadAction","target":["https:\/\/www.rri.ro\/de\/rubriken\/neue-heimat-neues-leben\/spanische-kunstmalerin-clara-duran-rumaenien-hat-viele-kreative-menschen-id640057.html"]}]},{"@type":"ImageObject","inLanguage":"de","@id":"https:\/\/www.rri.ro\/de\/rubriken\/neue-heimat-neues-leben\/spanische-kunstmalerin-clara-duran-rumaenien-hat-viele-kreative-menschen-id640057.html#primaryimage","url":"https:\/\/www.rri.ro\/wp-content\/uploads\/2023\/10\/clara-duran-atelier.jpg","contentUrl":"https:\/\/www.rri.ro\/wp-content\/uploads\/2023\/10\/clara-duran-atelier.jpg","width":640,"height":480},{"@type":"BreadcrumbList","@id":"https:\/\/www.rri.ro\/de\/rubriken\/neue-heimat-neues-leben\/spanische-kunstmalerin-clara-duran-rumaenien-hat-viele-kreative-menschen-id640057.html#breadcrumb","itemListElement":[{"@type":"ListItem","position":1,"name":"Startseite","item":"https:\/\/www.rri.ro\/de"},{"@type":"ListItem","position":2,"name":"Rubriken","item":"https:\/\/www.rri.ro\/de\/rubriken"},{"@type":"ListItem","position":3,"name":"Neue Heimat, neues Leben","item":"https:\/\/www.rri.ro\/de\/rubriken\/neue-heimat-neues-leben"},{"@type":"ListItem","position":4,"name":"Spanische Kunstmalerin Clara Dur\u00e1n: \u201eRum\u00e4nien hat viele kreative Menschen\u201c"}]},{"@type":"WebSite","@id":"https:\/\/www.rri.ro\/#website","url":"https:\/\/www.rri.ro\/","name":"Radio Rum\u00e4nien International","description":"Totul despre Rom\u00e2nia \u015fi rom\u00e2ni, \u00een 13 limbi\/dialecte!","inLanguage":"de"},{"@type":"Person","@id":"https:\/\/www.rri.ro\/#\/schema\/person\/fcce42c208d45f30f5b054b64bc1e0df","name":"Daniel Onea","url":"https:\/\/www.rri.ro\/de\/author\/daniel-onea"}]}},"_links":{"self":[{"href":"https:\/\/www.rri.ro\/de\/wp-json\/wp\/v2\/posts\/640057","targetHints":{"allow":["GET"]}}],"collection":[{"href":"https:\/\/www.rri.ro\/de\/wp-json\/wp\/v2\/posts"}],"about":[{"href":"https:\/\/www.rri.ro\/de\/wp-json\/wp\/v2\/types\/post"}],"author":[{"embeddable":true,"href":"https:\/\/www.rri.ro\/de\/wp-json\/wp\/v2\/users\/128"}],"replies":[{"embeddable":true,"href":"https:\/\/www.rri.ro\/de\/wp-json\/wp\/v2\/comments?post=640057"}],"version-history":[{"count":0,"href":"https:\/\/www.rri.ro\/de\/wp-json\/wp\/v2\/posts\/640057\/revisions"}],"wp:featuredmedia":[{"embeddable":true,"href":"https:\/\/www.rri.ro\/de\/wp-json\/wp\/v2\/media\/316397"}],"wp:attachment":[{"href":"https:\/\/www.rri.ro\/de\/wp-json\/wp\/v2\/media?parent=640057"}],"wp:term":[{"taxonomy":"category","embeddable":true,"href":"https:\/\/www.rri.ro\/de\/wp-json\/wp\/v2\/categories?post=640057"},{"taxonomy":"post_tag","embeddable":true,"href":"https:\/\/www.rri.ro\/de\/wp-json\/wp\/v2\/tags?post=640057"},{"taxonomy":"author","embeddable":true,"href":"https:\/\/www.rri.ro\/de\/wp-json\/wp\/v2\/coauthors?post=640057"}],"curies":[{"name":"wp","href":"https:\/\/api.w.org\/{rel}","templated":true}]}}