{"id":641207,"date":"2013-06-23T12:00:00","date_gmt":"2013-06-23T09:00:00","guid":{"rendered":"http:\/\/devrri.freshlemon.ro\/aktuell\/zur-geschichte-des-rumaenischen-rundfunks-und-seiner-auslandssendungen-id641207.html"},"modified":"2013-06-23T12:00:00","modified_gmt":"2013-06-23T09:00:00","slug":"zur-geschichte-des-rumaenischen-rundfunks-und-seiner-auslandssendungen","status":"publish","type":"post","link":"https:\/\/www.rri.ro\/de\/ueber-uns\/rri-geschichte\/zur-geschichte-des-rumaenischen-rundfunks-und-seiner-auslandssendungen-id641207.html","title":{"rendered":"Zur Geschichte des Rum\u00e4nischen Rundfunks und seiner Auslandssendungen"},"content":{"rendered":"<\/p>\n<p>&#13;<br \/>\n&#13;<\/p>\n<div align=left>&#13;<\/p>\n<div align=left><strong>Hier k\u00f6nnen Sie \u00fcber die Anf\u00e4nge des Rum\u00e4nischen Rundfunks sowie \u00fcber die Geschichte seiner Auslandssendungen nachlesen. Und in der Fotostrecke einen nostalgischen Blick auf fr\u00fchere Zeiten werfen. Klicken Sie die Titel der einzelnen Kapitel an, um direkt zum gew\u00fcnschten Inhalt zu gelangen. Der Zur\u00fcck-zum-Inhalt\u201c-Button unter jedem Kapitel f\u00fchrt wieder nach oben.<\/strong><\/div>\n<p>&#13;\n<\/p><\/div>\n<p>&#13;<br \/>\n&#13;<\/p>\n<p>&#13;<br \/>\n&#13;<\/p>\n<p>&#13;<br \/>\n&#13;<\/p>\n<p>&#13;<br \/>\n&#13;<\/p>\n<p><strong><a id=inhalt name=inhalt><\/a>INHALT<\/strong><\/p>\n<p>&#13;<br \/>\n&#13;<\/p>\n<p>&#13;<br \/>\n&#13;<\/p>\n<p><a href=#i><strong><span style=color:#00B7F1>I. Die Anf\u00e4nge mit Experimentalsendern: 1927-1928<\/span><\/strong><\/a><\/p>\n<p>&#13;<br \/>\n&#13;<\/p>\n<p>&#13;<br \/>\n&#13;<\/p>\n<p><a href=#ii><strong><span style=color:#00B7F1>II. Geburtsstunde des Rundfunks: 1. November 1928 <\/span><\/strong><\/a><\/p>\n<p>&#13;<br \/>\n&#13;<\/p>\n<p>&#13;<br \/>\n&#13;<\/p>\n<p><a href=#iii><strong><span style=color:#00B7F1>III. Erste Sendungen f\u00fcr das Ausland (1930er Jahre)<\/span><\/strong><\/a><\/p>\n<p>&#13;<br \/>\n&#13;<\/p>\n<p>&#13;<br \/>\n&#13;<\/p>\n<p><a href=#iv><strong><span style=color:#00B7F1>IV. Radio Rum\u00e4nien w\u00e4hrend des Zweiten Weltkriegs (1938-1944)<\/span><\/strong><\/a><\/p>\n<p>&#13;<br \/>\n&#13;<\/p>\n<p>&#13;<br \/>\n&#13;<\/p>\n<p><a href=#v><strong><span style=color:#00B7F1>V. Auslandssendungen w\u00e4hrend des Kalten Kriegs (1950-1989)<\/span><\/strong><\/a><\/p>\n<p>&#13;<br \/>\n&#13;<\/p>\n<p>&#13;<br \/>\n&#13;<\/p>\n<p><a href=#vi><strong><span style=color:#00B7F1>VI. Radio Rum\u00e4nien International nach 1989<\/span><\/strong><\/a><\/p>\n<p>&#13;<br \/>\n&#13;<\/p>\n<p>&#13;<br \/>\n&#13;<\/p>\n<p><a href=#vii><strong><span style=color:#00B7F1>VII. Neue Sendesprachen, neue Br\u00fccken f\u00fcr den Dialog (1991-1999)<\/span><\/strong><\/a><\/p>\n<p>&#13;<br \/>\n&#13;<\/p>\n<p>&#13;<br \/>\n&#13;<\/p>\n<p><a href=#viii><strong><span style=color:#00B7F1>VIII. Radio Rum\u00e4nien International heute<\/span><\/strong><\/a><\/p>\n<p>&#13;<br \/>\n&#13;<\/p>\n<p>&#13;<br \/>\n&#13;<\/p>\n<p>&#13;<br \/>\n&#13;<\/p>\n<p><strong><a id=i name=i><\/a>I. Die Anf\u00e4nge mit Experimentalsendern: 1927-1928<\/strong><\/p>\n<p>&#13;<br \/>\n&#13;<\/p>\n<p>&#13;<br \/>\n&#13;<\/p>\n<p>Im Jahr 1927 baute man in den Labors des Elektrotechnischen Instituts der Bukarester Universit\u00e4t den ersten rum\u00e4nischen Radiosender, der offiziell in Betrieb ging. Es war bereits der dritte Versuch dieser Art.      <\/p>\n<p>&#13;<br \/>\n&#13;<\/p>\n<p>&#13;<br \/>\n&#13;<\/p>\n<p>Der Sender strahlte auf der Wellenl\u00e4nge 280 m mit einer Leistung von 200 W aus und identifizierte sich im \u00c4ther mit Ansagen auf rum\u00e4nisch, franz\u00f6sisch, deutsch und italienisch. Der Senderadius betrug etwa 1.000 km, somit konnte Radio Bukarest auch im europ\u00e4ischen Ausland und in Nahost empfangen werden.<\/p>\n<p>&#13;<br \/>\n&#13;<\/p>\n<p>&#13;<br \/>\n&#13;<\/p>\n<p>Die ersten musikalischen \u00dcbertragungen stammten von der Rum\u00e4nischen Oper und aus dem Rum\u00e4nischen Athen\u00e4um und im Winter des Jahres 1927 erklangen Beethovens Symphonien auf dieser Wellenl\u00e4nge.<\/p>\n<p>&#13;<br \/>\n&#13;<\/p>\n<p>&#13;<br \/>\n&#13;<\/p>\n<p><em><strong><a href=#inhalt><span style=color:#00B7F1>Zur\u00fcck zum Inhalt<\/span><\/a><\/strong><\/em><\/p>\n<p>&#13;<br \/>\n&#13;<\/p>\n<p>&#13;<br \/>\n&#13;<\/p>\n<p><strong><a id=ii name=ii><\/a>II. Geburtsstunde des Rundfunks: 1. November 1928 <\/strong><\/p>\n<p>&#13;<br \/>\n&#13;<\/p>\n<p>&#13;<br \/>\n&#13;<\/p>\n<p>Am 1. November 1928 strahlte der Rum\u00e4nische Rundfunk seine ersten Signale in den \u00c4ther aus. Die erste offizielle Sendung begann mit einer Ansprache Professor Dragomir Hurmuzescus, eines rum\u00e4nischen Physikers und Radiopioniers, der sp\u00e4ter Vorsitzender des Verwaltungsrats der Rum\u00e4nischen Gesellschaft f\u00fcr Radiotelephonische \u00dcbertragung\u201c wurde. Die Worte Hallo, hallo, hier spricht Radio Bukarest\u201c gelten als der erste Babyschrei des Rum\u00e4nischen Rundfunks.<\/p>\n<p>&#13;<br \/>\n&#13;<\/p>\n<p>&#13;<br \/>\n&#13;<\/p>\n<p>Am 19. Juni 1928 erwarb der Rundfunk das Geb\u00e4ude in seiner urspr\u00fcnglichen Form in der General-Berthelot-Stra\u200e\u00dfe Nr. 60 von Frieda Rubinstein, der Ehegattin des Bankiers Alfred Rubinstein. Der erste Konzertsaal des Rum\u00e4nischen Rundfunks stammt aus dem Jahr 1930 &#8212; am 21. M\u00e4rz desselben Jahres wurde die Oper Der Barbier von Sevilla\u201c von Gioacchino Rossini aus dem Studio \u00fcbertragen. Zwei Jahre sp\u00e4ter, am 11. Februar 1932, wurde der Gro\u200e\u00dfe Konzertsaal eingeweiht. Das urspr\u00fcngliche Geb\u00e4ude des Rum\u00e4nischen Rundfunks war im modernistischen italienischen Baustil und wirkte damals wie ein kleiner Palast in der Stra\u200e\u00dfe mit \u00fcberwiegend alten, bescheidenen H\u00e4usern mit Hof und Weinlaube.<\/p>\n<p>&#13;<br \/>\n&#13;<\/p>\n<p>&#13;<br \/>\n&#13;<\/p>\n<p>W\u00e4hrend des 2. Weltkriegs wurde beginnend mit dem 22. April 1944 ein Teil der Sendeanlagen evakuiert und in sicherere Unterk\u00fcnfte gebracht. Trotzdem gingen die Sendungen des Rum\u00e4nischen Rundfunks ununterbrochen weiter. Am 24. August 1944 wurde das Geb\u00e4ude in einem Bombardement der deutschen Luftwaffe zerst\u00f6rt. Nach dem Krieg errichtete man ein neues Geb\u00e4ude, das am 27. November 1952 bezogen wurde.<\/p>\n<p>&#13;<br \/>\n&#13;<\/p>\n<p>&#13;<br \/>\n&#13;<\/p>\n<p>Heute besteht der Rum\u00e4nische Rundfunk aus drei aneinandergereihten und miteienander verbundenen Geb\u00e4uden, die s\u00e4mtliche \u00f6ffentlich-rechtliche Zentralsender (Radio Rom\u00e2nia Actualit\u0103\u0163i, Radio Rom\u00e2nia Cultural, Radio 3net, Radio Rom\u00e2nia Muzical, Antena Satelor, Radio Rom\u00e2nia Interna\u0163ional und Radio Rom\u00e2nia Regional) und die dazugeh\u00f6renden Sende- und Aufnahmestudios, den Verlag Casa Radio\u201c, die eigene Nachrichtenagentur RADOR sowie den 10.000 m2 gro\u200e\u00dfen Konzertsaal Mihail Jora\u201c beherbergen.<\/p>\n<p>&#13;<br \/>\n&#13;<\/p>\n<p>&#13;<br \/>\n&#13;<\/p>\n<p><em><strong><a href=#inhalt><span style=color:#00B7F1>Zur\u00fcck zum Inhalt<\/span><\/a><\/strong><\/em><\/p>\n<p>&#13;<br \/>\n&#13;<\/p>\n<p>&#13;<br \/>\n&#13;<\/p>\n<p>&#13;<br \/>\n&#13;<\/p>\n<p><strong><a id=iii name=iii><\/a>III. Erste Sendungen f\u00fcr das Ausland (1930er Jahre)<\/strong><\/p>\n<p>&#13;<br \/>\n&#13;<\/p>\n<p>&#13;<br \/>\n&#13;<\/p>\n<p>Schon die ersten experimentellen Sendungen waren auch f\u00fcrs Ausland gedacht. Im Jahr 1932 konnte man die Sendungen des Rum\u00e4nischen Rundfunks sogar in Australien empfangen. Zwei Jahre zuvor hatte das rum\u00e4nische Konsulat in Pal\u00e4stina den Beh\u00f6rden in Bukarest das Ansuchen vieler Menschen aus dem Nahen Osten \u00fcbermittelt, Radio Bukarest m\u00f6ge auch Sendungen in franz\u00f6sischer Sprache ausstrahlen.<\/p>\n<p>&#13;<br \/>\n&#13;<\/p>\n<p>&#13;<br \/>\n&#13;<\/p>\n<p>Die ersten offiziellen Sendungen in Fremdsprachen wurden Anfang der 1930er Jahre konzipiert und waren als Informationsquelle f\u00fcr das Corps Diplomatique gedacht. Sie bestanden aus kurzen Info-Meldungen, zun\u00e4chst in franz\u00f6sischer und englischer Sprache, sp\u00e4ter auch auf italienisch und deutsch, \u00fcber die Reicht\u00fcmer, die Wirtschaft, die Kultur und das Schaffen Rum\u00e4niens\u201c. Die Sendungen in Fremdsprachen wurden eine Viertelstunde vor Mitternacht und damit kurz vor Sendeschluss ausgestrahlt.<\/p>\n<p>&#13;<br \/>\n&#13;<\/p>\n<p>&#13;<br \/>\n&#13;<\/p>\n<p>Der 12. Februar 1939 gilt als Geburtstag der rum\u00e4nischen Radiosendungen f\u00fcr \u00dcbersee. An diesem Tag wurde eine kompexe Sendung \u00fcber Rum\u00e4nien ausgestrahlt, die als Zielgebiet die USA hatte. Die Zeitschrift Universul Radio\u201c schrieb damals, dass die Sendung als Werbung f\u00fcr die Teilnahme Rum\u00e4niens an der Weltausstellung in New York\u201c konzipiert worden sei. Am 19. Februar 1939 wertete die Zeitschrift Radio-Adev\u0103rul\u201c diese Sendung als ein epochales Ereignis\u201c. Sie beinhaltete Interviews und Musik und wurde von mehreren amerikanischen Sendern \u00fcbernommen und ausgestrahlt.<\/p>\n<p>&#13;<br \/>\n&#13;<\/p>\n<p>&#13;<br \/>\n&#13;<\/p>\n<p><em><strong><a href=#inhalt><span style=color:#00B7F1>Zur\u00fcck zum Inhalt<\/span><\/a><\/strong><\/em><\/p>\n<p>&#13;<br \/>\n&#13;<\/p>\n<p>&#13;<br \/>\n&#13;<\/p>\n<p>&#13;<br \/>\n&#13;<\/p>\n<p><strong><a id=iv name=iv><\/a>IV. Radio Rum\u00e4nien w\u00e4hrend des Zweiten Weltkriegs<\/strong><\/p>\n<p>&#13;<br \/>\n&#13;<\/p>\n<p>&#13;<br \/>\n&#13;<\/p>\n<p>Der Ausbruch des Zweiten Weltkrieges hat einen Anstieg und eine Auff\u00e4cherung der Informationen aus Rum\u00e4nien in den Auslandssendungen in Fremdsprachen mit sich gebracht.<\/p>\n<p>&#13;<br \/>\n&#13;<\/p>\n<p>&#13;<br \/>\n&#13;<\/p>\n<p>Neben den Sendungen in deutsch, franz\u00f6sisch, englisch und italienisch kommen noch andere in griechisch, t\u00fcrkisch, serbisch, russisch und sp\u00e4ter (1941-1942) in ukrainisch hinzu. In der Kriegszeit hatten diese Sendungen einen ausgepr\u00e4gt propagandistischen Charakter, zur Unterst\u00fctzung der milit\u00e4rischen Operationen und politischen Handlungen Rum\u00e4niens sowie zur Unterst\u00fctzung der Achsenm\u00e4chte, vorrangig Deutschlands, mit denen Rum\u00e4nien verb\u00fcndet war.<\/p>\n<p>&#13;<br \/>\n&#13;<\/p>\n<p>&#13;<br \/>\n&#13;<\/p>\n<p>Am 23. August 1944 wechselte Rum\u00e4nien die Fronten und schloss sich den Alliierten an. Ende 1944 wurde ein neuer Sender namens Dacia Romana\u201c ins Leben gerufen, der in f\u00fcnf Sprachen ausstrahlte: Deutsch, Englisch, Russisch, Franz\u00f6sisch und Ungarisch. Der Krieg war noch nicht zu Ende. Einem Beschluss des Verwaltungsrates zufolge hatte der Sender den Auftrag, sich f\u00fcr den Eintritt Rum\u00e4niens in die Vereinten Nationen einzusetzen und den wirtschaftlichen Wiederaufbau Rum\u00e4niens sowie die Demokratisierung des Landes zu pr\u00e4sentieren\u201c.<\/p>\n<p>&#13;<br \/>\n&#13;<\/p>\n<p>&#13;<br \/>\n&#13;<\/p>\n<p>Die Studios im Funkhaus in der General-Berthelot-Stra\u200e\u00dfe fielen am 24. August 1944 einem deutschen Bombenangriff zu Opfer. Provisorisch wurden die Sendungen dann aus dem naheliegenden Sankt-Sava-Gymnasium ausgestrahlt. F\u00fcr den Sender Dacia Romana\u201c hat man damals ein spezielles Studio im Festsaal dieser Schule eingerichtet.<\/p>\n<p>&#13;<br \/>\n&#13;<\/p>\n<p>&#13;<br \/>\n&#13;<\/p>\n<p><em><strong><a href=#inhalt><span style=color:#00B7F1>Zur\u00fcck zum Inhalt<\/span><\/a><\/strong><\/em><\/p>\n<p>&#13;<br \/>\n&#13;<\/p>\n<p>&#13;<br \/>\n&#13;<\/p>\n<p>&#13;<br \/>\n&#13;<\/p>\n<p><strong><a id=v name=v><\/a>V. Auslandssendungen w\u00e4hrend des Kalten Kriegs (1950-1989)<\/strong><\/p>\n<p>&#13;<br \/>\n&#13;<\/p>\n<p>&#13;<br \/>\n&#13;<\/p>\n<p>Das nach dem Krieg an die Macht gehievte kommunistische Regime markierte auch die Geschichte des Rum\u00e4nischen Rundfunks dramatisch. Im Kalten Krieg und hinter dem Eisernen Vorhang wurden die Sendungen f\u00fcr das Ausland zum Propaganda-Instrument degradiert. Trotzdem beinhalteten die Sendungen auch brauchbare bis genie\u200e\u00dfbare, von der Zensur weniger bestimmte Inhalte \u00fcber Freizeit und Tourismus, Kultur, Musik und Sport.<\/p>\n<p>&#13;<br \/>\n&#13;<\/p>\n<p>&#13;<br \/>\n&#13;<\/p>\n<p>Die erste Sendung in rum\u00e4nischer Sprache f\u00fcr das Ausland ereignete sich am 10. Juli 1950 und wurde \u00fcber Kurzwelle \u00fcbertragen. Die Sendungen dauerten jeweils 30 Minuten, Zeitzeugen berichten, dass die Redaktion die Cr\u00e8me de la Cr\u00e8me der rum\u00e4nischen Rundfunk-Journalisten der damaligen Zeit vereinte, in einem Versuch der kommunistischen Machthaber, die Propaganda zu humanisieren\u201c. Ziel dieser Politik war es, die Exil-Rum\u00e4nen, die \u00fcberwiegend antikommunistisch gesinnt waren, zumindest teilweise freundlicher zu stimmen.<\/p>\n<p>&#13;<br \/>\n&#13;<\/p>\n<p>&#13;<br \/>\n&#13;<\/p>\n<p>W\u00e4hrend der n\u00e4chsten Jahre wird auch die Rum\u00e4nische Sendung f\u00fcr die USA\u201c gegr\u00fcndet. Ausschlaggebend hierf\u00fcr war die Tatsache, dass in den USA die zahlenm\u00e4ssig gr\u00f6\u200e\u00dfte rum\u00e4nische Exilgemeinde lebte. Am 15. Dezember 1955 lief diese Sendung parallel zur regul\u00e4ren Sendung in rum\u00e4nischer Sprache f\u00fcr das Ausland, die sich Glasul Patriei\u201c (Stimme der Heimat\u201c) nannte. 1955 war zudem das Jahr, in dem Rum\u00e4nien in die UNO aufgenommen wurde. Die Leitung dieser Unterredaktion \u00fcbernahm ein erfahrener Journalist namens Leon S\u0103r\u0103\u0163eanu. Am 12. April 1958 wird die rum\u00e4nische Sendung f\u00fcr die USA der Sendung Glasul Patriei\u201c einverleibt, die nun ihre Programme geographisch f\u00fcr Westeuropa und die USA auff\u00e4chert.<\/p>\n<p>&#13;<br \/>\n&#13;<\/p>\n<p>&#13;<br \/>\n&#13;<\/p>\n<p>Die Geschichte der franz\u00f6sischen Abteilung nach dem Zweiten Weltkrieg hat mit Frau Andr\u00e9e Fleury begonnen, die im ehrw\u00fcrdigen Alter von 100 Jahren und 5 Monaten verstarb. Einigen unserer H\u00f6rer k\u00f6nnte ihre Stimme noch bekannt sein. Es hat nicht wenige Journalisten in der franz\u00f6sischen Abteilung bei Radio Bukarest gegeben, die ihre H\u00f6rfunkkarriere bei anderen bekannten Sendern der Welt fortgesetzt haben, darunter bei Radio France, RFI und Radio Freies Europa. Prominente Beispile sind Elena Murgu und Alain Paruit.<\/p>\n<p>&#13;<br \/>\n&#13;<\/p>\n<p>&#13;<br \/>\n&#13;<\/p>\n<p>In der englischen Sendung haben die Nachkriegsprogramme mit dem Ehepaar Max und Edith Eisinger begonnen, die in England studiert hatten. Sie waren leidenschaftliche Radiomacher. Ihnen folgte die renommierte Radiojournalistin Catinca Ralea. Eine weitere ber\u00fchmte Stimme im englischen Programm war jene von Alexandru Fole. Zu Beginn der sechziger Jahre leitete Eugen Preda die englische Abteilung. Er wurde sp\u00e4ter der erste Intendant der Rum\u00e4nischen Rundfunkgesellschaft nach dem Sturz des Kommunismus im Jahr 1989. Bemerkenswert in der journalistischen Arbeit der englischen Redaktion sind die vielen Interviews, die Catinca Ralea mit bekannten Pers\u00f6nlichkeiten f\u00fchrte, darunter mit den Schriftstellern Saul Bellow, William Saroyan, Alvin Toffler und Iris Murdoch, mit den ber\u00fchmten Musikern Yehudi Menuhin und Arthur Rubinstein, mit dem Bildhauer Henry Moore, mit den Politikern Margaret Thatcher und Edward Kennedy.<\/p>\n<p>&#13;<br \/>\n&#13;<\/p>\n<p>&#13;<br \/>\n&#13;<\/p>\n<p>In den 1950er Jahren hatte es bei Radio Bukarest Sendungen in russischer Sprache f\u00fcr die sowjetische Armee und f\u00fcr sowjetische Experten gegeben. Nach dem Abzug der Armee in der zweiten H\u00e4lfte der f\u00fcnfziger Jahre hat man auf diese Sendungen verzichtet. Gleich danach hat der Programmaustausch von Sendungen mit Radio Moskau begonnen. Es waren die gleichen Sendeaustausche, die das sowjetische Radio mit der Mehrheit der Ostblockstaaten hatte. Die Programme wurden in Bukarest aufgenommen, anschlie\u200e\u00dfend nach Moskau geschickt und dort zweimal w\u00f6chentlich ausgestrahlt.<\/p>\n<p>&#13;<br \/>\n&#13;<\/p>\n<p>&#13;<br \/>\n&#13;<\/p>\n<p>Die deutsche Abteilung der Auslandssendungen erfreute sich in all diesen Jahren der Zusammenarbeit renommierter Journalisten. Genannt seien die rum\u00e4niendeutschen Schriftsteller Alfred Margul Sperber und Franz Johannes Bulhardt und die Schauspielerin Margot G\u00f6ttling, die am Wiener Theaterinstitut ausgebildet wurde. In der deutschen Abteilung hat es begnadete Sprecher und Moderatoren gegeben, wie Ingrid Kloos, Heidemarie Papp, Rosemarie Giuchici, Erwin Sacher, Otto Schneider und Ilse Borcea, sowie begabte Redakteure wie Richard Lang, Helmuth Lehrer und J\u00fcrgen Salzer. Eine Generation folgte der anderen, sechs oder noch mehr m\u00fcssen es gewesen sein.<\/p>\n<p>&#13;<br \/>\n&#13;<\/p>\n<p>&#13;<br \/>\n&#13;<\/p>\n<p>Die Sendung in griechischer Sprache wurde 1950 eingef\u00fchrt. Am Anfang haben in der Redaktion vor allem politische Fl\u00fcchtlinge aus Griechenland gearbeitet. Dem ersten Team geh\u00f6rten Elena Papadopoulos, Panas Panaitopoulos, Egon Steindler Petraru und Filareti Folea an.<\/p>\n<p>&#13;<br \/>\n&#13;<\/p>\n<p>&#13;<br \/>\n&#13;<\/p>\n<p>Die Sendung in Jiddisch wurde 1950, zu erst als Teil der Redaktion f\u00fcr Nationale Minderheiten gegr\u00fcndet. Ein Jahr sp\u00e4ter wechselt diese zu den Auslandssendungen \u00fcber. Manche Zeitzeugen behaupten, die Sendung sei 1955 eingestellt worden. Der Historiker Eugen Denize ist jedoch der Auffassung, diese habe noch im Jahre 1957 bestanden und z\u00e4hlt sie unter den 11 Fremdsprachen auf, in denen der rum\u00e4nische Auslandsrundfunk damals sendete: Russisch, Englisch, Franz\u00f6sisch, Italienisch, Spanisch, Deutsch, T\u00fcrkisch, Farsi, Jiddisch, Griechisch und Serbisch. <\/p>\n<p>&#13;<br \/>\n&#13;<\/p>\n<p>&#13;<br \/>\n&#13;<\/p>\n<p>Mit der Zeit wurde das Angebot an Sendungen immer reicher, immer vielf\u00e4ltiger. 1952 wurden bei Radio Bukarest die Sendungen in italienischer Sprache wiederaufgenommen. Das geschah durch die Stimmen der beiden sympatischen Italiener Ugo Merola und Walter Bencivenga; danach kam der jugendliche Elan von Florin Velcu hinzu, der hier f\u00fcnf Generationen von Redakteuren eine St\u00fctze war. Die Programme haben 1952 begonnen, mit je drei Sendungen am Tag\u201c, erinnert sich Florin Velcu.<\/p>\n<p>&#13;<br \/>\n&#13;<\/p>\n<p>&#13;<br \/>\n&#13;<\/p>\n<p>1955 war das Jahr, in dem die Sendungen in portugiesisch aufgenommen wurden. Die ersten Programmgestalter waren zwei portugiesische Studenten, in Zusammenarbeit mit der jungen rum\u00e4nischen Studentin Angela Mocanu. Kurz darauf kamen Jos\u00e9 und Teresa Ramos hinzu, die gleich nach der Nelkenrevolution von 1974 in ihre Heimat zur\u00fcckkehrten.<\/p>\n<p>&#13;<br \/>\n&#13;<\/p>\n<p>&#13;<br \/>\n&#13;<\/p>\n<p>Die Anf\u00e4nge der Sendungen in spanisch liegen am 15. M\u00e4rz 1955 zur\u00fcck, um genau 20 Uhr Bukarester Zeit. Zu Beginn wurden die spanischen Sendungen praktisch von Hortensia Roman gestaltet, die nach dem B\u00fcrgerkrieg in Spanien nach Rum\u00e4nien gefl\u00fcchtet war. (Sie war die Mutter Petre Romans, des ersten Ministerpr\u00e4sidenten Rum\u00e4niens nach dem Sturz des kommunistischen Regimes im Dezember 1989).<\/p>\n<p>&#13;<br \/>\n&#13;<\/p>\n<p>&#13;<br \/>\n&#13;<\/p>\n<p>Die serbische Abteilung nahm ihre Programme 1956 mit dem Priester Ghena Petrov auf. Die Sendungen, die Anfangs gegen das als deviationistisch\u201c eingestufte nationalkommunistische Tito-Regime, dem sogenannten Titoismus\u201c gerichtet waren, \u00e4nderten sich mit der Zeit, nach dem Kurswechsel in der Politik, zu einer Br\u00fccke der rum\u00e4nisch-jugoslawischen Freundschaft\u201c.<\/p>\n<p>&#13;<br \/>\n&#13;<\/p>\n<p>&#13;<br \/>\n&#13;<\/p>\n<p>Am 15. Juli 1957 wurde die t\u00fcrkische Abteilung ins Leben gerufen. Zu den Gr\u00fcndern dieser Redaktion geh\u00f6rte Melike Roman. Die Programme in t\u00fcrkischer Sprache sind am 27. M\u00e4rz 2004 eingestellt worden, zusammen mit jenen in bulgarischer, griechischer, ungarischer und portugiesischer Sprache.<\/p>\n<p>&#13;<br \/>\n&#13;<\/p>\n<p>&#13;<br \/>\n&#13;<\/p>\n<p>Am 17. September 1957 erklang zum ersten Mal die Ansage Hier spricht Radio Bukarest\u201c auf farsi (persisch). Die direkte und herzliche Hilfe der Fl\u00fcchtlingsfamilie Saidi Masud erm\u00f6glichte damals das erste Farsi-Programm des Rum\u00e4nischen Rundfunks. Im Fr\u00fchling 2000 wurde die Sendung aus objektiven Gr\u00fcnden eingestellt &#8212; es gab keine neue Generation Farsi sprechender Redakteure, die die Jahrzehnte lange Arbeit des ersten Redaktionsteams fortsetzen konnte.<\/p>\n<p>&#13;<br \/>\n&#13;<\/p>\n<p>&#13;<br \/>\n&#13;<\/p>\n<p>Die arabische Redaktion begann seine Sendungen am 5. April 1961. In den kommenden Jahren, insbesondere in den 1960ern und 1970ern, wurden die arabischen Sendungen aufgrund der Kooperationspolitik Rum\u00e4niens mit den arabischen Staaten und Israel verst\u00e4rkt. Damals bem\u00fchte sich Rum\u00e4nien, einen Beitrag zum Friedensprozess im Mittleren Osten zu leisten. Zu den Gr\u00fcndungmitgliedern der arabischen Abteilung geh\u00f6rten Nader Karajoli und seine Frau Suleima Samman.<\/p>\n<p>&#13;<br \/>\n&#13;<\/p>\n<p>&#13;<br \/>\n&#13;<\/p>\n<p>1975 wurde die Russische Redaktion gegr\u00fcndet, die am 15. Dezember desselben Jahres ihre ersten Sendung produzierte und \u00fcber Kurzwelle ausstrahlte. Rum\u00e4nien wurde somit das erste Land des Warschauer Paktes, das eine Radiosendung in russischer Sprache ausstrahlte, deren Inhalte nicht von Moskau bestimmt wurden. Rum\u00e4nien hatte sich in den damaligen Jahren in Au\u200e\u00dfenpolitik und Wirtschaftspl\u00e4nen von der Sowjetunion distanziert und verfolgte einen eigenen Kurs im Ostblock. Moskau hat in der Folge mehrfach &#8212; und erfolglos &#8212; versucht, Bukarest zu \u00fcberzeugen, die Sendungen in russisch einzustellen.<\/p>\n<p>&#13;<br \/>\n&#13;<\/p>\n<p>&#13;<br \/>\n&#13;<\/p>\n<p>Eine Pr\u00e4sentationsbrosch\u00fcre der rum\u00e4nischen Rundfunkanstalt aus dem Jahr 1982 umfasste eine Statistik \u00fcber die Programme des Auslandsdienstes des \u00f6ffentlichen H\u00f6rfunks. Dieser Statistik zufolge sei im Vergleich zu 1961 die Anzahl der \u00fcbertragenen Sendestunden im Jahr von 8.570 (514.200 Minuten) auf 10.807 Stunden (684.420 Minuten) gestiegen. Nach Sendesprachen detailliert liest sich die Statistik folgenderma\u200e\u00dfen: das arabische Programm (mit 120 Sendeminuten am Tag), das englische Programm (mit 375 Sendeminuten am Tag), das franz\u00f6sische Programm (mit 165 Sendenminuten am Tag), das deutsche (mit 105 Sendeminuten am Tag), das griechische (mit 60 Sendeminuten am Tag), das persische (mit 60 Sendeminuten am Tag), das italienische Programm (mit 120 Sendeminuten am Tag), das portugiesische (mit 60 Sendeminuten am Tag), das russische (mit 75 Sendeminuten am Tag), das rum\u00e4nische (mit 180 Sendeminuten am Tag), das serbische (60 Sendeminuten am Tag), das spanische (mit 270 Sendeminuten am Tag), das t\u00fcrkische (mit 60 Sendeminuten am Tag) und die Sendung Tourismus und Musik\u201c, eine mehrsprachige 30-min\u00fctige Tourismusrubrik auf englisch, franz\u00f6sisch und deutsch.<\/p>\n<p>&#13;<br \/>\n&#13;<\/p>\n<p>&#13;<br \/>\n&#13;<\/p>\n<p><em><strong><a href=#inhalt><span style=color:#00B7F1>Zur\u00fcck zum Inhalt<\/span><\/a><\/strong><\/em><\/p>\n<p>&#13;<br \/>\n&#13;<\/p>\n<p>&#13;<br \/>\n&#13;<\/p>\n<p>&#13;<br \/>\n&#13;<\/p>\n<p><strong><a id=vi name=vi><\/a>VI. Radio Rum\u00e4nien International nach 1989<\/strong><\/p>\n<p>&#13;<br \/>\n&#13;<\/p>\n<p>&#13;<br \/>\n&#13;<\/p>\n<p>Nach der antikommunistischen Revolution vom Dezember 1989 wurde aus Radio Bukarest Radio Rum\u00e4nien International, eine Verj\u00fcngung des Personals vollzieht sich rasch und der Auftrag bekam andere Dimensionen: der Wiederanschluss Rum\u00e4niens an die demokratische Staatengemeinschaft und die Wiederherstellung eines Vertrauensverh\u00e4ltnisses zwischen Rum\u00e4nien und den Auslandsrum\u00e4nen.<\/p>\n<p>&#13;<br \/>\n&#13;<\/p>\n<p>&#13;<br \/>\n&#13;<\/p>\n<p>Im letzten Jahrzehnt des 20. Jahrhunderts haben sich bei Radio Rum\u00e4nien International drei Redaktionen herauskristallisiert, die das jeweilige Zielpublikum versorgten: die Redaktion Radio Rum\u00e4nien Live\u201c f\u00fcr die im Ausland lebenden Rum\u00e4nen, die Redaktion Open Radio\u201c mit Programmen in arabisch, chinesisch (gegr\u00fcndet 1999), englisch, franz\u00f6sisch, deutsch, italienisch, portugiesisch und spanisch (die Sendungen der persischen Redaktion mussten wegen Personalmangels eingestellt werden) und die Redaktionsgemeinschaft Hertzsche Br\u00fccken\u201c mit den  Sendungen in bulgarisch, ungarisch, ukrainisch, die sich vorrangig an die Nachbarl\u00e4nder wendeten.<\/p>\n<p>&#13;<br \/>\n&#13;<\/p>\n<p>&#13;<br \/>\n&#13;<\/p>\n<p>Die Programme in diesen zuletzt genannten Sendesprachen wurden nach 1990 eingef\u00fchrt, um den Dialog mit den Nachbarl\u00e4ndern zu f\u00f6rdern. Derselben Redaktion geh\u00f6rten noch der griechische, t\u00fcrkische, griechische uns serbische Dienst an. Au\u200e\u00dferdem wurden die Sendungen in aromunisch ins Leben gerufen. Aromunisch ist ein am S\u00fcdbalkan verbreitetes romanisches Idiom, das dem Rum\u00e4nischen sehr nahe steht und von vielen Linguisten daher als Dialekt der Rum\u00e4nischen Sprache erachtet wird.<\/p>\n<p>&#13;<br \/>\n&#13;<\/p>\n<p>&#13;<br \/>\n&#13;<\/p>\n<p><em><strong><a href=#inhalt><span style=color:#00B7F1>Zur\u00fcck zum Inhalt<\/span><\/a><\/strong><\/em><\/p>\n<p>&#13;<br \/>\n&#13;<\/p>\n<p>&#13;<br \/>\n&#13;<\/p>\n<p>&#13;<br \/>\n&#13;<\/p>\n<p><strong><a id=vii name=vii><\/a>VII. Neue Sendesprachen, neue Br\u00fccken f\u00fcr den Dialog (1991-1999)<\/strong><\/p>\n<p>&#13;<br \/>\n&#13;<\/p>\n<p>&#13;<br \/>\n&#13;<\/p>\n<p>Am 23. M\u00e4rz 1991 hat Radio Rum\u00e4nien International seine Sendungen f\u00fcr die sprachlich verwandten Aromunen am S\u00fcdbalkan aufgenommen. Somit wurde der zeiltweilig unterbrochene Dialog mit dieser Volksgemeinschaft wiederaufgenommen.<\/p>\n<p>&#13;<br \/>\n&#13;<\/p>\n<p>&#13;<br \/>\n&#13;<\/p>\n<p>Die erste Sendung in ungarisch wurde am 14. August 1993 ausgestrahlt, auf Grund des akuten Bedarfs Rum\u00e4niens und Ungarns, gegenseitige, vor allem historische Fragen und Meinungsverschiedenheiten mit Hinblick auf eine gemeinsame europ\u00e4ische und euroatlantische Zukunft zu \u00fcberwinden. Diese Sendung sollte nach 11 Jahren, am 27. M\u00e4rz 2004 eingestellt werden.<\/p>\n<p>&#13;<br \/>\n&#13;<\/p>\n<p>&#13;<br \/>\n&#13;<\/p>\n<p>Sendungen in ukrainischer Sprache sind aus Bukarest bereits w\u00e4hrend des Zweiten Weltkriegs ausgestrahlt worden, doch als das eigentliche Geburtsdatum der ukrainischen Sendungen wird der 25. September 1994 angesehen. Die Programme sind auf das Bed\u00fcfrnis zur\u00fcckzuf\u00fchren, den Dialog zwischen den Nachbarstaaten zu st\u00e4rken.<\/p>\n<p>&#13;<br \/>\n&#13;<\/p>\n<p>&#13;<br \/>\n&#13;<\/p>\n<p>Die Sendungen in bulgarischer Sprache sind ab 1. Dezember 1995 vor dem Hintergrund der demokratischen Entwicklungen in Rum\u00e4nien und Bulgarien produziert worden, mit dem Zweck, die beiden L\u00e4nder n\u00e4her zu bringen und ein besseres gegenseitiges Kennenlernen zu erm\u00f6glichen. Die letzte Sendung in bulgarischer Sprache wurde am 27. M\u00e4rz 2004 ausgestrahlt.<\/p>\n<p>&#13;<br \/>\n&#13;<\/p>\n<p>&#13;<br \/>\n&#13;<\/p>\n<p>Am 1. Oktober 1999 produzierte Radio Rum\u00e4nien International die erste Sendung in chinesisch. Im Chinesischen Dienst arbeiten auch in Rum\u00e4nien ans\u00e4ssige Chinesen. Einen bedeutenden Beitrag zur Ausbildung der neuen Mitarbeiter hatten Experten in chinesischer Sprache, darunter Yang Shunxi, ehemaliger Professor f\u00fcr Rum\u00e4nisch an der Pekinger Universit\u00e4t, sowie unsere Kollegen von Radio China International in rum\u00e4nischer Sprache Li Jiayu und Shen Qinchen.<\/p>\n<p>&#13;<br \/>\n&#13;<\/p>\n<p>&#13;<br \/>\n&#13;<\/p>\n<p><em><strong><a href=#inhalt><span style=color:#00B7F1>Zur\u00fcck zum Inhalt<\/span><\/a><\/strong><\/em><\/p>\n<p>&#13;<br \/>\n&#13;<\/p>\n<p>&#13;<br \/>\n&#13;<\/p>\n<p>&#13;<br \/>\n&#13;<\/p>\n<p><strong><a id=viii name=viii><\/a>VIII. Radio Rum\u00e4nien International heute<\/strong><\/p>\n<p>&#13;<br \/>\n&#13;<\/p>\n<p>&#13;<br \/>\n&#13;<\/p>\n<p><strong>RRI 1<\/strong> sendet heute rund um die Uhr Programme in rum\u00e4nischer Sprache und dreimal t\u00e4glich jeweils 30 Minuten im aromunischen Idiom. Insgesamt kommt man damit auf 9.300 Sendestunden im Jahr.<\/p>\n<p>&#13;<br \/>\n&#13;<\/p>\n<p>&#13;<br \/>\n&#13;<\/p>\n<p><strong>RRI 2<\/strong> sendet in 10 Fremdsprachen (Arabisch, Chinesisch, Englisch, Franz\u00f6sisch, Deutsch, Italienisch, Spanisch, Serbisch, Russisch und Ukrainisch). Im Schnitt strahlt Radio Rum\u00e4nien 25,5 Stunden am Tag Sendungen in Fremdsprachen aus, im Jahr hochgerechnet sind es ebenfalls \u00fcber 9.300 Stunden.<\/p>\n<p>&#13;<br \/>\n&#13;<\/p>\n<p>&#13;<br \/>\n&#13;<\/p>\n<p>Insgesamt sendet Radio Rum\u00e4nien International somit \u00fcber Kurzwelle, Mittelwelle und UKW, aber auch via Satellit und im Internet ca. 54 Stunden t\u00e4glich oder 18.600 Stunden im Jahr. Das entspricht wiederum 775 Tagen im Jahr.<\/p>\n<p>&#13;<br \/>\n&#13;<\/p>\n<p>&#13;<br \/>\n&#13;<\/p>\n<p><em><strong><a href=#inhalt><span style=color:#00B7F1>Zur\u00fcck zum Inhalt<\/span><\/a><\/strong><\/em><\/p>\n<p>&#13;<br \/>\n&#13;<\/p>\n<p>&#13;<br \/>\n&#13;<\/p>\n<p>&#13;<\/p>\n","protected":false},"excerpt":{"rendered":"<p>Hier k\u00f6nnen Sie \u00fcber die Anf\u00e4nge des Rum\u00e4nischen Rundfunks sowie \u00fcber die Geschichte seiner Auslandssendungen nachlesen. Und in der Fotostrecke einen nostalgischen Blick auf fr\u00fchere Zeiten werfen.<\/p>\n","protected":false},"author":28,"featured_media":424450,"comment_status":"closed","ping_status":"closed","sticky":false,"template":"","format":"standard","meta":{"_acf_changed":false,"footnotes":""},"categories":[116777],"tags":[118777,100341,104137,116921],"coauthors":[],"class_list":["post-641207","post","type-post","status-publish","format-standard","has-post-thumbnail","hentry","category-rri-geschichte","tag-auslandssendungen","tag-geschichte","tag-oeffentlich-rechtlicher-rundfunk","tag-radio-rumaenien-international"],"acf":[],"yoast_head":"<!-- This site is optimized with the Yoast SEO plugin v27.5 - https:\/\/yoast.com\/product\/yoast-seo-wordpress\/ -->\n<title>Zur Geschichte des Rum\u00e4nischen Rundfunks und seiner Auslandssendungen - Radio Rum\u00e4nien International<\/title>\n<meta name=\"robots\" content=\"index, follow, max-snippet:-1, max-image-preview:large, max-video-preview:-1\" \/>\n<link rel=\"canonical\" href=\"https:\/\/www.rri.ro\/de\/ueber-uns\/rri-geschichte\/zur-geschichte-des-rumaenischen-rundfunks-und-seiner-auslandssendungen-id641207.html\" \/>\n<meta property=\"og:locale\" content=\"de_DE\" \/>\n<meta property=\"og:type\" content=\"article\" \/>\n<meta property=\"og:title\" content=\"Zur Geschichte des Rum\u00e4nischen Rundfunks und seiner Auslandssendungen - Radio Rum\u00e4nien International\" \/>\n<meta property=\"og:description\" content=\"Hier k\u00f6nnen Sie \u00fcber die Anf\u00e4nge des Rum\u00e4nischen Rundfunks sowie \u00fcber die Geschichte seiner Auslandssendungen nachlesen. Und in der Fotostrecke einen nostalgischen Blick auf fr\u00fchere Zeiten werfen.\" \/>\n<meta property=\"og:url\" content=\"https:\/\/www.rri.ro\/de\/ueber-uns\/rri-geschichte\/zur-geschichte-des-rumaenischen-rundfunks-und-seiner-auslandssendungen-id641207.html\" \/>\n<meta property=\"og:site_name\" content=\"Radio Rum\u00e4nien International\" \/>\n<meta property=\"article:published_time\" content=\"2013-06-23T09:00:00+00:00\" \/>\n<meta property=\"og:image\" content=\"https:\/\/www.rri.ro\/wp-content\/uploads\/2023\/10\/Radiodifuziuneaiarna-noaptea.jpg\" \/>\n\t<meta property=\"og:image:width\" content=\"950\" \/>\n\t<meta property=\"og:image:height\" content=\"712\" \/>\n\t<meta property=\"og:image:type\" content=\"image\/jpeg\" \/>\n<meta name=\"author\" content=\"Eugen Cojocariu\" \/>\n<meta name=\"twitter:card\" content=\"summary_large_image\" \/>\n<meta name=\"twitter:label1\" content=\"Verfasst von\" \/>\n\t<meta name=\"twitter:data1\" content=\"Eugen Cojocariu\" \/>\n\t<meta name=\"twitter:label2\" content=\"Gesch\u00e4tzte Lesezeit\" \/>\n\t<meta name=\"twitter:data2\" content=\"15\u00a0Minuten\" \/>\n\t<meta name=\"twitter:label3\" content=\"Written by\" \/>\n\t<meta name=\"twitter:data3\" content=\"Eugen Cojocariu\" \/>\n<script type=\"application\/ld+json\" class=\"yoast-schema-graph\">{\"@context\":\"https:\\\/\\\/schema.org\",\"@graph\":[{\"@type\":\"Article\",\"@id\":\"https:\\\/\\\/www.rri.ro\\\/de\\\/ueber-uns\\\/rri-geschichte\\\/zur-geschichte-des-rumaenischen-rundfunks-und-seiner-auslandssendungen-id641207.html#article\",\"isPartOf\":{\"@id\":\"https:\\\/\\\/www.rri.ro\\\/de\\\/ueber-uns\\\/rri-geschichte\\\/zur-geschichte-des-rumaenischen-rundfunks-und-seiner-auslandssendungen-id641207.html\"},\"author\":{\"name\":\"Eugen Cojocariu\",\"@id\":\"https:\\\/\\\/www.rri.ro\\\/#\\\/schema\\\/person\\\/7e1d12a0ddf50bb2d58f812a617e5eaa\"},\"headline\":\"Zur Geschichte des Rum\u00e4nischen Rundfunks und seiner Auslandssendungen\",\"datePublished\":\"2013-06-23T09:00:00+00:00\",\"mainEntityOfPage\":{\"@id\":\"https:\\\/\\\/www.rri.ro\\\/de\\\/ueber-uns\\\/rri-geschichte\\\/zur-geschichte-des-rumaenischen-rundfunks-und-seiner-auslandssendungen-id641207.html\"},\"wordCount\":2997,\"image\":{\"@id\":\"https:\\\/\\\/www.rri.ro\\\/de\\\/ueber-uns\\\/rri-geschichte\\\/zur-geschichte-des-rumaenischen-rundfunks-und-seiner-auslandssendungen-id641207.html#primaryimage\"},\"thumbnailUrl\":\"https:\\\/\\\/www.rri.ro\\\/wp-content\\\/uploads\\\/2023\\\/10\\\/Radiodifuziuneaiarna-noaptea.jpg\",\"keywords\":[\"Auslandssendungen\",\"Geschichte\",\"\u00f6ffentlich-rechtlicher Rundfunk\",\"Radio Rum\u00e4nien International\"],\"articleSection\":[\"RRI-Geschichte\"],\"inLanguage\":\"de\"},{\"@type\":\"WebPage\",\"@id\":\"https:\\\/\\\/www.rri.ro\\\/de\\\/ueber-uns\\\/rri-geschichte\\\/zur-geschichte-des-rumaenischen-rundfunks-und-seiner-auslandssendungen-id641207.html\",\"url\":\"https:\\\/\\\/www.rri.ro\\\/de\\\/ueber-uns\\\/rri-geschichte\\\/zur-geschichte-des-rumaenischen-rundfunks-und-seiner-auslandssendungen-id641207.html\",\"name\":\"Zur Geschichte des Rum\u00e4nischen Rundfunks und seiner Auslandssendungen - Radio Rum\u00e4nien International\",\"isPartOf\":{\"@id\":\"https:\\\/\\\/www.rri.ro\\\/#website\"},\"primaryImageOfPage\":{\"@id\":\"https:\\\/\\\/www.rri.ro\\\/de\\\/ueber-uns\\\/rri-geschichte\\\/zur-geschichte-des-rumaenischen-rundfunks-und-seiner-auslandssendungen-id641207.html#primaryimage\"},\"image\":{\"@id\":\"https:\\\/\\\/www.rri.ro\\\/de\\\/ueber-uns\\\/rri-geschichte\\\/zur-geschichte-des-rumaenischen-rundfunks-und-seiner-auslandssendungen-id641207.html#primaryimage\"},\"thumbnailUrl\":\"https:\\\/\\\/www.rri.ro\\\/wp-content\\\/uploads\\\/2023\\\/10\\\/Radiodifuziuneaiarna-noaptea.jpg\",\"datePublished\":\"2013-06-23T09:00:00+00:00\",\"author\":{\"@id\":\"https:\\\/\\\/www.rri.ro\\\/#\\\/schema\\\/person\\\/7e1d12a0ddf50bb2d58f812a617e5eaa\"},\"breadcrumb\":{\"@id\":\"https:\\\/\\\/www.rri.ro\\\/de\\\/ueber-uns\\\/rri-geschichte\\\/zur-geschichte-des-rumaenischen-rundfunks-und-seiner-auslandssendungen-id641207.html#breadcrumb\"},\"inLanguage\":\"de\",\"potentialAction\":[{\"@type\":\"ReadAction\",\"target\":[\"https:\\\/\\\/www.rri.ro\\\/de\\\/ueber-uns\\\/rri-geschichte\\\/zur-geschichte-des-rumaenischen-rundfunks-und-seiner-auslandssendungen-id641207.html\"]}]},{\"@type\":\"ImageObject\",\"inLanguage\":\"de\",\"@id\":\"https:\\\/\\\/www.rri.ro\\\/de\\\/ueber-uns\\\/rri-geschichte\\\/zur-geschichte-des-rumaenischen-rundfunks-und-seiner-auslandssendungen-id641207.html#primaryimage\",\"url\":\"https:\\\/\\\/www.rri.ro\\\/wp-content\\\/uploads\\\/2023\\\/10\\\/Radiodifuziuneaiarna-noaptea.jpg\",\"contentUrl\":\"https:\\\/\\\/www.rri.ro\\\/wp-content\\\/uploads\\\/2023\\\/10\\\/Radiodifuziuneaiarna-noaptea.jpg\",\"width\":950,\"height\":712},{\"@type\":\"BreadcrumbList\",\"@id\":\"https:\\\/\\\/www.rri.ro\\\/de\\\/ueber-uns\\\/rri-geschichte\\\/zur-geschichte-des-rumaenischen-rundfunks-und-seiner-auslandssendungen-id641207.html#breadcrumb\",\"itemListElement\":[{\"@type\":\"ListItem\",\"position\":1,\"name\":\"Startseite\",\"item\":\"https:\\\/\\\/www.rri.ro\\\/de\"},{\"@type\":\"ListItem\",\"position\":2,\"name\":\"\u00dcber uns\",\"item\":\"https:\\\/\\\/www.rri.ro\\\/de\\\/ueber-uns\"},{\"@type\":\"ListItem\",\"position\":3,\"name\":\"RRI-Geschichte\",\"item\":\"https:\\\/\\\/www.rri.ro\\\/de\\\/ueber-uns\\\/rri-geschichte\"},{\"@type\":\"ListItem\",\"position\":4,\"name\":\"Zur Geschichte des Rum\u00e4nischen Rundfunks und seiner Auslandssendungen\"}]},{\"@type\":\"WebSite\",\"@id\":\"https:\\\/\\\/www.rri.ro\\\/#website\",\"url\":\"https:\\\/\\\/www.rri.ro\\\/\",\"name\":\"Radio Rum\u00e4nien International\",\"description\":\"Totul despre Rom\u00e2nia \u015fi rom\u00e2ni, \u00een 13 limbi\\\/dialecte!\",\"inLanguage\":\"de\"},{\"@type\":\"Person\",\"@id\":\"https:\\\/\\\/www.rri.ro\\\/#\\\/schema\\\/person\\\/7e1d12a0ddf50bb2d58f812a617e5eaa\",\"name\":\"Eugen Cojocariu\",\"url\":\"https:\\\/\\\/www.rri.ro\\\/de\\\/author\\\/eugen-cojocariu\"}]}<\/script>\n<!-- \/ Yoast SEO plugin. -->","yoast_head_json":{"title":"Zur Geschichte des Rum\u00e4nischen Rundfunks und seiner Auslandssendungen - Radio Rum\u00e4nien International","robots":{"index":"index","follow":"follow","max-snippet":"max-snippet:-1","max-image-preview":"max-image-preview:large","max-video-preview":"max-video-preview:-1"},"canonical":"https:\/\/www.rri.ro\/de\/ueber-uns\/rri-geschichte\/zur-geschichte-des-rumaenischen-rundfunks-und-seiner-auslandssendungen-id641207.html","og_locale":"de_DE","og_type":"article","og_title":"Zur Geschichte des Rum\u00e4nischen Rundfunks und seiner Auslandssendungen - Radio Rum\u00e4nien International","og_description":"Hier k\u00f6nnen Sie \u00fcber die Anf\u00e4nge des Rum\u00e4nischen Rundfunks sowie \u00fcber die Geschichte seiner Auslandssendungen nachlesen. Und in der Fotostrecke einen nostalgischen Blick auf fr\u00fchere Zeiten werfen.","og_url":"https:\/\/www.rri.ro\/de\/ueber-uns\/rri-geschichte\/zur-geschichte-des-rumaenischen-rundfunks-und-seiner-auslandssendungen-id641207.html","og_site_name":"Radio Rum\u00e4nien International","article_published_time":"2013-06-23T09:00:00+00:00","og_image":[{"width":950,"height":712,"url":"https:\/\/www.rri.ro\/wp-content\/uploads\/2023\/10\/Radiodifuziuneaiarna-noaptea.jpg","type":"image\/jpeg"}],"author":"Eugen Cojocariu","twitter_card":"summary_large_image","twitter_misc":{"Verfasst von":"Eugen Cojocariu","Gesch\u00e4tzte Lesezeit":"15\u00a0Minuten","Written by":"Eugen Cojocariu"},"schema":{"@context":"https:\/\/schema.org","@graph":[{"@type":"Article","@id":"https:\/\/www.rri.ro\/de\/ueber-uns\/rri-geschichte\/zur-geschichte-des-rumaenischen-rundfunks-und-seiner-auslandssendungen-id641207.html#article","isPartOf":{"@id":"https:\/\/www.rri.ro\/de\/ueber-uns\/rri-geschichte\/zur-geschichte-des-rumaenischen-rundfunks-und-seiner-auslandssendungen-id641207.html"},"author":{"name":"Eugen Cojocariu","@id":"https:\/\/www.rri.ro\/#\/schema\/person\/7e1d12a0ddf50bb2d58f812a617e5eaa"},"headline":"Zur Geschichte des Rum\u00e4nischen Rundfunks und seiner Auslandssendungen","datePublished":"2013-06-23T09:00:00+00:00","mainEntityOfPage":{"@id":"https:\/\/www.rri.ro\/de\/ueber-uns\/rri-geschichte\/zur-geschichte-des-rumaenischen-rundfunks-und-seiner-auslandssendungen-id641207.html"},"wordCount":2997,"image":{"@id":"https:\/\/www.rri.ro\/de\/ueber-uns\/rri-geschichte\/zur-geschichte-des-rumaenischen-rundfunks-und-seiner-auslandssendungen-id641207.html#primaryimage"},"thumbnailUrl":"https:\/\/www.rri.ro\/wp-content\/uploads\/2023\/10\/Radiodifuziuneaiarna-noaptea.jpg","keywords":["Auslandssendungen","Geschichte","\u00f6ffentlich-rechtlicher Rundfunk","Radio Rum\u00e4nien International"],"articleSection":["RRI-Geschichte"],"inLanguage":"de"},{"@type":"WebPage","@id":"https:\/\/www.rri.ro\/de\/ueber-uns\/rri-geschichte\/zur-geschichte-des-rumaenischen-rundfunks-und-seiner-auslandssendungen-id641207.html","url":"https:\/\/www.rri.ro\/de\/ueber-uns\/rri-geschichte\/zur-geschichte-des-rumaenischen-rundfunks-und-seiner-auslandssendungen-id641207.html","name":"Zur Geschichte des Rum\u00e4nischen Rundfunks und seiner Auslandssendungen - Radio Rum\u00e4nien International","isPartOf":{"@id":"https:\/\/www.rri.ro\/#website"},"primaryImageOfPage":{"@id":"https:\/\/www.rri.ro\/de\/ueber-uns\/rri-geschichte\/zur-geschichte-des-rumaenischen-rundfunks-und-seiner-auslandssendungen-id641207.html#primaryimage"},"image":{"@id":"https:\/\/www.rri.ro\/de\/ueber-uns\/rri-geschichte\/zur-geschichte-des-rumaenischen-rundfunks-und-seiner-auslandssendungen-id641207.html#primaryimage"},"thumbnailUrl":"https:\/\/www.rri.ro\/wp-content\/uploads\/2023\/10\/Radiodifuziuneaiarna-noaptea.jpg","datePublished":"2013-06-23T09:00:00+00:00","author":{"@id":"https:\/\/www.rri.ro\/#\/schema\/person\/7e1d12a0ddf50bb2d58f812a617e5eaa"},"breadcrumb":{"@id":"https:\/\/www.rri.ro\/de\/ueber-uns\/rri-geschichte\/zur-geschichte-des-rumaenischen-rundfunks-und-seiner-auslandssendungen-id641207.html#breadcrumb"},"inLanguage":"de","potentialAction":[{"@type":"ReadAction","target":["https:\/\/www.rri.ro\/de\/ueber-uns\/rri-geschichte\/zur-geschichte-des-rumaenischen-rundfunks-und-seiner-auslandssendungen-id641207.html"]}]},{"@type":"ImageObject","inLanguage":"de","@id":"https:\/\/www.rri.ro\/de\/ueber-uns\/rri-geschichte\/zur-geschichte-des-rumaenischen-rundfunks-und-seiner-auslandssendungen-id641207.html#primaryimage","url":"https:\/\/www.rri.ro\/wp-content\/uploads\/2023\/10\/Radiodifuziuneaiarna-noaptea.jpg","contentUrl":"https:\/\/www.rri.ro\/wp-content\/uploads\/2023\/10\/Radiodifuziuneaiarna-noaptea.jpg","width":950,"height":712},{"@type":"BreadcrumbList","@id":"https:\/\/www.rri.ro\/de\/ueber-uns\/rri-geschichte\/zur-geschichte-des-rumaenischen-rundfunks-und-seiner-auslandssendungen-id641207.html#breadcrumb","itemListElement":[{"@type":"ListItem","position":1,"name":"Startseite","item":"https:\/\/www.rri.ro\/de"},{"@type":"ListItem","position":2,"name":"\u00dcber uns","item":"https:\/\/www.rri.ro\/de\/ueber-uns"},{"@type":"ListItem","position":3,"name":"RRI-Geschichte","item":"https:\/\/www.rri.ro\/de\/ueber-uns\/rri-geschichte"},{"@type":"ListItem","position":4,"name":"Zur Geschichte des Rum\u00e4nischen Rundfunks und seiner Auslandssendungen"}]},{"@type":"WebSite","@id":"https:\/\/www.rri.ro\/#website","url":"https:\/\/www.rri.ro\/","name":"Radio Rum\u00e4nien International","description":"Totul despre Rom\u00e2nia \u015fi rom\u00e2ni, \u00een 13 limbi\/dialecte!","inLanguage":"de"},{"@type":"Person","@id":"https:\/\/www.rri.ro\/#\/schema\/person\/7e1d12a0ddf50bb2d58f812a617e5eaa","name":"Eugen Cojocariu","url":"https:\/\/www.rri.ro\/de\/author\/eugen-cojocariu"}]}},"_links":{"self":[{"href":"https:\/\/www.rri.ro\/de\/wp-json\/wp\/v2\/posts\/641207","targetHints":{"allow":["GET"]}}],"collection":[{"href":"https:\/\/www.rri.ro\/de\/wp-json\/wp\/v2\/posts"}],"about":[{"href":"https:\/\/www.rri.ro\/de\/wp-json\/wp\/v2\/types\/post"}],"author":[{"embeddable":true,"href":"https:\/\/www.rri.ro\/de\/wp-json\/wp\/v2\/users\/28"}],"replies":[{"embeddable":true,"href":"https:\/\/www.rri.ro\/de\/wp-json\/wp\/v2\/comments?post=641207"}],"version-history":[{"count":0,"href":"https:\/\/www.rri.ro\/de\/wp-json\/wp\/v2\/posts\/641207\/revisions"}],"wp:featuredmedia":[{"embeddable":true,"href":"https:\/\/www.rri.ro\/de\/wp-json\/wp\/v2\/media\/424450"}],"wp:attachment":[{"href":"https:\/\/www.rri.ro\/de\/wp-json\/wp\/v2\/media?parent=641207"}],"wp:term":[{"taxonomy":"category","embeddable":true,"href":"https:\/\/www.rri.ro\/de\/wp-json\/wp\/v2\/categories?post=641207"},{"taxonomy":"post_tag","embeddable":true,"href":"https:\/\/www.rri.ro\/de\/wp-json\/wp\/v2\/tags?post=641207"},{"taxonomy":"author","embeddable":true,"href":"https:\/\/www.rri.ro\/de\/wp-json\/wp\/v2\/coauthors?post=641207"}],"curies":[{"name":"wp","href":"https:\/\/api.w.org\/{rel}","templated":true}]}}