{"id":641223,"date":"2014-03-10T13:32:00","date_gmt":"2014-03-10T11:32:00","guid":{"rendered":"http:\/\/devrri.freshlemon.ro\/aktuell\/sommerfrequenzen-2014-id641223.html"},"modified":"2014-03-10T13:32:00","modified_gmt":"2014-03-10T11:32:00","slug":"sommerfrequenzen-2014","status":"publish","type":"post","link":"https:\/\/www.rri.ro\/de\/ueber-uns\/frequenzen\/sommerfrequenzen-2014-id641223.html","title":{"rendered":"Sommerfrequenzen 2014"},"content":{"rendered":"<p>Am 30. M\u00e4rz 2014 stellt Rum\u00e4nien auf Sommerzeit um und wechselt damit auch die Frequenzen der Auslandsprogramme seines \u00d6ffentlich-Rechtlichen Rundfunksenders.<\/p>\n<p>&#13;<br \/>\n&#13;<\/p>\n<p>&#13;<br \/>\n&#13;<\/p>\n<p>In der Zeit vom 30.03.2014 bis einschlie\u200e\u00dflich 25.10.2014 k\u00f6nnen Sie die deutschsprachigen Programme von RRI auf folgenden Wellenl\u00e4ngen \u00fcber analoge Kurzwelle und via DRM empfangen:<\/p>\n<p>&#13;<br \/>\n&#13;<\/p>\n<p>&#13;<br \/>\n&#13;<\/p>\n<p>&#13;<br \/>\n&#13;<\/p>\n<p>&#13;<br \/>\n&#13;<\/p>\n<p>&#13;<br \/>\n&#13;<\/p>\n<p>&#13;<br \/>\n&#13;<\/p>\n<p>&#13;<br \/>\n&#13;<\/p>\n<p>&#13;<br \/>\n&#13;<\/p>\n<table align=center border=1 width=75%>&#13;<\/p>\n<tbody>&#13;<\/p>\n<tr>&#13;<\/p>\n<td align=center style=font-size: 9pt; font-weight: bold>Uhrzeit (UTC)<\/td>\n<p>&#13;<\/p>\n<td align=center style=font-size: 9pt; font-weight: bold>Frequenz (kHz)<\/td>\n<p>&#13;<\/p>\n<td align=center style=font-size: 9pt; font-weight: bold>Meterband<\/td>\n<p>&#13;<\/p>\n<td align=center style=font-size: 9pt; font-weight: bold>Zielgebiet<\/td>\n<p>&#13;<br \/>\n\t\t<\/tr>\n<p>&#13;<\/p>\n<tr>&#13;<\/p>\n<td align=center style=font-size: 9pt>06.00 &#8211; 06.30<\/td>\n<p>&#13;<\/p>\n<td align=center style=font-size: 9pt><span style=color:#FF0000>7.435 DRM<br \/>&#13;<br \/>\n\t\t\t9.700<\/span><\/td>\n<p>&#13;<\/p>\n<td align=center style=font-size: 9pt>41<br \/>&#13;<br \/>\n\t\t\t31<\/td>\n<p>&#13;<\/p>\n<td align=center rowspan=1 style=font-size: 9pt>Mittel- und Westeuropa<\/td>\n<p>&#13;<br \/>\n\t\t<\/tr>\n<p>&#13;<\/p>\n<tr style=font-size: 9pt>&#13;<\/p>\n<td align=center style=font-size: 9pt>12.00 &#8211; 13.00<\/td>\n<p>&#13;<\/p>\n<td align=center style=font-size: 9pt><span style=color:#FF0000>9.675<br \/>&#13;<br \/>\n\t\t\t<span style=color:#FF0000>11.875<\/span><\/span><\/td>\n<p>&#13;<\/p>\n<td align=center style=font-size: 9pt>31<br \/>&#13;<br \/>\n\t\t\t25<\/td>\n<p>&#13;<\/p>\n<td align=center rowspan=1 style=font-size: 9pt>Mittel- und Westeuropa<\/td>\n<p>&#13;<br \/>\n\t\t<\/tr>\n<p>&#13;<\/p>\n<tr style=font-size: 9pt>&#13;<\/p>\n<td align=center style=font-size: 9pt>18.00 &#8211; 19.00<\/td>\n<p>&#13;<\/p>\n<td align=center style=font-size: 9pt><span style=color:#FF0000>7.300<br \/>&#13;<br \/>\n\t\t\t<span style=color:#FF0000>9.540 DRM<\/span><\/span><\/td>\n<p>&#13;<\/p>\n<td align=center style=font-size: 9pt>41<br \/>&#13;<br \/>\n\t\t\t31<\/td>\n<p>&#13;<\/p>\n<td align=center rowspan=1 style=font-size: 9pt>Mittel- und Westeuropa<\/td>\n<p>&#13;<br \/>\n\t\t<\/tr>\n<p>&#13;<br \/>\n\t<\/tbody>\n<p>&#13;<br \/>\n<\/table>\n<p>&#13;<br \/>\n&#13;<\/p>\n<p>&#13;<br \/>\n&#13;<\/p>\n<p>&#13;<br \/>\n&#13;<\/p>\n<p>&#13;<\/p>\n","protected":false},"excerpt":{"rendered":"<p>Am 30. M\u00e4rz 2014 stellt Rum\u00e4nien auf Sommerzeit um und wechselt damit auch die Frequenzen der Auslandsprogramme seines \u00d6ffentlich-Rechtlichen Rundfunksenders.<\/p>\n","protected":false},"author":2,"featured_media":528496,"comment_status":"closed","ping_status":"closed","sticky":false,"template":"","format":"standard","meta":{"_acf_changed":false,"footnotes":""},"categories":[116780],"tags":[128288,129217,116921,132133],"coauthors":[],"class_list":["post-641223","post","type-post","status-publish","format-standard","has-post-thumbnail","hentry","category-frequenzen","tag-frequenzen","tag-kurzwelle","tag-radio-rumaenien-international","tag-sommer-2014"],"acf":[],"yoast_head":"<!-- This site is optimized with the Yoast SEO plugin v27.3 - https:\/\/yoast.com\/product\/yoast-seo-wordpress\/ -->\n<title>Sommerfrequenzen 2014 - Radio Rum\u00e4nien International<\/title>\n<meta name=\"robots\" content=\"index, follow, max-snippet:-1, max-image-preview:large, max-video-preview:-1\" \/>\n<link rel=\"canonical\" href=\"https:\/\/www.rri.ro\/de\/ueber-uns\/frequenzen\/sommerfrequenzen-2014-id641223.html\" \/>\n<meta property=\"og:locale\" content=\"de_DE\" \/>\n<meta property=\"og:type\" content=\"article\" \/>\n<meta property=\"og:title\" content=\"Sommerfrequenzen 2014 - Radio Rum\u00e4nien International\" \/>\n<meta property=\"og:description\" content=\"Am 30. M\u00e4rz 2014 stellt Rum\u00e4nien auf Sommerzeit um und wechselt damit auch die Frequenzen der Auslandsprogramme seines \u00d6ffentlich-Rechtlichen Rundfunksenders.\" \/>\n<meta property=\"og:url\" content=\"https:\/\/www.rri.ro\/de\/ueber-uns\/frequenzen\/sommerfrequenzen-2014-id641223.html\" \/>\n<meta property=\"og:site_name\" content=\"Radio Rum\u00e4nien International\" \/>\n<meta property=\"article:published_time\" content=\"2014-03-10T11:32:00+00:00\" \/>\n<meta property=\"og:image\" content=\"https:\/\/www.rri.ro\/wp-content\/uploads\/2023\/10\/antene-cheia-850.jpg\" \/>\n\t<meta property=\"og:image:width\" content=\"640\" \/>\n\t<meta property=\"og:image:height\" content=\"480\" \/>\n\t<meta property=\"og:image:type\" content=\"image\/png\" \/>\n<meta name=\"author\" content=\"Rom\u00e2nia Interna\u021bional\" \/>\n<meta name=\"twitter:card\" content=\"summary_large_image\" \/>\n<meta name=\"twitter:label1\" content=\"Verfasst von\" \/>\n\t<meta name=\"twitter:data1\" content=\"Rom\u00e2nia Interna\u021bional\" \/>\n\t<meta name=\"twitter:label2\" content=\"Written by\" \/>\n\t<meta name=\"twitter:data2\" content=\"Rom\u00e2nia Interna\u021bional\" \/>\n<script type=\"application\/ld+json\" class=\"yoast-schema-graph\">{\"@context\":\"https:\\\/\\\/schema.org\",\"@graph\":[{\"@type\":\"Article\",\"@id\":\"https:\\\/\\\/www.rri.ro\\\/de\\\/ueber-uns\\\/frequenzen\\\/sommerfrequenzen-2014-id641223.html#article\",\"isPartOf\":{\"@id\":\"https:\\\/\\\/www.rri.ro\\\/de\\\/ueber-uns\\\/frequenzen\\\/sommerfrequenzen-2014-id641223.html\"},\"author\":{\"name\":\"Rom\u00e2nia Interna\u021bional\",\"@id\":\"https:\\\/\\\/www.rri.ro\\\/#\\\/schema\\\/person\\\/18fac491bccbfe149b92aea77ad60abd\"},\"headline\":\"Sommerfrequenzen 2014\",\"datePublished\":\"2014-03-10T11:32:00+00:00\",\"mainEntityOfPage\":{\"@id\":\"https:\\\/\\\/www.rri.ro\\\/de\\\/ueber-uns\\\/frequenzen\\\/sommerfrequenzen-2014-id641223.html\"},\"wordCount\":67,\"image\":{\"@id\":\"https:\\\/\\\/www.rri.ro\\\/de\\\/ueber-uns\\\/frequenzen\\\/sommerfrequenzen-2014-id641223.html#primaryimage\"},\"thumbnailUrl\":\"https:\\\/\\\/www.rri.ro\\\/wp-content\\\/uploads\\\/2023\\\/10\\\/antene-cheia-850.jpg\",\"keywords\":[\"Frequenzen\",\"Kurzwelle\",\"Radio Rum\u00e4nien International\",\"Sommer 2014\"],\"articleSection\":[\"Frequenzen\"],\"inLanguage\":\"de\"},{\"@type\":\"WebPage\",\"@id\":\"https:\\\/\\\/www.rri.ro\\\/de\\\/ueber-uns\\\/frequenzen\\\/sommerfrequenzen-2014-id641223.html\",\"url\":\"https:\\\/\\\/www.rri.ro\\\/de\\\/ueber-uns\\\/frequenzen\\\/sommerfrequenzen-2014-id641223.html\",\"name\":\"Sommerfrequenzen 2014 - Radio Rum\u00e4nien International\",\"isPartOf\":{\"@id\":\"https:\\\/\\\/www.rri.ro\\\/#website\"},\"primaryImageOfPage\":{\"@id\":\"https:\\\/\\\/www.rri.ro\\\/de\\\/ueber-uns\\\/frequenzen\\\/sommerfrequenzen-2014-id641223.html#primaryimage\"},\"image\":{\"@id\":\"https:\\\/\\\/www.rri.ro\\\/de\\\/ueber-uns\\\/frequenzen\\\/sommerfrequenzen-2014-id641223.html#primaryimage\"},\"thumbnailUrl\":\"https:\\\/\\\/www.rri.ro\\\/wp-content\\\/uploads\\\/2023\\\/10\\\/antene-cheia-850.jpg\",\"datePublished\":\"2014-03-10T11:32:00+00:00\",\"author\":{\"@id\":\"https:\\\/\\\/www.rri.ro\\\/#\\\/schema\\\/person\\\/18fac491bccbfe149b92aea77ad60abd\"},\"breadcrumb\":{\"@id\":\"https:\\\/\\\/www.rri.ro\\\/de\\\/ueber-uns\\\/frequenzen\\\/sommerfrequenzen-2014-id641223.html#breadcrumb\"},\"inLanguage\":\"de\",\"potentialAction\":[{\"@type\":\"ReadAction\",\"target\":[\"https:\\\/\\\/www.rri.ro\\\/de\\\/ueber-uns\\\/frequenzen\\\/sommerfrequenzen-2014-id641223.html\"]}]},{\"@type\":\"ImageObject\",\"inLanguage\":\"de\",\"@id\":\"https:\\\/\\\/www.rri.ro\\\/de\\\/ueber-uns\\\/frequenzen\\\/sommerfrequenzen-2014-id641223.html#primaryimage\",\"url\":\"https:\\\/\\\/www.rri.ro\\\/wp-content\\\/uploads\\\/2023\\\/10\\\/antene-cheia-850.jpg\",\"contentUrl\":\"https:\\\/\\\/www.rri.ro\\\/wp-content\\\/uploads\\\/2023\\\/10\\\/antene-cheia-850.jpg\",\"width\":640,\"height\":480},{\"@type\":\"BreadcrumbList\",\"@id\":\"https:\\\/\\\/www.rri.ro\\\/de\\\/ueber-uns\\\/frequenzen\\\/sommerfrequenzen-2014-id641223.html#breadcrumb\",\"itemListElement\":[{\"@type\":\"ListItem\",\"position\":1,\"name\":\"Startseite\",\"item\":\"https:\\\/\\\/www.rri.ro\\\/de\"},{\"@type\":\"ListItem\",\"position\":2,\"name\":\"\u00dcber uns\",\"item\":\"https:\\\/\\\/www.rri.ro\\\/de\\\/ueber-uns\"},{\"@type\":\"ListItem\",\"position\":3,\"name\":\"Frequenzen\",\"item\":\"https:\\\/\\\/www.rri.ro\\\/de\\\/ueber-uns\\\/frequenzen\"},{\"@type\":\"ListItem\",\"position\":4,\"name\":\"Sommerfrequenzen 2014\"}]},{\"@type\":\"WebSite\",\"@id\":\"https:\\\/\\\/www.rri.ro\\\/#website\",\"url\":\"https:\\\/\\\/www.rri.ro\\\/\",\"name\":\"Radio Rum\u00e4nien International\",\"description\":\"Totul despre Rom\u00e2nia \u015fi rom\u00e2ni, \u00een 13 limbi\\\/dialecte!\",\"inLanguage\":\"de\"},{\"@type\":\"Person\",\"@id\":\"https:\\\/\\\/www.rri.ro\\\/#\\\/schema\\\/person\\\/18fac491bccbfe149b92aea77ad60abd\",\"name\":\"Rom\u00e2nia Interna\u021bional\",\"url\":\"https:\\\/\\\/www.rri.ro\\\/de\\\/author\\\/redactia\"}]}<\/script>\n<!-- \/ Yoast SEO plugin. -->","yoast_head_json":{"title":"Sommerfrequenzen 2014 - Radio Rum\u00e4nien International","robots":{"index":"index","follow":"follow","max-snippet":"max-snippet:-1","max-image-preview":"max-image-preview:large","max-video-preview":"max-video-preview:-1"},"canonical":"https:\/\/www.rri.ro\/de\/ueber-uns\/frequenzen\/sommerfrequenzen-2014-id641223.html","og_locale":"de_DE","og_type":"article","og_title":"Sommerfrequenzen 2014 - Radio Rum\u00e4nien International","og_description":"Am 30. M\u00e4rz 2014 stellt Rum\u00e4nien auf Sommerzeit um und wechselt damit auch die Frequenzen der Auslandsprogramme seines \u00d6ffentlich-Rechtlichen Rundfunksenders.","og_url":"https:\/\/www.rri.ro\/de\/ueber-uns\/frequenzen\/sommerfrequenzen-2014-id641223.html","og_site_name":"Radio Rum\u00e4nien International","article_published_time":"2014-03-10T11:32:00+00:00","og_image":[{"width":640,"height":480,"url":"https:\/\/www.rri.ro\/wp-content\/uploads\/2023\/10\/antene-cheia-850.jpg","type":"image\/png"}],"author":"Rom\u00e2nia Interna\u021bional","twitter_card":"summary_large_image","twitter_misc":{"Verfasst von":"Rom\u00e2nia Interna\u021bional","Written by":"Rom\u00e2nia Interna\u021bional"},"schema":{"@context":"https:\/\/schema.org","@graph":[{"@type":"Article","@id":"https:\/\/www.rri.ro\/de\/ueber-uns\/frequenzen\/sommerfrequenzen-2014-id641223.html#article","isPartOf":{"@id":"https:\/\/www.rri.ro\/de\/ueber-uns\/frequenzen\/sommerfrequenzen-2014-id641223.html"},"author":{"name":"Rom\u00e2nia Interna\u021bional","@id":"https:\/\/www.rri.ro\/#\/schema\/person\/18fac491bccbfe149b92aea77ad60abd"},"headline":"Sommerfrequenzen 2014","datePublished":"2014-03-10T11:32:00+00:00","mainEntityOfPage":{"@id":"https:\/\/www.rri.ro\/de\/ueber-uns\/frequenzen\/sommerfrequenzen-2014-id641223.html"},"wordCount":67,"image":{"@id":"https:\/\/www.rri.ro\/de\/ueber-uns\/frequenzen\/sommerfrequenzen-2014-id641223.html#primaryimage"},"thumbnailUrl":"https:\/\/www.rri.ro\/wp-content\/uploads\/2023\/10\/antene-cheia-850.jpg","keywords":["Frequenzen","Kurzwelle","Radio Rum\u00e4nien International","Sommer 2014"],"articleSection":["Frequenzen"],"inLanguage":"de"},{"@type":"WebPage","@id":"https:\/\/www.rri.ro\/de\/ueber-uns\/frequenzen\/sommerfrequenzen-2014-id641223.html","url":"https:\/\/www.rri.ro\/de\/ueber-uns\/frequenzen\/sommerfrequenzen-2014-id641223.html","name":"Sommerfrequenzen 2014 - Radio Rum\u00e4nien International","isPartOf":{"@id":"https:\/\/www.rri.ro\/#website"},"primaryImageOfPage":{"@id":"https:\/\/www.rri.ro\/de\/ueber-uns\/frequenzen\/sommerfrequenzen-2014-id641223.html#primaryimage"},"image":{"@id":"https:\/\/www.rri.ro\/de\/ueber-uns\/frequenzen\/sommerfrequenzen-2014-id641223.html#primaryimage"},"thumbnailUrl":"https:\/\/www.rri.ro\/wp-content\/uploads\/2023\/10\/antene-cheia-850.jpg","datePublished":"2014-03-10T11:32:00+00:00","author":{"@id":"https:\/\/www.rri.ro\/#\/schema\/person\/18fac491bccbfe149b92aea77ad60abd"},"breadcrumb":{"@id":"https:\/\/www.rri.ro\/de\/ueber-uns\/frequenzen\/sommerfrequenzen-2014-id641223.html#breadcrumb"},"inLanguage":"de","potentialAction":[{"@type":"ReadAction","target":["https:\/\/www.rri.ro\/de\/ueber-uns\/frequenzen\/sommerfrequenzen-2014-id641223.html"]}]},{"@type":"ImageObject","inLanguage":"de","@id":"https:\/\/www.rri.ro\/de\/ueber-uns\/frequenzen\/sommerfrequenzen-2014-id641223.html#primaryimage","url":"https:\/\/www.rri.ro\/wp-content\/uploads\/2023\/10\/antene-cheia-850.jpg","contentUrl":"https:\/\/www.rri.ro\/wp-content\/uploads\/2023\/10\/antene-cheia-850.jpg","width":640,"height":480},{"@type":"BreadcrumbList","@id":"https:\/\/www.rri.ro\/de\/ueber-uns\/frequenzen\/sommerfrequenzen-2014-id641223.html#breadcrumb","itemListElement":[{"@type":"ListItem","position":1,"name":"Startseite","item":"https:\/\/www.rri.ro\/de"},{"@type":"ListItem","position":2,"name":"\u00dcber uns","item":"https:\/\/www.rri.ro\/de\/ueber-uns"},{"@type":"ListItem","position":3,"name":"Frequenzen","item":"https:\/\/www.rri.ro\/de\/ueber-uns\/frequenzen"},{"@type":"ListItem","position":4,"name":"Sommerfrequenzen 2014"}]},{"@type":"WebSite","@id":"https:\/\/www.rri.ro\/#website","url":"https:\/\/www.rri.ro\/","name":"Radio Rum\u00e4nien International","description":"Totul despre Rom\u00e2nia \u015fi rom\u00e2ni, \u00een 13 limbi\/dialecte!","inLanguage":"de"},{"@type":"Person","@id":"https:\/\/www.rri.ro\/#\/schema\/person\/18fac491bccbfe149b92aea77ad60abd","name":"Rom\u00e2nia Interna\u021bional","url":"https:\/\/www.rri.ro\/de\/author\/redactia"}]}},"_links":{"self":[{"href":"https:\/\/www.rri.ro\/de\/wp-json\/wp\/v2\/posts\/641223","targetHints":{"allow":["GET"]}}],"collection":[{"href":"https:\/\/www.rri.ro\/de\/wp-json\/wp\/v2\/posts"}],"about":[{"href":"https:\/\/www.rri.ro\/de\/wp-json\/wp\/v2\/types\/post"}],"author":[{"embeddable":true,"href":"https:\/\/www.rri.ro\/de\/wp-json\/wp\/v2\/users\/2"}],"replies":[{"embeddable":true,"href":"https:\/\/www.rri.ro\/de\/wp-json\/wp\/v2\/comments?post=641223"}],"version-history":[{"count":0,"href":"https:\/\/www.rri.ro\/de\/wp-json\/wp\/v2\/posts\/641223\/revisions"}],"wp:featuredmedia":[{"embeddable":true,"href":"https:\/\/www.rri.ro\/de\/wp-json\/wp\/v2\/media\/528496"}],"wp:attachment":[{"href":"https:\/\/www.rri.ro\/de\/wp-json\/wp\/v2\/media?parent=641223"}],"wp:term":[{"taxonomy":"category","embeddable":true,"href":"https:\/\/www.rri.ro\/de\/wp-json\/wp\/v2\/categories?post=641223"},{"taxonomy":"post_tag","embeddable":true,"href":"https:\/\/www.rri.ro\/de\/wp-json\/wp\/v2\/tags?post=641223"},{"taxonomy":"author","embeddable":true,"href":"https:\/\/www.rri.ro\/de\/wp-json\/wp\/v2\/coauthors?post=641223"}],"curies":[{"name":"wp","href":"https:\/\/api.w.org\/{rel}","templated":true}]}}