{"id":641230,"date":"2017-10-29T00:00:00","date_gmt":"2017-10-28T21:00:00","guid":{"rendered":"http:\/\/devrri.freshlemon.ro\/aktuell\/winterfrequenzen-2017-2018-id641230.html"},"modified":"2017-10-29T00:00:00","modified_gmt":"2017-10-28T21:00:00","slug":"winterfrequenzen-2017-2018","status":"publish","type":"post","link":"https:\/\/www.rri.ro\/de\/ueber-uns\/frequenzen\/winterfrequenzen-2017-2018-id641230.html","title":{"rendered":"Winterfrequenzen 2017\/2018"},"content":{"rendered":"<\/p>\n<p>&#13;<br \/>\n&#13;<\/p>\n<div align=left>Am 29. Oktober 2017 stellt Rum\u00e4nien auf Winterzeit um und wechselt damit auch die Frequenzen der Auslandsprogramme seines \u00d6ffentlich-Rechtlichen Rundfunksenders.&#13;<\/p>\n<p>&#13;<br \/>\n&#13;<\/p>\n<p>&#13;<br \/>\n&#13;<\/p>\n<p>In der Zeit vom 29.10.2017 bis einschlie\u200e\u00dflich 24.03.2018 k\u00f6nnen Sie die deutschsprachigen Programme von RRI auf folgenden Wellenl\u00e4ngen \u00fcber analoge Kurzwelle und via DRM empfangen:<\/p>\n<p>&#13;\n<\/p><\/div>\n<p>&#13;<br \/>\n&#13;<\/p>\n<p>&#13;<br \/>\n&#13;<\/p>\n<table align=center border=1 width=75%>&#13;<\/p>\n<tbody>&#13;<\/p>\n<tr>&#13;<\/p>\n<td align=center style=font-size: 9pt; font-weight: bold;>Uhrzeit (UTC)<\/td>\n<p>&#13;<\/p>\n<td align=center style=font-size: 9pt; font-weight: bold;>Frequenz (kHz)<\/td>\n<p>&#13;<\/p>\n<td align=center style=font-size: 9pt; font-weight: bold;>Meterband<\/td>\n<p>&#13;<\/p>\n<td align=center style=font-size: 9pt; font-weight: bold;>Zielgebiet<\/td>\n<p>&#13;<br \/>\n\t\t<\/tr>\n<p>&#13;<\/p>\n<tr>&#13;<\/p>\n<td align=center style=font-size: 9pt;>07.00 &#8211; 07.30<\/td>\n<p>&#13;<\/p>\n<td align=center style=font-size: 9pt;><strong><span style=color: rgb(255, 0, 0); line-height: 20.8px;>9.770 DRM<\/span><\/strong><br \/>&#13;<br \/>\n\t\t\t7.345<\/td>\n<p>&#13;<\/p>\n<td align=center style=font-size: 9pt;>31<br \/>&#13;<br \/>\n\t\t\t41<\/td>\n<p>&#13;<\/p>\n<td align=center rowspan=1 style=font-size: 9pt;>Mittel- und Westeuropa<\/td>\n<p>&#13;<br \/>\n\t\t<\/tr>\n<p>&#13;<\/p>\n<tr style=font-size: 9pt;>&#13;<\/p>\n<td align=center style=font-size: 9pt;>15.00 &#8211; 16.00<\/td>\n<p>&#13;<\/p>\n<td align=center style=font-size: 9pt;>6.040<br \/>&#13;<br \/>\n\t\t\t7.330<\/td>\n<p>&#13;<\/p>\n<td align=center style=font-size: 9pt;>49<br \/>&#13;<br \/>\n\t\t\t41<\/td>\n<p>&#13;<\/p>\n<td align=center rowspan=1 style=font-size: 9pt;>Mittel- und Westeuropa<\/td>\n<p>&#13;<br \/>\n\t\t<\/tr>\n<p>&#13;<\/p>\n<tr style=font-size: 9pt;>&#13;<\/p>\n<td align=center style=font-size: 9pt;>19.00 &#8211; 20.00<\/td>\n<p>&#13;<\/p>\n<td align=center style=font-size: 9pt;><strong><span style=color: rgb(255, 0, 0); line-height: 20.8px;>7.235 DRM<\/span><\/strong><br \/>&#13;<br \/>\n\t\t\t6.180<\/td>\n<p>&#13;<\/p>\n<td align=center style=font-size: 9pt;>41<br \/>&#13;<br \/>\n\t\t\t49<\/td>\n<p>&#13;<\/p>\n<td align=center rowspan=1 style=font-size: 9pt;>Mittel- und Westeuropa<\/td>\n<p>&#13;<br \/>\n\t\t<\/tr>\n<p>&#13;<br \/>\n\t<\/tbody>\n<p>&#13;<br \/>\n<\/table>\n<p>&#13;<\/p>\n","protected":false},"excerpt":{"rendered":"<p>Hier erfahren Sie die f\u00fcr die Zeitspanne 29.10.2017. &#8211; 24.03.2018 g\u00fcltigen Kurzwellen-Frequenzen f\u00fcr den analogen und digitalen Empfang unserer deutschsprachigen Programme.<\/p>\n","protected":false},"author":103,"featured_media":216513,"comment_status":"closed","ping_status":"closed","sticky":false,"template":"","format":"standard","meta":{"_acf_changed":false,"footnotes":""},"categories":[116780],"tags":[129217,116921,2017,2018,129261],"coauthors":[],"class_list":["post-641230","post","type-post","status-publish","format-standard","has-post-thumbnail","hentry","category-frequenzen","tag-kurzwelle","tag-radio-rumaenien-international","tag-vaccinare-covid19-romania-reactii-adverse-pfizer-moderna-astrazeneca","tag-vaccinare-romania-covid19-efecte-adverse","tag-winterfrequenzen"],"acf":[],"yoast_head":"<!-- This site is optimized with the Yoast SEO plugin v27.5 - https:\/\/yoast.com\/product\/yoast-seo-wordpress\/ -->\n<title>Winterfrequenzen 2017\/2018 - Radio Rum\u00e4nien International<\/title>\n<meta name=\"robots\" content=\"index, follow, max-snippet:-1, max-image-preview:large, max-video-preview:-1\" \/>\n<link rel=\"canonical\" href=\"https:\/\/www.rri.ro\/de\/ueber-uns\/frequenzen\/winterfrequenzen-2017-2018-id641230.html\" \/>\n<meta property=\"og:locale\" content=\"de_DE\" \/>\n<meta property=\"og:type\" content=\"article\" \/>\n<meta property=\"og:title\" content=\"Winterfrequenzen 2017\/2018 - Radio Rum\u00e4nien International\" \/>\n<meta property=\"og:description\" content=\"Hier erfahren Sie die f\u00fcr die Zeitspanne 29.10.2017. - 24.03.2018 g\u00fcltigen Kurzwellen-Frequenzen f\u00fcr den analogen und digitalen Empfang unserer deutschsprachigen Programme.\" \/>\n<meta property=\"og:url\" content=\"https:\/\/www.rri.ro\/de\/ueber-uns\/frequenzen\/winterfrequenzen-2017-2018-id641230.html\" \/>\n<meta property=\"og:site_name\" content=\"Radio Rum\u00e4nien International\" \/>\n<meta property=\"article:published_time\" content=\"2017-10-28T21:00:00+00:00\" \/>\n<meta property=\"og:image\" content=\"https:\/\/www.rri.ro\/wp-content\/uploads\/2023\/10\/tiganesti-antene-us-foto-rri.png\" \/>\n\t<meta property=\"og:image:width\" content=\"640\" \/>\n\t<meta property=\"og:image:height\" content=\"427\" \/>\n\t<meta property=\"og:image:type\" content=\"image\/png\" \/>\n<meta name=\"author\" content=\"Radio Rom\u00e2nia\" \/>\n<meta name=\"twitter:card\" content=\"summary_large_image\" \/>\n<meta name=\"twitter:label1\" content=\"Verfasst von\" \/>\n\t<meta name=\"twitter:data1\" content=\"Radio Rom\u00e2nia\" \/>\n\t<meta name=\"twitter:label2\" content=\"Written by\" \/>\n\t<meta name=\"twitter:data2\" content=\"Radio Rom\u00e2nia\" \/>\n<script type=\"application\/ld+json\" class=\"yoast-schema-graph\">{\"@context\":\"https:\\\/\\\/schema.org\",\"@graph\":[{\"@type\":\"Article\",\"@id\":\"https:\\\/\\\/www.rri.ro\\\/de\\\/ueber-uns\\\/frequenzen\\\/winterfrequenzen-2017-2018-id641230.html#article\",\"isPartOf\":{\"@id\":\"https:\\\/\\\/www.rri.ro\\\/de\\\/ueber-uns\\\/frequenzen\\\/winterfrequenzen-2017-2018-id641230.html\"},\"author\":{\"name\":\"Radio Rom\u00e2nia\",\"@id\":\"https:\\\/\\\/www.rri.ro\\\/#\\\/schema\\\/person\\\/67a5968ae4048120bd859e71a3615e7f\"},\"headline\":\"Winterfrequenzen 2017\\\/2018\",\"datePublished\":\"2017-10-28T21:00:00+00:00\",\"mainEntityOfPage\":{\"@id\":\"https:\\\/\\\/www.rri.ro\\\/de\\\/ueber-uns\\\/frequenzen\\\/winterfrequenzen-2017-2018-id641230.html\"},\"wordCount\":66,\"image\":{\"@id\":\"https:\\\/\\\/www.rri.ro\\\/de\\\/ueber-uns\\\/frequenzen\\\/winterfrequenzen-2017-2018-id641230.html#primaryimage\"},\"thumbnailUrl\":\"https:\\\/\\\/www.rri.ro\\\/wp-content\\\/uploads\\\/2023\\\/10\\\/tiganesti-antene-us-foto-rri.png\",\"keywords\":[\"Kurzwelle\",\"Radio Rum\u00e4nien International\",\"vaccinare, COVID19, Romania, reactii adverse, Pfizer, Moderna, AstraZeneca\",\"vaccinare, Romania, COVID19, efecte adverse\",\"Winterfrequenzen\"],\"articleSection\":[\"Frequenzen\"],\"inLanguage\":\"de\"},{\"@type\":\"WebPage\",\"@id\":\"https:\\\/\\\/www.rri.ro\\\/de\\\/ueber-uns\\\/frequenzen\\\/winterfrequenzen-2017-2018-id641230.html\",\"url\":\"https:\\\/\\\/www.rri.ro\\\/de\\\/ueber-uns\\\/frequenzen\\\/winterfrequenzen-2017-2018-id641230.html\",\"name\":\"Winterfrequenzen 2017\\\/2018 - Radio Rum\u00e4nien International\",\"isPartOf\":{\"@id\":\"https:\\\/\\\/www.rri.ro\\\/#website\"},\"primaryImageOfPage\":{\"@id\":\"https:\\\/\\\/www.rri.ro\\\/de\\\/ueber-uns\\\/frequenzen\\\/winterfrequenzen-2017-2018-id641230.html#primaryimage\"},\"image\":{\"@id\":\"https:\\\/\\\/www.rri.ro\\\/de\\\/ueber-uns\\\/frequenzen\\\/winterfrequenzen-2017-2018-id641230.html#primaryimage\"},\"thumbnailUrl\":\"https:\\\/\\\/www.rri.ro\\\/wp-content\\\/uploads\\\/2023\\\/10\\\/tiganesti-antene-us-foto-rri.png\",\"datePublished\":\"2017-10-28T21:00:00+00:00\",\"author\":{\"@id\":\"https:\\\/\\\/www.rri.ro\\\/#\\\/schema\\\/person\\\/67a5968ae4048120bd859e71a3615e7f\"},\"breadcrumb\":{\"@id\":\"https:\\\/\\\/www.rri.ro\\\/de\\\/ueber-uns\\\/frequenzen\\\/winterfrequenzen-2017-2018-id641230.html#breadcrumb\"},\"inLanguage\":\"de\",\"potentialAction\":[{\"@type\":\"ReadAction\",\"target\":[\"https:\\\/\\\/www.rri.ro\\\/de\\\/ueber-uns\\\/frequenzen\\\/winterfrequenzen-2017-2018-id641230.html\"]}]},{\"@type\":\"ImageObject\",\"inLanguage\":\"de\",\"@id\":\"https:\\\/\\\/www.rri.ro\\\/de\\\/ueber-uns\\\/frequenzen\\\/winterfrequenzen-2017-2018-id641230.html#primaryimage\",\"url\":\"https:\\\/\\\/www.rri.ro\\\/wp-content\\\/uploads\\\/2023\\\/10\\\/tiganesti-antene-us-foto-rri.png\",\"contentUrl\":\"https:\\\/\\\/www.rri.ro\\\/wp-content\\\/uploads\\\/2023\\\/10\\\/tiganesti-antene-us-foto-rri.png\",\"width\":640,\"height\":427},{\"@type\":\"BreadcrumbList\",\"@id\":\"https:\\\/\\\/www.rri.ro\\\/de\\\/ueber-uns\\\/frequenzen\\\/winterfrequenzen-2017-2018-id641230.html#breadcrumb\",\"itemListElement\":[{\"@type\":\"ListItem\",\"position\":1,\"name\":\"Startseite\",\"item\":\"https:\\\/\\\/www.rri.ro\\\/de\"},{\"@type\":\"ListItem\",\"position\":2,\"name\":\"\u00dcber uns\",\"item\":\"https:\\\/\\\/www.rri.ro\\\/de\\\/ueber-uns\"},{\"@type\":\"ListItem\",\"position\":3,\"name\":\"Frequenzen\",\"item\":\"https:\\\/\\\/www.rri.ro\\\/de\\\/ueber-uns\\\/frequenzen\"},{\"@type\":\"ListItem\",\"position\":4,\"name\":\"Winterfrequenzen 2017\\\/2018\"}]},{\"@type\":\"WebSite\",\"@id\":\"https:\\\/\\\/www.rri.ro\\\/#website\",\"url\":\"https:\\\/\\\/www.rri.ro\\\/\",\"name\":\"Radio Rum\u00e4nien International\",\"description\":\"Totul despre Rom\u00e2nia \u015fi rom\u00e2ni, \u00een 13 limbi\\\/dialecte!\",\"inLanguage\":\"de\"},{\"@type\":\"Person\",\"@id\":\"https:\\\/\\\/www.rri.ro\\\/#\\\/schema\\\/person\\\/67a5968ae4048120bd859e71a3615e7f\",\"name\":\"Radio Rom\u00e2nia\",\"url\":\"https:\\\/\\\/www.rri.ro\\\/de\\\/author\\\/radio-romania\"}]}<\/script>\n<!-- \/ Yoast SEO plugin. -->","yoast_head_json":{"title":"Winterfrequenzen 2017\/2018 - Radio Rum\u00e4nien International","robots":{"index":"index","follow":"follow","max-snippet":"max-snippet:-1","max-image-preview":"max-image-preview:large","max-video-preview":"max-video-preview:-1"},"canonical":"https:\/\/www.rri.ro\/de\/ueber-uns\/frequenzen\/winterfrequenzen-2017-2018-id641230.html","og_locale":"de_DE","og_type":"article","og_title":"Winterfrequenzen 2017\/2018 - Radio Rum\u00e4nien International","og_description":"Hier erfahren Sie die f\u00fcr die Zeitspanne 29.10.2017. - 24.03.2018 g\u00fcltigen Kurzwellen-Frequenzen f\u00fcr den analogen und digitalen Empfang unserer deutschsprachigen Programme.","og_url":"https:\/\/www.rri.ro\/de\/ueber-uns\/frequenzen\/winterfrequenzen-2017-2018-id641230.html","og_site_name":"Radio Rum\u00e4nien International","article_published_time":"2017-10-28T21:00:00+00:00","og_image":[{"width":640,"height":427,"url":"https:\/\/www.rri.ro\/wp-content\/uploads\/2023\/10\/tiganesti-antene-us-foto-rri.png","type":"image\/png"}],"author":"Radio Rom\u00e2nia","twitter_card":"summary_large_image","twitter_misc":{"Verfasst von":"Radio Rom\u00e2nia","Written by":"Radio Rom\u00e2nia"},"schema":{"@context":"https:\/\/schema.org","@graph":[{"@type":"Article","@id":"https:\/\/www.rri.ro\/de\/ueber-uns\/frequenzen\/winterfrequenzen-2017-2018-id641230.html#article","isPartOf":{"@id":"https:\/\/www.rri.ro\/de\/ueber-uns\/frequenzen\/winterfrequenzen-2017-2018-id641230.html"},"author":{"name":"Radio Rom\u00e2nia","@id":"https:\/\/www.rri.ro\/#\/schema\/person\/67a5968ae4048120bd859e71a3615e7f"},"headline":"Winterfrequenzen 2017\/2018","datePublished":"2017-10-28T21:00:00+00:00","mainEntityOfPage":{"@id":"https:\/\/www.rri.ro\/de\/ueber-uns\/frequenzen\/winterfrequenzen-2017-2018-id641230.html"},"wordCount":66,"image":{"@id":"https:\/\/www.rri.ro\/de\/ueber-uns\/frequenzen\/winterfrequenzen-2017-2018-id641230.html#primaryimage"},"thumbnailUrl":"https:\/\/www.rri.ro\/wp-content\/uploads\/2023\/10\/tiganesti-antene-us-foto-rri.png","keywords":["Kurzwelle","Radio Rum\u00e4nien International","vaccinare, COVID19, Romania, reactii adverse, Pfizer, Moderna, AstraZeneca","vaccinare, Romania, COVID19, efecte adverse","Winterfrequenzen"],"articleSection":["Frequenzen"],"inLanguage":"de"},{"@type":"WebPage","@id":"https:\/\/www.rri.ro\/de\/ueber-uns\/frequenzen\/winterfrequenzen-2017-2018-id641230.html","url":"https:\/\/www.rri.ro\/de\/ueber-uns\/frequenzen\/winterfrequenzen-2017-2018-id641230.html","name":"Winterfrequenzen 2017\/2018 - Radio Rum\u00e4nien International","isPartOf":{"@id":"https:\/\/www.rri.ro\/#website"},"primaryImageOfPage":{"@id":"https:\/\/www.rri.ro\/de\/ueber-uns\/frequenzen\/winterfrequenzen-2017-2018-id641230.html#primaryimage"},"image":{"@id":"https:\/\/www.rri.ro\/de\/ueber-uns\/frequenzen\/winterfrequenzen-2017-2018-id641230.html#primaryimage"},"thumbnailUrl":"https:\/\/www.rri.ro\/wp-content\/uploads\/2023\/10\/tiganesti-antene-us-foto-rri.png","datePublished":"2017-10-28T21:00:00+00:00","author":{"@id":"https:\/\/www.rri.ro\/#\/schema\/person\/67a5968ae4048120bd859e71a3615e7f"},"breadcrumb":{"@id":"https:\/\/www.rri.ro\/de\/ueber-uns\/frequenzen\/winterfrequenzen-2017-2018-id641230.html#breadcrumb"},"inLanguage":"de","potentialAction":[{"@type":"ReadAction","target":["https:\/\/www.rri.ro\/de\/ueber-uns\/frequenzen\/winterfrequenzen-2017-2018-id641230.html"]}]},{"@type":"ImageObject","inLanguage":"de","@id":"https:\/\/www.rri.ro\/de\/ueber-uns\/frequenzen\/winterfrequenzen-2017-2018-id641230.html#primaryimage","url":"https:\/\/www.rri.ro\/wp-content\/uploads\/2023\/10\/tiganesti-antene-us-foto-rri.png","contentUrl":"https:\/\/www.rri.ro\/wp-content\/uploads\/2023\/10\/tiganesti-antene-us-foto-rri.png","width":640,"height":427},{"@type":"BreadcrumbList","@id":"https:\/\/www.rri.ro\/de\/ueber-uns\/frequenzen\/winterfrequenzen-2017-2018-id641230.html#breadcrumb","itemListElement":[{"@type":"ListItem","position":1,"name":"Startseite","item":"https:\/\/www.rri.ro\/de"},{"@type":"ListItem","position":2,"name":"\u00dcber uns","item":"https:\/\/www.rri.ro\/de\/ueber-uns"},{"@type":"ListItem","position":3,"name":"Frequenzen","item":"https:\/\/www.rri.ro\/de\/ueber-uns\/frequenzen"},{"@type":"ListItem","position":4,"name":"Winterfrequenzen 2017\/2018"}]},{"@type":"WebSite","@id":"https:\/\/www.rri.ro\/#website","url":"https:\/\/www.rri.ro\/","name":"Radio Rum\u00e4nien International","description":"Totul despre Rom\u00e2nia \u015fi rom\u00e2ni, \u00een 13 limbi\/dialecte!","inLanguage":"de"},{"@type":"Person","@id":"https:\/\/www.rri.ro\/#\/schema\/person\/67a5968ae4048120bd859e71a3615e7f","name":"Radio Rom\u00e2nia","url":"https:\/\/www.rri.ro\/de\/author\/radio-romania"}]}},"_links":{"self":[{"href":"https:\/\/www.rri.ro\/de\/wp-json\/wp\/v2\/posts\/641230","targetHints":{"allow":["GET"]}}],"collection":[{"href":"https:\/\/www.rri.ro\/de\/wp-json\/wp\/v2\/posts"}],"about":[{"href":"https:\/\/www.rri.ro\/de\/wp-json\/wp\/v2\/types\/post"}],"author":[{"embeddable":true,"href":"https:\/\/www.rri.ro\/de\/wp-json\/wp\/v2\/users\/103"}],"replies":[{"embeddable":true,"href":"https:\/\/www.rri.ro\/de\/wp-json\/wp\/v2\/comments?post=641230"}],"version-history":[{"count":0,"href":"https:\/\/www.rri.ro\/de\/wp-json\/wp\/v2\/posts\/641230\/revisions"}],"wp:featuredmedia":[{"embeddable":true,"href":"https:\/\/www.rri.ro\/de\/wp-json\/wp\/v2\/media\/216513"}],"wp:attachment":[{"href":"https:\/\/www.rri.ro\/de\/wp-json\/wp\/v2\/media?parent=641230"}],"wp:term":[{"taxonomy":"category","embeddable":true,"href":"https:\/\/www.rri.ro\/de\/wp-json\/wp\/v2\/categories?post=641230"},{"taxonomy":"post_tag","embeddable":true,"href":"https:\/\/www.rri.ro\/de\/wp-json\/wp\/v2\/tags?post=641230"},{"taxonomy":"author","embeddable":true,"href":"https:\/\/www.rri.ro\/de\/wp-json\/wp\/v2\/coauthors?post=641230"}],"curies":[{"name":"wp","href":"https:\/\/api.w.org\/{rel}","templated":true}]}}