{"id":747201,"date":"2024-04-13T12:05:08","date_gmt":"2024-04-13T09:05:08","guid":{"rendered":"https:\/\/www.rri.ro\/?p=747201"},"modified":"2024-04-13T12:34:06","modified_gmt":"2024-04-13T09:34:06","slug":"dokumentarfilm-schildert-die-generationsuebegreifende-suche-nach-gerechtigkeit","status":"publish","type":"post","link":"https:\/\/www.rri.ro\/de\/feature-reportage\/kulturchronik\/dokumentarfilm-schildert-die-generationsuebegreifende-suche-nach-gerechtigkeit-id747201.html","title":{"rendered":"Dokumentarfilm schildert die generations\u00fcbergreifende Suche nach Gerechtigkeit"},"content":{"rendered":"<p>Tofan, der zwei Jahrzehnte bei der rum\u00e4nischen Redaktion von Radio Free Europe war, spricht von einer Doppelstory:<\/p>\n<p><em>\u201cDieser Titel, Der Fall des Ingenieurs Ursu, erz\u00e4hlt zwei Geschichten. Es sind ja zwei Ingenieure namens Ursu, Vater und Sohn. Sie stehen symbolartig durch Gheorghe Ursu f\u00fcr die Geschichte Rum\u00e4niens unter dem Kommunismus in den 80er Jahren und durch Andrei Ursu f\u00fcr das Rum\u00e4nien von heute, f\u00fcr seinen 30-j\u00e4hrigen Kampf vor den Gerichten, um Gerechtigkeit f\u00fcr seinen Vater zu erlangen. Die zwei Geschichten beginnen beim Erdbeben von 1977. Wir zeigen dem kommunistischen Rum\u00e4nien eine rote Karte und der Gerechtigkeit im demokratischen Rum\u00e4nien die andere. Leider ist die zweite Geschichte, die von Andrei Ursu, nicht viel ermutigender als die von Gheorghe Ursu. 35 Jahre nach der Revolution warten wir immer noch auf ein korrektes Urteil im Fall des Todes des Dissidenten Gheorghe Ursu, das nicht nur aus juristischer Sicht, sondern auch aus historischer Sicht korrekt ist. Gheorghe und Andrei Ursu sind au\u00dferordentlich starke Pers\u00f6nlichkeiten mit einer echten Vorbildfunktion in einer ansonsten verkehrten Gesellschaft. Gheorghe Ursu wurde von der Miliz und der ehemaligen Securitate umgebracht, weil er sich weigerte, Kompromisse einzugehen, das wissen wir aus den Securitate-Akten. Er lehnte es klar ab, gegen seine Freunde auszusagen und war dabei so deutlich, dass er mit Fu\u00dftritten umgebracht wurde. Er ist ein Vorbild an Ehre und Aufrichtigkeit, weil er nicht eine Sekunde lang von seinen Prinzipien abgewichen ist. Und sein Sohn ist ein Mann, der tats\u00e4chlich sein Leben f\u00fcr ein Ideal opfert. Andrei Ursu hat zweimal sein Leben aufs Spiel gesetzt, indem er f\u00fcr seine Ideen in den Hungerstreik getreten ist und seine Ideen f\u00fcr wichtiger hielt als sein Leben. Darin liegt der eigentliche Wert des Films: in der Kraft dieser beiden Vorbilder&#8220;.<\/em><\/p>\n<p>Die erste Vorf\u00fchrung des Dokumentarfilms fand 2023 statt, nur wenige Tage vor der Verk\u00fcndung des endg\u00fcltigen Urteils durch den Obersten Gerichtshof. Trotz der akribisch aufgebauten Anklage wurden die beiden Angeklagten aus den Reihen der ehemaligen Securitate schlie\u00dflich freigesprochen, und der Film bleibt die einzige Form der Wiedergutmachung und der Anerkennung im Fall des Dissidenten Gheorghe Ursu, glaubt Ko-Regisseur Tofan:<\/p>\n<p><em>\u201cEin gro\u00dfer Teil des Films schildert den Kampf von Andrei Ursu um Gerechtigkeit. Die ganze Chronologie der Probleme und Hindernisse, auf die er seit 1990 gesto\u00dfen ist, in verschiedenen Formen: Aufsch\u00fcbe, Ablehnungen, Verj\u00e4hrungen. Einer der beiden Angeklagten, Vasile Hodi\u0219, der damals als Securitate-Ermittler den Tod von Gheorghe Ursu mitverschuldete, war nach 1990 lange Jahre Offizier im postkommunistischen Geheimdienst, blieb also im System, das sich immer gegen Andrej Ursu gestellt hatte. Andrei Ursu trat aus Verzweiflung zwei Mal in den Hungerstreik, ein erstes Mal in 2000. Er gewann beide Male, weil die Beh\u00f6rden erkannten, dass er es ernst meinte und bereit war, f\u00fcr seine \u00dcberzeugungen zu sterben. Und dann gaben sie nach. So wurde der Fall im Jahr 2000 an den Staatsanwalt Dan Voinea \u00fcbergeben, der die Ermittlungen fortsetzte. Der zweite Hungerstreik von Andrei Ursu fand im Oktober 2014 statt, als er sich erneut in einer v\u00f6lligen Pattsituation befand. Auch damals, im Herbst vor den Wahlen, gaben die Beh\u00f6rden wieder nach. Das war eigentlich das gro\u00dfe Einlenken, als alles, was Andrei Ursu verweigert worden war, pl\u00f6tzlich akzeptiert wurde. Erst dann wurde auch die Untersuchung gegen die beiden ehemaligen Securitet-Offiziere Marin P\u00e2rvulescu und Vasile Hodi\u0219 zugelassen. Bis 2014 hat sich das System einfach geweigert, Ermittlungen gegen ehemalige Securitate-Offiziere zuzulassen.&#8220;<\/em><\/p>\n<p>Der Dokumentarfilm von Liviu Tofan und Serban Georgescu ist eine Koproduktion von Kolectiv Film, der Stiftung &#8222;Gheorghe Ursu&#8220;, Victoria Film, Follow Art Association und der Rum\u00e4nischen Fernsehgesellschaft und wurde auf vielen Festivals und in vielen Kinos gezeigt.<\/p>\n","protected":false},"excerpt":{"rendered":"<p>Tofan, der zwei Jahrzehnte bei der rum\u00e4nischen Redaktion von Radio Free Europe war, spricht von einer Doppelstory: \u201cDieser Titel, Der Fall des Ingenieurs Ursu, erz\u00e4hlt zwei Geschichten. Es sind ja zwei Ingenieure namens Ursu, Vater und Sohn. Sie stehen symbolartig durch Gheorghe Ursu f\u00fcr die Geschichte Rum\u00e4niens unter dem Kommunismus in den 80er Jahren und [&hellip;]<\/p>\n","protected":false},"author":135,"featured_media":747148,"comment_status":"closed","ping_status":"closed","sticky":false,"template":"","format":"standard","meta":{"_acf_changed":false,"footnotes":""},"categories":[116759],"tags":[145948,145947,100341,145950,145949],"coauthors":[113268],"class_list":["post-747201","post","type-post","status-publish","format-standard","has-post-thumbnail","hentry","category-kulturchronik","tag-aufarbeutung","tag-dokumentarfillm","tag-geschichte","tag-securitate-de","tag-ursu"],"acf":[],"yoast_head":"<!-- This site is optimized with the Yoast SEO plugin v27.5 - https:\/\/yoast.com\/product\/yoast-seo-wordpress\/ -->\n<title>Dokumentarfilm schildert die generations\u00fcbergreifende Suche nach Gerechtigkeit - Radio Rum\u00e4nien International<\/title>\n<meta name=\"robots\" content=\"index, follow, max-snippet:-1, max-image-preview:large, max-video-preview:-1\" \/>\n<link rel=\"canonical\" href=\"https:\/\/www.rri.ro\/de\/feature-reportage\/kulturchronik\/dokumentarfilm-schildert-die-generationsuebegreifende-suche-nach-gerechtigkeit-id747201.html\" \/>\n<meta property=\"og:locale\" content=\"de_DE\" \/>\n<meta property=\"og:type\" content=\"article\" \/>\n<meta property=\"og:title\" content=\"Dokumentarfilm schildert die generations\u00fcbergreifende Suche nach Gerechtigkeit - Radio Rum\u00e4nien International\" \/>\n<meta property=\"og:description\" content=\"Tofan, der zwei Jahrzehnte bei der rum\u00e4nischen Redaktion von Radio Free Europe war, spricht von einer Doppelstory: \u201cDieser Titel, Der Fall des Ingenieurs Ursu, erz\u00e4hlt zwei Geschichten. Es sind ja zwei Ingenieure namens Ursu, Vater und Sohn. Sie stehen symbolartig durch Gheorghe Ursu f\u00fcr die Geschichte Rum\u00e4niens unter dem Kommunismus in den 80er Jahren und [&hellip;]\" \/>\n<meta property=\"og:url\" content=\"https:\/\/www.rri.ro\/de\/feature-reportage\/kulturchronik\/dokumentarfilm-schildert-die-generationsuebegreifende-suche-nach-gerechtigkeit-id747201.html\" \/>\n<meta property=\"og:site_name\" content=\"Radio Rum\u00e4nien International\" \/>\n<meta property=\"article:published_time\" content=\"2024-04-13T09:05:08+00:00\" \/>\n<meta property=\"article:modified_time\" content=\"2024-04-13T09:34:06+00:00\" \/>\n<meta property=\"og:image\" content=\"https:\/\/www.rri.ro\/wp-content\/uploads\/2024\/04\/cazul-inginerului-ursu-afis.jpg\" \/>\n\t<meta property=\"og:image:width\" content=\"850\" \/>\n\t<meta property=\"og:image:height\" content=\"479\" \/>\n\t<meta property=\"og:image:type\" content=\"image\/jpeg\" \/>\n<meta name=\"author\" content=\"Corina Sab\u0103u\" \/>\n<meta name=\"twitter:card\" content=\"summary_large_image\" \/>\n<meta name=\"twitter:label1\" content=\"Verfasst von\" \/>\n\t<meta name=\"twitter:data1\" content=\"Corina Sab\u0103u\" \/>\n\t<meta name=\"twitter:label2\" content=\"Gesch\u00e4tzte Lesezeit\" \/>\n\t<meta name=\"twitter:data2\" content=\"3\u00a0Minuten\" \/>\n\t<meta name=\"twitter:label3\" content=\"Written by\" \/>\n\t<meta name=\"twitter:data3\" content=\"Corina Sab\u0103u\" \/>\n<script type=\"application\/ld+json\" class=\"yoast-schema-graph\">{\"@context\":\"https:\\\/\\\/schema.org\",\"@graph\":[{\"@type\":\"Article\",\"@id\":\"https:\\\/\\\/www.rri.ro\\\/de\\\/feature-reportage\\\/kulturchronik\\\/dokumentarfilm-schildert-die-generationsuebegreifende-suche-nach-gerechtigkeit-id747201.html#article\",\"isPartOf\":{\"@id\":\"https:\\\/\\\/www.rri.ro\\\/de\\\/feature-reportage\\\/kulturchronik\\\/dokumentarfilm-schildert-die-generationsuebegreifende-suche-nach-gerechtigkeit-id747201.html\"},\"author\":{\"name\":\"Corina Sab\u0103u\",\"@id\":\"https:\\\/\\\/www.rri.ro\\\/#\\\/schema\\\/person\\\/f422c4ce48593b32beccebb63f9ceb1e\"},\"headline\":\"Dokumentarfilm schildert die generations\u00fcbergreifende Suche nach Gerechtigkeit\",\"datePublished\":\"2024-04-13T09:05:08+00:00\",\"dateModified\":\"2024-04-13T09:34:06+00:00\",\"mainEntityOfPage\":{\"@id\":\"https:\\\/\\\/www.rri.ro\\\/de\\\/feature-reportage\\\/kulturchronik\\\/dokumentarfilm-schildert-die-generationsuebegreifende-suche-nach-gerechtigkeit-id747201.html\"},\"wordCount\":622,\"image\":{\"@id\":\"https:\\\/\\\/www.rri.ro\\\/de\\\/feature-reportage\\\/kulturchronik\\\/dokumentarfilm-schildert-die-generationsuebegreifende-suche-nach-gerechtigkeit-id747201.html#primaryimage\"},\"thumbnailUrl\":\"https:\\\/\\\/www.rri.ro\\\/wp-content\\\/uploads\\\/2024\\\/04\\\/cazul-inginerului-ursu-afis.jpg\",\"keywords\":[\"Aufarbeutung\",\"Dokumentarfillm\",\"Geschichte\",\"securitate\",\"Ursu\"],\"articleSection\":[\"Kulturchronik\"],\"inLanguage\":\"de\"},{\"@type\":\"WebPage\",\"@id\":\"https:\\\/\\\/www.rri.ro\\\/de\\\/feature-reportage\\\/kulturchronik\\\/dokumentarfilm-schildert-die-generationsuebegreifende-suche-nach-gerechtigkeit-id747201.html\",\"url\":\"https:\\\/\\\/www.rri.ro\\\/de\\\/feature-reportage\\\/kulturchronik\\\/dokumentarfilm-schildert-die-generationsuebegreifende-suche-nach-gerechtigkeit-id747201.html\",\"name\":\"Dokumentarfilm schildert die generations\u00fcbergreifende Suche nach Gerechtigkeit - Radio Rum\u00e4nien International\",\"isPartOf\":{\"@id\":\"https:\\\/\\\/www.rri.ro\\\/#website\"},\"primaryImageOfPage\":{\"@id\":\"https:\\\/\\\/www.rri.ro\\\/de\\\/feature-reportage\\\/kulturchronik\\\/dokumentarfilm-schildert-die-generationsuebegreifende-suche-nach-gerechtigkeit-id747201.html#primaryimage\"},\"image\":{\"@id\":\"https:\\\/\\\/www.rri.ro\\\/de\\\/feature-reportage\\\/kulturchronik\\\/dokumentarfilm-schildert-die-generationsuebegreifende-suche-nach-gerechtigkeit-id747201.html#primaryimage\"},\"thumbnailUrl\":\"https:\\\/\\\/www.rri.ro\\\/wp-content\\\/uploads\\\/2024\\\/04\\\/cazul-inginerului-ursu-afis.jpg\",\"datePublished\":\"2024-04-13T09:05:08+00:00\",\"dateModified\":\"2024-04-13T09:34:06+00:00\",\"author\":{\"@id\":\"https:\\\/\\\/www.rri.ro\\\/#\\\/schema\\\/person\\\/f422c4ce48593b32beccebb63f9ceb1e\"},\"breadcrumb\":{\"@id\":\"https:\\\/\\\/www.rri.ro\\\/de\\\/feature-reportage\\\/kulturchronik\\\/dokumentarfilm-schildert-die-generationsuebegreifende-suche-nach-gerechtigkeit-id747201.html#breadcrumb\"},\"inLanguage\":\"de\",\"potentialAction\":[{\"@type\":\"ReadAction\",\"target\":[\"https:\\\/\\\/www.rri.ro\\\/de\\\/feature-reportage\\\/kulturchronik\\\/dokumentarfilm-schildert-die-generationsuebegreifende-suche-nach-gerechtigkeit-id747201.html\"]}]},{\"@type\":\"ImageObject\",\"inLanguage\":\"de\",\"@id\":\"https:\\\/\\\/www.rri.ro\\\/de\\\/feature-reportage\\\/kulturchronik\\\/dokumentarfilm-schildert-die-generationsuebegreifende-suche-nach-gerechtigkeit-id747201.html#primaryimage\",\"url\":\"https:\\\/\\\/www.rri.ro\\\/wp-content\\\/uploads\\\/2024\\\/04\\\/cazul-inginerului-ursu-afis.jpg\",\"contentUrl\":\"https:\\\/\\\/www.rri.ro\\\/wp-content\\\/uploads\\\/2024\\\/04\\\/cazul-inginerului-ursu-afis.jpg\",\"width\":850,\"height\":479},{\"@type\":\"BreadcrumbList\",\"@id\":\"https:\\\/\\\/www.rri.ro\\\/de\\\/feature-reportage\\\/kulturchronik\\\/dokumentarfilm-schildert-die-generationsuebegreifende-suche-nach-gerechtigkeit-id747201.html#breadcrumb\",\"itemListElement\":[{\"@type\":\"ListItem\",\"position\":1,\"name\":\"Startseite\",\"item\":\"https:\\\/\\\/www.rri.ro\\\/de\"},{\"@type\":\"ListItem\",\"position\":2,\"name\":\"Feature &amp; Reportage\",\"item\":\"https:\\\/\\\/www.rri.ro\\\/de\\\/feature-reportage\"},{\"@type\":\"ListItem\",\"position\":3,\"name\":\"Kulturchronik\",\"item\":\"https:\\\/\\\/www.rri.ro\\\/de\\\/feature-reportage\\\/kulturchronik\"},{\"@type\":\"ListItem\",\"position\":4,\"name\":\"Dokumentarfilm schildert die generations\u00fcbergreifende Suche nach Gerechtigkeit\"}]},{\"@type\":\"WebSite\",\"@id\":\"https:\\\/\\\/www.rri.ro\\\/#website\",\"url\":\"https:\\\/\\\/www.rri.ro\\\/\",\"name\":\"Radio Rum\u00e4nien International\",\"description\":\"Totul despre Rom\u00e2nia \u015fi rom\u00e2ni, \u00een 13 limbi\\\/dialecte!\",\"inLanguage\":\"de\"},{\"@type\":\"Person\",\"@id\":\"https:\\\/\\\/www.rri.ro\\\/#\\\/schema\\\/person\\\/f422c4ce48593b32beccebb63f9ceb1e\",\"name\":\"Corina Sab\u0103u\",\"url\":\"https:\\\/\\\/www.rri.ro\\\/de\\\/author\\\/corina-sabau\"}]}<\/script>\n<!-- \/ Yoast SEO plugin. -->","yoast_head_json":{"title":"Dokumentarfilm schildert die generations\u00fcbergreifende Suche nach Gerechtigkeit - Radio Rum\u00e4nien International","robots":{"index":"index","follow":"follow","max-snippet":"max-snippet:-1","max-image-preview":"max-image-preview:large","max-video-preview":"max-video-preview:-1"},"canonical":"https:\/\/www.rri.ro\/de\/feature-reportage\/kulturchronik\/dokumentarfilm-schildert-die-generationsuebegreifende-suche-nach-gerechtigkeit-id747201.html","og_locale":"de_DE","og_type":"article","og_title":"Dokumentarfilm schildert die generations\u00fcbergreifende Suche nach Gerechtigkeit - Radio Rum\u00e4nien International","og_description":"Tofan, der zwei Jahrzehnte bei der rum\u00e4nischen Redaktion von Radio Free Europe war, spricht von einer Doppelstory: \u201cDieser Titel, Der Fall des Ingenieurs Ursu, erz\u00e4hlt zwei Geschichten. Es sind ja zwei Ingenieure namens Ursu, Vater und Sohn. Sie stehen symbolartig durch Gheorghe Ursu f\u00fcr die Geschichte Rum\u00e4niens unter dem Kommunismus in den 80er Jahren und [&hellip;]","og_url":"https:\/\/www.rri.ro\/de\/feature-reportage\/kulturchronik\/dokumentarfilm-schildert-die-generationsuebegreifende-suche-nach-gerechtigkeit-id747201.html","og_site_name":"Radio Rum\u00e4nien International","article_published_time":"2024-04-13T09:05:08+00:00","article_modified_time":"2024-04-13T09:34:06+00:00","og_image":[{"width":850,"height":479,"url":"https:\/\/www.rri.ro\/wp-content\/uploads\/2024\/04\/cazul-inginerului-ursu-afis.jpg","type":"image\/jpeg"}],"author":"Corina Sab\u0103u","twitter_card":"summary_large_image","twitter_misc":{"Verfasst von":"Corina Sab\u0103u","Gesch\u00e4tzte Lesezeit":"3\u00a0Minuten","Written by":"Corina Sab\u0103u"},"schema":{"@context":"https:\/\/schema.org","@graph":[{"@type":"Article","@id":"https:\/\/www.rri.ro\/de\/feature-reportage\/kulturchronik\/dokumentarfilm-schildert-die-generationsuebegreifende-suche-nach-gerechtigkeit-id747201.html#article","isPartOf":{"@id":"https:\/\/www.rri.ro\/de\/feature-reportage\/kulturchronik\/dokumentarfilm-schildert-die-generationsuebegreifende-suche-nach-gerechtigkeit-id747201.html"},"author":{"name":"Corina Sab\u0103u","@id":"https:\/\/www.rri.ro\/#\/schema\/person\/f422c4ce48593b32beccebb63f9ceb1e"},"headline":"Dokumentarfilm schildert die generations\u00fcbergreifende Suche nach Gerechtigkeit","datePublished":"2024-04-13T09:05:08+00:00","dateModified":"2024-04-13T09:34:06+00:00","mainEntityOfPage":{"@id":"https:\/\/www.rri.ro\/de\/feature-reportage\/kulturchronik\/dokumentarfilm-schildert-die-generationsuebegreifende-suche-nach-gerechtigkeit-id747201.html"},"wordCount":622,"image":{"@id":"https:\/\/www.rri.ro\/de\/feature-reportage\/kulturchronik\/dokumentarfilm-schildert-die-generationsuebegreifende-suche-nach-gerechtigkeit-id747201.html#primaryimage"},"thumbnailUrl":"https:\/\/www.rri.ro\/wp-content\/uploads\/2024\/04\/cazul-inginerului-ursu-afis.jpg","keywords":["Aufarbeutung","Dokumentarfillm","Geschichte","securitate","Ursu"],"articleSection":["Kulturchronik"],"inLanguage":"de"},{"@type":"WebPage","@id":"https:\/\/www.rri.ro\/de\/feature-reportage\/kulturchronik\/dokumentarfilm-schildert-die-generationsuebegreifende-suche-nach-gerechtigkeit-id747201.html","url":"https:\/\/www.rri.ro\/de\/feature-reportage\/kulturchronik\/dokumentarfilm-schildert-die-generationsuebegreifende-suche-nach-gerechtigkeit-id747201.html","name":"Dokumentarfilm schildert die generations\u00fcbergreifende Suche nach Gerechtigkeit - Radio Rum\u00e4nien International","isPartOf":{"@id":"https:\/\/www.rri.ro\/#website"},"primaryImageOfPage":{"@id":"https:\/\/www.rri.ro\/de\/feature-reportage\/kulturchronik\/dokumentarfilm-schildert-die-generationsuebegreifende-suche-nach-gerechtigkeit-id747201.html#primaryimage"},"image":{"@id":"https:\/\/www.rri.ro\/de\/feature-reportage\/kulturchronik\/dokumentarfilm-schildert-die-generationsuebegreifende-suche-nach-gerechtigkeit-id747201.html#primaryimage"},"thumbnailUrl":"https:\/\/www.rri.ro\/wp-content\/uploads\/2024\/04\/cazul-inginerului-ursu-afis.jpg","datePublished":"2024-04-13T09:05:08+00:00","dateModified":"2024-04-13T09:34:06+00:00","author":{"@id":"https:\/\/www.rri.ro\/#\/schema\/person\/f422c4ce48593b32beccebb63f9ceb1e"},"breadcrumb":{"@id":"https:\/\/www.rri.ro\/de\/feature-reportage\/kulturchronik\/dokumentarfilm-schildert-die-generationsuebegreifende-suche-nach-gerechtigkeit-id747201.html#breadcrumb"},"inLanguage":"de","potentialAction":[{"@type":"ReadAction","target":["https:\/\/www.rri.ro\/de\/feature-reportage\/kulturchronik\/dokumentarfilm-schildert-die-generationsuebegreifende-suche-nach-gerechtigkeit-id747201.html"]}]},{"@type":"ImageObject","inLanguage":"de","@id":"https:\/\/www.rri.ro\/de\/feature-reportage\/kulturchronik\/dokumentarfilm-schildert-die-generationsuebegreifende-suche-nach-gerechtigkeit-id747201.html#primaryimage","url":"https:\/\/www.rri.ro\/wp-content\/uploads\/2024\/04\/cazul-inginerului-ursu-afis.jpg","contentUrl":"https:\/\/www.rri.ro\/wp-content\/uploads\/2024\/04\/cazul-inginerului-ursu-afis.jpg","width":850,"height":479},{"@type":"BreadcrumbList","@id":"https:\/\/www.rri.ro\/de\/feature-reportage\/kulturchronik\/dokumentarfilm-schildert-die-generationsuebegreifende-suche-nach-gerechtigkeit-id747201.html#breadcrumb","itemListElement":[{"@type":"ListItem","position":1,"name":"Startseite","item":"https:\/\/www.rri.ro\/de"},{"@type":"ListItem","position":2,"name":"Feature &amp; Reportage","item":"https:\/\/www.rri.ro\/de\/feature-reportage"},{"@type":"ListItem","position":3,"name":"Kulturchronik","item":"https:\/\/www.rri.ro\/de\/feature-reportage\/kulturchronik"},{"@type":"ListItem","position":4,"name":"Dokumentarfilm schildert die generations\u00fcbergreifende Suche nach Gerechtigkeit"}]},{"@type":"WebSite","@id":"https:\/\/www.rri.ro\/#website","url":"https:\/\/www.rri.ro\/","name":"Radio Rum\u00e4nien International","description":"Totul despre Rom\u00e2nia \u015fi rom\u00e2ni, \u00een 13 limbi\/dialecte!","inLanguage":"de"},{"@type":"Person","@id":"https:\/\/www.rri.ro\/#\/schema\/person\/f422c4ce48593b32beccebb63f9ceb1e","name":"Corina Sab\u0103u","url":"https:\/\/www.rri.ro\/de\/author\/corina-sabau"}]}},"_links":{"self":[{"href":"https:\/\/www.rri.ro\/de\/wp-json\/wp\/v2\/posts\/747201","targetHints":{"allow":["GET"]}}],"collection":[{"href":"https:\/\/www.rri.ro\/de\/wp-json\/wp\/v2\/posts"}],"about":[{"href":"https:\/\/www.rri.ro\/de\/wp-json\/wp\/v2\/types\/post"}],"author":[{"embeddable":true,"href":"https:\/\/www.rri.ro\/de\/wp-json\/wp\/v2\/users\/135"}],"replies":[{"embeddable":true,"href":"https:\/\/www.rri.ro\/de\/wp-json\/wp\/v2\/comments?post=747201"}],"version-history":[{"count":0,"href":"https:\/\/www.rri.ro\/de\/wp-json\/wp\/v2\/posts\/747201\/revisions"}],"wp:featuredmedia":[{"embeddable":true,"href":"https:\/\/www.rri.ro\/de\/wp-json\/wp\/v2\/media\/747148"}],"wp:attachment":[{"href":"https:\/\/www.rri.ro\/de\/wp-json\/wp\/v2\/media?parent=747201"}],"wp:term":[{"taxonomy":"category","embeddable":true,"href":"https:\/\/www.rri.ro\/de\/wp-json\/wp\/v2\/categories?post=747201"},{"taxonomy":"post_tag","embeddable":true,"href":"https:\/\/www.rri.ro\/de\/wp-json\/wp\/v2\/tags?post=747201"},{"taxonomy":"author","embeddable":true,"href":"https:\/\/www.rri.ro\/de\/wp-json\/wp\/v2\/coauthors?post=747201"}],"curies":[{"name":"wp","href":"https:\/\/api.w.org\/{rel}","templated":true}]}}