{"id":758650,"date":"2024-05-12T17:39:43","date_gmt":"2024-05-12T14:39:43","guid":{"rendered":"https:\/\/www.rri.ro\/?p=758650"},"modified":"2024-05-12T17:50:33","modified_gmt":"2024-05-12T14:50:33","slug":"osterurlaub-in-der-marmarosch-und-der-bukowina","status":"publish","type":"post","link":"https:\/\/www.rri.ro\/de\/feature-reportage\/radio-tour-de\/osterurlaub-in-der-marmarosch-und-der-bukowina-id758650.html","title":{"rendered":"Osterurlaub in der Marmarosch und der Bukowina"},"content":{"rendered":"<p>&nbsp;<\/p>\n<p><iframe loading=\"lazy\" src=\"https:\/\/w.soundcloud.com\/player\/?url=https%3A\/\/api.soundcloud.com\/tracks\/1820187117&amp;color=%2300b7f1&amp;inverse=false&amp;auto_play=false&amp;show_user=true\" width=\"100%\" height=\"20\" frameborder=\"no\" scrolling=\"no\"><\/iframe><\/p>\n<div style=\"font-size: 10px; color: #cccccc; line-break: anywhere; word-break: normal; overflow: hidden; white-space: nowrap; text-overflow: ellipsis; font-family: Interstate,Lucida Grande,Lucida Sans Unicode,Lucida Sans,Garuda,Verdana,Tahoma,sans-serif; font-weight: 100;\"><a style=\"color: #cccccc; text-decoration: none;\" title=\"RadioRomaniaInternational\" href=\"https:\/\/soundcloud.com\/radioromaniainternational\" target=\"_blank\" rel=\"noopener\">RadioRomaniaInternational<\/a> \u00b7 <a style=\"color: #cccccc; text-decoration: none;\" title=\"Osterurlaub in der Marmarosch und der Bukowina\" href=\"https:\/\/soundcloud.com\/radioromaniainternational\/osterurlaub-in-der-marmarosch-und-der-bukowina\" target=\"_blank\" rel=\"noopener\">Osterurlaub in der Marmarosch und der Bukowina<\/a><\/div>\n<p>&nbsp;<\/p>\n<p class=\"western\" lang=\"de-DE\" align=\"justify\"><span style=\"font-family: Arial, sans-serif;\"><span style=\"font-size: medium;\">Ostern ist die beste Gelegenheit, das rum\u00e4nische Dorf n\u00e4her kennen zu lernen. Es gibt zwei nordrum\u00e4nische Regionen, die an diesem Feiertag die meisten Touristen anziehen: die Bukowina im Nordosten und die Marmarosch (rum. Maramure\u0219) im Nordwesten des Landes. <span lang=\"en-US\">Lange vor Ostern <\/span>bereiten sich die Gasth\u00e4user schon mit speziellen Programmen auf die Touristen vor. Neben einem Men\u00fc mit traditionellen Gerichten und einer Vorstellung von \u00f6rtlichen Br\u00e4uchen sind die Touristen auch eingeladen, aktiven Urlaub zu betreiben, denn beide Gebiete bieten Wanderwege f\u00fcr die ganze Familie.<\/span><\/span><\/p>\n<p class=\"western\" lang=\"de-DE\" align=\"justify\"><span style=\"font-family: Arial, sans-serif;\"><span style=\"font-size: medium;\">Edit Pop, Managerin des Tourismus-F\u00f6rderungsvereins Eco Maramure\u0219, l\u00e4dt uns in die D\u00f6rfer der T\u00e4ler Valea Marei und Valea Cos\u0103ului \u2013 benannt nach den Fl\u00fcssen Mara und Cos\u0103u. Hier sind Traditionen besonders lebendig, und die vielen G\u00e4steh\u00e4user locken <\/span><\/span><span style=\"font-family: Arial, sans-serif;\"><span style=\"font-size: medium;\">Urlauber<\/span><\/span><span style=\"font-family: Arial, sans-serif;\"><span style=\"font-size: medium;\"> besonders zu Feiertagen wie Ostern oder Weihnachten.<\/span><\/span><\/p>\n<p class=\"western\" lang=\"de-DE\" align=\"justify\">\u201e<span style=\"font-family: Arial, sans-serif;\"><span style=\"font-size: medium;\"><i>Zu Ostern wird im Allgemeinen ein Aufenthalt von f\u00fcnf Tagen oder vier \u00dcbernachtungen angeboten, mit Halbpension inklusive und einem festlichen Osteressen sowie einem Programm mit vielen Aktivit\u00e4ten an jedem Tag. Die Entdeckung der Marmarosch beginnt direkt im Dorf, wo Besucher die kulinarischen Traditionen mit Hausmannskost aus alten Zeiten kennenlernen k\u00f6nnen. Es ist gesundes und sehr herzhaftes Essen, aber nat\u00fcrlich k\u00f6nnen Sie danach auch die Natur erleben und wandern gehen. Wir haben sowohl lange Wanderwege f\u00fcr erfahrene Wanderer, als auch k\u00fcrzere Strecken rund um das Dorf. Letztere sind vielleicht f\u00fcr \u00e4ltere Touristen oder f\u00fcr Familien mit Kleinkindern geeignet, die einen Spaziergang in einer sch\u00f6nen Umgebung machen wollen, ohne sich zu viel anzustrengen.\u201c<\/i><\/span><\/span><\/p>\n<p>&nbsp;<\/p>\n<p class=\"western\" lang=\"de-DE\" align=\"justify\"><span style=\"font-family: Arial, sans-serif;\"><span style=\"font-size: medium;\">Doch wie l\u00e4uft generell ein Osteraufenthalt in einer Dorfpension in der Marmarosch ab? Tourismusmanagerin Edit Pop mit weiteren Einzelheiten:<\/span><\/span><\/p>\n<p class=\"western\" lang=\"de-DE\" align=\"justify\">\u201e<span style=\"font-family: Arial, sans-serif;\"><span style=\"font-size: medium;\"><i>Die Touristen werden beginnend mit Gr\u00fcndonnerstag erwartet, sie k\u00f6nnen aber auch am Karfreitag anreisen. Am Karfreitag werden Eier gef\u00e4rbt. Bei uns wird alles noch ganz naturnah gemacht. Zun\u00e4chst pfl\u00fcckt man im Garten sch\u00f6ne und in der Form gut aussehende Bl\u00e4tter, die fest an die Eier gebunden werden, damit beim F\u00e4rben sch\u00f6ne Muster entstehen. Die Eier werden dann zusammen mit Zwiebelschalen gekocht \u2013 so e<\/i><\/span><\/span><span style=\"font-family: Arial, sans-serif;\"><span style=\"font-size: medium;\"><span lang=\"en-US\"><i>r<\/i><\/span><\/span><\/span><span style=\"font-family: Arial, sans-serif;\"><span style=\"font-size: medium;\"><i>halten sie ihre Farbe. Am Ostersamstag k\u00f6nnen die Touristen an der Zubereitung der Gerichte teilnehmen. Das Hauptgericht, sozusagen der Star, ist d<\/i><\/span><\/span><span style=\"font-family: Arial, sans-serif;\"><span style=\"font-size: medium;\"><span lang=\"en-US\"><i>er<\/i><\/span><\/span><\/span><span style=\"font-family: Arial, sans-serif;\"><span style=\"font-size: medium;\"><i> gef\u00fcllte Lammbraten. Au\u00dferdem werden K\u00f6rbe mit den Speisen vorbereitet, die am Ostertag in der Kirche geweiht werden. In dieser Zeit finden auch diverse Veranstaltungen statt. In der Ortschaft Breb zum Beispiel gibt es in der Osternacht einen Jahrmarkt im Dorf. Dort werden Kunsthandwerk und lokale Produkte angeboten.<\/i><\/span><\/span><\/p>\n<p class=\"western\" lang=\"de-DE\" align=\"justify\"><span style=\"font-family: Arial, sans-serif;\"><span style=\"font-size: medium;\"><i>In allen D\u00f6rfern sind die Touristen herzlich eingeladen, an der Mette in der Nacht der Auferstehung teilzunehmen. Wenn Sie nachts nicht ausgehen wollen, k\u00f6nnen Sie am Ostersonntag tags\u00fcber zur Kirche gehen, wo die Speisen geweiht werden und anschlie\u00dfend ein gro\u00dfes Festmahl stattfindet. Am Ostermontag werden verschiedene Aktivit\u00e4ten f\u00fcr Touristen angeboten, etwa ein Umzug mit feurig musizierenden Fiedlern im Tross oder Wagenfahrten durch das Dorf und seine Umgebung. Auch Foto-Sessions sind beliebt: Die Touristen k\u00f6nnen sich in der Volkstracht der Region einkleiden und fotografieren lassen \u2013 Freunde in den Social Media d\u00fcrften danach staunen. Am Abend gibt es dann ein Lagerfeuer, wobei ein Hirtengericht aus Schafsk\u00e4se und Polenta namens Balmu\u0219 zubereitet und serviert wird und nat\u00fcrlich viele, viele Geschichten gesponnen werden.\u201c<\/i><\/span><\/span><\/p>\n<p>&nbsp;<\/p>\n<p class=\"western\" lang=\"de-DE\" align=\"justify\"><span style=\"font-family: Arial, sans-serif;\"><span style=\"font-size: medium;\">Die Marmarosch ist ein Gebiet, in dem die Viehzucht eine grundlegende T\u00e4tigkeit und Heu f\u00fcr die Tiere im Winter notwendig ist. Daraus ergibt sich die Landschaft der Maramarosch mit ihren Wiesen voller Heu, das noch von Hand gem\u00e4ht wird. Langsam wandelt sich jedoch das gesamte Gebiet. In den tiefer gelegenen Gebieten werden zunehmend M\u00e4hmaschinen eingesetzt, um die Arbeit zu erleichtern. Doch die Sch\u00f6nheit, der Duft und die Geschichte des althergebrachten M\u00e4hens mit der Sense l\u00e4sst immer noch die Herzen der Urlauber h\u00f6her schlagen, sagt Edit Pop vom Verein \u201eEco Maramure\u0219\u201c, von der wir auch einige weitere interessante touristische Angebote erfahren:<\/span><\/span><\/p>\n<p class=\"western\" lang=\"de-DE\" align=\"justify\">\u201e<span style=\"font-family: Arial, sans-serif;\"><span style=\"font-size: medium;\"><i>Wir haben auch einige Tourismuspakete im Angebot, die thematische Aufenthalte umfassen, um die Geschichte der landwirtschaftlichen Aktivit\u00e4ten und Handwerke nachzuvollziehen: die Geschichte des Heus, die Geschichte der Holzgewinnung, die Geschichte der Wolle. An zwei Tagen k\u00f6nnen die Touristen den vollen Naturbezug dieser Gewerbe erleben. Die Geschichte des Holzes zum Beispiel beginnt im Wald. Am ersten Tag wandern wir durch einen Urwald und entdecken alle Baumarten, die dort anzutreffen sind. Am zweiten Tag sp\u00fcren wir dem Holz im Dorf nach, nachdem es aus dem Wald gebracht wurde. Wir werden sehen, wie sich das Holz in all das verwandelt, was die Holzkultur in der Marmarosch ausmacht: geschnitzte Holztore, Geh\u00f6fte, Haushaltsutensilien und Werkzeug aus Holz, volkst\u00fcmliche technische Einrichtungen. Die Marmarosch ist immer noch erlebte Geschichte.\u201c<\/i><\/span><\/span><\/p>\n<p>&nbsp;<\/p>\n<p class=\"western\" lang=\"de-DE\" align=\"justify\"><span style=\"font-family: Arial, sans-serif;\"><span style=\"font-size: medium;\">Weiter geht es in die Bukowina, <\/span><\/span><span style=\"font-family: Arial, sans-serif;\"><span style=\"font-size: medium;\">die <\/span><\/span><span style=\"font-family: Arial, sans-serif;\"><span style=\"font-size: medium;\">im Nordosten Rum\u00e4niens <\/span><\/span><span style=\"font-family: Arial, sans-serif;\"><span style=\"font-size: medium;\">liegt<\/span><\/span><span style=\"font-family: Arial, sans-serif;\"><span style=\"font-size: medium;\">. Tourismusmanagerin Maricica Cazimirciuc l\u00e4dt in das Umland der Stadt Vatra Dornei <\/span><\/span><span style=\"font-family: Arial, sans-serif;\"><span style=\"font-size: medium;\">(<\/span><\/span><span style=\"font-family: Arial, sans-serif;\"><span style=\"font-size: medium;\">dt. <\/span><\/span><span style=\"font-family: Arial, sans-serif;\"><span style=\"font-size: medium;\">Dorna Watra)<\/span><\/span><span style=\"font-family: Arial, sans-serif;\"><span style=\"font-size: medium;\"> ein, wo Tradition ebenfalls gro\u00dfgeschrieben wird:<\/span><\/span><\/p>\n<p class=\"western\" lang=\"de-DE\" align=\"justify\">\u201e<i><span style=\"font-family: Arial, sans-serif;\"><span style=\"font-size: medium;\">Das Osterfest l\u00e4sst uns an Tradition, Glauben und Liebe denken und regt uns dazu an, sich jene Dinge zu vergegenw\u00e4rtigen, die wirklich wichtig sind: die Familie und die Familienmitglieder, die in alle Ecken der Welt gegangen sind und die mit Liebe und Sehnsucht an uns denken. Apropos Tradition: K\u00fcrzlich fand in der Ortschaft Cioc\u0103ne\u0219ti die 19. Ausgabe des Nationalen Festivals der bemalten und verzierten Eier statt, mit einer beeindruckenden Ausstellung von kunstvoll verzierten Ostereiern, einer Ausstellung von Osterk\u00f6rben, Folkloreveranstaltungen, Gem\u00e4ldeausstellungen und einem Symposium zum Thema Volkskunst. Es handelt sich um eine landesweit einzigartige Veranstaltung, die diese sch\u00f6ne Tradition der Region hervorhebt und auch die Gemeinde Cioc\u0103ne\u0219ti der Welt bekannt macht. Das Dorf ist <\/span><\/span><span style=\"font-family: Arial, sans-serif;\"><span style=\"font-size: medium;\">n\u00e4mlich <\/span><\/span><span style=\"font-family: Arial, sans-serif;\"><span style=\"font-size: medium;\">ein richtiges Freilichtmuseum mit Hunderten <\/span><\/span><span style=\"font-family: Arial, sans-serif;\"><span style=\"font-size: medium;\">von<\/span><\/span><span style=\"font-family: Arial, sans-serif;\"><span style=\"font-size: medium;\"> H\u00e4usern, deren Au\u00dfenw\u00e4nde mit von Volks<\/span><\/span><span style=\"font-family: Arial, sans-serif;\"><span style=\"font-size: medium;\">trachten<\/span><\/span><span style=\"font-family: Arial, sans-serif;\"><span style=\"font-size: medium;\"> inspirierten Mustern bemalt sind.\u201c<\/span><\/span><\/i><\/p>\n<p class=\"western\" lang=\"de-DE\" align=\"justify\"><span style=\"font-family: Arial, sans-serif;\"><span style=\"font-size: medium;\">\u00a0<\/span><\/span><\/p>\n<p>&nbsp;<\/p>\n<p class=\"western\" lang=\"de-DE\" align=\"justify\"><span style=\"font-family: Arial, sans-serif;\"><span style=\"font-size: medium;\">Auch in der Bukowina kann man Entspannung <\/span><\/span><span style=\"font-family: Arial, sans-serif;\"><span style=\"font-size: medium;\">und Gastronomie<\/span><\/span><span style=\"font-family: Arial, sans-serif;\"><span style=\"font-size: medium;\"> mit aktivem Tourismus in der Natur <\/span><\/span><span style=\"font-family: Arial, sans-serif;\"><span style=\"font-size: medium;\">verbinden. Es werden mehrere Arten von Wanderungen oder Fahrradtouren angeboten, erz\u00e4hlt zum Schluss unsere Gastgeberin Maricica Cazimirciuc:<\/span><\/span><\/p>\n<p class=\"western\" lang=\"de-DE\" align=\"justify\">\u201e<i><span style=\"font-family: Arial, sans-serif;\"><span style=\"font-size: medium;\">Die Bukowina tr\u00e4gt den Beinamen \u00bbHeimat der Sahne\u00ab <\/span><\/span><span style=\"font-family: Arial, sans-serif;\"><span style=\"font-size: medium;\">v\u00f6llig <\/span><\/span><span style=\"font-family: Arial, sans-serif;\"><span style=\"font-size: medium;\">zu Recht, denn der besondere Geschmack und die Qualit\u00e4t der Milch sind auf die Flora des Gebiets zur\u00fcckzuf\u00fchren. Hier werden ber\u00fchmte frische und gereifte K\u00e4sesorten hergestellt. Erg\u00e4nzt wird das Angebot durch Bewegung im Freien auf den Wander- und Radwegen. Es gibt zahlreiche Wanderwege, die in der gesamten Region angelegt sind. Wir haben mehr als 420 km Wanderwege und mehr als 180 Radwege. Auf solchen Wanderungen kann man absolut fantastische Landschaften bewundern und mit Einheimischen in Kontakt treten oder den Nationalpark C\u0103limani besuchen. Empfehlenswert ist auch eine Besichtigung des sogenannten Kurbad-Casinos in der Stadt Vatra Dornei <\/span><\/span><span style=\"font-family: Arial, sans-serif;\"><span style=\"font-size: medium;\">(dt. Dorna Watra)<\/span><\/span><span style=\"font-family: Arial, sans-serif;\"><span style=\"font-size: medium;\">, das komplett renoviert wurde und letzten Sommer nach 35 <\/span><\/span><span style=\"font-family: Arial, sans-serif;\"><span style=\"font-size: medium;\">Jahren<\/span><\/span><span style=\"font-family: Arial, sans-serif;\"><span style=\"font-size: medium;\"> wiederer\u00f6ffnet wurde. Dies sind nur einige Sehensw\u00fcrdigkeiten, zu deren Entdeckung wir alle herzlich einladen.\u201c<\/span><\/span><\/i><\/p>\n<p>&nbsp;<\/p>\n<p class=\"western\" lang=\"de-DE\" align=\"justify\"><span style=\"font-family: Arial, sans-serif;\"><span style=\"font-size: medium;\">Falls wir Ihr Interesse geweckt habe, finden Sie auf den Websites der beiden Reiseziele umfassende Informationen <\/span><\/span><span style=\"font-family: Arial, sans-serif;\"><span style=\"font-size: medium;\">\u00fcber die angebotenen<\/span><\/span><span style=\"font-family: Arial, sans-serif;\"><span style=\"font-size: medium;\"> Erlebnisse sowie Pauschal- und Service<\/span><\/span><span style=\"font-family: Arial, sans-serif;\"><span style=\"font-size: medium;\">pakete<\/span><\/span><span style=\"font-family: Arial, sans-serif;\"><span style=\"font-size: medium;\">. Auf <a href=\"https:\/\/www.ecomaramures.com\/?lang=en\" target=\"_blank\" rel=\"noopener\">ecomaramure<\/a><\/span><\/span><a href=\"https:\/\/www.ecomaramures.com\/?lang=en\" target=\"_blank\" rel=\"noopener\"><span style=\"font-family: Arial, sans-serif;\"><span style=\"font-size: medium;\">s<\/span><\/span><span style=\"font-family: Arial, sans-serif;\"><span style=\"font-size: medium;\">.com<\/span><\/span><\/a><span style=\"font-family: Arial, sans-serif;\"><span style=\"font-size: medium;\"> und <\/span><\/span><a href=\"https:\/\/taradornelor.ro\/en\/\" target=\"_blank\" rel=\"noopener\"><span style=\"font-family: Arial, sans-serif;\"><span style=\"font-size: medium;\">t<\/span><\/span><span style=\"font-family: Arial, sans-serif;\"><span style=\"font-size: medium;\">aradornelor.ro<\/span><\/span><\/a><span style=\"font-family: Arial, sans-serif;\"><span style=\"font-size: medium;\"> finden Sie <\/span><\/span><span style=\"font-family: Arial, sans-serif;\"><span style=\"font-size: medium;\">ebenfalls<\/span><\/span><span style=\"font-family: Arial, sans-serif;\"><span style=\"font-size: medium;\"> einen Veranstaltungskalender <\/span><\/span><span style=\"font-family: Arial, sans-serif;\"><span style=\"font-size: medium;\">f\u00fcr das <\/span><\/span><span style=\"font-family: Arial, sans-serif;\"><span style=\"font-size: medium;\">ganze Jahr.<\/span><\/span><\/p>\n","protected":false},"excerpt":{"rendered":"<p>&nbsp; RadioRomaniaInternational \u00b7 Osterurlaub in der Marmarosch und der Bukowina &nbsp; Ostern ist die beste Gelegenheit, das rum\u00e4nische Dorf n\u00e4her kennen zu lernen. Es gibt zwei nordrum\u00e4nische Regionen, die an diesem Feiertag die meisten Touristen anziehen: die Bukowina im Nordosten und die Marmarosch (rum. Maramure\u0219) im Nordwesten des Landes. Lange vor Ostern bereiten sich die [&hellip;]<\/p>\n","protected":false},"author":128,"featured_media":753663,"comment_status":"closed","ping_status":"closed","sticky":false,"template":"","format":"standard","meta":{"_acf_changed":false,"footnotes":""},"categories":[116760],"tags":[147459,100579,147460,147457,147458,143727,117877,123814,147454,99589,147456,100329,147455,147461,117967],"coauthors":[113280,115354],"class_list":["post-758650","post","type-post","status-publish","format-standard","has-post-thumbnail","hentry","category-radio-tour-de","tag-breb-de","tag-bukowina","tag-ciocanesti-de","tag-dorna-watra","tag-kurbad-casino","tag-maramures-de","tag-marmarosch","tag-osterbraeuche","tag-osterurlaub","tag-rumaenien","tag-thematische-aufenthalte","tag-tourismus","tag-umzuege","tag-vatra-dornei-de","tag-wandern"],"acf":[],"yoast_head":"<!-- This site is optimized with the Yoast SEO plugin v27.3 - https:\/\/yoast.com\/product\/yoast-seo-wordpress\/ -->\n<title>Osterurlaub in der Marmarosch und der Bukowina - Radio Rum\u00e4nien International<\/title>\n<meta name=\"robots\" content=\"index, follow, max-snippet:-1, max-image-preview:large, max-video-preview:-1\" \/>\n<link rel=\"canonical\" href=\"https:\/\/www.rri.ro\/de\/feature-reportage\/radio-tour-de\/osterurlaub-in-der-marmarosch-und-der-bukowina-id758650.html\" \/>\n<meta property=\"og:locale\" content=\"de_DE\" \/>\n<meta property=\"og:type\" content=\"article\" \/>\n<meta property=\"og:title\" content=\"Osterurlaub in der Marmarosch und der Bukowina - Radio Rum\u00e4nien International\" \/>\n<meta property=\"og:description\" content=\"&nbsp; RadioRomaniaInternational \u00b7 Osterurlaub in der Marmarosch und der Bukowina &nbsp; Ostern ist die beste Gelegenheit, das rum\u00e4nische Dorf n\u00e4her kennen zu lernen. Es gibt zwei nordrum\u00e4nische Regionen, die an diesem Feiertag die meisten Touristen anziehen: die Bukowina im Nordosten und die Marmarosch (rum. Maramure\u0219) im Nordwesten des Landes. Lange vor Ostern bereiten sich die [&hellip;]\" \/>\n<meta property=\"og:url\" content=\"https:\/\/www.rri.ro\/de\/feature-reportage\/radio-tour-de\/osterurlaub-in-der-marmarosch-und-der-bukowina-id758650.html\" \/>\n<meta property=\"og:site_name\" content=\"Radio Rum\u00e4nien International\" \/>\n<meta property=\"article:published_time\" content=\"2024-05-12T14:39:43+00:00\" \/>\n<meta property=\"article:modified_time\" content=\"2024-05-12T14:50:33+00:00\" \/>\n<meta property=\"og:image\" content=\"https:\/\/www.rri.ro\/wp-content\/uploads\/2024\/04\/oua-incondeiate-paste-ciocanesti-foto-visiting-bucovina.jpg\" \/>\n\t<meta property=\"og:image:width\" content=\"960\" \/>\n\t<meta property=\"og:image:height\" content=\"640\" \/>\n\t<meta property=\"og:image:type\" content=\"image\/jpeg\" \/>\n<meta name=\"author\" content=\"Daniel Onea, Sorin Georgescu\" \/>\n<meta name=\"twitter:card\" content=\"summary_large_image\" \/>\n<meta name=\"twitter:label1\" content=\"Verfasst von\" \/>\n\t<meta name=\"twitter:data1\" content=\"Daniel Onea\" \/>\n\t<meta name=\"twitter:label2\" content=\"Gesch\u00e4tzte Lesezeit\" \/>\n\t<meta name=\"twitter:data2\" content=\"6\u00a0Minuten\" \/>\n\t<meta name=\"twitter:label3\" content=\"Written by\" \/>\n\t<meta name=\"twitter:data3\" content=\"Daniel Onea, Sorin Georgescu\" \/>\n<script type=\"application\/ld+json\" class=\"yoast-schema-graph\">{\"@context\":\"https:\\\/\\\/schema.org\",\"@graph\":[{\"@type\":\"Article\",\"@id\":\"https:\\\/\\\/www.rri.ro\\\/de\\\/feature-reportage\\\/radio-tour-de\\\/osterurlaub-in-der-marmarosch-und-der-bukowina-id758650.html#article\",\"isPartOf\":{\"@id\":\"https:\\\/\\\/www.rri.ro\\\/de\\\/feature-reportage\\\/radio-tour-de\\\/osterurlaub-in-der-marmarosch-und-der-bukowina-id758650.html\"},\"author\":{\"name\":\"Daniel Onea\",\"@id\":\"https:\\\/\\\/www.rri.ro\\\/#\\\/schema\\\/person\\\/fcce42c208d45f30f5b054b64bc1e0df\"},\"headline\":\"Osterurlaub in der Marmarosch und der Bukowina\",\"datePublished\":\"2024-05-12T14:39:43+00:00\",\"dateModified\":\"2024-05-12T14:50:33+00:00\",\"mainEntityOfPage\":{\"@id\":\"https:\\\/\\\/www.rri.ro\\\/de\\\/feature-reportage\\\/radio-tour-de\\\/osterurlaub-in-der-marmarosch-und-der-bukowina-id758650.html\"},\"wordCount\":1210,\"image\":{\"@id\":\"https:\\\/\\\/www.rri.ro\\\/de\\\/feature-reportage\\\/radio-tour-de\\\/osterurlaub-in-der-marmarosch-und-der-bukowina-id758650.html#primaryimage\"},\"thumbnailUrl\":\"https:\\\/\\\/www.rri.ro\\\/wp-content\\\/uploads\\\/2024\\\/04\\\/oua-incondeiate-paste-ciocanesti-foto-visiting-bucovina.jpg\",\"keywords\":[\"Breb\",\"Bukowina\",\"Ciocanesti\",\"Dorna Watra\",\"Kurbad-Casino\",\"Maramures\",\"Marmarosch\",\"Osterbr\u00e4uche\",\"Osterurlaub\",\"Rum\u00e4nien\",\"thematische Aufenthalte\",\"Tourismus\",\"Umz\u00fcge\",\"Vatra Dornei\",\"Wandern\"],\"articleSection\":[\"Radiotour\"],\"inLanguage\":\"de\"},{\"@type\":\"WebPage\",\"@id\":\"https:\\\/\\\/www.rri.ro\\\/de\\\/feature-reportage\\\/radio-tour-de\\\/osterurlaub-in-der-marmarosch-und-der-bukowina-id758650.html\",\"url\":\"https:\\\/\\\/www.rri.ro\\\/de\\\/feature-reportage\\\/radio-tour-de\\\/osterurlaub-in-der-marmarosch-und-der-bukowina-id758650.html\",\"name\":\"Osterurlaub in der Marmarosch und der Bukowina - Radio Rum\u00e4nien International\",\"isPartOf\":{\"@id\":\"https:\\\/\\\/www.rri.ro\\\/#website\"},\"primaryImageOfPage\":{\"@id\":\"https:\\\/\\\/www.rri.ro\\\/de\\\/feature-reportage\\\/radio-tour-de\\\/osterurlaub-in-der-marmarosch-und-der-bukowina-id758650.html#primaryimage\"},\"image\":{\"@id\":\"https:\\\/\\\/www.rri.ro\\\/de\\\/feature-reportage\\\/radio-tour-de\\\/osterurlaub-in-der-marmarosch-und-der-bukowina-id758650.html#primaryimage\"},\"thumbnailUrl\":\"https:\\\/\\\/www.rri.ro\\\/wp-content\\\/uploads\\\/2024\\\/04\\\/oua-incondeiate-paste-ciocanesti-foto-visiting-bucovina.jpg\",\"datePublished\":\"2024-05-12T14:39:43+00:00\",\"dateModified\":\"2024-05-12T14:50:33+00:00\",\"author\":{\"@id\":\"https:\\\/\\\/www.rri.ro\\\/#\\\/schema\\\/person\\\/fcce42c208d45f30f5b054b64bc1e0df\"},\"breadcrumb\":{\"@id\":\"https:\\\/\\\/www.rri.ro\\\/de\\\/feature-reportage\\\/radio-tour-de\\\/osterurlaub-in-der-marmarosch-und-der-bukowina-id758650.html#breadcrumb\"},\"inLanguage\":\"de\",\"potentialAction\":[{\"@type\":\"ReadAction\",\"target\":[\"https:\\\/\\\/www.rri.ro\\\/de\\\/feature-reportage\\\/radio-tour-de\\\/osterurlaub-in-der-marmarosch-und-der-bukowina-id758650.html\"]}]},{\"@type\":\"ImageObject\",\"inLanguage\":\"de\",\"@id\":\"https:\\\/\\\/www.rri.ro\\\/de\\\/feature-reportage\\\/radio-tour-de\\\/osterurlaub-in-der-marmarosch-und-der-bukowina-id758650.html#primaryimage\",\"url\":\"https:\\\/\\\/www.rri.ro\\\/wp-content\\\/uploads\\\/2024\\\/04\\\/oua-incondeiate-paste-ciocanesti-foto-visiting-bucovina.jpg\",\"contentUrl\":\"https:\\\/\\\/www.rri.ro\\\/wp-content\\\/uploads\\\/2024\\\/04\\\/oua-incondeiate-paste-ciocanesti-foto-visiting-bucovina.jpg\",\"width\":960,\"height\":640,\"caption\":\"Verzierte Ostereier im Eiermuseum Cioc\u0103ne\u0219ti (Fotoquelle: visitingbucovina.ro)\"},{\"@type\":\"BreadcrumbList\",\"@id\":\"https:\\\/\\\/www.rri.ro\\\/de\\\/feature-reportage\\\/radio-tour-de\\\/osterurlaub-in-der-marmarosch-und-der-bukowina-id758650.html#breadcrumb\",\"itemListElement\":[{\"@type\":\"ListItem\",\"position\":1,\"name\":\"Startseite\",\"item\":\"https:\\\/\\\/www.rri.ro\\\/de\"},{\"@type\":\"ListItem\",\"position\":2,\"name\":\"Feature &amp; Reportage\",\"item\":\"https:\\\/\\\/www.rri.ro\\\/de\\\/feature-reportage\"},{\"@type\":\"ListItem\",\"position\":3,\"name\":\"Radiotour\",\"item\":\"https:\\\/\\\/www.rri.ro\\\/de\\\/feature-reportage\\\/radio-tour-de\"},{\"@type\":\"ListItem\",\"position\":4,\"name\":\"Osterurlaub in der Marmarosch und der Bukowina\"}]},{\"@type\":\"WebSite\",\"@id\":\"https:\\\/\\\/www.rri.ro\\\/#website\",\"url\":\"https:\\\/\\\/www.rri.ro\\\/\",\"name\":\"Radio Rum\u00e4nien International\",\"description\":\"Totul despre Rom\u00e2nia \u015fi rom\u00e2ni, \u00een 13 limbi\\\/dialecte!\",\"inLanguage\":\"de\"},{\"@type\":\"Person\",\"@id\":\"https:\\\/\\\/www.rri.ro\\\/#\\\/schema\\\/person\\\/fcce42c208d45f30f5b054b64bc1e0df\",\"name\":\"Daniel Onea\",\"url\":\"https:\\\/\\\/www.rri.ro\\\/de\\\/author\\\/daniel-onea\"}]}<\/script>\n<!-- \/ Yoast SEO plugin. -->","yoast_head_json":{"title":"Osterurlaub in der Marmarosch und der Bukowina - Radio Rum\u00e4nien International","robots":{"index":"index","follow":"follow","max-snippet":"max-snippet:-1","max-image-preview":"max-image-preview:large","max-video-preview":"max-video-preview:-1"},"canonical":"https:\/\/www.rri.ro\/de\/feature-reportage\/radio-tour-de\/osterurlaub-in-der-marmarosch-und-der-bukowina-id758650.html","og_locale":"de_DE","og_type":"article","og_title":"Osterurlaub in der Marmarosch und der Bukowina - Radio Rum\u00e4nien International","og_description":"&nbsp; RadioRomaniaInternational \u00b7 Osterurlaub in der Marmarosch und der Bukowina &nbsp; Ostern ist die beste Gelegenheit, das rum\u00e4nische Dorf n\u00e4her kennen zu lernen. Es gibt zwei nordrum\u00e4nische Regionen, die an diesem Feiertag die meisten Touristen anziehen: die Bukowina im Nordosten und die Marmarosch (rum. Maramure\u0219) im Nordwesten des Landes. Lange vor Ostern bereiten sich die [&hellip;]","og_url":"https:\/\/www.rri.ro\/de\/feature-reportage\/radio-tour-de\/osterurlaub-in-der-marmarosch-und-der-bukowina-id758650.html","og_site_name":"Radio Rum\u00e4nien International","article_published_time":"2024-05-12T14:39:43+00:00","article_modified_time":"2024-05-12T14:50:33+00:00","og_image":[{"width":960,"height":640,"url":"https:\/\/www.rri.ro\/wp-content\/uploads\/2024\/04\/oua-incondeiate-paste-ciocanesti-foto-visiting-bucovina.jpg","type":"image\/jpeg"}],"author":"Daniel Onea, Sorin Georgescu","twitter_card":"summary_large_image","twitter_misc":{"Verfasst von":"Daniel Onea","Gesch\u00e4tzte Lesezeit":"6\u00a0Minuten","Written by":"Daniel Onea, Sorin Georgescu"},"schema":{"@context":"https:\/\/schema.org","@graph":[{"@type":"Article","@id":"https:\/\/www.rri.ro\/de\/feature-reportage\/radio-tour-de\/osterurlaub-in-der-marmarosch-und-der-bukowina-id758650.html#article","isPartOf":{"@id":"https:\/\/www.rri.ro\/de\/feature-reportage\/radio-tour-de\/osterurlaub-in-der-marmarosch-und-der-bukowina-id758650.html"},"author":{"name":"Daniel Onea","@id":"https:\/\/www.rri.ro\/#\/schema\/person\/fcce42c208d45f30f5b054b64bc1e0df"},"headline":"Osterurlaub in der Marmarosch und der Bukowina","datePublished":"2024-05-12T14:39:43+00:00","dateModified":"2024-05-12T14:50:33+00:00","mainEntityOfPage":{"@id":"https:\/\/www.rri.ro\/de\/feature-reportage\/radio-tour-de\/osterurlaub-in-der-marmarosch-und-der-bukowina-id758650.html"},"wordCount":1210,"image":{"@id":"https:\/\/www.rri.ro\/de\/feature-reportage\/radio-tour-de\/osterurlaub-in-der-marmarosch-und-der-bukowina-id758650.html#primaryimage"},"thumbnailUrl":"https:\/\/www.rri.ro\/wp-content\/uploads\/2024\/04\/oua-incondeiate-paste-ciocanesti-foto-visiting-bucovina.jpg","keywords":["Breb","Bukowina","Ciocanesti","Dorna Watra","Kurbad-Casino","Maramures","Marmarosch","Osterbr\u00e4uche","Osterurlaub","Rum\u00e4nien","thematische Aufenthalte","Tourismus","Umz\u00fcge","Vatra Dornei","Wandern"],"articleSection":["Radiotour"],"inLanguage":"de"},{"@type":"WebPage","@id":"https:\/\/www.rri.ro\/de\/feature-reportage\/radio-tour-de\/osterurlaub-in-der-marmarosch-und-der-bukowina-id758650.html","url":"https:\/\/www.rri.ro\/de\/feature-reportage\/radio-tour-de\/osterurlaub-in-der-marmarosch-und-der-bukowina-id758650.html","name":"Osterurlaub in der Marmarosch und der Bukowina - Radio Rum\u00e4nien International","isPartOf":{"@id":"https:\/\/www.rri.ro\/#website"},"primaryImageOfPage":{"@id":"https:\/\/www.rri.ro\/de\/feature-reportage\/radio-tour-de\/osterurlaub-in-der-marmarosch-und-der-bukowina-id758650.html#primaryimage"},"image":{"@id":"https:\/\/www.rri.ro\/de\/feature-reportage\/radio-tour-de\/osterurlaub-in-der-marmarosch-und-der-bukowina-id758650.html#primaryimage"},"thumbnailUrl":"https:\/\/www.rri.ro\/wp-content\/uploads\/2024\/04\/oua-incondeiate-paste-ciocanesti-foto-visiting-bucovina.jpg","datePublished":"2024-05-12T14:39:43+00:00","dateModified":"2024-05-12T14:50:33+00:00","author":{"@id":"https:\/\/www.rri.ro\/#\/schema\/person\/fcce42c208d45f30f5b054b64bc1e0df"},"breadcrumb":{"@id":"https:\/\/www.rri.ro\/de\/feature-reportage\/radio-tour-de\/osterurlaub-in-der-marmarosch-und-der-bukowina-id758650.html#breadcrumb"},"inLanguage":"de","potentialAction":[{"@type":"ReadAction","target":["https:\/\/www.rri.ro\/de\/feature-reportage\/radio-tour-de\/osterurlaub-in-der-marmarosch-und-der-bukowina-id758650.html"]}]},{"@type":"ImageObject","inLanguage":"de","@id":"https:\/\/www.rri.ro\/de\/feature-reportage\/radio-tour-de\/osterurlaub-in-der-marmarosch-und-der-bukowina-id758650.html#primaryimage","url":"https:\/\/www.rri.ro\/wp-content\/uploads\/2024\/04\/oua-incondeiate-paste-ciocanesti-foto-visiting-bucovina.jpg","contentUrl":"https:\/\/www.rri.ro\/wp-content\/uploads\/2024\/04\/oua-incondeiate-paste-ciocanesti-foto-visiting-bucovina.jpg","width":960,"height":640,"caption":"Verzierte Ostereier im Eiermuseum Cioc\u0103ne\u0219ti (Fotoquelle: visitingbucovina.ro)"},{"@type":"BreadcrumbList","@id":"https:\/\/www.rri.ro\/de\/feature-reportage\/radio-tour-de\/osterurlaub-in-der-marmarosch-und-der-bukowina-id758650.html#breadcrumb","itemListElement":[{"@type":"ListItem","position":1,"name":"Startseite","item":"https:\/\/www.rri.ro\/de"},{"@type":"ListItem","position":2,"name":"Feature &amp; Reportage","item":"https:\/\/www.rri.ro\/de\/feature-reportage"},{"@type":"ListItem","position":3,"name":"Radiotour","item":"https:\/\/www.rri.ro\/de\/feature-reportage\/radio-tour-de"},{"@type":"ListItem","position":4,"name":"Osterurlaub in der Marmarosch und der Bukowina"}]},{"@type":"WebSite","@id":"https:\/\/www.rri.ro\/#website","url":"https:\/\/www.rri.ro\/","name":"Radio Rum\u00e4nien International","description":"Totul despre Rom\u00e2nia \u015fi rom\u00e2ni, \u00een 13 limbi\/dialecte!","inLanguage":"de"},{"@type":"Person","@id":"https:\/\/www.rri.ro\/#\/schema\/person\/fcce42c208d45f30f5b054b64bc1e0df","name":"Daniel Onea","url":"https:\/\/www.rri.ro\/de\/author\/daniel-onea"}]}},"_links":{"self":[{"href":"https:\/\/www.rri.ro\/de\/wp-json\/wp\/v2\/posts\/758650","targetHints":{"allow":["GET"]}}],"collection":[{"href":"https:\/\/www.rri.ro\/de\/wp-json\/wp\/v2\/posts"}],"about":[{"href":"https:\/\/www.rri.ro\/de\/wp-json\/wp\/v2\/types\/post"}],"author":[{"embeddable":true,"href":"https:\/\/www.rri.ro\/de\/wp-json\/wp\/v2\/users\/128"}],"replies":[{"embeddable":true,"href":"https:\/\/www.rri.ro\/de\/wp-json\/wp\/v2\/comments?post=758650"}],"version-history":[{"count":0,"href":"https:\/\/www.rri.ro\/de\/wp-json\/wp\/v2\/posts\/758650\/revisions"}],"wp:featuredmedia":[{"embeddable":true,"href":"https:\/\/www.rri.ro\/de\/wp-json\/wp\/v2\/media\/753663"}],"wp:attachment":[{"href":"https:\/\/www.rri.ro\/de\/wp-json\/wp\/v2\/media?parent=758650"}],"wp:term":[{"taxonomy":"category","embeddable":true,"href":"https:\/\/www.rri.ro\/de\/wp-json\/wp\/v2\/categories?post=758650"},{"taxonomy":"post_tag","embeddable":true,"href":"https:\/\/www.rri.ro\/de\/wp-json\/wp\/v2\/tags?post=758650"},{"taxonomy":"author","embeddable":true,"href":"https:\/\/www.rri.ro\/de\/wp-json\/wp\/v2\/coauthors?post=758650"}],"curies":[{"name":"wp","href":"https:\/\/api.w.org\/{rel}","templated":true}]}}