{"id":794375,"date":"2024-07-30T16:22:52","date_gmt":"2024-07-30T13:22:52","guid":{"rendered":"https:\/\/www.rri.ro\/?p=794375"},"modified":"2024-07-30T16:22:52","modified_gmt":"2024-07-30T13:22:52","slug":"30-07-2024","status":"publish","type":"post","link":"https:\/\/www.rri.ro\/de\/aktuell\/newsflash-de\/30-07-2024-id794375.html","title":{"rendered":"30.07.2024"},"content":{"rendered":"<p>Die UNO hat den 30. Juli zum Welttag gegen den Menschenhandel erkl\u00e4rt. In Rum\u00e4nien haben die Beh\u00f6rden im Mai die Nationale Strategie zur Bek\u00e4mpfung des Menschenhandels bis 202 vorgestellt, ein Bereich, in dem Rum\u00e4nien in internationalen Berichten stark kritisiert wurde. Rum\u00e4nien will Ma\u00dfnahmen ergreifen, um das Ph\u00e4nomen einzud\u00e4mmen, Opfer zu identifizieren und zu unterst\u00fctzen und Menschenh\u00e4ndler zu bestrafen. Im j\u00fcngsten Jahresbericht \u00fcber Menschenhandel, den das US-Au\u00dfenministerium im Sommer 2023 erstellte, wurde festgestellt, dass Rum\u00e4nien die Mindeststandards bei der Bek\u00e4mpfung des Menschenhandels nicht erf\u00fcllt. Das Dokument zeigte auch, dass die rum\u00e4nische Justiz, die Ermittler und die Kinderschutzbeh\u00f6rden eher \u201eauf der Seite\u201c der Menschenh\u00e4ndler stehen und gleichzeitig extrem hart zu den Opfern sind.<\/p>\n<p>500 Zelte und 2.000 Decken hat Rum\u00e4nien dem Gazastreifen kostenlos zur Verf\u00fcgung gestellt, teilt der Katastrophenschutz in Bukarest mit. Der Transport der Ausr\u00fcstung wurde auch mit Hilfe der Europ\u00e4ischen Kommission durchgef\u00fchrt. Rum\u00e4nien erkl\u00e4rte, dass es ein solider Partner f\u00fcr Staaten sei, die mit schwierigen Notsituationen konfrontiert sind. Premierminister Marcel Ciolacu hatte bereits am 19. April das Nationale Komitee f\u00fcr Notsituationen einberufen und den Beschluss gefasst, der betroffenen Zivilbev\u00f6lkerung im Gazastreifen kostenlos internationale Hilfe zu leisten.<\/p>\n<p>Israels Au\u00dfenminister fordert die NATO auf, die T\u00fcrkei aus dem B\u00fcndnis auszuweisen, nachdem Pr\u00e4sident Recep Tayyip Erdogan gedroht hatte, dass sein Land milit\u00e4risch in Israel intervenieren k\u00f6nnte und an an fr\u00fchere Aktionen in Berg-Karabach und Libyen erinnert hatte. Die T\u00fcrkei hatte Aserbaidschan mit Drohnen und anderer milit\u00e4rischer Unterst\u00fctzung im Konflikt gegen Armenien unterst\u00fctzt und auch der international anerkannten Regierung in Libyen mit milit\u00e4rischer Ausr\u00fcstung und Personal geholfen. \u2028Erdogan hat die pal\u00e4stinensische Islamistengruppe Hamas als \u201eBefreiungsorganisation\u201c bezeichnet und den israelischen Premierminister Benjamin Netanjahu mit Adolf Hitler verglichen, berichtet dpa. Einst enge regionale Verb\u00fcndete, haben sich die Beziehungen zwischen Israel und der T\u00fcrkei in den letzten Jahren deutlich verschlechtert, insbesondere seit dem Beginn des Gaza-Krieges im Oktober 2023. Der bilaterale Handel, der viele diplomatische St\u00fcrme \u00fcberstanden hat, erreicht j\u00e4hrlich einen Wert von mehreren Milliarden Dollar, doch Ankara erkl\u00e4rte, dass es den gesamten bilateralen Handel mit Israel einstellen wird, bis der Krieg beendet ist und Hilfsg\u00fcter den Gazastreifen ungehindert erreichen k\u00f6nnen.<\/p>\n<p>Mehrere L\u00e4nder, darunter Rum\u00e4nien, Deutschland, Gro\u00dfbritannien und die Niederlande, fordern ihre B\u00fcrger auf, den Libanon dringend zu verlassen, da die Besorgnis \u00fcber einen m\u00f6glichen gro\u00df angelegten israelischen Vergeltungsschlag nach dem Raketenangriff vom Samstag w\u00e4chst. Gleichzeitig stellen immer mehr Fluggesellschaften ihre Fl\u00fcge nach Beirut ein. Ministerpr\u00e4sident Benjamin Netanjahu besuchte am Montag den Ort, an dem eine Rakete, die 12 Kinder t\u00f6tete, aus dem Libanon abgefeuert wurde und drohte harte Vergeltung an. Die Hisbollah bestreitet Anschuldigungen, dass sie hinter dem Angriff steckt. Die USA zeigten sich zuversichtlich, dass ein umfassender Krieg zwischen Israel und der Hisbollah vermieden werden kann. In einem Gespr\u00e4ch mit dem israelischen Pr\u00e4sidenten Itzhak Herzog betonte US-Au\u00dfenminister Antony Blinken, wie wichtig es sei, eine Eskalation zu verhindern. Der franz\u00f6sische Pr\u00e4sident Emmanuel Macron f\u00fchrte seinerseits Gespr\u00e4che mit dem iranischen F\u00fchrer Masoud Pezeshkian, dem wichtigsten Verb\u00fcndeten der Hisbollah, der davor warnte, dass ein Angriff auf den Libanon schwerwiegende Folgen haben w\u00fcrde.<\/p>\n","protected":false},"excerpt":{"rendered":"<p>Die UNO hat den 30. Juli zum Welttag gegen den Menschenhandel erkl\u00e4rt. In Rum\u00e4nien haben die Beh\u00f6rden im Mai die Nationale Strategie zur Bek\u00e4mpfung des Menschenhandels bis 202 vorgestellt, ein Bereich, in dem Rum\u00e4nien in internationalen Berichten stark kritisiert wurde. Rum\u00e4nien will Ma\u00dfnahmen ergreifen, um das Ph\u00e4nomen einzud\u00e4mmen, Opfer zu identifizieren und zu unterst\u00fctzen und [&hellip;]<\/p>\n","protected":false},"author":113,"featured_media":723386,"comment_status":"closed","ping_status":"closed","sticky":false,"template":"","format":"standard","meta":{"_acf_changed":false,"footnotes":""},"categories":[116753],"tags":[152204,129045,146168,146169,127620,103578,99589],"coauthors":[116091],"class_list":["post-794375","post","type-post","status-publish","format-standard","has-post-thumbnail","hentry","category-newsflash-de","tag-gaza-de","tag-hisbollah","tag-iran-de","tag-israel-de","tag-libanon","tag-menschenhandel","tag-rumaenien"],"acf":[],"yoast_head":"<!-- This site is optimized with the Yoast SEO plugin v27.3 - https:\/\/yoast.com\/product\/yoast-seo-wordpress\/ -->\n<title>30.07.2024 - Radio Rum\u00e4nien International<\/title>\n<meta name=\"robots\" content=\"index, follow, max-snippet:-1, max-image-preview:large, max-video-preview:-1\" \/>\n<link rel=\"canonical\" href=\"https:\/\/www.rri.ro\/de\/aktuell\/newsflash-de\/30-07-2024-id794375.html\" \/>\n<meta property=\"og:locale\" content=\"de_DE\" \/>\n<meta property=\"og:type\" content=\"article\" \/>\n<meta property=\"og:title\" content=\"30.07.2024 - Radio Rum\u00e4nien International\" \/>\n<meta property=\"og:description\" content=\"Die UNO hat den 30. Juli zum Welttag gegen den Menschenhandel erkl\u00e4rt. In Rum\u00e4nien haben die Beh\u00f6rden im Mai die Nationale Strategie zur Bek\u00e4mpfung des Menschenhandels bis 202 vorgestellt, ein Bereich, in dem Rum\u00e4nien in internationalen Berichten stark kritisiert wurde. Rum\u00e4nien will Ma\u00dfnahmen ergreifen, um das Ph\u00e4nomen einzud\u00e4mmen, Opfer zu identifizieren und zu unterst\u00fctzen und [&hellip;]\" \/>\n<meta property=\"og:url\" content=\"https:\/\/www.rri.ro\/de\/aktuell\/newsflash-de\/30-07-2024-id794375.html\" \/>\n<meta property=\"og:site_name\" content=\"Radio Rum\u00e4nien International\" \/>\n<meta property=\"article:published_time\" content=\"2024-07-30T13:22:52+00:00\" \/>\n<meta property=\"og:image\" content=\"https:\/\/www.rri.ro\/wp-content\/uploads\/2024\/03\/RRI-960x540-Nachrichten-2-NOU.jpg\" \/>\n\t<meta property=\"og:image:width\" content=\"960\" \/>\n\t<meta property=\"og:image:height\" content=\"540\" \/>\n\t<meta property=\"og:image:type\" content=\"image\/jpeg\" \/>\n<meta name=\"author\" content=\"Newsroom\" \/>\n<meta name=\"twitter:card\" content=\"summary_large_image\" \/>\n<meta name=\"twitter:label1\" content=\"Verfasst von\" \/>\n\t<meta name=\"twitter:data1\" content=\"Newsroom\" \/>\n\t<meta name=\"twitter:label2\" content=\"Gesch\u00e4tzte Lesezeit\" \/>\n\t<meta name=\"twitter:data2\" content=\"3\u00a0Minuten\" \/>\n\t<meta name=\"twitter:label3\" content=\"Written by\" \/>\n\t<meta name=\"twitter:data3\" content=\"Newsroom\" \/>\n<script type=\"application\/ld+json\" class=\"yoast-schema-graph\">{\"@context\":\"https:\\\/\\\/schema.org\",\"@graph\":[{\"@type\":\"Article\",\"@id\":\"https:\\\/\\\/www.rri.ro\\\/de\\\/aktuell\\\/newsflash-de\\\/30-07-2024-id794375.html#article\",\"isPartOf\":{\"@id\":\"https:\\\/\\\/www.rri.ro\\\/de\\\/aktuell\\\/newsflash-de\\\/30-07-2024-id794375.html\"},\"author\":{\"name\":\"Newsroom\",\"@id\":\"https:\\\/\\\/www.rri.ro\\\/#\\\/schema\\\/person\\\/4a479940371b9fdefd194f561e8a7f88\"},\"headline\":\"30.07.2024\",\"datePublished\":\"2024-07-30T13:22:52+00:00\",\"mainEntityOfPage\":{\"@id\":\"https:\\\/\\\/www.rri.ro\\\/de\\\/aktuell\\\/newsflash-de\\\/30-07-2024-id794375.html\"},\"wordCount\":555,\"image\":{\"@id\":\"https:\\\/\\\/www.rri.ro\\\/de\\\/aktuell\\\/newsflash-de\\\/30-07-2024-id794375.html#primaryimage\"},\"thumbnailUrl\":\"https:\\\/\\\/www.rri.ro\\\/wp-content\\\/uploads\\\/2024\\\/03\\\/RRI-960x540-Nachrichten-2-NOU.jpg\",\"keywords\":[\"Gaza\",\"Hisbollah\",\"Iran\",\"Israel\",\"Libanon\",\"Menschenhandel\",\"Rum\u00e4nien\"],\"articleSection\":[\"Newsflash\"],\"inLanguage\":\"de\"},{\"@type\":\"WebPage\",\"@id\":\"https:\\\/\\\/www.rri.ro\\\/de\\\/aktuell\\\/newsflash-de\\\/30-07-2024-id794375.html\",\"url\":\"https:\\\/\\\/www.rri.ro\\\/de\\\/aktuell\\\/newsflash-de\\\/30-07-2024-id794375.html\",\"name\":\"30.07.2024 - Radio Rum\u00e4nien International\",\"isPartOf\":{\"@id\":\"https:\\\/\\\/www.rri.ro\\\/#website\"},\"primaryImageOfPage\":{\"@id\":\"https:\\\/\\\/www.rri.ro\\\/de\\\/aktuell\\\/newsflash-de\\\/30-07-2024-id794375.html#primaryimage\"},\"image\":{\"@id\":\"https:\\\/\\\/www.rri.ro\\\/de\\\/aktuell\\\/newsflash-de\\\/30-07-2024-id794375.html#primaryimage\"},\"thumbnailUrl\":\"https:\\\/\\\/www.rri.ro\\\/wp-content\\\/uploads\\\/2024\\\/03\\\/RRI-960x540-Nachrichten-2-NOU.jpg\",\"datePublished\":\"2024-07-30T13:22:52+00:00\",\"author\":{\"@id\":\"https:\\\/\\\/www.rri.ro\\\/#\\\/schema\\\/person\\\/4a479940371b9fdefd194f561e8a7f88\"},\"breadcrumb\":{\"@id\":\"https:\\\/\\\/www.rri.ro\\\/de\\\/aktuell\\\/newsflash-de\\\/30-07-2024-id794375.html#breadcrumb\"},\"inLanguage\":\"de\",\"potentialAction\":[{\"@type\":\"ReadAction\",\"target\":[\"https:\\\/\\\/www.rri.ro\\\/de\\\/aktuell\\\/newsflash-de\\\/30-07-2024-id794375.html\"]}]},{\"@type\":\"ImageObject\",\"inLanguage\":\"de\",\"@id\":\"https:\\\/\\\/www.rri.ro\\\/de\\\/aktuell\\\/newsflash-de\\\/30-07-2024-id794375.html#primaryimage\",\"url\":\"https:\\\/\\\/www.rri.ro\\\/wp-content\\\/uploads\\\/2024\\\/03\\\/RRI-960x540-Nachrichten-2-NOU.jpg\",\"contentUrl\":\"https:\\\/\\\/www.rri.ro\\\/wp-content\\\/uploads\\\/2024\\\/03\\\/RRI-960x540-Nachrichten-2-NOU.jpg\",\"width\":960,\"height\":540},{\"@type\":\"BreadcrumbList\",\"@id\":\"https:\\\/\\\/www.rri.ro\\\/de\\\/aktuell\\\/newsflash-de\\\/30-07-2024-id794375.html#breadcrumb\",\"itemListElement\":[{\"@type\":\"ListItem\",\"position\":1,\"name\":\"Startseite\",\"item\":\"https:\\\/\\\/www.rri.ro\\\/de\"},{\"@type\":\"ListItem\",\"position\":2,\"name\":\"Aktuell\",\"item\":\"https:\\\/\\\/www.rri.ro\\\/de\\\/aktuell\"},{\"@type\":\"ListItem\",\"position\":3,\"name\":\"Newsflash\",\"item\":\"https:\\\/\\\/www.rri.ro\\\/de\\\/aktuell\\\/newsflash-de\"},{\"@type\":\"ListItem\",\"position\":4,\"name\":\"30.07.2024\"}]},{\"@type\":\"WebSite\",\"@id\":\"https:\\\/\\\/www.rri.ro\\\/#website\",\"url\":\"https:\\\/\\\/www.rri.ro\\\/\",\"name\":\"Radio Rum\u00e4nien International\",\"description\":\"Totul despre Rom\u00e2nia \u015fi rom\u00e2ni, \u00een 13 limbi\\\/dialecte!\",\"inLanguage\":\"de\"},{\"@type\":\"Person\",\"@id\":\"https:\\\/\\\/www.rri.ro\\\/#\\\/schema\\\/person\\\/4a479940371b9fdefd194f561e8a7f88\",\"name\":\"Newsroom\",\"url\":\"https:\\\/\\\/www.rri.ro\\\/de\\\/author\\\/newsroom\"}]}<\/script>\n<!-- \/ Yoast SEO plugin. -->","yoast_head_json":{"title":"30.07.2024 - Radio Rum\u00e4nien International","robots":{"index":"index","follow":"follow","max-snippet":"max-snippet:-1","max-image-preview":"max-image-preview:large","max-video-preview":"max-video-preview:-1"},"canonical":"https:\/\/www.rri.ro\/de\/aktuell\/newsflash-de\/30-07-2024-id794375.html","og_locale":"de_DE","og_type":"article","og_title":"30.07.2024 - Radio Rum\u00e4nien International","og_description":"Die UNO hat den 30. Juli zum Welttag gegen den Menschenhandel erkl\u00e4rt. In Rum\u00e4nien haben die Beh\u00f6rden im Mai die Nationale Strategie zur Bek\u00e4mpfung des Menschenhandels bis 202 vorgestellt, ein Bereich, in dem Rum\u00e4nien in internationalen Berichten stark kritisiert wurde. Rum\u00e4nien will Ma\u00dfnahmen ergreifen, um das Ph\u00e4nomen einzud\u00e4mmen, Opfer zu identifizieren und zu unterst\u00fctzen und [&hellip;]","og_url":"https:\/\/www.rri.ro\/de\/aktuell\/newsflash-de\/30-07-2024-id794375.html","og_site_name":"Radio Rum\u00e4nien International","article_published_time":"2024-07-30T13:22:52+00:00","og_image":[{"width":960,"height":540,"url":"https:\/\/www.rri.ro\/wp-content\/uploads\/2024\/03\/RRI-960x540-Nachrichten-2-NOU.jpg","type":"image\/jpeg"}],"author":"Newsroom","twitter_card":"summary_large_image","twitter_misc":{"Verfasst von":"Newsroom","Gesch\u00e4tzte Lesezeit":"3\u00a0Minuten","Written by":"Newsroom"},"schema":{"@context":"https:\/\/schema.org","@graph":[{"@type":"Article","@id":"https:\/\/www.rri.ro\/de\/aktuell\/newsflash-de\/30-07-2024-id794375.html#article","isPartOf":{"@id":"https:\/\/www.rri.ro\/de\/aktuell\/newsflash-de\/30-07-2024-id794375.html"},"author":{"name":"Newsroom","@id":"https:\/\/www.rri.ro\/#\/schema\/person\/4a479940371b9fdefd194f561e8a7f88"},"headline":"30.07.2024","datePublished":"2024-07-30T13:22:52+00:00","mainEntityOfPage":{"@id":"https:\/\/www.rri.ro\/de\/aktuell\/newsflash-de\/30-07-2024-id794375.html"},"wordCount":555,"image":{"@id":"https:\/\/www.rri.ro\/de\/aktuell\/newsflash-de\/30-07-2024-id794375.html#primaryimage"},"thumbnailUrl":"https:\/\/www.rri.ro\/wp-content\/uploads\/2024\/03\/RRI-960x540-Nachrichten-2-NOU.jpg","keywords":["Gaza","Hisbollah","Iran","Israel","Libanon","Menschenhandel","Rum\u00e4nien"],"articleSection":["Newsflash"],"inLanguage":"de"},{"@type":"WebPage","@id":"https:\/\/www.rri.ro\/de\/aktuell\/newsflash-de\/30-07-2024-id794375.html","url":"https:\/\/www.rri.ro\/de\/aktuell\/newsflash-de\/30-07-2024-id794375.html","name":"30.07.2024 - Radio Rum\u00e4nien International","isPartOf":{"@id":"https:\/\/www.rri.ro\/#website"},"primaryImageOfPage":{"@id":"https:\/\/www.rri.ro\/de\/aktuell\/newsflash-de\/30-07-2024-id794375.html#primaryimage"},"image":{"@id":"https:\/\/www.rri.ro\/de\/aktuell\/newsflash-de\/30-07-2024-id794375.html#primaryimage"},"thumbnailUrl":"https:\/\/www.rri.ro\/wp-content\/uploads\/2024\/03\/RRI-960x540-Nachrichten-2-NOU.jpg","datePublished":"2024-07-30T13:22:52+00:00","author":{"@id":"https:\/\/www.rri.ro\/#\/schema\/person\/4a479940371b9fdefd194f561e8a7f88"},"breadcrumb":{"@id":"https:\/\/www.rri.ro\/de\/aktuell\/newsflash-de\/30-07-2024-id794375.html#breadcrumb"},"inLanguage":"de","potentialAction":[{"@type":"ReadAction","target":["https:\/\/www.rri.ro\/de\/aktuell\/newsflash-de\/30-07-2024-id794375.html"]}]},{"@type":"ImageObject","inLanguage":"de","@id":"https:\/\/www.rri.ro\/de\/aktuell\/newsflash-de\/30-07-2024-id794375.html#primaryimage","url":"https:\/\/www.rri.ro\/wp-content\/uploads\/2024\/03\/RRI-960x540-Nachrichten-2-NOU.jpg","contentUrl":"https:\/\/www.rri.ro\/wp-content\/uploads\/2024\/03\/RRI-960x540-Nachrichten-2-NOU.jpg","width":960,"height":540},{"@type":"BreadcrumbList","@id":"https:\/\/www.rri.ro\/de\/aktuell\/newsflash-de\/30-07-2024-id794375.html#breadcrumb","itemListElement":[{"@type":"ListItem","position":1,"name":"Startseite","item":"https:\/\/www.rri.ro\/de"},{"@type":"ListItem","position":2,"name":"Aktuell","item":"https:\/\/www.rri.ro\/de\/aktuell"},{"@type":"ListItem","position":3,"name":"Newsflash","item":"https:\/\/www.rri.ro\/de\/aktuell\/newsflash-de"},{"@type":"ListItem","position":4,"name":"30.07.2024"}]},{"@type":"WebSite","@id":"https:\/\/www.rri.ro\/#website","url":"https:\/\/www.rri.ro\/","name":"Radio Rum\u00e4nien International","description":"Totul despre Rom\u00e2nia \u015fi rom\u00e2ni, \u00een 13 limbi\/dialecte!","inLanguage":"de"},{"@type":"Person","@id":"https:\/\/www.rri.ro\/#\/schema\/person\/4a479940371b9fdefd194f561e8a7f88","name":"Newsroom","url":"https:\/\/www.rri.ro\/de\/author\/newsroom"}]}},"_links":{"self":[{"href":"https:\/\/www.rri.ro\/de\/wp-json\/wp\/v2\/posts\/794375","targetHints":{"allow":["GET"]}}],"collection":[{"href":"https:\/\/www.rri.ro\/de\/wp-json\/wp\/v2\/posts"}],"about":[{"href":"https:\/\/www.rri.ro\/de\/wp-json\/wp\/v2\/types\/post"}],"author":[{"embeddable":true,"href":"https:\/\/www.rri.ro\/de\/wp-json\/wp\/v2\/users\/113"}],"replies":[{"embeddable":true,"href":"https:\/\/www.rri.ro\/de\/wp-json\/wp\/v2\/comments?post=794375"}],"version-history":[{"count":0,"href":"https:\/\/www.rri.ro\/de\/wp-json\/wp\/v2\/posts\/794375\/revisions"}],"wp:featuredmedia":[{"embeddable":true,"href":"https:\/\/www.rri.ro\/de\/wp-json\/wp\/v2\/media\/723386"}],"wp:attachment":[{"href":"https:\/\/www.rri.ro\/de\/wp-json\/wp\/v2\/media?parent=794375"}],"wp:term":[{"taxonomy":"category","embeddable":true,"href":"https:\/\/www.rri.ro\/de\/wp-json\/wp\/v2\/categories?post=794375"},{"taxonomy":"post_tag","embeddable":true,"href":"https:\/\/www.rri.ro\/de\/wp-json\/wp\/v2\/tags?post=794375"},{"taxonomy":"author","embeddable":true,"href":"https:\/\/www.rri.ro\/de\/wp-json\/wp\/v2\/coauthors?post=794375"}],"curies":[{"name":"wp","href":"https:\/\/api.w.org\/{rel}","templated":true}]}}