{"id":810146,"date":"2024-09-23T18:54:35","date_gmt":"2024-09-23T15:54:35","guid":{"rendered":"https:\/\/www.rri.ro\/?p=810146"},"modified":"2024-09-23T18:54:35","modified_gmt":"2024-09-23T15:54:35","slug":"nachrichten-23-09-2024","status":"publish","type":"post","link":"https:\/\/www.rri.ro\/de\/aktuell\/newsflash-de\/nachrichten-23-09-2024-id810146.html","title":{"rendered":"Nachrichten 23.09.2024"},"content":{"rendered":"<p>Die rum\u00e4nische Regierung hat am Montag die erste Haushaltskorrektur f\u00fcr dieses Jahr verabschiedet. Die positive Korrektur und wird das Defizit auf 6,9 % des BIP erh\u00f6hen, auch wenn das Finanzministerium einen Anstieg der Einnahmen erwartet. Die Gelder werden haupts\u00e4chlich zur Kofinanzierung von Investitionsprojekten verwendet. Es ist auch geplant, die Mittel f\u00fcr Lohnerh\u00f6hungen zu erh\u00f6hen, die im Zuge der diesj\u00e4hrigen Proteste vereinbart wurden. Der rum\u00e4nische Premierminister Marcel Ciolacu sagte, dass dies auch die Vorgehensweise entwickelter europ\u00e4ischer L\u00e4nder wie Deutschland und Frankreich sei, die bei steigendem Defizit Investitionen unterst\u00fctzt h\u00e4tten. Er sagte, dass dieses Defizit tragbar sei, da 8,5 von 10 Lei in den Bau von Autobahnen, Krankenh\u00e4usern, Schulen, Gas- und Wassernetzen und andere Ziele von lokalem Interesse flie\u00dfen. Der Premierminister f\u00fcgte hinzu, dass die Investitionen das Achtfache der f\u00fcr sie bereitgestellten Mittel in den Haushalt zur\u00fcckflie\u00dfen lassen, wie im Fall des Bauens von Autobahnen.<\/p>\n<p>&nbsp;<\/p>\n<p>Am 24. und 25. September wird Pr\u00e4sident Klaus Iohannis die rum\u00e4nische Delegation bei der hochrangigen Sitzung der 79. Generalversammlung der Vereinten Nationen (UN) in New York leiten. Das zentrale Thema der Tagung lautet \u201eEinheit in der Vielfalt zur F\u00f6rderung von Frieden, nachhaltiger Entwicklung und Menschenw\u00fcrde f\u00fcr alle, \u00fcberall\u201c. Laut einer Erkl\u00e4rung der Pr\u00e4sidialverwaltung wird das rum\u00e4nische Staatsoberhaupt am Mittwoch eine nationale Ansprache halten, in der er sich f\u00fcr die Aufrechterhaltung des Dialogs auf multilateraler Ebene, insbesondere im UN-Format, als wesentliches Element der regionalen und globalen Sicherheit einsetzen wird. Er wird auch die Anstrengungen und den Beitrag Rum\u00e4niens auf allen Ebenen zur L\u00f6sung aktueller globaler Probleme betonen, von Sicherheitskrisen wie dem Krieg in der Ukraine oder dem Konflikt im Nahen Osten bis hin zu den gro\u00dfen Herausforderungen f\u00fcr die Menschheit, darunter der Klimakrise oder Cyber-Bedrohungen.<\/p>\n<p>&nbsp;<\/p>\n<p>Rum\u00e4nien wird von der Europ\u00e4ischen Kommission 21,6 Millionen Euro f\u00fcr Landwirte erhalten, die von den au\u00dfergew\u00f6hnlichen Unwettern im Fr\u00fchjahr und Fr\u00fchsommer betroffen waren. Diese Entscheidung wurde auf der Tagung des AgriFish-Rates in Br\u00fcssel getroffen, auf der Rum\u00e4nien durch den Minister f\u00fcr Landwirtschaft und l\u00e4ndliche Entwicklung, Florin Barbu, vertreten wurde. Die europ\u00e4ische Exekutive hat vorgeschlagen, rund 120 Millionen Euro aus der Agrarreserve bereitzustellen, um Landwirte in Rum\u00e4nien, Deutschland, Estland, Italien und Bulgarien direkt zu unterst\u00fctzen. Herr Barbu erkl\u00e4rte, dass dies das erste Mal sei, dass Landwirte in dem Jahr, in dem sich die Katastrophen ereigneten, eine Entsch\u00e4digung erhielten. Mehr als 16.000 Landwirte haben nach Angaben des Landwirtschaftsministeriums die Feststellung und Bewertung von Erntesch\u00e4den f\u00fcr den Herbst 2023 beantragt. F\u00fcr eine Fl\u00e4che von mehr als 320.000 Hektar, von denen die meisten zu 50 bis 100 Prozent gesch\u00e4digt sind, wurden Schadensfeststellungs- und -bewertungsberichte erstellt. Florin Barbu wies darauf hin, dass in diesem Jahr sch\u00e4tzungsweise fast 2 Millionen Hektar der Fr\u00fchjahrskulturen, Mais und Sonnenblumen, und 100.000 Hektar der Herbstkulturen, Weizen und Raps, betroffen sind.<\/p>\n<p>&nbsp;<\/p>\n<p>Die rum\u00e4nische Au\u00dfenministerin Lumini\u021ba Odobescu hat am Sonntag an der Er\u00f6ffnung des Zukunftsgipfels in New York teilgenommen. Die Veranstaltung, die im Vorfeld der Hochrangigen Woche der 79. Sitzung der UN-Generalversammlung stattfand, wurde mit der Verabschiedung des Paktes f\u00fcr die Zukunft eingeleitet. Ministerin Lumini\u021ba Odobescu hielt eine Rede im Rahmen des interaktiven Dialogs \u00fcber die St\u00e4rkung des Multilateralismus f\u00fcr internationalen Frieden und Sicherheit, in der sie Rum\u00e4niens Unterst\u00fctzung f\u00fcr einen wirksamen Multilateralismus bekr\u00e4ftigte, der sich auf die Grunds\u00e4tze der Vereinten Nationen st\u00fctzt. Sie betonte auch die Bedeutung der Achtung des V\u00f6lkerrechts, der Menschenrechte und der demokratischen Werte als wesentliche Voraussetzungen f\u00fcr die Umsetzung des Pakts f\u00fcr die Zukunft.<\/p>\n<p>&nbsp;<\/p>\n<p>Papst Franziskus hat zwei rum\u00e4nische Abgeordnete, Ovidiu Gan\u021b, Vertreter der deutschen Minderheit, und Silviu Vexler, Vertreter der j\u00fcdischen Minderheit, \u201ef\u00fcr besondere Verdienste um den Heiligen Stuhl\u201c mit dem Orden Pius IX. im Rang eines Ritters geehrt, teilte das Demokratische Forum der Deutschen in Rum\u00e4nien mit. Der Vorschlag zur Verleihung des Ordens kam von Lucian Kardinal Mure\u0219an, der die Insignien und das Diplom des Ordens am Sonntag im Erzbistum von Blaj pers\u00f6nlich \u00fcberreichte. Der Orden wurde 1847 von Papst Pius IX. gestiftet und wird nach der Reform von Papst Johannes Paul II. von 1993 im Rang eines Ritters an Laien f\u00fcr besondere Verdienste um den Heiligen Stuhl verliehen. Die beiden rum\u00e4nischen Abgeordneten wurden f\u00fcr ihre Unterst\u00fctzung der mit Rom vereinigten Kirche ausgezeichnet.<\/p>\n","protected":false},"excerpt":{"rendered":"<p>Die rum\u00e4nische Regierung hat am Montag die erste Haushaltskorrektur f\u00fcr dieses Jahr verabschiedet. Die positive Korrektur und wird das Defizit auf 6,9 % des BIP erh\u00f6hen, auch wenn das Finanzministerium einen Anstieg der Einnahmen erwartet. Die Gelder werden haupts\u00e4chlich zur Kofinanzierung von Investitionsprojekten verwendet. Es ist auch geplant, die Mittel f\u00fcr Lohnerh\u00f6hungen zu erh\u00f6hen, die [&hellip;]<\/p>\n","protected":false},"author":113,"featured_media":723386,"comment_status":"closed","ping_status":"closed","sticky":false,"template":"","format":"standard","meta":{"_acf_changed":false,"footnotes":""},"categories":[116753],"tags":[155170,128896,127103,152924,116985,100773,102143,128923],"coauthors":[116091],"class_list":["post-810146","post","type-post","status-publish","format-standard","has-post-thumbnail","hentry","category-newsflash-de","tag-79-generalversammlung-der-vereinten-nationen","tag-agrifish-rat","tag-aussenministerin-luminita-odobescu","tag-florin-barbu-de","tag-haushaltskorrektur","tag-papst-franziskus","tag-praesident-klaus-iohannis","tag-premierminister-marcel-ciolacu"],"acf":[],"yoast_head":"<!-- This site is optimized with the Yoast SEO plugin v27.3 - https:\/\/yoast.com\/product\/yoast-seo-wordpress\/ -->\n<title>Nachrichten 23.09.2024 - Radio Rum\u00e4nien International<\/title>\n<meta name=\"robots\" content=\"index, follow, max-snippet:-1, max-image-preview:large, max-video-preview:-1\" \/>\n<link rel=\"canonical\" href=\"https:\/\/www.rri.ro\/de\/aktuell\/newsflash-de\/nachrichten-23-09-2024-id810146.html\" \/>\n<meta property=\"og:locale\" content=\"de_DE\" \/>\n<meta property=\"og:type\" content=\"article\" \/>\n<meta property=\"og:title\" content=\"Nachrichten 23.09.2024 - Radio Rum\u00e4nien International\" \/>\n<meta property=\"og:description\" content=\"Die rum\u00e4nische Regierung hat am Montag die erste Haushaltskorrektur f\u00fcr dieses Jahr verabschiedet. Die positive Korrektur und wird das Defizit auf 6,9 % des BIP erh\u00f6hen, auch wenn das Finanzministerium einen Anstieg der Einnahmen erwartet. Die Gelder werden haupts\u00e4chlich zur Kofinanzierung von Investitionsprojekten verwendet. Es ist auch geplant, die Mittel f\u00fcr Lohnerh\u00f6hungen zu erh\u00f6hen, die [&hellip;]\" \/>\n<meta property=\"og:url\" content=\"https:\/\/www.rri.ro\/de\/aktuell\/newsflash-de\/nachrichten-23-09-2024-id810146.html\" \/>\n<meta property=\"og:site_name\" content=\"Radio Rum\u00e4nien International\" \/>\n<meta property=\"article:published_time\" content=\"2024-09-23T15:54:35+00:00\" \/>\n<meta property=\"og:image\" content=\"https:\/\/www.rri.ro\/wp-content\/uploads\/2024\/03\/RRI-960x540-Nachrichten-2-NOU.jpg\" \/>\n\t<meta property=\"og:image:width\" content=\"960\" \/>\n\t<meta property=\"og:image:height\" content=\"540\" \/>\n\t<meta property=\"og:image:type\" content=\"image\/jpeg\" \/>\n<meta name=\"author\" content=\"Newsroom\" \/>\n<meta name=\"twitter:card\" content=\"summary_large_image\" \/>\n<meta name=\"twitter:label1\" content=\"Verfasst von\" \/>\n\t<meta name=\"twitter:data1\" content=\"Newsroom\" \/>\n\t<meta name=\"twitter:label2\" content=\"Gesch\u00e4tzte Lesezeit\" \/>\n\t<meta name=\"twitter:data2\" content=\"4\u00a0Minuten\" \/>\n\t<meta name=\"twitter:label3\" content=\"Written by\" \/>\n\t<meta name=\"twitter:data3\" content=\"Newsroom\" \/>\n<script type=\"application\/ld+json\" class=\"yoast-schema-graph\">{\"@context\":\"https:\\\/\\\/schema.org\",\"@graph\":[{\"@type\":\"Article\",\"@id\":\"https:\\\/\\\/www.rri.ro\\\/de\\\/aktuell\\\/newsflash-de\\\/nachrichten-23-09-2024-id810146.html#article\",\"isPartOf\":{\"@id\":\"https:\\\/\\\/www.rri.ro\\\/de\\\/aktuell\\\/newsflash-de\\\/nachrichten-23-09-2024-id810146.html\"},\"author\":{\"name\":\"Newsroom\",\"@id\":\"https:\\\/\\\/www.rri.ro\\\/#\\\/schema\\\/person\\\/4a479940371b9fdefd194f561e8a7f88\"},\"headline\":\"Nachrichten 23.09.2024\",\"datePublished\":\"2024-09-23T15:54:35+00:00\",\"mainEntityOfPage\":{\"@id\":\"https:\\\/\\\/www.rri.ro\\\/de\\\/aktuell\\\/newsflash-de\\\/nachrichten-23-09-2024-id810146.html\"},\"wordCount\":743,\"image\":{\"@id\":\"https:\\\/\\\/www.rri.ro\\\/de\\\/aktuell\\\/newsflash-de\\\/nachrichten-23-09-2024-id810146.html#primaryimage\"},\"thumbnailUrl\":\"https:\\\/\\\/www.rri.ro\\\/wp-content\\\/uploads\\\/2024\\\/03\\\/RRI-960x540-Nachrichten-2-NOU.jpg\",\"keywords\":[\"79. Generalversammlung der Vereinten Nationen\",\"AGRIFISH-Rat\",\"Au\u00dfenministerin Luminita Odobescu\",\"Florin Barbu\",\"Haushaltskorrektur\",\"Papst Franziskus\",\"Pr\u00e4sident Klaus Iohannis\",\"Premierminister Marcel Ciolacu\"],\"articleSection\":[\"Newsflash\"],\"inLanguage\":\"de\"},{\"@type\":\"WebPage\",\"@id\":\"https:\\\/\\\/www.rri.ro\\\/de\\\/aktuell\\\/newsflash-de\\\/nachrichten-23-09-2024-id810146.html\",\"url\":\"https:\\\/\\\/www.rri.ro\\\/de\\\/aktuell\\\/newsflash-de\\\/nachrichten-23-09-2024-id810146.html\",\"name\":\"Nachrichten 23.09.2024 - Radio Rum\u00e4nien International\",\"isPartOf\":{\"@id\":\"https:\\\/\\\/www.rri.ro\\\/#website\"},\"primaryImageOfPage\":{\"@id\":\"https:\\\/\\\/www.rri.ro\\\/de\\\/aktuell\\\/newsflash-de\\\/nachrichten-23-09-2024-id810146.html#primaryimage\"},\"image\":{\"@id\":\"https:\\\/\\\/www.rri.ro\\\/de\\\/aktuell\\\/newsflash-de\\\/nachrichten-23-09-2024-id810146.html#primaryimage\"},\"thumbnailUrl\":\"https:\\\/\\\/www.rri.ro\\\/wp-content\\\/uploads\\\/2024\\\/03\\\/RRI-960x540-Nachrichten-2-NOU.jpg\",\"datePublished\":\"2024-09-23T15:54:35+00:00\",\"author\":{\"@id\":\"https:\\\/\\\/www.rri.ro\\\/#\\\/schema\\\/person\\\/4a479940371b9fdefd194f561e8a7f88\"},\"breadcrumb\":{\"@id\":\"https:\\\/\\\/www.rri.ro\\\/de\\\/aktuell\\\/newsflash-de\\\/nachrichten-23-09-2024-id810146.html#breadcrumb\"},\"inLanguage\":\"de\",\"potentialAction\":[{\"@type\":\"ReadAction\",\"target\":[\"https:\\\/\\\/www.rri.ro\\\/de\\\/aktuell\\\/newsflash-de\\\/nachrichten-23-09-2024-id810146.html\"]}]},{\"@type\":\"ImageObject\",\"inLanguage\":\"de\",\"@id\":\"https:\\\/\\\/www.rri.ro\\\/de\\\/aktuell\\\/newsflash-de\\\/nachrichten-23-09-2024-id810146.html#primaryimage\",\"url\":\"https:\\\/\\\/www.rri.ro\\\/wp-content\\\/uploads\\\/2024\\\/03\\\/RRI-960x540-Nachrichten-2-NOU.jpg\",\"contentUrl\":\"https:\\\/\\\/www.rri.ro\\\/wp-content\\\/uploads\\\/2024\\\/03\\\/RRI-960x540-Nachrichten-2-NOU.jpg\",\"width\":960,\"height\":540},{\"@type\":\"BreadcrumbList\",\"@id\":\"https:\\\/\\\/www.rri.ro\\\/de\\\/aktuell\\\/newsflash-de\\\/nachrichten-23-09-2024-id810146.html#breadcrumb\",\"itemListElement\":[{\"@type\":\"ListItem\",\"position\":1,\"name\":\"Startseite\",\"item\":\"https:\\\/\\\/www.rri.ro\\\/de\"},{\"@type\":\"ListItem\",\"position\":2,\"name\":\"Aktuell\",\"item\":\"https:\\\/\\\/www.rri.ro\\\/de\\\/aktuell\"},{\"@type\":\"ListItem\",\"position\":3,\"name\":\"Newsflash\",\"item\":\"https:\\\/\\\/www.rri.ro\\\/de\\\/aktuell\\\/newsflash-de\"},{\"@type\":\"ListItem\",\"position\":4,\"name\":\"Nachrichten 23.09.2024\"}]},{\"@type\":\"WebSite\",\"@id\":\"https:\\\/\\\/www.rri.ro\\\/#website\",\"url\":\"https:\\\/\\\/www.rri.ro\\\/\",\"name\":\"Radio Rum\u00e4nien International\",\"description\":\"Totul despre Rom\u00e2nia \u015fi rom\u00e2ni, \u00een 13 limbi\\\/dialecte!\",\"inLanguage\":\"de\"},{\"@type\":\"Person\",\"@id\":\"https:\\\/\\\/www.rri.ro\\\/#\\\/schema\\\/person\\\/4a479940371b9fdefd194f561e8a7f88\",\"name\":\"Newsroom\",\"url\":\"https:\\\/\\\/www.rri.ro\\\/de\\\/author\\\/newsroom\"}]}<\/script>\n<!-- \/ Yoast SEO plugin. -->","yoast_head_json":{"title":"Nachrichten 23.09.2024 - Radio Rum\u00e4nien International","robots":{"index":"index","follow":"follow","max-snippet":"max-snippet:-1","max-image-preview":"max-image-preview:large","max-video-preview":"max-video-preview:-1"},"canonical":"https:\/\/www.rri.ro\/de\/aktuell\/newsflash-de\/nachrichten-23-09-2024-id810146.html","og_locale":"de_DE","og_type":"article","og_title":"Nachrichten 23.09.2024 - Radio Rum\u00e4nien International","og_description":"Die rum\u00e4nische Regierung hat am Montag die erste Haushaltskorrektur f\u00fcr dieses Jahr verabschiedet. Die positive Korrektur und wird das Defizit auf 6,9 % des BIP erh\u00f6hen, auch wenn das Finanzministerium einen Anstieg der Einnahmen erwartet. Die Gelder werden haupts\u00e4chlich zur Kofinanzierung von Investitionsprojekten verwendet. Es ist auch geplant, die Mittel f\u00fcr Lohnerh\u00f6hungen zu erh\u00f6hen, die [&hellip;]","og_url":"https:\/\/www.rri.ro\/de\/aktuell\/newsflash-de\/nachrichten-23-09-2024-id810146.html","og_site_name":"Radio Rum\u00e4nien International","article_published_time":"2024-09-23T15:54:35+00:00","og_image":[{"width":960,"height":540,"url":"https:\/\/www.rri.ro\/wp-content\/uploads\/2024\/03\/RRI-960x540-Nachrichten-2-NOU.jpg","type":"image\/jpeg"}],"author":"Newsroom","twitter_card":"summary_large_image","twitter_misc":{"Verfasst von":"Newsroom","Gesch\u00e4tzte Lesezeit":"4\u00a0Minuten","Written by":"Newsroom"},"schema":{"@context":"https:\/\/schema.org","@graph":[{"@type":"Article","@id":"https:\/\/www.rri.ro\/de\/aktuell\/newsflash-de\/nachrichten-23-09-2024-id810146.html#article","isPartOf":{"@id":"https:\/\/www.rri.ro\/de\/aktuell\/newsflash-de\/nachrichten-23-09-2024-id810146.html"},"author":{"name":"Newsroom","@id":"https:\/\/www.rri.ro\/#\/schema\/person\/4a479940371b9fdefd194f561e8a7f88"},"headline":"Nachrichten 23.09.2024","datePublished":"2024-09-23T15:54:35+00:00","mainEntityOfPage":{"@id":"https:\/\/www.rri.ro\/de\/aktuell\/newsflash-de\/nachrichten-23-09-2024-id810146.html"},"wordCount":743,"image":{"@id":"https:\/\/www.rri.ro\/de\/aktuell\/newsflash-de\/nachrichten-23-09-2024-id810146.html#primaryimage"},"thumbnailUrl":"https:\/\/www.rri.ro\/wp-content\/uploads\/2024\/03\/RRI-960x540-Nachrichten-2-NOU.jpg","keywords":["79. Generalversammlung der Vereinten Nationen","AGRIFISH-Rat","Au\u00dfenministerin Luminita Odobescu","Florin Barbu","Haushaltskorrektur","Papst Franziskus","Pr\u00e4sident Klaus Iohannis","Premierminister Marcel Ciolacu"],"articleSection":["Newsflash"],"inLanguage":"de"},{"@type":"WebPage","@id":"https:\/\/www.rri.ro\/de\/aktuell\/newsflash-de\/nachrichten-23-09-2024-id810146.html","url":"https:\/\/www.rri.ro\/de\/aktuell\/newsflash-de\/nachrichten-23-09-2024-id810146.html","name":"Nachrichten 23.09.2024 - Radio Rum\u00e4nien International","isPartOf":{"@id":"https:\/\/www.rri.ro\/#website"},"primaryImageOfPage":{"@id":"https:\/\/www.rri.ro\/de\/aktuell\/newsflash-de\/nachrichten-23-09-2024-id810146.html#primaryimage"},"image":{"@id":"https:\/\/www.rri.ro\/de\/aktuell\/newsflash-de\/nachrichten-23-09-2024-id810146.html#primaryimage"},"thumbnailUrl":"https:\/\/www.rri.ro\/wp-content\/uploads\/2024\/03\/RRI-960x540-Nachrichten-2-NOU.jpg","datePublished":"2024-09-23T15:54:35+00:00","author":{"@id":"https:\/\/www.rri.ro\/#\/schema\/person\/4a479940371b9fdefd194f561e8a7f88"},"breadcrumb":{"@id":"https:\/\/www.rri.ro\/de\/aktuell\/newsflash-de\/nachrichten-23-09-2024-id810146.html#breadcrumb"},"inLanguage":"de","potentialAction":[{"@type":"ReadAction","target":["https:\/\/www.rri.ro\/de\/aktuell\/newsflash-de\/nachrichten-23-09-2024-id810146.html"]}]},{"@type":"ImageObject","inLanguage":"de","@id":"https:\/\/www.rri.ro\/de\/aktuell\/newsflash-de\/nachrichten-23-09-2024-id810146.html#primaryimage","url":"https:\/\/www.rri.ro\/wp-content\/uploads\/2024\/03\/RRI-960x540-Nachrichten-2-NOU.jpg","contentUrl":"https:\/\/www.rri.ro\/wp-content\/uploads\/2024\/03\/RRI-960x540-Nachrichten-2-NOU.jpg","width":960,"height":540},{"@type":"BreadcrumbList","@id":"https:\/\/www.rri.ro\/de\/aktuell\/newsflash-de\/nachrichten-23-09-2024-id810146.html#breadcrumb","itemListElement":[{"@type":"ListItem","position":1,"name":"Startseite","item":"https:\/\/www.rri.ro\/de"},{"@type":"ListItem","position":2,"name":"Aktuell","item":"https:\/\/www.rri.ro\/de\/aktuell"},{"@type":"ListItem","position":3,"name":"Newsflash","item":"https:\/\/www.rri.ro\/de\/aktuell\/newsflash-de"},{"@type":"ListItem","position":4,"name":"Nachrichten 23.09.2024"}]},{"@type":"WebSite","@id":"https:\/\/www.rri.ro\/#website","url":"https:\/\/www.rri.ro\/","name":"Radio Rum\u00e4nien International","description":"Totul despre Rom\u00e2nia \u015fi rom\u00e2ni, \u00een 13 limbi\/dialecte!","inLanguage":"de"},{"@type":"Person","@id":"https:\/\/www.rri.ro\/#\/schema\/person\/4a479940371b9fdefd194f561e8a7f88","name":"Newsroom","url":"https:\/\/www.rri.ro\/de\/author\/newsroom"}]}},"_links":{"self":[{"href":"https:\/\/www.rri.ro\/de\/wp-json\/wp\/v2\/posts\/810146","targetHints":{"allow":["GET"]}}],"collection":[{"href":"https:\/\/www.rri.ro\/de\/wp-json\/wp\/v2\/posts"}],"about":[{"href":"https:\/\/www.rri.ro\/de\/wp-json\/wp\/v2\/types\/post"}],"author":[{"embeddable":true,"href":"https:\/\/www.rri.ro\/de\/wp-json\/wp\/v2\/users\/113"}],"replies":[{"embeddable":true,"href":"https:\/\/www.rri.ro\/de\/wp-json\/wp\/v2\/comments?post=810146"}],"version-history":[{"count":0,"href":"https:\/\/www.rri.ro\/de\/wp-json\/wp\/v2\/posts\/810146\/revisions"}],"wp:featuredmedia":[{"embeddable":true,"href":"https:\/\/www.rri.ro\/de\/wp-json\/wp\/v2\/media\/723386"}],"wp:attachment":[{"href":"https:\/\/www.rri.ro\/de\/wp-json\/wp\/v2\/media?parent=810146"}],"wp:term":[{"taxonomy":"category","embeddable":true,"href":"https:\/\/www.rri.ro\/de\/wp-json\/wp\/v2\/categories?post=810146"},{"taxonomy":"post_tag","embeddable":true,"href":"https:\/\/www.rri.ro\/de\/wp-json\/wp\/v2\/tags?post=810146"},{"taxonomy":"author","embeddable":true,"href":"https:\/\/www.rri.ro\/de\/wp-json\/wp\/v2\/coauthors?post=810146"}],"curies":[{"name":"wp","href":"https:\/\/api.w.org\/{rel}","templated":true}]}}