{"id":812094,"date":"2024-09-28T14:41:29","date_gmt":"2024-09-28T11:41:29","guid":{"rendered":"https:\/\/www.rri.ro\/?p=812094"},"modified":"2024-09-28T14:41:29","modified_gmt":"2024-09-28T11:41:29","slug":"nachrichten-28-09-2024","status":"publish","type":"post","link":"https:\/\/www.rri.ro\/de\/aktuell\/newsflash-de\/nachrichten-28-09-2024-id812094.html","title":{"rendered":"Nachrichten 28.09.2024"},"content":{"rendered":"<p>Starker Regen und starke Winde werden f\u00fcr dieses Wochenende in allen Regionen Rum\u00e4niens vorhergesagt. Ab heute Abend werden der Norden und der Westen des Landes betroffen sein, w\u00e4hrend \u00a0es ab Sonntag in ganz Rum\u00e4nien regnen wird. Die st\u00e4rksten Schauer werden im S\u00fcden, Osten und in den Bergen vorhergesagt, wo die Warnstufe \u00a0Orange gilt. F\u00fcr alle anderen Gebiete haben die Meteorologen die Warnstufe Gelb ausgerufen. Die Hydrologen haben f\u00fcr 18 Flusseinzugsgebiete im ganzen Land Sturzflutwarnungen herausgegeben. Gleichzeitig werden in der Nacht von Sonntag auf Montag Niederschl\u00e4ge in Form von Schneeregen und Schnee erwartet, w\u00e4hrend die Temperaturen in den Hochgebirgsregionen unter 0 Grad Celsius fallen. W\u00e4hrend Fachleute die Situation genau beobachten, haben Teams der rum\u00e4nischen Wasserbeh\u00f6rde Tausende von Sands\u00e4cken gef\u00fcllt und Ausr\u00fcstung bereitgestellt, um in den Gebieten einzugreifen, in denen h\u00f6here Wasserst\u00e4nde erwartet werden. Rettungsschwimmer in mehreren Regionen haben Urlauber gewarnt, an diesem Wochenende Aktivit\u00e4ten im Freien zu vermeiden. Au\u00dferdem wird empfohlen, sich nicht zu lange in den T\u00e4lern aufzuhalten, da die Regenf\u00e4lle Sturzb\u00e4che bilden k\u00f6nnen. Unwetter wird auch f\u00fcr Bukarest vorhergesagt, wo zwei Freiluftveranstaltungen abgesagt wurden.<\/p>\n<p>&nbsp;<\/p>\n<p>Der rum\u00e4nische Pr\u00e4sident Klaus Iohannis erkl\u00e4rte am Freitag, dass er seine Amtszeit fristgerecht beenden, nicht zur\u00fccktreten und bei den Parlamentswahlen im Dezember nicht kandidieren werde. Er f\u00fcgte hinzu, dass er eine \u00c4nderung des Wahlgesetzes zugunsten einer Person nicht unterst\u00fctzt hat und auch nicht unterst\u00fctzen wird. Die Ank\u00fcndigung erfolgte kurz bevor das Zentrale Wahlb\u00fcro den Status seiner Kandidatur in der kommenden Legislaturperiode kl\u00e4ren soll. Nach Ansicht des Zentralen Wahlb\u00fcros muss das Gesetz nicht ge\u00e4ndert werden, damit der Pr\u00e4sident auf einer Parteiliste kandidieren kann, auch wenn er nicht Mitglied ist, aber er wird nicht als unabh\u00e4ngiger Kandidat betrachtet. Zuvor hatte die Partei des Pr\u00e4sidenten &#8211; die PNL &#8211; eine Gesetzesinitiative eingebracht, nach der der Pr\u00e4sident Rum\u00e4niens bei den Parlamentswahlen in den letzten drei Monaten seiner Amtszeit als unabh\u00e4ngiger Kandidat auf den Listen einer Partei oder eines B\u00fcndnisses kandidieren kann. In Rum\u00e4nien \u00a0werden Ende dieses Jahres sowohl Parlaments- als auch Pr\u00e4sidentschaftswahlen stattfinden. Klaus Iohannis wird seine zweite und letzte Amtszeit als Staatschef beenden.<\/p>\n<p>&nbsp;<\/p>\n<p>Die israelische Armee gab am Samstag bekannt, dass sie den Hisbollah-F\u00fchrer Hassan Nasrallah bei einem Angriff auf das Hauptquartier der bewaffneten libanesischen Islamistengruppe s\u00fcdlich von Beirut get\u00f6tet hat. Kurz nach der Bekanntgabe des Todes des Hisbollah-F\u00fchrers schwor der Stabschef der israelischen Armee, General Herzi Halevi, jeden anzugreifen, der Israel bedroht. Die libanesische schiitische Gruppe hat den Tod ihres F\u00fchrers nicht best\u00e4tigt. Sie bestritt auch, dass sich in mehreren zivilen Geb\u00e4uden, die Israel am Samstag im Morgengrauen bombardierte, Waffen befanden. Das libanesische Gesundheitsministerium hat bisher etwa 100 Tote und Verletzte best\u00e4tigt, warnte jedoch, dass die Zahl der Toten noch steigen wird, da die Rettungsarbeiten angesichts der weit verbreiteten Bombensch\u00e4den weitergehen.<\/p>\n<p>&nbsp;<\/p>\n<p>Rum\u00e4nien verf\u00fcgt \u00fcber eine Onshore-Windkapazit\u00e4t von 3 Gigawatt und \u00fcber ausreichend gro\u00dfe Offshore-Windressourcen, um mehr Energie zu erzeugen, als das Land jemals ben\u00f6tigen wird &#8211; so die Vertreter der Weltbank. Demnach hat Rum\u00e4nien das Potenzial f\u00fcr bis zu 7 Gigawatt Offshore-Windkapazit\u00e4t, die sich mindestens 50 Kilometer vor der K\u00fcste und meist in relativ flachen Gew\u00e4ssern befinden. Diese k\u00f6nnten ab 2030 unter Nutzung der rum\u00e4nischen Hafenanlagen und einer auf lokalen Produkten basierenden Lieferkette gebaut werden, so die Weltbank.<\/p>\n<p>&nbsp;<\/p>\n<p>Der franz\u00f6sische Autoteilehersteller FORVIA hat angesichts der Herausforderungen auf dem europ\u00e4ischen und nordamerikanischen Markt zum zweiten Mal in den letzten drei Monaten seine Umsatz- und Gewinnprognosen korrigiert. Auf dem alten Kontinent hat das Unternehmen, der siebtgr\u00f6\u00dfte Autoteilehersteller der Welt, der ebenfalls in Rum\u00e4nien t\u00e4tig ist, angek\u00fcndigt, dass es seine Pl\u00e4ne zum Abbau von Arbeitspl\u00e4tzen beschleunigen wird. Bis Ende dieses Jahres sollen rund 2.800 und bis Ende n\u00e4chsten Jahres 5.800 Stellen gestrichen werden. Das Unternehmen hat f\u00fcnf Fabriken und f\u00fcnf Design- und Entwicklungszentren in Rum\u00e4nien.<\/p>\n<p>&nbsp;<\/p>\n<p>Die rum\u00e4nische Tennisspielerin Jaqueline Cristian hat sich am Samstag f\u00fcr die dritte Runde des mit insgesamt fast 9 Millionen Dollar dotierten WTA-1000-Turniers in Peking qualifiziert, nachdem sie die Tschechin Barbora Krejcikova mit 1:6, 6:4, 7:5 besiegt hatte. Jaqueline Cristian ben\u00f6tigte fast drei Stunden Spielzeit, um die an Nummer sieben gesetzte Spielerin zu besiegen. In der n\u00e4chsten Runde trifft die Rum\u00e4nin auf eine andere Tschechin &#8211; Karolina Muchova. Ebenfalls Samstag in Peking spielt Irina Begu in der zweiten Runde gegen die Russin Mirra Andreeva.<\/p>\n","protected":false},"excerpt":{"rendered":"<p>Starker Regen und starke Winde werden f\u00fcr dieses Wochenende in allen Regionen Rum\u00e4niens vorhergesagt. Ab heute Abend werden der Norden und der Westen des Landes betroffen sein, w\u00e4hrend \u00a0es ab Sonntag in ganz Rum\u00e4nien regnen wird. Die st\u00e4rksten Schauer werden im S\u00fcden, Osten und in den Bergen vorhergesagt, wo die Warnstufe \u00a0Orange gilt. F\u00fcr alle [&hellip;]<\/p>\n","protected":false},"author":113,"featured_media":723386,"comment_status":"closed","ping_status":"closed","sticky":false,"template":"","format":"standard","meta":{"_acf_changed":false,"footnotes":""},"categories":[116753],"tags":[155525,124567,137226,155524,144540,99721],"coauthors":[116091],"class_list":["post-812094","post","type-post","status-publish","format-standard","has-post-thumbnail","hentry","category-newsflash-de","tag-autoteilehersteller-forvia","tag-israelische-armee","tag-klaus-iohannis-de","tag-parlaments-als-auch-praesidentschaftswahlen","tag-tennis-de","tag-unwetter"],"acf":[],"yoast_head":"<!-- This site is optimized with the Yoast SEO plugin v27.3 - https:\/\/yoast.com\/product\/yoast-seo-wordpress\/ -->\n<title>Nachrichten 28.09.2024 - Radio Rum\u00e4nien International<\/title>\n<meta name=\"robots\" content=\"index, follow, max-snippet:-1, max-image-preview:large, max-video-preview:-1\" \/>\n<link rel=\"canonical\" href=\"https:\/\/www.rri.ro\/de\/aktuell\/newsflash-de\/nachrichten-28-09-2024-id812094.html\" \/>\n<meta property=\"og:locale\" content=\"de_DE\" \/>\n<meta property=\"og:type\" content=\"article\" \/>\n<meta property=\"og:title\" content=\"Nachrichten 28.09.2024 - Radio Rum\u00e4nien International\" \/>\n<meta property=\"og:description\" content=\"Starker Regen und starke Winde werden f\u00fcr dieses Wochenende in allen Regionen Rum\u00e4niens vorhergesagt. Ab heute Abend werden der Norden und der Westen des Landes betroffen sein, w\u00e4hrend \u00a0es ab Sonntag in ganz Rum\u00e4nien regnen wird. Die st\u00e4rksten Schauer werden im S\u00fcden, Osten und in den Bergen vorhergesagt, wo die Warnstufe \u00a0Orange gilt. F\u00fcr alle [&hellip;]\" \/>\n<meta property=\"og:url\" content=\"https:\/\/www.rri.ro\/de\/aktuell\/newsflash-de\/nachrichten-28-09-2024-id812094.html\" \/>\n<meta property=\"og:site_name\" content=\"Radio Rum\u00e4nien International\" \/>\n<meta property=\"article:published_time\" content=\"2024-09-28T11:41:29+00:00\" \/>\n<meta property=\"og:image\" content=\"https:\/\/www.rri.ro\/wp-content\/uploads\/2024\/03\/RRI-960x540-Nachrichten-2-NOU.jpg\" \/>\n\t<meta property=\"og:image:width\" content=\"960\" \/>\n\t<meta property=\"og:image:height\" content=\"540\" \/>\n\t<meta property=\"og:image:type\" content=\"image\/jpeg\" \/>\n<meta name=\"author\" content=\"Newsroom\" \/>\n<meta name=\"twitter:card\" content=\"summary_large_image\" \/>\n<meta name=\"twitter:label1\" content=\"Verfasst von\" \/>\n\t<meta name=\"twitter:data1\" content=\"Newsroom\" \/>\n\t<meta name=\"twitter:label2\" content=\"Gesch\u00e4tzte Lesezeit\" \/>\n\t<meta name=\"twitter:data2\" content=\"4\u00a0Minuten\" \/>\n\t<meta name=\"twitter:label3\" content=\"Written by\" \/>\n\t<meta name=\"twitter:data3\" content=\"Newsroom\" \/>\n<script type=\"application\/ld+json\" class=\"yoast-schema-graph\">{\"@context\":\"https:\\\/\\\/schema.org\",\"@graph\":[{\"@type\":\"Article\",\"@id\":\"https:\\\/\\\/www.rri.ro\\\/de\\\/aktuell\\\/newsflash-de\\\/nachrichten-28-09-2024-id812094.html#article\",\"isPartOf\":{\"@id\":\"https:\\\/\\\/www.rri.ro\\\/de\\\/aktuell\\\/newsflash-de\\\/nachrichten-28-09-2024-id812094.html\"},\"author\":{\"name\":\"Newsroom\",\"@id\":\"https:\\\/\\\/www.rri.ro\\\/#\\\/schema\\\/person\\\/4a479940371b9fdefd194f561e8a7f88\"},\"headline\":\"Nachrichten 28.09.2024\",\"datePublished\":\"2024-09-28T11:41:29+00:00\",\"mainEntityOfPage\":{\"@id\":\"https:\\\/\\\/www.rri.ro\\\/de\\\/aktuell\\\/newsflash-de\\\/nachrichten-28-09-2024-id812094.html\"},\"wordCount\":766,\"image\":{\"@id\":\"https:\\\/\\\/www.rri.ro\\\/de\\\/aktuell\\\/newsflash-de\\\/nachrichten-28-09-2024-id812094.html#primaryimage\"},\"thumbnailUrl\":\"https:\\\/\\\/www.rri.ro\\\/wp-content\\\/uploads\\\/2024\\\/03\\\/RRI-960x540-Nachrichten-2-NOU.jpg\",\"keywords\":[\"Autoteilehersteller FORVIA\",\"Israelische Armee\",\"Klaus Iohannis\",\"Parlaments- als auch Pr\u00e4sidentschaftswahlen\",\"tennis\",\"Unwetter\"],\"articleSection\":[\"Newsflash\"],\"inLanguage\":\"de\"},{\"@type\":\"WebPage\",\"@id\":\"https:\\\/\\\/www.rri.ro\\\/de\\\/aktuell\\\/newsflash-de\\\/nachrichten-28-09-2024-id812094.html\",\"url\":\"https:\\\/\\\/www.rri.ro\\\/de\\\/aktuell\\\/newsflash-de\\\/nachrichten-28-09-2024-id812094.html\",\"name\":\"Nachrichten 28.09.2024 - Radio Rum\u00e4nien International\",\"isPartOf\":{\"@id\":\"https:\\\/\\\/www.rri.ro\\\/#website\"},\"primaryImageOfPage\":{\"@id\":\"https:\\\/\\\/www.rri.ro\\\/de\\\/aktuell\\\/newsflash-de\\\/nachrichten-28-09-2024-id812094.html#primaryimage\"},\"image\":{\"@id\":\"https:\\\/\\\/www.rri.ro\\\/de\\\/aktuell\\\/newsflash-de\\\/nachrichten-28-09-2024-id812094.html#primaryimage\"},\"thumbnailUrl\":\"https:\\\/\\\/www.rri.ro\\\/wp-content\\\/uploads\\\/2024\\\/03\\\/RRI-960x540-Nachrichten-2-NOU.jpg\",\"datePublished\":\"2024-09-28T11:41:29+00:00\",\"author\":{\"@id\":\"https:\\\/\\\/www.rri.ro\\\/#\\\/schema\\\/person\\\/4a479940371b9fdefd194f561e8a7f88\"},\"breadcrumb\":{\"@id\":\"https:\\\/\\\/www.rri.ro\\\/de\\\/aktuell\\\/newsflash-de\\\/nachrichten-28-09-2024-id812094.html#breadcrumb\"},\"inLanguage\":\"de\",\"potentialAction\":[{\"@type\":\"ReadAction\",\"target\":[\"https:\\\/\\\/www.rri.ro\\\/de\\\/aktuell\\\/newsflash-de\\\/nachrichten-28-09-2024-id812094.html\"]}]},{\"@type\":\"ImageObject\",\"inLanguage\":\"de\",\"@id\":\"https:\\\/\\\/www.rri.ro\\\/de\\\/aktuell\\\/newsflash-de\\\/nachrichten-28-09-2024-id812094.html#primaryimage\",\"url\":\"https:\\\/\\\/www.rri.ro\\\/wp-content\\\/uploads\\\/2024\\\/03\\\/RRI-960x540-Nachrichten-2-NOU.jpg\",\"contentUrl\":\"https:\\\/\\\/www.rri.ro\\\/wp-content\\\/uploads\\\/2024\\\/03\\\/RRI-960x540-Nachrichten-2-NOU.jpg\",\"width\":960,\"height\":540},{\"@type\":\"BreadcrumbList\",\"@id\":\"https:\\\/\\\/www.rri.ro\\\/de\\\/aktuell\\\/newsflash-de\\\/nachrichten-28-09-2024-id812094.html#breadcrumb\",\"itemListElement\":[{\"@type\":\"ListItem\",\"position\":1,\"name\":\"Startseite\",\"item\":\"https:\\\/\\\/www.rri.ro\\\/de\"},{\"@type\":\"ListItem\",\"position\":2,\"name\":\"Aktuell\",\"item\":\"https:\\\/\\\/www.rri.ro\\\/de\\\/aktuell\"},{\"@type\":\"ListItem\",\"position\":3,\"name\":\"Newsflash\",\"item\":\"https:\\\/\\\/www.rri.ro\\\/de\\\/aktuell\\\/newsflash-de\"},{\"@type\":\"ListItem\",\"position\":4,\"name\":\"Nachrichten 28.09.2024\"}]},{\"@type\":\"WebSite\",\"@id\":\"https:\\\/\\\/www.rri.ro\\\/#website\",\"url\":\"https:\\\/\\\/www.rri.ro\\\/\",\"name\":\"Radio Rum\u00e4nien International\",\"description\":\"Totul despre Rom\u00e2nia \u015fi rom\u00e2ni, \u00een 13 limbi\\\/dialecte!\",\"inLanguage\":\"de\"},{\"@type\":\"Person\",\"@id\":\"https:\\\/\\\/www.rri.ro\\\/#\\\/schema\\\/person\\\/4a479940371b9fdefd194f561e8a7f88\",\"name\":\"Newsroom\",\"url\":\"https:\\\/\\\/www.rri.ro\\\/de\\\/author\\\/newsroom\"}]}<\/script>\n<!-- \/ Yoast SEO plugin. -->","yoast_head_json":{"title":"Nachrichten 28.09.2024 - Radio Rum\u00e4nien International","robots":{"index":"index","follow":"follow","max-snippet":"max-snippet:-1","max-image-preview":"max-image-preview:large","max-video-preview":"max-video-preview:-1"},"canonical":"https:\/\/www.rri.ro\/de\/aktuell\/newsflash-de\/nachrichten-28-09-2024-id812094.html","og_locale":"de_DE","og_type":"article","og_title":"Nachrichten 28.09.2024 - Radio Rum\u00e4nien International","og_description":"Starker Regen und starke Winde werden f\u00fcr dieses Wochenende in allen Regionen Rum\u00e4niens vorhergesagt. Ab heute Abend werden der Norden und der Westen des Landes betroffen sein, w\u00e4hrend \u00a0es ab Sonntag in ganz Rum\u00e4nien regnen wird. Die st\u00e4rksten Schauer werden im S\u00fcden, Osten und in den Bergen vorhergesagt, wo die Warnstufe \u00a0Orange gilt. F\u00fcr alle [&hellip;]","og_url":"https:\/\/www.rri.ro\/de\/aktuell\/newsflash-de\/nachrichten-28-09-2024-id812094.html","og_site_name":"Radio Rum\u00e4nien International","article_published_time":"2024-09-28T11:41:29+00:00","og_image":[{"width":960,"height":540,"url":"https:\/\/www.rri.ro\/wp-content\/uploads\/2024\/03\/RRI-960x540-Nachrichten-2-NOU.jpg","type":"image\/jpeg"}],"author":"Newsroom","twitter_card":"summary_large_image","twitter_misc":{"Verfasst von":"Newsroom","Gesch\u00e4tzte Lesezeit":"4\u00a0Minuten","Written by":"Newsroom"},"schema":{"@context":"https:\/\/schema.org","@graph":[{"@type":"Article","@id":"https:\/\/www.rri.ro\/de\/aktuell\/newsflash-de\/nachrichten-28-09-2024-id812094.html#article","isPartOf":{"@id":"https:\/\/www.rri.ro\/de\/aktuell\/newsflash-de\/nachrichten-28-09-2024-id812094.html"},"author":{"name":"Newsroom","@id":"https:\/\/www.rri.ro\/#\/schema\/person\/4a479940371b9fdefd194f561e8a7f88"},"headline":"Nachrichten 28.09.2024","datePublished":"2024-09-28T11:41:29+00:00","mainEntityOfPage":{"@id":"https:\/\/www.rri.ro\/de\/aktuell\/newsflash-de\/nachrichten-28-09-2024-id812094.html"},"wordCount":766,"image":{"@id":"https:\/\/www.rri.ro\/de\/aktuell\/newsflash-de\/nachrichten-28-09-2024-id812094.html#primaryimage"},"thumbnailUrl":"https:\/\/www.rri.ro\/wp-content\/uploads\/2024\/03\/RRI-960x540-Nachrichten-2-NOU.jpg","keywords":["Autoteilehersteller FORVIA","Israelische Armee","Klaus Iohannis","Parlaments- als auch Pr\u00e4sidentschaftswahlen","tennis","Unwetter"],"articleSection":["Newsflash"],"inLanguage":"de"},{"@type":"WebPage","@id":"https:\/\/www.rri.ro\/de\/aktuell\/newsflash-de\/nachrichten-28-09-2024-id812094.html","url":"https:\/\/www.rri.ro\/de\/aktuell\/newsflash-de\/nachrichten-28-09-2024-id812094.html","name":"Nachrichten 28.09.2024 - Radio Rum\u00e4nien International","isPartOf":{"@id":"https:\/\/www.rri.ro\/#website"},"primaryImageOfPage":{"@id":"https:\/\/www.rri.ro\/de\/aktuell\/newsflash-de\/nachrichten-28-09-2024-id812094.html#primaryimage"},"image":{"@id":"https:\/\/www.rri.ro\/de\/aktuell\/newsflash-de\/nachrichten-28-09-2024-id812094.html#primaryimage"},"thumbnailUrl":"https:\/\/www.rri.ro\/wp-content\/uploads\/2024\/03\/RRI-960x540-Nachrichten-2-NOU.jpg","datePublished":"2024-09-28T11:41:29+00:00","author":{"@id":"https:\/\/www.rri.ro\/#\/schema\/person\/4a479940371b9fdefd194f561e8a7f88"},"breadcrumb":{"@id":"https:\/\/www.rri.ro\/de\/aktuell\/newsflash-de\/nachrichten-28-09-2024-id812094.html#breadcrumb"},"inLanguage":"de","potentialAction":[{"@type":"ReadAction","target":["https:\/\/www.rri.ro\/de\/aktuell\/newsflash-de\/nachrichten-28-09-2024-id812094.html"]}]},{"@type":"ImageObject","inLanguage":"de","@id":"https:\/\/www.rri.ro\/de\/aktuell\/newsflash-de\/nachrichten-28-09-2024-id812094.html#primaryimage","url":"https:\/\/www.rri.ro\/wp-content\/uploads\/2024\/03\/RRI-960x540-Nachrichten-2-NOU.jpg","contentUrl":"https:\/\/www.rri.ro\/wp-content\/uploads\/2024\/03\/RRI-960x540-Nachrichten-2-NOU.jpg","width":960,"height":540},{"@type":"BreadcrumbList","@id":"https:\/\/www.rri.ro\/de\/aktuell\/newsflash-de\/nachrichten-28-09-2024-id812094.html#breadcrumb","itemListElement":[{"@type":"ListItem","position":1,"name":"Startseite","item":"https:\/\/www.rri.ro\/de"},{"@type":"ListItem","position":2,"name":"Aktuell","item":"https:\/\/www.rri.ro\/de\/aktuell"},{"@type":"ListItem","position":3,"name":"Newsflash","item":"https:\/\/www.rri.ro\/de\/aktuell\/newsflash-de"},{"@type":"ListItem","position":4,"name":"Nachrichten 28.09.2024"}]},{"@type":"WebSite","@id":"https:\/\/www.rri.ro\/#website","url":"https:\/\/www.rri.ro\/","name":"Radio Rum\u00e4nien International","description":"Totul despre Rom\u00e2nia \u015fi rom\u00e2ni, \u00een 13 limbi\/dialecte!","inLanguage":"de"},{"@type":"Person","@id":"https:\/\/www.rri.ro\/#\/schema\/person\/4a479940371b9fdefd194f561e8a7f88","name":"Newsroom","url":"https:\/\/www.rri.ro\/de\/author\/newsroom"}]}},"_links":{"self":[{"href":"https:\/\/www.rri.ro\/de\/wp-json\/wp\/v2\/posts\/812094","targetHints":{"allow":["GET"]}}],"collection":[{"href":"https:\/\/www.rri.ro\/de\/wp-json\/wp\/v2\/posts"}],"about":[{"href":"https:\/\/www.rri.ro\/de\/wp-json\/wp\/v2\/types\/post"}],"author":[{"embeddable":true,"href":"https:\/\/www.rri.ro\/de\/wp-json\/wp\/v2\/users\/113"}],"replies":[{"embeddable":true,"href":"https:\/\/www.rri.ro\/de\/wp-json\/wp\/v2\/comments?post=812094"}],"version-history":[{"count":0,"href":"https:\/\/www.rri.ro\/de\/wp-json\/wp\/v2\/posts\/812094\/revisions"}],"wp:featuredmedia":[{"embeddable":true,"href":"https:\/\/www.rri.ro\/de\/wp-json\/wp\/v2\/media\/723386"}],"wp:attachment":[{"href":"https:\/\/www.rri.ro\/de\/wp-json\/wp\/v2\/media?parent=812094"}],"wp:term":[{"taxonomy":"category","embeddable":true,"href":"https:\/\/www.rri.ro\/de\/wp-json\/wp\/v2\/categories?post=812094"},{"taxonomy":"post_tag","embeddable":true,"href":"https:\/\/www.rri.ro\/de\/wp-json\/wp\/v2\/tags?post=812094"},{"taxonomy":"author","embeddable":true,"href":"https:\/\/www.rri.ro\/de\/wp-json\/wp\/v2\/coauthors?post=812094"}],"curies":[{"name":"wp","href":"https:\/\/api.w.org\/{rel}","templated":true}]}}