{"id":813371,"date":"2024-10-02T17:46:49","date_gmt":"2024-10-02T14:46:49","guid":{"rendered":"https:\/\/www.rri.ro\/?p=813371"},"modified":"2024-10-02T18:48:29","modified_gmt":"2024-10-02T15:48:29","slug":"nachrichten-02-10-2024","status":"publish","type":"post","link":"https:\/\/www.rri.ro\/de\/aktuell\/newsflash-de\/nachrichten-02-10-2024-id813371.html","title":{"rendered":"Nachrichten 02.10.2024"},"content":{"rendered":"<p>Nicolae Ciuc\u0103, Vorsitzender der Nationalliberalen Partei, die in Rum\u00e4nien mitregiert, hat seine Kandidatur f\u00fcr die Pr\u00e4sidentschaftswahlen offiziell beim Zentralen Wahlb\u00fcro angemeldet. Er reichte Listen mit \u00fcber 1,5 Millionen Unterst\u00fctzungsunterschriften ein. Ebenfalls heute hat der Vorsitzende des Demokratischen Ungarnverbandes, Kelemen Hunor, seine Kandidatur mit mehr als 270.000 Unterst\u00fctzungsunterschriften angemeldet. George Simion von der Allianz f\u00fcr die Einheit der Rum\u00e4nen, Elena Lasconi von der Union Rettet Rum\u00e4nien und der unabh\u00e4ngige C\u0103lin Georgescu sind bisher offiziell ins Rennen um das wichtigste Amt im rum\u00e4nischen Staat gegangen. Die Frist f\u00fcr die offizielle Registrierung der Pr\u00e4sidentschaftskandidaten endet am 5. Oktober mit Listen von mindestens 200.000 Unterst\u00fctzern. Die erste Runde der rum\u00e4nischen Pr\u00e4sidentschaftswahlen findet am 24. November statt, die zweite Runde ist f\u00fcr den 8. Dezember geplant.<\/p>\n<p>&nbsp;<\/p>\n<p>F\u00fcr das n\u00f6rdliche Gebiet des Kreises Tulcea (S\u00fcdostrum\u00e4nien) wurde eine neue RO-Alarm-Meldung verschickt, nachdem die nationalen Verteidigungs- und Sicherheitsstrukturen einen m\u00f6glichen Angriff der Russischen F\u00f6deration auf einige Ziele auf ukrainischem Gebiet festgestellt hatten. Mit diesen Meldungen soll die Bev\u00f6lkerung im rum\u00e4nischen Grenzgebiet zur Ukraine dar\u00fcber informiert werden, dass russische Angriffe auf ukrainisches Territorium m\u00f6glich sind und dass die M\u00f6glichkeit besteht, dass Objekte auf rum\u00e4nisches Staatsgebiet fallen k\u00f6nnten. Das Verteidigungsministerium in Bukarest verurteilt diese Angriffe der Russischen F\u00f6deration auf ukrainische zivile Ziele und Infrastrukturen, die ungerechtfertigt sind und in schwerem Widerspruch zu den Normen des V\u00f6lkerrechts stehen, erneut mit Nachdruck.<\/p>\n<p>&nbsp;<\/p>\n<p>Das Au\u00dfenministerium in Bukarest r\u00e4t rum\u00e4nischen Staatsb\u00fcrgern, die sich im Libanon aufhalten, dringend, das Land mit den noch verf\u00fcgbaren Fl\u00fcgen zu verlassen. Die Reisewarnung \u00fcber das Bestehen erheblicher Sicherheitsrisiken bleibt in Kraft. Diese k\u00f6nnten sich auf kommerzielle Fl\u00fcge und Reiserouten auswirken, teilte das Au\u00dfenministerium mit. Bisher haben 1.136 rum\u00e4nische Staatsb\u00fcrger und ihre Familienangeh\u00f6rigen ihre Anwesenheit im Libanon bei der rum\u00e4nischen Botschaft in Beirut angemeldet. Vor Ort hat der Iran bekannt gegeben, dass sein Angriff auf Israel beendet ist, nachdem er am Dienstagabend mehr als 180 Raketen in Richtung Israel abgefeuert hatte. Die internationale Presse berichtet, dass unter den Zielen auch das Hauptquartier des israelischen Geheimdienstes Mossad und der wichtigste israelische Luftwaffenst\u00fctzpunkt Nevatim waren, der auch von Israels F-35-Tarnkappenflugzeugflotte genutzt wird. Nach Angaben des Korrespondenten von Radio Rum\u00e4nien in Israel gibt es keine Berichte \u00fcber Verluste von Menschenleben oder Zerst\u00f6rungen.<\/p>\n<p>&nbsp;<\/p>\n<p>Rum\u00e4nien erf\u00fclle alle technischen Voraussetzungen f\u00fcr die Teilnahme am Programm f\u00fcr visumfreies Reisen, teilte der rum\u00e4nische Botschafter in den USA, Andrei Muraru, in einem sozialen Netzwerk mit. Ihm zufolge werden die ersten Rum\u00e4nen voraussichtlich in der ersten H\u00e4lfte des n\u00e4chsten Jahres visumfrei in die Vereinigten Staaten reisen k\u00f6nnen. Wenn alle Bedingungen und Vorbereitungen erfolgreich abgeschlossen sind, k\u00f6nnte das Programm irgendwann im Jahr 2025 in Kraft treten\u201c, sagte die US-Botschafterin in Rum\u00e4nien, Kathleen Kavalec, ebenfalls am Dienstag. Allerdings, m\u00fcssen in den kommenden Monaten noch einige wichtige Schritte unternommen werden, um festzustellen, ob Rum\u00e4nien tats\u00e4chlich f\u00fcr die Teilnahme am Programm f\u00fcr visumfreies Reisen in Frage kommt. Mehr dazu nach den Nachrichten.<\/p>\n<p>&nbsp;<\/p>\n<p>Der Gouverneur der Rum\u00e4nischen Nationalbank, Mugur Is\u0103rescu, wurde am Dienstag vom Parlament f\u00fcr eine weitere f\u00fcnfj\u00e4hrige Amtszeit an der Spitze der Institution best\u00e4tigt. Er hat das Amt seit 1990 inne, mit einer kurzen Unterbrechung von einem Jahr, als er Premierminister war. Mugur Is\u0103rescu ist der dienst\u00e4lteste Zentralbankchef der Welt. Bei Anh\u00f6rungen in der Legislative sagte er, die Notenbank wolle Preisstabilit\u00e4t gew\u00e4hrleisten, ohne das Wirtschaftswachstum zu bremsen.<\/p>\n<p>&nbsp;<\/p>\n<p>Die rum\u00e4nische Arbeitslosenquote kletterte im August auf 5,5 Prozent, 0,1 Prozentpunkte mehr als im Juli 2024, wie das Nationale Statistikinstitut (NSI) am Mittwoch mitteilte. Nach Geschlecht aufgeschl\u00fcsselt \u00fcberstieg die Arbeitslosenquote der M\u00e4nner die der Frauen um 0,7 Prozentpunkte (die Werte liegen bei 5,8 % f\u00fcr M\u00e4nner und 5,1 % f\u00fcr Frauen). Das hohe Niveau von 23,2 % der Arbeitslosenquote unter jungen Menschen (15-24 Jahre) erregt weiterhin Aufmerksamkeit\u201c, so die Quelle. Die Zahl der Arbeitslosen (15-74 Jahre) belief sich im August auf insgesamt 452.300 und lag damit h\u00f6her als im Vormonat (451.200 Personen) und im gleichen Zeitraum des Vorjahres (449.500 Personen). Die Zahl der Arbeitslosen im Alter von 25 bis 74 Jahren machte 76,3 Prozent der f\u00fcr August 2024 gesch\u00e4tzten Gesamtzahl der Arbeitslosen aus.<\/p>\n","protected":false},"excerpt":{"rendered":"<p>Nicolae Ciuc\u0103, Vorsitzender der Nationalliberalen Partei, die in Rum\u00e4nien mitregiert, hat seine Kandidatur f\u00fcr die Pr\u00e4sidentschaftswahlen offiziell beim Zentralen Wahlb\u00fcro angemeldet. Er reichte Listen mit \u00fcber 1,5 Millionen Unterst\u00fctzungsunterschriften ein. Ebenfalls heute hat der Vorsitzende des Demokratischen Ungarnverbandes, Kelemen Hunor, seine Kandidatur mit mehr als 270.000 Unterst\u00fctzungsunterschriften angemeldet. George Simion von der Allianz f\u00fcr die [&hellip;]<\/p>\n","protected":false},"author":113,"featured_media":723386,"comment_status":"closed","ping_status":"closed","sticky":false,"template":"","format":"standard","meta":{"_acf_changed":false,"footnotes":""},"categories":[116753],"tags":[101106,146169,127620,155779,152718,155778,101325,134268],"coauthors":[116091],"class_list":["post-813371","post","type-post","status-publish","format-standard","has-post-thumbnail","hentry","category-newsflash-de","tag-arbeitslosenquote","tag-israel-de","tag-libanon","tag-luftwaffenstuetzpunkt-nevatim","tag-mugur-isarescu-de","tag-ro-alarm-meldung","tag-russische-foederation","tag-ukraine-de"],"acf":[],"yoast_head":"<!-- This site is optimized with the Yoast SEO plugin v27.3 - https:\/\/yoast.com\/product\/yoast-seo-wordpress\/ -->\n<title>Nachrichten 02.10.2024 - Radio Rum\u00e4nien International<\/title>\n<meta name=\"robots\" content=\"index, follow, max-snippet:-1, max-image-preview:large, max-video-preview:-1\" \/>\n<link rel=\"canonical\" href=\"https:\/\/www.rri.ro\/de\/aktuell\/newsflash-de\/nachrichten-02-10-2024-id813371.html\" \/>\n<meta property=\"og:locale\" content=\"de_DE\" \/>\n<meta property=\"og:type\" content=\"article\" \/>\n<meta property=\"og:title\" content=\"Nachrichten 02.10.2024 - Radio Rum\u00e4nien International\" \/>\n<meta property=\"og:description\" content=\"Nicolae Ciuc\u0103, Vorsitzender der Nationalliberalen Partei, die in Rum\u00e4nien mitregiert, hat seine Kandidatur f\u00fcr die Pr\u00e4sidentschaftswahlen offiziell beim Zentralen Wahlb\u00fcro angemeldet. Er reichte Listen mit \u00fcber 1,5 Millionen Unterst\u00fctzungsunterschriften ein. Ebenfalls heute hat der Vorsitzende des Demokratischen Ungarnverbandes, Kelemen Hunor, seine Kandidatur mit mehr als 270.000 Unterst\u00fctzungsunterschriften angemeldet. George Simion von der Allianz f\u00fcr die [&hellip;]\" \/>\n<meta property=\"og:url\" content=\"https:\/\/www.rri.ro\/de\/aktuell\/newsflash-de\/nachrichten-02-10-2024-id813371.html\" \/>\n<meta property=\"og:site_name\" content=\"Radio Rum\u00e4nien International\" \/>\n<meta property=\"article:published_time\" content=\"2024-10-02T14:46:49+00:00\" \/>\n<meta property=\"article:modified_time\" content=\"2024-10-02T15:48:29+00:00\" \/>\n<meta property=\"og:image\" content=\"https:\/\/www.rri.ro\/wp-content\/uploads\/2024\/03\/RRI-960x540-Nachrichten-2-NOU.jpg\" \/>\n\t<meta property=\"og:image:width\" content=\"960\" \/>\n\t<meta property=\"og:image:height\" content=\"540\" \/>\n\t<meta property=\"og:image:type\" content=\"image\/jpeg\" \/>\n<meta name=\"author\" content=\"Newsroom\" \/>\n<meta name=\"twitter:card\" content=\"summary_large_image\" \/>\n<meta name=\"twitter:label1\" content=\"Verfasst von\" \/>\n\t<meta name=\"twitter:data1\" content=\"Newsroom\" \/>\n\t<meta name=\"twitter:label2\" content=\"Gesch\u00e4tzte Lesezeit\" \/>\n\t<meta name=\"twitter:data2\" content=\"4\u00a0Minuten\" \/>\n\t<meta name=\"twitter:label3\" content=\"Written by\" \/>\n\t<meta name=\"twitter:data3\" content=\"Newsroom\" \/>\n<script type=\"application\/ld+json\" class=\"yoast-schema-graph\">{\"@context\":\"https:\\\/\\\/schema.org\",\"@graph\":[{\"@type\":\"Article\",\"@id\":\"https:\\\/\\\/www.rri.ro\\\/de\\\/aktuell\\\/newsflash-de\\\/nachrichten-02-10-2024-id813371.html#article\",\"isPartOf\":{\"@id\":\"https:\\\/\\\/www.rri.ro\\\/de\\\/aktuell\\\/newsflash-de\\\/nachrichten-02-10-2024-id813371.html\"},\"author\":{\"name\":\"Newsroom\",\"@id\":\"https:\\\/\\\/www.rri.ro\\\/#\\\/schema\\\/person\\\/4a479940371b9fdefd194f561e8a7f88\"},\"headline\":\"Nachrichten 02.10.2024\",\"datePublished\":\"2024-10-02T14:46:49+00:00\",\"dateModified\":\"2024-10-02T15:48:29+00:00\",\"mainEntityOfPage\":{\"@id\":\"https:\\\/\\\/www.rri.ro\\\/de\\\/aktuell\\\/newsflash-de\\\/nachrichten-02-10-2024-id813371.html\"},\"wordCount\":722,\"image\":{\"@id\":\"https:\\\/\\\/www.rri.ro\\\/de\\\/aktuell\\\/newsflash-de\\\/nachrichten-02-10-2024-id813371.html#primaryimage\"},\"thumbnailUrl\":\"https:\\\/\\\/www.rri.ro\\\/wp-content\\\/uploads\\\/2024\\\/03\\\/RRI-960x540-Nachrichten-2-NOU.jpg\",\"keywords\":[\"Arbeitslosenquote\",\"Israel\",\"Libanon\",\"Luftwaffenst\u00fctzpunkt Nevatim\",\"Mugur Isarescu\",\"RO-Alarm-Meldung\",\"Russische F\u00f6deration\",\"Ukraine\"],\"articleSection\":[\"Newsflash\"],\"inLanguage\":\"de\"},{\"@type\":\"WebPage\",\"@id\":\"https:\\\/\\\/www.rri.ro\\\/de\\\/aktuell\\\/newsflash-de\\\/nachrichten-02-10-2024-id813371.html\",\"url\":\"https:\\\/\\\/www.rri.ro\\\/de\\\/aktuell\\\/newsflash-de\\\/nachrichten-02-10-2024-id813371.html\",\"name\":\"Nachrichten 02.10.2024 - Radio Rum\u00e4nien International\",\"isPartOf\":{\"@id\":\"https:\\\/\\\/www.rri.ro\\\/#website\"},\"primaryImageOfPage\":{\"@id\":\"https:\\\/\\\/www.rri.ro\\\/de\\\/aktuell\\\/newsflash-de\\\/nachrichten-02-10-2024-id813371.html#primaryimage\"},\"image\":{\"@id\":\"https:\\\/\\\/www.rri.ro\\\/de\\\/aktuell\\\/newsflash-de\\\/nachrichten-02-10-2024-id813371.html#primaryimage\"},\"thumbnailUrl\":\"https:\\\/\\\/www.rri.ro\\\/wp-content\\\/uploads\\\/2024\\\/03\\\/RRI-960x540-Nachrichten-2-NOU.jpg\",\"datePublished\":\"2024-10-02T14:46:49+00:00\",\"dateModified\":\"2024-10-02T15:48:29+00:00\",\"author\":{\"@id\":\"https:\\\/\\\/www.rri.ro\\\/#\\\/schema\\\/person\\\/4a479940371b9fdefd194f561e8a7f88\"},\"breadcrumb\":{\"@id\":\"https:\\\/\\\/www.rri.ro\\\/de\\\/aktuell\\\/newsflash-de\\\/nachrichten-02-10-2024-id813371.html#breadcrumb\"},\"inLanguage\":\"de\",\"potentialAction\":[{\"@type\":\"ReadAction\",\"target\":[\"https:\\\/\\\/www.rri.ro\\\/de\\\/aktuell\\\/newsflash-de\\\/nachrichten-02-10-2024-id813371.html\"]}]},{\"@type\":\"ImageObject\",\"inLanguage\":\"de\",\"@id\":\"https:\\\/\\\/www.rri.ro\\\/de\\\/aktuell\\\/newsflash-de\\\/nachrichten-02-10-2024-id813371.html#primaryimage\",\"url\":\"https:\\\/\\\/www.rri.ro\\\/wp-content\\\/uploads\\\/2024\\\/03\\\/RRI-960x540-Nachrichten-2-NOU.jpg\",\"contentUrl\":\"https:\\\/\\\/www.rri.ro\\\/wp-content\\\/uploads\\\/2024\\\/03\\\/RRI-960x540-Nachrichten-2-NOU.jpg\",\"width\":960,\"height\":540},{\"@type\":\"BreadcrumbList\",\"@id\":\"https:\\\/\\\/www.rri.ro\\\/de\\\/aktuell\\\/newsflash-de\\\/nachrichten-02-10-2024-id813371.html#breadcrumb\",\"itemListElement\":[{\"@type\":\"ListItem\",\"position\":1,\"name\":\"Startseite\",\"item\":\"https:\\\/\\\/www.rri.ro\\\/de\"},{\"@type\":\"ListItem\",\"position\":2,\"name\":\"Aktuell\",\"item\":\"https:\\\/\\\/www.rri.ro\\\/de\\\/aktuell\"},{\"@type\":\"ListItem\",\"position\":3,\"name\":\"Newsflash\",\"item\":\"https:\\\/\\\/www.rri.ro\\\/de\\\/aktuell\\\/newsflash-de\"},{\"@type\":\"ListItem\",\"position\":4,\"name\":\"Nachrichten 02.10.2024\"}]},{\"@type\":\"WebSite\",\"@id\":\"https:\\\/\\\/www.rri.ro\\\/#website\",\"url\":\"https:\\\/\\\/www.rri.ro\\\/\",\"name\":\"Radio Rum\u00e4nien International\",\"description\":\"Totul despre Rom\u00e2nia \u015fi rom\u00e2ni, \u00een 13 limbi\\\/dialecte!\",\"inLanguage\":\"de\"},{\"@type\":\"Person\",\"@id\":\"https:\\\/\\\/www.rri.ro\\\/#\\\/schema\\\/person\\\/4a479940371b9fdefd194f561e8a7f88\",\"name\":\"Newsroom\",\"url\":\"https:\\\/\\\/www.rri.ro\\\/de\\\/author\\\/newsroom\"}]}<\/script>\n<!-- \/ Yoast SEO plugin. -->","yoast_head_json":{"title":"Nachrichten 02.10.2024 - Radio Rum\u00e4nien International","robots":{"index":"index","follow":"follow","max-snippet":"max-snippet:-1","max-image-preview":"max-image-preview:large","max-video-preview":"max-video-preview:-1"},"canonical":"https:\/\/www.rri.ro\/de\/aktuell\/newsflash-de\/nachrichten-02-10-2024-id813371.html","og_locale":"de_DE","og_type":"article","og_title":"Nachrichten 02.10.2024 - Radio Rum\u00e4nien International","og_description":"Nicolae Ciuc\u0103, Vorsitzender der Nationalliberalen Partei, die in Rum\u00e4nien mitregiert, hat seine Kandidatur f\u00fcr die Pr\u00e4sidentschaftswahlen offiziell beim Zentralen Wahlb\u00fcro angemeldet. Er reichte Listen mit \u00fcber 1,5 Millionen Unterst\u00fctzungsunterschriften ein. Ebenfalls heute hat der Vorsitzende des Demokratischen Ungarnverbandes, Kelemen Hunor, seine Kandidatur mit mehr als 270.000 Unterst\u00fctzungsunterschriften angemeldet. George Simion von der Allianz f\u00fcr die [&hellip;]","og_url":"https:\/\/www.rri.ro\/de\/aktuell\/newsflash-de\/nachrichten-02-10-2024-id813371.html","og_site_name":"Radio Rum\u00e4nien International","article_published_time":"2024-10-02T14:46:49+00:00","article_modified_time":"2024-10-02T15:48:29+00:00","og_image":[{"width":960,"height":540,"url":"https:\/\/www.rri.ro\/wp-content\/uploads\/2024\/03\/RRI-960x540-Nachrichten-2-NOU.jpg","type":"image\/jpeg"}],"author":"Newsroom","twitter_card":"summary_large_image","twitter_misc":{"Verfasst von":"Newsroom","Gesch\u00e4tzte Lesezeit":"4\u00a0Minuten","Written by":"Newsroom"},"schema":{"@context":"https:\/\/schema.org","@graph":[{"@type":"Article","@id":"https:\/\/www.rri.ro\/de\/aktuell\/newsflash-de\/nachrichten-02-10-2024-id813371.html#article","isPartOf":{"@id":"https:\/\/www.rri.ro\/de\/aktuell\/newsflash-de\/nachrichten-02-10-2024-id813371.html"},"author":{"name":"Newsroom","@id":"https:\/\/www.rri.ro\/#\/schema\/person\/4a479940371b9fdefd194f561e8a7f88"},"headline":"Nachrichten 02.10.2024","datePublished":"2024-10-02T14:46:49+00:00","dateModified":"2024-10-02T15:48:29+00:00","mainEntityOfPage":{"@id":"https:\/\/www.rri.ro\/de\/aktuell\/newsflash-de\/nachrichten-02-10-2024-id813371.html"},"wordCount":722,"image":{"@id":"https:\/\/www.rri.ro\/de\/aktuell\/newsflash-de\/nachrichten-02-10-2024-id813371.html#primaryimage"},"thumbnailUrl":"https:\/\/www.rri.ro\/wp-content\/uploads\/2024\/03\/RRI-960x540-Nachrichten-2-NOU.jpg","keywords":["Arbeitslosenquote","Israel","Libanon","Luftwaffenst\u00fctzpunkt Nevatim","Mugur Isarescu","RO-Alarm-Meldung","Russische F\u00f6deration","Ukraine"],"articleSection":["Newsflash"],"inLanguage":"de"},{"@type":"WebPage","@id":"https:\/\/www.rri.ro\/de\/aktuell\/newsflash-de\/nachrichten-02-10-2024-id813371.html","url":"https:\/\/www.rri.ro\/de\/aktuell\/newsflash-de\/nachrichten-02-10-2024-id813371.html","name":"Nachrichten 02.10.2024 - Radio Rum\u00e4nien International","isPartOf":{"@id":"https:\/\/www.rri.ro\/#website"},"primaryImageOfPage":{"@id":"https:\/\/www.rri.ro\/de\/aktuell\/newsflash-de\/nachrichten-02-10-2024-id813371.html#primaryimage"},"image":{"@id":"https:\/\/www.rri.ro\/de\/aktuell\/newsflash-de\/nachrichten-02-10-2024-id813371.html#primaryimage"},"thumbnailUrl":"https:\/\/www.rri.ro\/wp-content\/uploads\/2024\/03\/RRI-960x540-Nachrichten-2-NOU.jpg","datePublished":"2024-10-02T14:46:49+00:00","dateModified":"2024-10-02T15:48:29+00:00","author":{"@id":"https:\/\/www.rri.ro\/#\/schema\/person\/4a479940371b9fdefd194f561e8a7f88"},"breadcrumb":{"@id":"https:\/\/www.rri.ro\/de\/aktuell\/newsflash-de\/nachrichten-02-10-2024-id813371.html#breadcrumb"},"inLanguage":"de","potentialAction":[{"@type":"ReadAction","target":["https:\/\/www.rri.ro\/de\/aktuell\/newsflash-de\/nachrichten-02-10-2024-id813371.html"]}]},{"@type":"ImageObject","inLanguage":"de","@id":"https:\/\/www.rri.ro\/de\/aktuell\/newsflash-de\/nachrichten-02-10-2024-id813371.html#primaryimage","url":"https:\/\/www.rri.ro\/wp-content\/uploads\/2024\/03\/RRI-960x540-Nachrichten-2-NOU.jpg","contentUrl":"https:\/\/www.rri.ro\/wp-content\/uploads\/2024\/03\/RRI-960x540-Nachrichten-2-NOU.jpg","width":960,"height":540},{"@type":"BreadcrumbList","@id":"https:\/\/www.rri.ro\/de\/aktuell\/newsflash-de\/nachrichten-02-10-2024-id813371.html#breadcrumb","itemListElement":[{"@type":"ListItem","position":1,"name":"Startseite","item":"https:\/\/www.rri.ro\/de"},{"@type":"ListItem","position":2,"name":"Aktuell","item":"https:\/\/www.rri.ro\/de\/aktuell"},{"@type":"ListItem","position":3,"name":"Newsflash","item":"https:\/\/www.rri.ro\/de\/aktuell\/newsflash-de"},{"@type":"ListItem","position":4,"name":"Nachrichten 02.10.2024"}]},{"@type":"WebSite","@id":"https:\/\/www.rri.ro\/#website","url":"https:\/\/www.rri.ro\/","name":"Radio Rum\u00e4nien International","description":"Totul despre Rom\u00e2nia \u015fi rom\u00e2ni, \u00een 13 limbi\/dialecte!","inLanguage":"de"},{"@type":"Person","@id":"https:\/\/www.rri.ro\/#\/schema\/person\/4a479940371b9fdefd194f561e8a7f88","name":"Newsroom","url":"https:\/\/www.rri.ro\/de\/author\/newsroom"}]}},"_links":{"self":[{"href":"https:\/\/www.rri.ro\/de\/wp-json\/wp\/v2\/posts\/813371","targetHints":{"allow":["GET"]}}],"collection":[{"href":"https:\/\/www.rri.ro\/de\/wp-json\/wp\/v2\/posts"}],"about":[{"href":"https:\/\/www.rri.ro\/de\/wp-json\/wp\/v2\/types\/post"}],"author":[{"embeddable":true,"href":"https:\/\/www.rri.ro\/de\/wp-json\/wp\/v2\/users\/113"}],"replies":[{"embeddable":true,"href":"https:\/\/www.rri.ro\/de\/wp-json\/wp\/v2\/comments?post=813371"}],"version-history":[{"count":0,"href":"https:\/\/www.rri.ro\/de\/wp-json\/wp\/v2\/posts\/813371\/revisions"}],"wp:featuredmedia":[{"embeddable":true,"href":"https:\/\/www.rri.ro\/de\/wp-json\/wp\/v2\/media\/723386"}],"wp:attachment":[{"href":"https:\/\/www.rri.ro\/de\/wp-json\/wp\/v2\/media?parent=813371"}],"wp:term":[{"taxonomy":"category","embeddable":true,"href":"https:\/\/www.rri.ro\/de\/wp-json\/wp\/v2\/categories?post=813371"},{"taxonomy":"post_tag","embeddable":true,"href":"https:\/\/www.rri.ro\/de\/wp-json\/wp\/v2\/tags?post=813371"},{"taxonomy":"author","embeddable":true,"href":"https:\/\/www.rri.ro\/de\/wp-json\/wp\/v2\/coauthors?post=813371"}],"curies":[{"name":"wp","href":"https:\/\/api.w.org\/{rel}","templated":true}]}}