{"id":824942,"date":"2024-11-04T17:58:55","date_gmt":"2024-11-04T15:58:55","guid":{"rendered":"https:\/\/www.rri.ro\/?p=824942"},"modified":"2024-11-04T17:58:55","modified_gmt":"2024-11-04T15:58:55","slug":"nachrichten-04-11-2024-2","status":"publish","type":"post","link":"https:\/\/www.rri.ro\/de\/aktuell\/newsflash-de\/nachrichten-04-11-2024-2-id824942.html","title":{"rendered":"Nachrichten 04.11.2024"},"content":{"rendered":"<p>Die amtierende Pr\u00e4sidentin der Republik Moldau, die Pro-Europ\u00e4erin Maia Sandu, hat eine zweite Amtszeit gewonnen, nachdem sie sich in der Stichwahl am Sonntag gegen den russlandfreundlichen Kandidaten Alexandr Stoianoglo mit rund 55 % der Stimmen durchgesetzt hat. Sandu bedankte sich bei den in der Diaspora lebenden moldauischen B\u00fcrgern, die in gro\u00dfer Zahl f\u00fcr sie gestimmt haben. Die Wahlbeteiligung in der Diaspora, auch im benachbarten Rum\u00e4nien, gilt als historisch und ist die h\u00f6chste der letzten 30 Jahre. Mehr als 320 000 moldauische B\u00fcrger haben am Sonntag im Ausland gew\u00e4hlt, gegen\u00fcber fast 240 000 im ersten Wahlgang. Die Wahlbeteiligung in der zweiten Runde der Wahlen in der Republik Moldau lag bei 54,31 %.<\/p>\n<p>&nbsp;<\/p>\n<p>Das rum\u00e4nische Au\u00dfenministerium \u00fcberpr\u00fcft \u00fcber die rum\u00e4nische Botschaft in Madrid und das rum\u00e4nische Konsulat in Castellon de la Plana die Informationen \u00fcber vier rum\u00e4nische Staatsangeh\u00f6rige, die nach der Flutkatastrophe in Spanien als vermisst gemeldet wurden. Die Region Valencia im S\u00fcdosten Spaniens wurde von verheerenden \u00dcberschwemmungen heimgesucht, die von Experten als \u201ebeispiellos\u201c bezeichnet wurden und bei denen mindestens 217 Menschen ums Leben kamen, darunter ein Rum\u00e4ne. Dutzende Menschen werden noch vermisst. Die spanische Presse berichtete auch \u00fcber eine rum\u00e4nische Familie, die bei den \u00dcberschwemmungen in La Torre, einem Bezirk in der N\u00e4he von Valencia, ums Leben gekommen ist. Die Vertreter der diplomatischen Vertretung und des Konsulats stehen in st\u00e4ndigem Kontakt mit den spanischen Beh\u00f6rden und mobile Konsularteams bleiben je nach Anfrage mit den rum\u00e4nischen B\u00fcrgern in Kontak, teilt das Au\u00dfenministerium mit.<\/p>\n<p>&nbsp;<\/p>\n<p>Der rum\u00e4nische Premierminister Marcel Ciolacu reist heute zu einem Arbeitsbesuch nach Frankreich, wo er mit seinem Amtskollegen Michel Barnier sowie mit Vertretern der rum\u00e4nischen Gemeinschaft in der Region Paris zusammentreffen wird. Der Besuch beginnt auf der Euronaval-Messe, der gr\u00f6\u00dften und \u00e4ltesten Messe der Welt, die der Verteidigungsindustrie gewidmet ist und heute Morgen in der N\u00e4he von Paris er\u00f6ffnet wurde. Die diesj\u00e4hrige Ausgabe der Messe mit \u00fcber 500 Ausstellern aus der ganzen Welt ist der Sicherheit der Marine und der Verbesserung der Kampff\u00e4higkeiten in einem angespannten geopolitischen Kontext gewidmet. Frankreich ist einer der wichtigsten Handelspartner und Investoren Rum\u00e4niens.<\/p>\n<p>&nbsp;<\/p>\n<p>Die Mitarbeiter des rum\u00e4nischen Nationalarchivs haben einen Warnstreik angek\u00fcndigt, den ersten in der 192-j\u00e4hrigen Geschichte der Institution. Die Mitarbeiter der 42 Zweigstellen in ganz Rum\u00e4nien sind unzufrieden dar\u00fcber, dass ihre Geh\u00e4lter viel niedriger sind als die der Mitarbeiter in der Zentrale der Einrichtung. Es gibt Unterschiede von 2.000 Lei (500 Euro) zwischen Mitarbeitern mit den gleichen F\u00e4higkeiten und Aufgaben, sagen die Gewerkschaften. Au\u00dferdem wollen sie die Beh\u00f6rden darauf hinweisen, dass Mittel ben\u00f6tigt werden, um die Bedingungen zu verbessern, unter denen die Dokumente, von denen einige von unsch\u00e4tzbarem Wert sind, aufbewahrt werden. Der heutige Warnstreik k\u00f6nnte am 11. November in einen Generalstreik \u00fcbergehen, wenn die Beh\u00f6rden nicht auf die Forderungen der Besch\u00e4ftigten eingehen.<\/p>\n<p>&nbsp;<\/p>\n<p>Derzeit finden in Rum\u00e4nien gleichzeitig die Kampagnen f\u00fcr die Pr\u00e4sidentschafts- und Parlamentswahlen statt. Am 24. November findet die erste Runde der Pr\u00e4sidentschaftswahlen statt, am 1. Dezember Parlamentswahlen und am 8. Dezember die zweite Runde der Pr\u00e4sidentschaftswahlen. Im Wahlkampf f\u00fcr die Parlamentswahlen m\u00fcssen die Parteien, B\u00fcndnisse oder Unabh\u00e4ngigen die W\u00e4hler davon \u00fcberzeugen, f\u00fcr sie zu stimmen, um m\u00f6glichst viele der 466 Senatoren- oder Abgeordnetensitze zu gewinnen. Im Kampf um das Pr\u00e4sidialamt treten 10 von den Parteien vorgeschlagene Kandidaten und 4 unabh\u00e4ngige Kandidaten an.<\/p>\n","protected":false},"excerpt":{"rendered":"<p>Die amtierende Pr\u00e4sidentin der Republik Moldau, die Pro-Europ\u00e4erin Maia Sandu, hat eine zweite Amtszeit gewonnen, nachdem sie sich in der Stichwahl am Sonntag gegen den russlandfreundlichen Kandidaten Alexandr Stoianoglo mit rund 55 % der Stimmen durchgesetzt hat. Sandu bedankte sich bei den in der Diaspora lebenden moldauischen B\u00fcrgern, die in gro\u00dfer Zahl f\u00fcr sie gestimmt [&hellip;]<\/p>\n","protected":false},"author":113,"featured_media":723386,"comment_status":"closed","ping_status":"closed","sticky":false,"template":"","format":"standard","meta":{"_acf_changed":false,"footnotes":""},"categories":[116753],"tags":[142493,157470,128923,157750,102089,99723],"coauthors":[116091],"class_list":["post-824942","post","type-post","status-publish","format-standard","has-post-thumbnail","hentry","category-newsflash-de","tag-maia-sandu-de","tag-praesidentschafts-und-parlamentswahlen","tag-premierminister-marcel-ciolacu","tag-region-valencia","tag-stichwahl","tag-ueberschwemmungen"],"acf":[],"yoast_head":"<!-- This site is optimized with the Yoast SEO plugin v27.3 - https:\/\/yoast.com\/product\/yoast-seo-wordpress\/ -->\n<title>Nachrichten 04.11.2024 - Radio Rum\u00e4nien International<\/title>\n<meta name=\"robots\" content=\"index, follow, max-snippet:-1, max-image-preview:large, max-video-preview:-1\" \/>\n<link rel=\"canonical\" href=\"https:\/\/www.rri.ro\/de\/aktuell\/newsflash-de\/nachrichten-04-11-2024-2-id824942.html\" \/>\n<meta property=\"og:locale\" content=\"de_DE\" \/>\n<meta property=\"og:type\" content=\"article\" \/>\n<meta property=\"og:title\" content=\"Nachrichten 04.11.2024 - Radio Rum\u00e4nien International\" \/>\n<meta property=\"og:description\" content=\"Die amtierende Pr\u00e4sidentin der Republik Moldau, die Pro-Europ\u00e4erin Maia Sandu, hat eine zweite Amtszeit gewonnen, nachdem sie sich in der Stichwahl am Sonntag gegen den russlandfreundlichen Kandidaten Alexandr Stoianoglo mit rund 55 % der Stimmen durchgesetzt hat. Sandu bedankte sich bei den in der Diaspora lebenden moldauischen B\u00fcrgern, die in gro\u00dfer Zahl f\u00fcr sie gestimmt [&hellip;]\" \/>\n<meta property=\"og:url\" content=\"https:\/\/www.rri.ro\/de\/aktuell\/newsflash-de\/nachrichten-04-11-2024-2-id824942.html\" \/>\n<meta property=\"og:site_name\" content=\"Radio Rum\u00e4nien International\" \/>\n<meta property=\"article:published_time\" content=\"2024-11-04T15:58:55+00:00\" \/>\n<meta property=\"og:image\" content=\"https:\/\/www.rri.ro\/wp-content\/uploads\/2024\/03\/RRI-960x540-Nachrichten-2-NOU.jpg\" \/>\n\t<meta property=\"og:image:width\" content=\"960\" \/>\n\t<meta property=\"og:image:height\" content=\"540\" \/>\n\t<meta property=\"og:image:type\" content=\"image\/jpeg\" \/>\n<meta name=\"author\" content=\"Newsroom\" \/>\n<meta name=\"twitter:card\" content=\"summary_large_image\" \/>\n<meta name=\"twitter:label1\" content=\"Verfasst von\" \/>\n\t<meta name=\"twitter:data1\" content=\"Newsroom\" \/>\n\t<meta name=\"twitter:label2\" content=\"Gesch\u00e4tzte Lesezeit\" \/>\n\t<meta name=\"twitter:data2\" content=\"3\u00a0Minuten\" \/>\n\t<meta name=\"twitter:label3\" content=\"Written by\" \/>\n\t<meta name=\"twitter:data3\" content=\"Newsroom\" \/>\n<script type=\"application\/ld+json\" class=\"yoast-schema-graph\">{\"@context\":\"https:\\\/\\\/schema.org\",\"@graph\":[{\"@type\":\"Article\",\"@id\":\"https:\\\/\\\/www.rri.ro\\\/de\\\/aktuell\\\/newsflash-de\\\/nachrichten-04-11-2024-2-id824942.html#article\",\"isPartOf\":{\"@id\":\"https:\\\/\\\/www.rri.ro\\\/de\\\/aktuell\\\/newsflash-de\\\/nachrichten-04-11-2024-2-id824942.html\"},\"author\":{\"name\":\"Newsroom\",\"@id\":\"https:\\\/\\\/www.rri.ro\\\/#\\\/schema\\\/person\\\/4a479940371b9fdefd194f561e8a7f88\"},\"headline\":\"Nachrichten 04.11.2024\",\"datePublished\":\"2024-11-04T15:58:55+00:00\",\"mainEntityOfPage\":{\"@id\":\"https:\\\/\\\/www.rri.ro\\\/de\\\/aktuell\\\/newsflash-de\\\/nachrichten-04-11-2024-2-id824942.html\"},\"wordCount\":578,\"image\":{\"@id\":\"https:\\\/\\\/www.rri.ro\\\/de\\\/aktuell\\\/newsflash-de\\\/nachrichten-04-11-2024-2-id824942.html#primaryimage\"},\"thumbnailUrl\":\"https:\\\/\\\/www.rri.ro\\\/wp-content\\\/uploads\\\/2024\\\/03\\\/RRI-960x540-Nachrichten-2-NOU.jpg\",\"keywords\":[\"Maia Sandu\",\"Pr\u00e4sidentschafts-und Parlamentswahlen\",\"Premierminister Marcel Ciolacu\",\"Region Valencia\",\"Stichwahl\",\"\u00dcberschwemmungen\"],\"articleSection\":[\"Newsflash\"],\"inLanguage\":\"de\"},{\"@type\":\"WebPage\",\"@id\":\"https:\\\/\\\/www.rri.ro\\\/de\\\/aktuell\\\/newsflash-de\\\/nachrichten-04-11-2024-2-id824942.html\",\"url\":\"https:\\\/\\\/www.rri.ro\\\/de\\\/aktuell\\\/newsflash-de\\\/nachrichten-04-11-2024-2-id824942.html\",\"name\":\"Nachrichten 04.11.2024 - Radio Rum\u00e4nien International\",\"isPartOf\":{\"@id\":\"https:\\\/\\\/www.rri.ro\\\/#website\"},\"primaryImageOfPage\":{\"@id\":\"https:\\\/\\\/www.rri.ro\\\/de\\\/aktuell\\\/newsflash-de\\\/nachrichten-04-11-2024-2-id824942.html#primaryimage\"},\"image\":{\"@id\":\"https:\\\/\\\/www.rri.ro\\\/de\\\/aktuell\\\/newsflash-de\\\/nachrichten-04-11-2024-2-id824942.html#primaryimage\"},\"thumbnailUrl\":\"https:\\\/\\\/www.rri.ro\\\/wp-content\\\/uploads\\\/2024\\\/03\\\/RRI-960x540-Nachrichten-2-NOU.jpg\",\"datePublished\":\"2024-11-04T15:58:55+00:00\",\"author\":{\"@id\":\"https:\\\/\\\/www.rri.ro\\\/#\\\/schema\\\/person\\\/4a479940371b9fdefd194f561e8a7f88\"},\"breadcrumb\":{\"@id\":\"https:\\\/\\\/www.rri.ro\\\/de\\\/aktuell\\\/newsflash-de\\\/nachrichten-04-11-2024-2-id824942.html#breadcrumb\"},\"inLanguage\":\"de\",\"potentialAction\":[{\"@type\":\"ReadAction\",\"target\":[\"https:\\\/\\\/www.rri.ro\\\/de\\\/aktuell\\\/newsflash-de\\\/nachrichten-04-11-2024-2-id824942.html\"]}]},{\"@type\":\"ImageObject\",\"inLanguage\":\"de\",\"@id\":\"https:\\\/\\\/www.rri.ro\\\/de\\\/aktuell\\\/newsflash-de\\\/nachrichten-04-11-2024-2-id824942.html#primaryimage\",\"url\":\"https:\\\/\\\/www.rri.ro\\\/wp-content\\\/uploads\\\/2024\\\/03\\\/RRI-960x540-Nachrichten-2-NOU.jpg\",\"contentUrl\":\"https:\\\/\\\/www.rri.ro\\\/wp-content\\\/uploads\\\/2024\\\/03\\\/RRI-960x540-Nachrichten-2-NOU.jpg\",\"width\":960,\"height\":540},{\"@type\":\"BreadcrumbList\",\"@id\":\"https:\\\/\\\/www.rri.ro\\\/de\\\/aktuell\\\/newsflash-de\\\/nachrichten-04-11-2024-2-id824942.html#breadcrumb\",\"itemListElement\":[{\"@type\":\"ListItem\",\"position\":1,\"name\":\"Startseite\",\"item\":\"https:\\\/\\\/www.rri.ro\\\/de\"},{\"@type\":\"ListItem\",\"position\":2,\"name\":\"Aktuell\",\"item\":\"https:\\\/\\\/www.rri.ro\\\/de\\\/aktuell\"},{\"@type\":\"ListItem\",\"position\":3,\"name\":\"Newsflash\",\"item\":\"https:\\\/\\\/www.rri.ro\\\/de\\\/aktuell\\\/newsflash-de\"},{\"@type\":\"ListItem\",\"position\":4,\"name\":\"Nachrichten 04.11.2024\"}]},{\"@type\":\"WebSite\",\"@id\":\"https:\\\/\\\/www.rri.ro\\\/#website\",\"url\":\"https:\\\/\\\/www.rri.ro\\\/\",\"name\":\"Radio Rum\u00e4nien International\",\"description\":\"Totul despre Rom\u00e2nia \u015fi rom\u00e2ni, \u00een 13 limbi\\\/dialecte!\",\"inLanguage\":\"de\"},{\"@type\":\"Person\",\"@id\":\"https:\\\/\\\/www.rri.ro\\\/#\\\/schema\\\/person\\\/4a479940371b9fdefd194f561e8a7f88\",\"name\":\"Newsroom\",\"url\":\"https:\\\/\\\/www.rri.ro\\\/de\\\/author\\\/newsroom\"}]}<\/script>\n<!-- \/ Yoast SEO plugin. -->","yoast_head_json":{"title":"Nachrichten 04.11.2024 - Radio Rum\u00e4nien International","robots":{"index":"index","follow":"follow","max-snippet":"max-snippet:-1","max-image-preview":"max-image-preview:large","max-video-preview":"max-video-preview:-1"},"canonical":"https:\/\/www.rri.ro\/de\/aktuell\/newsflash-de\/nachrichten-04-11-2024-2-id824942.html","og_locale":"de_DE","og_type":"article","og_title":"Nachrichten 04.11.2024 - Radio Rum\u00e4nien International","og_description":"Die amtierende Pr\u00e4sidentin der Republik Moldau, die Pro-Europ\u00e4erin Maia Sandu, hat eine zweite Amtszeit gewonnen, nachdem sie sich in der Stichwahl am Sonntag gegen den russlandfreundlichen Kandidaten Alexandr Stoianoglo mit rund 55 % der Stimmen durchgesetzt hat. Sandu bedankte sich bei den in der Diaspora lebenden moldauischen B\u00fcrgern, die in gro\u00dfer Zahl f\u00fcr sie gestimmt [&hellip;]","og_url":"https:\/\/www.rri.ro\/de\/aktuell\/newsflash-de\/nachrichten-04-11-2024-2-id824942.html","og_site_name":"Radio Rum\u00e4nien International","article_published_time":"2024-11-04T15:58:55+00:00","og_image":[{"width":960,"height":540,"url":"https:\/\/www.rri.ro\/wp-content\/uploads\/2024\/03\/RRI-960x540-Nachrichten-2-NOU.jpg","type":"image\/jpeg"}],"author":"Newsroom","twitter_card":"summary_large_image","twitter_misc":{"Verfasst von":"Newsroom","Gesch\u00e4tzte Lesezeit":"3\u00a0Minuten","Written by":"Newsroom"},"schema":{"@context":"https:\/\/schema.org","@graph":[{"@type":"Article","@id":"https:\/\/www.rri.ro\/de\/aktuell\/newsflash-de\/nachrichten-04-11-2024-2-id824942.html#article","isPartOf":{"@id":"https:\/\/www.rri.ro\/de\/aktuell\/newsflash-de\/nachrichten-04-11-2024-2-id824942.html"},"author":{"name":"Newsroom","@id":"https:\/\/www.rri.ro\/#\/schema\/person\/4a479940371b9fdefd194f561e8a7f88"},"headline":"Nachrichten 04.11.2024","datePublished":"2024-11-04T15:58:55+00:00","mainEntityOfPage":{"@id":"https:\/\/www.rri.ro\/de\/aktuell\/newsflash-de\/nachrichten-04-11-2024-2-id824942.html"},"wordCount":578,"image":{"@id":"https:\/\/www.rri.ro\/de\/aktuell\/newsflash-de\/nachrichten-04-11-2024-2-id824942.html#primaryimage"},"thumbnailUrl":"https:\/\/www.rri.ro\/wp-content\/uploads\/2024\/03\/RRI-960x540-Nachrichten-2-NOU.jpg","keywords":["Maia Sandu","Pr\u00e4sidentschafts-und Parlamentswahlen","Premierminister Marcel Ciolacu","Region Valencia","Stichwahl","\u00dcberschwemmungen"],"articleSection":["Newsflash"],"inLanguage":"de"},{"@type":"WebPage","@id":"https:\/\/www.rri.ro\/de\/aktuell\/newsflash-de\/nachrichten-04-11-2024-2-id824942.html","url":"https:\/\/www.rri.ro\/de\/aktuell\/newsflash-de\/nachrichten-04-11-2024-2-id824942.html","name":"Nachrichten 04.11.2024 - Radio Rum\u00e4nien International","isPartOf":{"@id":"https:\/\/www.rri.ro\/#website"},"primaryImageOfPage":{"@id":"https:\/\/www.rri.ro\/de\/aktuell\/newsflash-de\/nachrichten-04-11-2024-2-id824942.html#primaryimage"},"image":{"@id":"https:\/\/www.rri.ro\/de\/aktuell\/newsflash-de\/nachrichten-04-11-2024-2-id824942.html#primaryimage"},"thumbnailUrl":"https:\/\/www.rri.ro\/wp-content\/uploads\/2024\/03\/RRI-960x540-Nachrichten-2-NOU.jpg","datePublished":"2024-11-04T15:58:55+00:00","author":{"@id":"https:\/\/www.rri.ro\/#\/schema\/person\/4a479940371b9fdefd194f561e8a7f88"},"breadcrumb":{"@id":"https:\/\/www.rri.ro\/de\/aktuell\/newsflash-de\/nachrichten-04-11-2024-2-id824942.html#breadcrumb"},"inLanguage":"de","potentialAction":[{"@type":"ReadAction","target":["https:\/\/www.rri.ro\/de\/aktuell\/newsflash-de\/nachrichten-04-11-2024-2-id824942.html"]}]},{"@type":"ImageObject","inLanguage":"de","@id":"https:\/\/www.rri.ro\/de\/aktuell\/newsflash-de\/nachrichten-04-11-2024-2-id824942.html#primaryimage","url":"https:\/\/www.rri.ro\/wp-content\/uploads\/2024\/03\/RRI-960x540-Nachrichten-2-NOU.jpg","contentUrl":"https:\/\/www.rri.ro\/wp-content\/uploads\/2024\/03\/RRI-960x540-Nachrichten-2-NOU.jpg","width":960,"height":540},{"@type":"BreadcrumbList","@id":"https:\/\/www.rri.ro\/de\/aktuell\/newsflash-de\/nachrichten-04-11-2024-2-id824942.html#breadcrumb","itemListElement":[{"@type":"ListItem","position":1,"name":"Startseite","item":"https:\/\/www.rri.ro\/de"},{"@type":"ListItem","position":2,"name":"Aktuell","item":"https:\/\/www.rri.ro\/de\/aktuell"},{"@type":"ListItem","position":3,"name":"Newsflash","item":"https:\/\/www.rri.ro\/de\/aktuell\/newsflash-de"},{"@type":"ListItem","position":4,"name":"Nachrichten 04.11.2024"}]},{"@type":"WebSite","@id":"https:\/\/www.rri.ro\/#website","url":"https:\/\/www.rri.ro\/","name":"Radio Rum\u00e4nien International","description":"Totul despre Rom\u00e2nia \u015fi rom\u00e2ni, \u00een 13 limbi\/dialecte!","inLanguage":"de"},{"@type":"Person","@id":"https:\/\/www.rri.ro\/#\/schema\/person\/4a479940371b9fdefd194f561e8a7f88","name":"Newsroom","url":"https:\/\/www.rri.ro\/de\/author\/newsroom"}]}},"_links":{"self":[{"href":"https:\/\/www.rri.ro\/de\/wp-json\/wp\/v2\/posts\/824942","targetHints":{"allow":["GET"]}}],"collection":[{"href":"https:\/\/www.rri.ro\/de\/wp-json\/wp\/v2\/posts"}],"about":[{"href":"https:\/\/www.rri.ro\/de\/wp-json\/wp\/v2\/types\/post"}],"author":[{"embeddable":true,"href":"https:\/\/www.rri.ro\/de\/wp-json\/wp\/v2\/users\/113"}],"replies":[{"embeddable":true,"href":"https:\/\/www.rri.ro\/de\/wp-json\/wp\/v2\/comments?post=824942"}],"version-history":[{"count":0,"href":"https:\/\/www.rri.ro\/de\/wp-json\/wp\/v2\/posts\/824942\/revisions"}],"wp:featuredmedia":[{"embeddable":true,"href":"https:\/\/www.rri.ro\/de\/wp-json\/wp\/v2\/media\/723386"}],"wp:attachment":[{"href":"https:\/\/www.rri.ro\/de\/wp-json\/wp\/v2\/media?parent=824942"}],"wp:term":[{"taxonomy":"category","embeddable":true,"href":"https:\/\/www.rri.ro\/de\/wp-json\/wp\/v2\/categories?post=824942"},{"taxonomy":"post_tag","embeddable":true,"href":"https:\/\/www.rri.ro\/de\/wp-json\/wp\/v2\/tags?post=824942"},{"taxonomy":"author","embeddable":true,"href":"https:\/\/www.rri.ro\/de\/wp-json\/wp\/v2\/coauthors?post=824942"}],"curies":[{"name":"wp","href":"https:\/\/api.w.org\/{rel}","templated":true}]}}