{"id":826986,"date":"2024-11-10T17:05:16","date_gmt":"2024-11-10T15:05:16","guid":{"rendered":"https:\/\/www.rri.ro\/?p=826986"},"modified":"2024-11-10T13:47:17","modified_gmt":"2024-11-10T11:47:17","slug":"nachrichten-10-11-2024","status":"publish","type":"post","link":"https:\/\/www.rri.ro\/de\/aktuell\/newsflash-de\/nachrichten-10-11-2024-id826986.html","title":{"rendered":"Nachrichten 10.11.2024"},"content":{"rendered":"<p>Das Au\u00dfenministerium in Bukarest teilte mit, dass nach Angaben der spanischen Beh\u00f6rden drei weitere rum\u00e4nische Staatsb\u00fcrger, die nach den \u00dcberschwemmungen in Valencia vermisst wurden, als verstorben identifiziert wurden. Nach Angaben des Ministeriums sind bisher sieben rum\u00e4nische Staatsb\u00fcrger infolge der Unwetter in Spanien ums Leben gekommen und drei werden noch vermisst. Vertreter der diplomatischen Vertretung und des Konsulats stehen in st\u00e4ndigem Kontakt mit den spanischen Beh\u00f6rden und den Familien der Vermissten &#8211; so das Au\u00dfenministerium weiter. In Valencia gingen am Samstag Tausende von Menschen auf die Stra\u00dfe, um den chaotischen Umgang der politischen Klasse mit den \u00dcberschwemmungen zu kritisieren, die in der vergangenen Woche im S\u00fcdosten Spaniens mindestens 220 Tote gefordert haben.<\/p>\n<p>&nbsp;<\/p>\n<p>Der rum\u00e4nische Premierminister Marcel Ciolacu wird am Dienstag und Mittwoch das Vereinigte K\u00f6nigreich Gro\u00dfbritannien und Nordirland besuchen, wo er Gespr\u00e4che mit seinem Amtskollegen Keir Starmer f\u00fchren und am rum\u00e4nisch-britischen Wirtschaftsforum teilnehmen wird. Nach Angaben der Exekutive hat die Regierung im Hinblick auf den Besuch des Premierministers in London am Donnerstag ein Memorandum zur Aktualisierung des Abkommens zwischen den beiden L\u00e4ndern im Bereich der Besteuerung und der Verhinderung von Steuerhinterziehung angenommen: \u201eDas neue Dokument ber\u00fccksichtigt die \u00c4nderungen, die im Laufe des Jahres 2023 an der rum\u00e4nischen Gesetzgebung vorgenommen wurden, sowie diejenigen, die mit der Perspektive des angestrebten Beitritts Rum\u00e4niens zur Organisation f\u00fcr Wirtschaftliche Zusammenarbeit und Entwicklung zusammenh\u00e4ngen\u201c, so die Exekutive weiter.<\/p>\n<p>&nbsp;<\/p>\n<p>Der Gouverneur der Rum\u00e4nischen Nationalbank, Mugur Isarescu, wird am Montag den viertelj\u00e4hrlichen Inflationsbericht vorlegen. Ihm zufolge wird die Inflation zum Jahresende leicht ansteigen, so dass auch in der Folgezeit mit einem Preisanstieg zu rechnen ist, w\u00e4hrend der Indikator in der ersten H\u00e4lfte des Jahres 2025 schwanken und \u00fcber dem von der Zentralbank angestrebten Niveau bleiben wird. Erst im Jahr 2026 wird die j\u00e4hrliche Inflationsrate wieder sinken und unter das vorgeschlagene Ziel von 3,5 % fallen, hei\u00dft es in dem Bericht, der am Freitag vom Direktorium der Zentralbank analysiert und genehmigt wurde. Gleichzeitig beschloss die Zentralbank, den Leitzins bei 6,5 % pro Jahr zu belassen, nachdem sie auf ihrer Sitzung im Oktober eine \u00e4hnliche Entscheidung getroffen hatte.<\/p>\n<p>&nbsp;<\/p>\n<p>F\u00fcr Rum\u00e4nien gilt derzeit die Warnstufe Gelb vor starkem Wind und starkem Regen f\u00fcr mehrere Bezirke im S\u00fcdosten des Landes sowie vor starkem Schnee und Schneeregen f\u00fcr mehrere Bezirke im Zentrum und im Osten. Die Meteorologen haben au\u00dferdem eine Warnung vor m\u00e4\u00dfigen Niederschl\u00e4gen und verst\u00e4rkten Winden f\u00fcr den S\u00fcden, S\u00fcdosten und \u00f6rtlich f\u00fcr das Zentrum des Landes bis Dienstagmorgen herausgegeben. Die Temperaturen liegen lokal im S\u00fcdosten unter der Norm f\u00fcr diesen Zeitraum und im Rest des Landes nahe der Norm. Meist bew\u00f6lkter Himmel im S\u00fcden, Osten und teilweise bew\u00f6lkt in der Mitte, wo es \u00f6rtlich und zeitweise Schauer gibt, und wechselhaft in den \u00fcbrigen Gebieten. Im Osten, S\u00fcden und S\u00fcdwesten gibt es gebietsweise Schauer, gelegentlich auch Niederschlag in Form von Schnee und Graupel. In den S\u00fcd- und Ostkarpaten kommt es \u00f6rtlich zu gemischten Niederschl\u00e4gen, in H\u00f6henlagen \u00fcber 1000 m \u00fcberwiegt Schnee und es ist mit einer Schneedecke zu rechnen. Der Wind weht schwach bis m\u00e4\u00dfig, \u00f6rtlich und vor\u00fcbergehend im S\u00fcdosten des Gebietes verst\u00e4rkt, mit B\u00f6en von 50&#8230;65 km\/h. Am Samstag waren alle H\u00e4fen am Schwarzen Meer wegen des starken Windes geschlossen. Die H\u00f6chsttemperaturen liegen zwischen 5 und 13 Grad Celsius. In Bukarest lag die Temperatur am Mittag bei 5 Grad Celsius.<\/p>\n<p>&nbsp;<\/p>\n<p>Die rum\u00e4nische Tennisspielerin Irina Begu (34, 102 WTA) gewann am Samstag das mit 115.000 Dollar dotierte WTA 125-Turnier in Cali (Kolumbien), nachdem sie im Finale die Slowenin Veronika Erjavec mit 6:3, 6:3 besiegt hatte. Irina Begu, die zweite Favoritin, schlug Tina Smith (22, 322 WTA) im Halbfinale mit 6:1, 6:3. In den vorherigen Runden hatte Begu die Rum\u00e4nin Anca Todoni (Viertelfinale), Emiliano Arango (Kolumbien, 1. Runde) und Luciana Perez Alarcon (Peru, 1. Runde) geschlagen. F\u00fcr Begu, die in Kolumbien keinen Satz abgab, ist es nach ihrem Sieg in Montreux (Schweiz) der zweite WTA-125-Titel in diesem Jahr.<\/p>\n","protected":false},"excerpt":{"rendered":"<p>Das Au\u00dfenministerium in Bukarest teilte mit, dass nach Angaben der spanischen Beh\u00f6rden drei weitere rum\u00e4nische Staatsb\u00fcrger, die nach den \u00dcberschwemmungen in Valencia vermisst wurden, als verstorben identifiziert wurden. Nach Angaben des Ministeriums sind bisher sieben rum\u00e4nische Staatsb\u00fcrger infolge der Unwetter in Spanien ums Leben gekommen und drei werden noch vermisst. Vertreter der diplomatischen Vertretung und [&hellip;]<\/p>\n","protected":false},"author":113,"featured_media":723386,"comment_status":"closed","ping_status":"closed","sticky":false,"template":"","format":"standard","meta":{"_acf_changed":false,"footnotes":""},"categories":[116753],"tags":[100260,158059,152718,128923,144540,158029],"coauthors":[116091],"class_list":["post-826986","post","type-post","status-publish","format-standard","has-post-thumbnail","hentry","category-newsflash-de","tag-inflationsrate","tag-irina-begu-de","tag-mugur-isarescu-de","tag-premierminister-marcel-ciolacu","tag-tennis-de","tag-ueberschwemmungen-in-valencia"],"acf":[],"yoast_head":"<!-- This site is optimized with the Yoast SEO plugin v27.3 - https:\/\/yoast.com\/product\/yoast-seo-wordpress\/ -->\n<title>Nachrichten 10.11.2024 - Radio Rum\u00e4nien International<\/title>\n<meta name=\"robots\" content=\"index, follow, max-snippet:-1, max-image-preview:large, max-video-preview:-1\" \/>\n<link rel=\"canonical\" href=\"https:\/\/www.rri.ro\/de\/aktuell\/newsflash-de\/nachrichten-10-11-2024-id826986.html\" \/>\n<meta property=\"og:locale\" content=\"de_DE\" \/>\n<meta property=\"og:type\" content=\"article\" \/>\n<meta property=\"og:title\" content=\"Nachrichten 10.11.2024 - Radio Rum\u00e4nien International\" \/>\n<meta property=\"og:description\" content=\"Das Au\u00dfenministerium in Bukarest teilte mit, dass nach Angaben der spanischen Beh\u00f6rden drei weitere rum\u00e4nische Staatsb\u00fcrger, die nach den \u00dcberschwemmungen in Valencia vermisst wurden, als verstorben identifiziert wurden. Nach Angaben des Ministeriums sind bisher sieben rum\u00e4nische Staatsb\u00fcrger infolge der Unwetter in Spanien ums Leben gekommen und drei werden noch vermisst. Vertreter der diplomatischen Vertretung und [&hellip;]\" \/>\n<meta property=\"og:url\" content=\"https:\/\/www.rri.ro\/de\/aktuell\/newsflash-de\/nachrichten-10-11-2024-id826986.html\" \/>\n<meta property=\"og:site_name\" content=\"Radio Rum\u00e4nien International\" \/>\n<meta property=\"article:published_time\" content=\"2024-11-10T15:05:16+00:00\" \/>\n<meta property=\"og:image\" content=\"https:\/\/www.rri.ro\/wp-content\/uploads\/2024\/03\/RRI-960x540-Nachrichten-2-NOU.jpg\" \/>\n\t<meta property=\"og:image:width\" content=\"960\" \/>\n\t<meta property=\"og:image:height\" content=\"540\" \/>\n\t<meta property=\"og:image:type\" content=\"image\/jpeg\" \/>\n<meta name=\"author\" content=\"Newsroom\" \/>\n<meta name=\"twitter:card\" content=\"summary_large_image\" \/>\n<meta name=\"twitter:label1\" content=\"Verfasst von\" \/>\n\t<meta name=\"twitter:data1\" content=\"Newsroom\" \/>\n\t<meta name=\"twitter:label2\" content=\"Gesch\u00e4tzte Lesezeit\" \/>\n\t<meta name=\"twitter:data2\" content=\"3\u00a0Minuten\" \/>\n\t<meta name=\"twitter:label3\" content=\"Written by\" \/>\n\t<meta name=\"twitter:data3\" content=\"Newsroom\" \/>\n<script type=\"application\/ld+json\" class=\"yoast-schema-graph\">{\"@context\":\"https:\\\/\\\/schema.org\",\"@graph\":[{\"@type\":\"Article\",\"@id\":\"https:\\\/\\\/www.rri.ro\\\/de\\\/aktuell\\\/newsflash-de\\\/nachrichten-10-11-2024-id826986.html#article\",\"isPartOf\":{\"@id\":\"https:\\\/\\\/www.rri.ro\\\/de\\\/aktuell\\\/newsflash-de\\\/nachrichten-10-11-2024-id826986.html\"},\"author\":{\"name\":\"Newsroom\",\"@id\":\"https:\\\/\\\/www.rri.ro\\\/#\\\/schema\\\/person\\\/4a479940371b9fdefd194f561e8a7f88\"},\"headline\":\"Nachrichten 10.11.2024\",\"datePublished\":\"2024-11-10T15:05:16+00:00\",\"mainEntityOfPage\":{\"@id\":\"https:\\\/\\\/www.rri.ro\\\/de\\\/aktuell\\\/newsflash-de\\\/nachrichten-10-11-2024-id826986.html\"},\"wordCount\":679,\"image\":{\"@id\":\"https:\\\/\\\/www.rri.ro\\\/de\\\/aktuell\\\/newsflash-de\\\/nachrichten-10-11-2024-id826986.html#primaryimage\"},\"thumbnailUrl\":\"https:\\\/\\\/www.rri.ro\\\/wp-content\\\/uploads\\\/2024\\\/03\\\/RRI-960x540-Nachrichten-2-NOU.jpg\",\"keywords\":[\"Inflationsrate\",\"Irina Begu\",\"Mugur Isarescu\",\"Premierminister Marcel Ciolacu\",\"tennis\",\"\u00dcberschwemmungen in Valencia\"],\"articleSection\":[\"Newsflash\"],\"inLanguage\":\"de\"},{\"@type\":\"WebPage\",\"@id\":\"https:\\\/\\\/www.rri.ro\\\/de\\\/aktuell\\\/newsflash-de\\\/nachrichten-10-11-2024-id826986.html\",\"url\":\"https:\\\/\\\/www.rri.ro\\\/de\\\/aktuell\\\/newsflash-de\\\/nachrichten-10-11-2024-id826986.html\",\"name\":\"Nachrichten 10.11.2024 - Radio Rum\u00e4nien International\",\"isPartOf\":{\"@id\":\"https:\\\/\\\/www.rri.ro\\\/#website\"},\"primaryImageOfPage\":{\"@id\":\"https:\\\/\\\/www.rri.ro\\\/de\\\/aktuell\\\/newsflash-de\\\/nachrichten-10-11-2024-id826986.html#primaryimage\"},\"image\":{\"@id\":\"https:\\\/\\\/www.rri.ro\\\/de\\\/aktuell\\\/newsflash-de\\\/nachrichten-10-11-2024-id826986.html#primaryimage\"},\"thumbnailUrl\":\"https:\\\/\\\/www.rri.ro\\\/wp-content\\\/uploads\\\/2024\\\/03\\\/RRI-960x540-Nachrichten-2-NOU.jpg\",\"datePublished\":\"2024-11-10T15:05:16+00:00\",\"author\":{\"@id\":\"https:\\\/\\\/www.rri.ro\\\/#\\\/schema\\\/person\\\/4a479940371b9fdefd194f561e8a7f88\"},\"breadcrumb\":{\"@id\":\"https:\\\/\\\/www.rri.ro\\\/de\\\/aktuell\\\/newsflash-de\\\/nachrichten-10-11-2024-id826986.html#breadcrumb\"},\"inLanguage\":\"de\",\"potentialAction\":[{\"@type\":\"ReadAction\",\"target\":[\"https:\\\/\\\/www.rri.ro\\\/de\\\/aktuell\\\/newsflash-de\\\/nachrichten-10-11-2024-id826986.html\"]}]},{\"@type\":\"ImageObject\",\"inLanguage\":\"de\",\"@id\":\"https:\\\/\\\/www.rri.ro\\\/de\\\/aktuell\\\/newsflash-de\\\/nachrichten-10-11-2024-id826986.html#primaryimage\",\"url\":\"https:\\\/\\\/www.rri.ro\\\/wp-content\\\/uploads\\\/2024\\\/03\\\/RRI-960x540-Nachrichten-2-NOU.jpg\",\"contentUrl\":\"https:\\\/\\\/www.rri.ro\\\/wp-content\\\/uploads\\\/2024\\\/03\\\/RRI-960x540-Nachrichten-2-NOU.jpg\",\"width\":960,\"height\":540},{\"@type\":\"BreadcrumbList\",\"@id\":\"https:\\\/\\\/www.rri.ro\\\/de\\\/aktuell\\\/newsflash-de\\\/nachrichten-10-11-2024-id826986.html#breadcrumb\",\"itemListElement\":[{\"@type\":\"ListItem\",\"position\":1,\"name\":\"Startseite\",\"item\":\"https:\\\/\\\/www.rri.ro\\\/de\"},{\"@type\":\"ListItem\",\"position\":2,\"name\":\"Aktuell\",\"item\":\"https:\\\/\\\/www.rri.ro\\\/de\\\/aktuell\"},{\"@type\":\"ListItem\",\"position\":3,\"name\":\"Newsflash\",\"item\":\"https:\\\/\\\/www.rri.ro\\\/de\\\/aktuell\\\/newsflash-de\"},{\"@type\":\"ListItem\",\"position\":4,\"name\":\"Nachrichten 10.11.2024\"}]},{\"@type\":\"WebSite\",\"@id\":\"https:\\\/\\\/www.rri.ro\\\/#website\",\"url\":\"https:\\\/\\\/www.rri.ro\\\/\",\"name\":\"Radio Rum\u00e4nien International\",\"description\":\"Totul despre Rom\u00e2nia \u015fi rom\u00e2ni, \u00een 13 limbi\\\/dialecte!\",\"inLanguage\":\"de\"},{\"@type\":\"Person\",\"@id\":\"https:\\\/\\\/www.rri.ro\\\/#\\\/schema\\\/person\\\/4a479940371b9fdefd194f561e8a7f88\",\"name\":\"Newsroom\",\"url\":\"https:\\\/\\\/www.rri.ro\\\/de\\\/author\\\/newsroom\"}]}<\/script>\n<!-- \/ Yoast SEO plugin. -->","yoast_head_json":{"title":"Nachrichten 10.11.2024 - Radio Rum\u00e4nien International","robots":{"index":"index","follow":"follow","max-snippet":"max-snippet:-1","max-image-preview":"max-image-preview:large","max-video-preview":"max-video-preview:-1"},"canonical":"https:\/\/www.rri.ro\/de\/aktuell\/newsflash-de\/nachrichten-10-11-2024-id826986.html","og_locale":"de_DE","og_type":"article","og_title":"Nachrichten 10.11.2024 - Radio Rum\u00e4nien International","og_description":"Das Au\u00dfenministerium in Bukarest teilte mit, dass nach Angaben der spanischen Beh\u00f6rden drei weitere rum\u00e4nische Staatsb\u00fcrger, die nach den \u00dcberschwemmungen in Valencia vermisst wurden, als verstorben identifiziert wurden. Nach Angaben des Ministeriums sind bisher sieben rum\u00e4nische Staatsb\u00fcrger infolge der Unwetter in Spanien ums Leben gekommen und drei werden noch vermisst. Vertreter der diplomatischen Vertretung und [&hellip;]","og_url":"https:\/\/www.rri.ro\/de\/aktuell\/newsflash-de\/nachrichten-10-11-2024-id826986.html","og_site_name":"Radio Rum\u00e4nien International","article_published_time":"2024-11-10T15:05:16+00:00","og_image":[{"width":960,"height":540,"url":"https:\/\/www.rri.ro\/wp-content\/uploads\/2024\/03\/RRI-960x540-Nachrichten-2-NOU.jpg","type":"image\/jpeg"}],"author":"Newsroom","twitter_card":"summary_large_image","twitter_misc":{"Verfasst von":"Newsroom","Gesch\u00e4tzte Lesezeit":"3\u00a0Minuten","Written by":"Newsroom"},"schema":{"@context":"https:\/\/schema.org","@graph":[{"@type":"Article","@id":"https:\/\/www.rri.ro\/de\/aktuell\/newsflash-de\/nachrichten-10-11-2024-id826986.html#article","isPartOf":{"@id":"https:\/\/www.rri.ro\/de\/aktuell\/newsflash-de\/nachrichten-10-11-2024-id826986.html"},"author":{"name":"Newsroom","@id":"https:\/\/www.rri.ro\/#\/schema\/person\/4a479940371b9fdefd194f561e8a7f88"},"headline":"Nachrichten 10.11.2024","datePublished":"2024-11-10T15:05:16+00:00","mainEntityOfPage":{"@id":"https:\/\/www.rri.ro\/de\/aktuell\/newsflash-de\/nachrichten-10-11-2024-id826986.html"},"wordCount":679,"image":{"@id":"https:\/\/www.rri.ro\/de\/aktuell\/newsflash-de\/nachrichten-10-11-2024-id826986.html#primaryimage"},"thumbnailUrl":"https:\/\/www.rri.ro\/wp-content\/uploads\/2024\/03\/RRI-960x540-Nachrichten-2-NOU.jpg","keywords":["Inflationsrate","Irina Begu","Mugur Isarescu","Premierminister Marcel Ciolacu","tennis","\u00dcberschwemmungen in Valencia"],"articleSection":["Newsflash"],"inLanguage":"de"},{"@type":"WebPage","@id":"https:\/\/www.rri.ro\/de\/aktuell\/newsflash-de\/nachrichten-10-11-2024-id826986.html","url":"https:\/\/www.rri.ro\/de\/aktuell\/newsflash-de\/nachrichten-10-11-2024-id826986.html","name":"Nachrichten 10.11.2024 - Radio Rum\u00e4nien International","isPartOf":{"@id":"https:\/\/www.rri.ro\/#website"},"primaryImageOfPage":{"@id":"https:\/\/www.rri.ro\/de\/aktuell\/newsflash-de\/nachrichten-10-11-2024-id826986.html#primaryimage"},"image":{"@id":"https:\/\/www.rri.ro\/de\/aktuell\/newsflash-de\/nachrichten-10-11-2024-id826986.html#primaryimage"},"thumbnailUrl":"https:\/\/www.rri.ro\/wp-content\/uploads\/2024\/03\/RRI-960x540-Nachrichten-2-NOU.jpg","datePublished":"2024-11-10T15:05:16+00:00","author":{"@id":"https:\/\/www.rri.ro\/#\/schema\/person\/4a479940371b9fdefd194f561e8a7f88"},"breadcrumb":{"@id":"https:\/\/www.rri.ro\/de\/aktuell\/newsflash-de\/nachrichten-10-11-2024-id826986.html#breadcrumb"},"inLanguage":"de","potentialAction":[{"@type":"ReadAction","target":["https:\/\/www.rri.ro\/de\/aktuell\/newsflash-de\/nachrichten-10-11-2024-id826986.html"]}]},{"@type":"ImageObject","inLanguage":"de","@id":"https:\/\/www.rri.ro\/de\/aktuell\/newsflash-de\/nachrichten-10-11-2024-id826986.html#primaryimage","url":"https:\/\/www.rri.ro\/wp-content\/uploads\/2024\/03\/RRI-960x540-Nachrichten-2-NOU.jpg","contentUrl":"https:\/\/www.rri.ro\/wp-content\/uploads\/2024\/03\/RRI-960x540-Nachrichten-2-NOU.jpg","width":960,"height":540},{"@type":"BreadcrumbList","@id":"https:\/\/www.rri.ro\/de\/aktuell\/newsflash-de\/nachrichten-10-11-2024-id826986.html#breadcrumb","itemListElement":[{"@type":"ListItem","position":1,"name":"Startseite","item":"https:\/\/www.rri.ro\/de"},{"@type":"ListItem","position":2,"name":"Aktuell","item":"https:\/\/www.rri.ro\/de\/aktuell"},{"@type":"ListItem","position":3,"name":"Newsflash","item":"https:\/\/www.rri.ro\/de\/aktuell\/newsflash-de"},{"@type":"ListItem","position":4,"name":"Nachrichten 10.11.2024"}]},{"@type":"WebSite","@id":"https:\/\/www.rri.ro\/#website","url":"https:\/\/www.rri.ro\/","name":"Radio Rum\u00e4nien International","description":"Totul despre Rom\u00e2nia \u015fi rom\u00e2ni, \u00een 13 limbi\/dialecte!","inLanguage":"de"},{"@type":"Person","@id":"https:\/\/www.rri.ro\/#\/schema\/person\/4a479940371b9fdefd194f561e8a7f88","name":"Newsroom","url":"https:\/\/www.rri.ro\/de\/author\/newsroom"}]}},"_links":{"self":[{"href":"https:\/\/www.rri.ro\/de\/wp-json\/wp\/v2\/posts\/826986","targetHints":{"allow":["GET"]}}],"collection":[{"href":"https:\/\/www.rri.ro\/de\/wp-json\/wp\/v2\/posts"}],"about":[{"href":"https:\/\/www.rri.ro\/de\/wp-json\/wp\/v2\/types\/post"}],"author":[{"embeddable":true,"href":"https:\/\/www.rri.ro\/de\/wp-json\/wp\/v2\/users\/113"}],"replies":[{"embeddable":true,"href":"https:\/\/www.rri.ro\/de\/wp-json\/wp\/v2\/comments?post=826986"}],"version-history":[{"count":0,"href":"https:\/\/www.rri.ro\/de\/wp-json\/wp\/v2\/posts\/826986\/revisions"}],"wp:featuredmedia":[{"embeddable":true,"href":"https:\/\/www.rri.ro\/de\/wp-json\/wp\/v2\/media\/723386"}],"wp:attachment":[{"href":"https:\/\/www.rri.ro\/de\/wp-json\/wp\/v2\/media?parent=826986"}],"wp:term":[{"taxonomy":"category","embeddable":true,"href":"https:\/\/www.rri.ro\/de\/wp-json\/wp\/v2\/categories?post=826986"},{"taxonomy":"post_tag","embeddable":true,"href":"https:\/\/www.rri.ro\/de\/wp-json\/wp\/v2\/tags?post=826986"},{"taxonomy":"author","embeddable":true,"href":"https:\/\/www.rri.ro\/de\/wp-json\/wp\/v2\/coauthors?post=826986"}],"curies":[{"name":"wp","href":"https:\/\/api.w.org\/{rel}","templated":true}]}}