{"id":835618,"date":"2024-11-26T18:19:26","date_gmt":"2024-11-26T16:19:26","guid":{"rendered":"https:\/\/www.rri.ro\/?p=835618"},"modified":"2024-11-26T18:19:26","modified_gmt":"2024-11-26T16:19:26","slug":"nachrichten-26-11-2024","status":"publish","type":"post","link":"https:\/\/www.rri.ro\/de\/aktuell\/newsflash-de\/nachrichten-26-11-2024-id835618.html","title":{"rendered":"Nachrichten 26.11.2024"},"content":{"rendered":"<p>Nach dem R\u00fccktritt von Premierminister Marcel Ciolacu als Vorsitzender der PSD wird Victor Negrescu die Partei kommissarisch f\u00fchren. Auch beim liberalen Koalitionspartner der Sozialdemokraten, der PNL, trat Nicolae Ciuca, der gro\u00dfe Verlierer der ersten Runde der rum\u00e4nischen Pr\u00e4sidentschaftswahlen zur\u00fcck.\u00a0 Der Interimsvorsitz der PNL wird derzeit von Ilie Bolojan, einem der wichtigsten Spitzenpolitiker der Partei, \u00fcbernommen. Er hat bereits angek\u00fcndigt, dass seine Partei die b\u00fcrgerlich- pro-europ\u00e4ische Kandidatin Elena Lasconi unterst\u00fctzen wird, die am 8. Dezember gegen den pro-russischen Extremisten Calin Georgescu antreten wird.<\/p>\n<p>Die Abgeordneten des Europ\u00e4ischen Parlaments haben am Dienstag in Stra\u00dfburg ihre Unterst\u00fctzung f\u00fcr die Ukraine bekr\u00e4ftigt. Sie verurteilten die Zusammenarbeit zwischen Russland und Nordkorea und forderten die Europ\u00e4ische Union auf, ihre Unterst\u00fctzung f\u00fcr die Streitkr\u00e4fte in Kiew zu verst\u00e4rken. In einer k\u00fcrzlich ver\u00f6ffentlichten Erkl\u00e4rung fordern die Staats- und Regierungschefs des Europ\u00e4ischen Parlaments die EU auf, \u201eihre Unterst\u00fctzung f\u00fcr die Ukraine in jeder Hinsicht zu verst\u00e4rken, einschlie\u00dflich in politischer, finanzieller und milit\u00e4rischer Hinsicht sowie durch humanit\u00e4re Hilfe\u201c. Au\u00dferdem wird bekr\u00e4ftigt, dass das EP \u201eder Ukraine bis zu ihrem Sieg in jeder erdenklichen Weise zur Seite steht und sie unterst\u00fctzt\u201c. Die Frage der Vollmitgliedschaft Rum\u00e4niens und Bulgariens im Schengen-Raum wird ebenfalls am Dienstag in Stra\u00dfburg diskutiert. Die Debatte findet kurz nach der Zustimmung Budapests statt, dass \u00d6sterreich sein Veto im Rat zur\u00fcckziehen wird, um diesen letzten Schritt zu erm\u00f6glichen. Debatten finden auch im Vorfeld der Verabschiedung des EU-Haushalts 2025 statt. Laut dem rum\u00e4nischen Abgeordneten Victor Negrescu, einem der Verhandlungsf\u00fchrer, ist es dem Parlament gelungen, einen Haushalt f\u00fcr das n\u00e4chste Jahr zu erreichen, der 10 Mrd. Euro h\u00f6her ist als der diesj\u00e4hrige. Am Mittwoch wird das Europ\u00e4ische Parlament endg\u00fcltig \u00fcber die neue Europ\u00e4ische Kommission abstimmen.<\/p>\n<p>&nbsp;<\/p>\n<p>Rum\u00e4nien leidet unter \u00c4rztemangel. Bei Allgemeinmedizinern betr\u00e4gt das Defizit derzeit 1.130, davon mehr als 900 in l\u00e4ndlichen Gebieten, warnte die Vorsitzende der nationalen Krankenkasse, Valeria Herdea. Sie erkl\u00e4rte, dass mehr als 20% der rum\u00e4nischen Haus\u00e4rzte \u00fcber 70 Jahre alt sind. In Rum\u00e4nien gibt es in mehr als 300 Gemeinden keine Allgemeinmediziner und der durchschnittliche Patientenbestand eines Hausarztes ist auf dem Land um 50 % h\u00f6her als in der Stadt. Mehr als ein Viertel der Bev\u00f6lkerung in Rum\u00e4nien ist nicht krankenversichert.<\/p>\n<p>Rund 2.500 Soldaten des Verteidigungsministeriums, des Innenministeriums, des rum\u00e4nischen Geheimdienstes, des rum\u00e4nischen Telekommunikationsdienstes, der nationalen Gef\u00e4ngnisverwaltung und der rum\u00e4nischen Zollbeh\u00f6rde, unterst\u00fctzt von 190 Fahrzeugen und 45 Flugapparaten, werden am Sonntag an der Milit\u00e4rparade anl\u00e4sslich des Nationalfeiertags am 1. Dezember teilnehmen. 240 ausl\u00e4ndische Soldaten der alliierten L\u00e4nder werden an der Parade neben den rum\u00e4nischen Streitkr\u00e4ften teilnehmen. Die ausl\u00e4ndischen Kontingente werden von 21 Fahrzeugen Kampfflugzeuge, unterst\u00fctzt.<\/p>\n<p>Justiz, Wirtschaft und Sicherheit seien die wichtigsten Priorit\u00e4ten f\u00fcr die Republik Moldau in den kommenden Jahren, sagte Pr\u00e4sidentin Maia Sandu am Dienstag auf dem Europ\u00e4ischen Integrationsforum in Chisinau. Sie betonte, dass der Beitritt zur EU die einzige Chance sei, die Demokratie, die Entwicklung in Frieden und die Stabilit\u00e4t zu retten. Trotz der Anti-EU-Propaganda und der Versuche des Kremls, uns umzustimmen, haben die moldauischen B\u00fcrger gezeigt, dass die europ\u00e4ischen Werte auch ihre Werte sind, sagte Maia Sandu und erinnerte an das Verfassungsreferendum, durch das die Verfassung ge\u00e4ndert und der europ\u00e4ische Weg als strategisches Ziel aufgenommen wurde. Es sei daran erinnert, dass der Nachbarstaat im M\u00e4rz 2022, nur wenige Tage nach Beginn der russischen Invasion in der Ukraine, offiziell einen Antrag auf EU-Mitgliedschaft stellte. Im Juni desselben Jahres verlieh der Europ\u00e4ische Rat dem Land den Status eines Beitrittskandidaten.<\/p>\n<p>&nbsp;<\/p>\n<p>Die Au\u00dfenminister der G7-Staaten haben sich am Dienstag f\u00fcr einen \u201esofortigen Waffenstillstand zwischen Israel und der Hisbollah\u201c ausgesprochen. Sie erkl\u00e4rten, es sei \u201ean der Zeit, eine diplomatische L\u00f6sung im Libanon zu finden\u201c, so AFP. Der europ\u00e4ische Diplomatiechef Josep Borrell sagte, Israel habe \u201ekeine Entschuldigung\u201c f\u00fcr die Ablehnung des von den USA und Frankreich ausgehandelten Waffenstillstands im Libanon. Die Vereinigten Staaten haben angedeutet, dass eine Einigung in greifbarer N\u00e4he ist, mahnten aber zur Vorsicht. W\u00e4hrend die diplomatischen Bem\u00fchungen intensiviert werden, hat Israel seine Bombardierung von Hisbollah-Hochburgen, insbesondere in den s\u00fcdlichen Au\u00dfenbezirken von Beirut, verst\u00e4rkt. In diesem Zusammenhang \u00e4u\u00dferte sich der UN-Hochkommissar f\u00fcr Menschenrechte, Volker Turk, besorgt \u00fcber die Eskalation der Feindseligkeiten im Libanon, wo nach Angaben seines B\u00fcros in den letzten Tagen fast 100 Menschen bei israelischen Luftangriffen get\u00f6tet wurden, darunter Frauen, Kinder und \u00c4rzte. Es sei daran erinnert, dass die libanesische Hisbollah am 8. Oktober 2023 zur Unterst\u00fctzung ihres pal\u00e4stinensischen Verb\u00fcndeten Hamas eine Front gegen Israel er\u00f6ffnet hat.<\/p>\n","protected":false},"excerpt":{"rendered":"<p>Nach dem R\u00fccktritt von Premierminister Marcel Ciolacu als Vorsitzender der PSD wird Victor Negrescu die Partei kommissarisch f\u00fchren. Auch beim liberalen Koalitionspartner der Sozialdemokraten, der PNL, trat Nicolae Ciuca, der gro\u00dfe Verlierer der ersten Runde der rum\u00e4nischen Pr\u00e4sidentschaftswahlen zur\u00fcck.\u00a0 Der Interimsvorsitz der PNL wird derzeit von Ilie Bolojan, einem der wichtigsten Spitzenpolitiker der Partei, \u00fcbernommen. [&hellip;]<\/p>\n","protected":false},"author":113,"featured_media":723386,"comment_status":"closed","ping_status":"closed","sticky":false,"template":"","format":"standard","meta":{"_acf_changed":false,"footnotes":""},"categories":[116753],"tags":[146169,142493,100582,128923,100115,158977,153413,101907],"coauthors":[116091],"class_list":["post-835618","post","type-post","status-publish","format-standard","has-post-thumbnail","hentry","category-newsflash-de","tag-israel-de","tag-maia-sandu-de","tag-militaerparade","tag-premierminister-marcel-ciolacu","tag-republik-moldau","tag-unterstuetzung-fuer-die-ukraine","tag-victor-negrescu-de","tag-waffenstillstand"],"acf":[],"yoast_head":"<!-- This site is optimized with the Yoast SEO plugin v27.3 - https:\/\/yoast.com\/product\/yoast-seo-wordpress\/ -->\n<title>Nachrichten 26.11.2024 - Radio Rum\u00e4nien International<\/title>\n<meta name=\"robots\" content=\"index, follow, max-snippet:-1, max-image-preview:large, max-video-preview:-1\" \/>\n<link rel=\"canonical\" href=\"https:\/\/www.rri.ro\/de\/aktuell\/newsflash-de\/nachrichten-26-11-2024-id835618.html\" \/>\n<meta property=\"og:locale\" content=\"de_DE\" \/>\n<meta property=\"og:type\" content=\"article\" \/>\n<meta property=\"og:title\" content=\"Nachrichten 26.11.2024 - Radio Rum\u00e4nien International\" \/>\n<meta property=\"og:description\" content=\"Nach dem R\u00fccktritt von Premierminister Marcel Ciolacu als Vorsitzender der PSD wird Victor Negrescu die Partei kommissarisch f\u00fchren. Auch beim liberalen Koalitionspartner der Sozialdemokraten, der PNL, trat Nicolae Ciuca, der gro\u00dfe Verlierer der ersten Runde der rum\u00e4nischen Pr\u00e4sidentschaftswahlen zur\u00fcck.\u00a0 Der Interimsvorsitz der PNL wird derzeit von Ilie Bolojan, einem der wichtigsten Spitzenpolitiker der Partei, \u00fcbernommen. [&hellip;]\" \/>\n<meta property=\"og:url\" content=\"https:\/\/www.rri.ro\/de\/aktuell\/newsflash-de\/nachrichten-26-11-2024-id835618.html\" \/>\n<meta property=\"og:site_name\" content=\"Radio Rum\u00e4nien International\" \/>\n<meta property=\"article:published_time\" content=\"2024-11-26T16:19:26+00:00\" \/>\n<meta property=\"og:image\" content=\"https:\/\/www.rri.ro\/wp-content\/uploads\/2024\/03\/RRI-960x540-Nachrichten-2-NOU.jpg\" \/>\n\t<meta property=\"og:image:width\" content=\"960\" \/>\n\t<meta property=\"og:image:height\" content=\"540\" \/>\n\t<meta property=\"og:image:type\" content=\"image\/jpeg\" \/>\n<meta name=\"author\" content=\"Newsroom\" \/>\n<meta name=\"twitter:card\" content=\"summary_large_image\" \/>\n<meta name=\"twitter:label1\" content=\"Verfasst von\" \/>\n\t<meta name=\"twitter:data1\" content=\"Newsroom\" \/>\n\t<meta name=\"twitter:label2\" content=\"Gesch\u00e4tzte Lesezeit\" \/>\n\t<meta name=\"twitter:data2\" content=\"4\u00a0Minuten\" \/>\n\t<meta name=\"twitter:label3\" content=\"Written by\" \/>\n\t<meta name=\"twitter:data3\" content=\"Newsroom\" \/>\n<script type=\"application\/ld+json\" class=\"yoast-schema-graph\">{\"@context\":\"https:\\\/\\\/schema.org\",\"@graph\":[{\"@type\":\"Article\",\"@id\":\"https:\\\/\\\/www.rri.ro\\\/de\\\/aktuell\\\/newsflash-de\\\/nachrichten-26-11-2024-id835618.html#article\",\"isPartOf\":{\"@id\":\"https:\\\/\\\/www.rri.ro\\\/de\\\/aktuell\\\/newsflash-de\\\/nachrichten-26-11-2024-id835618.html\"},\"author\":{\"name\":\"Newsroom\",\"@id\":\"https:\\\/\\\/www.rri.ro\\\/#\\\/schema\\\/person\\\/4a479940371b9fdefd194f561e8a7f88\"},\"headline\":\"Nachrichten 26.11.2024\",\"datePublished\":\"2024-11-26T16:19:26+00:00\",\"mainEntityOfPage\":{\"@id\":\"https:\\\/\\\/www.rri.ro\\\/de\\\/aktuell\\\/newsflash-de\\\/nachrichten-26-11-2024-id835618.html\"},\"wordCount\":797,\"image\":{\"@id\":\"https:\\\/\\\/www.rri.ro\\\/de\\\/aktuell\\\/newsflash-de\\\/nachrichten-26-11-2024-id835618.html#primaryimage\"},\"thumbnailUrl\":\"https:\\\/\\\/www.rri.ro\\\/wp-content\\\/uploads\\\/2024\\\/03\\\/RRI-960x540-Nachrichten-2-NOU.jpg\",\"keywords\":[\"Israel\",\"Maia Sandu\",\"Milit\u00e4rparade\",\"Premierminister Marcel Ciolacu\",\"Republik Moldau\",\"Unterst\u00fctzung f\u00fcr die Ukraine\",\"Victor Negrescu\",\"Waffenstillstand\"],\"articleSection\":[\"Newsflash\"],\"inLanguage\":\"de\"},{\"@type\":\"WebPage\",\"@id\":\"https:\\\/\\\/www.rri.ro\\\/de\\\/aktuell\\\/newsflash-de\\\/nachrichten-26-11-2024-id835618.html\",\"url\":\"https:\\\/\\\/www.rri.ro\\\/de\\\/aktuell\\\/newsflash-de\\\/nachrichten-26-11-2024-id835618.html\",\"name\":\"Nachrichten 26.11.2024 - Radio Rum\u00e4nien International\",\"isPartOf\":{\"@id\":\"https:\\\/\\\/www.rri.ro\\\/#website\"},\"primaryImageOfPage\":{\"@id\":\"https:\\\/\\\/www.rri.ro\\\/de\\\/aktuell\\\/newsflash-de\\\/nachrichten-26-11-2024-id835618.html#primaryimage\"},\"image\":{\"@id\":\"https:\\\/\\\/www.rri.ro\\\/de\\\/aktuell\\\/newsflash-de\\\/nachrichten-26-11-2024-id835618.html#primaryimage\"},\"thumbnailUrl\":\"https:\\\/\\\/www.rri.ro\\\/wp-content\\\/uploads\\\/2024\\\/03\\\/RRI-960x540-Nachrichten-2-NOU.jpg\",\"datePublished\":\"2024-11-26T16:19:26+00:00\",\"author\":{\"@id\":\"https:\\\/\\\/www.rri.ro\\\/#\\\/schema\\\/person\\\/4a479940371b9fdefd194f561e8a7f88\"},\"breadcrumb\":{\"@id\":\"https:\\\/\\\/www.rri.ro\\\/de\\\/aktuell\\\/newsflash-de\\\/nachrichten-26-11-2024-id835618.html#breadcrumb\"},\"inLanguage\":\"de\",\"potentialAction\":[{\"@type\":\"ReadAction\",\"target\":[\"https:\\\/\\\/www.rri.ro\\\/de\\\/aktuell\\\/newsflash-de\\\/nachrichten-26-11-2024-id835618.html\"]}]},{\"@type\":\"ImageObject\",\"inLanguage\":\"de\",\"@id\":\"https:\\\/\\\/www.rri.ro\\\/de\\\/aktuell\\\/newsflash-de\\\/nachrichten-26-11-2024-id835618.html#primaryimage\",\"url\":\"https:\\\/\\\/www.rri.ro\\\/wp-content\\\/uploads\\\/2024\\\/03\\\/RRI-960x540-Nachrichten-2-NOU.jpg\",\"contentUrl\":\"https:\\\/\\\/www.rri.ro\\\/wp-content\\\/uploads\\\/2024\\\/03\\\/RRI-960x540-Nachrichten-2-NOU.jpg\",\"width\":960,\"height\":540},{\"@type\":\"BreadcrumbList\",\"@id\":\"https:\\\/\\\/www.rri.ro\\\/de\\\/aktuell\\\/newsflash-de\\\/nachrichten-26-11-2024-id835618.html#breadcrumb\",\"itemListElement\":[{\"@type\":\"ListItem\",\"position\":1,\"name\":\"Startseite\",\"item\":\"https:\\\/\\\/www.rri.ro\\\/de\"},{\"@type\":\"ListItem\",\"position\":2,\"name\":\"Aktuell\",\"item\":\"https:\\\/\\\/www.rri.ro\\\/de\\\/aktuell\"},{\"@type\":\"ListItem\",\"position\":3,\"name\":\"Newsflash\",\"item\":\"https:\\\/\\\/www.rri.ro\\\/de\\\/aktuell\\\/newsflash-de\"},{\"@type\":\"ListItem\",\"position\":4,\"name\":\"Nachrichten 26.11.2024\"}]},{\"@type\":\"WebSite\",\"@id\":\"https:\\\/\\\/www.rri.ro\\\/#website\",\"url\":\"https:\\\/\\\/www.rri.ro\\\/\",\"name\":\"Radio Rum\u00e4nien International\",\"description\":\"Totul despre Rom\u00e2nia \u015fi rom\u00e2ni, \u00een 13 limbi\\\/dialecte!\",\"inLanguage\":\"de\"},{\"@type\":\"Person\",\"@id\":\"https:\\\/\\\/www.rri.ro\\\/#\\\/schema\\\/person\\\/4a479940371b9fdefd194f561e8a7f88\",\"name\":\"Newsroom\",\"url\":\"https:\\\/\\\/www.rri.ro\\\/de\\\/author\\\/newsroom\"}]}<\/script>\n<!-- \/ Yoast SEO plugin. -->","yoast_head_json":{"title":"Nachrichten 26.11.2024 - Radio Rum\u00e4nien International","robots":{"index":"index","follow":"follow","max-snippet":"max-snippet:-1","max-image-preview":"max-image-preview:large","max-video-preview":"max-video-preview:-1"},"canonical":"https:\/\/www.rri.ro\/de\/aktuell\/newsflash-de\/nachrichten-26-11-2024-id835618.html","og_locale":"de_DE","og_type":"article","og_title":"Nachrichten 26.11.2024 - Radio Rum\u00e4nien International","og_description":"Nach dem R\u00fccktritt von Premierminister Marcel Ciolacu als Vorsitzender der PSD wird Victor Negrescu die Partei kommissarisch f\u00fchren. Auch beim liberalen Koalitionspartner der Sozialdemokraten, der PNL, trat Nicolae Ciuca, der gro\u00dfe Verlierer der ersten Runde der rum\u00e4nischen Pr\u00e4sidentschaftswahlen zur\u00fcck.\u00a0 Der Interimsvorsitz der PNL wird derzeit von Ilie Bolojan, einem der wichtigsten Spitzenpolitiker der Partei, \u00fcbernommen. [&hellip;]","og_url":"https:\/\/www.rri.ro\/de\/aktuell\/newsflash-de\/nachrichten-26-11-2024-id835618.html","og_site_name":"Radio Rum\u00e4nien International","article_published_time":"2024-11-26T16:19:26+00:00","og_image":[{"width":960,"height":540,"url":"https:\/\/www.rri.ro\/wp-content\/uploads\/2024\/03\/RRI-960x540-Nachrichten-2-NOU.jpg","type":"image\/jpeg"}],"author":"Newsroom","twitter_card":"summary_large_image","twitter_misc":{"Verfasst von":"Newsroom","Gesch\u00e4tzte Lesezeit":"4\u00a0Minuten","Written by":"Newsroom"},"schema":{"@context":"https:\/\/schema.org","@graph":[{"@type":"Article","@id":"https:\/\/www.rri.ro\/de\/aktuell\/newsflash-de\/nachrichten-26-11-2024-id835618.html#article","isPartOf":{"@id":"https:\/\/www.rri.ro\/de\/aktuell\/newsflash-de\/nachrichten-26-11-2024-id835618.html"},"author":{"name":"Newsroom","@id":"https:\/\/www.rri.ro\/#\/schema\/person\/4a479940371b9fdefd194f561e8a7f88"},"headline":"Nachrichten 26.11.2024","datePublished":"2024-11-26T16:19:26+00:00","mainEntityOfPage":{"@id":"https:\/\/www.rri.ro\/de\/aktuell\/newsflash-de\/nachrichten-26-11-2024-id835618.html"},"wordCount":797,"image":{"@id":"https:\/\/www.rri.ro\/de\/aktuell\/newsflash-de\/nachrichten-26-11-2024-id835618.html#primaryimage"},"thumbnailUrl":"https:\/\/www.rri.ro\/wp-content\/uploads\/2024\/03\/RRI-960x540-Nachrichten-2-NOU.jpg","keywords":["Israel","Maia Sandu","Milit\u00e4rparade","Premierminister Marcel Ciolacu","Republik Moldau","Unterst\u00fctzung f\u00fcr die Ukraine","Victor Negrescu","Waffenstillstand"],"articleSection":["Newsflash"],"inLanguage":"de"},{"@type":"WebPage","@id":"https:\/\/www.rri.ro\/de\/aktuell\/newsflash-de\/nachrichten-26-11-2024-id835618.html","url":"https:\/\/www.rri.ro\/de\/aktuell\/newsflash-de\/nachrichten-26-11-2024-id835618.html","name":"Nachrichten 26.11.2024 - Radio Rum\u00e4nien International","isPartOf":{"@id":"https:\/\/www.rri.ro\/#website"},"primaryImageOfPage":{"@id":"https:\/\/www.rri.ro\/de\/aktuell\/newsflash-de\/nachrichten-26-11-2024-id835618.html#primaryimage"},"image":{"@id":"https:\/\/www.rri.ro\/de\/aktuell\/newsflash-de\/nachrichten-26-11-2024-id835618.html#primaryimage"},"thumbnailUrl":"https:\/\/www.rri.ro\/wp-content\/uploads\/2024\/03\/RRI-960x540-Nachrichten-2-NOU.jpg","datePublished":"2024-11-26T16:19:26+00:00","author":{"@id":"https:\/\/www.rri.ro\/#\/schema\/person\/4a479940371b9fdefd194f561e8a7f88"},"breadcrumb":{"@id":"https:\/\/www.rri.ro\/de\/aktuell\/newsflash-de\/nachrichten-26-11-2024-id835618.html#breadcrumb"},"inLanguage":"de","potentialAction":[{"@type":"ReadAction","target":["https:\/\/www.rri.ro\/de\/aktuell\/newsflash-de\/nachrichten-26-11-2024-id835618.html"]}]},{"@type":"ImageObject","inLanguage":"de","@id":"https:\/\/www.rri.ro\/de\/aktuell\/newsflash-de\/nachrichten-26-11-2024-id835618.html#primaryimage","url":"https:\/\/www.rri.ro\/wp-content\/uploads\/2024\/03\/RRI-960x540-Nachrichten-2-NOU.jpg","contentUrl":"https:\/\/www.rri.ro\/wp-content\/uploads\/2024\/03\/RRI-960x540-Nachrichten-2-NOU.jpg","width":960,"height":540},{"@type":"BreadcrumbList","@id":"https:\/\/www.rri.ro\/de\/aktuell\/newsflash-de\/nachrichten-26-11-2024-id835618.html#breadcrumb","itemListElement":[{"@type":"ListItem","position":1,"name":"Startseite","item":"https:\/\/www.rri.ro\/de"},{"@type":"ListItem","position":2,"name":"Aktuell","item":"https:\/\/www.rri.ro\/de\/aktuell"},{"@type":"ListItem","position":3,"name":"Newsflash","item":"https:\/\/www.rri.ro\/de\/aktuell\/newsflash-de"},{"@type":"ListItem","position":4,"name":"Nachrichten 26.11.2024"}]},{"@type":"WebSite","@id":"https:\/\/www.rri.ro\/#website","url":"https:\/\/www.rri.ro\/","name":"Radio Rum\u00e4nien International","description":"Totul despre Rom\u00e2nia \u015fi rom\u00e2ni, \u00een 13 limbi\/dialecte!","inLanguage":"de"},{"@type":"Person","@id":"https:\/\/www.rri.ro\/#\/schema\/person\/4a479940371b9fdefd194f561e8a7f88","name":"Newsroom","url":"https:\/\/www.rri.ro\/de\/author\/newsroom"}]}},"_links":{"self":[{"href":"https:\/\/www.rri.ro\/de\/wp-json\/wp\/v2\/posts\/835618","targetHints":{"allow":["GET"]}}],"collection":[{"href":"https:\/\/www.rri.ro\/de\/wp-json\/wp\/v2\/posts"}],"about":[{"href":"https:\/\/www.rri.ro\/de\/wp-json\/wp\/v2\/types\/post"}],"author":[{"embeddable":true,"href":"https:\/\/www.rri.ro\/de\/wp-json\/wp\/v2\/users\/113"}],"replies":[{"embeddable":true,"href":"https:\/\/www.rri.ro\/de\/wp-json\/wp\/v2\/comments?post=835618"}],"version-history":[{"count":0,"href":"https:\/\/www.rri.ro\/de\/wp-json\/wp\/v2\/posts\/835618\/revisions"}],"wp:featuredmedia":[{"embeddable":true,"href":"https:\/\/www.rri.ro\/de\/wp-json\/wp\/v2\/media\/723386"}],"wp:attachment":[{"href":"https:\/\/www.rri.ro\/de\/wp-json\/wp\/v2\/media?parent=835618"}],"wp:term":[{"taxonomy":"category","embeddable":true,"href":"https:\/\/www.rri.ro\/de\/wp-json\/wp\/v2\/categories?post=835618"},{"taxonomy":"post_tag","embeddable":true,"href":"https:\/\/www.rri.ro\/de\/wp-json\/wp\/v2\/tags?post=835618"},{"taxonomy":"author","embeddable":true,"href":"https:\/\/www.rri.ro\/de\/wp-json\/wp\/v2\/coauthors?post=835618"}],"curies":[{"name":"wp","href":"https:\/\/api.w.org\/{rel}","templated":true}]}}