{"id":838353,"date":"2024-12-02T18:10:41","date_gmt":"2024-12-02T16:10:41","guid":{"rendered":"https:\/\/www.rri.ro\/?p=838353"},"modified":"2024-12-02T18:10:41","modified_gmt":"2024-12-02T16:10:41","slug":"nachrichten-02-12-2024","status":"publish","type":"post","link":"https:\/\/www.rri.ro\/de\/aktuell\/newsflash-de\/nachrichten-02-12-2024-id838353.html","title":{"rendered":"Nachrichten 02.12.2024"},"content":{"rendered":"<p>Das neue rum\u00e4nische Parlament wird sich aus 7 politischen Parteien zusammensetzen. Bei den Parlamentswahlen am Sonntag erhielt die regierende Sozialdemokratische Partei mit rund 22 % die meisten Stimmen, gefolgt von der souver\u00e4nistischen AUR-Partei mit rund 18 %, was einer Verdoppelung ihres Ergebnisses bei den letzten Wahlen vor vier Jahren entspricht. An dritter Stelle steht die Nationalliberale Partei, die ebenfalls seit vier Jahren an der Regierungskoalition beteiligt ist, mit rund 14 % der Stimmen, und an vierter Stelle steht die rechtsgerichtete Partei USR mit rund 12 %. Die 5 %-H\u00fcrde im Parlament haben auch die Demokratische Union der ethnischen Ungarn in Rum\u00e4nien, die extremistische Partei S.O.S. Romania unter F\u00fchrung der umstrittenen Europaabgeordneten Diana \u0218o\u0219oac\u0103 und die neu gegr\u00fcndete souver\u00e4nistische Junge Volkspartei (POT) geschafft. Die Wahlbeteiligung lag bei \u00fcber 52 % und war damit die h\u00f6chste in den letzten 20 Jahren. Au\u00dferhalb Rum\u00e4niens gaben rund 800 000 rum\u00e4nische Staatsangeh\u00f6rige ihre Stimme ab, dreimal mehr als bei der letzten Parlamentswahl.<\/p>\n<p>&nbsp;<\/p>\n<p>Das rum\u00e4nische Verfassungsgericht ist zusammengetreten, um zu entscheiden, ob die erste Runde der Pr\u00e4sidentschaftswahlen vom 24. November f\u00fcr g\u00fcltig erkl\u00e4rt oder annulliert werden soll. Am Donnerstag ordneten die Richter des Verfassungsgerichtshofs eine erneute Pr\u00fcfung und Ausz\u00e4hlung aller Stimmzettel an, nachdem sie eine Beschwerde erhalten hatten, wonach die f\u00fcr einen Kandidaten abgegebenen Stimmen, der sich in letzter Minute aus dem Rennen zur\u00fcckgezogen hatte, an einen anderen Kandidaten weitergeleitet worden waren. Am Montag \u00fcbermittelte das Zentrale Wahlb\u00fcro dem rum\u00e4nischen Verfassungsgericht das Protokoll der teilweisen Neuausz\u00e4hlung des ersten Wahlgangs. Demnach wurden die Stimmen aus allen Wahllokalen im Land, mit Ausnahme von 4 Wahllokalen in Dolj, und aus 161 Wahllokalen im Ausland von den 950 in der Diaspora organisierten Wahllokalen neu ausgez\u00e4hlt. Nach der teilweisen Neuausz\u00e4hlung liegt der PSD-Kandidat Marcel Ciolacu an zweiter Stelle hinter dem unabh\u00e4ngigen C\u0103lin Georgescu, der als prorussischer Extremist gilt, und der USR-Pr\u00e4sidentin Elena Lasconi an dritter Stelle. Die Platzierungen k\u00f6nnten sich \u00e4ndern, sobald die Stimmen aus der Diaspora ausgez\u00e4hlt sind.<\/p>\n<p>&nbsp;<\/p>\n<p>Der rum\u00e4nische Nationalfeiertag, der am 1. Dezember begangen wird, ist am Sonntag im ganzen Land mit Paraden, milit\u00e4rischen und religi\u00f6sen Zeremonien, Shows, k\u00fcnstlerischen Veranstaltungen und Feuerwerk gefeiert worden. Die traditionelle Parade fand in der Hauptstadt statt, an der \u00fcber 2 500 rum\u00e4nische und ausl\u00e4ndische Milit\u00e4rangeh\u00f6rige teilnahmen. Pr\u00e4sident Klaus Iohannis, der seinen letzten Nationalfeiertagsempfang als Staatsoberhaupt gab, sandte eine Botschaft der Einigkeit und Solidarit\u00e4t, um Krisen zu \u00fcberwinden und in W\u00fcrde voranzukommen.<\/p>\n<p>&nbsp;<\/p>\n<p>Die von Radio Rum\u00e4nien organisierte Buchmesse Gaudeamus findet vom 4. bis 8. Dezember statt. Die diesj\u00e4hrige Ausgabe hat den Schriftsteller Mircea C\u0103rt\u0103rescu als Ehrenvorsitzenden. Die offizielle Er\u00f6ffnung der 31. Ausgabe findet am Mittwoch, dem 4. Dezember, am Messestand von Radio Rum\u00e4nien statt. Die 200 Teilnehmer haben zu diesem Anlass Hunderte von Veranstaltungen vorbereitet.<\/p>\n<p>&nbsp;<\/p>\n<p>Die Arbeitslosenquote in der Eurozone lag im Oktober bei 6,3 % und blieb damit gegen\u00fcber dem Vormonat unver\u00e4ndert, w\u00e4hrend die Arbeitslosenquote in der Europ\u00e4ischen Union unver\u00e4ndert bei 5,9 % lag, wie aus den heute vom Europ\u00e4ischen Statistischen Amt (Eurostat) ver\u00f6ffentlichten Daten hervorgeht. In Rum\u00e4nien lag die Arbeitslosenquote im Oktober bei 5,6 % und damit um 0,2 Prozentpunkte niedriger als im September, wobei die Quote bei M\u00e4nnern um 0,8 Prozentpunkte h\u00f6her war als bei Frauen. Die niedrigsten Arbeitslosenquoten in der EU wurden in der Tschechischen Republik (2,6 %), Malta (3 %), Polen (3,1 %) und Deutschland (3,4 %) verzeichnet, w\u00e4hrend am anderen Ende der Skala die h\u00f6chsten Arbeitslosenquoten in Spanien (11,2 %) und Griechenland (9,8 %) zu finden waren.<\/p>\n<p>&nbsp;<\/p>\n<p>Die Exekutivvizepr\u00e4sidentin der Europ\u00e4ischen Kommission, Roxana M\u00eenzatu, nimmt am Montag an ihrer ersten Ratstagung mit den EU-Arbeitsministern teil. Auf der Tagesordnung steht die Praktikumsrichtlinie, in deren Rahmen die Mitgliedstaaten versuchen, eine L\u00f6sung zu finden, nach der junge Menschen f\u00fcr ihr Praktikum in einer Kampagne oder Einrichtung bezahlt werden k\u00f6nnen. Roxana M\u00eenzatu sagte, dass es viele Situationen gibt, in denen Arbeitgeber das Konzept von Lehrstellen und Praktika ausnutzen und junge Menschen f\u00fcr die von ihnen ben\u00f6tigten Stellen einsetzen, sie aber nicht bezahlen. Roxana M\u00eenzatu erhielt letzte Woche zusammen mit dem gesamten Team von Ursula von der Leyen das Vertrauensvotum des Europ\u00e4ischen Parlaments und wird in der neuen Europ\u00e4ischen Kommission f\u00fcr soziale Fragen und Krisenvorsorge zust\u00e4ndig sein.<\/p>\n<p>&nbsp;<\/p>\n<p>Der scheidende US-Pr\u00e4sident Joe Biden hat bekannt gegeben, dass er seinen 54-j\u00e4hrigen Sohn Hunter begnadigt hat, der des illegalen Besitzes einer Schusswaffe und der L\u00fcge gegen\u00fcber der Staatsanwaltschaft f\u00fcr schuldig befunden wurde und sich des Steuerbetrugs schuldig bekannte. Bei seinem Amtsantritt hatte Biden versprochen, sich nicht in die Entscheidungsfindung des Justizministeriums einzumischen. Jetzt sagt der Pr\u00e4sident, der am 25. Januar aus dem Amt scheidet, Hunter Biden sei selektiv und ungerecht verfolgt worden, nur weil er sein Sohn ist. Der designierte republikanische Pr\u00e4sident Donald Trump bezeichnete das Vorgehen als Missbrauch.<\/p>\n<p>&nbsp;<\/p>\n<p>Das Vereinigte K\u00f6nigreich wird seine humanit\u00e4re Hilfe f\u00fcr den Gazastreifen, wo die Lage \u201ekatastrophal\u201c ist, um 19 Millionen Pfund aufstocken, sagte die britische Ministerin f\u00fcr internationale Entwicklung, Anneliese Dodds, vor ihrer Reise nach Kairo zu einer Konferenz zu diesem Thema, berichtet AFP. Dodds sagte, die Menschen in Gaza br\u00e4uchten im Winter dringend Nahrungsmittel und Unterk\u00fcnfte, und die Konferenz in Kairo werde eine Gelegenheit sein, konkrete L\u00f6sungen f\u00fcr die humanit\u00e4re Krise zu finden. Dodds besteht darauf, dass Israel unverz\u00fcglich handeln muss, um den ungehinderten Zugang f\u00fcr humanit\u00e4re Hilfe nach Gaza zu gew\u00e4hrleisten, w\u00e4hrend internationale Hilfsorganisationen den israelischen Beh\u00f6rden vorwerfen, Hilfslieferungen nicht in ausreichender Zahl in das belagerte pal\u00e4stinensische Gebiet zu lassen. Nach Angaben der britischen Regierung hat das Vereinigte K\u00f6nigreich in diesem Jahr insgesamt 99 Mio. GBP an humanit\u00e4rer Hilfe f\u00fcr die pal\u00e4stinensischen Gebiete zugesagt.<\/p>\n","protected":false},"excerpt":{"rendered":"<p>Das neue rum\u00e4nische Parlament wird sich aus 7 politischen Parteien zusammensetzen. Bei den Parlamentswahlen am Sonntag erhielt die regierende Sozialdemokratische Partei mit rund 22 % die meisten Stimmen, gefolgt von der souver\u00e4nistischen AUR-Partei mit rund 18 %, was einer Verdoppelung ihres Ergebnisses bei den letzten Wahlen vor vier Jahren entspricht. An dritter Stelle steht die [&hellip;]<\/p>\n","protected":false},"author":113,"featured_media":723386,"comment_status":"closed","ping_status":"closed","sticky":false,"template":"","format":"standard","meta":{"_acf_changed":false,"footnotes":""},"categories":[116753],"tags":[117288,100572,101411,127566],"coauthors":[116091],"class_list":["post-838353","post","type-post","status-publish","format-standard","has-post-thumbnail","hentry","category-newsflash-de","tag-buchmesse-gaudeamus","tag-nationalfeiertag","tag-parlamentswahlen","tag-rumaenisches-verfassungsgericht"],"acf":[],"yoast_head":"<!-- This site is optimized with the Yoast SEO plugin v27.3 - https:\/\/yoast.com\/product\/yoast-seo-wordpress\/ -->\n<title>Nachrichten 02.12.2024 - Radio Rum\u00e4nien International<\/title>\n<meta name=\"robots\" content=\"index, follow, max-snippet:-1, max-image-preview:large, max-video-preview:-1\" \/>\n<link rel=\"canonical\" href=\"https:\/\/www.rri.ro\/de\/aktuell\/newsflash-de\/nachrichten-02-12-2024-id838353.html\" \/>\n<meta property=\"og:locale\" content=\"de_DE\" \/>\n<meta property=\"og:type\" content=\"article\" \/>\n<meta property=\"og:title\" content=\"Nachrichten 02.12.2024 - Radio Rum\u00e4nien International\" \/>\n<meta property=\"og:description\" content=\"Das neue rum\u00e4nische Parlament wird sich aus 7 politischen Parteien zusammensetzen. Bei den Parlamentswahlen am Sonntag erhielt die regierende Sozialdemokratische Partei mit rund 22 % die meisten Stimmen, gefolgt von der souver\u00e4nistischen AUR-Partei mit rund 18 %, was einer Verdoppelung ihres Ergebnisses bei den letzten Wahlen vor vier Jahren entspricht. An dritter Stelle steht die [&hellip;]\" \/>\n<meta property=\"og:url\" content=\"https:\/\/www.rri.ro\/de\/aktuell\/newsflash-de\/nachrichten-02-12-2024-id838353.html\" \/>\n<meta property=\"og:site_name\" content=\"Radio Rum\u00e4nien International\" \/>\n<meta property=\"article:published_time\" content=\"2024-12-02T16:10:41+00:00\" \/>\n<meta property=\"og:image\" content=\"https:\/\/www.rri.ro\/wp-content\/uploads\/2024\/03\/RRI-960x540-Nachrichten-2-NOU.jpg\" \/>\n\t<meta property=\"og:image:width\" content=\"960\" \/>\n\t<meta property=\"og:image:height\" content=\"540\" \/>\n\t<meta property=\"og:image:type\" content=\"image\/jpeg\" \/>\n<meta name=\"author\" content=\"Newsroom\" \/>\n<meta name=\"twitter:card\" content=\"summary_large_image\" \/>\n<meta name=\"twitter:label1\" content=\"Verfasst von\" \/>\n\t<meta name=\"twitter:data1\" content=\"Newsroom\" \/>\n\t<meta name=\"twitter:label2\" content=\"Gesch\u00e4tzte Lesezeit\" \/>\n\t<meta name=\"twitter:data2\" content=\"5\u00a0Minuten\" \/>\n\t<meta name=\"twitter:label3\" content=\"Written by\" \/>\n\t<meta name=\"twitter:data3\" content=\"Newsroom\" \/>\n<script type=\"application\/ld+json\" class=\"yoast-schema-graph\">{\"@context\":\"https:\\\/\\\/schema.org\",\"@graph\":[{\"@type\":\"Article\",\"@id\":\"https:\\\/\\\/www.rri.ro\\\/de\\\/aktuell\\\/newsflash-de\\\/nachrichten-02-12-2024-id838353.html#article\",\"isPartOf\":{\"@id\":\"https:\\\/\\\/www.rri.ro\\\/de\\\/aktuell\\\/newsflash-de\\\/nachrichten-02-12-2024-id838353.html\"},\"author\":{\"name\":\"Newsroom\",\"@id\":\"https:\\\/\\\/www.rri.ro\\\/#\\\/schema\\\/person\\\/4a479940371b9fdefd194f561e8a7f88\"},\"headline\":\"Nachrichten 02.12.2024\",\"datePublished\":\"2024-12-02T16:10:41+00:00\",\"mainEntityOfPage\":{\"@id\":\"https:\\\/\\\/www.rri.ro\\\/de\\\/aktuell\\\/newsflash-de\\\/nachrichten-02-12-2024-id838353.html\"},\"wordCount\":960,\"image\":{\"@id\":\"https:\\\/\\\/www.rri.ro\\\/de\\\/aktuell\\\/newsflash-de\\\/nachrichten-02-12-2024-id838353.html#primaryimage\"},\"thumbnailUrl\":\"https:\\\/\\\/www.rri.ro\\\/wp-content\\\/uploads\\\/2024\\\/03\\\/RRI-960x540-Nachrichten-2-NOU.jpg\",\"keywords\":[\"Buchmesse Gaudeamus\",\"Nationalfeiertag\",\"Parlamentswahlen\",\"rum\u00e4nisches Verfassungsgericht\"],\"articleSection\":[\"Newsflash\"],\"inLanguage\":\"de\"},{\"@type\":\"WebPage\",\"@id\":\"https:\\\/\\\/www.rri.ro\\\/de\\\/aktuell\\\/newsflash-de\\\/nachrichten-02-12-2024-id838353.html\",\"url\":\"https:\\\/\\\/www.rri.ro\\\/de\\\/aktuell\\\/newsflash-de\\\/nachrichten-02-12-2024-id838353.html\",\"name\":\"Nachrichten 02.12.2024 - Radio Rum\u00e4nien International\",\"isPartOf\":{\"@id\":\"https:\\\/\\\/www.rri.ro\\\/#website\"},\"primaryImageOfPage\":{\"@id\":\"https:\\\/\\\/www.rri.ro\\\/de\\\/aktuell\\\/newsflash-de\\\/nachrichten-02-12-2024-id838353.html#primaryimage\"},\"image\":{\"@id\":\"https:\\\/\\\/www.rri.ro\\\/de\\\/aktuell\\\/newsflash-de\\\/nachrichten-02-12-2024-id838353.html#primaryimage\"},\"thumbnailUrl\":\"https:\\\/\\\/www.rri.ro\\\/wp-content\\\/uploads\\\/2024\\\/03\\\/RRI-960x540-Nachrichten-2-NOU.jpg\",\"datePublished\":\"2024-12-02T16:10:41+00:00\",\"author\":{\"@id\":\"https:\\\/\\\/www.rri.ro\\\/#\\\/schema\\\/person\\\/4a479940371b9fdefd194f561e8a7f88\"},\"breadcrumb\":{\"@id\":\"https:\\\/\\\/www.rri.ro\\\/de\\\/aktuell\\\/newsflash-de\\\/nachrichten-02-12-2024-id838353.html#breadcrumb\"},\"inLanguage\":\"de\",\"potentialAction\":[{\"@type\":\"ReadAction\",\"target\":[\"https:\\\/\\\/www.rri.ro\\\/de\\\/aktuell\\\/newsflash-de\\\/nachrichten-02-12-2024-id838353.html\"]}]},{\"@type\":\"ImageObject\",\"inLanguage\":\"de\",\"@id\":\"https:\\\/\\\/www.rri.ro\\\/de\\\/aktuell\\\/newsflash-de\\\/nachrichten-02-12-2024-id838353.html#primaryimage\",\"url\":\"https:\\\/\\\/www.rri.ro\\\/wp-content\\\/uploads\\\/2024\\\/03\\\/RRI-960x540-Nachrichten-2-NOU.jpg\",\"contentUrl\":\"https:\\\/\\\/www.rri.ro\\\/wp-content\\\/uploads\\\/2024\\\/03\\\/RRI-960x540-Nachrichten-2-NOU.jpg\",\"width\":960,\"height\":540},{\"@type\":\"BreadcrumbList\",\"@id\":\"https:\\\/\\\/www.rri.ro\\\/de\\\/aktuell\\\/newsflash-de\\\/nachrichten-02-12-2024-id838353.html#breadcrumb\",\"itemListElement\":[{\"@type\":\"ListItem\",\"position\":1,\"name\":\"Startseite\",\"item\":\"https:\\\/\\\/www.rri.ro\\\/de\"},{\"@type\":\"ListItem\",\"position\":2,\"name\":\"Aktuell\",\"item\":\"https:\\\/\\\/www.rri.ro\\\/de\\\/aktuell\"},{\"@type\":\"ListItem\",\"position\":3,\"name\":\"Newsflash\",\"item\":\"https:\\\/\\\/www.rri.ro\\\/de\\\/aktuell\\\/newsflash-de\"},{\"@type\":\"ListItem\",\"position\":4,\"name\":\"Nachrichten 02.12.2024\"}]},{\"@type\":\"WebSite\",\"@id\":\"https:\\\/\\\/www.rri.ro\\\/#website\",\"url\":\"https:\\\/\\\/www.rri.ro\\\/\",\"name\":\"Radio Rum\u00e4nien International\",\"description\":\"Totul despre Rom\u00e2nia \u015fi rom\u00e2ni, \u00een 13 limbi\\\/dialecte!\",\"inLanguage\":\"de\"},{\"@type\":\"Person\",\"@id\":\"https:\\\/\\\/www.rri.ro\\\/#\\\/schema\\\/person\\\/4a479940371b9fdefd194f561e8a7f88\",\"name\":\"Newsroom\",\"url\":\"https:\\\/\\\/www.rri.ro\\\/de\\\/author\\\/newsroom\"}]}<\/script>\n<!-- \/ Yoast SEO plugin. -->","yoast_head_json":{"title":"Nachrichten 02.12.2024 - Radio Rum\u00e4nien International","robots":{"index":"index","follow":"follow","max-snippet":"max-snippet:-1","max-image-preview":"max-image-preview:large","max-video-preview":"max-video-preview:-1"},"canonical":"https:\/\/www.rri.ro\/de\/aktuell\/newsflash-de\/nachrichten-02-12-2024-id838353.html","og_locale":"de_DE","og_type":"article","og_title":"Nachrichten 02.12.2024 - Radio Rum\u00e4nien International","og_description":"Das neue rum\u00e4nische Parlament wird sich aus 7 politischen Parteien zusammensetzen. Bei den Parlamentswahlen am Sonntag erhielt die regierende Sozialdemokratische Partei mit rund 22 % die meisten Stimmen, gefolgt von der souver\u00e4nistischen AUR-Partei mit rund 18 %, was einer Verdoppelung ihres Ergebnisses bei den letzten Wahlen vor vier Jahren entspricht. An dritter Stelle steht die [&hellip;]","og_url":"https:\/\/www.rri.ro\/de\/aktuell\/newsflash-de\/nachrichten-02-12-2024-id838353.html","og_site_name":"Radio Rum\u00e4nien International","article_published_time":"2024-12-02T16:10:41+00:00","og_image":[{"width":960,"height":540,"url":"https:\/\/www.rri.ro\/wp-content\/uploads\/2024\/03\/RRI-960x540-Nachrichten-2-NOU.jpg","type":"image\/jpeg"}],"author":"Newsroom","twitter_card":"summary_large_image","twitter_misc":{"Verfasst von":"Newsroom","Gesch\u00e4tzte Lesezeit":"5\u00a0Minuten","Written by":"Newsroom"},"schema":{"@context":"https:\/\/schema.org","@graph":[{"@type":"Article","@id":"https:\/\/www.rri.ro\/de\/aktuell\/newsflash-de\/nachrichten-02-12-2024-id838353.html#article","isPartOf":{"@id":"https:\/\/www.rri.ro\/de\/aktuell\/newsflash-de\/nachrichten-02-12-2024-id838353.html"},"author":{"name":"Newsroom","@id":"https:\/\/www.rri.ro\/#\/schema\/person\/4a479940371b9fdefd194f561e8a7f88"},"headline":"Nachrichten 02.12.2024","datePublished":"2024-12-02T16:10:41+00:00","mainEntityOfPage":{"@id":"https:\/\/www.rri.ro\/de\/aktuell\/newsflash-de\/nachrichten-02-12-2024-id838353.html"},"wordCount":960,"image":{"@id":"https:\/\/www.rri.ro\/de\/aktuell\/newsflash-de\/nachrichten-02-12-2024-id838353.html#primaryimage"},"thumbnailUrl":"https:\/\/www.rri.ro\/wp-content\/uploads\/2024\/03\/RRI-960x540-Nachrichten-2-NOU.jpg","keywords":["Buchmesse Gaudeamus","Nationalfeiertag","Parlamentswahlen","rum\u00e4nisches Verfassungsgericht"],"articleSection":["Newsflash"],"inLanguage":"de"},{"@type":"WebPage","@id":"https:\/\/www.rri.ro\/de\/aktuell\/newsflash-de\/nachrichten-02-12-2024-id838353.html","url":"https:\/\/www.rri.ro\/de\/aktuell\/newsflash-de\/nachrichten-02-12-2024-id838353.html","name":"Nachrichten 02.12.2024 - Radio Rum\u00e4nien International","isPartOf":{"@id":"https:\/\/www.rri.ro\/#website"},"primaryImageOfPage":{"@id":"https:\/\/www.rri.ro\/de\/aktuell\/newsflash-de\/nachrichten-02-12-2024-id838353.html#primaryimage"},"image":{"@id":"https:\/\/www.rri.ro\/de\/aktuell\/newsflash-de\/nachrichten-02-12-2024-id838353.html#primaryimage"},"thumbnailUrl":"https:\/\/www.rri.ro\/wp-content\/uploads\/2024\/03\/RRI-960x540-Nachrichten-2-NOU.jpg","datePublished":"2024-12-02T16:10:41+00:00","author":{"@id":"https:\/\/www.rri.ro\/#\/schema\/person\/4a479940371b9fdefd194f561e8a7f88"},"breadcrumb":{"@id":"https:\/\/www.rri.ro\/de\/aktuell\/newsflash-de\/nachrichten-02-12-2024-id838353.html#breadcrumb"},"inLanguage":"de","potentialAction":[{"@type":"ReadAction","target":["https:\/\/www.rri.ro\/de\/aktuell\/newsflash-de\/nachrichten-02-12-2024-id838353.html"]}]},{"@type":"ImageObject","inLanguage":"de","@id":"https:\/\/www.rri.ro\/de\/aktuell\/newsflash-de\/nachrichten-02-12-2024-id838353.html#primaryimage","url":"https:\/\/www.rri.ro\/wp-content\/uploads\/2024\/03\/RRI-960x540-Nachrichten-2-NOU.jpg","contentUrl":"https:\/\/www.rri.ro\/wp-content\/uploads\/2024\/03\/RRI-960x540-Nachrichten-2-NOU.jpg","width":960,"height":540},{"@type":"BreadcrumbList","@id":"https:\/\/www.rri.ro\/de\/aktuell\/newsflash-de\/nachrichten-02-12-2024-id838353.html#breadcrumb","itemListElement":[{"@type":"ListItem","position":1,"name":"Startseite","item":"https:\/\/www.rri.ro\/de"},{"@type":"ListItem","position":2,"name":"Aktuell","item":"https:\/\/www.rri.ro\/de\/aktuell"},{"@type":"ListItem","position":3,"name":"Newsflash","item":"https:\/\/www.rri.ro\/de\/aktuell\/newsflash-de"},{"@type":"ListItem","position":4,"name":"Nachrichten 02.12.2024"}]},{"@type":"WebSite","@id":"https:\/\/www.rri.ro\/#website","url":"https:\/\/www.rri.ro\/","name":"Radio Rum\u00e4nien International","description":"Totul despre Rom\u00e2nia \u015fi rom\u00e2ni, \u00een 13 limbi\/dialecte!","inLanguage":"de"},{"@type":"Person","@id":"https:\/\/www.rri.ro\/#\/schema\/person\/4a479940371b9fdefd194f561e8a7f88","name":"Newsroom","url":"https:\/\/www.rri.ro\/de\/author\/newsroom"}]}},"_links":{"self":[{"href":"https:\/\/www.rri.ro\/de\/wp-json\/wp\/v2\/posts\/838353","targetHints":{"allow":["GET"]}}],"collection":[{"href":"https:\/\/www.rri.ro\/de\/wp-json\/wp\/v2\/posts"}],"about":[{"href":"https:\/\/www.rri.ro\/de\/wp-json\/wp\/v2\/types\/post"}],"author":[{"embeddable":true,"href":"https:\/\/www.rri.ro\/de\/wp-json\/wp\/v2\/users\/113"}],"replies":[{"embeddable":true,"href":"https:\/\/www.rri.ro\/de\/wp-json\/wp\/v2\/comments?post=838353"}],"version-history":[{"count":0,"href":"https:\/\/www.rri.ro\/de\/wp-json\/wp\/v2\/posts\/838353\/revisions"}],"wp:featuredmedia":[{"embeddable":true,"href":"https:\/\/www.rri.ro\/de\/wp-json\/wp\/v2\/media\/723386"}],"wp:attachment":[{"href":"https:\/\/www.rri.ro\/de\/wp-json\/wp\/v2\/media?parent=838353"}],"wp:term":[{"taxonomy":"category","embeddable":true,"href":"https:\/\/www.rri.ro\/de\/wp-json\/wp\/v2\/categories?post=838353"},{"taxonomy":"post_tag","embeddable":true,"href":"https:\/\/www.rri.ro\/de\/wp-json\/wp\/v2\/tags?post=838353"},{"taxonomy":"author","embeddable":true,"href":"https:\/\/www.rri.ro\/de\/wp-json\/wp\/v2\/coauthors?post=838353"}],"curies":[{"name":"wp","href":"https:\/\/api.w.org\/{rel}","templated":true}]}}