{"id":846470,"date":"2024-12-26T13:41:06","date_gmt":"2024-12-26T11:41:06","guid":{"rendered":"https:\/\/www.rri.ro\/?p=846470"},"modified":"2024-12-27T13:45:10","modified_gmt":"2024-12-27T11:45:10","slug":"nachrichten-26-12-2024","status":"publish","type":"post","link":"https:\/\/www.rri.ro\/de\/aktuell\/newsflash-de\/nachrichten-26-12-2024-id846470.html","title":{"rendered":"Nachrichten 26.12.2024"},"content":{"rendered":"<div>F\u00fcr die orthodoxen Christen des Neuen Ritus, die griechischen Katholiken und die Katholiken in aller Welt, auch in Rum\u00e4nien mit seiner mehrheitlich orthodoxen Bev\u00f6lkerung, ist der 26. Dezember der zweite Weihnachtstag, das Fest der Geburt Christi, eines der gr\u00f6\u00dften Feste der Christenheit. Am 26. Dezember feiert die orthodoxe Kirche das Hochfest der heiligen Gottesmutter Maria, eines der \u00e4ltesten Feste zu Ehren der Jungfrau Maria. Das Fest wurde vor 1.500 Jahren eingef\u00fchrt. Weihnachten ist ein Fest der Gro\u00dfz\u00fcgigkeit und des Mitgef\u00fchls, der Wiederbelebung der Hoffnung auf eine bessere Zukunft, schrieb Pr\u00e4sident Klaus Iohannis in einem sozialen Netzwerk. Weihnachten ist ein Fest der Freude, und der wahre Glaube ist derjenige, der durch die Liebe wirkt, so der Patriarch der Rum\u00e4nisch-Orthodoxen Kirche, Daniel. Im Vatikan hat Papst Franziskus einen neuen Aufruf zum Frieden in der Ukraine und im Nahen Osten ver\u00f6ffentlicht. Die orthodoxen Gl\u00e4ubigen des Alten Ritus, die in Russland, der Ukraine, Serbien und Georgien die Mehrheit bilden, feiern Weihnachten am 7. Januar.<\/div>\n<div><\/div>\n<div><\/div>\n<div><\/div>\n<div>Eine der Priorit\u00e4ten der neuen rum\u00e4nischen Regierung ist die Aufstellung des Haushaltsplans f\u00fcr das kommende Jahr, was gleichzeitig die gr\u00f6\u00dfte Schwierigkeit bei den angenommenen Bem\u00fchungen um eine Reduzierung der Ausgaben zu sein scheint. Der Haushaltsentwurf st\u00fctzt sich auf eine neue Dringlichkeitsverordnung \u00fcber steuerliche und haushaltspolitische Ma\u00dfnahmen, die in den n\u00e4chsten Tagen verabschiedet werden soll. Darin ist ein gro\u00dfer Teil der unpopul\u00e4ren Ma\u00dfnahmen enthalten, die die Regierung umsetzen muss, um das Defizit zu verringern. Einige der Ma\u00dfnahmen sind das Einfrieren von Geh\u00e4ltern und Renten im Jahr 2025 oder die Besteuerung von gro\u00dfen Verm\u00f6gen. Die Amtseinf\u00fchrung der neuen Regierung in Bukarest, die sich aus der PSD-PNL-UDMR zusammensetzt, sei ein positives Signal an die rum\u00e4nischen Gesch\u00e4ftsleute und an ausl\u00e4ndische Investoren, so der Premierminister und sozialdemokratische Vorsitzende Marcel Ciolacu.<\/div>\n<div><\/div>\n<div><\/div>\n<div><\/div>\n<div>Ab dem 1. Januar 2025, wenn Rum\u00e4nien dem Schengen-Freihandelsraum auch mit Landgrenzen beitritt, werden 33 Grenz\u00fcbergangsstellen zu Ungarn und Bulgarien sowie zum Schwarzen Meer und zur maritimen Donau dauerhaft geschlossen, n\u00e4mlich 17 Stra\u00dfen- und Bahn\u00fcbergangsstellen an der Westgrenze Rum\u00e4niens zu Ungarn und 14 Stra\u00dfen\u00fcbergangsstellen, einschlie\u00dflich F\u00e4hr\u00fcberg\u00e4ngen, Bahn- und Hafen\u00fcbergangsstellen an der Grenze zu Bulgarien und zwei Hafen\u00fcbergangsstellen von Br\u0103ila und Cernavod\u0103. Das Innenministerium hat den Entwurf eines diesbez\u00fcglichen Regierungsbeschlusses zur Diskussion gestellt. Ab Anfang 2025 wird es an den Grenz\u00fcberg\u00e4ngen zu Ungarn und Bulgarien keine Kontrollen mehr geben. Solche Kontrollen werden nur noch stichprobenartig und auf der Grundlage von Risikoanalysen durchgef\u00fchrt. Die Aufhebung der Kontrollen an den Landgrenzen erfolgt nach dem so genannten Teilbeitritt Rum\u00e4niens und Bulgariens zum Schengen-Raum, der Ende M\u00e4rz erfolgte, als sie dem Raum nur an den Luft- und Seegrenzen beitraten.<\/div>\n<div><\/div>\n<div><\/div>\n<div><\/div>\n<div>Anfang dieser Woche hat Rum\u00e4nien \u00fcber 37 Millionen Euro von der Europ\u00e4ischen Kommission als Teil des zweiten Zahlungsantrags des nationalen Wiederaufbau- und Widerstandsf\u00e4higkeitsplans nach der COVID-19-Pandemie erhalten. Bislang hat Rum\u00e4nien 9,4 Milliarden Euro von insgesamt \u00fcber 28,5 Milliarden Euro erhalten. Mitte Dezember \u00fcbermittelte die rum\u00e4nische Regierung der Europ\u00e4ischen Kommission den dritten Zahlungsantrag, der eine Finanzierung von 2,7 Milliarden Euro vorsieht. Das Geld wird in Form von Zusch\u00fcssen gew\u00e4hrt, und im Gegenzug muss eine Reihe von Reformen durchgef\u00fchrt werden.<\/div>\n<div><\/div>\n<div><\/div>\n<div><\/div>\n<div>Das russische Au\u00dfenministerium hat am Mittwoch die NATO beschuldigt, die Republik Moldau zu einem Logistikzentrum f\u00fcr die Versorgung der ukrainischen Armee machen zu wollen und zu versuchen, ihre milit\u00e4rische Infrastruktur n\u00e4her an Russland heranzuf\u00fchren. Maria Zaharova, die Sprecherin des Ministeriums, sagte, dass die Mehrheit der Bev\u00f6lkerung der Republik Moldau (\u00fcberwiegend rum\u00e4nischsprachig) dem Milit\u00e4rb\u00fcndnis nicht beitreten wolle. Sie verwies auf die umfangreichen Waffenlieferungen an die Republik Moldau in den letzten Monaten und auf die pro-westlichen Ansichten von Maia Sandu. In Bukarest begl\u00fcckw\u00fcnschte Pr\u00e4sident Klaus Iohannis Maia Sandu zur \u00dcbernahme ihrer zweiten Amtszeit. Rum\u00e4nien und die Republik Moldau werden sich weiterhin f\u00fcr Wohlstand, Stabilit\u00e4t, europ\u00e4ische Werte, Widerstandsf\u00e4higkeit und Demokratie einsetzen, sagte Klaus Iohannis. Am 24. Dezember wurde Maia Sandu offiziell in ihr Amt als Pr\u00e4sidentin der Republik Moldau eingef\u00fchrt. In ihrer Rede betonte sie, dass die europ\u00e4ische Integration und die Justizreform auch in ihrer zweiten Amtszeit die wichtigsten Ziele seien. Trotz der regionalen und globalen Krisen, die durch die Pandemie, den Krieg in der Ukraine, \u00e4u\u00dfere Bedrohungen und die Energieerpressung durch den Kreml verursacht wurden, sei es der Republik Moldau gelungen, den Frieden zu bewahren und auf dem europ\u00e4ischen Weg voranzukommen, sagte sie. Maia Sandu ist die erste Frau in diesem Amt und die erste in direkter Wahl gew\u00e4hlte Pr\u00e4sidentin, die zwei Mandate erhielt.<\/div>\n","protected":false},"excerpt":{"rendered":"<p>F\u00fcr die orthodoxen Christen des Neuen Ritus, die griechischen Katholiken und die Katholiken in aller Welt, auch in Rum\u00e4nien mit seiner mehrheitlich orthodoxen Bev\u00f6lkerung, ist der 26. Dezember der zweite Weihnachtstag, das Fest der Geburt Christi, eines der gr\u00f6\u00dften Feste der Christenheit. Am 26. Dezember feiert die orthodoxe Kirche das Hochfest der heiligen Gottesmutter Maria, [&hellip;]<\/p>\n","protected":false},"author":113,"featured_media":0,"comment_status":"closed","ping_status":"closed","sticky":false,"template":"","format":"standard","meta":{"_acf_changed":false,"footnotes":""},"categories":[116753],"tags":[100359,156690,100115,99824,145202,100765,160783],"coauthors":[116091,113301],"class_list":["post-846470","post","type-post","status-publish","format-standard","hentry","category-newsflash-de","tag-haushaltsplan","tag-pnrr-de","tag-republik-moldau","tag-russland","tag-schengen-de","tag-weihnachten","tag-wiederaufbau-und-widerstandsfaehigkeit"],"acf":[],"yoast_head":"<!-- This site is optimized with the Yoast SEO plugin v27.3 - https:\/\/yoast.com\/product\/yoast-seo-wordpress\/ -->\n<title>Nachrichten 26.12.2024 - Radio Rum\u00e4nien International<\/title>\n<meta name=\"robots\" content=\"index, follow, max-snippet:-1, max-image-preview:large, max-video-preview:-1\" \/>\n<link rel=\"canonical\" href=\"https:\/\/www.rri.ro\/de\/aktuell\/newsflash-de\/nachrichten-26-12-2024-id846470.html\" \/>\n<meta property=\"og:locale\" content=\"de_DE\" \/>\n<meta property=\"og:type\" content=\"article\" \/>\n<meta property=\"og:title\" content=\"Nachrichten 26.12.2024 - Radio Rum\u00e4nien International\" \/>\n<meta property=\"og:description\" content=\"F\u00fcr die orthodoxen Christen des Neuen Ritus, die griechischen Katholiken und die Katholiken in aller Welt, auch in Rum\u00e4nien mit seiner mehrheitlich orthodoxen Bev\u00f6lkerung, ist der 26. Dezember der zweite Weihnachtstag, das Fest der Geburt Christi, eines der gr\u00f6\u00dften Feste der Christenheit. Am 26. Dezember feiert die orthodoxe Kirche das Hochfest der heiligen Gottesmutter Maria, [&hellip;]\" \/>\n<meta property=\"og:url\" content=\"https:\/\/www.rri.ro\/de\/aktuell\/newsflash-de\/nachrichten-26-12-2024-id846470.html\" \/>\n<meta property=\"og:site_name\" content=\"Radio Rum\u00e4nien International\" \/>\n<meta property=\"article:published_time\" content=\"2024-12-26T11:41:06+00:00\" \/>\n<meta property=\"article:modified_time\" content=\"2024-12-27T11:45:10+00:00\" \/>\n<meta name=\"author\" content=\"Newsroom, Florin Lungu\" \/>\n<meta name=\"twitter:card\" content=\"summary_large_image\" \/>\n<meta name=\"twitter:label1\" content=\"Verfasst von\" \/>\n\t<meta name=\"twitter:data1\" content=\"Newsroom\" \/>\n\t<meta name=\"twitter:label2\" content=\"Gesch\u00e4tzte Lesezeit\" \/>\n\t<meta name=\"twitter:data2\" content=\"4\u00a0Minuten\" \/>\n\t<meta name=\"twitter:label3\" content=\"Written by\" \/>\n\t<meta name=\"twitter:data3\" content=\"Newsroom, Florin Lungu\" \/>\n<script type=\"application\/ld+json\" class=\"yoast-schema-graph\">{\"@context\":\"https:\\\/\\\/schema.org\",\"@graph\":[{\"@type\":\"Article\",\"@id\":\"https:\\\/\\\/www.rri.ro\\\/de\\\/aktuell\\\/newsflash-de\\\/nachrichten-26-12-2024-id846470.html#article\",\"isPartOf\":{\"@id\":\"https:\\\/\\\/www.rri.ro\\\/de\\\/aktuell\\\/newsflash-de\\\/nachrichten-26-12-2024-id846470.html\"},\"author\":{\"name\":\"Newsroom\",\"@id\":\"https:\\\/\\\/www.rri.ro\\\/#\\\/schema\\\/person\\\/4a479940371b9fdefd194f561e8a7f88\"},\"headline\":\"Nachrichten 26.12.2024\",\"datePublished\":\"2024-12-26T11:41:06+00:00\",\"dateModified\":\"2024-12-27T11:45:10+00:00\",\"mainEntityOfPage\":{\"@id\":\"https:\\\/\\\/www.rri.ro\\\/de\\\/aktuell\\\/newsflash-de\\\/nachrichten-26-12-2024-id846470.html\"},\"wordCount\":780,\"keywords\":[\"Haushaltsplan\",\"PNRR\",\"Republik Moldau\",\"Russland\",\"Schengen\",\"Weihnachten\",\"Wiederaufbau- und Widerstandsf\u00e4higkeit\"],\"articleSection\":[\"Newsflash\"],\"inLanguage\":\"de\"},{\"@type\":\"WebPage\",\"@id\":\"https:\\\/\\\/www.rri.ro\\\/de\\\/aktuell\\\/newsflash-de\\\/nachrichten-26-12-2024-id846470.html\",\"url\":\"https:\\\/\\\/www.rri.ro\\\/de\\\/aktuell\\\/newsflash-de\\\/nachrichten-26-12-2024-id846470.html\",\"name\":\"Nachrichten 26.12.2024 - Radio Rum\u00e4nien International\",\"isPartOf\":{\"@id\":\"https:\\\/\\\/www.rri.ro\\\/#website\"},\"datePublished\":\"2024-12-26T11:41:06+00:00\",\"dateModified\":\"2024-12-27T11:45:10+00:00\",\"author\":{\"@id\":\"https:\\\/\\\/www.rri.ro\\\/#\\\/schema\\\/person\\\/4a479940371b9fdefd194f561e8a7f88\"},\"breadcrumb\":{\"@id\":\"https:\\\/\\\/www.rri.ro\\\/de\\\/aktuell\\\/newsflash-de\\\/nachrichten-26-12-2024-id846470.html#breadcrumb\"},\"inLanguage\":\"de\",\"potentialAction\":[{\"@type\":\"ReadAction\",\"target\":[\"https:\\\/\\\/www.rri.ro\\\/de\\\/aktuell\\\/newsflash-de\\\/nachrichten-26-12-2024-id846470.html\"]}]},{\"@type\":\"BreadcrumbList\",\"@id\":\"https:\\\/\\\/www.rri.ro\\\/de\\\/aktuell\\\/newsflash-de\\\/nachrichten-26-12-2024-id846470.html#breadcrumb\",\"itemListElement\":[{\"@type\":\"ListItem\",\"position\":1,\"name\":\"Startseite\",\"item\":\"https:\\\/\\\/www.rri.ro\\\/de\"},{\"@type\":\"ListItem\",\"position\":2,\"name\":\"Aktuell\",\"item\":\"https:\\\/\\\/www.rri.ro\\\/de\\\/aktuell\"},{\"@type\":\"ListItem\",\"position\":3,\"name\":\"Newsflash\",\"item\":\"https:\\\/\\\/www.rri.ro\\\/de\\\/aktuell\\\/newsflash-de\"},{\"@type\":\"ListItem\",\"position\":4,\"name\":\"Nachrichten 26.12.2024\"}]},{\"@type\":\"WebSite\",\"@id\":\"https:\\\/\\\/www.rri.ro\\\/#website\",\"url\":\"https:\\\/\\\/www.rri.ro\\\/\",\"name\":\"Radio Rum\u00e4nien International\",\"description\":\"Totul despre Rom\u00e2nia \u015fi rom\u00e2ni, \u00een 13 limbi\\\/dialecte!\",\"inLanguage\":\"de\"},{\"@type\":\"Person\",\"@id\":\"https:\\\/\\\/www.rri.ro\\\/#\\\/schema\\\/person\\\/4a479940371b9fdefd194f561e8a7f88\",\"name\":\"Newsroom\",\"url\":\"https:\\\/\\\/www.rri.ro\\\/de\\\/author\\\/newsroom\"}]}<\/script>\n<!-- \/ Yoast SEO plugin. -->","yoast_head_json":{"title":"Nachrichten 26.12.2024 - Radio Rum\u00e4nien International","robots":{"index":"index","follow":"follow","max-snippet":"max-snippet:-1","max-image-preview":"max-image-preview:large","max-video-preview":"max-video-preview:-1"},"canonical":"https:\/\/www.rri.ro\/de\/aktuell\/newsflash-de\/nachrichten-26-12-2024-id846470.html","og_locale":"de_DE","og_type":"article","og_title":"Nachrichten 26.12.2024 - Radio Rum\u00e4nien International","og_description":"F\u00fcr die orthodoxen Christen des Neuen Ritus, die griechischen Katholiken und die Katholiken in aller Welt, auch in Rum\u00e4nien mit seiner mehrheitlich orthodoxen Bev\u00f6lkerung, ist der 26. Dezember der zweite Weihnachtstag, das Fest der Geburt Christi, eines der gr\u00f6\u00dften Feste der Christenheit. Am 26. Dezember feiert die orthodoxe Kirche das Hochfest der heiligen Gottesmutter Maria, [&hellip;]","og_url":"https:\/\/www.rri.ro\/de\/aktuell\/newsflash-de\/nachrichten-26-12-2024-id846470.html","og_site_name":"Radio Rum\u00e4nien International","article_published_time":"2024-12-26T11:41:06+00:00","article_modified_time":"2024-12-27T11:45:10+00:00","author":"Newsroom, Florin Lungu","twitter_card":"summary_large_image","twitter_misc":{"Verfasst von":"Newsroom","Gesch\u00e4tzte Lesezeit":"4\u00a0Minuten","Written by":"Newsroom, Florin Lungu"},"schema":{"@context":"https:\/\/schema.org","@graph":[{"@type":"Article","@id":"https:\/\/www.rri.ro\/de\/aktuell\/newsflash-de\/nachrichten-26-12-2024-id846470.html#article","isPartOf":{"@id":"https:\/\/www.rri.ro\/de\/aktuell\/newsflash-de\/nachrichten-26-12-2024-id846470.html"},"author":{"name":"Newsroom","@id":"https:\/\/www.rri.ro\/#\/schema\/person\/4a479940371b9fdefd194f561e8a7f88"},"headline":"Nachrichten 26.12.2024","datePublished":"2024-12-26T11:41:06+00:00","dateModified":"2024-12-27T11:45:10+00:00","mainEntityOfPage":{"@id":"https:\/\/www.rri.ro\/de\/aktuell\/newsflash-de\/nachrichten-26-12-2024-id846470.html"},"wordCount":780,"keywords":["Haushaltsplan","PNRR","Republik Moldau","Russland","Schengen","Weihnachten","Wiederaufbau- und Widerstandsf\u00e4higkeit"],"articleSection":["Newsflash"],"inLanguage":"de"},{"@type":"WebPage","@id":"https:\/\/www.rri.ro\/de\/aktuell\/newsflash-de\/nachrichten-26-12-2024-id846470.html","url":"https:\/\/www.rri.ro\/de\/aktuell\/newsflash-de\/nachrichten-26-12-2024-id846470.html","name":"Nachrichten 26.12.2024 - Radio Rum\u00e4nien International","isPartOf":{"@id":"https:\/\/www.rri.ro\/#website"},"datePublished":"2024-12-26T11:41:06+00:00","dateModified":"2024-12-27T11:45:10+00:00","author":{"@id":"https:\/\/www.rri.ro\/#\/schema\/person\/4a479940371b9fdefd194f561e8a7f88"},"breadcrumb":{"@id":"https:\/\/www.rri.ro\/de\/aktuell\/newsflash-de\/nachrichten-26-12-2024-id846470.html#breadcrumb"},"inLanguage":"de","potentialAction":[{"@type":"ReadAction","target":["https:\/\/www.rri.ro\/de\/aktuell\/newsflash-de\/nachrichten-26-12-2024-id846470.html"]}]},{"@type":"BreadcrumbList","@id":"https:\/\/www.rri.ro\/de\/aktuell\/newsflash-de\/nachrichten-26-12-2024-id846470.html#breadcrumb","itemListElement":[{"@type":"ListItem","position":1,"name":"Startseite","item":"https:\/\/www.rri.ro\/de"},{"@type":"ListItem","position":2,"name":"Aktuell","item":"https:\/\/www.rri.ro\/de\/aktuell"},{"@type":"ListItem","position":3,"name":"Newsflash","item":"https:\/\/www.rri.ro\/de\/aktuell\/newsflash-de"},{"@type":"ListItem","position":4,"name":"Nachrichten 26.12.2024"}]},{"@type":"WebSite","@id":"https:\/\/www.rri.ro\/#website","url":"https:\/\/www.rri.ro\/","name":"Radio Rum\u00e4nien International","description":"Totul despre Rom\u00e2nia \u015fi rom\u00e2ni, \u00een 13 limbi\/dialecte!","inLanguage":"de"},{"@type":"Person","@id":"https:\/\/www.rri.ro\/#\/schema\/person\/4a479940371b9fdefd194f561e8a7f88","name":"Newsroom","url":"https:\/\/www.rri.ro\/de\/author\/newsroom"}]}},"_links":{"self":[{"href":"https:\/\/www.rri.ro\/de\/wp-json\/wp\/v2\/posts\/846470","targetHints":{"allow":["GET"]}}],"collection":[{"href":"https:\/\/www.rri.ro\/de\/wp-json\/wp\/v2\/posts"}],"about":[{"href":"https:\/\/www.rri.ro\/de\/wp-json\/wp\/v2\/types\/post"}],"author":[{"embeddable":true,"href":"https:\/\/www.rri.ro\/de\/wp-json\/wp\/v2\/users\/113"}],"replies":[{"embeddable":true,"href":"https:\/\/www.rri.ro\/de\/wp-json\/wp\/v2\/comments?post=846470"}],"version-history":[{"count":0,"href":"https:\/\/www.rri.ro\/de\/wp-json\/wp\/v2\/posts\/846470\/revisions"}],"wp:attachment":[{"href":"https:\/\/www.rri.ro\/de\/wp-json\/wp\/v2\/media?parent=846470"}],"wp:term":[{"taxonomy":"category","embeddable":true,"href":"https:\/\/www.rri.ro\/de\/wp-json\/wp\/v2\/categories?post=846470"},{"taxonomy":"post_tag","embeddable":true,"href":"https:\/\/www.rri.ro\/de\/wp-json\/wp\/v2\/tags?post=846470"},{"taxonomy":"author","embeddable":true,"href":"https:\/\/www.rri.ro\/de\/wp-json\/wp\/v2\/coauthors?post=846470"}],"curies":[{"name":"wp","href":"https:\/\/api.w.org\/{rel}","templated":true}]}}