{"id":847386,"date":"2025-01-01T10:58:14","date_gmt":"2025-01-01T08:58:14","guid":{"rendered":"https:\/\/www.rri.ro\/?p=847386"},"modified":"2024-12-31T11:02:59","modified_gmt":"2024-12-31T09:02:59","slug":"rri-publikum-waehlt-elon-musk-zur-persoenlichkeit-des-jahres-2024","status":"publish","type":"post","link":"https:\/\/www.rri.ro\/de\/aktuell\/rri-aktuell\/rri-publikum-waehlt-elon-musk-zur-persoenlichkeit-des-jahres-2024-id847386.html","title":{"rendered":"RRI: Publikum w\u00e4hlt Elon Musk zur Pers\u00f6nlichkeit des Jahres 2024"},"content":{"rendered":"<p>RRI hat seine traditionelle Meinungsumfrage unter seinen H\u00f6rern sowie Internet- und Social-Media-Nutzern fortgesetzt, um herauszufinden, welche Pers\u00f6nlichkeiten aus den verschiedensten Bereichen die Welt im Jahr 2024 am st\u00e4rksten gepr\u00e4gt haben. Wir haben in diesem Jahr weniger Vorschl\u00e4ge von Ihnen erhalten als in den Vorjahren, und diese waren \u00e4u\u00dferst fragmentiert \u2013 wahrscheinlich auch ein Spiegelbild der aktuellen Lage mit politischen, sozialen, wirtschaftlichen und klimatischen Krisen sowie der zunehmend polarisierten Meinungen weltweit.<\/p>\n<blockquote><p>Die \u201ePers\u00f6nlichkeit des Jahres 2024 bei RRI\u201c ist der US-Techmilliard\u00e4r Elon Musk. Unter vielen anderen begr\u00fcndete David Iurescia aus Argentinien seinen Vorschlag wie folgt:<br \/>\n<strong>\u201eMeine Stimme f\u00fcr die Pers\u00f6nlichkeit des Jahres 2024 geht an den Amerikaner Elon Musk, f\u00fcr seine Fortschritte in der Welt der Technologie, wie beispielsweise dem Neuralink-Chip, der es einer querschnittsgel\u00e4hmten Person erm\u00f6glicht, einen Computer zu nutzen, und f\u00fcr die gesamten Fortschritte in der Raumfahrt durch sein Unternehmen SpaceX, die die R\u00fcckkehr zum Mond und die Reise zum Mars immer n\u00e4her r\u00fccken lassen.\u201c<\/strong><\/p><\/blockquote>\n<p>Auf Elon Musk folgten in den Pr\u00e4ferenzen der H\u00f6rer und Nutzer von RRI Donald Trump, der Gewinner einer zweiten Amtszeit als Pr\u00e4sident der USA, und der ukrainische Pr\u00e4sident Wolodymyr Selenskyj.<\/p>\n<p>Weitere ebenfalls sehr oft genannte Namen waren unter anderem Papst Franziskus, US-Au\u00dfenminister Antony Blinken, UN-Generalsekret\u00e4r Ant\u00f3nio Guterres, die Pr\u00e4sidentin des Europ\u00e4ischen Parlaments Roberta Metsola, der neue NATO-Generalsekret\u00e4r Mark Rutte, die ehemalige EU-Kommissarin f\u00fcr innere Angelegenheiten Ylva Johansson, der amtierende Staatschef Rum\u00e4niens Klaus Johannis und die Pr\u00e4sidentin der Republik Moldau, Maia Sandu.<\/p>\n<p>Ebenfalls vorgeschlagen wurden die Nobelpreistr\u00e4ger f\u00fcr Physik und Frieden, die Opfer des Klimawandels, der Gr\u00fcnder des Netzwerks Telegram, Pawel Durow, und Gis\u00e8le P\u00e9licot aus Frankreich, das Opfer schrecklicher Vergewaltigungen in Frankreich.<\/p>\n<p>Unter den Sportlern wurden der ehemalige Tennisstar Rafael Nadal, der rum\u00e4nische Schwimm-Olympiasieger David Popovici sowie die mehrfache Turn-Olympiasiegerin Simone Biles nominiert. Eine besondere Nominierung galt den Olympischen Sommerspielen in Paris insgesamt.<\/p>\n","protected":false},"excerpt":{"rendered":"<p>RRI hat seine traditionelle Meinungsumfrage unter seinen H\u00f6rern sowie Internet- und Social-Media-Nutzern fortgesetzt, um herauszufinden, welche Pers\u00f6nlichkeiten aus den verschiedensten Bereichen die Welt im Jahr 2024 am st\u00e4rksten gepr\u00e4gt haben. Wir haben in diesem Jahr weniger Vorschl\u00e4ge von Ihnen erhalten als in den Vorjahren, und diese waren \u00e4u\u00dferst fragmentiert \u2013 wahrscheinlich auch ein Spiegelbild der [&hellip;]<\/p>\n","protected":false},"author":113,"featured_media":847372,"comment_status":"closed","ping_status":"closed","sticky":false,"template":"","format":"standard","meta":{"_acf_changed":false,"footnotes":""},"categories":[99583],"tags":[157658,160929,158174,155847],"coauthors":[116091],"class_list":["post-847386","post","type-post","status-publish","format-standard","has-post-thumbnail","hentry","category-rri-aktuell","tag-2024-de","tag-elon-musk-de","tag-persoenlichkeit-des-jahres","tag-rri-de"],"acf":[],"yoast_head":"<!-- This site is optimized with the Yoast SEO plugin v27.5 - https:\/\/yoast.com\/product\/yoast-seo-wordpress\/ -->\n<title>RRI: Publikum w\u00e4hlt Elon Musk zur Pers\u00f6nlichkeit des Jahres 2024 - Radio Rum\u00e4nien International<\/title>\n<meta name=\"robots\" content=\"index, follow, max-snippet:-1, max-image-preview:large, max-video-preview:-1\" \/>\n<link rel=\"canonical\" href=\"https:\/\/www.rri.ro\/de\/aktuell\/rri-aktuell\/rri-publikum-waehlt-elon-musk-zur-persoenlichkeit-des-jahres-2024-id847386.html\" \/>\n<meta property=\"og:locale\" content=\"de_DE\" \/>\n<meta property=\"og:type\" content=\"article\" \/>\n<meta property=\"og:title\" content=\"RRI: Publikum w\u00e4hlt Elon Musk zur Pers\u00f6nlichkeit des Jahres 2024 - Radio Rum\u00e4nien International\" \/>\n<meta property=\"og:description\" content=\"RRI hat seine traditionelle Meinungsumfrage unter seinen H\u00f6rern sowie Internet- und Social-Media-Nutzern fortgesetzt, um herauszufinden, welche Pers\u00f6nlichkeiten aus den verschiedensten Bereichen die Welt im Jahr 2024 am st\u00e4rksten gepr\u00e4gt haben. Wir haben in diesem Jahr weniger Vorschl\u00e4ge von Ihnen erhalten als in den Vorjahren, und diese waren \u00e4u\u00dferst fragmentiert \u2013 wahrscheinlich auch ein Spiegelbild der [&hellip;]\" \/>\n<meta property=\"og:url\" content=\"https:\/\/www.rri.ro\/de\/aktuell\/rri-aktuell\/rri-publikum-waehlt-elon-musk-zur-persoenlichkeit-des-jahres-2024-id847386.html\" \/>\n<meta property=\"og:site_name\" content=\"Radio Rum\u00e4nien International\" \/>\n<meta property=\"article:published_time\" content=\"2025-01-01T08:58:14+00:00\" \/>\n<meta property=\"og:image\" content=\"https:\/\/www.rri.ro\/wp-content\/uploads\/2025\/01\/Elon-Musk-foto-pixabay_16x9.jpg\" \/>\n\t<meta property=\"og:image:width\" content=\"960\" \/>\n\t<meta property=\"og:image:height\" content=\"540\" \/>\n\t<meta property=\"og:image:type\" content=\"image\/jpeg\" \/>\n<meta name=\"author\" content=\"Newsroom\" \/>\n<meta name=\"twitter:card\" content=\"summary_large_image\" \/>\n<meta name=\"twitter:label1\" content=\"Verfasst von\" \/>\n\t<meta name=\"twitter:data1\" content=\"Newsroom\" \/>\n\t<meta name=\"twitter:label2\" content=\"Gesch\u00e4tzte Lesezeit\" \/>\n\t<meta name=\"twitter:data2\" content=\"2\u00a0Minuten\" \/>\n\t<meta name=\"twitter:label3\" content=\"Written by\" \/>\n\t<meta name=\"twitter:data3\" content=\"Newsroom\" \/>\n<script type=\"application\/ld+json\" class=\"yoast-schema-graph\">{\"@context\":\"https:\\\/\\\/schema.org\",\"@graph\":[{\"@type\":\"Article\",\"@id\":\"https:\\\/\\\/www.rri.ro\\\/de\\\/aktuell\\\/rri-aktuell\\\/rri-publikum-waehlt-elon-musk-zur-persoenlichkeit-des-jahres-2024-id847386.html#article\",\"isPartOf\":{\"@id\":\"https:\\\/\\\/www.rri.ro\\\/de\\\/aktuell\\\/rri-aktuell\\\/rri-publikum-waehlt-elon-musk-zur-persoenlichkeit-des-jahres-2024-id847386.html\"},\"author\":{\"name\":\"Newsroom\",\"@id\":\"https:\\\/\\\/www.rri.ro\\\/#\\\/schema\\\/person\\\/4a479940371b9fdefd194f561e8a7f88\"},\"headline\":\"RRI: Publikum w\u00e4hlt Elon Musk zur Pers\u00f6nlichkeit des Jahres 2024\",\"datePublished\":\"2025-01-01T08:58:14+00:00\",\"mainEntityOfPage\":{\"@id\":\"https:\\\/\\\/www.rri.ro\\\/de\\\/aktuell\\\/rri-aktuell\\\/rri-publikum-waehlt-elon-musk-zur-persoenlichkeit-des-jahres-2024-id847386.html\"},\"wordCount\":343,\"image\":{\"@id\":\"https:\\\/\\\/www.rri.ro\\\/de\\\/aktuell\\\/rri-aktuell\\\/rri-publikum-waehlt-elon-musk-zur-persoenlichkeit-des-jahres-2024-id847386.html#primaryimage\"},\"thumbnailUrl\":\"https:\\\/\\\/www.rri.ro\\\/wp-content\\\/uploads\\\/2025\\\/01\\\/Elon-Musk-foto-pixabay_16x9.jpg\",\"keywords\":[\"2024\",\"Elon Musk\",\"Pers\u00f6nlichkeit des Jahres\",\"RRI\"],\"articleSection\":[\"RRI Aktuell\"],\"inLanguage\":\"de\"},{\"@type\":\"WebPage\",\"@id\":\"https:\\\/\\\/www.rri.ro\\\/de\\\/aktuell\\\/rri-aktuell\\\/rri-publikum-waehlt-elon-musk-zur-persoenlichkeit-des-jahres-2024-id847386.html\",\"url\":\"https:\\\/\\\/www.rri.ro\\\/de\\\/aktuell\\\/rri-aktuell\\\/rri-publikum-waehlt-elon-musk-zur-persoenlichkeit-des-jahres-2024-id847386.html\",\"name\":\"RRI: Publikum w\u00e4hlt Elon Musk zur Pers\u00f6nlichkeit des Jahres 2024 - Radio Rum\u00e4nien International\",\"isPartOf\":{\"@id\":\"https:\\\/\\\/www.rri.ro\\\/#website\"},\"primaryImageOfPage\":{\"@id\":\"https:\\\/\\\/www.rri.ro\\\/de\\\/aktuell\\\/rri-aktuell\\\/rri-publikum-waehlt-elon-musk-zur-persoenlichkeit-des-jahres-2024-id847386.html#primaryimage\"},\"image\":{\"@id\":\"https:\\\/\\\/www.rri.ro\\\/de\\\/aktuell\\\/rri-aktuell\\\/rri-publikum-waehlt-elon-musk-zur-persoenlichkeit-des-jahres-2024-id847386.html#primaryimage\"},\"thumbnailUrl\":\"https:\\\/\\\/www.rri.ro\\\/wp-content\\\/uploads\\\/2025\\\/01\\\/Elon-Musk-foto-pixabay_16x9.jpg\",\"datePublished\":\"2025-01-01T08:58:14+00:00\",\"author\":{\"@id\":\"https:\\\/\\\/www.rri.ro\\\/#\\\/schema\\\/person\\\/4a479940371b9fdefd194f561e8a7f88\"},\"breadcrumb\":{\"@id\":\"https:\\\/\\\/www.rri.ro\\\/de\\\/aktuell\\\/rri-aktuell\\\/rri-publikum-waehlt-elon-musk-zur-persoenlichkeit-des-jahres-2024-id847386.html#breadcrumb\"},\"inLanguage\":\"de\",\"potentialAction\":[{\"@type\":\"ReadAction\",\"target\":[\"https:\\\/\\\/www.rri.ro\\\/de\\\/aktuell\\\/rri-aktuell\\\/rri-publikum-waehlt-elon-musk-zur-persoenlichkeit-des-jahres-2024-id847386.html\"]}]},{\"@type\":\"ImageObject\",\"inLanguage\":\"de\",\"@id\":\"https:\\\/\\\/www.rri.ro\\\/de\\\/aktuell\\\/rri-aktuell\\\/rri-publikum-waehlt-elon-musk-zur-persoenlichkeit-des-jahres-2024-id847386.html#primaryimage\",\"url\":\"https:\\\/\\\/www.rri.ro\\\/wp-content\\\/uploads\\\/2025\\\/01\\\/Elon-Musk-foto-pixabay_16x9.jpg\",\"contentUrl\":\"https:\\\/\\\/www.rri.ro\\\/wp-content\\\/uploads\\\/2025\\\/01\\\/Elon-Musk-foto-pixabay_16x9.jpg\",\"width\":960,\"height\":540,\"caption\":\"Elon Musk\"},{\"@type\":\"BreadcrumbList\",\"@id\":\"https:\\\/\\\/www.rri.ro\\\/de\\\/aktuell\\\/rri-aktuell\\\/rri-publikum-waehlt-elon-musk-zur-persoenlichkeit-des-jahres-2024-id847386.html#breadcrumb\",\"itemListElement\":[{\"@type\":\"ListItem\",\"position\":1,\"name\":\"Startseite\",\"item\":\"https:\\\/\\\/www.rri.ro\\\/de\"},{\"@type\":\"ListItem\",\"position\":2,\"name\":\"Aktuell\",\"item\":\"https:\\\/\\\/www.rri.ro\\\/de\\\/aktuell\"},{\"@type\":\"ListItem\",\"position\":3,\"name\":\"RRI Aktuell\",\"item\":\"https:\\\/\\\/www.rri.ro\\\/de\\\/aktuell\\\/rri-aktuell\"},{\"@type\":\"ListItem\",\"position\":4,\"name\":\"RRI: Publikum w\u00e4hlt Elon Musk zur Pers\u00f6nlichkeit des Jahres 2024\"}]},{\"@type\":\"WebSite\",\"@id\":\"https:\\\/\\\/www.rri.ro\\\/#website\",\"url\":\"https:\\\/\\\/www.rri.ro\\\/\",\"name\":\"Radio Rum\u00e4nien International\",\"description\":\"Totul despre Rom\u00e2nia \u015fi rom\u00e2ni, \u00een 13 limbi\\\/dialecte!\",\"inLanguage\":\"de\"},{\"@type\":\"Person\",\"@id\":\"https:\\\/\\\/www.rri.ro\\\/#\\\/schema\\\/person\\\/4a479940371b9fdefd194f561e8a7f88\",\"name\":\"Newsroom\",\"url\":\"https:\\\/\\\/www.rri.ro\\\/de\\\/author\\\/newsroom\"}]}<\/script>\n<!-- \/ Yoast SEO plugin. -->","yoast_head_json":{"title":"RRI: Publikum w\u00e4hlt Elon Musk zur Pers\u00f6nlichkeit des Jahres 2024 - Radio Rum\u00e4nien International","robots":{"index":"index","follow":"follow","max-snippet":"max-snippet:-1","max-image-preview":"max-image-preview:large","max-video-preview":"max-video-preview:-1"},"canonical":"https:\/\/www.rri.ro\/de\/aktuell\/rri-aktuell\/rri-publikum-waehlt-elon-musk-zur-persoenlichkeit-des-jahres-2024-id847386.html","og_locale":"de_DE","og_type":"article","og_title":"RRI: Publikum w\u00e4hlt Elon Musk zur Pers\u00f6nlichkeit des Jahres 2024 - Radio Rum\u00e4nien International","og_description":"RRI hat seine traditionelle Meinungsumfrage unter seinen H\u00f6rern sowie Internet- und Social-Media-Nutzern fortgesetzt, um herauszufinden, welche Pers\u00f6nlichkeiten aus den verschiedensten Bereichen die Welt im Jahr 2024 am st\u00e4rksten gepr\u00e4gt haben. Wir haben in diesem Jahr weniger Vorschl\u00e4ge von Ihnen erhalten als in den Vorjahren, und diese waren \u00e4u\u00dferst fragmentiert \u2013 wahrscheinlich auch ein Spiegelbild der [&hellip;]","og_url":"https:\/\/www.rri.ro\/de\/aktuell\/rri-aktuell\/rri-publikum-waehlt-elon-musk-zur-persoenlichkeit-des-jahres-2024-id847386.html","og_site_name":"Radio Rum\u00e4nien International","article_published_time":"2025-01-01T08:58:14+00:00","og_image":[{"width":960,"height":540,"url":"https:\/\/www.rri.ro\/wp-content\/uploads\/2025\/01\/Elon-Musk-foto-pixabay_16x9.jpg","type":"image\/jpeg"}],"author":"Newsroom","twitter_card":"summary_large_image","twitter_misc":{"Verfasst von":"Newsroom","Gesch\u00e4tzte Lesezeit":"2\u00a0Minuten","Written by":"Newsroom"},"schema":{"@context":"https:\/\/schema.org","@graph":[{"@type":"Article","@id":"https:\/\/www.rri.ro\/de\/aktuell\/rri-aktuell\/rri-publikum-waehlt-elon-musk-zur-persoenlichkeit-des-jahres-2024-id847386.html#article","isPartOf":{"@id":"https:\/\/www.rri.ro\/de\/aktuell\/rri-aktuell\/rri-publikum-waehlt-elon-musk-zur-persoenlichkeit-des-jahres-2024-id847386.html"},"author":{"name":"Newsroom","@id":"https:\/\/www.rri.ro\/#\/schema\/person\/4a479940371b9fdefd194f561e8a7f88"},"headline":"RRI: Publikum w\u00e4hlt Elon Musk zur Pers\u00f6nlichkeit des Jahres 2024","datePublished":"2025-01-01T08:58:14+00:00","mainEntityOfPage":{"@id":"https:\/\/www.rri.ro\/de\/aktuell\/rri-aktuell\/rri-publikum-waehlt-elon-musk-zur-persoenlichkeit-des-jahres-2024-id847386.html"},"wordCount":343,"image":{"@id":"https:\/\/www.rri.ro\/de\/aktuell\/rri-aktuell\/rri-publikum-waehlt-elon-musk-zur-persoenlichkeit-des-jahres-2024-id847386.html#primaryimage"},"thumbnailUrl":"https:\/\/www.rri.ro\/wp-content\/uploads\/2025\/01\/Elon-Musk-foto-pixabay_16x9.jpg","keywords":["2024","Elon Musk","Pers\u00f6nlichkeit des Jahres","RRI"],"articleSection":["RRI Aktuell"],"inLanguage":"de"},{"@type":"WebPage","@id":"https:\/\/www.rri.ro\/de\/aktuell\/rri-aktuell\/rri-publikum-waehlt-elon-musk-zur-persoenlichkeit-des-jahres-2024-id847386.html","url":"https:\/\/www.rri.ro\/de\/aktuell\/rri-aktuell\/rri-publikum-waehlt-elon-musk-zur-persoenlichkeit-des-jahres-2024-id847386.html","name":"RRI: Publikum w\u00e4hlt Elon Musk zur Pers\u00f6nlichkeit des Jahres 2024 - Radio Rum\u00e4nien International","isPartOf":{"@id":"https:\/\/www.rri.ro\/#website"},"primaryImageOfPage":{"@id":"https:\/\/www.rri.ro\/de\/aktuell\/rri-aktuell\/rri-publikum-waehlt-elon-musk-zur-persoenlichkeit-des-jahres-2024-id847386.html#primaryimage"},"image":{"@id":"https:\/\/www.rri.ro\/de\/aktuell\/rri-aktuell\/rri-publikum-waehlt-elon-musk-zur-persoenlichkeit-des-jahres-2024-id847386.html#primaryimage"},"thumbnailUrl":"https:\/\/www.rri.ro\/wp-content\/uploads\/2025\/01\/Elon-Musk-foto-pixabay_16x9.jpg","datePublished":"2025-01-01T08:58:14+00:00","author":{"@id":"https:\/\/www.rri.ro\/#\/schema\/person\/4a479940371b9fdefd194f561e8a7f88"},"breadcrumb":{"@id":"https:\/\/www.rri.ro\/de\/aktuell\/rri-aktuell\/rri-publikum-waehlt-elon-musk-zur-persoenlichkeit-des-jahres-2024-id847386.html#breadcrumb"},"inLanguage":"de","potentialAction":[{"@type":"ReadAction","target":["https:\/\/www.rri.ro\/de\/aktuell\/rri-aktuell\/rri-publikum-waehlt-elon-musk-zur-persoenlichkeit-des-jahres-2024-id847386.html"]}]},{"@type":"ImageObject","inLanguage":"de","@id":"https:\/\/www.rri.ro\/de\/aktuell\/rri-aktuell\/rri-publikum-waehlt-elon-musk-zur-persoenlichkeit-des-jahres-2024-id847386.html#primaryimage","url":"https:\/\/www.rri.ro\/wp-content\/uploads\/2025\/01\/Elon-Musk-foto-pixabay_16x9.jpg","contentUrl":"https:\/\/www.rri.ro\/wp-content\/uploads\/2025\/01\/Elon-Musk-foto-pixabay_16x9.jpg","width":960,"height":540,"caption":"Elon Musk"},{"@type":"BreadcrumbList","@id":"https:\/\/www.rri.ro\/de\/aktuell\/rri-aktuell\/rri-publikum-waehlt-elon-musk-zur-persoenlichkeit-des-jahres-2024-id847386.html#breadcrumb","itemListElement":[{"@type":"ListItem","position":1,"name":"Startseite","item":"https:\/\/www.rri.ro\/de"},{"@type":"ListItem","position":2,"name":"Aktuell","item":"https:\/\/www.rri.ro\/de\/aktuell"},{"@type":"ListItem","position":3,"name":"RRI Aktuell","item":"https:\/\/www.rri.ro\/de\/aktuell\/rri-aktuell"},{"@type":"ListItem","position":4,"name":"RRI: Publikum w\u00e4hlt Elon Musk zur Pers\u00f6nlichkeit des Jahres 2024"}]},{"@type":"WebSite","@id":"https:\/\/www.rri.ro\/#website","url":"https:\/\/www.rri.ro\/","name":"Radio Rum\u00e4nien International","description":"Totul despre Rom\u00e2nia \u015fi rom\u00e2ni, \u00een 13 limbi\/dialecte!","inLanguage":"de"},{"@type":"Person","@id":"https:\/\/www.rri.ro\/#\/schema\/person\/4a479940371b9fdefd194f561e8a7f88","name":"Newsroom","url":"https:\/\/www.rri.ro\/de\/author\/newsroom"}]}},"_links":{"self":[{"href":"https:\/\/www.rri.ro\/de\/wp-json\/wp\/v2\/posts\/847386","targetHints":{"allow":["GET"]}}],"collection":[{"href":"https:\/\/www.rri.ro\/de\/wp-json\/wp\/v2\/posts"}],"about":[{"href":"https:\/\/www.rri.ro\/de\/wp-json\/wp\/v2\/types\/post"}],"author":[{"embeddable":true,"href":"https:\/\/www.rri.ro\/de\/wp-json\/wp\/v2\/users\/113"}],"replies":[{"embeddable":true,"href":"https:\/\/www.rri.ro\/de\/wp-json\/wp\/v2\/comments?post=847386"}],"version-history":[{"count":0,"href":"https:\/\/www.rri.ro\/de\/wp-json\/wp\/v2\/posts\/847386\/revisions"}],"wp:featuredmedia":[{"embeddable":true,"href":"https:\/\/www.rri.ro\/de\/wp-json\/wp\/v2\/media\/847372"}],"wp:attachment":[{"href":"https:\/\/www.rri.ro\/de\/wp-json\/wp\/v2\/media?parent=847386"}],"wp:term":[{"taxonomy":"category","embeddable":true,"href":"https:\/\/www.rri.ro\/de\/wp-json\/wp\/v2\/categories?post=847386"},{"taxonomy":"post_tag","embeddable":true,"href":"https:\/\/www.rri.ro\/de\/wp-json\/wp\/v2\/tags?post=847386"},{"taxonomy":"author","embeddable":true,"href":"https:\/\/www.rri.ro\/de\/wp-json\/wp\/v2\/coauthors?post=847386"}],"curies":[{"name":"wp","href":"https:\/\/api.w.org\/{rel}","templated":true}]}}