{"id":849868,"date":"2025-01-10T18:03:50","date_gmt":"2025-01-10T16:03:50","guid":{"rendered":"https:\/\/www.rri.ro\/?p=849868"},"modified":"2025-01-10T18:03:50","modified_gmt":"2025-01-10T16:03:50","slug":"nachrichten-10-01-2025","status":"publish","type":"post","link":"https:\/\/www.rri.ro\/de\/aktuell\/newsflash-de\/nachrichten-10-01-2025-id849868.html","title":{"rendered":"Nachrichten 10.01.2025"},"content":{"rendered":"<p>Die US-Regierung hat die Aufhebung von Reisevisa f\u00fcr rum\u00e4nische B\u00fcrger angek\u00fcndigt. Die US-Botschaft in Bukarest teilt mit, dass der Minister f\u00fcr Innere Sicherheit der Vereinigten Staaten, Alejandro Mayorkas, und Au\u00dfenminister Antony Blinken Rum\u00e4nien zur Erf\u00fcllung der strengen Sicherheitsanforderungen begl\u00fcckw\u00fcnscht haben, die f\u00fcr die Teilnahme am Programm f\u00fcr visumfreies Reisen erforderlich sind. \u201eDie Aufnahme Rum\u00e4niens in das Programm f\u00fcr visumfreies Reisen ist ein Beweis f\u00fcr unsere strategische Partnerschaft und unser gemeinsames Engagement f\u00fcr Sicherheit und wirtschaftlichen Wohlstand\u201c, so die Botschaft in einer Pressemitteilung. Der rum\u00e4nische Pr\u00e4sident Klaus Iohannis betonte, dass dieser Erfolg zu einer noch dynamischeren Entwicklung der bilateralen Beziehungen mit den USA auf allen Ebenen f\u00fchren wird, einschlie\u00dflich der zwischenmenschlichen Beziehungen und des Tourismus. Der Regierungschef in Bukarest, Marcel Ciolacu, sagte seinerseits, dass hinter diesem seit \u00fcber 16 Jahren erwarteten Erfolg \u201edie Bem\u00fchungen von Millionen von Rum\u00e4nen sowohl im Inland als auch in der Diaspora\u201c stehen. Die U.S. Zoll- und Grenzschutzbeh\u00f6rde geht davon aus, dass es um den 31. M\u00e4rz herum in der Lage sein wird, Antr\u00e4ge von Rum\u00e4nen f\u00fcr Reisen in die Vereinigten Staaten entgegenzunehmen, ohne vorher ein Visum beantragen zu m\u00fcssen. Die Antragsteller werden jedoch weiterhin US-Visa beantragen k\u00f6nnen, die den Vorteil haben, dass sie 10 Jahre g\u00fcltig sind und die maximale Reisedauer 6 Monate betr\u00e4gt. Visa f\u00fcr das Studium oder die Arbeit in den USA bleiben weiterhin in Kraft. Rum\u00e4nien ist das 43. Mitglied des Programms f\u00fcr visumfreies Reisen und das vierte Land, das in den letzten f\u00fcnf Jahren aufgenommen wurde, nach Kroatien im Jahr 2021, Israel im Jahr 2023 und Katar im Jahr 2024.<\/p>\n<p>&nbsp;<\/p>\n<p>Die Europ\u00e4ische Kommission hat offiziell eine Summe von 1,12 Milliarden Euro an Rum\u00e4nien erstattet, teilte die Zahlstelle f\u00fcr Landwirtschaftsinterventionen (APIA) mit. Das Geld stammt aus dem Europ\u00e4ischen Garantiefonds f\u00fcr die Landwirtschaft und deckt die Mittel, die die Zahlstelle in den Monaten Oktober und November des vergangenen Jahres aus dem Staatshaushalt genutzt hat. Diese Mittel wurden den Landwirten im Voraus zur Verf\u00fcgung gestellt, damit sie bestimmte Zahlungen leisten konnten, einschlie\u00dflich der F\u00f6rderung landwirtschaftlicher Produkte.<\/p>\n<p>Etwa 2000 Menschen haben am Freitag vor dem Parlamentspalast in Bukarest gegen die Entscheidung des Verfassungsgerichts vom 6. Dezember zur Annullierung der Pr\u00e4sidentschaftswahlen protestiert. Sie argumentieren, dass der Beschluss den Willen der W\u00e4hler verletze, und fordern eine Wiederholung des Wahlprozesses. Die Proteste wurden vom ehemaligen unabh\u00e4ngigen Kandidaten C\u0103lin Georgescu, einem prorussischen Extremisten, organisiert, der die erste Runde der Pr\u00e4sidentschaftswahlen gewonnen hatte. Die Beh\u00f6rden erkl\u00e4ren den Protest f\u00fcr illegal. Zur Erinnerung: Das Verfassungsgericht hatte die Wahl annulliert, nachdem der Nationale Verteidigungsrat (CSAT) hybride externe Eingriffe und nicht deklarierte Finanzierungen f\u00fcr Georgescus Wahlkampagne aufgedeckt hatte. Georgescu hat die Annullierung vor Gericht und beim Europ\u00e4ischen Gerichtshof f\u00fcr Menschenrechte angefochten. Die neue Regierungskoalition aus PSD, PNL und UDMR hat beschlossen, die Pr\u00e4sidentschaftswahlen am 4. und 18. Mai durchzuf\u00fchren.<\/p>\n<p>Der rum\u00e4nische Premierminister Marcel Ciolacu erkl\u00e4rte am Freitag, die Regierung m\u00fcsse den Haushalt f\u00fcr das laufende Jahr sp\u00e4testens bis zum 27. Januar verabschieden, und forderte die Minister auf, alle Berechnungen einschlie\u00dflich Vorschl\u00e4gen zur Reduzierung unn\u00f6tiger Stellen in der Zentralverwaltung und den nachgeordneten Staatsunternehmen vorzulegen. Zuvor hatte Finanzminister T\u00e1nczos Barna versichert, dass der Haushaltsentwurf f\u00fcr 2025 das mit der Europ\u00e4ischen Kommission vereinbarte Defizit von 7 % des BIP einhalten werde. F\u00fcr 2025 prognostizierte er ein Wirtschaftswachstum von 2,5 % und eine Inflation von 5 %.<\/p>\n<p>Der Vizepr\u00e4sident der Europ\u00e4ischen Kommission, St\u00e9phane S\u00e9journ\u00e9, hat w\u00e4hrend eines zweit\u00e4gigen Besuchs in Bukarest versprochen, die industrielle Entwicklung Rum\u00e4niens zu unterst\u00fctzen, und die strategische Bedeutung dieses Sektors hervorgehoben. In diesem Zusammenhang besuchte er die rum\u00e4nische Fabrik \u201ePrime Batteries Technology\u201c, die hochmoderne Lithium-Ionen-Akkus und ma\u00dfgeschneiderte Energiespeichersysteme herstellt. Zudem besuchte er das Nationale Institut f\u00fcr Luft- und Raumfahrtforschung und -entwicklung, das f\u00fchrende Forschungszentrum des Landes im Bereich der Luft- und Raumfahrtwissenschaften.<\/p>\n","protected":false},"excerpt":{"rendered":"<p>Die US-Regierung hat die Aufhebung von Reisevisa f\u00fcr rum\u00e4nische B\u00fcrger angek\u00fcndigt. Die US-Botschaft in Bukarest teilt mit, dass der Minister f\u00fcr Innere Sicherheit der Vereinigten Staaten, Alejandro Mayorkas, und Au\u00dfenminister Antony Blinken Rum\u00e4nien zur Erf\u00fcllung der strengen Sicherheitsanforderungen begl\u00fcckw\u00fcnscht haben, die f\u00fcr die Teilnahme am Programm f\u00fcr visumfreies Reisen erforderlich sind. \u201eDie Aufnahme Rum\u00e4niens in [&hellip;]<\/p>\n","protected":false},"author":113,"featured_media":723386,"comment_status":"closed","ping_status":"closed","sticky":false,"template":"","format":"standard","meta":{"_acf_changed":false,"footnotes":""},"categories":[116753],"tags":[161435,99801,161436,128923,100730,101290],"coauthors":[116091],"class_list":["post-849868","post","type-post","status-publish","format-standard","has-post-thumbnail","hentry","category-newsflash-de","tag-aufhebung-von-reisevisa","tag-europaeische-kommission","tag-hauashalt","tag-premierminister-marcel-ciolacu","tag-regierungskoalition","tag-wahlen"],"acf":[],"yoast_head":"<!-- This site is optimized with the Yoast SEO plugin v27.3 - https:\/\/yoast.com\/product\/yoast-seo-wordpress\/ -->\n<title>Nachrichten 10.01.2025 - Radio Rum\u00e4nien International<\/title>\n<meta name=\"robots\" content=\"index, follow, max-snippet:-1, max-image-preview:large, max-video-preview:-1\" \/>\n<link rel=\"canonical\" href=\"https:\/\/www.rri.ro\/de\/aktuell\/newsflash-de\/nachrichten-10-01-2025-id849868.html\" \/>\n<meta property=\"og:locale\" content=\"de_DE\" \/>\n<meta property=\"og:type\" content=\"article\" \/>\n<meta property=\"og:title\" content=\"Nachrichten 10.01.2025 - Radio Rum\u00e4nien International\" \/>\n<meta property=\"og:description\" content=\"Die US-Regierung hat die Aufhebung von Reisevisa f\u00fcr rum\u00e4nische B\u00fcrger angek\u00fcndigt. Die US-Botschaft in Bukarest teilt mit, dass der Minister f\u00fcr Innere Sicherheit der Vereinigten Staaten, Alejandro Mayorkas, und Au\u00dfenminister Antony Blinken Rum\u00e4nien zur Erf\u00fcllung der strengen Sicherheitsanforderungen begl\u00fcckw\u00fcnscht haben, die f\u00fcr die Teilnahme am Programm f\u00fcr visumfreies Reisen erforderlich sind. \u201eDie Aufnahme Rum\u00e4niens in [&hellip;]\" \/>\n<meta property=\"og:url\" content=\"https:\/\/www.rri.ro\/de\/aktuell\/newsflash-de\/nachrichten-10-01-2025-id849868.html\" \/>\n<meta property=\"og:site_name\" content=\"Radio Rum\u00e4nien International\" \/>\n<meta property=\"article:published_time\" content=\"2025-01-10T16:03:50+00:00\" \/>\n<meta property=\"og:image\" content=\"https:\/\/www.rri.ro\/wp-content\/uploads\/2024\/03\/RRI-960x540-Nachrichten-2-NOU.jpg\" \/>\n\t<meta property=\"og:image:width\" content=\"960\" \/>\n\t<meta property=\"og:image:height\" content=\"540\" \/>\n\t<meta property=\"og:image:type\" content=\"image\/jpeg\" \/>\n<meta name=\"author\" content=\"Newsroom\" \/>\n<meta name=\"twitter:card\" content=\"summary_large_image\" \/>\n<meta name=\"twitter:label1\" content=\"Verfasst von\" \/>\n\t<meta name=\"twitter:data1\" content=\"Newsroom\" \/>\n\t<meta name=\"twitter:label2\" content=\"Gesch\u00e4tzte Lesezeit\" \/>\n\t<meta name=\"twitter:data2\" content=\"3\u00a0Minuten\" \/>\n\t<meta name=\"twitter:label3\" content=\"Written by\" \/>\n\t<meta name=\"twitter:data3\" content=\"Newsroom\" \/>\n<script type=\"application\/ld+json\" class=\"yoast-schema-graph\">{\"@context\":\"https:\\\/\\\/schema.org\",\"@graph\":[{\"@type\":\"Article\",\"@id\":\"https:\\\/\\\/www.rri.ro\\\/de\\\/aktuell\\\/newsflash-de\\\/nachrichten-10-01-2025-id849868.html#article\",\"isPartOf\":{\"@id\":\"https:\\\/\\\/www.rri.ro\\\/de\\\/aktuell\\\/newsflash-de\\\/nachrichten-10-01-2025-id849868.html\"},\"author\":{\"name\":\"Newsroom\",\"@id\":\"https:\\\/\\\/www.rri.ro\\\/#\\\/schema\\\/person\\\/4a479940371b9fdefd194f561e8a7f88\"},\"headline\":\"Nachrichten 10.01.2025\",\"datePublished\":\"2025-01-10T16:03:50+00:00\",\"mainEntityOfPage\":{\"@id\":\"https:\\\/\\\/www.rri.ro\\\/de\\\/aktuell\\\/newsflash-de\\\/nachrichten-10-01-2025-id849868.html\"},\"wordCount\":669,\"image\":{\"@id\":\"https:\\\/\\\/www.rri.ro\\\/de\\\/aktuell\\\/newsflash-de\\\/nachrichten-10-01-2025-id849868.html#primaryimage\"},\"thumbnailUrl\":\"https:\\\/\\\/www.rri.ro\\\/wp-content\\\/uploads\\\/2024\\\/03\\\/RRI-960x540-Nachrichten-2-NOU.jpg\",\"keywords\":[\"Aufhebung von Reisevisa\",\"Europ\u00e4ische Kommission\",\"Hauashalt\",\"Premierminister Marcel Ciolacu\",\"Regierungskoalition\",\"Wahlen\"],\"articleSection\":[\"Newsflash\"],\"inLanguage\":\"de\"},{\"@type\":\"WebPage\",\"@id\":\"https:\\\/\\\/www.rri.ro\\\/de\\\/aktuell\\\/newsflash-de\\\/nachrichten-10-01-2025-id849868.html\",\"url\":\"https:\\\/\\\/www.rri.ro\\\/de\\\/aktuell\\\/newsflash-de\\\/nachrichten-10-01-2025-id849868.html\",\"name\":\"Nachrichten 10.01.2025 - Radio Rum\u00e4nien International\",\"isPartOf\":{\"@id\":\"https:\\\/\\\/www.rri.ro\\\/#website\"},\"primaryImageOfPage\":{\"@id\":\"https:\\\/\\\/www.rri.ro\\\/de\\\/aktuell\\\/newsflash-de\\\/nachrichten-10-01-2025-id849868.html#primaryimage\"},\"image\":{\"@id\":\"https:\\\/\\\/www.rri.ro\\\/de\\\/aktuell\\\/newsflash-de\\\/nachrichten-10-01-2025-id849868.html#primaryimage\"},\"thumbnailUrl\":\"https:\\\/\\\/www.rri.ro\\\/wp-content\\\/uploads\\\/2024\\\/03\\\/RRI-960x540-Nachrichten-2-NOU.jpg\",\"datePublished\":\"2025-01-10T16:03:50+00:00\",\"author\":{\"@id\":\"https:\\\/\\\/www.rri.ro\\\/#\\\/schema\\\/person\\\/4a479940371b9fdefd194f561e8a7f88\"},\"breadcrumb\":{\"@id\":\"https:\\\/\\\/www.rri.ro\\\/de\\\/aktuell\\\/newsflash-de\\\/nachrichten-10-01-2025-id849868.html#breadcrumb\"},\"inLanguage\":\"de\",\"potentialAction\":[{\"@type\":\"ReadAction\",\"target\":[\"https:\\\/\\\/www.rri.ro\\\/de\\\/aktuell\\\/newsflash-de\\\/nachrichten-10-01-2025-id849868.html\"]}]},{\"@type\":\"ImageObject\",\"inLanguage\":\"de\",\"@id\":\"https:\\\/\\\/www.rri.ro\\\/de\\\/aktuell\\\/newsflash-de\\\/nachrichten-10-01-2025-id849868.html#primaryimage\",\"url\":\"https:\\\/\\\/www.rri.ro\\\/wp-content\\\/uploads\\\/2024\\\/03\\\/RRI-960x540-Nachrichten-2-NOU.jpg\",\"contentUrl\":\"https:\\\/\\\/www.rri.ro\\\/wp-content\\\/uploads\\\/2024\\\/03\\\/RRI-960x540-Nachrichten-2-NOU.jpg\",\"width\":960,\"height\":540},{\"@type\":\"BreadcrumbList\",\"@id\":\"https:\\\/\\\/www.rri.ro\\\/de\\\/aktuell\\\/newsflash-de\\\/nachrichten-10-01-2025-id849868.html#breadcrumb\",\"itemListElement\":[{\"@type\":\"ListItem\",\"position\":1,\"name\":\"Startseite\",\"item\":\"https:\\\/\\\/www.rri.ro\\\/de\"},{\"@type\":\"ListItem\",\"position\":2,\"name\":\"Aktuell\",\"item\":\"https:\\\/\\\/www.rri.ro\\\/de\\\/aktuell\"},{\"@type\":\"ListItem\",\"position\":3,\"name\":\"Newsflash\",\"item\":\"https:\\\/\\\/www.rri.ro\\\/de\\\/aktuell\\\/newsflash-de\"},{\"@type\":\"ListItem\",\"position\":4,\"name\":\"Nachrichten 10.01.2025\"}]},{\"@type\":\"WebSite\",\"@id\":\"https:\\\/\\\/www.rri.ro\\\/#website\",\"url\":\"https:\\\/\\\/www.rri.ro\\\/\",\"name\":\"Radio Rum\u00e4nien International\",\"description\":\"Totul despre Rom\u00e2nia \u015fi rom\u00e2ni, \u00een 13 limbi\\\/dialecte!\",\"inLanguage\":\"de\"},{\"@type\":\"Person\",\"@id\":\"https:\\\/\\\/www.rri.ro\\\/#\\\/schema\\\/person\\\/4a479940371b9fdefd194f561e8a7f88\",\"name\":\"Newsroom\",\"url\":\"https:\\\/\\\/www.rri.ro\\\/de\\\/author\\\/newsroom\"}]}<\/script>\n<!-- \/ Yoast SEO plugin. -->","yoast_head_json":{"title":"Nachrichten 10.01.2025 - Radio Rum\u00e4nien International","robots":{"index":"index","follow":"follow","max-snippet":"max-snippet:-1","max-image-preview":"max-image-preview:large","max-video-preview":"max-video-preview:-1"},"canonical":"https:\/\/www.rri.ro\/de\/aktuell\/newsflash-de\/nachrichten-10-01-2025-id849868.html","og_locale":"de_DE","og_type":"article","og_title":"Nachrichten 10.01.2025 - Radio Rum\u00e4nien International","og_description":"Die US-Regierung hat die Aufhebung von Reisevisa f\u00fcr rum\u00e4nische B\u00fcrger angek\u00fcndigt. Die US-Botschaft in Bukarest teilt mit, dass der Minister f\u00fcr Innere Sicherheit der Vereinigten Staaten, Alejandro Mayorkas, und Au\u00dfenminister Antony Blinken Rum\u00e4nien zur Erf\u00fcllung der strengen Sicherheitsanforderungen begl\u00fcckw\u00fcnscht haben, die f\u00fcr die Teilnahme am Programm f\u00fcr visumfreies Reisen erforderlich sind. \u201eDie Aufnahme Rum\u00e4niens in [&hellip;]","og_url":"https:\/\/www.rri.ro\/de\/aktuell\/newsflash-de\/nachrichten-10-01-2025-id849868.html","og_site_name":"Radio Rum\u00e4nien International","article_published_time":"2025-01-10T16:03:50+00:00","og_image":[{"width":960,"height":540,"url":"https:\/\/www.rri.ro\/wp-content\/uploads\/2024\/03\/RRI-960x540-Nachrichten-2-NOU.jpg","type":"image\/jpeg"}],"author":"Newsroom","twitter_card":"summary_large_image","twitter_misc":{"Verfasst von":"Newsroom","Gesch\u00e4tzte Lesezeit":"3\u00a0Minuten","Written by":"Newsroom"},"schema":{"@context":"https:\/\/schema.org","@graph":[{"@type":"Article","@id":"https:\/\/www.rri.ro\/de\/aktuell\/newsflash-de\/nachrichten-10-01-2025-id849868.html#article","isPartOf":{"@id":"https:\/\/www.rri.ro\/de\/aktuell\/newsflash-de\/nachrichten-10-01-2025-id849868.html"},"author":{"name":"Newsroom","@id":"https:\/\/www.rri.ro\/#\/schema\/person\/4a479940371b9fdefd194f561e8a7f88"},"headline":"Nachrichten 10.01.2025","datePublished":"2025-01-10T16:03:50+00:00","mainEntityOfPage":{"@id":"https:\/\/www.rri.ro\/de\/aktuell\/newsflash-de\/nachrichten-10-01-2025-id849868.html"},"wordCount":669,"image":{"@id":"https:\/\/www.rri.ro\/de\/aktuell\/newsflash-de\/nachrichten-10-01-2025-id849868.html#primaryimage"},"thumbnailUrl":"https:\/\/www.rri.ro\/wp-content\/uploads\/2024\/03\/RRI-960x540-Nachrichten-2-NOU.jpg","keywords":["Aufhebung von Reisevisa","Europ\u00e4ische Kommission","Hauashalt","Premierminister Marcel Ciolacu","Regierungskoalition","Wahlen"],"articleSection":["Newsflash"],"inLanguage":"de"},{"@type":"WebPage","@id":"https:\/\/www.rri.ro\/de\/aktuell\/newsflash-de\/nachrichten-10-01-2025-id849868.html","url":"https:\/\/www.rri.ro\/de\/aktuell\/newsflash-de\/nachrichten-10-01-2025-id849868.html","name":"Nachrichten 10.01.2025 - Radio Rum\u00e4nien International","isPartOf":{"@id":"https:\/\/www.rri.ro\/#website"},"primaryImageOfPage":{"@id":"https:\/\/www.rri.ro\/de\/aktuell\/newsflash-de\/nachrichten-10-01-2025-id849868.html#primaryimage"},"image":{"@id":"https:\/\/www.rri.ro\/de\/aktuell\/newsflash-de\/nachrichten-10-01-2025-id849868.html#primaryimage"},"thumbnailUrl":"https:\/\/www.rri.ro\/wp-content\/uploads\/2024\/03\/RRI-960x540-Nachrichten-2-NOU.jpg","datePublished":"2025-01-10T16:03:50+00:00","author":{"@id":"https:\/\/www.rri.ro\/#\/schema\/person\/4a479940371b9fdefd194f561e8a7f88"},"breadcrumb":{"@id":"https:\/\/www.rri.ro\/de\/aktuell\/newsflash-de\/nachrichten-10-01-2025-id849868.html#breadcrumb"},"inLanguage":"de","potentialAction":[{"@type":"ReadAction","target":["https:\/\/www.rri.ro\/de\/aktuell\/newsflash-de\/nachrichten-10-01-2025-id849868.html"]}]},{"@type":"ImageObject","inLanguage":"de","@id":"https:\/\/www.rri.ro\/de\/aktuell\/newsflash-de\/nachrichten-10-01-2025-id849868.html#primaryimage","url":"https:\/\/www.rri.ro\/wp-content\/uploads\/2024\/03\/RRI-960x540-Nachrichten-2-NOU.jpg","contentUrl":"https:\/\/www.rri.ro\/wp-content\/uploads\/2024\/03\/RRI-960x540-Nachrichten-2-NOU.jpg","width":960,"height":540},{"@type":"BreadcrumbList","@id":"https:\/\/www.rri.ro\/de\/aktuell\/newsflash-de\/nachrichten-10-01-2025-id849868.html#breadcrumb","itemListElement":[{"@type":"ListItem","position":1,"name":"Startseite","item":"https:\/\/www.rri.ro\/de"},{"@type":"ListItem","position":2,"name":"Aktuell","item":"https:\/\/www.rri.ro\/de\/aktuell"},{"@type":"ListItem","position":3,"name":"Newsflash","item":"https:\/\/www.rri.ro\/de\/aktuell\/newsflash-de"},{"@type":"ListItem","position":4,"name":"Nachrichten 10.01.2025"}]},{"@type":"WebSite","@id":"https:\/\/www.rri.ro\/#website","url":"https:\/\/www.rri.ro\/","name":"Radio Rum\u00e4nien International","description":"Totul despre Rom\u00e2nia \u015fi rom\u00e2ni, \u00een 13 limbi\/dialecte!","inLanguage":"de"},{"@type":"Person","@id":"https:\/\/www.rri.ro\/#\/schema\/person\/4a479940371b9fdefd194f561e8a7f88","name":"Newsroom","url":"https:\/\/www.rri.ro\/de\/author\/newsroom"}]}},"_links":{"self":[{"href":"https:\/\/www.rri.ro\/de\/wp-json\/wp\/v2\/posts\/849868","targetHints":{"allow":["GET"]}}],"collection":[{"href":"https:\/\/www.rri.ro\/de\/wp-json\/wp\/v2\/posts"}],"about":[{"href":"https:\/\/www.rri.ro\/de\/wp-json\/wp\/v2\/types\/post"}],"author":[{"embeddable":true,"href":"https:\/\/www.rri.ro\/de\/wp-json\/wp\/v2\/users\/113"}],"replies":[{"embeddable":true,"href":"https:\/\/www.rri.ro\/de\/wp-json\/wp\/v2\/comments?post=849868"}],"version-history":[{"count":0,"href":"https:\/\/www.rri.ro\/de\/wp-json\/wp\/v2\/posts\/849868\/revisions"}],"wp:featuredmedia":[{"embeddable":true,"href":"https:\/\/www.rri.ro\/de\/wp-json\/wp\/v2\/media\/723386"}],"wp:attachment":[{"href":"https:\/\/www.rri.ro\/de\/wp-json\/wp\/v2\/media?parent=849868"}],"wp:term":[{"taxonomy":"category","embeddable":true,"href":"https:\/\/www.rri.ro\/de\/wp-json\/wp\/v2\/categories?post=849868"},{"taxonomy":"post_tag","embeddable":true,"href":"https:\/\/www.rri.ro\/de\/wp-json\/wp\/v2\/tags?post=849868"},{"taxonomy":"author","embeddable":true,"href":"https:\/\/www.rri.ro\/de\/wp-json\/wp\/v2\/coauthors?post=849868"}],"curies":[{"name":"wp","href":"https:\/\/api.w.org\/{rel}","templated":true}]}}