{"id":851664,"date":"2025-01-15T17:01:18","date_gmt":"2025-01-15T15:01:18","guid":{"rendered":"https:\/\/www.rri.ro\/?p=851664"},"modified":"2025-01-15T17:01:18","modified_gmt":"2025-01-15T15:01:18","slug":"15-01-2025","status":"publish","type":"post","link":"https:\/\/www.rri.ro\/de\/aktuell\/newsflash-de\/15-01-2025-id851664.html","title":{"rendered":"15.01.2025"},"content":{"rendered":"<div>Der ehemalige rum\u00e4nische Premierminister Petre Roman ist am Mittwoch bei der Generalstaatsanwaltschaft im Fall der sogenannten Mineriade vom Juni 1990 vernommen worden, in dem er wegen Verbrechen gegen die Menschlichkeit angeklagt ist. Er bestreitet jegliche Beteiligung. In diesem Verfahren werden auch andere Personen strafrechtlich verfolgt, darunter Alt-Pr\u00e4sident Ion Iliescu und der ehemalige Geheimdienstchef Virgil M\u0103gureanu. Die Staatsanwaltschaft muss die Ermittlungen in diesem Fall neu aufrollen, nachdem die erhobenen Beweise vor Gericht f\u00fcr ung\u00fcltig erkl\u00e4rt wurden. Urspr\u00fcnglich wurde Ion Iliescu zusammen mit Petre Roman und Virgil M\u0103gureanu wegen Verbrechen gegen die Menschlichkeit angeklagt, doch im Dezember 2020 entschied das Oberste Gericht, den Fall zur erneuten Untersuchung an die Milit\u00e4rstaatsanwaltschaft zur\u00fcckzuverweisen. Die Milit\u00e4rstaatsanw\u00e4lte behaupten, dass die Staatsbeh\u00f6rden am 11. und 12. Juni 1990 einen gewaltsamen Angriff auf Demonstranten auf dem Universit\u00e4tsplatz in Bukarest beschlossen haben, die f\u00fcr Demokratie und die Entfernung ehemaliger kommunistischer W\u00fcrdentr\u00e4ger aus \u00f6ffentlichen \u00c4mtern demonstrierten. An diesem Angriff sollen illegal Einheiten des Innenministeriums, des Verteidigungsministeriums, des rum\u00e4nischen Nachrichtendienstes sowie Tausende Bergleute beteiligt gewesen sein. Dabei kam es zu vier Todesopfern, Hunderten Verletzten, illegalen Verhaftungen und Zerst\u00f6rungen.<\/div>\n<div><\/div>\n<div>In Rum\u00e4nien hat am Mittwoch der Nationale Verband der Kultur- und Mediengewerkschaften anl\u00e4sslich des Nationalen Kulturtags mit wei\u00dfen Armb\u00e4ndern protestiert und auf die Unterfinanzierung des Kulturbereichs und das Lohngef\u00e4lle bei Besch\u00e4ftigten in Museen, Bibliotheken und Kulturzentren aufmerksam gemacht. Die Gewerkschaft fordert die Zuweisung von 1 % des BIP f\u00fcr Kultur, die Gleichstellung der Geh\u00e4lter der Mitarbeiter in Museen und Bibliotheken mit den Verdiensten der entsprechenden Berufe im Bildungswesen, die Beseitigung der gro\u00dfen Gehaltsunterschiede zwischen den Mitarbeitern von Theater- und Konzertinstitutionen und denen von Museen und Bibliotheken, die Gew\u00e4hrung von Zuschl\u00e4gen f\u00fcr Arbeit an Wochenenden und Feiertagen sowie die Bezahlung von \u00dcberstunden. Au\u00dferdem verlangen die Gewerkschaften die Ausschreibung freier Stellen und die Aufstockung des Personals zur Bek\u00e4mpfung des chronischen Personaldefizits in Kultureinrichtungen.<\/div>\n<div><\/div>\n<div>In Rum\u00e4nien wird am 15. Januar der Nationale Kulturtag gefeiert, der an den Geburtstag des Nationaldichters Mihai Eminescu erinnert. In Bukarest und im ganzen Land finden anl\u00e4sslich des 175. Jahrestags seiner Geburt zahlreiche Veranstaltungen wie Konferenzen, Debatten, Konzerte und Ausstellungen statt, wobei auch viele Museen freien Eintritt gew\u00e4hren. Die Bukarester Oper feiert den Nationalen Kulturtag mit einer Galavorstellung, die die rum\u00e4nische Spiritualit\u00e4t als Dreiklang aus Glaube, Kunst und Identit\u00e4t w\u00fcrdigt. Im Nationalmuseum Brukenthal in Sibiu ist die Ausstellung \u201eMorgenstern\u201c zu sehen, w\u00e4hrend die Oper in Ia\u0219i eine Sondervorstellung anbietet. Im Corvin-Schloss im Westen des Landes wird die Ausstellung \u201eVergangenheit, Gegenwart und Zukunft\u201c er\u00f6ffnet. Anl\u00e4sslich des Nationalen Kulturtags hat Radio Rom\u00e2nia Cultural eine Jugendliche aus V\u00e2lcea eingeladen, zum ersten Mal an einer Theatervorstellung teilzunehmen. Mit dieser symbolischen Geste fordert dieser einzige landesweite Kulturradiosender die Menschen und Institutionen auf, den Zugang zur Kultur f\u00fcr ihre Mitmenschen zu f\u00f6rdern.<\/div>\n<div><\/div>\n<div>Die Pr\u00e4sidentin der Republik Moldau, Maia Sandu, hat Russland beschuldigt, durch die Einstellung der Erdgaslieferungen in die abtr\u00fcnnige Region Transnistrien eine politische Krise in ihrem Land provozieren zu wollen. Am Dienstag berief die moldauische Pr\u00e4sidentin den Obersten Sicherheitsrat ein, um die Lage im Energiesektor zu er\u00f6rtern. Maia Sandu wies darauf hin, dass die Verwaltung der Region Transnistrien, die mit einer humanit\u00e4ren Krise konfrontiert ist, die von Chi\u0219in\u0103u angebotene Hilfe abgelehnt und Bedingungen f\u00fcr die Annahme der vorgeschlagenen L\u00f6sungen gestellt hat.<\/div>\n<div><\/div>\n<div>Der gew\u00e4hlte US-Pr\u00e4sident Donald Trump hat angek\u00fcndigt, ein neues Ministerium mit dem Namen \u201eDienst f\u00fcr Auslandseinnahmen\u201c einzurichten, dessen Aufgabe es sein wird, Z\u00f6lle, Schulden und alle Einnahmen aus externen Quellen einzuziehen, berichtet Reuters. Trump erkl\u00e4rte auf seinem sozialen Netzwerk Truth Social, dass er die Gr\u00fcndung dieses Dienstes noch am 20. Januar, seinem Amtseinf\u00fchrungstag, unterzeichnen werde. Er k\u00fcndigte au\u00dferdem an, hohe Z\u00f6lle auf Importe aus Kanada, Mexiko und China zu erheben, darunter eine Abgabe von 25 % auf Importe aus Kanada und Mexiko, bis diese beiden Nachbarl\u00e4nder der USA Ma\u00dfnahmen ergreifen, um illegale Migration und Drogenhandel an ihren Grenzen zu stoppen. Zudem versprach Donald Trump einen Zoll von 10 % auf alle Importe und eine Abgabe von 60 % auf Importe aus China. Wirtschaftsexperten warnen, dass diese Ma\u00dfnahmen den Handel verzerren, die Kosten erh\u00f6hen und Vergeltungsma\u00dfnahmen gegen US-Exporte nach sich ziehen k\u00f6nnten.<\/div>\n<div><\/div>\n<div><\/div>\n","protected":false},"excerpt":{"rendered":"<p>Der ehemalige rum\u00e4nische Premierminister Petre Roman ist am Mittwoch bei der Generalstaatsanwaltschaft im Fall der sogenannten Mineriade vom Juni 1990 vernommen worden, in dem er wegen Verbrechen gegen die Menschlichkeit angeklagt ist. Er bestreitet jegliche Beteiligung. In diesem Verfahren werden auch andere Personen strafrechtlich verfolgt, darunter Alt-Pr\u00e4sident Ion Iliescu und der ehemalige Geheimdienstchef Virgil M\u0103gureanu. [&hellip;]<\/p>\n","protected":false},"author":113,"featured_media":723386,"comment_status":"closed","ping_status":"closed","sticky":false,"template":"","format":"standard","meta":{"_acf_changed":false,"footnotes":""},"categories":[116753],"tags":[104858,100576,161728,99589,161729],"coauthors":[116091],"class_list":["post-851664","post","type-post","status-publish","format-standard","has-post-thumbnail","hentry","category-newsflash-de","tag-kulturtag","tag-moldau","tag-protest-de","tag-rumaenien","tag-trump-de"],"acf":[],"yoast_head":"<!-- This site is optimized with the Yoast SEO plugin v27.3 - https:\/\/yoast.com\/product\/yoast-seo-wordpress\/ -->\n<title>15.01.2025 - Radio Rum\u00e4nien International<\/title>\n<meta name=\"robots\" content=\"index, follow, max-snippet:-1, max-image-preview:large, max-video-preview:-1\" \/>\n<link rel=\"canonical\" href=\"https:\/\/www.rri.ro\/de\/aktuell\/newsflash-de\/15-01-2025-id851664.html\" \/>\n<meta property=\"og:locale\" content=\"de_DE\" \/>\n<meta property=\"og:type\" content=\"article\" \/>\n<meta property=\"og:title\" content=\"15.01.2025 - Radio Rum\u00e4nien International\" \/>\n<meta property=\"og:description\" content=\"Der ehemalige rum\u00e4nische Premierminister Petre Roman ist am Mittwoch bei der Generalstaatsanwaltschaft im Fall der sogenannten Mineriade vom Juni 1990 vernommen worden, in dem er wegen Verbrechen gegen die Menschlichkeit angeklagt ist. Er bestreitet jegliche Beteiligung. In diesem Verfahren werden auch andere Personen strafrechtlich verfolgt, darunter Alt-Pr\u00e4sident Ion Iliescu und der ehemalige Geheimdienstchef Virgil M\u0103gureanu. [&hellip;]\" \/>\n<meta property=\"og:url\" content=\"https:\/\/www.rri.ro\/de\/aktuell\/newsflash-de\/15-01-2025-id851664.html\" \/>\n<meta property=\"og:site_name\" content=\"Radio Rum\u00e4nien International\" \/>\n<meta property=\"article:published_time\" content=\"2025-01-15T15:01:18+00:00\" \/>\n<meta property=\"og:image\" content=\"https:\/\/www.rri.ro\/wp-content\/uploads\/2024\/03\/RRI-960x540-Nachrichten-2-NOU.jpg\" \/>\n\t<meta property=\"og:image:width\" content=\"960\" \/>\n\t<meta property=\"og:image:height\" content=\"540\" \/>\n\t<meta property=\"og:image:type\" content=\"image\/jpeg\" \/>\n<meta name=\"author\" content=\"Newsroom\" \/>\n<meta name=\"twitter:card\" content=\"summary_large_image\" \/>\n<meta name=\"twitter:label1\" content=\"Verfasst von\" \/>\n\t<meta name=\"twitter:data1\" content=\"Newsroom\" \/>\n\t<meta name=\"twitter:label2\" content=\"Gesch\u00e4tzte Lesezeit\" \/>\n\t<meta name=\"twitter:data2\" content=\"4\u00a0Minuten\" \/>\n\t<meta name=\"twitter:label3\" content=\"Written by\" \/>\n\t<meta name=\"twitter:data3\" content=\"Newsroom\" \/>\n<script type=\"application\/ld+json\" class=\"yoast-schema-graph\">{\"@context\":\"https:\\\/\\\/schema.org\",\"@graph\":[{\"@type\":\"Article\",\"@id\":\"https:\\\/\\\/www.rri.ro\\\/de\\\/aktuell\\\/newsflash-de\\\/15-01-2025-id851664.html#article\",\"isPartOf\":{\"@id\":\"https:\\\/\\\/www.rri.ro\\\/de\\\/aktuell\\\/newsflash-de\\\/15-01-2025-id851664.html\"},\"author\":{\"name\":\"Newsroom\",\"@id\":\"https:\\\/\\\/www.rri.ro\\\/#\\\/schema\\\/person\\\/4a479940371b9fdefd194f561e8a7f88\"},\"headline\":\"15.01.2025\",\"datePublished\":\"2025-01-15T15:01:18+00:00\",\"mainEntityOfPage\":{\"@id\":\"https:\\\/\\\/www.rri.ro\\\/de\\\/aktuell\\\/newsflash-de\\\/15-01-2025-id851664.html\"},\"wordCount\":723,\"image\":{\"@id\":\"https:\\\/\\\/www.rri.ro\\\/de\\\/aktuell\\\/newsflash-de\\\/15-01-2025-id851664.html#primaryimage\"},\"thumbnailUrl\":\"https:\\\/\\\/www.rri.ro\\\/wp-content\\\/uploads\\\/2024\\\/03\\\/RRI-960x540-Nachrichten-2-NOU.jpg\",\"keywords\":[\"Kulturtag\",\"Moldau\",\"protest\",\"Rum\u00e4nien\",\"Trump\"],\"articleSection\":[\"Newsflash\"],\"inLanguage\":\"de\"},{\"@type\":\"WebPage\",\"@id\":\"https:\\\/\\\/www.rri.ro\\\/de\\\/aktuell\\\/newsflash-de\\\/15-01-2025-id851664.html\",\"url\":\"https:\\\/\\\/www.rri.ro\\\/de\\\/aktuell\\\/newsflash-de\\\/15-01-2025-id851664.html\",\"name\":\"15.01.2025 - Radio Rum\u00e4nien International\",\"isPartOf\":{\"@id\":\"https:\\\/\\\/www.rri.ro\\\/#website\"},\"primaryImageOfPage\":{\"@id\":\"https:\\\/\\\/www.rri.ro\\\/de\\\/aktuell\\\/newsflash-de\\\/15-01-2025-id851664.html#primaryimage\"},\"image\":{\"@id\":\"https:\\\/\\\/www.rri.ro\\\/de\\\/aktuell\\\/newsflash-de\\\/15-01-2025-id851664.html#primaryimage\"},\"thumbnailUrl\":\"https:\\\/\\\/www.rri.ro\\\/wp-content\\\/uploads\\\/2024\\\/03\\\/RRI-960x540-Nachrichten-2-NOU.jpg\",\"datePublished\":\"2025-01-15T15:01:18+00:00\",\"author\":{\"@id\":\"https:\\\/\\\/www.rri.ro\\\/#\\\/schema\\\/person\\\/4a479940371b9fdefd194f561e8a7f88\"},\"breadcrumb\":{\"@id\":\"https:\\\/\\\/www.rri.ro\\\/de\\\/aktuell\\\/newsflash-de\\\/15-01-2025-id851664.html#breadcrumb\"},\"inLanguage\":\"de\",\"potentialAction\":[{\"@type\":\"ReadAction\",\"target\":[\"https:\\\/\\\/www.rri.ro\\\/de\\\/aktuell\\\/newsflash-de\\\/15-01-2025-id851664.html\"]}]},{\"@type\":\"ImageObject\",\"inLanguage\":\"de\",\"@id\":\"https:\\\/\\\/www.rri.ro\\\/de\\\/aktuell\\\/newsflash-de\\\/15-01-2025-id851664.html#primaryimage\",\"url\":\"https:\\\/\\\/www.rri.ro\\\/wp-content\\\/uploads\\\/2024\\\/03\\\/RRI-960x540-Nachrichten-2-NOU.jpg\",\"contentUrl\":\"https:\\\/\\\/www.rri.ro\\\/wp-content\\\/uploads\\\/2024\\\/03\\\/RRI-960x540-Nachrichten-2-NOU.jpg\",\"width\":960,\"height\":540},{\"@type\":\"BreadcrumbList\",\"@id\":\"https:\\\/\\\/www.rri.ro\\\/de\\\/aktuell\\\/newsflash-de\\\/15-01-2025-id851664.html#breadcrumb\",\"itemListElement\":[{\"@type\":\"ListItem\",\"position\":1,\"name\":\"Startseite\",\"item\":\"https:\\\/\\\/www.rri.ro\\\/de\"},{\"@type\":\"ListItem\",\"position\":2,\"name\":\"Aktuell\",\"item\":\"https:\\\/\\\/www.rri.ro\\\/de\\\/aktuell\"},{\"@type\":\"ListItem\",\"position\":3,\"name\":\"Newsflash\",\"item\":\"https:\\\/\\\/www.rri.ro\\\/de\\\/aktuell\\\/newsflash-de\"},{\"@type\":\"ListItem\",\"position\":4,\"name\":\"15.01.2025\"}]},{\"@type\":\"WebSite\",\"@id\":\"https:\\\/\\\/www.rri.ro\\\/#website\",\"url\":\"https:\\\/\\\/www.rri.ro\\\/\",\"name\":\"Radio Rum\u00e4nien International\",\"description\":\"Totul despre Rom\u00e2nia \u015fi rom\u00e2ni, \u00een 13 limbi\\\/dialecte!\",\"inLanguage\":\"de\"},{\"@type\":\"Person\",\"@id\":\"https:\\\/\\\/www.rri.ro\\\/#\\\/schema\\\/person\\\/4a479940371b9fdefd194f561e8a7f88\",\"name\":\"Newsroom\",\"url\":\"https:\\\/\\\/www.rri.ro\\\/de\\\/author\\\/newsroom\"}]}<\/script>\n<!-- \/ Yoast SEO plugin. -->","yoast_head_json":{"title":"15.01.2025 - Radio Rum\u00e4nien International","robots":{"index":"index","follow":"follow","max-snippet":"max-snippet:-1","max-image-preview":"max-image-preview:large","max-video-preview":"max-video-preview:-1"},"canonical":"https:\/\/www.rri.ro\/de\/aktuell\/newsflash-de\/15-01-2025-id851664.html","og_locale":"de_DE","og_type":"article","og_title":"15.01.2025 - Radio Rum\u00e4nien International","og_description":"Der ehemalige rum\u00e4nische Premierminister Petre Roman ist am Mittwoch bei der Generalstaatsanwaltschaft im Fall der sogenannten Mineriade vom Juni 1990 vernommen worden, in dem er wegen Verbrechen gegen die Menschlichkeit angeklagt ist. Er bestreitet jegliche Beteiligung. In diesem Verfahren werden auch andere Personen strafrechtlich verfolgt, darunter Alt-Pr\u00e4sident Ion Iliescu und der ehemalige Geheimdienstchef Virgil M\u0103gureanu. [&hellip;]","og_url":"https:\/\/www.rri.ro\/de\/aktuell\/newsflash-de\/15-01-2025-id851664.html","og_site_name":"Radio Rum\u00e4nien International","article_published_time":"2025-01-15T15:01:18+00:00","og_image":[{"width":960,"height":540,"url":"https:\/\/www.rri.ro\/wp-content\/uploads\/2024\/03\/RRI-960x540-Nachrichten-2-NOU.jpg","type":"image\/jpeg"}],"author":"Newsroom","twitter_card":"summary_large_image","twitter_misc":{"Verfasst von":"Newsroom","Gesch\u00e4tzte Lesezeit":"4\u00a0Minuten","Written by":"Newsroom"},"schema":{"@context":"https:\/\/schema.org","@graph":[{"@type":"Article","@id":"https:\/\/www.rri.ro\/de\/aktuell\/newsflash-de\/15-01-2025-id851664.html#article","isPartOf":{"@id":"https:\/\/www.rri.ro\/de\/aktuell\/newsflash-de\/15-01-2025-id851664.html"},"author":{"name":"Newsroom","@id":"https:\/\/www.rri.ro\/#\/schema\/person\/4a479940371b9fdefd194f561e8a7f88"},"headline":"15.01.2025","datePublished":"2025-01-15T15:01:18+00:00","mainEntityOfPage":{"@id":"https:\/\/www.rri.ro\/de\/aktuell\/newsflash-de\/15-01-2025-id851664.html"},"wordCount":723,"image":{"@id":"https:\/\/www.rri.ro\/de\/aktuell\/newsflash-de\/15-01-2025-id851664.html#primaryimage"},"thumbnailUrl":"https:\/\/www.rri.ro\/wp-content\/uploads\/2024\/03\/RRI-960x540-Nachrichten-2-NOU.jpg","keywords":["Kulturtag","Moldau","protest","Rum\u00e4nien","Trump"],"articleSection":["Newsflash"],"inLanguage":"de"},{"@type":"WebPage","@id":"https:\/\/www.rri.ro\/de\/aktuell\/newsflash-de\/15-01-2025-id851664.html","url":"https:\/\/www.rri.ro\/de\/aktuell\/newsflash-de\/15-01-2025-id851664.html","name":"15.01.2025 - Radio Rum\u00e4nien International","isPartOf":{"@id":"https:\/\/www.rri.ro\/#website"},"primaryImageOfPage":{"@id":"https:\/\/www.rri.ro\/de\/aktuell\/newsflash-de\/15-01-2025-id851664.html#primaryimage"},"image":{"@id":"https:\/\/www.rri.ro\/de\/aktuell\/newsflash-de\/15-01-2025-id851664.html#primaryimage"},"thumbnailUrl":"https:\/\/www.rri.ro\/wp-content\/uploads\/2024\/03\/RRI-960x540-Nachrichten-2-NOU.jpg","datePublished":"2025-01-15T15:01:18+00:00","author":{"@id":"https:\/\/www.rri.ro\/#\/schema\/person\/4a479940371b9fdefd194f561e8a7f88"},"breadcrumb":{"@id":"https:\/\/www.rri.ro\/de\/aktuell\/newsflash-de\/15-01-2025-id851664.html#breadcrumb"},"inLanguage":"de","potentialAction":[{"@type":"ReadAction","target":["https:\/\/www.rri.ro\/de\/aktuell\/newsflash-de\/15-01-2025-id851664.html"]}]},{"@type":"ImageObject","inLanguage":"de","@id":"https:\/\/www.rri.ro\/de\/aktuell\/newsflash-de\/15-01-2025-id851664.html#primaryimage","url":"https:\/\/www.rri.ro\/wp-content\/uploads\/2024\/03\/RRI-960x540-Nachrichten-2-NOU.jpg","contentUrl":"https:\/\/www.rri.ro\/wp-content\/uploads\/2024\/03\/RRI-960x540-Nachrichten-2-NOU.jpg","width":960,"height":540},{"@type":"BreadcrumbList","@id":"https:\/\/www.rri.ro\/de\/aktuell\/newsflash-de\/15-01-2025-id851664.html#breadcrumb","itemListElement":[{"@type":"ListItem","position":1,"name":"Startseite","item":"https:\/\/www.rri.ro\/de"},{"@type":"ListItem","position":2,"name":"Aktuell","item":"https:\/\/www.rri.ro\/de\/aktuell"},{"@type":"ListItem","position":3,"name":"Newsflash","item":"https:\/\/www.rri.ro\/de\/aktuell\/newsflash-de"},{"@type":"ListItem","position":4,"name":"15.01.2025"}]},{"@type":"WebSite","@id":"https:\/\/www.rri.ro\/#website","url":"https:\/\/www.rri.ro\/","name":"Radio Rum\u00e4nien International","description":"Totul despre Rom\u00e2nia \u015fi rom\u00e2ni, \u00een 13 limbi\/dialecte!","inLanguage":"de"},{"@type":"Person","@id":"https:\/\/www.rri.ro\/#\/schema\/person\/4a479940371b9fdefd194f561e8a7f88","name":"Newsroom","url":"https:\/\/www.rri.ro\/de\/author\/newsroom"}]}},"_links":{"self":[{"href":"https:\/\/www.rri.ro\/de\/wp-json\/wp\/v2\/posts\/851664","targetHints":{"allow":["GET"]}}],"collection":[{"href":"https:\/\/www.rri.ro\/de\/wp-json\/wp\/v2\/posts"}],"about":[{"href":"https:\/\/www.rri.ro\/de\/wp-json\/wp\/v2\/types\/post"}],"author":[{"embeddable":true,"href":"https:\/\/www.rri.ro\/de\/wp-json\/wp\/v2\/users\/113"}],"replies":[{"embeddable":true,"href":"https:\/\/www.rri.ro\/de\/wp-json\/wp\/v2\/comments?post=851664"}],"version-history":[{"count":0,"href":"https:\/\/www.rri.ro\/de\/wp-json\/wp\/v2\/posts\/851664\/revisions"}],"wp:featuredmedia":[{"embeddable":true,"href":"https:\/\/www.rri.ro\/de\/wp-json\/wp\/v2\/media\/723386"}],"wp:attachment":[{"href":"https:\/\/www.rri.ro\/de\/wp-json\/wp\/v2\/media?parent=851664"}],"wp:term":[{"taxonomy":"category","embeddable":true,"href":"https:\/\/www.rri.ro\/de\/wp-json\/wp\/v2\/categories?post=851664"},{"taxonomy":"post_tag","embeddable":true,"href":"https:\/\/www.rri.ro\/de\/wp-json\/wp\/v2\/tags?post=851664"},{"taxonomy":"author","embeddable":true,"href":"https:\/\/www.rri.ro\/de\/wp-json\/wp\/v2\/coauthors?post=851664"}],"curies":[{"name":"wp","href":"https:\/\/api.w.org\/{rel}","templated":true}]}}