{"id":853282,"date":"2025-01-20T14:51:02","date_gmt":"2025-01-20T12:51:02","guid":{"rendered":"https:\/\/www.rri.ro\/?p=853282"},"modified":"2025-01-20T14:51:02","modified_gmt":"2025-01-20T12:51:02","slug":"nach-aussichten-der-weltbank-rumaenische-wirtschaft-schrumpft-in-den-naechsten-zwei-jahren","status":"publish","type":"post","link":"https:\/\/www.rri.ro\/de\/aktuell\/rri-aktuell\/nach-aussichten-der-weltbank-rumaenische-wirtschaft-schrumpft-in-den-naechsten-zwei-jahren-id853282.html","title":{"rendered":"Nach Aussichten der Weltbank: rum\u00e4nische Wirtschaft schrumpft in den n\u00e4chsten zwei Jahren"},"content":{"rendered":"<p>Die rum\u00e4nische Wirtschaft wird in diesem Jahr um 2,1 % wachsen, gegen\u00fcber 3,8 %, wie Mitte letzten Jahres gesch\u00e4tzt, so der j\u00fcngste Bericht \u201eGlobal Economic Prospects\u201c der Weltbank. Die Prognose der Weltbank f\u00fcr das n\u00e4chste Jahr sinkt ebenfalls, und zwar von 3,8 % auf 2,6 %. Nach Angaben der Weltbank wird sich das Wachstum in Mitteleuropa dank der robusten privaten Nachfrage voraussichtlich auf 2,8 % im Jahr 2025 und 3 % im Jahr 2026 erholen. Allerdings wird erwartet, dass das Exportwachstum in Mitteleuropa bescheiden bleibt und hinter dem ebenfalls ged\u00e4mpften Wachstum des Euroraums zur\u00fcckbleibt.<\/p>\n<p>&nbsp;<\/p>\n<p>Die Experten der internationalen Institution gehen davon aus, dass sich das Investitionsniveau, insbesondere in Polen und Rum\u00e4nien, aufgrund von Strukturreformen und verz\u00f6gerten EU-Mitteln verbessern wird. F\u00fcr diese L\u00e4nder wurden 19 % bzw. 33 % der Mittel aus dem Konjunktur- und Resilienzplan freigegeben, wobei etwa 13 % der Ziele erreicht und positiv bewertet wurden, hei\u00dft es in dem Bericht. Trotz des Zuflusses von EU-Mitteln haben die k\u00fcrzlich angek\u00fcndigten Ma\u00dfnahmen zur Haushaltskonsolidierung zu einer deutlichen Abw\u00e4rtskorrektur f\u00fcr die Aussicht der rum\u00e4nischen Wirtschaft seit Juni beigetragen, so die Weltbank.<\/p>\n<p>&nbsp;<\/p>\n<p>Anfang Februar wird eine IWF-Mission zu Gespr\u00e4chen mit Vertretern der neuen rum\u00e4nischen Regierung und der Nationalbank nach Bukarest reisen. Ziel des Besuchs ist es, die j\u00fcngsten wirtschaftlichen und finanziellen Entwicklungen zu analysieren und die makro\u00f6konomischen Aussichten zu aktualisieren. Ende letzten Jahres senkte die Ratingagentur Fitch ihre Prognosen f\u00fcr das Wachstum des rum\u00e4nischen Bruttoinlandsprodukts in den Jahren 2025 und 2026 auf 1,4 % bzw. 2,2 %, da die Erholung im Euroraum schw\u00e4cher ausf\u00e4llt. Dar\u00fcber hinaus prognostiziert die Weltbank, dass das BIP im Euroraum im Jahr 2025 nur um 1 % wachsen wird, nachdem sie im Juni noch einen Anstieg von 1,4 % vorausgesagt hatte.<\/p>\n<p>&nbsp;<\/p>\n<p>Die Verschlechterung der Aussichten erfolgt vor dem Hintergrund eines schwachen Verbrauchs, geringer Unternehmensinvestitionen und einer schleppenden Industrieentwicklung. Die Weltbank warnt vor den Auswirkungen der Probleme, mit denen Deutschland konfrontiert ist, das fast 30 % des BIP der Eurozone erwirtschaftet. Dar\u00fcber hinaus warnte die Weltbank, dass m\u00f6gliche zus\u00e4tzliche US-Z\u00f6lle in H\u00f6he von 10 % das bereits schwache globale Wirtschaftswachstum um 0,3 Prozentpunkte verringern k\u00f6nnten, wenn die US-Handelspartner ihre eigenen Z\u00f6lle einf\u00fchren. M\u00f6gliche zus\u00e4tzliche Z\u00f6lle w\u00fcrden das US-Wirtschaftswachstum um 0,9 % verringern, das f\u00fcr 2025 auf 2,3 % gesch\u00e4tzt wird. Die ausl\u00e4ndischen Direktinvestitionen in den Entwicklungsl\u00e4ndern sind heute nur noch halb so hoch wie im Jahr 2000, und die weltweiten Handelsbeschr\u00e4nkungen sind f\u00fcnfmal h\u00f6her als im Durchschnitt der Jahre 2010 bis 2019, so die Einsch\u00e4tzung der Weltbank.<\/p>\n","protected":false},"excerpt":{"rendered":"<p>Die rum\u00e4nische Wirtschaft wird in diesem Jahr um 2,1 % wachsen, gegen\u00fcber 3,8 %, wie Mitte letzten Jahres gesch\u00e4tzt, so der j\u00fcngste Bericht \u201eGlobal Economic Prospects\u201c der Weltbank. Die Prognose der Weltbank f\u00fcr das n\u00e4chste Jahr sinkt ebenfalls, und zwar von 3,8 % auf 2,6 %. Nach Angaben der Weltbank wird sich das Wachstum in [&hellip;]<\/p>\n","protected":false},"author":110,"featured_media":827255,"comment_status":"closed","ping_status":"closed","sticky":false,"template":"","format":"standard","meta":{"_acf_changed":false,"footnotes":""},"categories":[99583],"tags":[117682,99753,99592,99757],"coauthors":[113257],"class_list":["post-853282","post","type-post","status-publish","format-standard","has-post-thumbnail","hentry","category-rri-aktuell","tag-aussichten","tag-wachstum","tag-weltbank","tag-wirtschaft"],"acf":[],"yoast_head":"<!-- This site is optimized with the Yoast SEO plugin v27.3 - https:\/\/yoast.com\/product\/yoast-seo-wordpress\/ -->\n<title>Nach Aussichten der Weltbank: rum\u00e4nische Wirtschaft schrumpft in den n\u00e4chsten zwei Jahren - Radio Rum\u00e4nien International<\/title>\n<meta name=\"robots\" content=\"index, follow, max-snippet:-1, max-image-preview:large, max-video-preview:-1\" \/>\n<link rel=\"canonical\" href=\"https:\/\/www.rri.ro\/de\/aktuell\/rri-aktuell\/nach-aussichten-der-weltbank-rumaenische-wirtschaft-schrumpft-in-den-naechsten-zwei-jahren-id853282.html\" \/>\n<meta property=\"og:locale\" content=\"de_DE\" \/>\n<meta property=\"og:type\" content=\"article\" \/>\n<meta property=\"og:title\" content=\"Nach Aussichten der Weltbank: rum\u00e4nische Wirtschaft schrumpft in den n\u00e4chsten zwei Jahren - Radio Rum\u00e4nien International\" \/>\n<meta property=\"og:description\" content=\"Die rum\u00e4nische Wirtschaft wird in diesem Jahr um 2,1 % wachsen, gegen\u00fcber 3,8 %, wie Mitte letzten Jahres gesch\u00e4tzt, so der j\u00fcngste Bericht \u201eGlobal Economic Prospects\u201c der Weltbank. Die Prognose der Weltbank f\u00fcr das n\u00e4chste Jahr sinkt ebenfalls, und zwar von 3,8 % auf 2,6 %. Nach Angaben der Weltbank wird sich das Wachstum in [&hellip;]\" \/>\n<meta property=\"og:url\" content=\"https:\/\/www.rri.ro\/de\/aktuell\/rri-aktuell\/nach-aussichten-der-weltbank-rumaenische-wirtschaft-schrumpft-in-den-naechsten-zwei-jahren-id853282.html\" \/>\n<meta property=\"og:site_name\" content=\"Radio Rum\u00e4nien International\" \/>\n<meta property=\"article:published_time\" content=\"2025-01-20T12:51:02+00:00\" \/>\n<meta property=\"og:image\" content=\"https:\/\/www.rri.ro\/wp-content\/uploads\/2024\/11\/grafic-scadere-economie-finante-foto-pixabay_16x9.jpg\" \/>\n\t<meta property=\"og:image:width\" content=\"960\" \/>\n\t<meta property=\"og:image:height\" content=\"540\" \/>\n\t<meta property=\"og:image:type\" content=\"image\/jpeg\" \/>\n<meta name=\"author\" content=\"\u015etefan Stoica\" \/>\n<meta name=\"twitter:card\" content=\"summary_large_image\" \/>\n<meta name=\"twitter:label1\" content=\"Verfasst von\" \/>\n\t<meta name=\"twitter:data1\" content=\"\u015etefan Stoica\" \/>\n\t<meta name=\"twitter:label2\" content=\"Gesch\u00e4tzte Lesezeit\" \/>\n\t<meta name=\"twitter:data2\" content=\"2\u00a0Minuten\" \/>\n\t<meta name=\"twitter:label3\" content=\"Written by\" \/>\n\t<meta name=\"twitter:data3\" content=\"\u015etefan Stoica\" \/>\n<script type=\"application\/ld+json\" class=\"yoast-schema-graph\">{\"@context\":\"https:\\\/\\\/schema.org\",\"@graph\":[{\"@type\":\"Article\",\"@id\":\"https:\\\/\\\/www.rri.ro\\\/de\\\/aktuell\\\/rri-aktuell\\\/nach-aussichten-der-weltbank-rumaenische-wirtschaft-schrumpft-in-den-naechsten-zwei-jahren-id853282.html#article\",\"isPartOf\":{\"@id\":\"https:\\\/\\\/www.rri.ro\\\/de\\\/aktuell\\\/rri-aktuell\\\/nach-aussichten-der-weltbank-rumaenische-wirtschaft-schrumpft-in-den-naechsten-zwei-jahren-id853282.html\"},\"author\":{\"name\":\"\u015etefan Stoica\",\"@id\":\"https:\\\/\\\/www.rri.ro\\\/#\\\/schema\\\/person\\\/2d81d5dc94d44190d13245f64551d334\"},\"headline\":\"Nach Aussichten der Weltbank: rum\u00e4nische Wirtschaft schrumpft in den n\u00e4chsten zwei Jahren\",\"datePublished\":\"2025-01-20T12:51:02+00:00\",\"mainEntityOfPage\":{\"@id\":\"https:\\\/\\\/www.rri.ro\\\/de\\\/aktuell\\\/rri-aktuell\\\/nach-aussichten-der-weltbank-rumaenische-wirtschaft-schrumpft-in-den-naechsten-zwei-jahren-id853282.html\"},\"wordCount\":429,\"image\":{\"@id\":\"https:\\\/\\\/www.rri.ro\\\/de\\\/aktuell\\\/rri-aktuell\\\/nach-aussichten-der-weltbank-rumaenische-wirtschaft-schrumpft-in-den-naechsten-zwei-jahren-id853282.html#primaryimage\"},\"thumbnailUrl\":\"https:\\\/\\\/www.rri.ro\\\/wp-content\\\/uploads\\\/2024\\\/11\\\/grafic-scadere-economie-finante-foto-pixabay_16x9.jpg\",\"keywords\":[\"Aussichten\",\"Wachstum\",\"Weltbank\",\"Wirtschaft\"],\"articleSection\":[\"RRI Aktuell\"],\"inLanguage\":\"de\"},{\"@type\":\"WebPage\",\"@id\":\"https:\\\/\\\/www.rri.ro\\\/de\\\/aktuell\\\/rri-aktuell\\\/nach-aussichten-der-weltbank-rumaenische-wirtschaft-schrumpft-in-den-naechsten-zwei-jahren-id853282.html\",\"url\":\"https:\\\/\\\/www.rri.ro\\\/de\\\/aktuell\\\/rri-aktuell\\\/nach-aussichten-der-weltbank-rumaenische-wirtschaft-schrumpft-in-den-naechsten-zwei-jahren-id853282.html\",\"name\":\"Nach Aussichten der Weltbank: rum\u00e4nische Wirtschaft schrumpft in den n\u00e4chsten zwei Jahren - Radio Rum\u00e4nien International\",\"isPartOf\":{\"@id\":\"https:\\\/\\\/www.rri.ro\\\/#website\"},\"primaryImageOfPage\":{\"@id\":\"https:\\\/\\\/www.rri.ro\\\/de\\\/aktuell\\\/rri-aktuell\\\/nach-aussichten-der-weltbank-rumaenische-wirtschaft-schrumpft-in-den-naechsten-zwei-jahren-id853282.html#primaryimage\"},\"image\":{\"@id\":\"https:\\\/\\\/www.rri.ro\\\/de\\\/aktuell\\\/rri-aktuell\\\/nach-aussichten-der-weltbank-rumaenische-wirtschaft-schrumpft-in-den-naechsten-zwei-jahren-id853282.html#primaryimage\"},\"thumbnailUrl\":\"https:\\\/\\\/www.rri.ro\\\/wp-content\\\/uploads\\\/2024\\\/11\\\/grafic-scadere-economie-finante-foto-pixabay_16x9.jpg\",\"datePublished\":\"2025-01-20T12:51:02+00:00\",\"author\":{\"@id\":\"https:\\\/\\\/www.rri.ro\\\/#\\\/schema\\\/person\\\/2d81d5dc94d44190d13245f64551d334\"},\"breadcrumb\":{\"@id\":\"https:\\\/\\\/www.rri.ro\\\/de\\\/aktuell\\\/rri-aktuell\\\/nach-aussichten-der-weltbank-rumaenische-wirtschaft-schrumpft-in-den-naechsten-zwei-jahren-id853282.html#breadcrumb\"},\"inLanguage\":\"de\",\"potentialAction\":[{\"@type\":\"ReadAction\",\"target\":[\"https:\\\/\\\/www.rri.ro\\\/de\\\/aktuell\\\/rri-aktuell\\\/nach-aussichten-der-weltbank-rumaenische-wirtschaft-schrumpft-in-den-naechsten-zwei-jahren-id853282.html\"]}]},{\"@type\":\"ImageObject\",\"inLanguage\":\"de\",\"@id\":\"https:\\\/\\\/www.rri.ro\\\/de\\\/aktuell\\\/rri-aktuell\\\/nach-aussichten-der-weltbank-rumaenische-wirtschaft-schrumpft-in-den-naechsten-zwei-jahren-id853282.html#primaryimage\",\"url\":\"https:\\\/\\\/www.rri.ro\\\/wp-content\\\/uploads\\\/2024\\\/11\\\/grafic-scadere-economie-finante-foto-pixabay_16x9.jpg\",\"contentUrl\":\"https:\\\/\\\/www.rri.ro\\\/wp-content\\\/uploads\\\/2024\\\/11\\\/grafic-scadere-economie-finante-foto-pixabay_16x9.jpg\",\"width\":960,\"height\":540,\"caption\":\"(Foto: Mediamodifier \\\/ pixabay.com)\"},{\"@type\":\"BreadcrumbList\",\"@id\":\"https:\\\/\\\/www.rri.ro\\\/de\\\/aktuell\\\/rri-aktuell\\\/nach-aussichten-der-weltbank-rumaenische-wirtschaft-schrumpft-in-den-naechsten-zwei-jahren-id853282.html#breadcrumb\",\"itemListElement\":[{\"@type\":\"ListItem\",\"position\":1,\"name\":\"Startseite\",\"item\":\"https:\\\/\\\/www.rri.ro\\\/de\"},{\"@type\":\"ListItem\",\"position\":2,\"name\":\"Aktuell\",\"item\":\"https:\\\/\\\/www.rri.ro\\\/de\\\/aktuell\"},{\"@type\":\"ListItem\",\"position\":3,\"name\":\"RRI Aktuell\",\"item\":\"https:\\\/\\\/www.rri.ro\\\/de\\\/aktuell\\\/rri-aktuell\"},{\"@type\":\"ListItem\",\"position\":4,\"name\":\"Nach Aussichten der Weltbank: rum\u00e4nische Wirtschaft schrumpft in den n\u00e4chsten zwei Jahren\"}]},{\"@type\":\"WebSite\",\"@id\":\"https:\\\/\\\/www.rri.ro\\\/#website\",\"url\":\"https:\\\/\\\/www.rri.ro\\\/\",\"name\":\"Radio Rum\u00e4nien International\",\"description\":\"Totul despre Rom\u00e2nia \u015fi rom\u00e2ni, \u00een 13 limbi\\\/dialecte!\",\"inLanguage\":\"de\"},{\"@type\":\"Person\",\"@id\":\"https:\\\/\\\/www.rri.ro\\\/#\\\/schema\\\/person\\\/2d81d5dc94d44190d13245f64551d334\",\"name\":\"\u015etefan Stoica\",\"url\":\"https:\\\/\\\/www.rri.ro\\\/de\\\/author\\\/stefan-stoica\"}]}<\/script>\n<!-- \/ Yoast SEO plugin. -->","yoast_head_json":{"title":"Nach Aussichten der Weltbank: rum\u00e4nische Wirtschaft schrumpft in den n\u00e4chsten zwei Jahren - Radio Rum\u00e4nien International","robots":{"index":"index","follow":"follow","max-snippet":"max-snippet:-1","max-image-preview":"max-image-preview:large","max-video-preview":"max-video-preview:-1"},"canonical":"https:\/\/www.rri.ro\/de\/aktuell\/rri-aktuell\/nach-aussichten-der-weltbank-rumaenische-wirtschaft-schrumpft-in-den-naechsten-zwei-jahren-id853282.html","og_locale":"de_DE","og_type":"article","og_title":"Nach Aussichten der Weltbank: rum\u00e4nische Wirtschaft schrumpft in den n\u00e4chsten zwei Jahren - Radio Rum\u00e4nien International","og_description":"Die rum\u00e4nische Wirtschaft wird in diesem Jahr um 2,1 % wachsen, gegen\u00fcber 3,8 %, wie Mitte letzten Jahres gesch\u00e4tzt, so der j\u00fcngste Bericht \u201eGlobal Economic Prospects\u201c der Weltbank. Die Prognose der Weltbank f\u00fcr das n\u00e4chste Jahr sinkt ebenfalls, und zwar von 3,8 % auf 2,6 %. Nach Angaben der Weltbank wird sich das Wachstum in [&hellip;]","og_url":"https:\/\/www.rri.ro\/de\/aktuell\/rri-aktuell\/nach-aussichten-der-weltbank-rumaenische-wirtschaft-schrumpft-in-den-naechsten-zwei-jahren-id853282.html","og_site_name":"Radio Rum\u00e4nien International","article_published_time":"2025-01-20T12:51:02+00:00","og_image":[{"width":960,"height":540,"url":"https:\/\/www.rri.ro\/wp-content\/uploads\/2024\/11\/grafic-scadere-economie-finante-foto-pixabay_16x9.jpg","type":"image\/jpeg"}],"author":"\u015etefan Stoica","twitter_card":"summary_large_image","twitter_misc":{"Verfasst von":"\u015etefan Stoica","Gesch\u00e4tzte Lesezeit":"2\u00a0Minuten","Written by":"\u015etefan Stoica"},"schema":{"@context":"https:\/\/schema.org","@graph":[{"@type":"Article","@id":"https:\/\/www.rri.ro\/de\/aktuell\/rri-aktuell\/nach-aussichten-der-weltbank-rumaenische-wirtschaft-schrumpft-in-den-naechsten-zwei-jahren-id853282.html#article","isPartOf":{"@id":"https:\/\/www.rri.ro\/de\/aktuell\/rri-aktuell\/nach-aussichten-der-weltbank-rumaenische-wirtschaft-schrumpft-in-den-naechsten-zwei-jahren-id853282.html"},"author":{"name":"\u015etefan Stoica","@id":"https:\/\/www.rri.ro\/#\/schema\/person\/2d81d5dc94d44190d13245f64551d334"},"headline":"Nach Aussichten der Weltbank: rum\u00e4nische Wirtschaft schrumpft in den n\u00e4chsten zwei Jahren","datePublished":"2025-01-20T12:51:02+00:00","mainEntityOfPage":{"@id":"https:\/\/www.rri.ro\/de\/aktuell\/rri-aktuell\/nach-aussichten-der-weltbank-rumaenische-wirtschaft-schrumpft-in-den-naechsten-zwei-jahren-id853282.html"},"wordCount":429,"image":{"@id":"https:\/\/www.rri.ro\/de\/aktuell\/rri-aktuell\/nach-aussichten-der-weltbank-rumaenische-wirtschaft-schrumpft-in-den-naechsten-zwei-jahren-id853282.html#primaryimage"},"thumbnailUrl":"https:\/\/www.rri.ro\/wp-content\/uploads\/2024\/11\/grafic-scadere-economie-finante-foto-pixabay_16x9.jpg","keywords":["Aussichten","Wachstum","Weltbank","Wirtschaft"],"articleSection":["RRI Aktuell"],"inLanguage":"de"},{"@type":"WebPage","@id":"https:\/\/www.rri.ro\/de\/aktuell\/rri-aktuell\/nach-aussichten-der-weltbank-rumaenische-wirtschaft-schrumpft-in-den-naechsten-zwei-jahren-id853282.html","url":"https:\/\/www.rri.ro\/de\/aktuell\/rri-aktuell\/nach-aussichten-der-weltbank-rumaenische-wirtschaft-schrumpft-in-den-naechsten-zwei-jahren-id853282.html","name":"Nach Aussichten der Weltbank: rum\u00e4nische Wirtschaft schrumpft in den n\u00e4chsten zwei Jahren - Radio Rum\u00e4nien International","isPartOf":{"@id":"https:\/\/www.rri.ro\/#website"},"primaryImageOfPage":{"@id":"https:\/\/www.rri.ro\/de\/aktuell\/rri-aktuell\/nach-aussichten-der-weltbank-rumaenische-wirtschaft-schrumpft-in-den-naechsten-zwei-jahren-id853282.html#primaryimage"},"image":{"@id":"https:\/\/www.rri.ro\/de\/aktuell\/rri-aktuell\/nach-aussichten-der-weltbank-rumaenische-wirtschaft-schrumpft-in-den-naechsten-zwei-jahren-id853282.html#primaryimage"},"thumbnailUrl":"https:\/\/www.rri.ro\/wp-content\/uploads\/2024\/11\/grafic-scadere-economie-finante-foto-pixabay_16x9.jpg","datePublished":"2025-01-20T12:51:02+00:00","author":{"@id":"https:\/\/www.rri.ro\/#\/schema\/person\/2d81d5dc94d44190d13245f64551d334"},"breadcrumb":{"@id":"https:\/\/www.rri.ro\/de\/aktuell\/rri-aktuell\/nach-aussichten-der-weltbank-rumaenische-wirtschaft-schrumpft-in-den-naechsten-zwei-jahren-id853282.html#breadcrumb"},"inLanguage":"de","potentialAction":[{"@type":"ReadAction","target":["https:\/\/www.rri.ro\/de\/aktuell\/rri-aktuell\/nach-aussichten-der-weltbank-rumaenische-wirtschaft-schrumpft-in-den-naechsten-zwei-jahren-id853282.html"]}]},{"@type":"ImageObject","inLanguage":"de","@id":"https:\/\/www.rri.ro\/de\/aktuell\/rri-aktuell\/nach-aussichten-der-weltbank-rumaenische-wirtschaft-schrumpft-in-den-naechsten-zwei-jahren-id853282.html#primaryimage","url":"https:\/\/www.rri.ro\/wp-content\/uploads\/2024\/11\/grafic-scadere-economie-finante-foto-pixabay_16x9.jpg","contentUrl":"https:\/\/www.rri.ro\/wp-content\/uploads\/2024\/11\/grafic-scadere-economie-finante-foto-pixabay_16x9.jpg","width":960,"height":540,"caption":"(Foto: Mediamodifier \/ pixabay.com)"},{"@type":"BreadcrumbList","@id":"https:\/\/www.rri.ro\/de\/aktuell\/rri-aktuell\/nach-aussichten-der-weltbank-rumaenische-wirtschaft-schrumpft-in-den-naechsten-zwei-jahren-id853282.html#breadcrumb","itemListElement":[{"@type":"ListItem","position":1,"name":"Startseite","item":"https:\/\/www.rri.ro\/de"},{"@type":"ListItem","position":2,"name":"Aktuell","item":"https:\/\/www.rri.ro\/de\/aktuell"},{"@type":"ListItem","position":3,"name":"RRI Aktuell","item":"https:\/\/www.rri.ro\/de\/aktuell\/rri-aktuell"},{"@type":"ListItem","position":4,"name":"Nach Aussichten der Weltbank: rum\u00e4nische Wirtschaft schrumpft in den n\u00e4chsten zwei Jahren"}]},{"@type":"WebSite","@id":"https:\/\/www.rri.ro\/#website","url":"https:\/\/www.rri.ro\/","name":"Radio Rum\u00e4nien International","description":"Totul despre Rom\u00e2nia \u015fi rom\u00e2ni, \u00een 13 limbi\/dialecte!","inLanguage":"de"},{"@type":"Person","@id":"https:\/\/www.rri.ro\/#\/schema\/person\/2d81d5dc94d44190d13245f64551d334","name":"\u015etefan Stoica","url":"https:\/\/www.rri.ro\/de\/author\/stefan-stoica"}]}},"_links":{"self":[{"href":"https:\/\/www.rri.ro\/de\/wp-json\/wp\/v2\/posts\/853282","targetHints":{"allow":["GET"]}}],"collection":[{"href":"https:\/\/www.rri.ro\/de\/wp-json\/wp\/v2\/posts"}],"about":[{"href":"https:\/\/www.rri.ro\/de\/wp-json\/wp\/v2\/types\/post"}],"author":[{"embeddable":true,"href":"https:\/\/www.rri.ro\/de\/wp-json\/wp\/v2\/users\/110"}],"replies":[{"embeddable":true,"href":"https:\/\/www.rri.ro\/de\/wp-json\/wp\/v2\/comments?post=853282"}],"version-history":[{"count":0,"href":"https:\/\/www.rri.ro\/de\/wp-json\/wp\/v2\/posts\/853282\/revisions"}],"wp:featuredmedia":[{"embeddable":true,"href":"https:\/\/www.rri.ro\/de\/wp-json\/wp\/v2\/media\/827255"}],"wp:attachment":[{"href":"https:\/\/www.rri.ro\/de\/wp-json\/wp\/v2\/media?parent=853282"}],"wp:term":[{"taxonomy":"category","embeddable":true,"href":"https:\/\/www.rri.ro\/de\/wp-json\/wp\/v2\/categories?post=853282"},{"taxonomy":"post_tag","embeddable":true,"href":"https:\/\/www.rri.ro\/de\/wp-json\/wp\/v2\/tags?post=853282"},{"taxonomy":"author","embeddable":true,"href":"https:\/\/www.rri.ro\/de\/wp-json\/wp\/v2\/coauthors?post=853282"}],"curies":[{"name":"wp","href":"https:\/\/api.w.org\/{rel}","templated":true}]}}