{"id":872643,"date":"2025-03-16T13:13:09","date_gmt":"2025-03-16T11:13:09","guid":{"rendered":"https:\/\/www.rri.ro\/?p=872643"},"modified":"2025-03-17T13:23:20","modified_gmt":"2025-03-17T11:23:20","slug":"natur-kultur-und-geschichte-im-landkreis-mures","status":"publish","type":"post","link":"https:\/\/www.rri.ro\/de\/feature-reportage\/radio-tour-de\/natur-kultur-und-geschichte-im-landkreis-mures-id872643.html","title":{"rendered":"Natur, Kultur und Geschichte im Landkreis Mure\u0219"},"content":{"rendered":"<div>Heute entdecken wir die wichtigsten touristischen Attraktionen im Kreis Mure\u0219. Das Angebot umfasst besondere Landschaften mit jahrhundertealten B\u00e4umen, Erlebnisparks, aber vor allem alte Herrenh\u00e4user und Schl\u00f6sser, von denen einige Veranstaltungen beherbergen. Um das kulturelle Angebot hervorzuheben, \u00f6ffnen wir auch die T\u00fcren des Kreismuseums Mure\u0219.<\/div>\n<div><\/div>\n<div>Dana Matic, Projektmanagerin bei Visit Mure\u0219, macht uns einen Urlaubsvorschlag, der die Einzigartigkeit des Reiseziels in Rum\u00e4nien hervorheben wird.<\/div>\n<div><\/div>\n<div><em>&#8222;Auf dem Gebiet des Kreises Mure\u0219 gibt es im Vergleich zu anderen Kreisen die meisten Schl\u00f6sser und Herrenh\u00e4user, und das Ph\u00e4nomen hat an Dynamik gewonnen. Wir haben Brosch\u00fcren und Materialien auf der Website \u00fcber die Schl\u00f6sser, die besichtigt werden k\u00f6nnen oder in welchem Zustand sie sich befinden und was sie beherbergen. Einige sind Museen, andere sind Hotels oder Veranstaltungszentren. Wir haben ein paar Dinge, die uns einzigartig machen. Wenn Touristen aus Bukarest oder dem S\u00fcden des Landes kommen, sollten sie zuerst in Sighi\u0219oara Halt machen.<\/em><\/div>\n<div><\/div>\n<div><em>In der N\u00e4he von Sighi\u0219oara gibt es ein fantastisches Schloss, Bethlen in Cri\u0219, h\u00f6chstens 20 km von Sighi\u0219oara entfernt. Dann k\u00f6nnen sie nach Norden fahren, in Richtung T\u00e2rgu Mure\u0219, der Kreisstadt, mit einem kleinen Abstecher nach Sovata. Dort gibt es auch ein Schloss, das als Museum dient und daf\u00fcr ber\u00fchmt ist, dass Gr\u00e4fin Claudia Rhedey, die Ur-Ur-Ur-Gro\u00dfmutter von K\u00f6nig Karl III, dort geboren wurde. Sovata ist nat\u00fcrlich bereits ein ber\u00fchmtes Reiseziel mit dem gr\u00f6\u00dften heliothermischen See der Welt in einer sehr sch\u00f6nen Umgebung. Der Kurort wurde renoviert und ist einer der sch\u00f6nsten in Rum\u00e4nien. Dann T\u00e2rgu Mure\u0219, wo es den gr\u00f6\u00dften Zoo Rum\u00e4niens gibt und wo wir Jugendstilobjekte haben.&#8220;<\/em><\/div>\n<div><\/div>\n<div>Naturliebhaber k\u00f6nnen auf mehr oder weniger steilen Pfaden wandern, und wer kulturelle Veranstaltungen bevorzugt, findet im Kreis Mure\u0219 einen reichhaltigen Kalender. Und die Entdeckungsreise kann auf der Via Transilvanica beginnen. Die Via Transilvanica, auch &#8222;Stra\u00dfe, die verbindet&#8220; genannt, ist ein 1 400 Kilometer langer Fernwanderweg, der Rum\u00e4nien diagonal durchquert und zum Wandern, Radfahren oder Reiten gedacht ist.<\/div>\n<div><\/div>\n<div><em>&#8222;Wir sind auch stolz darauf, dass drei Regionen der Via Transilvanica durch das Gebiet des Kreises Mure\u0219 f\u00fchren. Der Kreis Mure\u0219 ist auch Teil des Siebenb\u00fcrgischen H\u00fcgellandes, das sich zu einem Ziel f\u00fcr den \u00d6kotourismus entwickelt hat. Die Infrastruktur zum Wandern, Reiten und Radfahren ist sehr gut entwickelt. Wir haben auch Popmusikfestivals, die bei jungen Leuten sehr beliebt sind. Sie kommen aus vielen Bezirken und anderen L\u00e4ndern. Das Vibe-Festival hat wahrscheinlich die meisten Teilnehmer im ganzen Land.<\/em><\/div>\n<div><\/div>\n<div><em>Au\u00dferdem haben wir Kulturfestivals, das Rhabarberfestival in Saschiz, das Magiun-Festival, das Hei\u00dfluftballon-Festival, von dem ich wei\u00df, dass es inzwischen an mehreren Orten in Rum\u00e4nien stattfindet, aber das erste war im Kreis Mure\u0219, in C\u00e2mpul Cet\u0103\u021bii, in der N\u00e4he von Sovata. Im Kreis Mure\u0219 gibt es mehrere Orte, an denen man auf Tr\u00fcffelsuche gehen kann, was meiner Meinung nach wiederum eine Bereicherung ist, wenn die Menschen zur Gastronomie und zum langsamen Tourismus zur\u00fcckkehren, um in die Natur zu gehen und mit Hunden zu suchen, die auf die Tr\u00fcffelsuche spezialisiert sind. Diese Informationen sind auf unserer Website zu finden, und ich denke, es ist eine sehr interessante Aktivit\u00e4t.&#8220;<\/em><\/div>\n<div><\/div>\n<div>Wir setzen unsere Reise mit Liliana Lirca, PR-Mitarbeiterin im Museum des Landkreises Mure\u0219, fort. Wir sind eingeladen, die Kunstabteilung zu besuchen, die sich im Kulturpalast in T\u00e2rgu Mure\u0219 befindet, einem frisch renovierten und sehr modernen Palast.<\/div>\n<div><\/div>\n<div><em>&#8222;Der Palast ist mehr als nur eine Fassade. Er ist eine Geschichte von \u00fcber 111 Jahren und ich lade Sie ein, sein Inneres zu betreten, um seine Geheimnisse zu entdecken. Die Ausstellung von Adrian Chira, &#8222;Spuren und Zeichen&#8220;, ist derzeit zu sehen. Sie kann bis zum 4. April besucht werden. Sie befindet sich im zweiten Stock des Kulturpalastes, und wer sie besucht, wird in der ganzen Stadt zahlreiche Prismen sehen, in denen ein gro\u00dfes Herz abgebildet ist. Es ist Teil des Werks des K\u00fcnstlers Adrian Chira, das Sie in der Ausstellung sehen k\u00f6nnen. Das Werk hei\u00dft Totem f\u00fcr das Herz und wir finden, dass es sehr gut zum Monat Februar passt. Was die Dauerausstellung betrifft, so befindet sich im dritten Stock, ebenfalls im Kulturpalast, im rechten Fl\u00fcgel die Galerie f\u00fcr moderne rum\u00e4nische Kunst und im linken Fl\u00fcgel die Galerie f\u00fcr ungarische Kunst. Das sind die wichtigsten K\u00fcnstler der Zwischenkriegszeit&#8220;.<\/em><\/div>\n<div><\/div>\n<div>Auch die Abteilung f\u00fcr Ethnographie und Volkskunst des Kreismuseums Mure\u0219 sollten Sie nicht verpassen. Dort ist noch die Sonderausstellung &#8222;Mure\u0219eni in den Sch\u00fctzengr\u00e4ben des Ersten Weltkriegs&#8220; zu sehen, die dieses Jahr geschlossen wird. Die Naturwissenschaften hingegen sind in einem denkmalgesch\u00fctzten Geb\u00e4ude untergebracht, wie wir von Liliana Lirca erfahren.<\/div>\n<div><\/div>\n<div>\n<div><em>&#8222;Es sieht sehr gut aus, vor allem jetzt, nach der Renovierung. Die Hauptausstellung der naturwissenschaftlichen Abteilung ist wiederer\u00f6ffnet worden, wo wir mehrere Abteilungen haben. Aus der Pal\u00e4ontologie sehen wir eine Schimmelh\u00f6hle aus dem Niraj-Tal, wir sehen eine beeindruckende Insektensammlung und viele andere au\u00dfergew\u00f6hnliche Dinge, vor allem f\u00fcr Kinder. Es ist das Lieblingsziel der Kinder, und wir erwarten sie dort mit gro\u00dfer Liebe. Auch die Eltern k\u00f6nnen sich an allem erfreuen, was dieser Bereich zu bieten hat, und dar\u00fcber hinaus haben wir auch ein beeindruckendes Kakteengew\u00e4chshaus und einen Sinnesgarten. So k\u00f6nnen sich sowohl Kinder als auch Eltern bei uns sehr wohl f\u00fchlen.<\/em><\/div>\n<div><\/div>\n<div><em>Weiter geht es zur Zitadelle von T\u00e2rgu Mure\u0219. Dort befindet sich die Abteilung f\u00fcr Geschichte und Arch\u00e4ologie des Museums. Zurzeit ist dort eine sehr interessante Ausstellung zu sehen, &#8222;Das neu gestaltete t\u00e4gliche Leben&#8220;. Sie umfasst das fotografische Archiv von G\u00e1sp\u00e1r T\u00f6r\u00f6k. Die wenigsten Menschen wissen, dass die Fotografie in T\u00e2rgu Mure\u0219 in Rum\u00e4nien ihren Ursprung hat. Nach 1990 wurde die Fabrik zur Herstellung von R\u00f6ntgenstrahlen f\u00fcr Negative und Filme stark genutzt. Dort gibt es ein beeindruckendes Archiv aus der Zeit des Kommunismus zu sehen. Informationen finden Sie auf unserer Website www.muzeulmures.ro.&#8220;<\/em><\/div>\n<div><\/div>\n<div>Der Landkreis Mure\u0219 ist ein multikultureller Raum, ein Reiseziel, in dem auch die Gastronomie \u00fcberrascht, sagt Dana Matic, Projektleiterin bei Visit Mure\u0219.<\/div>\n<div><\/div>\n<div><em>&#8222;Wir haben eine rum\u00e4nische, ungarische, s\u00e4chsische, armenische und j\u00fcdische K\u00fcche. Nat\u00fcrlich finden wir sie noch nicht in den Restaurants, aber ich denke, dass genau das unsere Aufgabe ist, Unternehmer und Restaurants davon zu \u00fcberzeugen, einige Spezialit\u00e4ten aus diesen Kulturen auf die Speisekarte zu setzen, damit wir dieses Erbe nicht verlieren. Das schlie\u00dft aber nicht aus, dass zum Beispiel in der Synagoge in T\u00e2rgu Mure\u0219 einige Festivals oder Tage der offenen T\u00fcr veranstaltet werden, zu denen Vereine kommen und spezielle Gerichte kochen<\/em>.&#8220;<\/div>\n<div><\/div>\n<div>Dies ist also ein Urlaubsziel, in dem die Unterkunft nicht nur ein Ort zum Ausruhen ist. Es gibt Herrenh\u00e4user und Schl\u00f6sser, die eine Reise durch die Zeit bieten. Und die Gastfreundschaft der Gastgeber und die besonderen Erlebnisse werden Sie wiederkommen lassen.<\/div>\n<\/div>\n","protected":false},"excerpt":{"rendered":"<p>Heute entdecken wir die wichtigsten touristischen Attraktionen im Kreis Mure\u0219. Das Angebot umfasst besondere Landschaften mit jahrhundertealten B\u00e4umen, Erlebnisparks, aber vor allem alte Herrenh\u00e4user und Schl\u00f6sser, von denen einige Veranstaltungen beherbergen. Um das kulturelle Angebot hervorzuheben, \u00f6ffnen wir auch die T\u00fcren des Kreismuseums Mure\u0219. Dana Matic, Projektmanagerin bei Visit Mure\u0219, macht uns einen Urlaubsvorschlag, der [&hellip;]<\/p>\n","protected":false},"author":128,"featured_media":868579,"comment_status":"closed","ping_status":"closed","sticky":false,"template":"","format":"standard","meta":{"_acf_changed":false,"footnotes":""},"categories":[116760],"tags":[100341,100877,165926,131328,103906,120552,100031],"coauthors":[113280,113301],"class_list":["post-872643","post","type-post","status-publish","format-standard","has-post-thumbnail","hentry","category-radio-tour-de","tag-geschichte","tag-kultur","tag-landkreis-mures","tag-mieresch","tag-natur","tag-neumarkt-am-mieresch","tag-schaessburg"],"acf":[],"yoast_head":"<!-- This site is optimized with the Yoast SEO plugin v27.3 - https:\/\/yoast.com\/product\/yoast-seo-wordpress\/ -->\n<title>Natur, Kultur und Geschichte im Landkreis Mure\u0219 - Radio Rum\u00e4nien International<\/title>\n<meta name=\"robots\" content=\"index, follow, max-snippet:-1, max-image-preview:large, max-video-preview:-1\" \/>\n<link rel=\"canonical\" href=\"https:\/\/www.rri.ro\/de\/feature-reportage\/radio-tour-de\/natur-kultur-und-geschichte-im-landkreis-mures-id872643.html\" \/>\n<meta property=\"og:locale\" content=\"de_DE\" \/>\n<meta property=\"og:type\" content=\"article\" \/>\n<meta property=\"og:title\" content=\"Natur, Kultur und Geschichte im Landkreis Mure\u0219 - Radio Rum\u00e4nien International\" \/>\n<meta property=\"og:description\" content=\"Heute entdecken wir die wichtigsten touristischen Attraktionen im Kreis Mure\u0219. Das Angebot umfasst besondere Landschaften mit jahrhundertealten B\u00e4umen, Erlebnisparks, aber vor allem alte Herrenh\u00e4user und Schl\u00f6sser, von denen einige Veranstaltungen beherbergen. Um das kulturelle Angebot hervorzuheben, \u00f6ffnen wir auch die T\u00fcren des Kreismuseums Mure\u0219. Dana Matic, Projektmanagerin bei Visit Mure\u0219, macht uns einen Urlaubsvorschlag, der [&hellip;]\" \/>\n<meta property=\"og:url\" content=\"https:\/\/www.rri.ro\/de\/feature-reportage\/radio-tour-de\/natur-kultur-und-geschichte-im-landkreis-mures-id872643.html\" \/>\n<meta property=\"og:site_name\" content=\"Radio Rum\u00e4nien International\" \/>\n<meta property=\"article:published_time\" content=\"2025-03-16T11:13:09+00:00\" \/>\n<meta property=\"article:modified_time\" content=\"2025-03-17T11:23:20+00:00\" \/>\n<meta property=\"og:image\" content=\"https:\/\/www.rri.ro\/wp-content\/uploads\/2025\/03\/Saschiz-foto-facebook-visitmuresinfo.jpg\" \/>\n\t<meta property=\"og:image:width\" content=\"1200\" \/>\n\t<meta property=\"og:image:height\" content=\"1200\" \/>\n\t<meta property=\"og:image:type\" content=\"image\/jpeg\" \/>\n<meta name=\"author\" content=\"Daniel Onea, Florin Lungu\" \/>\n<meta name=\"twitter:card\" content=\"summary_large_image\" \/>\n<meta name=\"twitter:label1\" content=\"Verfasst von\" \/>\n\t<meta name=\"twitter:data1\" content=\"Daniel Onea\" \/>\n\t<meta name=\"twitter:label2\" content=\"Gesch\u00e4tzte Lesezeit\" \/>\n\t<meta name=\"twitter:data2\" content=\"6\u00a0Minuten\" \/>\n\t<meta name=\"twitter:label3\" content=\"Written by\" \/>\n\t<meta name=\"twitter:data3\" content=\"Daniel Onea, Florin Lungu\" \/>\n<script type=\"application\/ld+json\" class=\"yoast-schema-graph\">{\"@context\":\"https:\\\/\\\/schema.org\",\"@graph\":[{\"@type\":\"Article\",\"@id\":\"https:\\\/\\\/www.rri.ro\\\/de\\\/feature-reportage\\\/radio-tour-de\\\/natur-kultur-und-geschichte-im-landkreis-mures-id872643.html#article\",\"isPartOf\":{\"@id\":\"https:\\\/\\\/www.rri.ro\\\/de\\\/feature-reportage\\\/radio-tour-de\\\/natur-kultur-und-geschichte-im-landkreis-mures-id872643.html\"},\"author\":{\"name\":\"Daniel Onea\",\"@id\":\"https:\\\/\\\/www.rri.ro\\\/#\\\/schema\\\/person\\\/fcce42c208d45f30f5b054b64bc1e0df\"},\"headline\":\"Natur, Kultur und Geschichte im Landkreis Mure\u0219\",\"datePublished\":\"2025-03-16T11:13:09+00:00\",\"dateModified\":\"2025-03-17T11:23:20+00:00\",\"mainEntityOfPage\":{\"@id\":\"https:\\\/\\\/www.rri.ro\\\/de\\\/feature-reportage\\\/radio-tour-de\\\/natur-kultur-und-geschichte-im-landkreis-mures-id872643.html\"},\"wordCount\":1173,\"image\":{\"@id\":\"https:\\\/\\\/www.rri.ro\\\/de\\\/feature-reportage\\\/radio-tour-de\\\/natur-kultur-und-geschichte-im-landkreis-mures-id872643.html#primaryimage\"},\"thumbnailUrl\":\"https:\\\/\\\/www.rri.ro\\\/wp-content\\\/uploads\\\/2025\\\/03\\\/Saschiz-foto-facebook-visitmuresinfo.jpg\",\"keywords\":[\"Geschichte\",\"Kultur\",\"Landkreis Mures\",\"Mieresch\",\"Natur\",\"Neumarkt am Mieresch\",\"Sch\u00e4\u00dfburg\"],\"articleSection\":[\"Radiotour\"],\"inLanguage\":\"de\"},{\"@type\":\"WebPage\",\"@id\":\"https:\\\/\\\/www.rri.ro\\\/de\\\/feature-reportage\\\/radio-tour-de\\\/natur-kultur-und-geschichte-im-landkreis-mures-id872643.html\",\"url\":\"https:\\\/\\\/www.rri.ro\\\/de\\\/feature-reportage\\\/radio-tour-de\\\/natur-kultur-und-geschichte-im-landkreis-mures-id872643.html\",\"name\":\"Natur, Kultur und Geschichte im Landkreis Mure\u0219 - Radio Rum\u00e4nien International\",\"isPartOf\":{\"@id\":\"https:\\\/\\\/www.rri.ro\\\/#website\"},\"primaryImageOfPage\":{\"@id\":\"https:\\\/\\\/www.rri.ro\\\/de\\\/feature-reportage\\\/radio-tour-de\\\/natur-kultur-und-geschichte-im-landkreis-mures-id872643.html#primaryimage\"},\"image\":{\"@id\":\"https:\\\/\\\/www.rri.ro\\\/de\\\/feature-reportage\\\/radio-tour-de\\\/natur-kultur-und-geschichte-im-landkreis-mures-id872643.html#primaryimage\"},\"thumbnailUrl\":\"https:\\\/\\\/www.rri.ro\\\/wp-content\\\/uploads\\\/2025\\\/03\\\/Saschiz-foto-facebook-visitmuresinfo.jpg\",\"datePublished\":\"2025-03-16T11:13:09+00:00\",\"dateModified\":\"2025-03-17T11:23:20+00:00\",\"author\":{\"@id\":\"https:\\\/\\\/www.rri.ro\\\/#\\\/schema\\\/person\\\/fcce42c208d45f30f5b054b64bc1e0df\"},\"breadcrumb\":{\"@id\":\"https:\\\/\\\/www.rri.ro\\\/de\\\/feature-reportage\\\/radio-tour-de\\\/natur-kultur-und-geschichte-im-landkreis-mures-id872643.html#breadcrumb\"},\"inLanguage\":\"de\",\"potentialAction\":[{\"@type\":\"ReadAction\",\"target\":[\"https:\\\/\\\/www.rri.ro\\\/de\\\/feature-reportage\\\/radio-tour-de\\\/natur-kultur-und-geschichte-im-landkreis-mures-id872643.html\"]}]},{\"@type\":\"ImageObject\",\"inLanguage\":\"de\",\"@id\":\"https:\\\/\\\/www.rri.ro\\\/de\\\/feature-reportage\\\/radio-tour-de\\\/natur-kultur-und-geschichte-im-landkreis-mures-id872643.html#primaryimage\",\"url\":\"https:\\\/\\\/www.rri.ro\\\/wp-content\\\/uploads\\\/2025\\\/03\\\/Saschiz-foto-facebook-visitmuresinfo.jpg\",\"contentUrl\":\"https:\\\/\\\/www.rri.ro\\\/wp-content\\\/uploads\\\/2025\\\/03\\\/Saschiz-foto-facebook-visitmuresinfo.jpg\",\"width\":1200,\"height\":1200,\"caption\":\"Foto f\"},{\"@type\":\"BreadcrumbList\",\"@id\":\"https:\\\/\\\/www.rri.ro\\\/de\\\/feature-reportage\\\/radio-tour-de\\\/natur-kultur-und-geschichte-im-landkreis-mures-id872643.html#breadcrumb\",\"itemListElement\":[{\"@type\":\"ListItem\",\"position\":1,\"name\":\"Startseite\",\"item\":\"https:\\\/\\\/www.rri.ro\\\/de\"},{\"@type\":\"ListItem\",\"position\":2,\"name\":\"Feature &amp; Reportage\",\"item\":\"https:\\\/\\\/www.rri.ro\\\/de\\\/feature-reportage\"},{\"@type\":\"ListItem\",\"position\":3,\"name\":\"Radiotour\",\"item\":\"https:\\\/\\\/www.rri.ro\\\/de\\\/feature-reportage\\\/radio-tour-de\"},{\"@type\":\"ListItem\",\"position\":4,\"name\":\"Natur, Kultur und Geschichte im Landkreis Mure\u0219\"}]},{\"@type\":\"WebSite\",\"@id\":\"https:\\\/\\\/www.rri.ro\\\/#website\",\"url\":\"https:\\\/\\\/www.rri.ro\\\/\",\"name\":\"Radio Rum\u00e4nien International\",\"description\":\"Totul despre Rom\u00e2nia \u015fi rom\u00e2ni, \u00een 13 limbi\\\/dialecte!\",\"inLanguage\":\"de\"},{\"@type\":\"Person\",\"@id\":\"https:\\\/\\\/www.rri.ro\\\/#\\\/schema\\\/person\\\/fcce42c208d45f30f5b054b64bc1e0df\",\"name\":\"Daniel Onea\",\"url\":\"https:\\\/\\\/www.rri.ro\\\/de\\\/author\\\/daniel-onea\"}]}<\/script>\n<!-- \/ Yoast SEO plugin. -->","yoast_head_json":{"title":"Natur, Kultur und Geschichte im Landkreis Mure\u0219 - Radio Rum\u00e4nien International","robots":{"index":"index","follow":"follow","max-snippet":"max-snippet:-1","max-image-preview":"max-image-preview:large","max-video-preview":"max-video-preview:-1"},"canonical":"https:\/\/www.rri.ro\/de\/feature-reportage\/radio-tour-de\/natur-kultur-und-geschichte-im-landkreis-mures-id872643.html","og_locale":"de_DE","og_type":"article","og_title":"Natur, Kultur und Geschichte im Landkreis Mure\u0219 - Radio Rum\u00e4nien International","og_description":"Heute entdecken wir die wichtigsten touristischen Attraktionen im Kreis Mure\u0219. Das Angebot umfasst besondere Landschaften mit jahrhundertealten B\u00e4umen, Erlebnisparks, aber vor allem alte Herrenh\u00e4user und Schl\u00f6sser, von denen einige Veranstaltungen beherbergen. Um das kulturelle Angebot hervorzuheben, \u00f6ffnen wir auch die T\u00fcren des Kreismuseums Mure\u0219. Dana Matic, Projektmanagerin bei Visit Mure\u0219, macht uns einen Urlaubsvorschlag, der [&hellip;]","og_url":"https:\/\/www.rri.ro\/de\/feature-reportage\/radio-tour-de\/natur-kultur-und-geschichte-im-landkreis-mures-id872643.html","og_site_name":"Radio Rum\u00e4nien International","article_published_time":"2025-03-16T11:13:09+00:00","article_modified_time":"2025-03-17T11:23:20+00:00","og_image":[{"width":1200,"height":1200,"url":"https:\/\/www.rri.ro\/wp-content\/uploads\/2025\/03\/Saschiz-foto-facebook-visitmuresinfo.jpg","type":"image\/jpeg"}],"author":"Daniel Onea, Florin Lungu","twitter_card":"summary_large_image","twitter_misc":{"Verfasst von":"Daniel Onea","Gesch\u00e4tzte Lesezeit":"6\u00a0Minuten","Written by":"Daniel Onea, Florin Lungu"},"schema":{"@context":"https:\/\/schema.org","@graph":[{"@type":"Article","@id":"https:\/\/www.rri.ro\/de\/feature-reportage\/radio-tour-de\/natur-kultur-und-geschichte-im-landkreis-mures-id872643.html#article","isPartOf":{"@id":"https:\/\/www.rri.ro\/de\/feature-reportage\/radio-tour-de\/natur-kultur-und-geschichte-im-landkreis-mures-id872643.html"},"author":{"name":"Daniel Onea","@id":"https:\/\/www.rri.ro\/#\/schema\/person\/fcce42c208d45f30f5b054b64bc1e0df"},"headline":"Natur, Kultur und Geschichte im Landkreis Mure\u0219","datePublished":"2025-03-16T11:13:09+00:00","dateModified":"2025-03-17T11:23:20+00:00","mainEntityOfPage":{"@id":"https:\/\/www.rri.ro\/de\/feature-reportage\/radio-tour-de\/natur-kultur-und-geschichte-im-landkreis-mures-id872643.html"},"wordCount":1173,"image":{"@id":"https:\/\/www.rri.ro\/de\/feature-reportage\/radio-tour-de\/natur-kultur-und-geschichte-im-landkreis-mures-id872643.html#primaryimage"},"thumbnailUrl":"https:\/\/www.rri.ro\/wp-content\/uploads\/2025\/03\/Saschiz-foto-facebook-visitmuresinfo.jpg","keywords":["Geschichte","Kultur","Landkreis Mures","Mieresch","Natur","Neumarkt am Mieresch","Sch\u00e4\u00dfburg"],"articleSection":["Radiotour"],"inLanguage":"de"},{"@type":"WebPage","@id":"https:\/\/www.rri.ro\/de\/feature-reportage\/radio-tour-de\/natur-kultur-und-geschichte-im-landkreis-mures-id872643.html","url":"https:\/\/www.rri.ro\/de\/feature-reportage\/radio-tour-de\/natur-kultur-und-geschichte-im-landkreis-mures-id872643.html","name":"Natur, Kultur und Geschichte im Landkreis Mure\u0219 - Radio Rum\u00e4nien International","isPartOf":{"@id":"https:\/\/www.rri.ro\/#website"},"primaryImageOfPage":{"@id":"https:\/\/www.rri.ro\/de\/feature-reportage\/radio-tour-de\/natur-kultur-und-geschichte-im-landkreis-mures-id872643.html#primaryimage"},"image":{"@id":"https:\/\/www.rri.ro\/de\/feature-reportage\/radio-tour-de\/natur-kultur-und-geschichte-im-landkreis-mures-id872643.html#primaryimage"},"thumbnailUrl":"https:\/\/www.rri.ro\/wp-content\/uploads\/2025\/03\/Saschiz-foto-facebook-visitmuresinfo.jpg","datePublished":"2025-03-16T11:13:09+00:00","dateModified":"2025-03-17T11:23:20+00:00","author":{"@id":"https:\/\/www.rri.ro\/#\/schema\/person\/fcce42c208d45f30f5b054b64bc1e0df"},"breadcrumb":{"@id":"https:\/\/www.rri.ro\/de\/feature-reportage\/radio-tour-de\/natur-kultur-und-geschichte-im-landkreis-mures-id872643.html#breadcrumb"},"inLanguage":"de","potentialAction":[{"@type":"ReadAction","target":["https:\/\/www.rri.ro\/de\/feature-reportage\/radio-tour-de\/natur-kultur-und-geschichte-im-landkreis-mures-id872643.html"]}]},{"@type":"ImageObject","inLanguage":"de","@id":"https:\/\/www.rri.ro\/de\/feature-reportage\/radio-tour-de\/natur-kultur-und-geschichte-im-landkreis-mures-id872643.html#primaryimage","url":"https:\/\/www.rri.ro\/wp-content\/uploads\/2025\/03\/Saschiz-foto-facebook-visitmuresinfo.jpg","contentUrl":"https:\/\/www.rri.ro\/wp-content\/uploads\/2025\/03\/Saschiz-foto-facebook-visitmuresinfo.jpg","width":1200,"height":1200,"caption":"Foto f"},{"@type":"BreadcrumbList","@id":"https:\/\/www.rri.ro\/de\/feature-reportage\/radio-tour-de\/natur-kultur-und-geschichte-im-landkreis-mures-id872643.html#breadcrumb","itemListElement":[{"@type":"ListItem","position":1,"name":"Startseite","item":"https:\/\/www.rri.ro\/de"},{"@type":"ListItem","position":2,"name":"Feature &amp; Reportage","item":"https:\/\/www.rri.ro\/de\/feature-reportage"},{"@type":"ListItem","position":3,"name":"Radiotour","item":"https:\/\/www.rri.ro\/de\/feature-reportage\/radio-tour-de"},{"@type":"ListItem","position":4,"name":"Natur, Kultur und Geschichte im Landkreis Mure\u0219"}]},{"@type":"WebSite","@id":"https:\/\/www.rri.ro\/#website","url":"https:\/\/www.rri.ro\/","name":"Radio Rum\u00e4nien International","description":"Totul despre Rom\u00e2nia \u015fi rom\u00e2ni, \u00een 13 limbi\/dialecte!","inLanguage":"de"},{"@type":"Person","@id":"https:\/\/www.rri.ro\/#\/schema\/person\/fcce42c208d45f30f5b054b64bc1e0df","name":"Daniel Onea","url":"https:\/\/www.rri.ro\/de\/author\/daniel-onea"}]}},"_links":{"self":[{"href":"https:\/\/www.rri.ro\/de\/wp-json\/wp\/v2\/posts\/872643","targetHints":{"allow":["GET"]}}],"collection":[{"href":"https:\/\/www.rri.ro\/de\/wp-json\/wp\/v2\/posts"}],"about":[{"href":"https:\/\/www.rri.ro\/de\/wp-json\/wp\/v2\/types\/post"}],"author":[{"embeddable":true,"href":"https:\/\/www.rri.ro\/de\/wp-json\/wp\/v2\/users\/128"}],"replies":[{"embeddable":true,"href":"https:\/\/www.rri.ro\/de\/wp-json\/wp\/v2\/comments?post=872643"}],"version-history":[{"count":0,"href":"https:\/\/www.rri.ro\/de\/wp-json\/wp\/v2\/posts\/872643\/revisions"}],"wp:featuredmedia":[{"embeddable":true,"href":"https:\/\/www.rri.ro\/de\/wp-json\/wp\/v2\/media\/868579"}],"wp:attachment":[{"href":"https:\/\/www.rri.ro\/de\/wp-json\/wp\/v2\/media?parent=872643"}],"wp:term":[{"taxonomy":"category","embeddable":true,"href":"https:\/\/www.rri.ro\/de\/wp-json\/wp\/v2\/categories?post=872643"},{"taxonomy":"post_tag","embeddable":true,"href":"https:\/\/www.rri.ro\/de\/wp-json\/wp\/v2\/tags?post=872643"},{"taxonomy":"author","embeddable":true,"href":"https:\/\/www.rri.ro\/de\/wp-json\/wp\/v2\/coauthors?post=872643"}],"curies":[{"name":"wp","href":"https:\/\/api.w.org\/{rel}","templated":true}]}}