{"id":878953,"date":"2025-04-08T13:28:49","date_gmt":"2025-04-08T10:28:49","guid":{"rendered":"https:\/\/www.rri.ro\/?p=878953"},"modified":"2025-04-08T13:28:49","modified_gmt":"2025-04-08T10:28:49","slug":"handelskrieg-oder-loesung-eu-und-usa-im-zollstreit","status":"publish","type":"post","link":"https:\/\/www.rri.ro\/de\/aktuell\/rri-aktuell\/handelskrieg-oder-loesung-eu-und-usa-im-zollstreit-id878953.html","title":{"rendered":"Handelskrieg oder L\u00f6sung? EU und USA im Zollstreit"},"content":{"rendered":"<p>Die Europ\u00e4ische Union setzt im Streit mit den USA auf Verhandlungen \u2013 und will einen Handelskrieg vermeiden. Gleichzeitig aber laufen die Diskussionen in Br\u00fcssel \u00fcber m\u00f6gliche Gegenma\u00dfnahmen weiter. Hintergrund sind die von US-Pr\u00e4sident Donald Trump angek\u00fcndigten Strafz\u00f6lle von 20 Prozent auf europ\u00e4ische Waren. Sie sollen am 9. April in Kraft treten. Die EU-Kommission m\u00f6chte dennoch im Dialog\u00a0bleiben und schl\u00e4gt ein Freihandelsabkommen ohne Z\u00f6lle vor.<\/p>\n<p>EU-Kommissionspr\u00e4sidentin Ursula von der Leyen betonte, man sei bereit, mit den USA zu verhandeln. Europa habe auf Gegenseitigkeit basierend Nullz\u00f6lle auf Industrieg\u00fcter angeboten \u2013 so wie in anderen Handelsabkommen auch. Zugleich k\u00fcndigte sie an, notfalls mit Gegenma\u00dfnahmen auf die US-Z\u00f6lle zu reagieren, um europ\u00e4ische Interessen zu sch\u00fctzen.<\/p>\n<p>Aus dem Wei\u00dfen Haus hie\u00df es am Montag, der EU-Vorschlag f\u00fcr einen vollst\u00e4ndigen Abbau der Z\u00f6lle auf Industrieg\u00fcter \u2013 auch auf Autos \u2013 reiche nicht aus, um die US-Z\u00f6lle zu stoppen. Pr\u00e4sident Donald Trump erkl\u00e4rte, das Handelsdefizit mit der EU werde sich bald verringern \u2013 unter anderem durch verst\u00e4rkte Energieimporte europ\u00e4ischer L\u00e4nder aus den USA.<\/p>\n<p>In diesem Zusammenhang k\u00fcndigte EU-Kommissionspr\u00e4sidentin Ursula von der Leyen an, die Union werde sich gegen indirekte Folgen von Handelsumlenkungen sch\u00fctzen. Deshalb soll eine spezielle Task Force zur Einfuhr\u00fcberwachung eingerichtet werden. Diese werde die historischen Einfuhrmengen analysieren, um m\u00f6gliche Auff\u00e4lligkeiten in bestimmten Sektoren fr\u00fchzeitig zu erkennen und gegebenenfalls Gegenma\u00dfnahmen vorzuschlagen.<\/p>\n<p>Von der Leyen betonte au\u00dferdem, dass die Z\u00f6lle vor allem amerikanische Verbraucher und Unternehmen treffen w\u00fcrden \u2013 mit sp\u00fcrbaren Folgen f\u00fcr die Weltwirtschaft. Besonders betroffen seien dabei auch Entwicklungsl\u00e4nder.\u00a0\u00dcber m\u00f6gliche Vergeltungsma\u00dfnahmen hinaus, so die Kommissionspr\u00e4sidentin, wolle die EU ihre Handelsbeziehungen weiter diversifizieren und st\u00e4rken. Man werde sich k\u00fcnftig st\u00e4rker auf M\u00e4rkte au\u00dferhalb der USA konzentrieren \u2013 das entspreche rund 83 Prozent des weltweiten Handelsvolumens.<\/p>\n<p>Die Europ\u00e4ische Kommission hat am Montag Vergeltungsz\u00f6lle in H\u00f6he von 25 Prozent auf verschiedene US-Produkte vorgeschlagen. Damit reagiert sie auf die amerikanischen Sonderz\u00f6lle auf Stahl- und Aluminiumimporte.\u00a0Auf der urspr\u00fcnglichen Liste standen auch Bourbon-Whiskey, Wein und Molkereiprodukte. Diese wurden jedoch gestrichen \u2013 nachdem US-Pr\u00e4sident Donald Trump mit Gegenz\u00f6llen von bis zu 200 Prozent auf europ\u00e4ische Alkoholimporte gedroht hatte.\u00a0Die neuen EU-Z\u00f6lle sollen gestaffelt in Kraft treten: Ein Teil bereits ab dem 16. Mai, weitere Ma\u00dfnahmen folgen im Dezember.<\/p>\n","protected":false},"excerpt":{"rendered":"<p>Die Europ\u00e4ische Union setzt im Streit mit den USA auf Verhandlungen \u2013 und will einen Handelskrieg vermeiden. Gleichzeitig aber laufen die Diskussionen in Br\u00fcssel \u00fcber m\u00f6gliche Gegenma\u00dfnahmen weiter. Hintergrund sind die von US-Pr\u00e4sident Donald Trump angek\u00fcndigten Strafz\u00f6lle von 20 Prozent auf europ\u00e4ische Waren. Sie sollen am 9. April in Kraft treten. Die EU-Kommission m\u00f6chte dennoch [&hellip;]<\/p>\n","protected":false},"author":107,"featured_media":877609,"comment_status":"closed","ping_status":"closed","sticky":false,"template":"","format":"standard","meta":{"_acf_changed":false,"footnotes":""},"categories":[99583],"tags":[142490,167464,134270,137199,134271,167463],"coauthors":[113282,113313],"class_list":["post-878953","post","type-post","status-publish","format-standard","has-post-thumbnail","hentry","category-rri-aktuell","tag-donald-trump-de","tag-einfuhren","tag-eu-de","tag-ursula-von-der-leyen-de","tag-usa-de","tag-zollstreit"],"acf":[],"yoast_head":"<!-- This site is optimized with the Yoast SEO plugin v27.3 - https:\/\/yoast.com\/product\/yoast-seo-wordpress\/ -->\n<title>Handelskrieg oder L\u00f6sung? EU und USA im Zollstreit - Radio Rum\u00e4nien International<\/title>\n<meta name=\"robots\" content=\"index, follow, max-snippet:-1, max-image-preview:large, max-video-preview:-1\" \/>\n<link rel=\"canonical\" href=\"https:\/\/www.rri.ro\/de\/aktuell\/rri-aktuell\/handelskrieg-oder-loesung-eu-und-usa-im-zollstreit-id878953.html\" \/>\n<meta property=\"og:locale\" content=\"de_DE\" \/>\n<meta property=\"og:type\" content=\"article\" \/>\n<meta property=\"og:title\" content=\"Handelskrieg oder L\u00f6sung? EU und USA im Zollstreit - Radio Rum\u00e4nien International\" \/>\n<meta property=\"og:description\" content=\"Die Europ\u00e4ische Union setzt im Streit mit den USA auf Verhandlungen \u2013 und will einen Handelskrieg vermeiden. Gleichzeitig aber laufen die Diskussionen in Br\u00fcssel \u00fcber m\u00f6gliche Gegenma\u00dfnahmen weiter. Hintergrund sind die von US-Pr\u00e4sident Donald Trump angek\u00fcndigten Strafz\u00f6lle von 20 Prozent auf europ\u00e4ische Waren. Sie sollen am 9. April in Kraft treten. Die EU-Kommission m\u00f6chte dennoch [&hellip;]\" \/>\n<meta property=\"og:url\" content=\"https:\/\/www.rri.ro\/de\/aktuell\/rri-aktuell\/handelskrieg-oder-loesung-eu-und-usa-im-zollstreit-id878953.html\" \/>\n<meta property=\"og:site_name\" content=\"Radio Rum\u00e4nien International\" \/>\n<meta property=\"article:published_time\" content=\"2025-04-08T10:28:49+00:00\" \/>\n<meta property=\"og:image\" content=\"https:\/\/www.rri.ro\/wp-content\/uploads\/2025\/04\/Ursula-von-der-Leyen-foto-EU.jpg\" \/>\n\t<meta property=\"og:image:width\" content=\"1200\" \/>\n\t<meta property=\"og:image:height\" content=\"800\" \/>\n\t<meta property=\"og:image:type\" content=\"image\/jpeg\" \/>\n<meta name=\"author\" content=\"Daniela Budu, Alex Sterescu\" \/>\n<meta name=\"twitter:card\" content=\"summary_large_image\" \/>\n<meta name=\"twitter:label1\" content=\"Verfasst von\" \/>\n\t<meta name=\"twitter:data1\" content=\"Daniela Budu\" \/>\n\t<meta name=\"twitter:label2\" content=\"Gesch\u00e4tzte Lesezeit\" \/>\n\t<meta name=\"twitter:data2\" content=\"2\u00a0Minuten\" \/>\n\t<meta name=\"twitter:label3\" content=\"Written by\" \/>\n\t<meta name=\"twitter:data3\" content=\"Daniela Budu, Alex Sterescu\" \/>\n<script type=\"application\/ld+json\" class=\"yoast-schema-graph\">{\"@context\":\"https:\\\/\\\/schema.org\",\"@graph\":[{\"@type\":\"Article\",\"@id\":\"https:\\\/\\\/www.rri.ro\\\/de\\\/aktuell\\\/rri-aktuell\\\/handelskrieg-oder-loesung-eu-und-usa-im-zollstreit-id878953.html#article\",\"isPartOf\":{\"@id\":\"https:\\\/\\\/www.rri.ro\\\/de\\\/aktuell\\\/rri-aktuell\\\/handelskrieg-oder-loesung-eu-und-usa-im-zollstreit-id878953.html\"},\"author\":{\"name\":\"Daniela Budu\",\"@id\":\"https:\\\/\\\/www.rri.ro\\\/#\\\/schema\\\/person\\\/b46b8f80d7d6e4b5ac9f14f0acbad0c4\"},\"headline\":\"Handelskrieg oder L\u00f6sung? EU und USA im Zollstreit\",\"datePublished\":\"2025-04-08T10:28:49+00:00\",\"mainEntityOfPage\":{\"@id\":\"https:\\\/\\\/www.rri.ro\\\/de\\\/aktuell\\\/rri-aktuell\\\/handelskrieg-oder-loesung-eu-und-usa-im-zollstreit-id878953.html\"},\"wordCount\":416,\"image\":{\"@id\":\"https:\\\/\\\/www.rri.ro\\\/de\\\/aktuell\\\/rri-aktuell\\\/handelskrieg-oder-loesung-eu-und-usa-im-zollstreit-id878953.html#primaryimage\"},\"thumbnailUrl\":\"https:\\\/\\\/www.rri.ro\\\/wp-content\\\/uploads\\\/2025\\\/04\\\/Ursula-von-der-Leyen-foto-EU.jpg\",\"keywords\":[\"Donald Trump\",\"Einfuhren\",\"EU\",\"Ursula von der Leyen\",\"usa\",\"Zollstreit\"],\"articleSection\":[\"RRI Aktuell\"],\"inLanguage\":\"de\"},{\"@type\":\"WebPage\",\"@id\":\"https:\\\/\\\/www.rri.ro\\\/de\\\/aktuell\\\/rri-aktuell\\\/handelskrieg-oder-loesung-eu-und-usa-im-zollstreit-id878953.html\",\"url\":\"https:\\\/\\\/www.rri.ro\\\/de\\\/aktuell\\\/rri-aktuell\\\/handelskrieg-oder-loesung-eu-und-usa-im-zollstreit-id878953.html\",\"name\":\"Handelskrieg oder L\u00f6sung? EU und USA im Zollstreit - Radio Rum\u00e4nien International\",\"isPartOf\":{\"@id\":\"https:\\\/\\\/www.rri.ro\\\/#website\"},\"primaryImageOfPage\":{\"@id\":\"https:\\\/\\\/www.rri.ro\\\/de\\\/aktuell\\\/rri-aktuell\\\/handelskrieg-oder-loesung-eu-und-usa-im-zollstreit-id878953.html#primaryimage\"},\"image\":{\"@id\":\"https:\\\/\\\/www.rri.ro\\\/de\\\/aktuell\\\/rri-aktuell\\\/handelskrieg-oder-loesung-eu-und-usa-im-zollstreit-id878953.html#primaryimage\"},\"thumbnailUrl\":\"https:\\\/\\\/www.rri.ro\\\/wp-content\\\/uploads\\\/2025\\\/04\\\/Ursula-von-der-Leyen-foto-EU.jpg\",\"datePublished\":\"2025-04-08T10:28:49+00:00\",\"author\":{\"@id\":\"https:\\\/\\\/www.rri.ro\\\/#\\\/schema\\\/person\\\/b46b8f80d7d6e4b5ac9f14f0acbad0c4\"},\"breadcrumb\":{\"@id\":\"https:\\\/\\\/www.rri.ro\\\/de\\\/aktuell\\\/rri-aktuell\\\/handelskrieg-oder-loesung-eu-und-usa-im-zollstreit-id878953.html#breadcrumb\"},\"inLanguage\":\"de\",\"potentialAction\":[{\"@type\":\"ReadAction\",\"target\":[\"https:\\\/\\\/www.rri.ro\\\/de\\\/aktuell\\\/rri-aktuell\\\/handelskrieg-oder-loesung-eu-und-usa-im-zollstreit-id878953.html\"]}]},{\"@type\":\"ImageObject\",\"inLanguage\":\"de\",\"@id\":\"https:\\\/\\\/www.rri.ro\\\/de\\\/aktuell\\\/rri-aktuell\\\/handelskrieg-oder-loesung-eu-und-usa-im-zollstreit-id878953.html#primaryimage\",\"url\":\"https:\\\/\\\/www.rri.ro\\\/wp-content\\\/uploads\\\/2025\\\/04\\\/Ursula-von-der-Leyen-foto-EU.jpg\",\"contentUrl\":\"https:\\\/\\\/www.rri.ro\\\/wp-content\\\/uploads\\\/2025\\\/04\\\/Ursula-von-der-Leyen-foto-EU.jpg\",\"width\":1200,\"height\":800,\"caption\":\"Ursula von der Leyen\"},{\"@type\":\"BreadcrumbList\",\"@id\":\"https:\\\/\\\/www.rri.ro\\\/de\\\/aktuell\\\/rri-aktuell\\\/handelskrieg-oder-loesung-eu-und-usa-im-zollstreit-id878953.html#breadcrumb\",\"itemListElement\":[{\"@type\":\"ListItem\",\"position\":1,\"name\":\"Startseite\",\"item\":\"https:\\\/\\\/www.rri.ro\\\/de\"},{\"@type\":\"ListItem\",\"position\":2,\"name\":\"Aktuell\",\"item\":\"https:\\\/\\\/www.rri.ro\\\/de\\\/aktuell\"},{\"@type\":\"ListItem\",\"position\":3,\"name\":\"RRI Aktuell\",\"item\":\"https:\\\/\\\/www.rri.ro\\\/de\\\/aktuell\\\/rri-aktuell\"},{\"@type\":\"ListItem\",\"position\":4,\"name\":\"Handelskrieg oder L\u00f6sung? EU und USA im Zollstreit\"}]},{\"@type\":\"WebSite\",\"@id\":\"https:\\\/\\\/www.rri.ro\\\/#website\",\"url\":\"https:\\\/\\\/www.rri.ro\\\/\",\"name\":\"Radio Rum\u00e4nien International\",\"description\":\"Totul despre Rom\u00e2nia \u015fi rom\u00e2ni, \u00een 13 limbi\\\/dialecte!\",\"inLanguage\":\"de\"},{\"@type\":\"Person\",\"@id\":\"https:\\\/\\\/www.rri.ro\\\/#\\\/schema\\\/person\\\/b46b8f80d7d6e4b5ac9f14f0acbad0c4\",\"name\":\"Daniela Budu\",\"url\":\"https:\\\/\\\/www.rri.ro\\\/de\\\/author\\\/daniela-budu\"}]}<\/script>\n<!-- \/ Yoast SEO plugin. -->","yoast_head_json":{"title":"Handelskrieg oder L\u00f6sung? EU und USA im Zollstreit - Radio Rum\u00e4nien International","robots":{"index":"index","follow":"follow","max-snippet":"max-snippet:-1","max-image-preview":"max-image-preview:large","max-video-preview":"max-video-preview:-1"},"canonical":"https:\/\/www.rri.ro\/de\/aktuell\/rri-aktuell\/handelskrieg-oder-loesung-eu-und-usa-im-zollstreit-id878953.html","og_locale":"de_DE","og_type":"article","og_title":"Handelskrieg oder L\u00f6sung? EU und USA im Zollstreit - Radio Rum\u00e4nien International","og_description":"Die Europ\u00e4ische Union setzt im Streit mit den USA auf Verhandlungen \u2013 und will einen Handelskrieg vermeiden. Gleichzeitig aber laufen die Diskussionen in Br\u00fcssel \u00fcber m\u00f6gliche Gegenma\u00dfnahmen weiter. Hintergrund sind die von US-Pr\u00e4sident Donald Trump angek\u00fcndigten Strafz\u00f6lle von 20 Prozent auf europ\u00e4ische Waren. Sie sollen am 9. April in Kraft treten. Die EU-Kommission m\u00f6chte dennoch [&hellip;]","og_url":"https:\/\/www.rri.ro\/de\/aktuell\/rri-aktuell\/handelskrieg-oder-loesung-eu-und-usa-im-zollstreit-id878953.html","og_site_name":"Radio Rum\u00e4nien International","article_published_time":"2025-04-08T10:28:49+00:00","og_image":[{"width":1200,"height":800,"url":"https:\/\/www.rri.ro\/wp-content\/uploads\/2025\/04\/Ursula-von-der-Leyen-foto-EU.jpg","type":"image\/jpeg"}],"author":"Daniela Budu, Alex Sterescu","twitter_card":"summary_large_image","twitter_misc":{"Verfasst von":"Daniela Budu","Gesch\u00e4tzte Lesezeit":"2\u00a0Minuten","Written by":"Daniela Budu, Alex Sterescu"},"schema":{"@context":"https:\/\/schema.org","@graph":[{"@type":"Article","@id":"https:\/\/www.rri.ro\/de\/aktuell\/rri-aktuell\/handelskrieg-oder-loesung-eu-und-usa-im-zollstreit-id878953.html#article","isPartOf":{"@id":"https:\/\/www.rri.ro\/de\/aktuell\/rri-aktuell\/handelskrieg-oder-loesung-eu-und-usa-im-zollstreit-id878953.html"},"author":{"name":"Daniela Budu","@id":"https:\/\/www.rri.ro\/#\/schema\/person\/b46b8f80d7d6e4b5ac9f14f0acbad0c4"},"headline":"Handelskrieg oder L\u00f6sung? EU und USA im Zollstreit","datePublished":"2025-04-08T10:28:49+00:00","mainEntityOfPage":{"@id":"https:\/\/www.rri.ro\/de\/aktuell\/rri-aktuell\/handelskrieg-oder-loesung-eu-und-usa-im-zollstreit-id878953.html"},"wordCount":416,"image":{"@id":"https:\/\/www.rri.ro\/de\/aktuell\/rri-aktuell\/handelskrieg-oder-loesung-eu-und-usa-im-zollstreit-id878953.html#primaryimage"},"thumbnailUrl":"https:\/\/www.rri.ro\/wp-content\/uploads\/2025\/04\/Ursula-von-der-Leyen-foto-EU.jpg","keywords":["Donald Trump","Einfuhren","EU","Ursula von der Leyen","usa","Zollstreit"],"articleSection":["RRI Aktuell"],"inLanguage":"de"},{"@type":"WebPage","@id":"https:\/\/www.rri.ro\/de\/aktuell\/rri-aktuell\/handelskrieg-oder-loesung-eu-und-usa-im-zollstreit-id878953.html","url":"https:\/\/www.rri.ro\/de\/aktuell\/rri-aktuell\/handelskrieg-oder-loesung-eu-und-usa-im-zollstreit-id878953.html","name":"Handelskrieg oder L\u00f6sung? EU und USA im Zollstreit - Radio Rum\u00e4nien International","isPartOf":{"@id":"https:\/\/www.rri.ro\/#website"},"primaryImageOfPage":{"@id":"https:\/\/www.rri.ro\/de\/aktuell\/rri-aktuell\/handelskrieg-oder-loesung-eu-und-usa-im-zollstreit-id878953.html#primaryimage"},"image":{"@id":"https:\/\/www.rri.ro\/de\/aktuell\/rri-aktuell\/handelskrieg-oder-loesung-eu-und-usa-im-zollstreit-id878953.html#primaryimage"},"thumbnailUrl":"https:\/\/www.rri.ro\/wp-content\/uploads\/2025\/04\/Ursula-von-der-Leyen-foto-EU.jpg","datePublished":"2025-04-08T10:28:49+00:00","author":{"@id":"https:\/\/www.rri.ro\/#\/schema\/person\/b46b8f80d7d6e4b5ac9f14f0acbad0c4"},"breadcrumb":{"@id":"https:\/\/www.rri.ro\/de\/aktuell\/rri-aktuell\/handelskrieg-oder-loesung-eu-und-usa-im-zollstreit-id878953.html#breadcrumb"},"inLanguage":"de","potentialAction":[{"@type":"ReadAction","target":["https:\/\/www.rri.ro\/de\/aktuell\/rri-aktuell\/handelskrieg-oder-loesung-eu-und-usa-im-zollstreit-id878953.html"]}]},{"@type":"ImageObject","inLanguage":"de","@id":"https:\/\/www.rri.ro\/de\/aktuell\/rri-aktuell\/handelskrieg-oder-loesung-eu-und-usa-im-zollstreit-id878953.html#primaryimage","url":"https:\/\/www.rri.ro\/wp-content\/uploads\/2025\/04\/Ursula-von-der-Leyen-foto-EU.jpg","contentUrl":"https:\/\/www.rri.ro\/wp-content\/uploads\/2025\/04\/Ursula-von-der-Leyen-foto-EU.jpg","width":1200,"height":800,"caption":"Ursula von der Leyen"},{"@type":"BreadcrumbList","@id":"https:\/\/www.rri.ro\/de\/aktuell\/rri-aktuell\/handelskrieg-oder-loesung-eu-und-usa-im-zollstreit-id878953.html#breadcrumb","itemListElement":[{"@type":"ListItem","position":1,"name":"Startseite","item":"https:\/\/www.rri.ro\/de"},{"@type":"ListItem","position":2,"name":"Aktuell","item":"https:\/\/www.rri.ro\/de\/aktuell"},{"@type":"ListItem","position":3,"name":"RRI Aktuell","item":"https:\/\/www.rri.ro\/de\/aktuell\/rri-aktuell"},{"@type":"ListItem","position":4,"name":"Handelskrieg oder L\u00f6sung? EU und USA im Zollstreit"}]},{"@type":"WebSite","@id":"https:\/\/www.rri.ro\/#website","url":"https:\/\/www.rri.ro\/","name":"Radio Rum\u00e4nien International","description":"Totul despre Rom\u00e2nia \u015fi rom\u00e2ni, \u00een 13 limbi\/dialecte!","inLanguage":"de"},{"@type":"Person","@id":"https:\/\/www.rri.ro\/#\/schema\/person\/b46b8f80d7d6e4b5ac9f14f0acbad0c4","name":"Daniela Budu","url":"https:\/\/www.rri.ro\/de\/author\/daniela-budu"}]}},"_links":{"self":[{"href":"https:\/\/www.rri.ro\/de\/wp-json\/wp\/v2\/posts\/878953","targetHints":{"allow":["GET"]}}],"collection":[{"href":"https:\/\/www.rri.ro\/de\/wp-json\/wp\/v2\/posts"}],"about":[{"href":"https:\/\/www.rri.ro\/de\/wp-json\/wp\/v2\/types\/post"}],"author":[{"embeddable":true,"href":"https:\/\/www.rri.ro\/de\/wp-json\/wp\/v2\/users\/107"}],"replies":[{"embeddable":true,"href":"https:\/\/www.rri.ro\/de\/wp-json\/wp\/v2\/comments?post=878953"}],"version-history":[{"count":0,"href":"https:\/\/www.rri.ro\/de\/wp-json\/wp\/v2\/posts\/878953\/revisions"}],"wp:featuredmedia":[{"embeddable":true,"href":"https:\/\/www.rri.ro\/de\/wp-json\/wp\/v2\/media\/877609"}],"wp:attachment":[{"href":"https:\/\/www.rri.ro\/de\/wp-json\/wp\/v2\/media?parent=878953"}],"wp:term":[{"taxonomy":"category","embeddable":true,"href":"https:\/\/www.rri.ro\/de\/wp-json\/wp\/v2\/categories?post=878953"},{"taxonomy":"post_tag","embeddable":true,"href":"https:\/\/www.rri.ro\/de\/wp-json\/wp\/v2\/tags?post=878953"},{"taxonomy":"author","embeddable":true,"href":"https:\/\/www.rri.ro\/de\/wp-json\/wp\/v2\/coauthors?post=878953"}],"curies":[{"name":"wp","href":"https:\/\/api.w.org\/{rel}","templated":true}]}}