{"id":888007,"date":"2025-05-07T18:04:39","date_gmt":"2025-05-07T15:04:39","guid":{"rendered":"https:\/\/www.rri.ro\/?p=888007"},"modified":"2025-05-16T18:10:06","modified_gmt":"2025-05-16T15:10:06","slug":"die-wirtschaftlichen-auswirkungen-der-praesidentschaftswahlen","status":"publish","type":"post","link":"https:\/\/www.rri.ro\/de\/aktuell\/rri-aktuell\/die-wirtschaftlichen-auswirkungen-der-praesidentschaftswahlen-id888007.html","title":{"rendered":"Die wirtschaftlichen Auswirkungen der Pr\u00e4sidentschaftswahlen"},"content":{"rendered":"<p>Das Ergebnis der ersten Runde der Pr\u00e4sidentschaftswahlen in Rum\u00e4nien und das politische Chaos infolge des R\u00fccktritts des sozialdemokratischen Ministerpr\u00e4sidenten Marcel Ciolacu aus der PSD-PNL-UDMR-Koalitionsregierung haben die ohnehin schon prek\u00e4re Stabilit\u00e4t der nationalen Wirtschaft ersch\u00fcttert. Die entstandene Situation hat sich auf den Wechselkurs und die Entwicklung der wichtigsten Indizes der Bukarester B\u00f6rse ausgewirkt und zu einem Anstieg der Zinss\u00e4tze gef\u00fchrt, zu denen der rum\u00e4nische Staat Kredite aufnimmt.<\/p>\n<p>&nbsp;<\/p>\n<p>Nachdem es der Rum\u00e4nischen Nationalbank gelungen war, den Wechselkurs des Leu gegen\u00fcber der europ\u00e4ischen Einheitsw\u00e4hrung lange Zeit relativ stabil zu halten, stieg der von der NBR am Dienstag bekannt gegebene Wert auf fast 5,04 Lei f\u00fcr einen Euro. Am selben Tag stieg der dreimonatige ROBOR-Index, auf dessen Grundlage die Kosten f\u00fcr Verbraucherkredite in Lei mit variablen Zinsen berechnet werden, von 5,9 % auf 6,08 % pro Jahr. Und der 6-Monats-Index, der zur Berechnung der Zinsen f\u00fcr Hypothekendarlehen in Lei mit variablem Zinssatz herangezogen wird, stieg um 0,16 %.<\/p>\n<p>&nbsp;<\/p>\n<p>Der Sprecher der Nationalbank Rum\u00e4niens BNR, Dan Suciu, erkl\u00e4rte, dass die Abwertung des Leu gegen\u00fcber dem Euro zwar nicht mehr als 2 Prozent betrage, sich aber auf die Kosten des rum\u00e4nischen Staates auswirke, dass die Zentralbank aber \u00fcber die notwendigen Mittel verf\u00fcge, um die Situation unter Kontrolle zu halten. Dan Suciu: <em>&#8222;Nat\u00fcrlich hat das \u00dcberschreiten der Schwelle von 5 Lei einige Emotionen und eine gewisse Besorgnis ausgel\u00f6st. Was uns wirklich beunruhigt, ist die Tatsache, dass wir uns in einer Zeit der Wahlen und der politischen Instabilit\u00e4t befinden, in der eine ganze Reihe von Fragen, die wir auf politischer Ebene beantworten mussten, nicht beantwortet werden, und das in einem Kontext, in dem wir eine Reihe von Kapitalabfl\u00fcssen, von Geld, aus dem Land und wenige Zufl\u00fcsse auf den M\u00e4rkten haben. In der vorangegangenen Periode war die Situation genau umgekehrt. Solange wir nicht zu einem \u00e4hnlichen Fluss zur\u00fcckkehren, ist es schwierig zu sagen, dass wir die Stabilit\u00e4t haben werden, die wir bei den Wechselkursen hatten, die wir hatten. Die Nationalbank verf\u00fcgt \u00fcber die n\u00f6tigen Mittel. Und ja, wir sind zuversichtlich, dass wir ein neues Gleichgewicht finden werden, auf dem sowohl der Wechselkurs als auch die Zinss\u00e4tze basieren.&#8220;<\/em><\/p>\n<p>&nbsp;<\/p>\n<p>Die Bukarester B\u00f6rse setzte am Dienstag ihren Abw\u00e4rtstrend fort, nachdem die wichtigsten Indizes am Montag um fast 3 % gegen\u00fcber den am Freitag verzeichneten Werten gesunken waren. Die wirtschaftliche Lage ist besorgniserregend und wird durch den R\u00fccktritt des Premierministers noch versch\u00e4rft &#8211; so der politische Kommentator Bogdan Chirieac, der ebenfalls zur Ruhe aufrief: <em>&#8222;Das Hauptproblem Rum\u00e4niens ist im Moment die wirtschaftliche Lage und die Tatsache, dass Premierminister Marcel Ciolacu \u00fcberst\u00fcrzt zur\u00fcckgetreten ist, ist das Schlimmste, was passieren kann. Ich glaube nicht, dass die Welt besorgter sein sollte als damals, als Giorgia Meloni die Wahlen in Italien gewann, und jetzt ist Giorgia Meloni der Transmissionsriemen zwischen der Europ\u00e4ischen Union und der Trump-Regierung. Rum\u00e4nien in diesem Moment anzugreifen, schadet sehr, denn wenn Rum\u00e4nien wirtschaftlich nachgibt und es Gr\u00fcnde f\u00fcr die Annahme gibt, dass die Gefahr besteht, dass so etwas passiert, wird die gesamte Europ\u00e4ische Union und die gesamte Ostflanke ein Problem haben.&#8220;<\/em> Diese Phase der Unsicherheit und Instabilit\u00e4t k\u00f6nnte mindestens bis nach der entscheidenden Runde der Pr\u00e4sidentschaftswahlen, die f\u00fcr den 18. Mai angesetzt ist, andauern.<\/p>\n","protected":false},"excerpt":{"rendered":"<p>Das Ergebnis der ersten Runde der Pr\u00e4sidentschaftswahlen in Rum\u00e4nien und das politische Chaos infolge des R\u00fccktritts des sozialdemokratischen Ministerpr\u00e4sidenten Marcel Ciolacu aus der PSD-PNL-UDMR-Koalitionsregierung haben die ohnehin schon prek\u00e4re Stabilit\u00e4t der nationalen Wirtschaft ersch\u00fcttert. Die entstandene Situation hat sich auf den Wechselkurs und die Entwicklung der wichtigsten Indizes der Bukarester B\u00f6rse ausgewirkt und zu einem [&hellip;]<\/p>\n","protected":false},"author":118,"featured_media":879667,"comment_status":"closed","ping_status":"closed","sticky":false,"template":"","format":"standard","meta":{"_acf_changed":false,"footnotes":""},"categories":[99583],"tags":[100619,100864,99757],"coauthors":[113323,113301],"class_list":["post-888007","post","type-post","status-publish","format-standard","has-post-thumbnail","hentry","category-rri-aktuell","tag-finanzen","tag-praesidentschaftswahlen","tag-wirtschaft"],"acf":[],"yoast_head":"<!-- This site is optimized with the Yoast SEO plugin v27.3 - https:\/\/yoast.com\/product\/yoast-seo-wordpress\/ -->\n<title>Die wirtschaftlichen Auswirkungen der Pr\u00e4sidentschaftswahlen - Radio Rum\u00e4nien International<\/title>\n<meta name=\"robots\" content=\"index, follow, max-snippet:-1, max-image-preview:large, max-video-preview:-1\" \/>\n<link rel=\"canonical\" href=\"https:\/\/www.rri.ro\/de\/aktuell\/rri-aktuell\/die-wirtschaftlichen-auswirkungen-der-praesidentschaftswahlen-id888007.html\" \/>\n<meta property=\"og:locale\" content=\"de_DE\" \/>\n<meta property=\"og:type\" content=\"article\" \/>\n<meta property=\"og:title\" content=\"Die wirtschaftlichen Auswirkungen der Pr\u00e4sidentschaftswahlen - Radio Rum\u00e4nien International\" \/>\n<meta property=\"og:description\" content=\"Das Ergebnis der ersten Runde der Pr\u00e4sidentschaftswahlen in Rum\u00e4nien und das politische Chaos infolge des R\u00fccktritts des sozialdemokratischen Ministerpr\u00e4sidenten Marcel Ciolacu aus der PSD-PNL-UDMR-Koalitionsregierung haben die ohnehin schon prek\u00e4re Stabilit\u00e4t der nationalen Wirtschaft ersch\u00fcttert. Die entstandene Situation hat sich auf den Wechselkurs und die Entwicklung der wichtigsten Indizes der Bukarester B\u00f6rse ausgewirkt und zu einem [&hellip;]\" \/>\n<meta property=\"og:url\" content=\"https:\/\/www.rri.ro\/de\/aktuell\/rri-aktuell\/die-wirtschaftlichen-auswirkungen-der-praesidentschaftswahlen-id888007.html\" \/>\n<meta property=\"og:site_name\" content=\"Radio Rum\u00e4nien International\" \/>\n<meta property=\"article:published_time\" content=\"2025-05-07T15:04:39+00:00\" \/>\n<meta property=\"article:modified_time\" content=\"2025-05-16T15:10:06+00:00\" \/>\n<meta property=\"og:image\" content=\"https:\/\/www.rri.ro\/wp-content\/uploads\/2025\/04\/crestere-euro-bani-Marcel-Straus-unsplash-com.jpg\" \/>\n\t<meta property=\"og:image:width\" content=\"1200\" \/>\n\t<meta property=\"og:image:height\" content=\"684\" \/>\n\t<meta property=\"og:image:type\" content=\"image\/jpeg\" \/>\n<meta name=\"author\" content=\"Sorin Iordan, Florin Lungu\" \/>\n<meta name=\"twitter:card\" content=\"summary_large_image\" \/>\n<meta name=\"twitter:label1\" content=\"Verfasst von\" \/>\n\t<meta name=\"twitter:data1\" content=\"Sorin Iordan\" \/>\n\t<meta name=\"twitter:label2\" content=\"Gesch\u00e4tzte Lesezeit\" \/>\n\t<meta name=\"twitter:data2\" content=\"3\u00a0Minuten\" \/>\n\t<meta name=\"twitter:label3\" content=\"Written by\" \/>\n\t<meta name=\"twitter:data3\" content=\"Sorin Iordan, Florin Lungu\" \/>\n<script type=\"application\/ld+json\" class=\"yoast-schema-graph\">{\"@context\":\"https:\\\/\\\/schema.org\",\"@graph\":[{\"@type\":\"Article\",\"@id\":\"https:\\\/\\\/www.rri.ro\\\/de\\\/aktuell\\\/rri-aktuell\\\/die-wirtschaftlichen-auswirkungen-der-praesidentschaftswahlen-id888007.html#article\",\"isPartOf\":{\"@id\":\"https:\\\/\\\/www.rri.ro\\\/de\\\/aktuell\\\/rri-aktuell\\\/die-wirtschaftlichen-auswirkungen-der-praesidentschaftswahlen-id888007.html\"},\"author\":{\"name\":\"Sorin Iordan\",\"@id\":\"https:\\\/\\\/www.rri.ro\\\/#\\\/schema\\\/person\\\/4f66d7193567114976ed046851bb8dc3\"},\"headline\":\"Die wirtschaftlichen Auswirkungen der Pr\u00e4sidentschaftswahlen\",\"datePublished\":\"2025-05-07T15:04:39+00:00\",\"dateModified\":\"2025-05-16T15:10:06+00:00\",\"mainEntityOfPage\":{\"@id\":\"https:\\\/\\\/www.rri.ro\\\/de\\\/aktuell\\\/rri-aktuell\\\/die-wirtschaftlichen-auswirkungen-der-praesidentschaftswahlen-id888007.html\"},\"wordCount\":570,\"image\":{\"@id\":\"https:\\\/\\\/www.rri.ro\\\/de\\\/aktuell\\\/rri-aktuell\\\/die-wirtschaftlichen-auswirkungen-der-praesidentschaftswahlen-id888007.html#primaryimage\"},\"thumbnailUrl\":\"https:\\\/\\\/www.rri.ro\\\/wp-content\\\/uploads\\\/2025\\\/04\\\/crestere-euro-bani-Marcel-Straus-unsplash-com.jpg\",\"keywords\":[\"Finanzen\",\"Pr\u00e4sidentschaftswahlen\",\"Wirtschaft\"],\"articleSection\":[\"RRI Aktuell\"],\"inLanguage\":\"de\"},{\"@type\":\"WebPage\",\"@id\":\"https:\\\/\\\/www.rri.ro\\\/de\\\/aktuell\\\/rri-aktuell\\\/die-wirtschaftlichen-auswirkungen-der-praesidentschaftswahlen-id888007.html\",\"url\":\"https:\\\/\\\/www.rri.ro\\\/de\\\/aktuell\\\/rri-aktuell\\\/die-wirtschaftlichen-auswirkungen-der-praesidentschaftswahlen-id888007.html\",\"name\":\"Die wirtschaftlichen Auswirkungen der Pr\u00e4sidentschaftswahlen - Radio Rum\u00e4nien International\",\"isPartOf\":{\"@id\":\"https:\\\/\\\/www.rri.ro\\\/#website\"},\"primaryImageOfPage\":{\"@id\":\"https:\\\/\\\/www.rri.ro\\\/de\\\/aktuell\\\/rri-aktuell\\\/die-wirtschaftlichen-auswirkungen-der-praesidentschaftswahlen-id888007.html#primaryimage\"},\"image\":{\"@id\":\"https:\\\/\\\/www.rri.ro\\\/de\\\/aktuell\\\/rri-aktuell\\\/die-wirtschaftlichen-auswirkungen-der-praesidentschaftswahlen-id888007.html#primaryimage\"},\"thumbnailUrl\":\"https:\\\/\\\/www.rri.ro\\\/wp-content\\\/uploads\\\/2025\\\/04\\\/crestere-euro-bani-Marcel-Straus-unsplash-com.jpg\",\"datePublished\":\"2025-05-07T15:04:39+00:00\",\"dateModified\":\"2025-05-16T15:10:06+00:00\",\"author\":{\"@id\":\"https:\\\/\\\/www.rri.ro\\\/#\\\/schema\\\/person\\\/4f66d7193567114976ed046851bb8dc3\"},\"breadcrumb\":{\"@id\":\"https:\\\/\\\/www.rri.ro\\\/de\\\/aktuell\\\/rri-aktuell\\\/die-wirtschaftlichen-auswirkungen-der-praesidentschaftswahlen-id888007.html#breadcrumb\"},\"inLanguage\":\"de\",\"potentialAction\":[{\"@type\":\"ReadAction\",\"target\":[\"https:\\\/\\\/www.rri.ro\\\/de\\\/aktuell\\\/rri-aktuell\\\/die-wirtschaftlichen-auswirkungen-der-praesidentschaftswahlen-id888007.html\"]}]},{\"@type\":\"ImageObject\",\"inLanguage\":\"de\",\"@id\":\"https:\\\/\\\/www.rri.ro\\\/de\\\/aktuell\\\/rri-aktuell\\\/die-wirtschaftlichen-auswirkungen-der-praesidentschaftswahlen-id888007.html#primaryimage\",\"url\":\"https:\\\/\\\/www.rri.ro\\\/wp-content\\\/uploads\\\/2025\\\/04\\\/crestere-euro-bani-Marcel-Straus-unsplash-com.jpg\",\"contentUrl\":\"https:\\\/\\\/www.rri.ro\\\/wp-content\\\/uploads\\\/2025\\\/04\\\/crestere-euro-bani-Marcel-Straus-unsplash-com.jpg\",\"width\":1200,\"height\":684,\"caption\":\"\u0437\u0440\u043e\u0441\u0442\u0430\u043d\u043d\u044f \u043a\u0443\u0440\u0441\u0443 \u0454\u0432\u0440\u043e\"},{\"@type\":\"BreadcrumbList\",\"@id\":\"https:\\\/\\\/www.rri.ro\\\/de\\\/aktuell\\\/rri-aktuell\\\/die-wirtschaftlichen-auswirkungen-der-praesidentschaftswahlen-id888007.html#breadcrumb\",\"itemListElement\":[{\"@type\":\"ListItem\",\"position\":1,\"name\":\"Startseite\",\"item\":\"https:\\\/\\\/www.rri.ro\\\/de\"},{\"@type\":\"ListItem\",\"position\":2,\"name\":\"Aktuell\",\"item\":\"https:\\\/\\\/www.rri.ro\\\/de\\\/aktuell\"},{\"@type\":\"ListItem\",\"position\":3,\"name\":\"RRI Aktuell\",\"item\":\"https:\\\/\\\/www.rri.ro\\\/de\\\/aktuell\\\/rri-aktuell\"},{\"@type\":\"ListItem\",\"position\":4,\"name\":\"Die wirtschaftlichen Auswirkungen der Pr\u00e4sidentschaftswahlen\"}]},{\"@type\":\"WebSite\",\"@id\":\"https:\\\/\\\/www.rri.ro\\\/#website\",\"url\":\"https:\\\/\\\/www.rri.ro\\\/\",\"name\":\"Radio Rum\u00e4nien International\",\"description\":\"Totul despre Rom\u00e2nia \u015fi rom\u00e2ni, \u00een 13 limbi\\\/dialecte!\",\"inLanguage\":\"de\"},{\"@type\":\"Person\",\"@id\":\"https:\\\/\\\/www.rri.ro\\\/#\\\/schema\\\/person\\\/4f66d7193567114976ed046851bb8dc3\",\"name\":\"Sorin Iordan\",\"url\":\"https:\\\/\\\/www.rri.ro\\\/de\\\/author\\\/sorin-iordan\"}]}<\/script>\n<!-- \/ Yoast SEO plugin. -->","yoast_head_json":{"title":"Die wirtschaftlichen Auswirkungen der Pr\u00e4sidentschaftswahlen - Radio Rum\u00e4nien International","robots":{"index":"index","follow":"follow","max-snippet":"max-snippet:-1","max-image-preview":"max-image-preview:large","max-video-preview":"max-video-preview:-1"},"canonical":"https:\/\/www.rri.ro\/de\/aktuell\/rri-aktuell\/die-wirtschaftlichen-auswirkungen-der-praesidentschaftswahlen-id888007.html","og_locale":"de_DE","og_type":"article","og_title":"Die wirtschaftlichen Auswirkungen der Pr\u00e4sidentschaftswahlen - Radio Rum\u00e4nien International","og_description":"Das Ergebnis der ersten Runde der Pr\u00e4sidentschaftswahlen in Rum\u00e4nien und das politische Chaos infolge des R\u00fccktritts des sozialdemokratischen Ministerpr\u00e4sidenten Marcel Ciolacu aus der PSD-PNL-UDMR-Koalitionsregierung haben die ohnehin schon prek\u00e4re Stabilit\u00e4t der nationalen Wirtschaft ersch\u00fcttert. Die entstandene Situation hat sich auf den Wechselkurs und die Entwicklung der wichtigsten Indizes der Bukarester B\u00f6rse ausgewirkt und zu einem [&hellip;]","og_url":"https:\/\/www.rri.ro\/de\/aktuell\/rri-aktuell\/die-wirtschaftlichen-auswirkungen-der-praesidentschaftswahlen-id888007.html","og_site_name":"Radio Rum\u00e4nien International","article_published_time":"2025-05-07T15:04:39+00:00","article_modified_time":"2025-05-16T15:10:06+00:00","og_image":[{"width":1200,"height":684,"url":"https:\/\/www.rri.ro\/wp-content\/uploads\/2025\/04\/crestere-euro-bani-Marcel-Straus-unsplash-com.jpg","type":"image\/jpeg"}],"author":"Sorin Iordan, Florin Lungu","twitter_card":"summary_large_image","twitter_misc":{"Verfasst von":"Sorin Iordan","Gesch\u00e4tzte Lesezeit":"3\u00a0Minuten","Written by":"Sorin Iordan, Florin Lungu"},"schema":{"@context":"https:\/\/schema.org","@graph":[{"@type":"Article","@id":"https:\/\/www.rri.ro\/de\/aktuell\/rri-aktuell\/die-wirtschaftlichen-auswirkungen-der-praesidentschaftswahlen-id888007.html#article","isPartOf":{"@id":"https:\/\/www.rri.ro\/de\/aktuell\/rri-aktuell\/die-wirtschaftlichen-auswirkungen-der-praesidentschaftswahlen-id888007.html"},"author":{"name":"Sorin Iordan","@id":"https:\/\/www.rri.ro\/#\/schema\/person\/4f66d7193567114976ed046851bb8dc3"},"headline":"Die wirtschaftlichen Auswirkungen der Pr\u00e4sidentschaftswahlen","datePublished":"2025-05-07T15:04:39+00:00","dateModified":"2025-05-16T15:10:06+00:00","mainEntityOfPage":{"@id":"https:\/\/www.rri.ro\/de\/aktuell\/rri-aktuell\/die-wirtschaftlichen-auswirkungen-der-praesidentschaftswahlen-id888007.html"},"wordCount":570,"image":{"@id":"https:\/\/www.rri.ro\/de\/aktuell\/rri-aktuell\/die-wirtschaftlichen-auswirkungen-der-praesidentschaftswahlen-id888007.html#primaryimage"},"thumbnailUrl":"https:\/\/www.rri.ro\/wp-content\/uploads\/2025\/04\/crestere-euro-bani-Marcel-Straus-unsplash-com.jpg","keywords":["Finanzen","Pr\u00e4sidentschaftswahlen","Wirtschaft"],"articleSection":["RRI Aktuell"],"inLanguage":"de"},{"@type":"WebPage","@id":"https:\/\/www.rri.ro\/de\/aktuell\/rri-aktuell\/die-wirtschaftlichen-auswirkungen-der-praesidentschaftswahlen-id888007.html","url":"https:\/\/www.rri.ro\/de\/aktuell\/rri-aktuell\/die-wirtschaftlichen-auswirkungen-der-praesidentschaftswahlen-id888007.html","name":"Die wirtschaftlichen Auswirkungen der Pr\u00e4sidentschaftswahlen - Radio Rum\u00e4nien International","isPartOf":{"@id":"https:\/\/www.rri.ro\/#website"},"primaryImageOfPage":{"@id":"https:\/\/www.rri.ro\/de\/aktuell\/rri-aktuell\/die-wirtschaftlichen-auswirkungen-der-praesidentschaftswahlen-id888007.html#primaryimage"},"image":{"@id":"https:\/\/www.rri.ro\/de\/aktuell\/rri-aktuell\/die-wirtschaftlichen-auswirkungen-der-praesidentschaftswahlen-id888007.html#primaryimage"},"thumbnailUrl":"https:\/\/www.rri.ro\/wp-content\/uploads\/2025\/04\/crestere-euro-bani-Marcel-Straus-unsplash-com.jpg","datePublished":"2025-05-07T15:04:39+00:00","dateModified":"2025-05-16T15:10:06+00:00","author":{"@id":"https:\/\/www.rri.ro\/#\/schema\/person\/4f66d7193567114976ed046851bb8dc3"},"breadcrumb":{"@id":"https:\/\/www.rri.ro\/de\/aktuell\/rri-aktuell\/die-wirtschaftlichen-auswirkungen-der-praesidentschaftswahlen-id888007.html#breadcrumb"},"inLanguage":"de","potentialAction":[{"@type":"ReadAction","target":["https:\/\/www.rri.ro\/de\/aktuell\/rri-aktuell\/die-wirtschaftlichen-auswirkungen-der-praesidentschaftswahlen-id888007.html"]}]},{"@type":"ImageObject","inLanguage":"de","@id":"https:\/\/www.rri.ro\/de\/aktuell\/rri-aktuell\/die-wirtschaftlichen-auswirkungen-der-praesidentschaftswahlen-id888007.html#primaryimage","url":"https:\/\/www.rri.ro\/wp-content\/uploads\/2025\/04\/crestere-euro-bani-Marcel-Straus-unsplash-com.jpg","contentUrl":"https:\/\/www.rri.ro\/wp-content\/uploads\/2025\/04\/crestere-euro-bani-Marcel-Straus-unsplash-com.jpg","width":1200,"height":684,"caption":"\u0437\u0440\u043e\u0441\u0442\u0430\u043d\u043d\u044f \u043a\u0443\u0440\u0441\u0443 \u0454\u0432\u0440\u043e"},{"@type":"BreadcrumbList","@id":"https:\/\/www.rri.ro\/de\/aktuell\/rri-aktuell\/die-wirtschaftlichen-auswirkungen-der-praesidentschaftswahlen-id888007.html#breadcrumb","itemListElement":[{"@type":"ListItem","position":1,"name":"Startseite","item":"https:\/\/www.rri.ro\/de"},{"@type":"ListItem","position":2,"name":"Aktuell","item":"https:\/\/www.rri.ro\/de\/aktuell"},{"@type":"ListItem","position":3,"name":"RRI Aktuell","item":"https:\/\/www.rri.ro\/de\/aktuell\/rri-aktuell"},{"@type":"ListItem","position":4,"name":"Die wirtschaftlichen Auswirkungen der Pr\u00e4sidentschaftswahlen"}]},{"@type":"WebSite","@id":"https:\/\/www.rri.ro\/#website","url":"https:\/\/www.rri.ro\/","name":"Radio Rum\u00e4nien International","description":"Totul despre Rom\u00e2nia \u015fi rom\u00e2ni, \u00een 13 limbi\/dialecte!","inLanguage":"de"},{"@type":"Person","@id":"https:\/\/www.rri.ro\/#\/schema\/person\/4f66d7193567114976ed046851bb8dc3","name":"Sorin Iordan","url":"https:\/\/www.rri.ro\/de\/author\/sorin-iordan"}]}},"_links":{"self":[{"href":"https:\/\/www.rri.ro\/de\/wp-json\/wp\/v2\/posts\/888007","targetHints":{"allow":["GET"]}}],"collection":[{"href":"https:\/\/www.rri.ro\/de\/wp-json\/wp\/v2\/posts"}],"about":[{"href":"https:\/\/www.rri.ro\/de\/wp-json\/wp\/v2\/types\/post"}],"author":[{"embeddable":true,"href":"https:\/\/www.rri.ro\/de\/wp-json\/wp\/v2\/users\/118"}],"replies":[{"embeddable":true,"href":"https:\/\/www.rri.ro\/de\/wp-json\/wp\/v2\/comments?post=888007"}],"version-history":[{"count":0,"href":"https:\/\/www.rri.ro\/de\/wp-json\/wp\/v2\/posts\/888007\/revisions"}],"wp:featuredmedia":[{"embeddable":true,"href":"https:\/\/www.rri.ro\/de\/wp-json\/wp\/v2\/media\/879667"}],"wp:attachment":[{"href":"https:\/\/www.rri.ro\/de\/wp-json\/wp\/v2\/media?parent=888007"}],"wp:term":[{"taxonomy":"category","embeddable":true,"href":"https:\/\/www.rri.ro\/de\/wp-json\/wp\/v2\/categories?post=888007"},{"taxonomy":"post_tag","embeddable":true,"href":"https:\/\/www.rri.ro\/de\/wp-json\/wp\/v2\/tags?post=888007"},{"taxonomy":"author","embeddable":true,"href":"https:\/\/www.rri.ro\/de\/wp-json\/wp\/v2\/coauthors?post=888007"}],"curies":[{"name":"wp","href":"https:\/\/api.w.org\/{rel}","templated":true}]}}