{"id":888965,"date":"2025-05-19T14:12:25","date_gmt":"2025-05-19T11:12:25","guid":{"rendered":"https:\/\/www.rri.ro\/?p=888965"},"modified":"2025-05-19T14:21:59","modified_gmt":"2025-05-19T11:21:59","slug":"reaktionen-auf-die-rumaenischen-praesidentschaftswahlen","status":"publish","type":"post","link":"https:\/\/www.rri.ro\/de\/aktuell\/rri-aktuell\/reaktionen-auf-die-rumaenischen-praesidentschaftswahlen-id888965.html","title":{"rendered":"Reaktionen auf die rum\u00e4nischen Pr\u00e4sidentschaftswahlen"},"content":{"rendered":"<p>Rum\u00e4niens Interimspr\u00e4sident Ilie Bolojan hat am Montagmorgen dem pro-europ\u00e4ischen B\u00fcrgermeister von Bukarest, Nicu\u015for Dan, zum Sieg bei den Pr\u00e4sidentschaftswahlen gratuliert. <em>&#8222;Rum\u00e4nien hat gew\u00e4hlt. Herzlichen Gl\u00fcckwunsch, Nicu\u015for Dan! Ich danke den B\u00fcrgerinnen und B\u00fcrgern unseres Landes f\u00fcr ihre hohe Wahlbeteiligung, unabh\u00e4ngig davon, welche Option sie hatten. Ich danke allen, die an der Organisation der Wahlen beteiligt waren, f\u00fcr den reibungslosen Ablauf der zweiten Runde&#8220;<\/em>, schrieb Ilie Bolojan auf seiner Facebook-Seite.<\/p>\n<p>Der ehemalige Ministerpr\u00e4sident Marcel Ciolacu, Vorsitzender der PSD (die gemeinsam mit der PNL und dem Ungarnverband (UDMR) regiert), begl\u00fcckw\u00fcnschte Nicu\u015for Dan zu seinem Sieg am Sonntag. Er sagte, die Rum\u00e4nen h\u00e4tten der Welt einmal mehr bewiesen, dass sie es in den schwierigsten Momenten verstehen, wirtschaftliche, soziale oder politische Unterschiede zu \u00fcberwinden und im Angesicht der Gefahr zusammenzustehen. Marcel Ciolacu erkl\u00e4rte, das Wahlergebnis zeige deutlich, dass Rum\u00e4nien Vers\u00f6hnung und Wiederaufbau brauche.<\/p>\n<p>Der UDMR-Vorsitzende Kelemen Hunor gratulierte Nicu\u015for Dan ebenfalls und wies darauf hin, dass die Ungarn in gro\u00dfer Zahl f\u00fcr den neuen rum\u00e4nischen Pr\u00e4sidenten gestimmt haben. George Simion, der Kandidat der AUR (Souver\u00e4nisten) bei den Pr\u00e4sidentschaftswahlen, gratulierte seinem Gegner zum Sieg im zweiten Wahlgang und betonte, dass dies der Wille des rum\u00e4nischen Volkes sei.<\/p>\n<p>Auch aus dem Ausland kamen Reaktionen auf die Ergebnisse der Wahlen vom Sonntag. <em>&#8222;Herzlichen Gl\u00fcckwunsch an Nicu\u015for Dan f\u00fcr seinen Sieg heute Abend! Das rum\u00e4nische Volk ist in gro\u00dfer Zahl zu den Urnen gegangen. Sie haben sich f\u00fcr das Versprechen eines offenen, wohlhabenden Rum\u00e4niens in einem starken Europa entschieden. Lassen Sie uns gemeinsam dieses Versprechen einl\u00f6sen. Ich freue mich auf die Arbeit&#8220;<\/em>, schrieb die Pr\u00e4sidentin der Europ\u00e4ischen Kommission, Ursula von der Leyen, in den sozialen Netzwerken. Die Pr\u00e4sidentin des Europ\u00e4ischen Parlaments, Roberta Metsola, erkl\u00e4rte ihrerseits, dass Rum\u00e4nien unter der F\u00fchrung von Nicu\u015for Dan st\u00e4rker werden und Europa weiter gestalten werde.<\/p>\n<p>Der franz\u00f6sische Pr\u00e4sident Emmanuel Macron rief Nicu\u015for Dan an und gratulierte ihm zu seiner Wahl zum rum\u00e4nischen Staatschef. <em>&#8222;Frankreich wird an Ihrer Seite stehen, um unsere Partnerschaft zu st\u00e4rken und gemeinsam f\u00fcr ein st\u00e4rkeres, souver\u00e4neres und unabh\u00e4ngigeres Europa zu arbeiten&#8220;<\/em>, f\u00fcgte Macron hinzu. Der spanische Premierminister Pedro Sanchez sagte, Rum\u00e4nien und die Europ\u00e4ische Union h\u00e4tten gewonnen, und <em>&#8222;die extreme Rechte hat verloren&#8220;<\/em>. <em>&#8222;Es lebe das freie Rum\u00e4nien!&#8220;<\/em> sagte auch der polnische Premierminister Donald Tusk auf Rum\u00e4nisch, Englisch und Polnisch. Maia Sandu, die Pr\u00e4sidentin der Republik Moldau (ehemalige Sowjetunion, \u00fcberwiegend rum\u00e4nischsprachig), gratulierte Nicu\u015for Dan zum Sieg bei den Pr\u00e4sidentschaftswahlen und bekr\u00e4ftigte, dass die beiden Nachbarstaaten gemeinsam den europ\u00e4ischen Weg beschreiten.<\/p>\n","protected":false},"excerpt":{"rendered":"<p>Rum\u00e4niens Interimspr\u00e4sident Ilie Bolojan hat am Montagmorgen dem pro-europ\u00e4ischen B\u00fcrgermeister von Bukarest, Nicu\u015for Dan, zum Sieg bei den Pr\u00e4sidentschaftswahlen gratuliert. &#8222;Rum\u00e4nien hat gew\u00e4hlt. Herzlichen Gl\u00fcckwunsch, Nicu\u015for Dan! Ich danke den B\u00fcrgerinnen und B\u00fcrgern unseres Landes f\u00fcr ihre hohe Wahlbeteiligung, unabh\u00e4ngig davon, welche Option sie hatten. Ich danke allen, die an der Organisation der Wahlen beteiligt [&hellip;]<\/p>\n","protected":false},"author":46,"featured_media":888839,"comment_status":"closed","ping_status":"closed","sticky":false,"template":"","format":"standard","meta":{"_acf_changed":false,"footnotes":""},"categories":[99583],"tags":[170232,100864,100073],"coauthors":[115852,113301],"class_list":["post-888965","post","type-post","status-publish","format-standard","has-post-thumbnail","hentry","category-rri-aktuell","tag-praesident-nicusor-dan","tag-praesidentschaftswahlen","tag-reaktionen"],"acf":[],"yoast_head":"<!-- This site is optimized with the Yoast SEO plugin v27.3 - https:\/\/yoast.com\/product\/yoast-seo-wordpress\/ -->\n<title>Reaktionen auf die rum\u00e4nischen Pr\u00e4sidentschaftswahlen - Radio Rum\u00e4nien International<\/title>\n<meta name=\"robots\" content=\"index, follow, max-snippet:-1, max-image-preview:large, max-video-preview:-1\" \/>\n<link rel=\"canonical\" href=\"https:\/\/www.rri.ro\/de\/aktuell\/rri-aktuell\/reaktionen-auf-die-rumaenischen-praesidentschaftswahlen-id888965.html\" \/>\n<meta property=\"og:locale\" content=\"de_DE\" \/>\n<meta property=\"og:type\" content=\"article\" \/>\n<meta property=\"og:title\" content=\"Reaktionen auf die rum\u00e4nischen Pr\u00e4sidentschaftswahlen - Radio Rum\u00e4nien International\" \/>\n<meta property=\"og:description\" content=\"Rum\u00e4niens Interimspr\u00e4sident Ilie Bolojan hat am Montagmorgen dem pro-europ\u00e4ischen B\u00fcrgermeister von Bukarest, Nicu\u015for Dan, zum Sieg bei den Pr\u00e4sidentschaftswahlen gratuliert. &#8222;Rum\u00e4nien hat gew\u00e4hlt. Herzlichen Gl\u00fcckwunsch, Nicu\u015for Dan! Ich danke den B\u00fcrgerinnen und B\u00fcrgern unseres Landes f\u00fcr ihre hohe Wahlbeteiligung, unabh\u00e4ngig davon, welche Option sie hatten. Ich danke allen, die an der Organisation der Wahlen beteiligt [&hellip;]\" \/>\n<meta property=\"og:url\" content=\"https:\/\/www.rri.ro\/de\/aktuell\/rri-aktuell\/reaktionen-auf-die-rumaenischen-praesidentschaftswahlen-id888965.html\" \/>\n<meta property=\"og:site_name\" content=\"Radio Rum\u00e4nien International\" \/>\n<meta property=\"article:published_time\" content=\"2025-05-19T11:12:25+00:00\" \/>\n<meta property=\"article:modified_time\" content=\"2025-05-19T11:21:59+00:00\" \/>\n<meta property=\"og:image\" content=\"https:\/\/www.rri.ro\/wp-content\/uploads\/2025\/05\/nicusor-dan-vot-tur2-agerpres-19mai2025.jpeg\" \/>\n\t<meta property=\"og:image:width\" content=\"800\" \/>\n\t<meta property=\"og:image:height\" content=\"533\" \/>\n\t<meta property=\"og:image:type\" content=\"image\/jpeg\" \/>\n<meta name=\"author\" content=\"Leyla Cheamil, Florin Lungu\" \/>\n<meta name=\"twitter:card\" content=\"summary_large_image\" \/>\n<meta name=\"twitter:label1\" content=\"Verfasst von\" \/>\n\t<meta name=\"twitter:data1\" content=\"Leyla Cheamil\" \/>\n\t<meta name=\"twitter:label2\" content=\"Gesch\u00e4tzte Lesezeit\" \/>\n\t<meta name=\"twitter:data2\" content=\"2\u00a0Minuten\" \/>\n\t<meta name=\"twitter:label3\" content=\"Written by\" \/>\n\t<meta name=\"twitter:data3\" content=\"Leyla Cheamil, Florin Lungu\" \/>\n<script type=\"application\/ld+json\" class=\"yoast-schema-graph\">{\"@context\":\"https:\\\/\\\/schema.org\",\"@graph\":[{\"@type\":\"Article\",\"@id\":\"https:\\\/\\\/www.rri.ro\\\/de\\\/aktuell\\\/rri-aktuell\\\/reaktionen-auf-die-rumaenischen-praesidentschaftswahlen-id888965.html#article\",\"isPartOf\":{\"@id\":\"https:\\\/\\\/www.rri.ro\\\/de\\\/aktuell\\\/rri-aktuell\\\/reaktionen-auf-die-rumaenischen-praesidentschaftswahlen-id888965.html\"},\"author\":{\"name\":\"Leyla Cheamil\",\"@id\":\"https:\\\/\\\/www.rri.ro\\\/#\\\/schema\\\/person\\\/e6364ed2d4b6af207a82ca66000d07e0\"},\"headline\":\"Reaktionen auf die rum\u00e4nischen Pr\u00e4sidentschaftswahlen\",\"datePublished\":\"2025-05-19T11:12:25+00:00\",\"dateModified\":\"2025-05-19T11:21:59+00:00\",\"mainEntityOfPage\":{\"@id\":\"https:\\\/\\\/www.rri.ro\\\/de\\\/aktuell\\\/rri-aktuell\\\/reaktionen-auf-die-rumaenischen-praesidentschaftswahlen-id888965.html\"},\"wordCount\":478,\"image\":{\"@id\":\"https:\\\/\\\/www.rri.ro\\\/de\\\/aktuell\\\/rri-aktuell\\\/reaktionen-auf-die-rumaenischen-praesidentschaftswahlen-id888965.html#primaryimage\"},\"thumbnailUrl\":\"https:\\\/\\\/www.rri.ro\\\/wp-content\\\/uploads\\\/2025\\\/05\\\/nicusor-dan-vot-tur2-agerpres-19mai2025.jpeg\",\"keywords\":[\"Pr\u00e4sident Nicusor Dan\",\"Pr\u00e4sidentschaftswahlen\",\"Reaktionen\"],\"articleSection\":[\"RRI Aktuell\"],\"inLanguage\":\"de\"},{\"@type\":\"WebPage\",\"@id\":\"https:\\\/\\\/www.rri.ro\\\/de\\\/aktuell\\\/rri-aktuell\\\/reaktionen-auf-die-rumaenischen-praesidentschaftswahlen-id888965.html\",\"url\":\"https:\\\/\\\/www.rri.ro\\\/de\\\/aktuell\\\/rri-aktuell\\\/reaktionen-auf-die-rumaenischen-praesidentschaftswahlen-id888965.html\",\"name\":\"Reaktionen auf die rum\u00e4nischen Pr\u00e4sidentschaftswahlen - Radio Rum\u00e4nien International\",\"isPartOf\":{\"@id\":\"https:\\\/\\\/www.rri.ro\\\/#website\"},\"primaryImageOfPage\":{\"@id\":\"https:\\\/\\\/www.rri.ro\\\/de\\\/aktuell\\\/rri-aktuell\\\/reaktionen-auf-die-rumaenischen-praesidentschaftswahlen-id888965.html#primaryimage\"},\"image\":{\"@id\":\"https:\\\/\\\/www.rri.ro\\\/de\\\/aktuell\\\/rri-aktuell\\\/reaktionen-auf-die-rumaenischen-praesidentschaftswahlen-id888965.html#primaryimage\"},\"thumbnailUrl\":\"https:\\\/\\\/www.rri.ro\\\/wp-content\\\/uploads\\\/2025\\\/05\\\/nicusor-dan-vot-tur2-agerpres-19mai2025.jpeg\",\"datePublished\":\"2025-05-19T11:12:25+00:00\",\"dateModified\":\"2025-05-19T11:21:59+00:00\",\"author\":{\"@id\":\"https:\\\/\\\/www.rri.ro\\\/#\\\/schema\\\/person\\\/e6364ed2d4b6af207a82ca66000d07e0\"},\"breadcrumb\":{\"@id\":\"https:\\\/\\\/www.rri.ro\\\/de\\\/aktuell\\\/rri-aktuell\\\/reaktionen-auf-die-rumaenischen-praesidentschaftswahlen-id888965.html#breadcrumb\"},\"inLanguage\":\"de\",\"potentialAction\":[{\"@type\":\"ReadAction\",\"target\":[\"https:\\\/\\\/www.rri.ro\\\/de\\\/aktuell\\\/rri-aktuell\\\/reaktionen-auf-die-rumaenischen-praesidentschaftswahlen-id888965.html\"]}]},{\"@type\":\"ImageObject\",\"inLanguage\":\"de\",\"@id\":\"https:\\\/\\\/www.rri.ro\\\/de\\\/aktuell\\\/rri-aktuell\\\/reaktionen-auf-die-rumaenischen-praesidentschaftswahlen-id888965.html#primaryimage\",\"url\":\"https:\\\/\\\/www.rri.ro\\\/wp-content\\\/uploads\\\/2025\\\/05\\\/nicusor-dan-vot-tur2-agerpres-19mai2025.jpeg\",\"contentUrl\":\"https:\\\/\\\/www.rri.ro\\\/wp-content\\\/uploads\\\/2025\\\/05\\\/nicusor-dan-vot-tur2-agerpres-19mai2025.jpeg\",\"width\":800,\"height\":533,\"caption\":\"\u041d\u0456\u043a\u0443\u0448\u043e\u0440 \u0414\u0430\u043d, \u0433\u043e\u043b\u043e\u0441\u0443\u0432\u0430\u043d\u043d\u044f \u0443 \u0434\u0440\u0443\u0433\u043e\u043c\u0443 \u0442\u0443\u0440\u0456 \u0443 \u0424\u0435\u0433\u0435\u0440\u0430\u0448\u0456 \\\/ \u0424\u043e\u0442\u043e: Agerpres\"},{\"@type\":\"BreadcrumbList\",\"@id\":\"https:\\\/\\\/www.rri.ro\\\/de\\\/aktuell\\\/rri-aktuell\\\/reaktionen-auf-die-rumaenischen-praesidentschaftswahlen-id888965.html#breadcrumb\",\"itemListElement\":[{\"@type\":\"ListItem\",\"position\":1,\"name\":\"Startseite\",\"item\":\"https:\\\/\\\/www.rri.ro\\\/de\"},{\"@type\":\"ListItem\",\"position\":2,\"name\":\"Aktuell\",\"item\":\"https:\\\/\\\/www.rri.ro\\\/de\\\/aktuell\"},{\"@type\":\"ListItem\",\"position\":3,\"name\":\"RRI Aktuell\",\"item\":\"https:\\\/\\\/www.rri.ro\\\/de\\\/aktuell\\\/rri-aktuell\"},{\"@type\":\"ListItem\",\"position\":4,\"name\":\"Reaktionen auf die rum\u00e4nischen Pr\u00e4sidentschaftswahlen\"}]},{\"@type\":\"WebSite\",\"@id\":\"https:\\\/\\\/www.rri.ro\\\/#website\",\"url\":\"https:\\\/\\\/www.rri.ro\\\/\",\"name\":\"Radio Rum\u00e4nien International\",\"description\":\"Totul despre Rom\u00e2nia \u015fi rom\u00e2ni, \u00een 13 limbi\\\/dialecte!\",\"inLanguage\":\"de\"},{\"@type\":\"Person\",\"@id\":\"https:\\\/\\\/www.rri.ro\\\/#\\\/schema\\\/person\\\/e6364ed2d4b6af207a82ca66000d07e0\",\"name\":\"Leyla Cheamil\",\"url\":\"https:\\\/\\\/www.rri.ro\\\/de\\\/author\\\/leyla-cheamil\"}]}<\/script>\n<!-- \/ Yoast SEO plugin. -->","yoast_head_json":{"title":"Reaktionen auf die rum\u00e4nischen Pr\u00e4sidentschaftswahlen - Radio Rum\u00e4nien International","robots":{"index":"index","follow":"follow","max-snippet":"max-snippet:-1","max-image-preview":"max-image-preview:large","max-video-preview":"max-video-preview:-1"},"canonical":"https:\/\/www.rri.ro\/de\/aktuell\/rri-aktuell\/reaktionen-auf-die-rumaenischen-praesidentschaftswahlen-id888965.html","og_locale":"de_DE","og_type":"article","og_title":"Reaktionen auf die rum\u00e4nischen Pr\u00e4sidentschaftswahlen - Radio Rum\u00e4nien International","og_description":"Rum\u00e4niens Interimspr\u00e4sident Ilie Bolojan hat am Montagmorgen dem pro-europ\u00e4ischen B\u00fcrgermeister von Bukarest, Nicu\u015for Dan, zum Sieg bei den Pr\u00e4sidentschaftswahlen gratuliert. &#8222;Rum\u00e4nien hat gew\u00e4hlt. Herzlichen Gl\u00fcckwunsch, Nicu\u015for Dan! Ich danke den B\u00fcrgerinnen und B\u00fcrgern unseres Landes f\u00fcr ihre hohe Wahlbeteiligung, unabh\u00e4ngig davon, welche Option sie hatten. Ich danke allen, die an der Organisation der Wahlen beteiligt [&hellip;]","og_url":"https:\/\/www.rri.ro\/de\/aktuell\/rri-aktuell\/reaktionen-auf-die-rumaenischen-praesidentschaftswahlen-id888965.html","og_site_name":"Radio Rum\u00e4nien International","article_published_time":"2025-05-19T11:12:25+00:00","article_modified_time":"2025-05-19T11:21:59+00:00","og_image":[{"width":800,"height":533,"url":"https:\/\/www.rri.ro\/wp-content\/uploads\/2025\/05\/nicusor-dan-vot-tur2-agerpres-19mai2025.jpeg","type":"image\/jpeg"}],"author":"Leyla Cheamil, Florin Lungu","twitter_card":"summary_large_image","twitter_misc":{"Verfasst von":"Leyla Cheamil","Gesch\u00e4tzte Lesezeit":"2\u00a0Minuten","Written by":"Leyla Cheamil, Florin Lungu"},"schema":{"@context":"https:\/\/schema.org","@graph":[{"@type":"Article","@id":"https:\/\/www.rri.ro\/de\/aktuell\/rri-aktuell\/reaktionen-auf-die-rumaenischen-praesidentschaftswahlen-id888965.html#article","isPartOf":{"@id":"https:\/\/www.rri.ro\/de\/aktuell\/rri-aktuell\/reaktionen-auf-die-rumaenischen-praesidentschaftswahlen-id888965.html"},"author":{"name":"Leyla Cheamil","@id":"https:\/\/www.rri.ro\/#\/schema\/person\/e6364ed2d4b6af207a82ca66000d07e0"},"headline":"Reaktionen auf die rum\u00e4nischen Pr\u00e4sidentschaftswahlen","datePublished":"2025-05-19T11:12:25+00:00","dateModified":"2025-05-19T11:21:59+00:00","mainEntityOfPage":{"@id":"https:\/\/www.rri.ro\/de\/aktuell\/rri-aktuell\/reaktionen-auf-die-rumaenischen-praesidentschaftswahlen-id888965.html"},"wordCount":478,"image":{"@id":"https:\/\/www.rri.ro\/de\/aktuell\/rri-aktuell\/reaktionen-auf-die-rumaenischen-praesidentschaftswahlen-id888965.html#primaryimage"},"thumbnailUrl":"https:\/\/www.rri.ro\/wp-content\/uploads\/2025\/05\/nicusor-dan-vot-tur2-agerpres-19mai2025.jpeg","keywords":["Pr\u00e4sident Nicusor Dan","Pr\u00e4sidentschaftswahlen","Reaktionen"],"articleSection":["RRI Aktuell"],"inLanguage":"de"},{"@type":"WebPage","@id":"https:\/\/www.rri.ro\/de\/aktuell\/rri-aktuell\/reaktionen-auf-die-rumaenischen-praesidentschaftswahlen-id888965.html","url":"https:\/\/www.rri.ro\/de\/aktuell\/rri-aktuell\/reaktionen-auf-die-rumaenischen-praesidentschaftswahlen-id888965.html","name":"Reaktionen auf die rum\u00e4nischen Pr\u00e4sidentschaftswahlen - Radio Rum\u00e4nien International","isPartOf":{"@id":"https:\/\/www.rri.ro\/#website"},"primaryImageOfPage":{"@id":"https:\/\/www.rri.ro\/de\/aktuell\/rri-aktuell\/reaktionen-auf-die-rumaenischen-praesidentschaftswahlen-id888965.html#primaryimage"},"image":{"@id":"https:\/\/www.rri.ro\/de\/aktuell\/rri-aktuell\/reaktionen-auf-die-rumaenischen-praesidentschaftswahlen-id888965.html#primaryimage"},"thumbnailUrl":"https:\/\/www.rri.ro\/wp-content\/uploads\/2025\/05\/nicusor-dan-vot-tur2-agerpres-19mai2025.jpeg","datePublished":"2025-05-19T11:12:25+00:00","dateModified":"2025-05-19T11:21:59+00:00","author":{"@id":"https:\/\/www.rri.ro\/#\/schema\/person\/e6364ed2d4b6af207a82ca66000d07e0"},"breadcrumb":{"@id":"https:\/\/www.rri.ro\/de\/aktuell\/rri-aktuell\/reaktionen-auf-die-rumaenischen-praesidentschaftswahlen-id888965.html#breadcrumb"},"inLanguage":"de","potentialAction":[{"@type":"ReadAction","target":["https:\/\/www.rri.ro\/de\/aktuell\/rri-aktuell\/reaktionen-auf-die-rumaenischen-praesidentschaftswahlen-id888965.html"]}]},{"@type":"ImageObject","inLanguage":"de","@id":"https:\/\/www.rri.ro\/de\/aktuell\/rri-aktuell\/reaktionen-auf-die-rumaenischen-praesidentschaftswahlen-id888965.html#primaryimage","url":"https:\/\/www.rri.ro\/wp-content\/uploads\/2025\/05\/nicusor-dan-vot-tur2-agerpres-19mai2025.jpeg","contentUrl":"https:\/\/www.rri.ro\/wp-content\/uploads\/2025\/05\/nicusor-dan-vot-tur2-agerpres-19mai2025.jpeg","width":800,"height":533,"caption":"\u041d\u0456\u043a\u0443\u0448\u043e\u0440 \u0414\u0430\u043d, \u0433\u043e\u043b\u043e\u0441\u0443\u0432\u0430\u043d\u043d\u044f \u0443 \u0434\u0440\u0443\u0433\u043e\u043c\u0443 \u0442\u0443\u0440\u0456 \u0443 \u0424\u0435\u0433\u0435\u0440\u0430\u0448\u0456 \/ \u0424\u043e\u0442\u043e: Agerpres"},{"@type":"BreadcrumbList","@id":"https:\/\/www.rri.ro\/de\/aktuell\/rri-aktuell\/reaktionen-auf-die-rumaenischen-praesidentschaftswahlen-id888965.html#breadcrumb","itemListElement":[{"@type":"ListItem","position":1,"name":"Startseite","item":"https:\/\/www.rri.ro\/de"},{"@type":"ListItem","position":2,"name":"Aktuell","item":"https:\/\/www.rri.ro\/de\/aktuell"},{"@type":"ListItem","position":3,"name":"RRI Aktuell","item":"https:\/\/www.rri.ro\/de\/aktuell\/rri-aktuell"},{"@type":"ListItem","position":4,"name":"Reaktionen auf die rum\u00e4nischen Pr\u00e4sidentschaftswahlen"}]},{"@type":"WebSite","@id":"https:\/\/www.rri.ro\/#website","url":"https:\/\/www.rri.ro\/","name":"Radio Rum\u00e4nien International","description":"Totul despre Rom\u00e2nia \u015fi rom\u00e2ni, \u00een 13 limbi\/dialecte!","inLanguage":"de"},{"@type":"Person","@id":"https:\/\/www.rri.ro\/#\/schema\/person\/e6364ed2d4b6af207a82ca66000d07e0","name":"Leyla Cheamil","url":"https:\/\/www.rri.ro\/de\/author\/leyla-cheamil"}]}},"_links":{"self":[{"href":"https:\/\/www.rri.ro\/de\/wp-json\/wp\/v2\/posts\/888965","targetHints":{"allow":["GET"]}}],"collection":[{"href":"https:\/\/www.rri.ro\/de\/wp-json\/wp\/v2\/posts"}],"about":[{"href":"https:\/\/www.rri.ro\/de\/wp-json\/wp\/v2\/types\/post"}],"author":[{"embeddable":true,"href":"https:\/\/www.rri.ro\/de\/wp-json\/wp\/v2\/users\/46"}],"replies":[{"embeddable":true,"href":"https:\/\/www.rri.ro\/de\/wp-json\/wp\/v2\/comments?post=888965"}],"version-history":[{"count":0,"href":"https:\/\/www.rri.ro\/de\/wp-json\/wp\/v2\/posts\/888965\/revisions"}],"wp:featuredmedia":[{"embeddable":true,"href":"https:\/\/www.rri.ro\/de\/wp-json\/wp\/v2\/media\/888839"}],"wp:attachment":[{"href":"https:\/\/www.rri.ro\/de\/wp-json\/wp\/v2\/media?parent=888965"}],"wp:term":[{"taxonomy":"category","embeddable":true,"href":"https:\/\/www.rri.ro\/de\/wp-json\/wp\/v2\/categories?post=888965"},{"taxonomy":"post_tag","embeddable":true,"href":"https:\/\/www.rri.ro\/de\/wp-json\/wp\/v2\/tags?post=888965"},{"taxonomy":"author","embeddable":true,"href":"https:\/\/www.rri.ro\/de\/wp-json\/wp\/v2\/coauthors?post=888965"}],"curies":[{"name":"wp","href":"https:\/\/api.w.org\/{rel}","templated":true}]}}