{"id":889136,"date":"2025-05-19T17:52:02","date_gmt":"2025-05-19T14:52:02","guid":{"rendered":"https:\/\/www.rri.ro\/?p=889136"},"modified":"2025-05-19T17:52:02","modified_gmt":"2025-05-19T14:52:02","slug":"nachrichten-19-05-2025","status":"publish","type":"post","link":"https:\/\/www.rri.ro\/de\/aktuell\/newsflash-de\/nachrichten-19-05-2025-id889136.html","title":{"rendered":"Nachrichten 19.05.2025"},"content":{"rendered":"<p>Der unabh\u00e4ngige Kandidat Nicu\u0219or Dan, prowestlicher B\u00fcrgermeister von Bukarest, hat am Sonntag in der Stichwahl um das Pr\u00e4sidentenamt den rechtspopulistischen Ultranationalisten George Simion, Vorsitzender der AUR-Partei, besiegt. Dan erhielt 53,6 Prozent der Stimmen, sein Herausforderer kam auf 46,4 Prozent. Die Wahlbeteiligung lag bei knapp 65 Prozent und damit deutlich h\u00f6her als im ersten Wahlgang, bei dem nur 53 Prozent der Wahlberechtigten ihre Stimme abgaben. Der 55-j\u00e4hrige Dan ist von Beruf Mathematiker und wurde vor \u00fcber zwei Jahrzehnten durch seinen Einsatz gegen die Immobilienmafia in der Hauptstadt bekannt. Er ist der zweite Bukarester B\u00fcrgermeister nach Traian B\u0103sescu, der Staatspr\u00e4sident wird \u2013 allerdings der erste, der dieses Amt als unabh\u00e4ngiger Kandidat erreicht.<\/p>\n<p>&nbsp;<\/p>\n<p>Der amtierende rum\u00e4nische \u00dcbergangspr\u00e4sident Ilie Bolojan gratulierte Nicu\u0219or Dan zu seinem Wahlsieg und dankte den B\u00fcrgerinnen und B\u00fcrgern f\u00fcr ihre zahlreiche Beteiligung \u2013 unabh\u00e4ngig von ihrer Wahlentscheidung. Auch der Vorsitzende der Sozialdemokraten, Marcel Ciolacu, begl\u00fcckw\u00fcnschte den proeurop\u00e4ischen Hauptstadtb\u00fcrgermeister und erkl\u00e4rte, das rum\u00e4nische Volk habe erneut bewiesen, dass es in schwierigen Momenten \u00fcber Unterschiede hinwegsehen und gemeinsam Gefahren begegnen k\u00f6nne. EU-Kommissionspr\u00e4sidentin Ursula von der Leyen erkl\u00e4rte, das rum\u00e4nische Volk habe sich in gro\u00dfer Zahl an der Wahl beteiligt und sich f\u00fcr das Versprechen eines offenen und wohlhabenden Rum\u00e4niens in einem starken Europa entschieden. Auch Frankreichs Pr\u00e4sident Emmanuel Macron betonte, dass sich die Rum\u00e4nen trotz zahlreicher Manipulationsversuche f\u00fcr Demokratie, Rechtsstaatlichkeit und die Europ\u00e4ische Union entschieden h\u00e4tten. Der ukrainische Pr\u00e4sident Wolodymyr Selenskyj, der Nicu\u0219or Dan zu seinem \u201ehistorischen Sieg\u201c auch gratulierte, unterstrich, wie wichtig es f\u00fcr die Ukraine sei, einen verl\u00e4sslichen Partner wie Rum\u00e4nien an ihrer Seite zu wissen. Auch der deutsche Bundeskanzler Friedrich Merz sowie der griechische Premierminister Kyriakos Mitsotakis gratulierten dem k\u00fcnftigen rum\u00e4nischen Pr\u00e4sidenten.<\/p>\n<p>&nbsp;<\/p>\n<p>Die Europ\u00e4ische Kommission hat ihre Prognose f\u00fcr das Wirtschaftswachstum Rum\u00e4niens im laufenden Jahr deutlich nach unten korrigiert: von bislang 2,5 % auf nur noch 1,4 %. Zugleich warnte die Br\u00fcsseler Beh\u00f6rde, dass das staatliche Haushaltsdefizit sowohl in diesem als auch im kommenden Jahr auf einem hohen Niveau von \u00fcber acht Prozent bleiben werde. In ihren am Montag ver\u00f6ffentlichten Fr\u00fchjahrsprognosen geht die EU-Kommission zudem davon aus, dass die Arbeitslosenquote im Jahr 2025 sowie 2026 auf knapp \u00fcber f\u00fcnf Prozent sinken k\u00f6nnte. Was die Inflation betrifft, rechnet Br\u00fcssel mit einem Wert von 5,1 % f\u00fcr dieses Jahr und 3,9 % im kommenden Jahr. Die Lage k\u00f6nne sich jedoch deutlich verbessern, so die Kommission, wenn die k\u00fcnftige Regierung in Bukarest die geplanten Steuerreformen umsetze, \u00fcber die in den kommenden Monaten mit der EU Einigkeit erzielt werden m\u00fcsse. Sollte sich auch die politische Lage parallel zur Haushaltslage stabilisieren, k\u00f6nnte das Vertrauen der Investoren steigen \u2013 was eine sp\u00fcrbare Verbesserung f\u00fcr Rum\u00e4nien bedeuten w\u00fcrde, hei\u00dft es weiter in dem Bericht.<\/p>\n<p>&nbsp;<\/p>\n<p>In Polen hat der Warschauer B\u00fcrgermeister Rafa\u0142 Trzaskowski, Kandidat der regierenden liberalen Partei von Premierminister Donald Tusk, die erste Runde der Pr\u00e4sidentschaftswahlen knapp gewonnen. Er lag vor dem nationalistischen Kandidaten Karol Nawrocki, der von der konservativen Oppositionspartei Recht und Gerechtigkeit (PiS) unterst\u00fctzt wird. Beide werden sich am 1. Juni in einer Stichwahl gegen\u00fcberstehen. Laut Wahlkommission erhielt Trzaskowski \u00fcber 31 Prozent der Stimmen, Nawrocki knapp unter 30 Prozent. Andere Kandidaten lagen deutlich zur\u00fcck, darunter auch Slawomir Mentzen von der Partei Konfederacja, die noch nationalistischer als die PiS gilt. In Polen kann der Pr\u00e4sident Gesetze durch ein Veto blockieren. Ein Sieg Trzaskowskis w\u00fcrde der Regierung Tusk erm\u00f6glichen, unter anderem die von der PiS eingef\u00fchrten Justizreformen r\u00fcckg\u00e4ngig zu machen \u2013 Vorhaben, die bisher durch das konservative Staatsoberhaupt Andrzej Duda weitgehend blockiert worden waren.<\/p>\n","protected":false},"excerpt":{"rendered":"<p>Der unabh\u00e4ngige Kandidat Nicu\u0219or Dan, prowestlicher B\u00fcrgermeister von Bukarest, hat am Sonntag in der Stichwahl um das Pr\u00e4sidentenamt den rechtspopulistischen Ultranationalisten George Simion, Vorsitzender der AUR-Partei, besiegt. Dan erhielt 53,6 Prozent der Stimmen, sein Herausforderer kam auf 46,4 Prozent. Die Wahlbeteiligung lag bei knapp 65 Prozent und damit deutlich h\u00f6her als im ersten Wahlgang, bei [&hellip;]<\/p>\n","protected":false},"author":113,"featured_media":723386,"comment_status":"closed","ping_status":"closed","sticky":false,"template":"","format":"standard","meta":{"_acf_changed":false,"footnotes":""},"categories":[116753],"tags":[170285,150667,144346,170284,102089,168696,99620],"coauthors":[116091],"class_list":["post-889136","post","type-post","status-publish","format-standard","has-post-thumbnail","hentry","category-newsflash-de","tag-andrzej-duda-de","tag-george-simion-de","tag-nicusor-dan-de","tag-rafal-trzaskowski-de","tag-stichwahl","tag-uebergangspraesident-ilie-bolojan","tag-wirtschaftswachstum"],"acf":[],"yoast_head":"<!-- This site is optimized with the Yoast SEO plugin v27.3 - https:\/\/yoast.com\/product\/yoast-seo-wordpress\/ -->\n<title>Nachrichten 19.05.2025 - Radio Rum\u00e4nien International<\/title>\n<meta name=\"robots\" content=\"index, follow, max-snippet:-1, max-image-preview:large, max-video-preview:-1\" \/>\n<link rel=\"canonical\" href=\"https:\/\/www.rri.ro\/de\/aktuell\/newsflash-de\/nachrichten-19-05-2025-id889136.html\" \/>\n<meta property=\"og:locale\" content=\"de_DE\" \/>\n<meta property=\"og:type\" content=\"article\" \/>\n<meta property=\"og:title\" content=\"Nachrichten 19.05.2025 - Radio Rum\u00e4nien International\" \/>\n<meta property=\"og:description\" content=\"Der unabh\u00e4ngige Kandidat Nicu\u0219or Dan, prowestlicher B\u00fcrgermeister von Bukarest, hat am Sonntag in der Stichwahl um das Pr\u00e4sidentenamt den rechtspopulistischen Ultranationalisten George Simion, Vorsitzender der AUR-Partei, besiegt. Dan erhielt 53,6 Prozent der Stimmen, sein Herausforderer kam auf 46,4 Prozent. Die Wahlbeteiligung lag bei knapp 65 Prozent und damit deutlich h\u00f6her als im ersten Wahlgang, bei [&hellip;]\" \/>\n<meta property=\"og:url\" content=\"https:\/\/www.rri.ro\/de\/aktuell\/newsflash-de\/nachrichten-19-05-2025-id889136.html\" \/>\n<meta property=\"og:site_name\" content=\"Radio Rum\u00e4nien International\" \/>\n<meta property=\"article:published_time\" content=\"2025-05-19T14:52:02+00:00\" \/>\n<meta property=\"og:image\" content=\"https:\/\/www.rri.ro\/wp-content\/uploads\/2024\/03\/RRI-960x540-Nachrichten-2-NOU.jpg\" \/>\n\t<meta property=\"og:image:width\" content=\"960\" \/>\n\t<meta property=\"og:image:height\" content=\"540\" \/>\n\t<meta property=\"og:image:type\" content=\"image\/jpeg\" \/>\n<meta name=\"author\" content=\"Newsroom\" \/>\n<meta name=\"twitter:card\" content=\"summary_large_image\" \/>\n<meta name=\"twitter:label1\" content=\"Verfasst von\" \/>\n\t<meta name=\"twitter:data1\" content=\"Newsroom\" \/>\n\t<meta name=\"twitter:label2\" content=\"Gesch\u00e4tzte Lesezeit\" \/>\n\t<meta name=\"twitter:data2\" content=\"3\u00a0Minuten\" \/>\n\t<meta name=\"twitter:label3\" content=\"Written by\" \/>\n\t<meta name=\"twitter:data3\" content=\"Newsroom\" \/>\n<script type=\"application\/ld+json\" class=\"yoast-schema-graph\">{\"@context\":\"https:\\\/\\\/schema.org\",\"@graph\":[{\"@type\":\"Article\",\"@id\":\"https:\\\/\\\/www.rri.ro\\\/de\\\/aktuell\\\/newsflash-de\\\/nachrichten-19-05-2025-id889136.html#article\",\"isPartOf\":{\"@id\":\"https:\\\/\\\/www.rri.ro\\\/de\\\/aktuell\\\/newsflash-de\\\/nachrichten-19-05-2025-id889136.html\"},\"author\":{\"name\":\"Newsroom\",\"@id\":\"https:\\\/\\\/www.rri.ro\\\/#\\\/schema\\\/person\\\/4a479940371b9fdefd194f561e8a7f88\"},\"headline\":\"Nachrichten 19.05.2025\",\"datePublished\":\"2025-05-19T14:52:02+00:00\",\"mainEntityOfPage\":{\"@id\":\"https:\\\/\\\/www.rri.ro\\\/de\\\/aktuell\\\/newsflash-de\\\/nachrichten-19-05-2025-id889136.html\"},\"wordCount\":625,\"image\":{\"@id\":\"https:\\\/\\\/www.rri.ro\\\/de\\\/aktuell\\\/newsflash-de\\\/nachrichten-19-05-2025-id889136.html#primaryimage\"},\"thumbnailUrl\":\"https:\\\/\\\/www.rri.ro\\\/wp-content\\\/uploads\\\/2024\\\/03\\\/RRI-960x540-Nachrichten-2-NOU.jpg\",\"keywords\":[\"Andrzej Duda\",\"George Simion\",\"Nicusor Dan\",\"Rafal Trzaskowski\",\"Stichwahl\",\"\u00dcbergangspr\u00e4sident Ilie Bolojan\",\"Wirtschaftswachstum\"],\"articleSection\":[\"Newsflash\"],\"inLanguage\":\"de\"},{\"@type\":\"WebPage\",\"@id\":\"https:\\\/\\\/www.rri.ro\\\/de\\\/aktuell\\\/newsflash-de\\\/nachrichten-19-05-2025-id889136.html\",\"url\":\"https:\\\/\\\/www.rri.ro\\\/de\\\/aktuell\\\/newsflash-de\\\/nachrichten-19-05-2025-id889136.html\",\"name\":\"Nachrichten 19.05.2025 - Radio Rum\u00e4nien International\",\"isPartOf\":{\"@id\":\"https:\\\/\\\/www.rri.ro\\\/#website\"},\"primaryImageOfPage\":{\"@id\":\"https:\\\/\\\/www.rri.ro\\\/de\\\/aktuell\\\/newsflash-de\\\/nachrichten-19-05-2025-id889136.html#primaryimage\"},\"image\":{\"@id\":\"https:\\\/\\\/www.rri.ro\\\/de\\\/aktuell\\\/newsflash-de\\\/nachrichten-19-05-2025-id889136.html#primaryimage\"},\"thumbnailUrl\":\"https:\\\/\\\/www.rri.ro\\\/wp-content\\\/uploads\\\/2024\\\/03\\\/RRI-960x540-Nachrichten-2-NOU.jpg\",\"datePublished\":\"2025-05-19T14:52:02+00:00\",\"author\":{\"@id\":\"https:\\\/\\\/www.rri.ro\\\/#\\\/schema\\\/person\\\/4a479940371b9fdefd194f561e8a7f88\"},\"breadcrumb\":{\"@id\":\"https:\\\/\\\/www.rri.ro\\\/de\\\/aktuell\\\/newsflash-de\\\/nachrichten-19-05-2025-id889136.html#breadcrumb\"},\"inLanguage\":\"de\",\"potentialAction\":[{\"@type\":\"ReadAction\",\"target\":[\"https:\\\/\\\/www.rri.ro\\\/de\\\/aktuell\\\/newsflash-de\\\/nachrichten-19-05-2025-id889136.html\"]}]},{\"@type\":\"ImageObject\",\"inLanguage\":\"de\",\"@id\":\"https:\\\/\\\/www.rri.ro\\\/de\\\/aktuell\\\/newsflash-de\\\/nachrichten-19-05-2025-id889136.html#primaryimage\",\"url\":\"https:\\\/\\\/www.rri.ro\\\/wp-content\\\/uploads\\\/2024\\\/03\\\/RRI-960x540-Nachrichten-2-NOU.jpg\",\"contentUrl\":\"https:\\\/\\\/www.rri.ro\\\/wp-content\\\/uploads\\\/2024\\\/03\\\/RRI-960x540-Nachrichten-2-NOU.jpg\",\"width\":960,\"height\":540},{\"@type\":\"BreadcrumbList\",\"@id\":\"https:\\\/\\\/www.rri.ro\\\/de\\\/aktuell\\\/newsflash-de\\\/nachrichten-19-05-2025-id889136.html#breadcrumb\",\"itemListElement\":[{\"@type\":\"ListItem\",\"position\":1,\"name\":\"Startseite\",\"item\":\"https:\\\/\\\/www.rri.ro\\\/de\"},{\"@type\":\"ListItem\",\"position\":2,\"name\":\"Aktuell\",\"item\":\"https:\\\/\\\/www.rri.ro\\\/de\\\/aktuell\"},{\"@type\":\"ListItem\",\"position\":3,\"name\":\"Newsflash\",\"item\":\"https:\\\/\\\/www.rri.ro\\\/de\\\/aktuell\\\/newsflash-de\"},{\"@type\":\"ListItem\",\"position\":4,\"name\":\"Nachrichten 19.05.2025\"}]},{\"@type\":\"WebSite\",\"@id\":\"https:\\\/\\\/www.rri.ro\\\/#website\",\"url\":\"https:\\\/\\\/www.rri.ro\\\/\",\"name\":\"Radio Rum\u00e4nien International\",\"description\":\"Totul despre Rom\u00e2nia \u015fi rom\u00e2ni, \u00een 13 limbi\\\/dialecte!\",\"inLanguage\":\"de\"},{\"@type\":\"Person\",\"@id\":\"https:\\\/\\\/www.rri.ro\\\/#\\\/schema\\\/person\\\/4a479940371b9fdefd194f561e8a7f88\",\"name\":\"Newsroom\",\"url\":\"https:\\\/\\\/www.rri.ro\\\/de\\\/author\\\/newsroom\"}]}<\/script>\n<!-- \/ Yoast SEO plugin. -->","yoast_head_json":{"title":"Nachrichten 19.05.2025 - Radio Rum\u00e4nien International","robots":{"index":"index","follow":"follow","max-snippet":"max-snippet:-1","max-image-preview":"max-image-preview:large","max-video-preview":"max-video-preview:-1"},"canonical":"https:\/\/www.rri.ro\/de\/aktuell\/newsflash-de\/nachrichten-19-05-2025-id889136.html","og_locale":"de_DE","og_type":"article","og_title":"Nachrichten 19.05.2025 - Radio Rum\u00e4nien International","og_description":"Der unabh\u00e4ngige Kandidat Nicu\u0219or Dan, prowestlicher B\u00fcrgermeister von Bukarest, hat am Sonntag in der Stichwahl um das Pr\u00e4sidentenamt den rechtspopulistischen Ultranationalisten George Simion, Vorsitzender der AUR-Partei, besiegt. Dan erhielt 53,6 Prozent der Stimmen, sein Herausforderer kam auf 46,4 Prozent. Die Wahlbeteiligung lag bei knapp 65 Prozent und damit deutlich h\u00f6her als im ersten Wahlgang, bei [&hellip;]","og_url":"https:\/\/www.rri.ro\/de\/aktuell\/newsflash-de\/nachrichten-19-05-2025-id889136.html","og_site_name":"Radio Rum\u00e4nien International","article_published_time":"2025-05-19T14:52:02+00:00","og_image":[{"width":960,"height":540,"url":"https:\/\/www.rri.ro\/wp-content\/uploads\/2024\/03\/RRI-960x540-Nachrichten-2-NOU.jpg","type":"image\/jpeg"}],"author":"Newsroom","twitter_card":"summary_large_image","twitter_misc":{"Verfasst von":"Newsroom","Gesch\u00e4tzte Lesezeit":"3\u00a0Minuten","Written by":"Newsroom"},"schema":{"@context":"https:\/\/schema.org","@graph":[{"@type":"Article","@id":"https:\/\/www.rri.ro\/de\/aktuell\/newsflash-de\/nachrichten-19-05-2025-id889136.html#article","isPartOf":{"@id":"https:\/\/www.rri.ro\/de\/aktuell\/newsflash-de\/nachrichten-19-05-2025-id889136.html"},"author":{"name":"Newsroom","@id":"https:\/\/www.rri.ro\/#\/schema\/person\/4a479940371b9fdefd194f561e8a7f88"},"headline":"Nachrichten 19.05.2025","datePublished":"2025-05-19T14:52:02+00:00","mainEntityOfPage":{"@id":"https:\/\/www.rri.ro\/de\/aktuell\/newsflash-de\/nachrichten-19-05-2025-id889136.html"},"wordCount":625,"image":{"@id":"https:\/\/www.rri.ro\/de\/aktuell\/newsflash-de\/nachrichten-19-05-2025-id889136.html#primaryimage"},"thumbnailUrl":"https:\/\/www.rri.ro\/wp-content\/uploads\/2024\/03\/RRI-960x540-Nachrichten-2-NOU.jpg","keywords":["Andrzej Duda","George Simion","Nicusor Dan","Rafal Trzaskowski","Stichwahl","\u00dcbergangspr\u00e4sident Ilie Bolojan","Wirtschaftswachstum"],"articleSection":["Newsflash"],"inLanguage":"de"},{"@type":"WebPage","@id":"https:\/\/www.rri.ro\/de\/aktuell\/newsflash-de\/nachrichten-19-05-2025-id889136.html","url":"https:\/\/www.rri.ro\/de\/aktuell\/newsflash-de\/nachrichten-19-05-2025-id889136.html","name":"Nachrichten 19.05.2025 - Radio Rum\u00e4nien International","isPartOf":{"@id":"https:\/\/www.rri.ro\/#website"},"primaryImageOfPage":{"@id":"https:\/\/www.rri.ro\/de\/aktuell\/newsflash-de\/nachrichten-19-05-2025-id889136.html#primaryimage"},"image":{"@id":"https:\/\/www.rri.ro\/de\/aktuell\/newsflash-de\/nachrichten-19-05-2025-id889136.html#primaryimage"},"thumbnailUrl":"https:\/\/www.rri.ro\/wp-content\/uploads\/2024\/03\/RRI-960x540-Nachrichten-2-NOU.jpg","datePublished":"2025-05-19T14:52:02+00:00","author":{"@id":"https:\/\/www.rri.ro\/#\/schema\/person\/4a479940371b9fdefd194f561e8a7f88"},"breadcrumb":{"@id":"https:\/\/www.rri.ro\/de\/aktuell\/newsflash-de\/nachrichten-19-05-2025-id889136.html#breadcrumb"},"inLanguage":"de","potentialAction":[{"@type":"ReadAction","target":["https:\/\/www.rri.ro\/de\/aktuell\/newsflash-de\/nachrichten-19-05-2025-id889136.html"]}]},{"@type":"ImageObject","inLanguage":"de","@id":"https:\/\/www.rri.ro\/de\/aktuell\/newsflash-de\/nachrichten-19-05-2025-id889136.html#primaryimage","url":"https:\/\/www.rri.ro\/wp-content\/uploads\/2024\/03\/RRI-960x540-Nachrichten-2-NOU.jpg","contentUrl":"https:\/\/www.rri.ro\/wp-content\/uploads\/2024\/03\/RRI-960x540-Nachrichten-2-NOU.jpg","width":960,"height":540},{"@type":"BreadcrumbList","@id":"https:\/\/www.rri.ro\/de\/aktuell\/newsflash-de\/nachrichten-19-05-2025-id889136.html#breadcrumb","itemListElement":[{"@type":"ListItem","position":1,"name":"Startseite","item":"https:\/\/www.rri.ro\/de"},{"@type":"ListItem","position":2,"name":"Aktuell","item":"https:\/\/www.rri.ro\/de\/aktuell"},{"@type":"ListItem","position":3,"name":"Newsflash","item":"https:\/\/www.rri.ro\/de\/aktuell\/newsflash-de"},{"@type":"ListItem","position":4,"name":"Nachrichten 19.05.2025"}]},{"@type":"WebSite","@id":"https:\/\/www.rri.ro\/#website","url":"https:\/\/www.rri.ro\/","name":"Radio Rum\u00e4nien International","description":"Totul despre Rom\u00e2nia \u015fi rom\u00e2ni, \u00een 13 limbi\/dialecte!","inLanguage":"de"},{"@type":"Person","@id":"https:\/\/www.rri.ro\/#\/schema\/person\/4a479940371b9fdefd194f561e8a7f88","name":"Newsroom","url":"https:\/\/www.rri.ro\/de\/author\/newsroom"}]}},"_links":{"self":[{"href":"https:\/\/www.rri.ro\/de\/wp-json\/wp\/v2\/posts\/889136","targetHints":{"allow":["GET"]}}],"collection":[{"href":"https:\/\/www.rri.ro\/de\/wp-json\/wp\/v2\/posts"}],"about":[{"href":"https:\/\/www.rri.ro\/de\/wp-json\/wp\/v2\/types\/post"}],"author":[{"embeddable":true,"href":"https:\/\/www.rri.ro\/de\/wp-json\/wp\/v2\/users\/113"}],"replies":[{"embeddable":true,"href":"https:\/\/www.rri.ro\/de\/wp-json\/wp\/v2\/comments?post=889136"}],"version-history":[{"count":0,"href":"https:\/\/www.rri.ro\/de\/wp-json\/wp\/v2\/posts\/889136\/revisions"}],"wp:featuredmedia":[{"embeddable":true,"href":"https:\/\/www.rri.ro\/de\/wp-json\/wp\/v2\/media\/723386"}],"wp:attachment":[{"href":"https:\/\/www.rri.ro\/de\/wp-json\/wp\/v2\/media?parent=889136"}],"wp:term":[{"taxonomy":"category","embeddable":true,"href":"https:\/\/www.rri.ro\/de\/wp-json\/wp\/v2\/categories?post=889136"},{"taxonomy":"post_tag","embeddable":true,"href":"https:\/\/www.rri.ro\/de\/wp-json\/wp\/v2\/tags?post=889136"},{"taxonomy":"author","embeddable":true,"href":"https:\/\/www.rri.ro\/de\/wp-json\/wp\/v2\/coauthors?post=889136"}],"curies":[{"name":"wp","href":"https:\/\/api.w.org\/{rel}","templated":true}]}}