{"id":889976,"date":"2025-05-21T17:21:37","date_gmt":"2025-05-21T14:21:37","guid":{"rendered":"https:\/\/www.rri.ro\/?p=889976"},"modified":"2025-05-21T17:21:37","modified_gmt":"2025-05-21T14:21:37","slug":"nachrichten-21-05-2025","status":"publish","type":"post","link":"https:\/\/www.rri.ro\/de\/aktuell\/newsflash-de\/nachrichten-21-05-2025-id889976.html","title":{"rendered":"Nachrichten 21.05.2025"},"content":{"rendered":"<p>Das Zentrale Wahlb\u00fcro hat am Dienstag das Protokoll der Ergebnisse der Stimmenausz\u00e4hlung der Pr\u00e4sidenten-Stichwahl vom 18. Mai ver\u00f6ffentlicht. Der unabh\u00e4ngige Kandidat Nicu\u0219or Dan erhielt mehr als 6,1 Millionen Stimmen, w\u00e4hrend der Rechtspopulist George Simion mehr als 5,3 Millionen Stimmen erhielt. Nachdem das Zentrale Wahlb\u00fcro alle Unterlagen f\u00fcr den zweiten Wahlgang erhalten hat und die Antr\u00e4ge auf Annullierung der Wahlen erledigt sind, wird das Verfassungsgericht die Wahlen voraussichtlich f\u00fcr g\u00fcltig erkl\u00e4ren und die Ergebnisse im Amtsblatt ver\u00f6ffentlichen. Innerhalb von 24 Stunden werden die Pr\u00e4sidenten der beiden Kammern des Parlaments die Abgeordneten und Senatoren zu einer gemeinsamen Sitzung einberufen, um die Person zu vereidigen, deren Wahl f\u00fcr g\u00fcltig erkl\u00e4rt worden ist. Am Dienstagabend k\u00fcndigte George Simion, der seine Niederlage am Sonntagabend einr\u00e4umte, an, dass er jedoch die Wahlen vom 18. Mai vor dem Verfassungsgericht anfechten werde, und zwar aus denselben Gr\u00fcnden, die zur Annullierung der Pr\u00e4sidentschaftswahlen im Dezember gef\u00fchrt hatten. Er kritisierte die angebliche Beteiligung nichtstaatlicher und staatlicher Akteure an den diesj\u00e4hrigen Wahlen und nannte dabei die Republik Moldau und Frankreich.<\/p>\n<p>&nbsp;<\/p>\n<p>Der gew\u00e4hlte rum\u00e4nische Staatspr\u00e4sident Nicu\u0219or Dan trifft heute mit Vertetern von Unternehmen zusammen, um die wirtschaftliche Lage des Landes zu er\u00f6rtern, die durch das wachsende Haushaltsdefizit noch versch\u00e4rft wird. Das Thema wurde am Dienstag auch von Nicu\u0219or Dan mit Beamten des Finanzministeriums analysiert. Gleichzeitig finden in Bukarest informelle Gespr\u00e4che \u00fcber die Bildung der n\u00e4chsten Regierung statt. Die derzeitige \u00dcbergangsregierung ist nach dem R\u00fccktritt des sozialdemokratischen Ministerpr\u00e4sidenten Marcel Ciolacu am 5. Mai im Amt. Die Mehrheitsmeinung in der PSD, der Partei mit der gr\u00f6\u00dften Vertretung im Parlament, ist, dass die Partei f\u00fcr eine Weile in die Opposition gehen sollte, um von dort aus Unterst\u00fctzung f\u00fcr vern\u00fcnftige und gute L\u00f6sungen f\u00fcr die Rum\u00e4nen anzubieten. Die anderen Parteien, die Nicu\u0219or Dan im Pr\u00e4sidentschaftswahlkampf unterst\u00fctzt haben &#8211; PNL, UDMR und USR \u2013 machten deutlich, dass sich die Sozialdemokraten in einer wirtschaftlich und finanziell schwierigen Zeit an der Regierung beteiligen sollten. Die Partei AUR, deren nationalistischer Kandidat George Simion in der Stichwahl von Nicu\u0219or Dan besiegt wurde, gab ihrerseits bekannt, dass sie in der Opposition bleiben und der Einladung des Pr\u00e4sidenten, an k\u00fcnftigen Beratungen teilzunehmen, nicht nachkommen wird.<\/p>\n<p>&nbsp;<\/p>\n<p>Sechs US-Senatoren &#8211; Republikaner und Demokraten, Mitglieder des Ausschusses f\u00fcr ausw\u00e4rtige Beziehungen des US-Senats &#8211; haben in einer Erkl\u00e4rung \u201eGl\u00fcckw\u00fcnsche an den gew\u00e4hlten Pr\u00e4sidenten Rum\u00e4niens, Nicu\u0219or Dan\u201c \u00fcbermittelt. \u201eWir freuen uns darauf, mit Ihnen zusammenzuarbeiten, um das unzerst\u00f6rbare B\u00fcndnis zwischen Rum\u00e4nien und den USA weiter zu st\u00e4rken, denn wenn wir zusammenarbeiten, k\u00f6nnen wir viel erreichen.\u201c &#8211; hei\u00dft es in der Botschaft. \u201eVon der Unterst\u00fctzung f\u00fcr die Ukraine \u00fcber die St\u00e4rkung von Energiepartnerschaften bis hin zum Schutz unserer Demokratien &#8211; die euro-atlantische Gemeinschaft ist st\u00e4rker, wenn Rum\u00e4nien mit am Tisch sitzt.\u201c &#8211; sagen die sechs US-Senatoren. Der gew\u00e4hlte Pr\u00e4sident Nicu\u0219or Dan ist heute in Bukarest, um Vertreter der US-Botschaft zu treffen. Dan machte diese Ank\u00fcndigung, nachdem US-Diplomaten erkl\u00e4rt hatten, dass die USA sich auf die Zusammenarbeit mit dem neuen Staatsoberhaupt und der neuen Regierung freuen. Unterdessen hat Pr\u00e4sident Donald Trump angek\u00fcndigt, dass der neue US-Botschafter in Bukarest der Rechtsanwalt Darryl Nirenberg sein wird. Mehr dazu&#8230;.<\/p>\n<p>&nbsp;<\/p>\n<p>Die Partnerschaftsmission der Europ\u00e4ischen Union in der Republik Moldau soll um weitere zwei Jahre verl\u00e4ngert werden, hat der Rat der Mission heute bekanntgebenen. Die Partnerschaftsmission wurde im ersten Jahr nach Ausbruch des Krieges in der Ukraine und vor dem Hintergrund des Versuchs Russlands eingerichtet, die Gesellschaft und die Politik in Chisinau mit Methoden und Instrumenten zu beeinflussen, die heute als hybride Kriegsf\u00fchrung bezeichnet werden. Dazu geh\u00f6ren die Einmischung durch Manipulation, Propaganda oder Cyberangriffe. Leiter der Mission ist der rum\u00e4nische Diplomat Cosmin Dinescu. Die Mission steht unter dem Kommando des Europ\u00e4ischen Ausw\u00e4rtigen Dienstes.<\/p>\n","protected":false},"excerpt":{"rendered":"<p>Das Zentrale Wahlb\u00fcro hat am Dienstag das Protokoll der Ergebnisse der Stimmenausz\u00e4hlung der Pr\u00e4sidenten-Stichwahl vom 18. Mai ver\u00f6ffentlicht. Der unabh\u00e4ngige Kandidat Nicu\u0219or Dan erhielt mehr als 6,1 Millionen Stimmen, w\u00e4hrend der Rechtspopulist George Simion mehr als 5,3 Millionen Stimmen erhielt. Nachdem das Zentrale Wahlb\u00fcro alle Unterlagen f\u00fcr den zweiten Wahlgang erhalten hat und die Antr\u00e4ge [&hellip;]<\/p>\n","protected":false},"author":113,"featured_media":723386,"comment_status":"closed","ping_status":"closed","sticky":false,"template":"","format":"standard","meta":{"_acf_changed":false,"footnotes":""},"categories":[116753],"tags":[142490,144346,102089],"coauthors":[116091],"class_list":["post-889976","post","type-post","status-publish","format-standard","has-post-thumbnail","hentry","category-newsflash-de","tag-donald-trump-de","tag-nicusor-dan-de","tag-stichwahl"],"acf":[],"yoast_head":"<!-- This site is optimized with the Yoast SEO plugin v27.3 - https:\/\/yoast.com\/product\/yoast-seo-wordpress\/ -->\n<title>Nachrichten 21.05.2025 - Radio Rum\u00e4nien International<\/title>\n<meta name=\"robots\" content=\"index, follow, max-snippet:-1, max-image-preview:large, max-video-preview:-1\" \/>\n<link rel=\"canonical\" href=\"https:\/\/www.rri.ro\/de\/aktuell\/newsflash-de\/nachrichten-21-05-2025-id889976.html\" \/>\n<meta property=\"og:locale\" content=\"de_DE\" \/>\n<meta property=\"og:type\" content=\"article\" \/>\n<meta property=\"og:title\" content=\"Nachrichten 21.05.2025 - Radio Rum\u00e4nien International\" \/>\n<meta property=\"og:description\" content=\"Das Zentrale Wahlb\u00fcro hat am Dienstag das Protokoll der Ergebnisse der Stimmenausz\u00e4hlung der Pr\u00e4sidenten-Stichwahl vom 18. Mai ver\u00f6ffentlicht. Der unabh\u00e4ngige Kandidat Nicu\u0219or Dan erhielt mehr als 6,1 Millionen Stimmen, w\u00e4hrend der Rechtspopulist George Simion mehr als 5,3 Millionen Stimmen erhielt. Nachdem das Zentrale Wahlb\u00fcro alle Unterlagen f\u00fcr den zweiten Wahlgang erhalten hat und die Antr\u00e4ge [&hellip;]\" \/>\n<meta property=\"og:url\" content=\"https:\/\/www.rri.ro\/de\/aktuell\/newsflash-de\/nachrichten-21-05-2025-id889976.html\" \/>\n<meta property=\"og:site_name\" content=\"Radio Rum\u00e4nien International\" \/>\n<meta property=\"article:published_time\" content=\"2025-05-21T14:21:37+00:00\" \/>\n<meta property=\"og:image\" content=\"https:\/\/www.rri.ro\/wp-content\/uploads\/2024\/03\/RRI-960x540-Nachrichten-2-NOU.jpg\" \/>\n\t<meta property=\"og:image:width\" content=\"960\" \/>\n\t<meta property=\"og:image:height\" content=\"540\" \/>\n\t<meta property=\"og:image:type\" content=\"image\/jpeg\" \/>\n<meta name=\"author\" content=\"Newsroom\" \/>\n<meta name=\"twitter:card\" content=\"summary_large_image\" \/>\n<meta name=\"twitter:label1\" content=\"Verfasst von\" \/>\n\t<meta name=\"twitter:data1\" content=\"Newsroom\" \/>\n\t<meta name=\"twitter:label2\" content=\"Gesch\u00e4tzte Lesezeit\" \/>\n\t<meta name=\"twitter:data2\" content=\"3\u00a0Minuten\" \/>\n\t<meta name=\"twitter:label3\" content=\"Written by\" \/>\n\t<meta name=\"twitter:data3\" content=\"Newsroom\" \/>\n<script type=\"application\/ld+json\" class=\"yoast-schema-graph\">{\"@context\":\"https:\\\/\\\/schema.org\",\"@graph\":[{\"@type\":\"Article\",\"@id\":\"https:\\\/\\\/www.rri.ro\\\/de\\\/aktuell\\\/newsflash-de\\\/nachrichten-21-05-2025-id889976.html#article\",\"isPartOf\":{\"@id\":\"https:\\\/\\\/www.rri.ro\\\/de\\\/aktuell\\\/newsflash-de\\\/nachrichten-21-05-2025-id889976.html\"},\"author\":{\"name\":\"Newsroom\",\"@id\":\"https:\\\/\\\/www.rri.ro\\\/#\\\/schema\\\/person\\\/4a479940371b9fdefd194f561e8a7f88\"},\"headline\":\"Nachrichten 21.05.2025\",\"datePublished\":\"2025-05-21T14:21:37+00:00\",\"mainEntityOfPage\":{\"@id\":\"https:\\\/\\\/www.rri.ro\\\/de\\\/aktuell\\\/newsflash-de\\\/nachrichten-21-05-2025-id889976.html\"},\"wordCount\":678,\"image\":{\"@id\":\"https:\\\/\\\/www.rri.ro\\\/de\\\/aktuell\\\/newsflash-de\\\/nachrichten-21-05-2025-id889976.html#primaryimage\"},\"thumbnailUrl\":\"https:\\\/\\\/www.rri.ro\\\/wp-content\\\/uploads\\\/2024\\\/03\\\/RRI-960x540-Nachrichten-2-NOU.jpg\",\"keywords\":[\"Donald Trump\",\"Nicusor Dan\",\"Stichwahl\"],\"articleSection\":[\"Newsflash\"],\"inLanguage\":\"de\"},{\"@type\":\"WebPage\",\"@id\":\"https:\\\/\\\/www.rri.ro\\\/de\\\/aktuell\\\/newsflash-de\\\/nachrichten-21-05-2025-id889976.html\",\"url\":\"https:\\\/\\\/www.rri.ro\\\/de\\\/aktuell\\\/newsflash-de\\\/nachrichten-21-05-2025-id889976.html\",\"name\":\"Nachrichten 21.05.2025 - Radio Rum\u00e4nien International\",\"isPartOf\":{\"@id\":\"https:\\\/\\\/www.rri.ro\\\/#website\"},\"primaryImageOfPage\":{\"@id\":\"https:\\\/\\\/www.rri.ro\\\/de\\\/aktuell\\\/newsflash-de\\\/nachrichten-21-05-2025-id889976.html#primaryimage\"},\"image\":{\"@id\":\"https:\\\/\\\/www.rri.ro\\\/de\\\/aktuell\\\/newsflash-de\\\/nachrichten-21-05-2025-id889976.html#primaryimage\"},\"thumbnailUrl\":\"https:\\\/\\\/www.rri.ro\\\/wp-content\\\/uploads\\\/2024\\\/03\\\/RRI-960x540-Nachrichten-2-NOU.jpg\",\"datePublished\":\"2025-05-21T14:21:37+00:00\",\"author\":{\"@id\":\"https:\\\/\\\/www.rri.ro\\\/#\\\/schema\\\/person\\\/4a479940371b9fdefd194f561e8a7f88\"},\"breadcrumb\":{\"@id\":\"https:\\\/\\\/www.rri.ro\\\/de\\\/aktuell\\\/newsflash-de\\\/nachrichten-21-05-2025-id889976.html#breadcrumb\"},\"inLanguage\":\"de\",\"potentialAction\":[{\"@type\":\"ReadAction\",\"target\":[\"https:\\\/\\\/www.rri.ro\\\/de\\\/aktuell\\\/newsflash-de\\\/nachrichten-21-05-2025-id889976.html\"]}]},{\"@type\":\"ImageObject\",\"inLanguage\":\"de\",\"@id\":\"https:\\\/\\\/www.rri.ro\\\/de\\\/aktuell\\\/newsflash-de\\\/nachrichten-21-05-2025-id889976.html#primaryimage\",\"url\":\"https:\\\/\\\/www.rri.ro\\\/wp-content\\\/uploads\\\/2024\\\/03\\\/RRI-960x540-Nachrichten-2-NOU.jpg\",\"contentUrl\":\"https:\\\/\\\/www.rri.ro\\\/wp-content\\\/uploads\\\/2024\\\/03\\\/RRI-960x540-Nachrichten-2-NOU.jpg\",\"width\":960,\"height\":540},{\"@type\":\"BreadcrumbList\",\"@id\":\"https:\\\/\\\/www.rri.ro\\\/de\\\/aktuell\\\/newsflash-de\\\/nachrichten-21-05-2025-id889976.html#breadcrumb\",\"itemListElement\":[{\"@type\":\"ListItem\",\"position\":1,\"name\":\"Startseite\",\"item\":\"https:\\\/\\\/www.rri.ro\\\/de\"},{\"@type\":\"ListItem\",\"position\":2,\"name\":\"Aktuell\",\"item\":\"https:\\\/\\\/www.rri.ro\\\/de\\\/aktuell\"},{\"@type\":\"ListItem\",\"position\":3,\"name\":\"Newsflash\",\"item\":\"https:\\\/\\\/www.rri.ro\\\/de\\\/aktuell\\\/newsflash-de\"},{\"@type\":\"ListItem\",\"position\":4,\"name\":\"Nachrichten 21.05.2025\"}]},{\"@type\":\"WebSite\",\"@id\":\"https:\\\/\\\/www.rri.ro\\\/#website\",\"url\":\"https:\\\/\\\/www.rri.ro\\\/\",\"name\":\"Radio Rum\u00e4nien International\",\"description\":\"Totul despre Rom\u00e2nia \u015fi rom\u00e2ni, \u00een 13 limbi\\\/dialecte!\",\"inLanguage\":\"de\"},{\"@type\":\"Person\",\"@id\":\"https:\\\/\\\/www.rri.ro\\\/#\\\/schema\\\/person\\\/4a479940371b9fdefd194f561e8a7f88\",\"name\":\"Newsroom\",\"url\":\"https:\\\/\\\/www.rri.ro\\\/de\\\/author\\\/newsroom\"}]}<\/script>\n<!-- \/ Yoast SEO plugin. -->","yoast_head_json":{"title":"Nachrichten 21.05.2025 - Radio Rum\u00e4nien International","robots":{"index":"index","follow":"follow","max-snippet":"max-snippet:-1","max-image-preview":"max-image-preview:large","max-video-preview":"max-video-preview:-1"},"canonical":"https:\/\/www.rri.ro\/de\/aktuell\/newsflash-de\/nachrichten-21-05-2025-id889976.html","og_locale":"de_DE","og_type":"article","og_title":"Nachrichten 21.05.2025 - Radio Rum\u00e4nien International","og_description":"Das Zentrale Wahlb\u00fcro hat am Dienstag das Protokoll der Ergebnisse der Stimmenausz\u00e4hlung der Pr\u00e4sidenten-Stichwahl vom 18. Mai ver\u00f6ffentlicht. Der unabh\u00e4ngige Kandidat Nicu\u0219or Dan erhielt mehr als 6,1 Millionen Stimmen, w\u00e4hrend der Rechtspopulist George Simion mehr als 5,3 Millionen Stimmen erhielt. Nachdem das Zentrale Wahlb\u00fcro alle Unterlagen f\u00fcr den zweiten Wahlgang erhalten hat und die Antr\u00e4ge [&hellip;]","og_url":"https:\/\/www.rri.ro\/de\/aktuell\/newsflash-de\/nachrichten-21-05-2025-id889976.html","og_site_name":"Radio Rum\u00e4nien International","article_published_time":"2025-05-21T14:21:37+00:00","og_image":[{"width":960,"height":540,"url":"https:\/\/www.rri.ro\/wp-content\/uploads\/2024\/03\/RRI-960x540-Nachrichten-2-NOU.jpg","type":"image\/jpeg"}],"author":"Newsroom","twitter_card":"summary_large_image","twitter_misc":{"Verfasst von":"Newsroom","Gesch\u00e4tzte Lesezeit":"3\u00a0Minuten","Written by":"Newsroom"},"schema":{"@context":"https:\/\/schema.org","@graph":[{"@type":"Article","@id":"https:\/\/www.rri.ro\/de\/aktuell\/newsflash-de\/nachrichten-21-05-2025-id889976.html#article","isPartOf":{"@id":"https:\/\/www.rri.ro\/de\/aktuell\/newsflash-de\/nachrichten-21-05-2025-id889976.html"},"author":{"name":"Newsroom","@id":"https:\/\/www.rri.ro\/#\/schema\/person\/4a479940371b9fdefd194f561e8a7f88"},"headline":"Nachrichten 21.05.2025","datePublished":"2025-05-21T14:21:37+00:00","mainEntityOfPage":{"@id":"https:\/\/www.rri.ro\/de\/aktuell\/newsflash-de\/nachrichten-21-05-2025-id889976.html"},"wordCount":678,"image":{"@id":"https:\/\/www.rri.ro\/de\/aktuell\/newsflash-de\/nachrichten-21-05-2025-id889976.html#primaryimage"},"thumbnailUrl":"https:\/\/www.rri.ro\/wp-content\/uploads\/2024\/03\/RRI-960x540-Nachrichten-2-NOU.jpg","keywords":["Donald Trump","Nicusor Dan","Stichwahl"],"articleSection":["Newsflash"],"inLanguage":"de"},{"@type":"WebPage","@id":"https:\/\/www.rri.ro\/de\/aktuell\/newsflash-de\/nachrichten-21-05-2025-id889976.html","url":"https:\/\/www.rri.ro\/de\/aktuell\/newsflash-de\/nachrichten-21-05-2025-id889976.html","name":"Nachrichten 21.05.2025 - Radio Rum\u00e4nien International","isPartOf":{"@id":"https:\/\/www.rri.ro\/#website"},"primaryImageOfPage":{"@id":"https:\/\/www.rri.ro\/de\/aktuell\/newsflash-de\/nachrichten-21-05-2025-id889976.html#primaryimage"},"image":{"@id":"https:\/\/www.rri.ro\/de\/aktuell\/newsflash-de\/nachrichten-21-05-2025-id889976.html#primaryimage"},"thumbnailUrl":"https:\/\/www.rri.ro\/wp-content\/uploads\/2024\/03\/RRI-960x540-Nachrichten-2-NOU.jpg","datePublished":"2025-05-21T14:21:37+00:00","author":{"@id":"https:\/\/www.rri.ro\/#\/schema\/person\/4a479940371b9fdefd194f561e8a7f88"},"breadcrumb":{"@id":"https:\/\/www.rri.ro\/de\/aktuell\/newsflash-de\/nachrichten-21-05-2025-id889976.html#breadcrumb"},"inLanguage":"de","potentialAction":[{"@type":"ReadAction","target":["https:\/\/www.rri.ro\/de\/aktuell\/newsflash-de\/nachrichten-21-05-2025-id889976.html"]}]},{"@type":"ImageObject","inLanguage":"de","@id":"https:\/\/www.rri.ro\/de\/aktuell\/newsflash-de\/nachrichten-21-05-2025-id889976.html#primaryimage","url":"https:\/\/www.rri.ro\/wp-content\/uploads\/2024\/03\/RRI-960x540-Nachrichten-2-NOU.jpg","contentUrl":"https:\/\/www.rri.ro\/wp-content\/uploads\/2024\/03\/RRI-960x540-Nachrichten-2-NOU.jpg","width":960,"height":540},{"@type":"BreadcrumbList","@id":"https:\/\/www.rri.ro\/de\/aktuell\/newsflash-de\/nachrichten-21-05-2025-id889976.html#breadcrumb","itemListElement":[{"@type":"ListItem","position":1,"name":"Startseite","item":"https:\/\/www.rri.ro\/de"},{"@type":"ListItem","position":2,"name":"Aktuell","item":"https:\/\/www.rri.ro\/de\/aktuell"},{"@type":"ListItem","position":3,"name":"Newsflash","item":"https:\/\/www.rri.ro\/de\/aktuell\/newsflash-de"},{"@type":"ListItem","position":4,"name":"Nachrichten 21.05.2025"}]},{"@type":"WebSite","@id":"https:\/\/www.rri.ro\/#website","url":"https:\/\/www.rri.ro\/","name":"Radio Rum\u00e4nien International","description":"Totul despre Rom\u00e2nia \u015fi rom\u00e2ni, \u00een 13 limbi\/dialecte!","inLanguage":"de"},{"@type":"Person","@id":"https:\/\/www.rri.ro\/#\/schema\/person\/4a479940371b9fdefd194f561e8a7f88","name":"Newsroom","url":"https:\/\/www.rri.ro\/de\/author\/newsroom"}]}},"_links":{"self":[{"href":"https:\/\/www.rri.ro\/de\/wp-json\/wp\/v2\/posts\/889976","targetHints":{"allow":["GET"]}}],"collection":[{"href":"https:\/\/www.rri.ro\/de\/wp-json\/wp\/v2\/posts"}],"about":[{"href":"https:\/\/www.rri.ro\/de\/wp-json\/wp\/v2\/types\/post"}],"author":[{"embeddable":true,"href":"https:\/\/www.rri.ro\/de\/wp-json\/wp\/v2\/users\/113"}],"replies":[{"embeddable":true,"href":"https:\/\/www.rri.ro\/de\/wp-json\/wp\/v2\/comments?post=889976"}],"version-history":[{"count":0,"href":"https:\/\/www.rri.ro\/de\/wp-json\/wp\/v2\/posts\/889976\/revisions"}],"wp:featuredmedia":[{"embeddable":true,"href":"https:\/\/www.rri.ro\/de\/wp-json\/wp\/v2\/media\/723386"}],"wp:attachment":[{"href":"https:\/\/www.rri.ro\/de\/wp-json\/wp\/v2\/media?parent=889976"}],"wp:term":[{"taxonomy":"category","embeddable":true,"href":"https:\/\/www.rri.ro\/de\/wp-json\/wp\/v2\/categories?post=889976"},{"taxonomy":"post_tag","embeddable":true,"href":"https:\/\/www.rri.ro\/de\/wp-json\/wp\/v2\/tags?post=889976"},{"taxonomy":"author","embeddable":true,"href":"https:\/\/www.rri.ro\/de\/wp-json\/wp\/v2\/coauthors?post=889976"}],"curies":[{"name":"wp","href":"https:\/\/api.w.org\/{rel}","templated":true}]}}